{"id":21849,"date":"2026-04-29T06:41:58","date_gmt":"2026-04-29T09:41:58","guid":{"rendered":"https:\/\/brasilnoticias.org\/site\/?p=21849"},"modified":"2026-04-29T06:41:58","modified_gmt":"2026-04-29T09:41:58","slug":"alba-aprova-reajuste-escalonado-para-professores-da-rede-estadual-da-bahia","status":"publish","type":"post","link":"https:\/\/brasilnoticias.org\/site\/alba-aprova-reajuste-escalonado-para-professores-da-rede-estadual-da-bahia\/","title":{"rendered":"Alba aprova reajuste escalonado para professores da rede estadual da Bahia"},"content":{"rendered":"<p data-start=\"327\" data-end=\"718\">A Assembleia Legislativa da Bahia (Alba) aprovou o projeto de lei que estabelece reajuste salarial escalonado para professores da rede estadual de ensino. A proposta enviada pelo governador <span class=\"hover:entity-accent entity-underline inline cursor-pointer align-baseline\"><span class=\"whitespace-normal\">Jer\u00f4nimo Rodrigues<\/span><\/span> prev\u00ea aumento total de <strong data-start=\"578\" data-end=\"586\">5,3%<\/strong>, dividido em duas parcelas: <strong data-start=\"615\" data-end=\"647\">3,3% retroativos a fevereiro<\/strong> e mais <strong data-start=\"655\" data-end=\"679\">2% a partir de junho<\/strong>.<\/p>\n<p data-start=\"720\" data-end=\"1044\">Com a aprova\u00e7\u00e3o, o piso do magist\u00e9rio estadual para jornada de 40 horas semanais passa a acompanhar o piso nacional da categoria, fixado em <strong data-start=\"860\" data-end=\"875\">R$ 5.130,64<\/strong>, chegando a <strong data-start=\"888\" data-end=\"903\">R$ 5.233,26<\/strong> a partir de junho, valor que, segundo o governo baiano, ficar\u00e1 cerca de <strong data-start=\"976\" data-end=\"1005\">2% acima do piso nacional<\/strong>.<\/p>\n<h2 data-section-id=\"adzp59\" data-start=\"1046\" data-end=\"1091\">Oposi\u00e7\u00e3o criticou parcelamento do reajuste<\/h2>\n<p data-start=\"1093\" data-end=\"1494\">A vota\u00e7\u00e3o foi marcada por debates no plen\u00e1rio. Parlamentares da oposi\u00e7\u00e3o criticaram o formato escalonado do reajuste, defendendo que o aumento fosse concedido integralmente de uma s\u00f3 vez. Uma emenda apresentada pelo deputado <span class=\"hover:entity-accent entity-underline inline cursor-pointer align-baseline\"><span class=\"whitespace-normal\">Hilton Coelho<\/span><\/span> propunha a antecipa\u00e7\u00e3o do percentual total, mas a sugest\u00e3o foi rejeitada pela maioria dos deputados.<\/p>\n<p data-start=\"1496\" data-end=\"1758\">Durante a discuss\u00e3o, deputados oposicionistas tamb\u00e9m questionaram se o modelo adotado atende plenamente \u00e0s expectativas da categoria, principalmente em rela\u00e7\u00e3o \u00e0 reposi\u00e7\u00e3o inflacion\u00e1ria e ao impacto imediato nos vencimentos.<\/p>\n<h2 data-section-id=\"106vkqw\" data-start=\"1760\" data-end=\"1817\">Medida alcan\u00e7a ativos, aposentados e educa\u00e7\u00e3o ind\u00edgena<\/h2>\n<p data-start=\"1819\" data-end=\"2183\">O projeto contempla professores dos ensinos Fundamental e M\u00e9dio, al\u00e9m de profissionais da educa\u00e7\u00e3o ind\u00edgena. Segundo o governo, mais de <strong data-start=\"1955\" data-end=\"1991\">45 mil trabalhadores da educa\u00e7\u00e3o<\/strong>, entre ativos, aposentados e pensionistas, ser\u00e3o beneficiados pela medida. O impacto financeiro estimado \u00e9 de aproximadamente <strong data-start=\"2118\" data-end=\"2144\">R$ 276 milh\u00f5es em 2026<\/strong>.<\/p>\n<p data-start=\"2185\" data-end=\"2456\">A proposta integra a pol\u00edtica de valoriza\u00e7\u00e3o do magist\u00e9rio estadual, que tamb\u00e9m inclui acordos para assegurar paridade entre profissionais da ativa e aposentados, al\u00e9m de investimentos em forma\u00e7\u00e3o continuada e infraestrutura escolar.<\/p>\n<h2 data-section-id=\"1qvoj91\" data-start=\"2458\" data-end=\"2495\">Reajuste passa a valer ap\u00f3s san\u00e7\u00e3o<\/h2>\n<p data-start=\"2497\" data-end=\"2808\">Com a aprova\u00e7\u00e3o na Alba, o texto segue agora para san\u00e7\u00e3o do governador. A expectativa do Executivo \u00e9 que os valores retroativos sejam incorporados \u00e0 folha de pagamento j\u00e1 nas pr\u00f3ximas compet\u00eancias, iniciando a aplica\u00e7\u00e3o pr\u00e1tica do reajuste aprovado pelo Legislativo baiano.<\/p>\n","protected":false},"excerpt":{"rendered":"<p>A Assembleia Legislativa da Bahia (Alba) aprovou o projeto de lei que estabelece reajuste salarial escalonado para professores da rede<\/p>\n","protected":false},"author":4,"featured_media":21850,"comment_status":"open","ping_status":"open","sticky":false,"template":"","format":"standard","meta":{"colormag_page_container_layout":"default_layout","colormag_page_sidebar_layout":"default_layout","_FSMCFIC_featured_image_caption":"","_FSMCFIC_featured_image_nocaption":"","_FSMCFIC_featured_image_hide":"","footnotes":""},"categories":[5,1],"tags":[],"class_list":["post-21849","post","type-post","status-publish","format-standard","has-post-thumbnail","hentry","category-politica","category-ultimas"],"yoast_head":"<!-- This site is optimized with the Yoast SEO plugin v27.1.1 - https:\/\/yoast.com\/product\/yoast-seo-wordpress\/ -->\n<title>Alba aprova reajuste escalonado para professores da rede estadual da Bahia - Brasil not\u00edcias<\/title>\n<meta name=\"robots\" content=\"index, follow, max-snippet:-1, max-image-preview:large, max-video-preview:-1\" \/>\n<link rel=\"canonical\" href=\"https:\/\/brasilnoticias.org\/site\/alba-aprova-reajuste-escalonado-para-professores-da-rede-estadual-da-bahia\/\" \/>\n<meta property=\"og:locale\" content=\"pt_PT\" \/>\n<meta property=\"og:type\" content=\"article\" \/>\n<meta property=\"og:title\" content=\"Alba aprova reajuste escalonado para professores da rede estadual da Bahia - Brasil not\u00edcias\" \/>\n<meta property=\"og:description\" content=\"A Assembleia Legislativa da Bahia (Alba) aprovou o projeto de lei que estabelece reajuste salarial escalonado para professores da rede\" \/>\n<meta property=\"og:url\" content=\"https:\/\/brasilnoticias.org\/site\/alba-aprova-reajuste-escalonado-para-professores-da-rede-estadual-da-bahia\/\" \/>\n<meta property=\"og:site_name\" content=\"Brasil not\u00edcias\" \/>\n<meta property=\"article:published_time\" content=\"2026-04-29T09:41:58+00:00\" \/>\n<meta property=\"og:image\" content=\"https:\/\/brasilnoticias.org\/site\/wp-content\/uploads\/2026\/04\/181731alba-aprova-reajuste-escalonado-de-53-para-professores-estaduais-3.jpg\" \/>\n\t<meta property=\"og:image:width\" content=\"1600\" \/>\n\t<meta property=\"og:image:height\" content=\"752\" \/>\n\t<meta property=\"og:image:type\" content=\"image\/jpeg\" \/>\n<meta name=\"author\" content=\"Reda\u00e7\u00e3o\" \/>\n<meta name=\"twitter:card\" content=\"summary_large_image\" \/>\n<meta name=\"twitter:label1\" content=\"Escrito por\" \/>\n\t<meta name=\"twitter:data1\" content=\"Reda\u00e7\u00e3o\" \/>\n\t<meta name=\"twitter:label2\" content=\"Tempo estimado de leitura\" \/>\n\t<meta name=\"twitter:data2\" content=\"2 minutos\" \/>\n<script type=\"application\/ld+json\" class=\"yoast-schema-graph\">{\"@context\":\"https:\/\/schema.org\",\"@graph\":[{\"@type\":\"Article\",\"@id\":\"https:\/\/brasilnoticias.org\/site\/alba-aprova-reajuste-escalonado-para-professores-da-rede-estadual-da-bahia\/#article\",\"isPartOf\":{\"@id\":\"https:\/\/brasilnoticias.org\/site\/alba-aprova-reajuste-escalonado-para-professores-da-rede-estadual-da-bahia\/\"},\"author\":{\"name\":\"Reda\u00e7\u00e3o\",\"@id\":\"https:\/\/brasilnoticias.org\/site\/#\/schema\/person\/03bbbfe6c7634ad18c26444ea39049fa\"},\"headline\":\"Alba aprova reajuste escalonado para professores da rede estadual da Bahia\",\"datePublished\":\"2026-04-29T09:41:58+00:00\",\"mainEntityOfPage\":{\"@id\":\"https:\/\/brasilnoticias.org\/site\/alba-aprova-reajuste-escalonado-para-professores-da-rede-estadual-da-bahia\/\"},\"wordCount\":350,\"commentCount\":0,\"publisher\":{\"@id\":\"https:\/\/brasilnoticias.org\/site\/#organization\"},\"image\":{\"@id\":\"https:\/\/brasilnoticias.org\/site\/alba-aprova-reajuste-escalonado-para-professores-da-rede-estadual-da-bahia\/#primaryimage\"},\"thumbnailUrl\":\"https:\/\/brasilnoticias.org\/site\/wp-content\/uploads\/2026\/04\/181731alba-aprova-reajuste-escalonado-de-53-para-professores-estaduais-3.jpg\",\"articleSection\":[\"Pol\u00edtica\",\"\u00daltimas\"],\"inLanguage\":\"pt-PT\",\"potentialAction\":[{\"@type\":\"CommentAction\",\"name\":\"Comment\",\"target\":[\"https:\/\/brasilnoticias.org\/site\/alba-aprova-reajuste-escalonado-para-professores-da-rede-estadual-da-bahia\/#respond\"]}]},{\"@type\":\"WebPage\",\"@id\":\"https:\/\/brasilnoticias.org\/site\/alba-aprova-reajuste-escalonado-para-professores-da-rede-estadual-da-bahia\/\",\"url\":\"https:\/\/brasilnoticias.org\/site\/alba-aprova-reajuste-escalonado-para-professores-da-rede-estadual-da-bahia\/\",\"name\":\"Alba aprova reajuste escalonado para professores da rede estadual da Bahia - Brasil not\u00edcias\",\"isPartOf\":{\"@id\":\"https:\/\/brasilnoticias.org\/site\/#website\"},\"primaryImageOfPage\":{\"@id\":\"https:\/\/brasilnoticias.org\/site\/alba-aprova-reajuste-escalonado-para-professores-da-rede-estadual-da-bahia\/#primaryimage\"},\"image\":{\"@id\":\"https:\/\/brasilnoticias.org\/site\/alba-aprova-reajuste-escalonado-para-professores-da-rede-estadual-da-bahia\/#primaryimage\"},\"thumbnailUrl\":\"https:\/\/brasilnoticias.org\/site\/wp-content\/uploads\/2026\/04\/181731alba-aprova-reajuste-escalonado-de-53-para-professores-estaduais-3.jpg\",\"datePublished\":\"2026-04-29T09:41:58+00:00\",\"breadcrumb\":{\"@id\":\"https:\/\/brasilnoticias.org\/site\/alba-aprova-reajuste-escalonado-para-professores-da-rede-estadual-da-bahia\/#breadcrumb\"},\"inLanguage\":\"pt-PT\",\"potentialAction\":[{\"@type\":\"ReadAction\",\"target\":[\"https:\/\/brasilnoticias.org\/site\/alba-aprova-reajuste-escalonado-para-professores-da-rede-estadual-da-bahia\/\"]}]},{\"@type\":\"ImageObject\",\"inLanguage\":\"pt-PT\",\"@id\":\"https:\/\/brasilnoticias.org\/site\/alba-aprova-reajuste-escalonado-para-professores-da-rede-estadual-da-bahia\/#primaryimage\",\"url\":\"https:\/\/brasilnoticias.org\/site\/wp-content\/uploads\/2026\/04\/181731alba-aprova-reajuste-escalonado-de-53-para-professores-estaduais-3.jpg\",\"contentUrl\":\"https:\/\/brasilnoticias.org\/site\/wp-content\/uploads\/2026\/04\/181731alba-aprova-reajuste-escalonado-de-53-para-professores-estaduais-3.jpg\",\"width\":1600,\"height\":752,\"caption\":\"Reprodu\u00e7\u00e3o\"},{\"@type\":\"BreadcrumbList\",\"@id\":\"https:\/\/brasilnoticias.org\/site\/alba-aprova-reajuste-escalonado-para-professores-da-rede-estadual-da-bahia\/#breadcrumb\",\"itemListElement\":[{\"@type\":\"ListItem\",\"position\":1,\"name\":\"In\u00edcio\",\"item\":\"https:\/\/brasilnoticias.org\/site\/\"},{\"@type\":\"ListItem\",\"position\":2,\"name\":\"Alba aprova reajuste escalonado para professores da rede estadual da Bahia\"}]},{\"@type\":\"WebSite\",\"@id\":\"https:\/\/brasilnoticias.org\/site\/#website\",\"url\":\"https:\/\/brasilnoticias.org\/site\/\",\"name\":\"Brasil not\u00edcias\",\"description\":\"Brasil not\u00edcias\",\"publisher\":{\"@id\":\"https:\/\/brasilnoticias.org\/site\/#organization\"},\"potentialAction\":[{\"@type\":\"SearchAction\",\"target\":{\"@type\":\"EntryPoint\",\"urlTemplate\":\"https:\/\/brasilnoticias.org\/site\/?s={search_term_string}\"},\"query-input\":{\"@type\":\"PropertyValueSpecification\",\"valueRequired\":true,\"valueName\":\"search_term_string\"}}],\"inLanguage\":\"pt-PT\"},{\"@type\":\"Organization\",\"@id\":\"https:\/\/brasilnoticias.org\/site\/#organization\",\"name\":\"Brasil not\u00edcias\",\"url\":\"https:\/\/brasilnoticias.org\/site\/\",\"logo\":{\"@type\":\"ImageObject\",\"inLanguage\":\"pt-PT\",\"@id\":\"https:\/\/brasilnoticias.org\/site\/#\/schema\/logo\/image\/\",\"url\":\"https:\/\/brasilnoticias.org\/site\/wp-content\/uploads\/2022\/05\/cropped-brasilnoticias-mini.jpg\",\"contentUrl\":\"https:\/\/brasilnoticias.org\/site\/wp-content\/uploads\/2022\/05\/cropped-brasilnoticias-mini.jpg\",\"width\":314,\"height\":86,\"caption\":\"Brasil not\u00edcias\"},\"image\":{\"@id\":\"https:\/\/brasilnoticias.org\/site\/#\/schema\/logo\/image\/\"}},{\"@type\":\"Person\",\"@id\":\"https:\/\/brasilnoticias.org\/site\/#\/schema\/person\/03bbbfe6c7634ad18c26444ea39049fa\",\"name\":\"Reda\u00e7\u00e3o\",\"image\":{\"@type\":\"ImageObject\",\"inLanguage\":\"pt-PT\",\"@id\":\"https:\/\/brasilnoticias.org\/site\/#\/schema\/person\/image\/\",\"url\":\"https:\/\/secure.gravatar.com\/avatar\/9ecaf7327a696cb23ad926fedded5f1f04d7049de9e445375d55b48c001a6e42?s=96&d=mm&r=g\",\"contentUrl\":\"https:\/\/secure.gravatar.com\/avatar\/9ecaf7327a696cb23ad926fedded5f1f04d7049de9e445375d55b48c001a6e42?s=96&d=mm&r=g\",\"caption\":\"Reda\u00e7\u00e3o\"},\"url\":\"https:\/\/brasilnoticias.org\/site\/author\/henrique\/\"}]}<\/script>\n<!-- \/ Yoast SEO plugin. -->","yoast_head_json":{"title":"Alba aprova reajuste escalonado para professores da rede estadual da Bahia - Brasil not\u00edcias","robots":{"index":"index","follow":"follow","max-snippet":"max-snippet:-1","max-image-preview":"max-image-preview:large","max-video-preview":"max-video-preview:-1"},"canonical":"https:\/\/brasilnoticias.org\/site\/alba-aprova-reajuste-escalonado-para-professores-da-rede-estadual-da-bahia\/","og_locale":"pt_PT","og_type":"article","og_title":"Alba aprova reajuste escalonado para professores da rede estadual da Bahia - Brasil not\u00edcias","og_description":"A Assembleia Legislativa da Bahia (Alba) aprovou o projeto de lei que estabelece reajuste salarial escalonado para professores da rede","og_url":"https:\/\/brasilnoticias.org\/site\/alba-aprova-reajuste-escalonado-para-professores-da-rede-estadual-da-bahia\/","og_site_name":"Brasil not\u00edcias","article_published_time":"2026-04-29T09:41:58+00:00","og_image":[{"width":1600,"height":752,"url":"https:\/\/brasilnoticias.org\/site\/wp-content\/uploads\/2026\/04\/181731alba-aprova-reajuste-escalonado-de-53-para-professores-estaduais-3.jpg","type":"image\/jpeg"}],"author":"Reda\u00e7\u00e3o","twitter_card":"summary_large_image","twitter_misc":{"Escrito por":"Reda\u00e7\u00e3o","Tempo estimado de leitura":"2 minutos"},"schema":{"@context":"https:\/\/schema.org","@graph":[{"@type":"Article","@id":"https:\/\/brasilnoticias.org\/site\/alba-aprova-reajuste-escalonado-para-professores-da-rede-estadual-da-bahia\/#article","isPartOf":{"@id":"https:\/\/brasilnoticias.org\/site\/alba-aprova-reajuste-escalonado-para-professores-da-rede-estadual-da-bahia\/"},"author":{"name":"Reda\u00e7\u00e3o","@id":"https:\/\/brasilnoticias.org\/site\/#\/schema\/person\/03bbbfe6c7634ad18c26444ea39049fa"},"headline":"Alba aprova reajuste escalonado para professores da rede estadual da Bahia","datePublished":"2026-04-29T09:41:58+00:00","mainEntityOfPage":{"@id":"https:\/\/brasilnoticias.org\/site\/alba-aprova-reajuste-escalonado-para-professores-da-rede-estadual-da-bahia\/"},"wordCount":350,"commentCount":0,"publisher":{"@id":"https:\/\/brasilnoticias.org\/site\/#organization"},"image":{"@id":"https:\/\/brasilnoticias.org\/site\/alba-aprova-reajuste-escalonado-para-professores-da-rede-estadual-da-bahia\/#primaryimage"},"thumbnailUrl":"https:\/\/brasilnoticias.org\/site\/wp-content\/uploads\/2026\/04\/181731alba-aprova-reajuste-escalonado-de-53-para-professores-estaduais-3.jpg","articleSection":["Pol\u00edtica","\u00daltimas"],"inLanguage":"pt-PT","potentialAction":[{"@type":"CommentAction","name":"Comment","target":["https:\/\/brasilnoticias.org\/site\/alba-aprova-reajuste-escalonado-para-professores-da-rede-estadual-da-bahia\/#respond"]}]},{"@type":"WebPage","@id":"https:\/\/brasilnoticias.org\/site\/alba-aprova-reajuste-escalonado-para-professores-da-rede-estadual-da-bahia\/","url":"https:\/\/brasilnoticias.org\/site\/alba-aprova-reajuste-escalonado-para-professores-da-rede-estadual-da-bahia\/","name":"Alba aprova reajuste escalonado para professores da rede estadual da Bahia - Brasil not\u00edcias","isPartOf":{"@id":"https:\/\/brasilnoticias.org\/site\/#website"},"primaryImageOfPage":{"@id":"https:\/\/brasilnoticias.org\/site\/alba-aprova-reajuste-escalonado-para-professores-da-rede-estadual-da-bahia\/#primaryimage"},"image":{"@id":"https:\/\/brasilnoticias.org\/site\/alba-aprova-reajuste-escalonado-para-professores-da-rede-estadual-da-bahia\/#primaryimage"},"thumbnailUrl":"https:\/\/brasilnoticias.org\/site\/wp-content\/uploads\/2026\/04\/181731alba-aprova-reajuste-escalonado-de-53-para-professores-estaduais-3.jpg","datePublished":"2026-04-29T09:41:58+00:00","breadcrumb":{"@id":"https:\/\/brasilnoticias.org\/site\/alba-aprova-reajuste-escalonado-para-professores-da-rede-estadual-da-bahia\/#breadcrumb"},"inLanguage":"pt-PT","potentialAction":[{"@type":"ReadAction","target":["https:\/\/brasilnoticias.org\/site\/alba-aprova-reajuste-escalonado-para-professores-da-rede-estadual-da-bahia\/"]}]},{"@type":"ImageObject","inLanguage":"pt-PT","@id":"https:\/\/brasilnoticias.org\/site\/alba-aprova-reajuste-escalonado-para-professores-da-rede-estadual-da-bahia\/#primaryimage","url":"https:\/\/brasilnoticias.org\/site\/wp-content\/uploads\/2026\/04\/181731alba-aprova-reajuste-escalonado-de-53-para-professores-estaduais-3.jpg","contentUrl":"https:\/\/brasilnoticias.org\/site\/wp-content\/uploads\/2026\/04\/181731alba-aprova-reajuste-escalonado-de-53-para-professores-estaduais-3.jpg","width":1600,"height":752,"caption":"Reprodu\u00e7\u00e3o"},{"@type":"BreadcrumbList","@id":"https:\/\/brasilnoticias.org\/site\/alba-aprova-reajuste-escalonado-para-professores-da-rede-estadual-da-bahia\/#breadcrumb","itemListElement":[{"@type":"ListItem","position":1,"name":"In\u00edcio","item":"https:\/\/brasilnoticias.org\/site\/"},{"@type":"ListItem","position":2,"name":"Alba aprova reajuste escalonado para professores da rede estadual da Bahia"}]},{"@type":"WebSite","@id":"https:\/\/brasilnoticias.org\/site\/#website","url":"https:\/\/brasilnoticias.org\/site\/","name":"Brasil not\u00edcias","description":"Brasil not\u00edcias","publisher":{"@id":"https:\/\/brasilnoticias.org\/site\/#organization"},"potentialAction":[{"@type":"SearchAction","target":{"@type":"EntryPoint","urlTemplate":"https:\/\/brasilnoticias.org\/site\/?s={search_term_string}"},"query-input":{"@type":"PropertyValueSpecification","valueRequired":true,"valueName":"search_term_string"}}],"inLanguage":"pt-PT"},{"@type":"Organization","@id":"https:\/\/brasilnoticias.org\/site\/#organization","name":"Brasil not\u00edcias","url":"https:\/\/brasilnoticias.org\/site\/","logo":{"@type":"ImageObject","inLanguage":"pt-PT","@id":"https:\/\/brasilnoticias.org\/site\/#\/schema\/logo\/image\/","url":"https:\/\/brasilnoticias.org\/site\/wp-content\/uploads\/2022\/05\/cropped-brasilnoticias-mini.jpg","contentUrl":"https:\/\/brasilnoticias.org\/site\/wp-content\/uploads\/2022\/05\/cropped-brasilnoticias-mini.jpg","width":314,"height":86,"caption":"Brasil not\u00edcias"},"image":{"@id":"https:\/\/brasilnoticias.org\/site\/#\/schema\/logo\/image\/"}},{"@type":"Person","@id":"https:\/\/brasilnoticias.org\/site\/#\/schema\/person\/03bbbfe6c7634ad18c26444ea39049fa","name":"Reda\u00e7\u00e3o","image":{"@type":"ImageObject","inLanguage":"pt-PT","@id":"https:\/\/brasilnoticias.org\/site\/#\/schema\/person\/image\/","url":"https:\/\/secure.gravatar.com\/avatar\/9ecaf7327a696cb23ad926fedded5f1f04d7049de9e445375d55b48c001a6e42?s=96&d=mm&r=g","contentUrl":"https:\/\/secure.gravatar.com\/avatar\/9ecaf7327a696cb23ad926fedded5f1f04d7049de9e445375d55b48c001a6e42?s=96&d=mm&r=g","caption":"Reda\u00e7\u00e3o"},"url":"https:\/\/brasilnoticias.org\/site\/author\/henrique\/"}]}},"_links":{"self":[{"href":"https:\/\/brasilnoticias.org\/site\/wp-json\/wp\/v2\/posts\/21849","targetHints":{"allow":["GET"]}}],"collection":[{"href":"https:\/\/brasilnoticias.org\/site\/wp-json\/wp\/v2\/posts"}],"about":[{"href":"https:\/\/brasilnoticias.org\/site\/wp-json\/wp\/v2\/types\/post"}],"author":[{"embeddable":true,"href":"https:\/\/brasilnoticias.org\/site\/wp-json\/wp\/v2\/users\/4"}],"replies":[{"embeddable":true,"href":"https:\/\/brasilnoticias.org\/site\/wp-json\/wp\/v2\/comments?post=21849"}],"version-history":[{"count":1,"href":"https:\/\/brasilnoticias.org\/site\/wp-json\/wp\/v2\/posts\/21849\/revisions"}],"predecessor-version":[{"id":21851,"href":"https:\/\/brasilnoticias.org\/site\/wp-json\/wp\/v2\/posts\/21849\/revisions\/21851"}],"wp:featuredmedia":[{"embeddable":true,"href":"https:\/\/brasilnoticias.org\/site\/wp-json\/wp\/v2\/media\/21850"}],"wp:attachment":[{"href":"https:\/\/brasilnoticias.org\/site\/wp-json\/wp\/v2\/media?parent=21849"}],"wp:term":[{"taxonomy":"category","embeddable":true,"href":"https:\/\/brasilnoticias.org\/site\/wp-json\/wp\/v2\/categories?post=21849"},{"taxonomy":"post_tag","embeddable":true,"href":"https:\/\/brasilnoticias.org\/site\/wp-json\/wp\/v2\/tags?post=21849"}],"curies":[{"name":"wp","href":"https:\/\/api.w.org\/{rel}","templated":true}]}}