{"id":21852,"date":"2026-04-29T06:48:46","date_gmt":"2026-04-29T09:48:46","guid":{"rendered":"https:\/\/brasilnoticias.org\/site\/?p=21852"},"modified":"2026-04-29T06:48:46","modified_gmt":"2026-04-29T09:48:46","slug":"lula-promulga-acordo-mercosul-uniao-europeia-e-diz-que-pacto-foi-firmado-com-ferro-suor-e-sangue","status":"publish","type":"post","link":"https:\/\/brasilnoticias.org\/site\/lula-promulga-acordo-mercosul-uniao-europeia-e-diz-que-pacto-foi-firmado-com-ferro-suor-e-sangue\/","title":{"rendered":"Lula promulga acordo Mercosul-Uni\u00e3o Europeia e diz que pacto foi firmado com \u201cferro, suor e sangue\u201d"},"content":{"rendered":"<p data-start=\"365\" data-end=\"854\">O presidente <span class=\"hover:entity-accent entity-underline inline cursor-pointer align-baseline\"><span class=\"whitespace-normal\">Luiz In\u00e1cio Lula da Silva<\/span><\/span> assinou nesta ter\u00e7a-feira (28) o decreto de promulga\u00e7\u00e3o do acordo comercial entre o <span class=\"hover:entity-accent entity-underline inline cursor-pointer align-baseline\"><span class=\"whitespace-normal\">Mercosul<\/span><\/span> e a <span class=\"hover:entity-accent entity-underline inline cursor-pointer align-baseline\"><span class=\"whitespace-normal\">Uni\u00e3o Europeia<\/span><\/span>, oficializando a ades\u00e3o brasileira ao tratado ap\u00f3s d\u00e9cadas de negocia\u00e7\u00f5es. Durante a cerim\u00f4nia, Lula classificou o pacto como resultado de uma constru\u00e7\u00e3o diplom\u00e1tica dif\u00edcil e afirmou que o acordo foi firmado com \u201cferro, suor e sangue\u201d.<\/p>\n<p data-start=\"856\" data-end=\"1143\">Segundo o presidente, a assinatura representa n\u00e3o apenas um avan\u00e7o comercial, mas tamb\u00e9m uma resposta pol\u00edtica em defesa do multilateralismo e da coopera\u00e7\u00e3o internacional em um cen\u00e1rio global marcado por disputas econ\u00f4micas e medidas protecionistas.<\/p>\n<h2 data-section-id=\"qmfpx6\" data-start=\"1145\" data-end=\"1206\">Acordo encerra negocia\u00e7\u00e3o iniciada h\u00e1 mais de duas d\u00e9cadas<\/h2>\n<p data-start=\"1208\" data-end=\"1565\">As negocia\u00e7\u00f5es entre os dois blocos se arrastaram por mais de 25 anos, enfrentando entraves relacionados a tarifas agr\u00edcolas, exig\u00eancias ambientais, regras sanit\u00e1rias e interesses industriais dos pa\u00edses envolvidos. O acordo passou por diferentes fases at\u00e9 ser conclu\u00eddo e aprovado internamente pelos pa\u00edses signat\u00e1rios.<\/p>\n<p data-start=\"1567\" data-end=\"1807\">Com a promulga\u00e7\u00e3o no Brasil, a parte comercial do tratado come\u00e7a a entrar em vigor de forma provis\u00f3ria a partir de 1\u00ba de maio, com implementa\u00e7\u00e3o gradual das regras para adapta\u00e7\u00e3o dos setores econ\u00f4micos.<\/p>\n<h2 data-section-id=\"1bvkoxp\" data-start=\"1809\" data-end=\"1876\">Livre com\u00e9rcio deve ampliar mercado para exporta\u00e7\u00f5es brasileiras<\/h2>\n<p data-start=\"1878\" data-end=\"2260\">O pacto cria uma das maiores \u00e1reas de livre com\u00e9rcio do mundo, reunindo mercados que somam cerca de US$ 22 trilh\u00f5es em Produto Interno Bruto. A previs\u00e3o \u00e9 de redu\u00e7\u00e3o progressiva de tarifas de importa\u00e7\u00e3o para a maior parte dos produtos comercializados entre os blocos, favorecendo setores como agroneg\u00f3cio, ind\u00fastria de transforma\u00e7\u00e3o e servi\u00e7os.<\/p>\n<p data-start=\"2262\" data-end=\"2650\">Especialistas avaliam que o acordo pode ampliar a competitividade dos produtos brasileiros no mercado europeu, al\u00e9m de atrair investimentos e fortalecer a posi\u00e7\u00e3o do Brasil nas cadeias globais de com\u00e9rcio. Por outro lado, setores mais sens\u00edveis da economia ainda discutem mecanismos de prote\u00e7\u00e3o e adapta\u00e7\u00e3o diante da maior concorr\u00eancia internacional.<\/p>\n<h2 data-section-id=\"10u0zc9\" data-start=\"2652\" data-end=\"2697\">Governo trata pacto como marco diplom\u00e1tico<\/h2>\n<p data-start=\"2699\" data-end=\"3121\">Ao defender o tratado, Lula afirmou que o Brasil buscou negociar em condi\u00e7\u00f5es de igualdade e refor\u00e7ou que o pa\u00eds n\u00e3o aceita papel subordinado nas rela\u00e7\u00f5es comerciais internacionais. O governo trata a promulga\u00e7\u00e3o como um marco diplom\u00e1tico e econ\u00f4mico, apostando no acordo como instrumento para impulsionar crescimento, ampliar exporta\u00e7\u00f5es e refor\u00e7ar alian\u00e7as estrat\u00e9gicas com a Europa.<\/p>\n","protected":false},"excerpt":{"rendered":"<p>O presidente Luiz In\u00e1cio Lula da Silva assinou nesta ter\u00e7a-feira (28) o decreto de promulga\u00e7\u00e3o do acordo comercial entre o<\/p>\n","protected":false},"author":4,"featured_media":21853,"comment_status":"open","ping_status":"open","sticky":false,"template":"","format":"standard","meta":{"colormag_page_container_layout":"default_layout","colormag_page_sidebar_layout":"default_layout","_FSMCFIC_featured_image_caption":"","_FSMCFIC_featured_image_nocaption":"","_FSMCFIC_featured_image_hide":"","footnotes":""},"categories":[5,1],"tags":[],"class_list":["post-21852","post","type-post","status-publish","format-standard","has-post-thumbnail","hentry","category-politica","category-ultimas"],"yoast_head":"<!-- This site is optimized with the Yoast SEO plugin v27.1.1 - https:\/\/yoast.com\/product\/yoast-seo-wordpress\/ -->\n<title>Lula promulga acordo Mercosul-Uni\u00e3o Europeia e diz que pacto foi firmado com \u201cferro, suor e sangue\u201d - Brasil not\u00edcias<\/title>\n<meta name=\"robots\" content=\"index, follow, max-snippet:-1, max-image-preview:large, max-video-preview:-1\" \/>\n<link rel=\"canonical\" href=\"https:\/\/brasilnoticias.org\/site\/lula-promulga-acordo-mercosul-uniao-europeia-e-diz-que-pacto-foi-firmado-com-ferro-suor-e-sangue\/\" \/>\n<meta property=\"og:locale\" content=\"pt_PT\" \/>\n<meta property=\"og:type\" content=\"article\" \/>\n<meta property=\"og:title\" content=\"Lula promulga acordo Mercosul-Uni\u00e3o Europeia e diz que pacto foi firmado com \u201cferro, suor e sangue\u201d - Brasil not\u00edcias\" \/>\n<meta property=\"og:description\" content=\"O presidente Luiz In\u00e1cio Lula da Silva assinou nesta ter\u00e7a-feira (28) o decreto de promulga\u00e7\u00e3o do acordo comercial entre o\" \/>\n<meta property=\"og:url\" content=\"https:\/\/brasilnoticias.org\/site\/lula-promulga-acordo-mercosul-uniao-europeia-e-diz-que-pacto-foi-firmado-com-ferro-suor-e-sangue\/\" \/>\n<meta property=\"og:site_name\" content=\"Brasil not\u00edcias\" \/>\n<meta property=\"article:published_time\" content=\"2026-04-29T09:48:46+00:00\" \/>\n<meta property=\"og:image\" content=\"https:\/\/brasilnoticias.org\/site\/wp-content\/uploads\/2026\/04\/IMAGEM_NOTICIA_9-7.webp\" \/>\n\t<meta property=\"og:image:width\" content=\"1200\" \/>\n\t<meta property=\"og:image:height\" content=\"630\" \/>\n\t<meta property=\"og:image:type\" content=\"image\/webp\" \/>\n<meta name=\"author\" content=\"Reda\u00e7\u00e3o\" \/>\n<meta name=\"twitter:card\" content=\"summary_large_image\" \/>\n<meta name=\"twitter:label1\" content=\"Escrito por\" \/>\n\t<meta name=\"twitter:data1\" content=\"Reda\u00e7\u00e3o\" \/>\n\t<meta name=\"twitter:label2\" content=\"Tempo estimado de leitura\" \/>\n\t<meta name=\"twitter:data2\" content=\"3 minutos\" \/>\n<script type=\"application\/ld+json\" class=\"yoast-schema-graph\">{\"@context\":\"https:\/\/schema.org\",\"@graph\":[{\"@type\":\"Article\",\"@id\":\"https:\/\/brasilnoticias.org\/site\/lula-promulga-acordo-mercosul-uniao-europeia-e-diz-que-pacto-foi-firmado-com-ferro-suor-e-sangue\/#article\",\"isPartOf\":{\"@id\":\"https:\/\/brasilnoticias.org\/site\/lula-promulga-acordo-mercosul-uniao-europeia-e-diz-que-pacto-foi-firmado-com-ferro-suor-e-sangue\/\"},\"author\":{\"name\":\"Reda\u00e7\u00e3o\",\"@id\":\"https:\/\/brasilnoticias.org\/site\/#\/schema\/person\/03bbbfe6c7634ad18c26444ea39049fa\"},\"headline\":\"Lula promulga acordo Mercosul-Uni\u00e3o Europeia e diz que pacto foi firmado com \u201cferro, suor e sangue\u201d\",\"datePublished\":\"2026-04-29T09:48:46+00:00\",\"mainEntityOfPage\":{\"@id\":\"https:\/\/brasilnoticias.org\/site\/lula-promulga-acordo-mercosul-uniao-europeia-e-diz-que-pacto-foi-firmado-com-ferro-suor-e-sangue\/\"},\"wordCount\":435,\"commentCount\":0,\"publisher\":{\"@id\":\"https:\/\/brasilnoticias.org\/site\/#organization\"},\"image\":{\"@id\":\"https:\/\/brasilnoticias.org\/site\/lula-promulga-acordo-mercosul-uniao-europeia-e-diz-que-pacto-foi-firmado-com-ferro-suor-e-sangue\/#primaryimage\"},\"thumbnailUrl\":\"https:\/\/brasilnoticias.org\/site\/wp-content\/uploads\/2026\/04\/IMAGEM_NOTICIA_9-7.webp\",\"articleSection\":[\"Pol\u00edtica\",\"\u00daltimas\"],\"inLanguage\":\"pt-PT\",\"potentialAction\":[{\"@type\":\"CommentAction\",\"name\":\"Comment\",\"target\":[\"https:\/\/brasilnoticias.org\/site\/lula-promulga-acordo-mercosul-uniao-europeia-e-diz-que-pacto-foi-firmado-com-ferro-suor-e-sangue\/#respond\"]}]},{\"@type\":\"WebPage\",\"@id\":\"https:\/\/brasilnoticias.org\/site\/lula-promulga-acordo-mercosul-uniao-europeia-e-diz-que-pacto-foi-firmado-com-ferro-suor-e-sangue\/\",\"url\":\"https:\/\/brasilnoticias.org\/site\/lula-promulga-acordo-mercosul-uniao-europeia-e-diz-que-pacto-foi-firmado-com-ferro-suor-e-sangue\/\",\"name\":\"Lula promulga acordo Mercosul-Uni\u00e3o Europeia e diz que pacto foi firmado com \u201cferro, suor e sangue\u201d - Brasil not\u00edcias\",\"isPartOf\":{\"@id\":\"https:\/\/brasilnoticias.org\/site\/#website\"},\"primaryImageOfPage\":{\"@id\":\"https:\/\/brasilnoticias.org\/site\/lula-promulga-acordo-mercosul-uniao-europeia-e-diz-que-pacto-foi-firmado-com-ferro-suor-e-sangue\/#primaryimage\"},\"image\":{\"@id\":\"https:\/\/brasilnoticias.org\/site\/lula-promulga-acordo-mercosul-uniao-europeia-e-diz-que-pacto-foi-firmado-com-ferro-suor-e-sangue\/#primaryimage\"},\"thumbnailUrl\":\"https:\/\/brasilnoticias.org\/site\/wp-content\/uploads\/2026\/04\/IMAGEM_NOTICIA_9-7.webp\",\"datePublished\":\"2026-04-29T09:48:46+00:00\",\"breadcrumb\":{\"@id\":\"https:\/\/brasilnoticias.org\/site\/lula-promulga-acordo-mercosul-uniao-europeia-e-diz-que-pacto-foi-firmado-com-ferro-suor-e-sangue\/#breadcrumb\"},\"inLanguage\":\"pt-PT\",\"potentialAction\":[{\"@type\":\"ReadAction\",\"target\":[\"https:\/\/brasilnoticias.org\/site\/lula-promulga-acordo-mercosul-uniao-europeia-e-diz-que-pacto-foi-firmado-com-ferro-suor-e-sangue\/\"]}]},{\"@type\":\"ImageObject\",\"inLanguage\":\"pt-PT\",\"@id\":\"https:\/\/brasilnoticias.org\/site\/lula-promulga-acordo-mercosul-uniao-europeia-e-diz-que-pacto-foi-firmado-com-ferro-suor-e-sangue\/#primaryimage\",\"url\":\"https:\/\/brasilnoticias.org\/site\/wp-content\/uploads\/2026\/04\/IMAGEM_NOTICIA_9-7.webp\",\"contentUrl\":\"https:\/\/brasilnoticias.org\/site\/wp-content\/uploads\/2026\/04\/IMAGEM_NOTICIA_9-7.webp\",\"width\":1200,\"height\":630,\"caption\":\"Jo\u00e9dson Alves\/Ag\u00eancia Brasil\"},{\"@type\":\"BreadcrumbList\",\"@id\":\"https:\/\/brasilnoticias.org\/site\/lula-promulga-acordo-mercosul-uniao-europeia-e-diz-que-pacto-foi-firmado-com-ferro-suor-e-sangue\/#breadcrumb\",\"itemListElement\":[{\"@type\":\"ListItem\",\"position\":1,\"name\":\"In\u00edcio\",\"item\":\"https:\/\/brasilnoticias.org\/site\/\"},{\"@type\":\"ListItem\",\"position\":2,\"name\":\"Lula promulga acordo Mercosul-Uni\u00e3o Europeia e diz que pacto foi firmado com \u201cferro, suor e sangue\u201d\"}]},{\"@type\":\"WebSite\",\"@id\":\"https:\/\/brasilnoticias.org\/site\/#website\",\"url\":\"https:\/\/brasilnoticias.org\/site\/\",\"name\":\"Brasil not\u00edcias\",\"description\":\"Brasil not\u00edcias\",\"publisher\":{\"@id\":\"https:\/\/brasilnoticias.org\/site\/#organization\"},\"potentialAction\":[{\"@type\":\"SearchAction\",\"target\":{\"@type\":\"EntryPoint\",\"urlTemplate\":\"https:\/\/brasilnoticias.org\/site\/?s={search_term_string}\"},\"query-input\":{\"@type\":\"PropertyValueSpecification\",\"valueRequired\":true,\"valueName\":\"search_term_string\"}}],\"inLanguage\":\"pt-PT\"},{\"@type\":\"Organization\",\"@id\":\"https:\/\/brasilnoticias.org\/site\/#organization\",\"name\":\"Brasil not\u00edcias\",\"url\":\"https:\/\/brasilnoticias.org\/site\/\",\"logo\":{\"@type\":\"ImageObject\",\"inLanguage\":\"pt-PT\",\"@id\":\"https:\/\/brasilnoticias.org\/site\/#\/schema\/logo\/image\/\",\"url\":\"https:\/\/brasilnoticias.org\/site\/wp-content\/uploads\/2022\/05\/cropped-brasilnoticias-mini.jpg\",\"contentUrl\":\"https:\/\/brasilnoticias.org\/site\/wp-content\/uploads\/2022\/05\/cropped-brasilnoticias-mini.jpg\",\"width\":314,\"height\":86,\"caption\":\"Brasil not\u00edcias\"},\"image\":{\"@id\":\"https:\/\/brasilnoticias.org\/site\/#\/schema\/logo\/image\/\"}},{\"@type\":\"Person\",\"@id\":\"https:\/\/brasilnoticias.org\/site\/#\/schema\/person\/03bbbfe6c7634ad18c26444ea39049fa\",\"name\":\"Reda\u00e7\u00e3o\",\"image\":{\"@type\":\"ImageObject\",\"inLanguage\":\"pt-PT\",\"@id\":\"https:\/\/brasilnoticias.org\/site\/#\/schema\/person\/image\/\",\"url\":\"https:\/\/secure.gravatar.com\/avatar\/9ecaf7327a696cb23ad926fedded5f1f04d7049de9e445375d55b48c001a6e42?s=96&d=mm&r=g\",\"contentUrl\":\"https:\/\/secure.gravatar.com\/avatar\/9ecaf7327a696cb23ad926fedded5f1f04d7049de9e445375d55b48c001a6e42?s=96&d=mm&r=g\",\"caption\":\"Reda\u00e7\u00e3o\"},\"url\":\"https:\/\/brasilnoticias.org\/site\/author\/henrique\/\"}]}<\/script>\n<!-- \/ Yoast SEO plugin. -->","yoast_head_json":{"title":"Lula promulga acordo Mercosul-Uni\u00e3o Europeia e diz que pacto foi firmado com \u201cferro, suor e sangue\u201d - Brasil not\u00edcias","robots":{"index":"index","follow":"follow","max-snippet":"max-snippet:-1","max-image-preview":"max-image-preview:large","max-video-preview":"max-video-preview:-1"},"canonical":"https:\/\/brasilnoticias.org\/site\/lula-promulga-acordo-mercosul-uniao-europeia-e-diz-que-pacto-foi-firmado-com-ferro-suor-e-sangue\/","og_locale":"pt_PT","og_type":"article","og_title":"Lula promulga acordo Mercosul-Uni\u00e3o Europeia e diz que pacto foi firmado com \u201cferro, suor e sangue\u201d - Brasil not\u00edcias","og_description":"O presidente Luiz In\u00e1cio Lula da Silva assinou nesta ter\u00e7a-feira (28) o decreto de promulga\u00e7\u00e3o do acordo comercial entre o","og_url":"https:\/\/brasilnoticias.org\/site\/lula-promulga-acordo-mercosul-uniao-europeia-e-diz-que-pacto-foi-firmado-com-ferro-suor-e-sangue\/","og_site_name":"Brasil not\u00edcias","article_published_time":"2026-04-29T09:48:46+00:00","og_image":[{"width":1200,"height":630,"url":"https:\/\/brasilnoticias.org\/site\/wp-content\/uploads\/2026\/04\/IMAGEM_NOTICIA_9-7.webp","type":"image\/webp"}],"author":"Reda\u00e7\u00e3o","twitter_card":"summary_large_image","twitter_misc":{"Escrito por":"Reda\u00e7\u00e3o","Tempo estimado de leitura":"3 minutos"},"schema":{"@context":"https:\/\/schema.org","@graph":[{"@type":"Article","@id":"https:\/\/brasilnoticias.org\/site\/lula-promulga-acordo-mercosul-uniao-europeia-e-diz-que-pacto-foi-firmado-com-ferro-suor-e-sangue\/#article","isPartOf":{"@id":"https:\/\/brasilnoticias.org\/site\/lula-promulga-acordo-mercosul-uniao-europeia-e-diz-que-pacto-foi-firmado-com-ferro-suor-e-sangue\/"},"author":{"name":"Reda\u00e7\u00e3o","@id":"https:\/\/brasilnoticias.org\/site\/#\/schema\/person\/03bbbfe6c7634ad18c26444ea39049fa"},"headline":"Lula promulga acordo Mercosul-Uni\u00e3o Europeia e diz que pacto foi firmado com \u201cferro, suor e sangue\u201d","datePublished":"2026-04-29T09:48:46+00:00","mainEntityOfPage":{"@id":"https:\/\/brasilnoticias.org\/site\/lula-promulga-acordo-mercosul-uniao-europeia-e-diz-que-pacto-foi-firmado-com-ferro-suor-e-sangue\/"},"wordCount":435,"commentCount":0,"publisher":{"@id":"https:\/\/brasilnoticias.org\/site\/#organization"},"image":{"@id":"https:\/\/brasilnoticias.org\/site\/lula-promulga-acordo-mercosul-uniao-europeia-e-diz-que-pacto-foi-firmado-com-ferro-suor-e-sangue\/#primaryimage"},"thumbnailUrl":"https:\/\/brasilnoticias.org\/site\/wp-content\/uploads\/2026\/04\/IMAGEM_NOTICIA_9-7.webp","articleSection":["Pol\u00edtica","\u00daltimas"],"inLanguage":"pt-PT","potentialAction":[{"@type":"CommentAction","name":"Comment","target":["https:\/\/brasilnoticias.org\/site\/lula-promulga-acordo-mercosul-uniao-europeia-e-diz-que-pacto-foi-firmado-com-ferro-suor-e-sangue\/#respond"]}]},{"@type":"WebPage","@id":"https:\/\/brasilnoticias.org\/site\/lula-promulga-acordo-mercosul-uniao-europeia-e-diz-que-pacto-foi-firmado-com-ferro-suor-e-sangue\/","url":"https:\/\/brasilnoticias.org\/site\/lula-promulga-acordo-mercosul-uniao-europeia-e-diz-que-pacto-foi-firmado-com-ferro-suor-e-sangue\/","name":"Lula promulga acordo Mercosul-Uni\u00e3o Europeia e diz que pacto foi firmado com \u201cferro, suor e sangue\u201d - Brasil not\u00edcias","isPartOf":{"@id":"https:\/\/brasilnoticias.org\/site\/#website"},"primaryImageOfPage":{"@id":"https:\/\/brasilnoticias.org\/site\/lula-promulga-acordo-mercosul-uniao-europeia-e-diz-que-pacto-foi-firmado-com-ferro-suor-e-sangue\/#primaryimage"},"image":{"@id":"https:\/\/brasilnoticias.org\/site\/lula-promulga-acordo-mercosul-uniao-europeia-e-diz-que-pacto-foi-firmado-com-ferro-suor-e-sangue\/#primaryimage"},"thumbnailUrl":"https:\/\/brasilnoticias.org\/site\/wp-content\/uploads\/2026\/04\/IMAGEM_NOTICIA_9-7.webp","datePublished":"2026-04-29T09:48:46+00:00","breadcrumb":{"@id":"https:\/\/brasilnoticias.org\/site\/lula-promulga-acordo-mercosul-uniao-europeia-e-diz-que-pacto-foi-firmado-com-ferro-suor-e-sangue\/#breadcrumb"},"inLanguage":"pt-PT","potentialAction":[{"@type":"ReadAction","target":["https:\/\/brasilnoticias.org\/site\/lula-promulga-acordo-mercosul-uniao-europeia-e-diz-que-pacto-foi-firmado-com-ferro-suor-e-sangue\/"]}]},{"@type":"ImageObject","inLanguage":"pt-PT","@id":"https:\/\/brasilnoticias.org\/site\/lula-promulga-acordo-mercosul-uniao-europeia-e-diz-que-pacto-foi-firmado-com-ferro-suor-e-sangue\/#primaryimage","url":"https:\/\/brasilnoticias.org\/site\/wp-content\/uploads\/2026\/04\/IMAGEM_NOTICIA_9-7.webp","contentUrl":"https:\/\/brasilnoticias.org\/site\/wp-content\/uploads\/2026\/04\/IMAGEM_NOTICIA_9-7.webp","width":1200,"height":630,"caption":"Jo\u00e9dson Alves\/Ag\u00eancia Brasil"},{"@type":"BreadcrumbList","@id":"https:\/\/brasilnoticias.org\/site\/lula-promulga-acordo-mercosul-uniao-europeia-e-diz-que-pacto-foi-firmado-com-ferro-suor-e-sangue\/#breadcrumb","itemListElement":[{"@type":"ListItem","position":1,"name":"In\u00edcio","item":"https:\/\/brasilnoticias.org\/site\/"},{"@type":"ListItem","position":2,"name":"Lula promulga acordo Mercosul-Uni\u00e3o Europeia e diz que pacto foi firmado com \u201cferro, suor e sangue\u201d"}]},{"@type":"WebSite","@id":"https:\/\/brasilnoticias.org\/site\/#website","url":"https:\/\/brasilnoticias.org\/site\/","name":"Brasil not\u00edcias","description":"Brasil not\u00edcias","publisher":{"@id":"https:\/\/brasilnoticias.org\/site\/#organization"},"potentialAction":[{"@type":"SearchAction","target":{"@type":"EntryPoint","urlTemplate":"https:\/\/brasilnoticias.org\/site\/?s={search_term_string}"},"query-input":{"@type":"PropertyValueSpecification","valueRequired":true,"valueName":"search_term_string"}}],"inLanguage":"pt-PT"},{"@type":"Organization","@id":"https:\/\/brasilnoticias.org\/site\/#organization","name":"Brasil not\u00edcias","url":"https:\/\/brasilnoticias.org\/site\/","logo":{"@type":"ImageObject","inLanguage":"pt-PT","@id":"https:\/\/brasilnoticias.org\/site\/#\/schema\/logo\/image\/","url":"https:\/\/brasilnoticias.org\/site\/wp-content\/uploads\/2022\/05\/cropped-brasilnoticias-mini.jpg","contentUrl":"https:\/\/brasilnoticias.org\/site\/wp-content\/uploads\/2022\/05\/cropped-brasilnoticias-mini.jpg","width":314,"height":86,"caption":"Brasil not\u00edcias"},"image":{"@id":"https:\/\/brasilnoticias.org\/site\/#\/schema\/logo\/image\/"}},{"@type":"Person","@id":"https:\/\/brasilnoticias.org\/site\/#\/schema\/person\/03bbbfe6c7634ad18c26444ea39049fa","name":"Reda\u00e7\u00e3o","image":{"@type":"ImageObject","inLanguage":"pt-PT","@id":"https:\/\/brasilnoticias.org\/site\/#\/schema\/person\/image\/","url":"https:\/\/secure.gravatar.com\/avatar\/9ecaf7327a696cb23ad926fedded5f1f04d7049de9e445375d55b48c001a6e42?s=96&d=mm&r=g","contentUrl":"https:\/\/secure.gravatar.com\/avatar\/9ecaf7327a696cb23ad926fedded5f1f04d7049de9e445375d55b48c001a6e42?s=96&d=mm&r=g","caption":"Reda\u00e7\u00e3o"},"url":"https:\/\/brasilnoticias.org\/site\/author\/henrique\/"}]}},"_links":{"self":[{"href":"https:\/\/brasilnoticias.org\/site\/wp-json\/wp\/v2\/posts\/21852","targetHints":{"allow":["GET"]}}],"collection":[{"href":"https:\/\/brasilnoticias.org\/site\/wp-json\/wp\/v2\/posts"}],"about":[{"href":"https:\/\/brasilnoticias.org\/site\/wp-json\/wp\/v2\/types\/post"}],"author":[{"embeddable":true,"href":"https:\/\/brasilnoticias.org\/site\/wp-json\/wp\/v2\/users\/4"}],"replies":[{"embeddable":true,"href":"https:\/\/brasilnoticias.org\/site\/wp-json\/wp\/v2\/comments?post=21852"}],"version-history":[{"count":1,"href":"https:\/\/brasilnoticias.org\/site\/wp-json\/wp\/v2\/posts\/21852\/revisions"}],"predecessor-version":[{"id":21854,"href":"https:\/\/brasilnoticias.org\/site\/wp-json\/wp\/v2\/posts\/21852\/revisions\/21854"}],"wp:featuredmedia":[{"embeddable":true,"href":"https:\/\/brasilnoticias.org\/site\/wp-json\/wp\/v2\/media\/21853"}],"wp:attachment":[{"href":"https:\/\/brasilnoticias.org\/site\/wp-json\/wp\/v2\/media?parent=21852"}],"wp:term":[{"taxonomy":"category","embeddable":true,"href":"https:\/\/brasilnoticias.org\/site\/wp-json\/wp\/v2\/categories?post=21852"},{"taxonomy":"post_tag","embeddable":true,"href":"https:\/\/brasilnoticias.org\/site\/wp-json\/wp\/v2\/tags?post=21852"}],"curies":[{"name":"wp","href":"https:\/\/api.w.org\/{rel}","templated":true}]}}