{"id":21855,"date":"2026-04-29T06:55:20","date_gmt":"2026-04-29T09:55:20","guid":{"rendered":"https:\/\/brasilnoticias.org\/site\/?p=21855"},"modified":"2026-04-29T06:55:20","modified_gmt":"2026-04-29T09:55:20","slug":"brasil-reduz-em-42-as-perdas-florestais-em-2025-aponta-estudo","status":"publish","type":"post","link":"https:\/\/brasilnoticias.org\/site\/brasil-reduz-em-42-as-perdas-florestais-em-2025-aponta-estudo\/","title":{"rendered":"Brasil reduz em 42% as perdas florestais em 2025, aponta estudo"},"content":{"rendered":"<p data-start=\"337\" data-end=\"749\">O Brasil registrou uma redu\u00e7\u00e3o de <strong data-start=\"371\" data-end=\"408\">42% nas perdas florestais em 2025<\/strong>, segundo levantamento divulgado nesta semana e repercutido pela <span class=\"hover:entity-accent entity-underline inline cursor-pointer align-baseline\"><span class=\"whitespace-normal\">Ag\u00eancia Brasil<\/span><\/span>. O dado representa uma queda expressiva na supress\u00e3o de vegeta\u00e7\u00e3o nativa em compara\u00e7\u00e3o com o ano anterior e \u00e9 visto como um indicativo de avan\u00e7o nas pol\u00edticas de monitoramento e preserva\u00e7\u00e3o ambiental.<\/p>\n<p data-start=\"751\" data-end=\"1235\">De acordo com o estudo, a diminui\u00e7\u00e3o foi observada em diferentes biomas brasileiros, com destaque para \u00e1reas que historicamente concentram altos \u00edndices de desmatamento, como a <span class=\"hover:entity-accent entity-underline inline cursor-pointer align-baseline\"><span class=\"whitespace-normal\">Amaz\u00f4nia<\/span><\/span> e o <span class=\"hover:entity-accent entity-underline inline cursor-pointer align-baseline\"><span class=\"whitespace-normal\">Cerrado<\/span><\/span>. Especialistas apontam que o refor\u00e7o da fiscaliza\u00e7\u00e3o, opera\u00e7\u00f5es de combate a crimes ambientais e o uso de tecnologia de monitoramento via sat\u00e9lite contribu\u00edram diretamente para o resultado.<\/p>\n<h2 data-section-id=\"1tj67oy\" data-start=\"1237\" data-end=\"1278\">Queda refor\u00e7a agenda ambiental do pa\u00eds<\/h2>\n<p data-start=\"1280\" data-end=\"1621\">A redu\u00e7\u00e3o nas perdas florestais ocorre em um momento em que o Brasil tenta fortalecer sua posi\u00e7\u00e3o internacional nas discuss\u00f5es sobre clima e sustentabilidade. O controle do desmatamento tem sido uma das principais metas do governo federal dentro dos compromissos assumidos em acordos clim\u00e1ticos globais.<\/p>\n<p data-start=\"1623\" data-end=\"1929\">Al\u00e9m do impacto ambiental positivo, a preserva\u00e7\u00e3o florestal tamb\u00e9m influencia diretamente a manuten\u00e7\u00e3o da biodiversidade, a regula\u00e7\u00e3o do ciclo das chuvas e o equil\u00edbrio clim\u00e1tico, fatores considerados estrat\u00e9gicos para a agricultura e para a seguran\u00e7a h\u00eddrica do pa\u00eds.<\/p>\n<h2 data-section-id=\"1jrikq4\" data-start=\"1931\" data-end=\"1954\">Desafio segue grande<\/h2>\n<p data-start=\"1956\" data-end=\"2246\">Apesar da queda registrada, especialistas alertam que o cen\u00e1rio ainda exige aten\u00e7\u00e3o. Press\u00f5es ligadas \u00e0 expans\u00e3o agropecu\u00e1ria, queimadas ilegais e ocupa\u00e7\u00e3o irregular de terras continuam entre os principais desafios para a conserva\u00e7\u00e3o ambiental no pa\u00eds.<\/p>\n<p data-start=\"2248\" data-end=\"2516\">A expectativa \u00e9 de que o pa\u00eds mantenha o refor\u00e7o nas pol\u00edticas de preven\u00e7\u00e3o, fiscaliza\u00e7\u00e3o e recupera\u00e7\u00e3o de \u00e1reas degradadas para consolidar a tend\u00eancia de redu\u00e7\u00e3o e avan\u00e7ar nas metas ambientais estabelecidas para os pr\u00f3ximos anos.<\/p>\n","protected":false},"excerpt":{"rendered":"<p>O Brasil registrou uma redu\u00e7\u00e3o de 42% nas perdas florestais em 2025, segundo levantamento divulgado nesta semana e repercutido pela<\/p>\n","protected":false},"author":4,"featured_media":21856,"comment_status":"open","ping_status":"open","sticky":false,"template":"","format":"standard","meta":{"colormag_page_container_layout":"default_layout","colormag_page_sidebar_layout":"default_layout","_FSMCFIC_featured_image_caption":"","_FSMCFIC_featured_image_nocaption":"","_FSMCFIC_featured_image_hide":"","footnotes":""},"categories":[2,1],"tags":[],"class_list":["post-21855","post","type-post","status-publish","format-standard","has-post-thumbnail","hentry","category-noticias","category-ultimas"],"yoast_head":"<!-- This site is optimized with the Yoast SEO plugin v27.1.1 - https:\/\/yoast.com\/product\/yoast-seo-wordpress\/ -->\n<title>Brasil reduz em 42% as perdas florestais em 2025, aponta estudo - Brasil not\u00edcias<\/title>\n<meta name=\"robots\" content=\"index, follow, max-snippet:-1, max-image-preview:large, max-video-preview:-1\" \/>\n<link rel=\"canonical\" href=\"https:\/\/brasilnoticias.org\/site\/brasil-reduz-em-42-as-perdas-florestais-em-2025-aponta-estudo\/\" \/>\n<meta property=\"og:locale\" content=\"pt_PT\" \/>\n<meta property=\"og:type\" content=\"article\" \/>\n<meta property=\"og:title\" content=\"Brasil reduz em 42% as perdas florestais em 2025, aponta estudo - Brasil not\u00edcias\" \/>\n<meta property=\"og:description\" content=\"O Brasil registrou uma redu\u00e7\u00e3o de 42% nas perdas florestais em 2025, segundo levantamento divulgado nesta semana e repercutido pela\" \/>\n<meta property=\"og:url\" content=\"https:\/\/brasilnoticias.org\/site\/brasil-reduz-em-42-as-perdas-florestais-em-2025-aponta-estudo\/\" \/>\n<meta property=\"og:site_name\" content=\"Brasil not\u00edcias\" \/>\n<meta property=\"article:published_time\" content=\"2026-04-29T09:55:20+00:00\" \/>\n<meta property=\"og:image\" content=\"https:\/\/brasilnoticias.org\/site\/wp-content\/uploads\/2026\/04\/dji_0739.webp\" \/>\n\t<meta property=\"og:image:width\" content=\"1170\" \/>\n\t<meta property=\"og:image:height\" content=\"700\" \/>\n\t<meta property=\"og:image:type\" content=\"image\/webp\" \/>\n<meta name=\"author\" content=\"Reda\u00e7\u00e3o\" \/>\n<meta name=\"twitter:card\" content=\"summary_large_image\" \/>\n<meta name=\"twitter:label1\" content=\"Escrito por\" \/>\n\t<meta name=\"twitter:data1\" content=\"Reda\u00e7\u00e3o\" \/>\n\t<meta name=\"twitter:label2\" content=\"Tempo estimado de leitura\" \/>\n\t<meta name=\"twitter:data2\" content=\"2 minutos\" \/>\n<script type=\"application\/ld+json\" class=\"yoast-schema-graph\">{\"@context\":\"https:\/\/schema.org\",\"@graph\":[{\"@type\":\"Article\",\"@id\":\"https:\/\/brasilnoticias.org\/site\/brasil-reduz-em-42-as-perdas-florestais-em-2025-aponta-estudo\/#article\",\"isPartOf\":{\"@id\":\"https:\/\/brasilnoticias.org\/site\/brasil-reduz-em-42-as-perdas-florestais-em-2025-aponta-estudo\/\"},\"author\":{\"name\":\"Reda\u00e7\u00e3o\",\"@id\":\"https:\/\/brasilnoticias.org\/site\/#\/schema\/person\/03bbbfe6c7634ad18c26444ea39049fa\"},\"headline\":\"Brasil reduz em 42% as perdas florestais em 2025, aponta estudo\",\"datePublished\":\"2026-04-29T09:55:20+00:00\",\"mainEntityOfPage\":{\"@id\":\"https:\/\/brasilnoticias.org\/site\/brasil-reduz-em-42-as-perdas-florestais-em-2025-aponta-estudo\/\"},\"wordCount\":328,\"commentCount\":0,\"publisher\":{\"@id\":\"https:\/\/brasilnoticias.org\/site\/#organization\"},\"image\":{\"@id\":\"https:\/\/brasilnoticias.org\/site\/brasil-reduz-em-42-as-perdas-florestais-em-2025-aponta-estudo\/#primaryimage\"},\"thumbnailUrl\":\"https:\/\/brasilnoticias.org\/site\/wp-content\/uploads\/2026\/04\/dji_0739.webp\",\"articleSection\":[\"Not\u00edcias\",\"\u00daltimas\"],\"inLanguage\":\"pt-PT\",\"potentialAction\":[{\"@type\":\"CommentAction\",\"name\":\"Comment\",\"target\":[\"https:\/\/brasilnoticias.org\/site\/brasil-reduz-em-42-as-perdas-florestais-em-2025-aponta-estudo\/#respond\"]}]},{\"@type\":\"WebPage\",\"@id\":\"https:\/\/brasilnoticias.org\/site\/brasil-reduz-em-42-as-perdas-florestais-em-2025-aponta-estudo\/\",\"url\":\"https:\/\/brasilnoticias.org\/site\/brasil-reduz-em-42-as-perdas-florestais-em-2025-aponta-estudo\/\",\"name\":\"Brasil reduz em 42% as perdas florestais em 2025, aponta estudo - Brasil not\u00edcias\",\"isPartOf\":{\"@id\":\"https:\/\/brasilnoticias.org\/site\/#website\"},\"primaryImageOfPage\":{\"@id\":\"https:\/\/brasilnoticias.org\/site\/brasil-reduz-em-42-as-perdas-florestais-em-2025-aponta-estudo\/#primaryimage\"},\"image\":{\"@id\":\"https:\/\/brasilnoticias.org\/site\/brasil-reduz-em-42-as-perdas-florestais-em-2025-aponta-estudo\/#primaryimage\"},\"thumbnailUrl\":\"https:\/\/brasilnoticias.org\/site\/wp-content\/uploads\/2026\/04\/dji_0739.webp\",\"datePublished\":\"2026-04-29T09:55:20+00:00\",\"breadcrumb\":{\"@id\":\"https:\/\/brasilnoticias.org\/site\/brasil-reduz-em-42-as-perdas-florestais-em-2025-aponta-estudo\/#breadcrumb\"},\"inLanguage\":\"pt-PT\",\"potentialAction\":[{\"@type\":\"ReadAction\",\"target\":[\"https:\/\/brasilnoticias.org\/site\/brasil-reduz-em-42-as-perdas-florestais-em-2025-aponta-estudo\/\"]}]},{\"@type\":\"ImageObject\",\"inLanguage\":\"pt-PT\",\"@id\":\"https:\/\/brasilnoticias.org\/site\/brasil-reduz-em-42-as-perdas-florestais-em-2025-aponta-estudo\/#primaryimage\",\"url\":\"https:\/\/brasilnoticias.org\/site\/wp-content\/uploads\/2026\/04\/dji_0739.webp\",\"contentUrl\":\"https:\/\/brasilnoticias.org\/site\/wp-content\/uploads\/2026\/04\/dji_0739.webp\",\"width\":1170,\"height\":700,\"caption\":\"Fernando Fraz\u00e3o\/Ag\u00eancia Brasil\"},{\"@type\":\"BreadcrumbList\",\"@id\":\"https:\/\/brasilnoticias.org\/site\/brasil-reduz-em-42-as-perdas-florestais-em-2025-aponta-estudo\/#breadcrumb\",\"itemListElement\":[{\"@type\":\"ListItem\",\"position\":1,\"name\":\"In\u00edcio\",\"item\":\"https:\/\/brasilnoticias.org\/site\/\"},{\"@type\":\"ListItem\",\"position\":2,\"name\":\"Brasil reduz em 42% as perdas florestais em 2025, aponta estudo\"}]},{\"@type\":\"WebSite\",\"@id\":\"https:\/\/brasilnoticias.org\/site\/#website\",\"url\":\"https:\/\/brasilnoticias.org\/site\/\",\"name\":\"Brasil not\u00edcias\",\"description\":\"Brasil not\u00edcias\",\"publisher\":{\"@id\":\"https:\/\/brasilnoticias.org\/site\/#organization\"},\"potentialAction\":[{\"@type\":\"SearchAction\",\"target\":{\"@type\":\"EntryPoint\",\"urlTemplate\":\"https:\/\/brasilnoticias.org\/site\/?s={search_term_string}\"},\"query-input\":{\"@type\":\"PropertyValueSpecification\",\"valueRequired\":true,\"valueName\":\"search_term_string\"}}],\"inLanguage\":\"pt-PT\"},{\"@type\":\"Organization\",\"@id\":\"https:\/\/brasilnoticias.org\/site\/#organization\",\"name\":\"Brasil not\u00edcias\",\"url\":\"https:\/\/brasilnoticias.org\/site\/\",\"logo\":{\"@type\":\"ImageObject\",\"inLanguage\":\"pt-PT\",\"@id\":\"https:\/\/brasilnoticias.org\/site\/#\/schema\/logo\/image\/\",\"url\":\"https:\/\/brasilnoticias.org\/site\/wp-content\/uploads\/2022\/05\/cropped-brasilnoticias-mini.jpg\",\"contentUrl\":\"https:\/\/brasilnoticias.org\/site\/wp-content\/uploads\/2022\/05\/cropped-brasilnoticias-mini.jpg\",\"width\":314,\"height\":86,\"caption\":\"Brasil not\u00edcias\"},\"image\":{\"@id\":\"https:\/\/brasilnoticias.org\/site\/#\/schema\/logo\/image\/\"}},{\"@type\":\"Person\",\"@id\":\"https:\/\/brasilnoticias.org\/site\/#\/schema\/person\/03bbbfe6c7634ad18c26444ea39049fa\",\"name\":\"Reda\u00e7\u00e3o\",\"image\":{\"@type\":\"ImageObject\",\"inLanguage\":\"pt-PT\",\"@id\":\"https:\/\/brasilnoticias.org\/site\/#\/schema\/person\/image\/\",\"url\":\"https:\/\/secure.gravatar.com\/avatar\/9ecaf7327a696cb23ad926fedded5f1f04d7049de9e445375d55b48c001a6e42?s=96&d=mm&r=g\",\"contentUrl\":\"https:\/\/secure.gravatar.com\/avatar\/9ecaf7327a696cb23ad926fedded5f1f04d7049de9e445375d55b48c001a6e42?s=96&d=mm&r=g\",\"caption\":\"Reda\u00e7\u00e3o\"},\"url\":\"https:\/\/brasilnoticias.org\/site\/author\/henrique\/\"}]}<\/script>\n<!-- \/ Yoast SEO plugin. -->","yoast_head_json":{"title":"Brasil reduz em 42% as perdas florestais em 2025, aponta estudo - Brasil not\u00edcias","robots":{"index":"index","follow":"follow","max-snippet":"max-snippet:-1","max-image-preview":"max-image-preview:large","max-video-preview":"max-video-preview:-1"},"canonical":"https:\/\/brasilnoticias.org\/site\/brasil-reduz-em-42-as-perdas-florestais-em-2025-aponta-estudo\/","og_locale":"pt_PT","og_type":"article","og_title":"Brasil reduz em 42% as perdas florestais em 2025, aponta estudo - Brasil not\u00edcias","og_description":"O Brasil registrou uma redu\u00e7\u00e3o de 42% nas perdas florestais em 2025, segundo levantamento divulgado nesta semana e repercutido pela","og_url":"https:\/\/brasilnoticias.org\/site\/brasil-reduz-em-42-as-perdas-florestais-em-2025-aponta-estudo\/","og_site_name":"Brasil not\u00edcias","article_published_time":"2026-04-29T09:55:20+00:00","og_image":[{"width":1170,"height":700,"url":"https:\/\/brasilnoticias.org\/site\/wp-content\/uploads\/2026\/04\/dji_0739.webp","type":"image\/webp"}],"author":"Reda\u00e7\u00e3o","twitter_card":"summary_large_image","twitter_misc":{"Escrito por":"Reda\u00e7\u00e3o","Tempo estimado de leitura":"2 minutos"},"schema":{"@context":"https:\/\/schema.org","@graph":[{"@type":"Article","@id":"https:\/\/brasilnoticias.org\/site\/brasil-reduz-em-42-as-perdas-florestais-em-2025-aponta-estudo\/#article","isPartOf":{"@id":"https:\/\/brasilnoticias.org\/site\/brasil-reduz-em-42-as-perdas-florestais-em-2025-aponta-estudo\/"},"author":{"name":"Reda\u00e7\u00e3o","@id":"https:\/\/brasilnoticias.org\/site\/#\/schema\/person\/03bbbfe6c7634ad18c26444ea39049fa"},"headline":"Brasil reduz em 42% as perdas florestais em 2025, aponta estudo","datePublished":"2026-04-29T09:55:20+00:00","mainEntityOfPage":{"@id":"https:\/\/brasilnoticias.org\/site\/brasil-reduz-em-42-as-perdas-florestais-em-2025-aponta-estudo\/"},"wordCount":328,"commentCount":0,"publisher":{"@id":"https:\/\/brasilnoticias.org\/site\/#organization"},"image":{"@id":"https:\/\/brasilnoticias.org\/site\/brasil-reduz-em-42-as-perdas-florestais-em-2025-aponta-estudo\/#primaryimage"},"thumbnailUrl":"https:\/\/brasilnoticias.org\/site\/wp-content\/uploads\/2026\/04\/dji_0739.webp","articleSection":["Not\u00edcias","\u00daltimas"],"inLanguage":"pt-PT","potentialAction":[{"@type":"CommentAction","name":"Comment","target":["https:\/\/brasilnoticias.org\/site\/brasil-reduz-em-42-as-perdas-florestais-em-2025-aponta-estudo\/#respond"]}]},{"@type":"WebPage","@id":"https:\/\/brasilnoticias.org\/site\/brasil-reduz-em-42-as-perdas-florestais-em-2025-aponta-estudo\/","url":"https:\/\/brasilnoticias.org\/site\/brasil-reduz-em-42-as-perdas-florestais-em-2025-aponta-estudo\/","name":"Brasil reduz em 42% as perdas florestais em 2025, aponta estudo - Brasil not\u00edcias","isPartOf":{"@id":"https:\/\/brasilnoticias.org\/site\/#website"},"primaryImageOfPage":{"@id":"https:\/\/brasilnoticias.org\/site\/brasil-reduz-em-42-as-perdas-florestais-em-2025-aponta-estudo\/#primaryimage"},"image":{"@id":"https:\/\/brasilnoticias.org\/site\/brasil-reduz-em-42-as-perdas-florestais-em-2025-aponta-estudo\/#primaryimage"},"thumbnailUrl":"https:\/\/brasilnoticias.org\/site\/wp-content\/uploads\/2026\/04\/dji_0739.webp","datePublished":"2026-04-29T09:55:20+00:00","breadcrumb":{"@id":"https:\/\/brasilnoticias.org\/site\/brasil-reduz-em-42-as-perdas-florestais-em-2025-aponta-estudo\/#breadcrumb"},"inLanguage":"pt-PT","potentialAction":[{"@type":"ReadAction","target":["https:\/\/brasilnoticias.org\/site\/brasil-reduz-em-42-as-perdas-florestais-em-2025-aponta-estudo\/"]}]},{"@type":"ImageObject","inLanguage":"pt-PT","@id":"https:\/\/brasilnoticias.org\/site\/brasil-reduz-em-42-as-perdas-florestais-em-2025-aponta-estudo\/#primaryimage","url":"https:\/\/brasilnoticias.org\/site\/wp-content\/uploads\/2026\/04\/dji_0739.webp","contentUrl":"https:\/\/brasilnoticias.org\/site\/wp-content\/uploads\/2026\/04\/dji_0739.webp","width":1170,"height":700,"caption":"Fernando Fraz\u00e3o\/Ag\u00eancia Brasil"},{"@type":"BreadcrumbList","@id":"https:\/\/brasilnoticias.org\/site\/brasil-reduz-em-42-as-perdas-florestais-em-2025-aponta-estudo\/#breadcrumb","itemListElement":[{"@type":"ListItem","position":1,"name":"In\u00edcio","item":"https:\/\/brasilnoticias.org\/site\/"},{"@type":"ListItem","position":2,"name":"Brasil reduz em 42% as perdas florestais em 2025, aponta estudo"}]},{"@type":"WebSite","@id":"https:\/\/brasilnoticias.org\/site\/#website","url":"https:\/\/brasilnoticias.org\/site\/","name":"Brasil not\u00edcias","description":"Brasil not\u00edcias","publisher":{"@id":"https:\/\/brasilnoticias.org\/site\/#organization"},"potentialAction":[{"@type":"SearchAction","target":{"@type":"EntryPoint","urlTemplate":"https:\/\/brasilnoticias.org\/site\/?s={search_term_string}"},"query-input":{"@type":"PropertyValueSpecification","valueRequired":true,"valueName":"search_term_string"}}],"inLanguage":"pt-PT"},{"@type":"Organization","@id":"https:\/\/brasilnoticias.org\/site\/#organization","name":"Brasil not\u00edcias","url":"https:\/\/brasilnoticias.org\/site\/","logo":{"@type":"ImageObject","inLanguage":"pt-PT","@id":"https:\/\/brasilnoticias.org\/site\/#\/schema\/logo\/image\/","url":"https:\/\/brasilnoticias.org\/site\/wp-content\/uploads\/2022\/05\/cropped-brasilnoticias-mini.jpg","contentUrl":"https:\/\/brasilnoticias.org\/site\/wp-content\/uploads\/2022\/05\/cropped-brasilnoticias-mini.jpg","width":314,"height":86,"caption":"Brasil not\u00edcias"},"image":{"@id":"https:\/\/brasilnoticias.org\/site\/#\/schema\/logo\/image\/"}},{"@type":"Person","@id":"https:\/\/brasilnoticias.org\/site\/#\/schema\/person\/03bbbfe6c7634ad18c26444ea39049fa","name":"Reda\u00e7\u00e3o","image":{"@type":"ImageObject","inLanguage":"pt-PT","@id":"https:\/\/brasilnoticias.org\/site\/#\/schema\/person\/image\/","url":"https:\/\/secure.gravatar.com\/avatar\/9ecaf7327a696cb23ad926fedded5f1f04d7049de9e445375d55b48c001a6e42?s=96&d=mm&r=g","contentUrl":"https:\/\/secure.gravatar.com\/avatar\/9ecaf7327a696cb23ad926fedded5f1f04d7049de9e445375d55b48c001a6e42?s=96&d=mm&r=g","caption":"Reda\u00e7\u00e3o"},"url":"https:\/\/brasilnoticias.org\/site\/author\/henrique\/"}]}},"_links":{"self":[{"href":"https:\/\/brasilnoticias.org\/site\/wp-json\/wp\/v2\/posts\/21855","targetHints":{"allow":["GET"]}}],"collection":[{"href":"https:\/\/brasilnoticias.org\/site\/wp-json\/wp\/v2\/posts"}],"about":[{"href":"https:\/\/brasilnoticias.org\/site\/wp-json\/wp\/v2\/types\/post"}],"author":[{"embeddable":true,"href":"https:\/\/brasilnoticias.org\/site\/wp-json\/wp\/v2\/users\/4"}],"replies":[{"embeddable":true,"href":"https:\/\/brasilnoticias.org\/site\/wp-json\/wp\/v2\/comments?post=21855"}],"version-history":[{"count":1,"href":"https:\/\/brasilnoticias.org\/site\/wp-json\/wp\/v2\/posts\/21855\/revisions"}],"predecessor-version":[{"id":21857,"href":"https:\/\/brasilnoticias.org\/site\/wp-json\/wp\/v2\/posts\/21855\/revisions\/21857"}],"wp:featuredmedia":[{"embeddable":true,"href":"https:\/\/brasilnoticias.org\/site\/wp-json\/wp\/v2\/media\/21856"}],"wp:attachment":[{"href":"https:\/\/brasilnoticias.org\/site\/wp-json\/wp\/v2\/media?parent=21855"}],"wp:term":[{"taxonomy":"category","embeddable":true,"href":"https:\/\/brasilnoticias.org\/site\/wp-json\/wp\/v2\/categories?post=21855"},{"taxonomy":"post_tag","embeddable":true,"href":"https:\/\/brasilnoticias.org\/site\/wp-json\/wp\/v2\/tags?post=21855"}],"curies":[{"name":"wp","href":"https:\/\/api.w.org\/{rel}","templated":true}]}}