{"id":21858,"date":"2026-04-29T06:59:21","date_gmt":"2026-04-29T09:59:21","guid":{"rendered":"https:\/\/brasilnoticias.org\/site\/?p=21858"},"modified":"2026-04-29T06:59:21","modified_gmt":"2026-04-29T09:59:21","slug":"pf-investiga-entrada-de-bagagens-sem-fiscalizacao-em-voo-com-hugo-motta-e-ciro-nogueira","status":"publish","type":"post","link":"https:\/\/brasilnoticias.org\/site\/pf-investiga-entrada-de-bagagens-sem-fiscalizacao-em-voo-com-hugo-motta-e-ciro-nogueira\/","title":{"rendered":"PF investiga entrada de bagagens sem fiscaliza\u00e7\u00e3o em voo com Hugo Motta e Ciro Nogueira"},"content":{"rendered":"<p data-start=\"350\" data-end=\"767\">A Pol\u00edcia Federal investiga a entrada de cinco bagagens no Brasil sem fiscaliza\u00e7\u00e3o aduaneira ap\u00f3s o desembarque de um voo particular que transportava o presidente da C\u00e2mara dos Deputados, Hugo Motta (Republicanos-PB), o senador Ciro Nogueira (PP-PI) e outros parlamentares. O caso est\u00e1 sob an\u00e1lise do Supremo Tribunal Federal (STF), com relatoria do ministro Alexandre de Moraes.<\/p>\n<p data-start=\"769\" data-end=\"1099\">Segundo as investiga\u00e7\u00f5es, as malas teriam deixado o Aeroporto Executivo Internacional Catarina, em S\u00e3o Roque (SP), sem passar pelo equipamento de raio-X. A suspeita \u00e9 de que um auditor fiscal da Receita Federal tenha autorizado a libera\u00e7\u00e3o dos volumes fora do procedimento padr\u00e3o de inspe\u00e7\u00e3o.<\/p>\n<h2 data-section-id=\"l7545j\" data-start=\"1101\" data-end=\"1147\">Viagem partiu do Caribe em avi\u00e3o particular<\/h2>\n<p data-start=\"1149\" data-end=\"1528\">O voo retornava da ilha de S\u00e3o Martinho, no Caribe, e foi realizado em uma aeronave particular pertencente ao empres\u00e1rio Fernando Oliveira Lima, conhecido como \u201cFernandin OIG\u201d, ligado ao setor de apostas online. Al\u00e9m de Hugo Motta e Ciro Nogueira, tamb\u00e9m estavam a bordo os deputados federais Dr. Luizinho (PP-RJ) e Isnaldo Bulh\u00f5es (MDB-AL).<\/p>\n<p data-start=\"1530\" data-end=\"1810\">A PF apura se houve facilita\u00e7\u00e3o de contrabando ou descaminho, al\u00e9m de poss\u00edvel prevarica\u00e7\u00e3o por parte do servidor p\u00fablico envolvido no desembarque. At\u00e9 o momento, n\u00e3o h\u00e1 confirma\u00e7\u00e3o oficial sobre o conte\u00fado das bagagens nem a quem pertenciam.<\/p>\n<h2 data-section-id=\"4o01ez\" data-start=\"1812\" data-end=\"1852\">Hugo Motta diz ter seguido protocolos<\/h2>\n<p data-start=\"1854\" data-end=\"2186\">Em nota, Hugo Motta confirmou que participou da viagem, mas afirmou que, ao desembarcar, <strong data-start=\"1943\" data-end=\"2030\">cumpriu \u201ctodos os protocolos e determina\u00e7\u00f5es estabelecidas na legisla\u00e7\u00e3o aduaneira\u201d<\/strong>. O presidente da C\u00e2mara disse ainda que aguarda a manifesta\u00e7\u00e3o da Procuradoria-Geral da Rep\u00fablica (PGR) sobre o caso.<\/p>\n<p data-start=\"2188\" data-end=\"2485\">At\u00e9 o momento, Ciro Nogueira n\u00e3o havia se manifestado publicamente sobre a investiga\u00e7\u00e3o. A Receita Federal tamb\u00e9m foi procurada por ve\u00edculos de imprensa, mas ainda n\u00e3o apresentou esclarecimentos sobre a conduta atribu\u00edda ao auditor fiscal citado no inqu\u00e9rito.<\/p>\n<h2 data-section-id=\"6ur3vs\" data-start=\"2487\" data-end=\"2518\">Moraes encaminhou caso \u00e0 PGR<\/h2>\n<p data-start=\"2520\" data-end=\"2871\">Com a presen\u00e7a de autoridades com foro privilegiado no voo, o caso foi remetido ao Supremo. Alexandre de Moraes encaminhou os autos \u00e0 Procuradoria-Geral da Rep\u00fablica, que dever\u00e1 se manifestar sobre o prosseguimento da investiga\u00e7\u00e3o. A depender da an\u00e1lise, o inqu\u00e9rito pode avan\u00e7ar para novas dilig\u00eancias e oitivas.<\/p>\n<p data-start=\"2873\" data-end=\"3111\">O epis\u00f3dio amplia a repercuss\u00e3o pol\u00edtica em Bras\u00edlia e coloca sob escrut\u00ednio o controle aduaneiro em voos executivos internacionais, especialmente quando envolvem passageiros com prerrogativa de foro.<\/p>\n","protected":false},"excerpt":{"rendered":"<p>A Pol\u00edcia Federal investiga a entrada de cinco bagagens no Brasil sem fiscaliza\u00e7\u00e3o aduaneira ap\u00f3s o desembarque de um voo<\/p>\n","protected":false},"author":4,"featured_media":21859,"comment_status":"open","ping_status":"open","sticky":false,"template":"","format":"standard","meta":{"colormag_page_container_layout":"default_layout","colormag_page_sidebar_layout":"default_layout","_FSMCFIC_featured_image_caption":"","_FSMCFIC_featured_image_nocaption":"","_FSMCFIC_featured_image_hide":"","footnotes":""},"categories":[5,1],"tags":[],"class_list":["post-21858","post","type-post","status-publish","format-standard","has-post-thumbnail","hentry","category-politica","category-ultimas"],"yoast_head":"<!-- This site is optimized with the Yoast SEO plugin v27.1.1 - https:\/\/yoast.com\/product\/yoast-seo-wordpress\/ -->\n<title>PF investiga entrada de bagagens sem fiscaliza\u00e7\u00e3o em voo com Hugo Motta e Ciro Nogueira - Brasil not\u00edcias<\/title>\n<meta name=\"robots\" content=\"index, follow, max-snippet:-1, max-image-preview:large, max-video-preview:-1\" \/>\n<link rel=\"canonical\" href=\"https:\/\/brasilnoticias.org\/site\/pf-investiga-entrada-de-bagagens-sem-fiscalizacao-em-voo-com-hugo-motta-e-ciro-nogueira\/\" \/>\n<meta property=\"og:locale\" content=\"pt_PT\" \/>\n<meta property=\"og:type\" content=\"article\" \/>\n<meta property=\"og:title\" content=\"PF investiga entrada de bagagens sem fiscaliza\u00e7\u00e3o em voo com Hugo Motta e Ciro Nogueira - Brasil not\u00edcias\" \/>\n<meta property=\"og:description\" content=\"A Pol\u00edcia Federal investiga a entrada de cinco bagagens no Brasil sem fiscaliza\u00e7\u00e3o aduaneira ap\u00f3s o desembarque de um voo\" \/>\n<meta property=\"og:url\" content=\"https:\/\/brasilnoticias.org\/site\/pf-investiga-entrada-de-bagagens-sem-fiscalizacao-em-voo-com-hugo-motta-e-ciro-nogueira\/\" \/>\n<meta property=\"og:site_name\" content=\"Brasil not\u00edcias\" \/>\n<meta property=\"article:published_time\" content=\"2026-04-29T09:59:21+00:00\" \/>\n<meta property=\"og:image\" content=\"https:\/\/brasilnoticias.org\/site\/wp-content\/uploads\/2026\/04\/Copia-de-Copia-de-Copia-de-Copia-de-Copia-de-Copia-de-Copia-de-Copia-de-Copia-de-CAPA-2.png\" \/>\n\t<meta property=\"og:image:width\" content=\"878\" \/>\n\t<meta property=\"og:image:height\" content=\"526\" \/>\n\t<meta property=\"og:image:type\" content=\"image\/png\" \/>\n<meta name=\"author\" content=\"Reda\u00e7\u00e3o\" \/>\n<meta name=\"twitter:card\" content=\"summary_large_image\" \/>\n<meta name=\"twitter:label1\" content=\"Escrito por\" \/>\n\t<meta name=\"twitter:data1\" content=\"Reda\u00e7\u00e3o\" \/>\n\t<meta name=\"twitter:label2\" content=\"Tempo estimado de leitura\" \/>\n\t<meta name=\"twitter:data2\" content=\"3 minutos\" \/>\n<script type=\"application\/ld+json\" class=\"yoast-schema-graph\">{\"@context\":\"https:\/\/schema.org\",\"@graph\":[{\"@type\":\"Article\",\"@id\":\"https:\/\/brasilnoticias.org\/site\/pf-investiga-entrada-de-bagagens-sem-fiscalizacao-em-voo-com-hugo-motta-e-ciro-nogueira\/#article\",\"isPartOf\":{\"@id\":\"https:\/\/brasilnoticias.org\/site\/pf-investiga-entrada-de-bagagens-sem-fiscalizacao-em-voo-com-hugo-motta-e-ciro-nogueira\/\"},\"author\":{\"name\":\"Reda\u00e7\u00e3o\",\"@id\":\"https:\/\/brasilnoticias.org\/site\/#\/schema\/person\/03bbbfe6c7634ad18c26444ea39049fa\"},\"headline\":\"PF investiga entrada de bagagens sem fiscaliza\u00e7\u00e3o em voo com Hugo Motta e Ciro Nogueira\",\"datePublished\":\"2026-04-29T09:59:21+00:00\",\"mainEntityOfPage\":{\"@id\":\"https:\/\/brasilnoticias.org\/site\/pf-investiga-entrada-de-bagagens-sem-fiscalizacao-em-voo-com-hugo-motta-e-ciro-nogueira\/\"},\"wordCount\":428,\"commentCount\":0,\"publisher\":{\"@id\":\"https:\/\/brasilnoticias.org\/site\/#organization\"},\"image\":{\"@id\":\"https:\/\/brasilnoticias.org\/site\/pf-investiga-entrada-de-bagagens-sem-fiscalizacao-em-voo-com-hugo-motta-e-ciro-nogueira\/#primaryimage\"},\"thumbnailUrl\":\"https:\/\/brasilnoticias.org\/site\/wp-content\/uploads\/2026\/04\/Copia-de-Copia-de-Copia-de-Copia-de-Copia-de-Copia-de-Copia-de-Copia-de-Copia-de-CAPA-2.png\",\"articleSection\":[\"Pol\u00edtica\",\"\u00daltimas\"],\"inLanguage\":\"pt-PT\",\"potentialAction\":[{\"@type\":\"CommentAction\",\"name\":\"Comment\",\"target\":[\"https:\/\/brasilnoticias.org\/site\/pf-investiga-entrada-de-bagagens-sem-fiscalizacao-em-voo-com-hugo-motta-e-ciro-nogueira\/#respond\"]}]},{\"@type\":\"WebPage\",\"@id\":\"https:\/\/brasilnoticias.org\/site\/pf-investiga-entrada-de-bagagens-sem-fiscalizacao-em-voo-com-hugo-motta-e-ciro-nogueira\/\",\"url\":\"https:\/\/brasilnoticias.org\/site\/pf-investiga-entrada-de-bagagens-sem-fiscalizacao-em-voo-com-hugo-motta-e-ciro-nogueira\/\",\"name\":\"PF investiga entrada de bagagens sem fiscaliza\u00e7\u00e3o em voo com Hugo Motta e Ciro Nogueira - Brasil not\u00edcias\",\"isPartOf\":{\"@id\":\"https:\/\/brasilnoticias.org\/site\/#website\"},\"primaryImageOfPage\":{\"@id\":\"https:\/\/brasilnoticias.org\/site\/pf-investiga-entrada-de-bagagens-sem-fiscalizacao-em-voo-com-hugo-motta-e-ciro-nogueira\/#primaryimage\"},\"image\":{\"@id\":\"https:\/\/brasilnoticias.org\/site\/pf-investiga-entrada-de-bagagens-sem-fiscalizacao-em-voo-com-hugo-motta-e-ciro-nogueira\/#primaryimage\"},\"thumbnailUrl\":\"https:\/\/brasilnoticias.org\/site\/wp-content\/uploads\/2026\/04\/Copia-de-Copia-de-Copia-de-Copia-de-Copia-de-Copia-de-Copia-de-Copia-de-Copia-de-CAPA-2.png\",\"datePublished\":\"2026-04-29T09:59:21+00:00\",\"breadcrumb\":{\"@id\":\"https:\/\/brasilnoticias.org\/site\/pf-investiga-entrada-de-bagagens-sem-fiscalizacao-em-voo-com-hugo-motta-e-ciro-nogueira\/#breadcrumb\"},\"inLanguage\":\"pt-PT\",\"potentialAction\":[{\"@type\":\"ReadAction\",\"target\":[\"https:\/\/brasilnoticias.org\/site\/pf-investiga-entrada-de-bagagens-sem-fiscalizacao-em-voo-com-hugo-motta-e-ciro-nogueira\/\"]}]},{\"@type\":\"ImageObject\",\"inLanguage\":\"pt-PT\",\"@id\":\"https:\/\/brasilnoticias.org\/site\/pf-investiga-entrada-de-bagagens-sem-fiscalizacao-em-voo-com-hugo-motta-e-ciro-nogueira\/#primaryimage\",\"url\":\"https:\/\/brasilnoticias.org\/site\/wp-content\/uploads\/2026\/04\/Copia-de-Copia-de-Copia-de-Copia-de-Copia-de-Copia-de-Copia-de-Copia-de-Copia-de-CAPA-2.png\",\"contentUrl\":\"https:\/\/brasilnoticias.org\/site\/wp-content\/uploads\/2026\/04\/Copia-de-Copia-de-Copia-de-Copia-de-Copia-de-Copia-de-Copia-de-Copia-de-Copia-de-CAPA-2.png\",\"width\":878,\"height\":526,\"caption\":\"Divulga\u00e7\u00e3o\"},{\"@type\":\"BreadcrumbList\",\"@id\":\"https:\/\/brasilnoticias.org\/site\/pf-investiga-entrada-de-bagagens-sem-fiscalizacao-em-voo-com-hugo-motta-e-ciro-nogueira\/#breadcrumb\",\"itemListElement\":[{\"@type\":\"ListItem\",\"position\":1,\"name\":\"In\u00edcio\",\"item\":\"https:\/\/brasilnoticias.org\/site\/\"},{\"@type\":\"ListItem\",\"position\":2,\"name\":\"PF investiga entrada de bagagens sem fiscaliza\u00e7\u00e3o em voo com Hugo Motta e Ciro Nogueira\"}]},{\"@type\":\"WebSite\",\"@id\":\"https:\/\/brasilnoticias.org\/site\/#website\",\"url\":\"https:\/\/brasilnoticias.org\/site\/\",\"name\":\"Brasil not\u00edcias\",\"description\":\"Brasil not\u00edcias\",\"publisher\":{\"@id\":\"https:\/\/brasilnoticias.org\/site\/#organization\"},\"potentialAction\":[{\"@type\":\"SearchAction\",\"target\":{\"@type\":\"EntryPoint\",\"urlTemplate\":\"https:\/\/brasilnoticias.org\/site\/?s={search_term_string}\"},\"query-input\":{\"@type\":\"PropertyValueSpecification\",\"valueRequired\":true,\"valueName\":\"search_term_string\"}}],\"inLanguage\":\"pt-PT\"},{\"@type\":\"Organization\",\"@id\":\"https:\/\/brasilnoticias.org\/site\/#organization\",\"name\":\"Brasil not\u00edcias\",\"url\":\"https:\/\/brasilnoticias.org\/site\/\",\"logo\":{\"@type\":\"ImageObject\",\"inLanguage\":\"pt-PT\",\"@id\":\"https:\/\/brasilnoticias.org\/site\/#\/schema\/logo\/image\/\",\"url\":\"https:\/\/brasilnoticias.org\/site\/wp-content\/uploads\/2022\/05\/cropped-brasilnoticias-mini.jpg\",\"contentUrl\":\"https:\/\/brasilnoticias.org\/site\/wp-content\/uploads\/2022\/05\/cropped-brasilnoticias-mini.jpg\",\"width\":314,\"height\":86,\"caption\":\"Brasil not\u00edcias\"},\"image\":{\"@id\":\"https:\/\/brasilnoticias.org\/site\/#\/schema\/logo\/image\/\"}},{\"@type\":\"Person\",\"@id\":\"https:\/\/brasilnoticias.org\/site\/#\/schema\/person\/03bbbfe6c7634ad18c26444ea39049fa\",\"name\":\"Reda\u00e7\u00e3o\",\"image\":{\"@type\":\"ImageObject\",\"inLanguage\":\"pt-PT\",\"@id\":\"https:\/\/brasilnoticias.org\/site\/#\/schema\/person\/image\/\",\"url\":\"https:\/\/secure.gravatar.com\/avatar\/9ecaf7327a696cb23ad926fedded5f1f04d7049de9e445375d55b48c001a6e42?s=96&d=mm&r=g\",\"contentUrl\":\"https:\/\/secure.gravatar.com\/avatar\/9ecaf7327a696cb23ad926fedded5f1f04d7049de9e445375d55b48c001a6e42?s=96&d=mm&r=g\",\"caption\":\"Reda\u00e7\u00e3o\"},\"url\":\"https:\/\/brasilnoticias.org\/site\/author\/henrique\/\"}]}<\/script>\n<!-- \/ Yoast SEO plugin. -->","yoast_head_json":{"title":"PF investiga entrada de bagagens sem fiscaliza\u00e7\u00e3o em voo com Hugo Motta e Ciro Nogueira - Brasil not\u00edcias","robots":{"index":"index","follow":"follow","max-snippet":"max-snippet:-1","max-image-preview":"max-image-preview:large","max-video-preview":"max-video-preview:-1"},"canonical":"https:\/\/brasilnoticias.org\/site\/pf-investiga-entrada-de-bagagens-sem-fiscalizacao-em-voo-com-hugo-motta-e-ciro-nogueira\/","og_locale":"pt_PT","og_type":"article","og_title":"PF investiga entrada de bagagens sem fiscaliza\u00e7\u00e3o em voo com Hugo Motta e Ciro Nogueira - Brasil not\u00edcias","og_description":"A Pol\u00edcia Federal investiga a entrada de cinco bagagens no Brasil sem fiscaliza\u00e7\u00e3o aduaneira ap\u00f3s o desembarque de um voo","og_url":"https:\/\/brasilnoticias.org\/site\/pf-investiga-entrada-de-bagagens-sem-fiscalizacao-em-voo-com-hugo-motta-e-ciro-nogueira\/","og_site_name":"Brasil not\u00edcias","article_published_time":"2026-04-29T09:59:21+00:00","og_image":[{"width":878,"height":526,"url":"https:\/\/brasilnoticias.org\/site\/wp-content\/uploads\/2026\/04\/Copia-de-Copia-de-Copia-de-Copia-de-Copia-de-Copia-de-Copia-de-Copia-de-Copia-de-CAPA-2.png","type":"image\/png"}],"author":"Reda\u00e7\u00e3o","twitter_card":"summary_large_image","twitter_misc":{"Escrito por":"Reda\u00e7\u00e3o","Tempo estimado de leitura":"3 minutos"},"schema":{"@context":"https:\/\/schema.org","@graph":[{"@type":"Article","@id":"https:\/\/brasilnoticias.org\/site\/pf-investiga-entrada-de-bagagens-sem-fiscalizacao-em-voo-com-hugo-motta-e-ciro-nogueira\/#article","isPartOf":{"@id":"https:\/\/brasilnoticias.org\/site\/pf-investiga-entrada-de-bagagens-sem-fiscalizacao-em-voo-com-hugo-motta-e-ciro-nogueira\/"},"author":{"name":"Reda\u00e7\u00e3o","@id":"https:\/\/brasilnoticias.org\/site\/#\/schema\/person\/03bbbfe6c7634ad18c26444ea39049fa"},"headline":"PF investiga entrada de bagagens sem fiscaliza\u00e7\u00e3o em voo com Hugo Motta e Ciro Nogueira","datePublished":"2026-04-29T09:59:21+00:00","mainEntityOfPage":{"@id":"https:\/\/brasilnoticias.org\/site\/pf-investiga-entrada-de-bagagens-sem-fiscalizacao-em-voo-com-hugo-motta-e-ciro-nogueira\/"},"wordCount":428,"commentCount":0,"publisher":{"@id":"https:\/\/brasilnoticias.org\/site\/#organization"},"image":{"@id":"https:\/\/brasilnoticias.org\/site\/pf-investiga-entrada-de-bagagens-sem-fiscalizacao-em-voo-com-hugo-motta-e-ciro-nogueira\/#primaryimage"},"thumbnailUrl":"https:\/\/brasilnoticias.org\/site\/wp-content\/uploads\/2026\/04\/Copia-de-Copia-de-Copia-de-Copia-de-Copia-de-Copia-de-Copia-de-Copia-de-Copia-de-CAPA-2.png","articleSection":["Pol\u00edtica","\u00daltimas"],"inLanguage":"pt-PT","potentialAction":[{"@type":"CommentAction","name":"Comment","target":["https:\/\/brasilnoticias.org\/site\/pf-investiga-entrada-de-bagagens-sem-fiscalizacao-em-voo-com-hugo-motta-e-ciro-nogueira\/#respond"]}]},{"@type":"WebPage","@id":"https:\/\/brasilnoticias.org\/site\/pf-investiga-entrada-de-bagagens-sem-fiscalizacao-em-voo-com-hugo-motta-e-ciro-nogueira\/","url":"https:\/\/brasilnoticias.org\/site\/pf-investiga-entrada-de-bagagens-sem-fiscalizacao-em-voo-com-hugo-motta-e-ciro-nogueira\/","name":"PF investiga entrada de bagagens sem fiscaliza\u00e7\u00e3o em voo com Hugo Motta e Ciro Nogueira - Brasil not\u00edcias","isPartOf":{"@id":"https:\/\/brasilnoticias.org\/site\/#website"},"primaryImageOfPage":{"@id":"https:\/\/brasilnoticias.org\/site\/pf-investiga-entrada-de-bagagens-sem-fiscalizacao-em-voo-com-hugo-motta-e-ciro-nogueira\/#primaryimage"},"image":{"@id":"https:\/\/brasilnoticias.org\/site\/pf-investiga-entrada-de-bagagens-sem-fiscalizacao-em-voo-com-hugo-motta-e-ciro-nogueira\/#primaryimage"},"thumbnailUrl":"https:\/\/brasilnoticias.org\/site\/wp-content\/uploads\/2026\/04\/Copia-de-Copia-de-Copia-de-Copia-de-Copia-de-Copia-de-Copia-de-Copia-de-Copia-de-CAPA-2.png","datePublished":"2026-04-29T09:59:21+00:00","breadcrumb":{"@id":"https:\/\/brasilnoticias.org\/site\/pf-investiga-entrada-de-bagagens-sem-fiscalizacao-em-voo-com-hugo-motta-e-ciro-nogueira\/#breadcrumb"},"inLanguage":"pt-PT","potentialAction":[{"@type":"ReadAction","target":["https:\/\/brasilnoticias.org\/site\/pf-investiga-entrada-de-bagagens-sem-fiscalizacao-em-voo-com-hugo-motta-e-ciro-nogueira\/"]}]},{"@type":"ImageObject","inLanguage":"pt-PT","@id":"https:\/\/brasilnoticias.org\/site\/pf-investiga-entrada-de-bagagens-sem-fiscalizacao-em-voo-com-hugo-motta-e-ciro-nogueira\/#primaryimage","url":"https:\/\/brasilnoticias.org\/site\/wp-content\/uploads\/2026\/04\/Copia-de-Copia-de-Copia-de-Copia-de-Copia-de-Copia-de-Copia-de-Copia-de-Copia-de-CAPA-2.png","contentUrl":"https:\/\/brasilnoticias.org\/site\/wp-content\/uploads\/2026\/04\/Copia-de-Copia-de-Copia-de-Copia-de-Copia-de-Copia-de-Copia-de-Copia-de-Copia-de-CAPA-2.png","width":878,"height":526,"caption":"Divulga\u00e7\u00e3o"},{"@type":"BreadcrumbList","@id":"https:\/\/brasilnoticias.org\/site\/pf-investiga-entrada-de-bagagens-sem-fiscalizacao-em-voo-com-hugo-motta-e-ciro-nogueira\/#breadcrumb","itemListElement":[{"@type":"ListItem","position":1,"name":"In\u00edcio","item":"https:\/\/brasilnoticias.org\/site\/"},{"@type":"ListItem","position":2,"name":"PF investiga entrada de bagagens sem fiscaliza\u00e7\u00e3o em voo com Hugo Motta e Ciro Nogueira"}]},{"@type":"WebSite","@id":"https:\/\/brasilnoticias.org\/site\/#website","url":"https:\/\/brasilnoticias.org\/site\/","name":"Brasil not\u00edcias","description":"Brasil not\u00edcias","publisher":{"@id":"https:\/\/brasilnoticias.org\/site\/#organization"},"potentialAction":[{"@type":"SearchAction","target":{"@type":"EntryPoint","urlTemplate":"https:\/\/brasilnoticias.org\/site\/?s={search_term_string}"},"query-input":{"@type":"PropertyValueSpecification","valueRequired":true,"valueName":"search_term_string"}}],"inLanguage":"pt-PT"},{"@type":"Organization","@id":"https:\/\/brasilnoticias.org\/site\/#organization","name":"Brasil not\u00edcias","url":"https:\/\/brasilnoticias.org\/site\/","logo":{"@type":"ImageObject","inLanguage":"pt-PT","@id":"https:\/\/brasilnoticias.org\/site\/#\/schema\/logo\/image\/","url":"https:\/\/brasilnoticias.org\/site\/wp-content\/uploads\/2022\/05\/cropped-brasilnoticias-mini.jpg","contentUrl":"https:\/\/brasilnoticias.org\/site\/wp-content\/uploads\/2022\/05\/cropped-brasilnoticias-mini.jpg","width":314,"height":86,"caption":"Brasil not\u00edcias"},"image":{"@id":"https:\/\/brasilnoticias.org\/site\/#\/schema\/logo\/image\/"}},{"@type":"Person","@id":"https:\/\/brasilnoticias.org\/site\/#\/schema\/person\/03bbbfe6c7634ad18c26444ea39049fa","name":"Reda\u00e7\u00e3o","image":{"@type":"ImageObject","inLanguage":"pt-PT","@id":"https:\/\/brasilnoticias.org\/site\/#\/schema\/person\/image\/","url":"https:\/\/secure.gravatar.com\/avatar\/9ecaf7327a696cb23ad926fedded5f1f04d7049de9e445375d55b48c001a6e42?s=96&d=mm&r=g","contentUrl":"https:\/\/secure.gravatar.com\/avatar\/9ecaf7327a696cb23ad926fedded5f1f04d7049de9e445375d55b48c001a6e42?s=96&d=mm&r=g","caption":"Reda\u00e7\u00e3o"},"url":"https:\/\/brasilnoticias.org\/site\/author\/henrique\/"}]}},"_links":{"self":[{"href":"https:\/\/brasilnoticias.org\/site\/wp-json\/wp\/v2\/posts\/21858","targetHints":{"allow":["GET"]}}],"collection":[{"href":"https:\/\/brasilnoticias.org\/site\/wp-json\/wp\/v2\/posts"}],"about":[{"href":"https:\/\/brasilnoticias.org\/site\/wp-json\/wp\/v2\/types\/post"}],"author":[{"embeddable":true,"href":"https:\/\/brasilnoticias.org\/site\/wp-json\/wp\/v2\/users\/4"}],"replies":[{"embeddable":true,"href":"https:\/\/brasilnoticias.org\/site\/wp-json\/wp\/v2\/comments?post=21858"}],"version-history":[{"count":1,"href":"https:\/\/brasilnoticias.org\/site\/wp-json\/wp\/v2\/posts\/21858\/revisions"}],"predecessor-version":[{"id":21860,"href":"https:\/\/brasilnoticias.org\/site\/wp-json\/wp\/v2\/posts\/21858\/revisions\/21860"}],"wp:featuredmedia":[{"embeddable":true,"href":"https:\/\/brasilnoticias.org\/site\/wp-json\/wp\/v2\/media\/21859"}],"wp:attachment":[{"href":"https:\/\/brasilnoticias.org\/site\/wp-json\/wp\/v2\/media?parent=21858"}],"wp:term":[{"taxonomy":"category","embeddable":true,"href":"https:\/\/brasilnoticias.org\/site\/wp-json\/wp\/v2\/categories?post=21858"},{"taxonomy":"post_tag","embeddable":true,"href":"https:\/\/brasilnoticias.org\/site\/wp-json\/wp\/v2\/tags?post=21858"}],"curies":[{"name":"wp","href":"https:\/\/api.w.org\/{rel}","templated":true}]}}