{"id":21862,"date":"2026-04-29T08:21:18","date_gmt":"2026-04-29T11:21:18","guid":{"rendered":"https:\/\/brasilnoticias.org\/site\/?p=21862"},"modified":"2026-04-29T08:21:18","modified_gmt":"2026-04-29T11:21:18","slug":"genial-quaest-mostra-acm-neto-com-41-e-jeronimo-com-37","status":"publish","type":"post","link":"https:\/\/brasilnoticias.org\/site\/genial-quaest-mostra-acm-neto-com-41-e-jeronimo-com-37\/","title":{"rendered":"Genial \/ Quaest mostra ACM Neto com 41% e Jer\u00f4nimo com 37%"},"content":{"rendered":"<p>A nova pesquisa Genial\/Quaest mostra\u00a0<strong>ACM Neto<\/strong>\u00a0(Uni\u00e3o Brasil) \u00e0 frente de\u00a0<strong>Jer\u00f4nimo Rodrigues<\/strong>\u00a0(PT) na inten\u00e7\u00e3o de voto estimulada para o governo da Bahia.<\/p>\n<p>No principal cen\u00e1rio testado, o ex-prefeito aparece com 41%, contra 37% do atual governador, enquanto\u00a0<strong>Ronaldo Mansur<\/strong>\u00a0(PSOL) tem 1% e\u00a0<strong>Jos\u00e9 Estev\u00e3o<\/strong>\u00a0(DC) n\u00e3o pontua; indecisos somam 11% e brancos\/nulos, 10%.<\/p>\n<p>Em um segundo cen\u00e1rio, Neto mant\u00e9m os mesmos 41%, e Jer\u00f4nimo varia para 36%, com 14% de indecisos.<\/p>\n<p>Na\u00a0<strong>inten\u00e7\u00e3o espont\u00e2nea<\/strong>, h\u00e1 empate:<\/p>\n<ul>\n<li><strong>ACM Neto: 13%<\/strong><\/li>\n<li><strong>Jer\u00f4nimo Rodrigues: 13%<\/strong><\/li>\n<li><strong>73% ainda est\u00e3o indecisos<\/strong><\/li>\n<\/ul>\n<p>J\u00e1 na\u00a0<strong>pesquisa estimulada (1\u00ba turno)<\/strong>, ACM Neto aparece \u00e0 frente:<\/p>\n<p><strong>Cen\u00e1rio 1:<\/strong><\/p>\n<ul>\n<li>ACM Neto:\u00a0<strong>41%<\/strong><\/li>\n<li>Jer\u00f4nimo Rodrigues:\u00a0<strong>37%<\/strong><\/li>\n<li>Ronaldo Mansur (PSOL):\u00a0<strong>1%<\/strong><\/li>\n<li>Jos\u00e9 Estev\u00e3o (DC):\u00a0<strong>0%<\/strong><\/li>\n<li>Indecisos:\u00a0<strong>11%<\/strong><\/li>\n<li>Branco\/nulo:\u00a0<strong>10%<\/strong><\/li>\n<\/ul>\n<p><strong>Cen\u00e1rio 2:<\/strong><\/p>\n<ul>\n<li>ACM Neto:\u00a0<strong>41%<\/strong><\/li>\n<li>Jer\u00f4nimo Rodrigues:\u00a0<strong>36%<\/strong><\/li>\n<li>Ronaldo Mansur:\u00a0<strong>1%<\/strong><\/li>\n<li>Indecisos:\u00a0<strong>14%<\/strong><\/li>\n<li>Branco\/nulo:\u00a0<strong>8%<\/strong><\/li>\n<\/ul>\n<h2><strong>Segundo turno mant\u00e9m vantagem de Neto<\/p>\n<p><\/strong><\/h2>\n<p>Na simula\u00e7\u00e3o de segundo turno:<\/p>\n<ul>\n<li>ACM Neto:\u00a0<strong>41%<\/strong><\/li>\n<li>Jer\u00f4nimo Rodrigues:\u00a0<strong>38%<\/strong><\/li>\n<li>Indecisos:\u00a0<strong>12%<\/strong><\/li>\n<li>Branco\/nulo:\u00a0<strong>9%<\/strong><\/li>\n<\/ul>\n<p>O levantamento, realizado entre os dias 23 e 27 de abril com 1.200 eleitores, tem margem de erro de 3 pontos porcentuais e n\u00edvel de confian\u00e7a de 95%. A pesquisa foi registrada no Tribunal Superior Eleitoral (TSE) sob o n\u00famero BA-03657\/2026.<\/p>\n<h2><strong>Aprova\u00e7\u00e3o e avalia\u00e7\u00e3o do governo<\/p>\n<p><\/strong><\/h2>\n<p>De acordo com o levantamento,\u00a0<strong>56% dos baianos aprovam o governo Jer\u00f4nimo Rodrigues<\/strong>, enquanto\u00a0<strong>33% desaprovam<\/strong>\u00a0e\u00a0<strong>11% n\u00e3o souberam ou n\u00e3o responderam<\/strong>.<\/p>\n<p>Na avalia\u00e7\u00e3o qualitativa, o governo \u00e9 considerado:<\/p>\n<ul>\n<li><strong>positivo por 37%<\/strong><\/li>\n<li><strong>regular por 33%<\/strong><\/li>\n<li><strong>negativo por 25%<\/strong><\/li>\n<li><strong>5% n\u00e3o souberam responder<\/strong><\/li>\n<\/ul>\n<p>Os dados mostram estabilidade em rela\u00e7\u00e3o a medi\u00e7\u00f5es anteriores, com leve tend\u00eancia de queda na aprova\u00e7\u00e3o ao longo do tempo.<\/p>\n<h2><strong>Desejo do eleitor: mudan\u00e7a com ajuste, n\u00e3o ruptura<\/p>\n<p><\/strong><\/h2>\n<p>Quando questionados sobre o futuro da gest\u00e3o estadual, os entrevistados apontam majoritariamente para mudan\u00e7as parciais:<\/p>\n<ul>\n<li><strong>40% querem mudar apenas o que n\u00e3o est\u00e1 funcionando<\/strong><\/li>\n<li><strong>34% defendem mudan\u00e7a total<\/strong><\/li>\n<li><strong>22% preferem continuidade do trabalho atual<\/strong><\/li>\n<\/ul>\n<p>Entre os que desaprovam o governo,\u00a0<strong>61% defendem mudan\u00e7a total<\/strong>, enquanto entre os que aprovam,\u00a0<strong>33% apoiam continuidade<\/strong>.<\/p>\n<h2><strong>Reelei\u00e7\u00e3o de Jer\u00f4nimo divide eleitorado<\/p>\n<p><\/strong><\/h2>\n<p>A pesquisa tamb\u00e9m mostra divis\u00e3o sobre a possibilidade de reelei\u00e7\u00e3o:<\/p>\n<ul>\n<li><strong>51% dizem que Jer\u00f4nimo merece ser reeleito<\/strong><\/li>\n<li><strong>42% avaliam que n\u00e3o merece<\/strong><\/li>\n<li><strong>7% n\u00e3o souberam responder<\/strong><\/li>\n<\/ul>\n<h2><strong>Perfil desejado para o pr\u00f3ximo governador<\/p>\n<p><\/strong><\/h2>\n<p>No campo pol\u00edtico, o eleitorado baiano apresenta inclina\u00e7\u00e3o mais alinhada ao governo federal:<\/p>\n<ul>\n<li><strong>47% preferem um governador aliado do presidente Lula<\/strong><\/li>\n<li><strong>32% querem um nome independente<\/strong><\/li>\n<li><strong>16% optam por um aliado de Bolsonaro<\/strong><\/li>\n<\/ul>\n<h2><strong>Rejei\u00e7\u00e3o e potencial de voto<\/p>\n<p><\/strong><\/h2>\n<p>O levantamento tamb\u00e9m traz dados de conhecimento e rejei\u00e7\u00e3o:<\/p>\n<ul>\n<li><strong>ACM Neto<\/strong>: 52% conhecem e votariam, 32% rejeitam<\/li>\n<li><strong>Jer\u00f4nimo Rodrigues<\/strong>: 45% conhecem e votariam, 42% rejeitam<\/li>\n<\/ul>\n<h2><strong>Eleitor ainda pode mudar de voto<\/p>\n<p><\/strong><\/h2>\n<p>A pesquisa indica um cen\u00e1rio ainda fluido:<\/p>\n<ul>\n<li><strong>50% dizem que o voto \u00e9 definitivo<\/strong><\/li>\n<li><strong>47% afirmam que ainda podem mudar de escolha<\/strong><\/li>\n<\/ul>\n","protected":false},"excerpt":{"rendered":"<p>A nova pesquisa Genial\/Quaest mostra\u00a0ACM Neto\u00a0(Uni\u00e3o Brasil) \u00e0 frente de\u00a0Jer\u00f4nimo Rodrigues\u00a0(PT) na inten\u00e7\u00e3o de voto estimulada para o governo da<\/p>\n","protected":false},"author":4,"featured_media":21863,"comment_status":"open","ping_status":"open","sticky":false,"template":"","format":"standard","meta":{"colormag_page_container_layout":"default_layout","colormag_page_sidebar_layout":"default_layout","_FSMCFIC_featured_image_caption":"","_FSMCFIC_featured_image_nocaption":"","_FSMCFIC_featured_image_hide":"","footnotes":""},"categories":[5,1],"tags":[],"class_list":["post-21862","post","type-post","status-publish","format-standard","has-post-thumbnail","hentry","category-politica","category-ultimas"],"yoast_head":"<!-- This site is optimized with the Yoast SEO plugin v27.1.1 - https:\/\/yoast.com\/product\/yoast-seo-wordpress\/ -->\n<title>Genial \/ Quaest mostra ACM Neto com 41% e Jer\u00f4nimo com 37% - Brasil not\u00edcias<\/title>\n<meta name=\"robots\" content=\"index, follow, max-snippet:-1, max-image-preview:large, max-video-preview:-1\" \/>\n<link rel=\"canonical\" href=\"https:\/\/brasilnoticias.org\/site\/genial-quaest-mostra-acm-neto-com-41-e-jeronimo-com-37\/\" \/>\n<meta property=\"og:locale\" content=\"pt_PT\" \/>\n<meta property=\"og:type\" content=\"article\" \/>\n<meta property=\"og:title\" content=\"Genial \/ Quaest mostra ACM Neto com 41% e Jer\u00f4nimo com 37% - Brasil not\u00edcias\" \/>\n<meta property=\"og:description\" content=\"A nova pesquisa Genial\/Quaest mostra\u00a0ACM Neto\u00a0(Uni\u00e3o Brasil) \u00e0 frente de\u00a0Jer\u00f4nimo Rodrigues\u00a0(PT) na inten\u00e7\u00e3o de voto estimulada para o governo da\" \/>\n<meta property=\"og:url\" content=\"https:\/\/brasilnoticias.org\/site\/genial-quaest-mostra-acm-neto-com-41-e-jeronimo-com-37\/\" \/>\n<meta property=\"og:site_name\" content=\"Brasil not\u00edcias\" \/>\n<meta property=\"article:published_time\" content=\"2026-04-29T11:21:18+00:00\" \/>\n<meta property=\"og:image\" content=\"https:\/\/brasilnoticias.org\/site\/wp-content\/uploads\/2026\/04\/jero-neto.jpg\" \/>\n\t<meta property=\"og:image:width\" content=\"1200\" \/>\n\t<meta property=\"og:image:height\" content=\"675\" \/>\n\t<meta property=\"og:image:type\" content=\"image\/jpeg\" \/>\n<meta name=\"author\" content=\"Reda\u00e7\u00e3o\" \/>\n<meta name=\"twitter:card\" content=\"summary_large_image\" \/>\n<meta name=\"twitter:label1\" content=\"Escrito por\" \/>\n\t<meta name=\"twitter:data1\" content=\"Reda\u00e7\u00e3o\" \/>\n\t<meta name=\"twitter:label2\" content=\"Tempo estimado de leitura\" \/>\n\t<meta name=\"twitter:data2\" content=\"3 minutos\" \/>\n<script type=\"application\/ld+json\" class=\"yoast-schema-graph\">{\"@context\":\"https:\/\/schema.org\",\"@graph\":[{\"@type\":\"Article\",\"@id\":\"https:\/\/brasilnoticias.org\/site\/genial-quaest-mostra-acm-neto-com-41-e-jeronimo-com-37\/#article\",\"isPartOf\":{\"@id\":\"https:\/\/brasilnoticias.org\/site\/genial-quaest-mostra-acm-neto-com-41-e-jeronimo-com-37\/\"},\"author\":{\"name\":\"Reda\u00e7\u00e3o\",\"@id\":\"https:\/\/brasilnoticias.org\/site\/#\/schema\/person\/03bbbfe6c7634ad18c26444ea39049fa\"},\"headline\":\"Genial \/ Quaest mostra ACM Neto com 41% e Jer\u00f4nimo com 37%\",\"datePublished\":\"2026-04-29T11:21:18+00:00\",\"mainEntityOfPage\":{\"@id\":\"https:\/\/brasilnoticias.org\/site\/genial-quaest-mostra-acm-neto-com-41-e-jeronimo-com-37\/\"},\"wordCount\":465,\"commentCount\":0,\"publisher\":{\"@id\":\"https:\/\/brasilnoticias.org\/site\/#organization\"},\"image\":{\"@id\":\"https:\/\/brasilnoticias.org\/site\/genial-quaest-mostra-acm-neto-com-41-e-jeronimo-com-37\/#primaryimage\"},\"thumbnailUrl\":\"https:\/\/brasilnoticias.org\/site\/wp-content\/uploads\/2026\/04\/jero-neto.jpg\",\"articleSection\":[\"Pol\u00edtica\",\"\u00daltimas\"],\"inLanguage\":\"pt-PT\",\"potentialAction\":[{\"@type\":\"CommentAction\",\"name\":\"Comment\",\"target\":[\"https:\/\/brasilnoticias.org\/site\/genial-quaest-mostra-acm-neto-com-41-e-jeronimo-com-37\/#respond\"]}]},{\"@type\":\"WebPage\",\"@id\":\"https:\/\/brasilnoticias.org\/site\/genial-quaest-mostra-acm-neto-com-41-e-jeronimo-com-37\/\",\"url\":\"https:\/\/brasilnoticias.org\/site\/genial-quaest-mostra-acm-neto-com-41-e-jeronimo-com-37\/\",\"name\":\"Genial \/ Quaest mostra ACM Neto com 41% e Jer\u00f4nimo com 37% - Brasil not\u00edcias\",\"isPartOf\":{\"@id\":\"https:\/\/brasilnoticias.org\/site\/#website\"},\"primaryImageOfPage\":{\"@id\":\"https:\/\/brasilnoticias.org\/site\/genial-quaest-mostra-acm-neto-com-41-e-jeronimo-com-37\/#primaryimage\"},\"image\":{\"@id\":\"https:\/\/brasilnoticias.org\/site\/genial-quaest-mostra-acm-neto-com-41-e-jeronimo-com-37\/#primaryimage\"},\"thumbnailUrl\":\"https:\/\/brasilnoticias.org\/site\/wp-content\/uploads\/2026\/04\/jero-neto.jpg\",\"datePublished\":\"2026-04-29T11:21:18+00:00\",\"breadcrumb\":{\"@id\":\"https:\/\/brasilnoticias.org\/site\/genial-quaest-mostra-acm-neto-com-41-e-jeronimo-com-37\/#breadcrumb\"},\"inLanguage\":\"pt-PT\",\"potentialAction\":[{\"@type\":\"ReadAction\",\"target\":[\"https:\/\/brasilnoticias.org\/site\/genial-quaest-mostra-acm-neto-com-41-e-jeronimo-com-37\/\"]}]},{\"@type\":\"ImageObject\",\"inLanguage\":\"pt-PT\",\"@id\":\"https:\/\/brasilnoticias.org\/site\/genial-quaest-mostra-acm-neto-com-41-e-jeronimo-com-37\/#primaryimage\",\"url\":\"https:\/\/brasilnoticias.org\/site\/wp-content\/uploads\/2026\/04\/jero-neto.jpg\",\"contentUrl\":\"https:\/\/brasilnoticias.org\/site\/wp-content\/uploads\/2026\/04\/jero-neto.jpg\",\"width\":1200,\"height\":675,\"caption\":\"Foto: Mateus Pereira\/GOVBA | Gilberto Jr.\/Divulga\u00e7\u00e3o\"},{\"@type\":\"BreadcrumbList\",\"@id\":\"https:\/\/brasilnoticias.org\/site\/genial-quaest-mostra-acm-neto-com-41-e-jeronimo-com-37\/#breadcrumb\",\"itemListElement\":[{\"@type\":\"ListItem\",\"position\":1,\"name\":\"In\u00edcio\",\"item\":\"https:\/\/brasilnoticias.org\/site\/\"},{\"@type\":\"ListItem\",\"position\":2,\"name\":\"Genial \/ Quaest mostra ACM Neto com 41% e Jer\u00f4nimo com 37%\"}]},{\"@type\":\"WebSite\",\"@id\":\"https:\/\/brasilnoticias.org\/site\/#website\",\"url\":\"https:\/\/brasilnoticias.org\/site\/\",\"name\":\"Brasil not\u00edcias\",\"description\":\"Brasil not\u00edcias\",\"publisher\":{\"@id\":\"https:\/\/brasilnoticias.org\/site\/#organization\"},\"potentialAction\":[{\"@type\":\"SearchAction\",\"target\":{\"@type\":\"EntryPoint\",\"urlTemplate\":\"https:\/\/brasilnoticias.org\/site\/?s={search_term_string}\"},\"query-input\":{\"@type\":\"PropertyValueSpecification\",\"valueRequired\":true,\"valueName\":\"search_term_string\"}}],\"inLanguage\":\"pt-PT\"},{\"@type\":\"Organization\",\"@id\":\"https:\/\/brasilnoticias.org\/site\/#organization\",\"name\":\"Brasil not\u00edcias\",\"url\":\"https:\/\/brasilnoticias.org\/site\/\",\"logo\":{\"@type\":\"ImageObject\",\"inLanguage\":\"pt-PT\",\"@id\":\"https:\/\/brasilnoticias.org\/site\/#\/schema\/logo\/image\/\",\"url\":\"https:\/\/brasilnoticias.org\/site\/wp-content\/uploads\/2022\/05\/cropped-brasilnoticias-mini.jpg\",\"contentUrl\":\"https:\/\/brasilnoticias.org\/site\/wp-content\/uploads\/2022\/05\/cropped-brasilnoticias-mini.jpg\",\"width\":314,\"height\":86,\"caption\":\"Brasil not\u00edcias\"},\"image\":{\"@id\":\"https:\/\/brasilnoticias.org\/site\/#\/schema\/logo\/image\/\"}},{\"@type\":\"Person\",\"@id\":\"https:\/\/brasilnoticias.org\/site\/#\/schema\/person\/03bbbfe6c7634ad18c26444ea39049fa\",\"name\":\"Reda\u00e7\u00e3o\",\"image\":{\"@type\":\"ImageObject\",\"inLanguage\":\"pt-PT\",\"@id\":\"https:\/\/brasilnoticias.org\/site\/#\/schema\/person\/image\/\",\"url\":\"https:\/\/secure.gravatar.com\/avatar\/9ecaf7327a696cb23ad926fedded5f1f04d7049de9e445375d55b48c001a6e42?s=96&d=mm&r=g\",\"contentUrl\":\"https:\/\/secure.gravatar.com\/avatar\/9ecaf7327a696cb23ad926fedded5f1f04d7049de9e445375d55b48c001a6e42?s=96&d=mm&r=g\",\"caption\":\"Reda\u00e7\u00e3o\"},\"url\":\"https:\/\/brasilnoticias.org\/site\/author\/henrique\/\"}]}<\/script>\n<!-- \/ Yoast SEO plugin. -->","yoast_head_json":{"title":"Genial \/ Quaest mostra ACM Neto com 41% e Jer\u00f4nimo com 37% - Brasil not\u00edcias","robots":{"index":"index","follow":"follow","max-snippet":"max-snippet:-1","max-image-preview":"max-image-preview:large","max-video-preview":"max-video-preview:-1"},"canonical":"https:\/\/brasilnoticias.org\/site\/genial-quaest-mostra-acm-neto-com-41-e-jeronimo-com-37\/","og_locale":"pt_PT","og_type":"article","og_title":"Genial \/ Quaest mostra ACM Neto com 41% e Jer\u00f4nimo com 37% - Brasil not\u00edcias","og_description":"A nova pesquisa Genial\/Quaest mostra\u00a0ACM Neto\u00a0(Uni\u00e3o Brasil) \u00e0 frente de\u00a0Jer\u00f4nimo Rodrigues\u00a0(PT) na inten\u00e7\u00e3o de voto estimulada para o governo da","og_url":"https:\/\/brasilnoticias.org\/site\/genial-quaest-mostra-acm-neto-com-41-e-jeronimo-com-37\/","og_site_name":"Brasil not\u00edcias","article_published_time":"2026-04-29T11:21:18+00:00","og_image":[{"width":1200,"height":675,"url":"https:\/\/brasilnoticias.org\/site\/wp-content\/uploads\/2026\/04\/jero-neto.jpg","type":"image\/jpeg"}],"author":"Reda\u00e7\u00e3o","twitter_card":"summary_large_image","twitter_misc":{"Escrito por":"Reda\u00e7\u00e3o","Tempo estimado de leitura":"3 minutos"},"schema":{"@context":"https:\/\/schema.org","@graph":[{"@type":"Article","@id":"https:\/\/brasilnoticias.org\/site\/genial-quaest-mostra-acm-neto-com-41-e-jeronimo-com-37\/#article","isPartOf":{"@id":"https:\/\/brasilnoticias.org\/site\/genial-quaest-mostra-acm-neto-com-41-e-jeronimo-com-37\/"},"author":{"name":"Reda\u00e7\u00e3o","@id":"https:\/\/brasilnoticias.org\/site\/#\/schema\/person\/03bbbfe6c7634ad18c26444ea39049fa"},"headline":"Genial \/ Quaest mostra ACM Neto com 41% e Jer\u00f4nimo com 37%","datePublished":"2026-04-29T11:21:18+00:00","mainEntityOfPage":{"@id":"https:\/\/brasilnoticias.org\/site\/genial-quaest-mostra-acm-neto-com-41-e-jeronimo-com-37\/"},"wordCount":465,"commentCount":0,"publisher":{"@id":"https:\/\/brasilnoticias.org\/site\/#organization"},"image":{"@id":"https:\/\/brasilnoticias.org\/site\/genial-quaest-mostra-acm-neto-com-41-e-jeronimo-com-37\/#primaryimage"},"thumbnailUrl":"https:\/\/brasilnoticias.org\/site\/wp-content\/uploads\/2026\/04\/jero-neto.jpg","articleSection":["Pol\u00edtica","\u00daltimas"],"inLanguage":"pt-PT","potentialAction":[{"@type":"CommentAction","name":"Comment","target":["https:\/\/brasilnoticias.org\/site\/genial-quaest-mostra-acm-neto-com-41-e-jeronimo-com-37\/#respond"]}]},{"@type":"WebPage","@id":"https:\/\/brasilnoticias.org\/site\/genial-quaest-mostra-acm-neto-com-41-e-jeronimo-com-37\/","url":"https:\/\/brasilnoticias.org\/site\/genial-quaest-mostra-acm-neto-com-41-e-jeronimo-com-37\/","name":"Genial \/ Quaest mostra ACM Neto com 41% e Jer\u00f4nimo com 37% - Brasil not\u00edcias","isPartOf":{"@id":"https:\/\/brasilnoticias.org\/site\/#website"},"primaryImageOfPage":{"@id":"https:\/\/brasilnoticias.org\/site\/genial-quaest-mostra-acm-neto-com-41-e-jeronimo-com-37\/#primaryimage"},"image":{"@id":"https:\/\/brasilnoticias.org\/site\/genial-quaest-mostra-acm-neto-com-41-e-jeronimo-com-37\/#primaryimage"},"thumbnailUrl":"https:\/\/brasilnoticias.org\/site\/wp-content\/uploads\/2026\/04\/jero-neto.jpg","datePublished":"2026-04-29T11:21:18+00:00","breadcrumb":{"@id":"https:\/\/brasilnoticias.org\/site\/genial-quaest-mostra-acm-neto-com-41-e-jeronimo-com-37\/#breadcrumb"},"inLanguage":"pt-PT","potentialAction":[{"@type":"ReadAction","target":["https:\/\/brasilnoticias.org\/site\/genial-quaest-mostra-acm-neto-com-41-e-jeronimo-com-37\/"]}]},{"@type":"ImageObject","inLanguage":"pt-PT","@id":"https:\/\/brasilnoticias.org\/site\/genial-quaest-mostra-acm-neto-com-41-e-jeronimo-com-37\/#primaryimage","url":"https:\/\/brasilnoticias.org\/site\/wp-content\/uploads\/2026\/04\/jero-neto.jpg","contentUrl":"https:\/\/brasilnoticias.org\/site\/wp-content\/uploads\/2026\/04\/jero-neto.jpg","width":1200,"height":675,"caption":"Foto: Mateus Pereira\/GOVBA | Gilberto Jr.\/Divulga\u00e7\u00e3o"},{"@type":"BreadcrumbList","@id":"https:\/\/brasilnoticias.org\/site\/genial-quaest-mostra-acm-neto-com-41-e-jeronimo-com-37\/#breadcrumb","itemListElement":[{"@type":"ListItem","position":1,"name":"In\u00edcio","item":"https:\/\/brasilnoticias.org\/site\/"},{"@type":"ListItem","position":2,"name":"Genial \/ Quaest mostra ACM Neto com 41% e Jer\u00f4nimo com 37%"}]},{"@type":"WebSite","@id":"https:\/\/brasilnoticias.org\/site\/#website","url":"https:\/\/brasilnoticias.org\/site\/","name":"Brasil not\u00edcias","description":"Brasil not\u00edcias","publisher":{"@id":"https:\/\/brasilnoticias.org\/site\/#organization"},"potentialAction":[{"@type":"SearchAction","target":{"@type":"EntryPoint","urlTemplate":"https:\/\/brasilnoticias.org\/site\/?s={search_term_string}"},"query-input":{"@type":"PropertyValueSpecification","valueRequired":true,"valueName":"search_term_string"}}],"inLanguage":"pt-PT"},{"@type":"Organization","@id":"https:\/\/brasilnoticias.org\/site\/#organization","name":"Brasil not\u00edcias","url":"https:\/\/brasilnoticias.org\/site\/","logo":{"@type":"ImageObject","inLanguage":"pt-PT","@id":"https:\/\/brasilnoticias.org\/site\/#\/schema\/logo\/image\/","url":"https:\/\/brasilnoticias.org\/site\/wp-content\/uploads\/2022\/05\/cropped-brasilnoticias-mini.jpg","contentUrl":"https:\/\/brasilnoticias.org\/site\/wp-content\/uploads\/2022\/05\/cropped-brasilnoticias-mini.jpg","width":314,"height":86,"caption":"Brasil not\u00edcias"},"image":{"@id":"https:\/\/brasilnoticias.org\/site\/#\/schema\/logo\/image\/"}},{"@type":"Person","@id":"https:\/\/brasilnoticias.org\/site\/#\/schema\/person\/03bbbfe6c7634ad18c26444ea39049fa","name":"Reda\u00e7\u00e3o","image":{"@type":"ImageObject","inLanguage":"pt-PT","@id":"https:\/\/brasilnoticias.org\/site\/#\/schema\/person\/image\/","url":"https:\/\/secure.gravatar.com\/avatar\/9ecaf7327a696cb23ad926fedded5f1f04d7049de9e445375d55b48c001a6e42?s=96&d=mm&r=g","contentUrl":"https:\/\/secure.gravatar.com\/avatar\/9ecaf7327a696cb23ad926fedded5f1f04d7049de9e445375d55b48c001a6e42?s=96&d=mm&r=g","caption":"Reda\u00e7\u00e3o"},"url":"https:\/\/brasilnoticias.org\/site\/author\/henrique\/"}]}},"_links":{"self":[{"href":"https:\/\/brasilnoticias.org\/site\/wp-json\/wp\/v2\/posts\/21862","targetHints":{"allow":["GET"]}}],"collection":[{"href":"https:\/\/brasilnoticias.org\/site\/wp-json\/wp\/v2\/posts"}],"about":[{"href":"https:\/\/brasilnoticias.org\/site\/wp-json\/wp\/v2\/types\/post"}],"author":[{"embeddable":true,"href":"https:\/\/brasilnoticias.org\/site\/wp-json\/wp\/v2\/users\/4"}],"replies":[{"embeddable":true,"href":"https:\/\/brasilnoticias.org\/site\/wp-json\/wp\/v2\/comments?post=21862"}],"version-history":[{"count":1,"href":"https:\/\/brasilnoticias.org\/site\/wp-json\/wp\/v2\/posts\/21862\/revisions"}],"predecessor-version":[{"id":21864,"href":"https:\/\/brasilnoticias.org\/site\/wp-json\/wp\/v2\/posts\/21862\/revisions\/21864"}],"wp:featuredmedia":[{"embeddable":true,"href":"https:\/\/brasilnoticias.org\/site\/wp-json\/wp\/v2\/media\/21863"}],"wp:attachment":[{"href":"https:\/\/brasilnoticias.org\/site\/wp-json\/wp\/v2\/media?parent=21862"}],"wp:term":[{"taxonomy":"category","embeddable":true,"href":"https:\/\/brasilnoticias.org\/site\/wp-json\/wp\/v2\/categories?post=21862"},{"taxonomy":"post_tag","embeddable":true,"href":"https:\/\/brasilnoticias.org\/site\/wp-json\/wp\/v2\/tags?post=21862"}],"curies":[{"name":"wp","href":"https:\/\/api.w.org\/{rel}","templated":true}]}}