{"id":21873,"date":"2026-04-29T10:21:26","date_gmt":"2026-04-29T13:21:26","guid":{"rendered":"https:\/\/brasilnoticias.org\/site\/?p=21873"},"modified":"2026-04-29T10:21:26","modified_gmt":"2026-04-29T13:21:26","slug":"genial-quaest-rui-costa-e-wagner-lideram-disputa-ao-senado-na-bahia","status":"publish","type":"post","link":"https:\/\/brasilnoticias.org\/site\/genial-quaest-rui-costa-e-wagner-lideram-disputa-ao-senado-na-bahia\/","title":{"rendered":"Genial\/Quaest: Rui Costa e Wagner lideram disputa ao Senado na Bahia"},"content":{"rendered":"<p>A\u00a0<a href=\"https:\/\/www.blogdovila.com.br\/noticia\/genial-2904\" target=\"_blank\" rel=\"noopener\"><strong>pesquisa Genial\/Quaest\u00a0<\/strong><\/a>divulgada nesta quarta-feira (29) mostra o cen\u00e1rio da disputa pelo Senado na Bahia com lideran\u00e7a de nomes ligados ao PT.<\/p>\n<p>De acordo com o levantamento,\u00a0<strong>Rui Costa aparece com 24% das inten\u00e7\u00f5es de voto<\/strong>, seguido por\u00a0<strong>Jaques Wagner, com 22%<\/strong>. Na sequ\u00eancia, surgem\u00a0<strong>Jo\u00e3o Roma (PL), com 9%<\/strong>, e\u00a0<strong>Angelo Coronel (Republicanos), com 6%<\/strong>. Delliana Ricelli (PSOL) pontua\u00a0<strong>1%<\/strong>, enquanto Marcelo Santtana (DC) n\u00e3o alcan\u00e7a pontua\u00e7\u00e3o.<\/p>\n<p>O levantamento ainda indica um eleitorado pouco consolidado:\u00a0<strong>22% dizem que votariam em branco, nulo ou n\u00e3o pretendem votar<\/strong>, e\u00a0<strong>16% se declaram indecisos<\/strong>.<\/p>\n<p>A pesquisa ouviu\u00a0<strong>1.200 eleitores com 16 anos ou mais<\/strong>, entre os dias 23 e 27 de abril. A margem de erro \u00e9 de\u00a0<strong>tr\u00eas pontos porcentuais<\/strong>, para mais ou para menos, com\u00a0<strong>n\u00edvel de confian\u00e7a de 95%<\/strong>.<\/p>\n<p>O estudo tamb\u00e9m revela que o voto para o Senado ainda est\u00e1 em aberto para boa parte do eleitorado.\u00a0<strong>Metade dos entrevistados (50%) afirma que a escolha \u00e9 definitiva<\/strong>, enquanto\u00a0<strong>47% dizem que ainda podem mudar de posi\u00e7\u00e3o<\/strong>\u00a0at\u00e9 a elei\u00e7\u00e3o;\u00a0<strong>3% n\u00e3o souberam ou n\u00e3o responderam<\/strong>.<\/p>\n<p>No recorte sobre alinhamento pol\u00edtico, a pesquisa aponta que\u00a0<strong>47% dos eleitores preferem candidatos ao Senado aliados do presidente Lula (PT)<\/strong>. Outros\u00a0<strong>33% dizem preferir nomes independentes<\/strong>, enquanto\u00a0<strong>15% optam por candidatos ligados ao ex-presidente Jair Bolsonaro (PL)<\/strong>.\u00a0<strong>5% n\u00e3o souberam ou n\u00e3o responderam<\/strong>.<\/p>\n<p>Em 2026, cada estado eleger\u00e1\u00a0<strong>dois senadores<\/strong>, dentro de um universo de\u00a0<strong>54 cadeiras em disputa<\/strong>\u00a0no Senado Federal.<\/p>\n","protected":false},"excerpt":{"rendered":"<p>A\u00a0pesquisa Genial\/Quaest\u00a0divulgada nesta quarta-feira (29) mostra o cen\u00e1rio da disputa pelo Senado na Bahia com lideran\u00e7a de nomes ligados ao<\/p>\n","protected":false},"author":4,"featured_media":21874,"comment_status":"open","ping_status":"open","sticky":false,"template":"","format":"standard","meta":{"colormag_page_container_layout":"default_layout","colormag_page_sidebar_layout":"default_layout","_FSMCFIC_featured_image_caption":"","_FSMCFIC_featured_image_nocaption":"","_FSMCFIC_featured_image_hide":"","footnotes":""},"categories":[5,1],"tags":[],"class_list":["post-21873","post","type-post","status-publish","format-standard","has-post-thumbnail","hentry","category-politica","category-ultimas"],"yoast_head":"<!-- This site is optimized with the Yoast SEO plugin v27.1.1 - https:\/\/yoast.com\/product\/yoast-seo-wordpress\/ -->\n<title>Genial\/Quaest: Rui Costa e Wagner lideram disputa ao Senado na Bahia - Brasil not\u00edcias<\/title>\n<meta name=\"robots\" content=\"index, follow, max-snippet:-1, max-image-preview:large, max-video-preview:-1\" \/>\n<link rel=\"canonical\" href=\"https:\/\/brasilnoticias.org\/site\/genial-quaest-rui-costa-e-wagner-lideram-disputa-ao-senado-na-bahia\/\" \/>\n<meta property=\"og:locale\" content=\"pt_PT\" \/>\n<meta property=\"og:type\" content=\"article\" \/>\n<meta property=\"og:title\" content=\"Genial\/Quaest: Rui Costa e Wagner lideram disputa ao Senado na Bahia - Brasil not\u00edcias\" \/>\n<meta property=\"og:description\" content=\"A\u00a0pesquisa Genial\/Quaest\u00a0divulgada nesta quarta-feira (29) mostra o cen\u00e1rio da disputa pelo Senado na Bahia com lideran\u00e7a de nomes ligados ao\" \/>\n<meta property=\"og:url\" content=\"https:\/\/brasilnoticias.org\/site\/genial-quaest-rui-costa-e-wagner-lideram-disputa-ao-senado-na-bahia\/\" \/>\n<meta property=\"og:site_name\" content=\"Brasil not\u00edcias\" \/>\n<meta property=\"article:published_time\" content=\"2026-04-29T13:21:26+00:00\" \/>\n<meta property=\"og:image\" content=\"https:\/\/brasilnoticias.org\/site\/wp-content\/uploads\/2026\/04\/WhatsApp-Image-2026-02-24-at-13.25.03.jpeg\" \/>\n\t<meta property=\"og:image:width\" content=\"1135\" \/>\n\t<meta property=\"og:image:height\" content=\"638\" \/>\n\t<meta property=\"og:image:type\" content=\"image\/jpeg\" \/>\n<meta name=\"author\" content=\"Reda\u00e7\u00e3o\" \/>\n<meta name=\"twitter:card\" content=\"summary_large_image\" \/>\n<meta name=\"twitter:label1\" content=\"Escrito por\" \/>\n\t<meta name=\"twitter:data1\" content=\"Reda\u00e7\u00e3o\" \/>\n\t<meta name=\"twitter:label2\" content=\"Tempo estimado de leitura\" \/>\n\t<meta name=\"twitter:data2\" content=\"2 minutos\" \/>\n<script type=\"application\/ld+json\" class=\"yoast-schema-graph\">{\"@context\":\"https:\/\/schema.org\",\"@graph\":[{\"@type\":\"Article\",\"@id\":\"https:\/\/brasilnoticias.org\/site\/genial-quaest-rui-costa-e-wagner-lideram-disputa-ao-senado-na-bahia\/#article\",\"isPartOf\":{\"@id\":\"https:\/\/brasilnoticias.org\/site\/genial-quaest-rui-costa-e-wagner-lideram-disputa-ao-senado-na-bahia\/\"},\"author\":{\"name\":\"Reda\u00e7\u00e3o\",\"@id\":\"https:\/\/brasilnoticias.org\/site\/#\/schema\/person\/03bbbfe6c7634ad18c26444ea39049fa\"},\"headline\":\"Genial\/Quaest: Rui Costa e Wagner lideram disputa ao Senado na Bahia\",\"datePublished\":\"2026-04-29T13:21:26+00:00\",\"mainEntityOfPage\":{\"@id\":\"https:\/\/brasilnoticias.org\/site\/genial-quaest-rui-costa-e-wagner-lideram-disputa-ao-senado-na-bahia\/\"},\"wordCount\":250,\"commentCount\":0,\"publisher\":{\"@id\":\"https:\/\/brasilnoticias.org\/site\/#organization\"},\"image\":{\"@id\":\"https:\/\/brasilnoticias.org\/site\/genial-quaest-rui-costa-e-wagner-lideram-disputa-ao-senado-na-bahia\/#primaryimage\"},\"thumbnailUrl\":\"https:\/\/brasilnoticias.org\/site\/wp-content\/uploads\/2026\/04\/WhatsApp-Image-2026-02-24-at-13.25.03.jpeg\",\"articleSection\":[\"Pol\u00edtica\",\"\u00daltimas\"],\"inLanguage\":\"pt-PT\",\"potentialAction\":[{\"@type\":\"CommentAction\",\"name\":\"Comment\",\"target\":[\"https:\/\/brasilnoticias.org\/site\/genial-quaest-rui-costa-e-wagner-lideram-disputa-ao-senado-na-bahia\/#respond\"]}]},{\"@type\":\"WebPage\",\"@id\":\"https:\/\/brasilnoticias.org\/site\/genial-quaest-rui-costa-e-wagner-lideram-disputa-ao-senado-na-bahia\/\",\"url\":\"https:\/\/brasilnoticias.org\/site\/genial-quaest-rui-costa-e-wagner-lideram-disputa-ao-senado-na-bahia\/\",\"name\":\"Genial\/Quaest: Rui Costa e Wagner lideram disputa ao Senado na Bahia - Brasil not\u00edcias\",\"isPartOf\":{\"@id\":\"https:\/\/brasilnoticias.org\/site\/#website\"},\"primaryImageOfPage\":{\"@id\":\"https:\/\/brasilnoticias.org\/site\/genial-quaest-rui-costa-e-wagner-lideram-disputa-ao-senado-na-bahia\/#primaryimage\"},\"image\":{\"@id\":\"https:\/\/brasilnoticias.org\/site\/genial-quaest-rui-costa-e-wagner-lideram-disputa-ao-senado-na-bahia\/#primaryimage\"},\"thumbnailUrl\":\"https:\/\/brasilnoticias.org\/site\/wp-content\/uploads\/2026\/04\/WhatsApp-Image-2026-02-24-at-13.25.03.jpeg\",\"datePublished\":\"2026-04-29T13:21:26+00:00\",\"breadcrumb\":{\"@id\":\"https:\/\/brasilnoticias.org\/site\/genial-quaest-rui-costa-e-wagner-lideram-disputa-ao-senado-na-bahia\/#breadcrumb\"},\"inLanguage\":\"pt-PT\",\"potentialAction\":[{\"@type\":\"ReadAction\",\"target\":[\"https:\/\/brasilnoticias.org\/site\/genial-quaest-rui-costa-e-wagner-lideram-disputa-ao-senado-na-bahia\/\"]}]},{\"@type\":\"ImageObject\",\"inLanguage\":\"pt-PT\",\"@id\":\"https:\/\/brasilnoticias.org\/site\/genial-quaest-rui-costa-e-wagner-lideram-disputa-ao-senado-na-bahia\/#primaryimage\",\"url\":\"https:\/\/brasilnoticias.org\/site\/wp-content\/uploads\/2026\/04\/WhatsApp-Image-2026-02-24-at-13.25.03.jpeg\",\"contentUrl\":\"https:\/\/brasilnoticias.org\/site\/wp-content\/uploads\/2026\/04\/WhatsApp-Image-2026-02-24-at-13.25.03.jpeg\",\"width\":1135,\"height\":638,\"caption\":\"Foto: Roque de S\u00e1 \/ Andressa Anholete \/ Edilson Rodrigues | Ag\u00eancia Senado\"},{\"@type\":\"BreadcrumbList\",\"@id\":\"https:\/\/brasilnoticias.org\/site\/genial-quaest-rui-costa-e-wagner-lideram-disputa-ao-senado-na-bahia\/#breadcrumb\",\"itemListElement\":[{\"@type\":\"ListItem\",\"position\":1,\"name\":\"In\u00edcio\",\"item\":\"https:\/\/brasilnoticias.org\/site\/\"},{\"@type\":\"ListItem\",\"position\":2,\"name\":\"Genial\/Quaest: Rui Costa e Wagner lideram disputa ao Senado na Bahia\"}]},{\"@type\":\"WebSite\",\"@id\":\"https:\/\/brasilnoticias.org\/site\/#website\",\"url\":\"https:\/\/brasilnoticias.org\/site\/\",\"name\":\"Brasil not\u00edcias\",\"description\":\"Brasil not\u00edcias\",\"publisher\":{\"@id\":\"https:\/\/brasilnoticias.org\/site\/#organization\"},\"potentialAction\":[{\"@type\":\"SearchAction\",\"target\":{\"@type\":\"EntryPoint\",\"urlTemplate\":\"https:\/\/brasilnoticias.org\/site\/?s={search_term_string}\"},\"query-input\":{\"@type\":\"PropertyValueSpecification\",\"valueRequired\":true,\"valueName\":\"search_term_string\"}}],\"inLanguage\":\"pt-PT\"},{\"@type\":\"Organization\",\"@id\":\"https:\/\/brasilnoticias.org\/site\/#organization\",\"name\":\"Brasil not\u00edcias\",\"url\":\"https:\/\/brasilnoticias.org\/site\/\",\"logo\":{\"@type\":\"ImageObject\",\"inLanguage\":\"pt-PT\",\"@id\":\"https:\/\/brasilnoticias.org\/site\/#\/schema\/logo\/image\/\",\"url\":\"https:\/\/brasilnoticias.org\/site\/wp-content\/uploads\/2022\/05\/cropped-brasilnoticias-mini.jpg\",\"contentUrl\":\"https:\/\/brasilnoticias.org\/site\/wp-content\/uploads\/2022\/05\/cropped-brasilnoticias-mini.jpg\",\"width\":314,\"height\":86,\"caption\":\"Brasil not\u00edcias\"},\"image\":{\"@id\":\"https:\/\/brasilnoticias.org\/site\/#\/schema\/logo\/image\/\"}},{\"@type\":\"Person\",\"@id\":\"https:\/\/brasilnoticias.org\/site\/#\/schema\/person\/03bbbfe6c7634ad18c26444ea39049fa\",\"name\":\"Reda\u00e7\u00e3o\",\"image\":{\"@type\":\"ImageObject\",\"inLanguage\":\"pt-PT\",\"@id\":\"https:\/\/brasilnoticias.org\/site\/#\/schema\/person\/image\/\",\"url\":\"https:\/\/secure.gravatar.com\/avatar\/9ecaf7327a696cb23ad926fedded5f1f04d7049de9e445375d55b48c001a6e42?s=96&d=mm&r=g\",\"contentUrl\":\"https:\/\/secure.gravatar.com\/avatar\/9ecaf7327a696cb23ad926fedded5f1f04d7049de9e445375d55b48c001a6e42?s=96&d=mm&r=g\",\"caption\":\"Reda\u00e7\u00e3o\"},\"url\":\"https:\/\/brasilnoticias.org\/site\/author\/henrique\/\"}]}<\/script>\n<!-- \/ Yoast SEO plugin. -->","yoast_head_json":{"title":"Genial\/Quaest: Rui Costa e Wagner lideram disputa ao Senado na Bahia - Brasil not\u00edcias","robots":{"index":"index","follow":"follow","max-snippet":"max-snippet:-1","max-image-preview":"max-image-preview:large","max-video-preview":"max-video-preview:-1"},"canonical":"https:\/\/brasilnoticias.org\/site\/genial-quaest-rui-costa-e-wagner-lideram-disputa-ao-senado-na-bahia\/","og_locale":"pt_PT","og_type":"article","og_title":"Genial\/Quaest: Rui Costa e Wagner lideram disputa ao Senado na Bahia - Brasil not\u00edcias","og_description":"A\u00a0pesquisa Genial\/Quaest\u00a0divulgada nesta quarta-feira (29) mostra o cen\u00e1rio da disputa pelo Senado na Bahia com lideran\u00e7a de nomes ligados ao","og_url":"https:\/\/brasilnoticias.org\/site\/genial-quaest-rui-costa-e-wagner-lideram-disputa-ao-senado-na-bahia\/","og_site_name":"Brasil not\u00edcias","article_published_time":"2026-04-29T13:21:26+00:00","og_image":[{"width":1135,"height":638,"url":"https:\/\/brasilnoticias.org\/site\/wp-content\/uploads\/2026\/04\/WhatsApp-Image-2026-02-24-at-13.25.03.jpeg","type":"image\/jpeg"}],"author":"Reda\u00e7\u00e3o","twitter_card":"summary_large_image","twitter_misc":{"Escrito por":"Reda\u00e7\u00e3o","Tempo estimado de leitura":"2 minutos"},"schema":{"@context":"https:\/\/schema.org","@graph":[{"@type":"Article","@id":"https:\/\/brasilnoticias.org\/site\/genial-quaest-rui-costa-e-wagner-lideram-disputa-ao-senado-na-bahia\/#article","isPartOf":{"@id":"https:\/\/brasilnoticias.org\/site\/genial-quaest-rui-costa-e-wagner-lideram-disputa-ao-senado-na-bahia\/"},"author":{"name":"Reda\u00e7\u00e3o","@id":"https:\/\/brasilnoticias.org\/site\/#\/schema\/person\/03bbbfe6c7634ad18c26444ea39049fa"},"headline":"Genial\/Quaest: Rui Costa e Wagner lideram disputa ao Senado na Bahia","datePublished":"2026-04-29T13:21:26+00:00","mainEntityOfPage":{"@id":"https:\/\/brasilnoticias.org\/site\/genial-quaest-rui-costa-e-wagner-lideram-disputa-ao-senado-na-bahia\/"},"wordCount":250,"commentCount":0,"publisher":{"@id":"https:\/\/brasilnoticias.org\/site\/#organization"},"image":{"@id":"https:\/\/brasilnoticias.org\/site\/genial-quaest-rui-costa-e-wagner-lideram-disputa-ao-senado-na-bahia\/#primaryimage"},"thumbnailUrl":"https:\/\/brasilnoticias.org\/site\/wp-content\/uploads\/2026\/04\/WhatsApp-Image-2026-02-24-at-13.25.03.jpeg","articleSection":["Pol\u00edtica","\u00daltimas"],"inLanguage":"pt-PT","potentialAction":[{"@type":"CommentAction","name":"Comment","target":["https:\/\/brasilnoticias.org\/site\/genial-quaest-rui-costa-e-wagner-lideram-disputa-ao-senado-na-bahia\/#respond"]}]},{"@type":"WebPage","@id":"https:\/\/brasilnoticias.org\/site\/genial-quaest-rui-costa-e-wagner-lideram-disputa-ao-senado-na-bahia\/","url":"https:\/\/brasilnoticias.org\/site\/genial-quaest-rui-costa-e-wagner-lideram-disputa-ao-senado-na-bahia\/","name":"Genial\/Quaest: Rui Costa e Wagner lideram disputa ao Senado na Bahia - Brasil not\u00edcias","isPartOf":{"@id":"https:\/\/brasilnoticias.org\/site\/#website"},"primaryImageOfPage":{"@id":"https:\/\/brasilnoticias.org\/site\/genial-quaest-rui-costa-e-wagner-lideram-disputa-ao-senado-na-bahia\/#primaryimage"},"image":{"@id":"https:\/\/brasilnoticias.org\/site\/genial-quaest-rui-costa-e-wagner-lideram-disputa-ao-senado-na-bahia\/#primaryimage"},"thumbnailUrl":"https:\/\/brasilnoticias.org\/site\/wp-content\/uploads\/2026\/04\/WhatsApp-Image-2026-02-24-at-13.25.03.jpeg","datePublished":"2026-04-29T13:21:26+00:00","breadcrumb":{"@id":"https:\/\/brasilnoticias.org\/site\/genial-quaest-rui-costa-e-wagner-lideram-disputa-ao-senado-na-bahia\/#breadcrumb"},"inLanguage":"pt-PT","potentialAction":[{"@type":"ReadAction","target":["https:\/\/brasilnoticias.org\/site\/genial-quaest-rui-costa-e-wagner-lideram-disputa-ao-senado-na-bahia\/"]}]},{"@type":"ImageObject","inLanguage":"pt-PT","@id":"https:\/\/brasilnoticias.org\/site\/genial-quaest-rui-costa-e-wagner-lideram-disputa-ao-senado-na-bahia\/#primaryimage","url":"https:\/\/brasilnoticias.org\/site\/wp-content\/uploads\/2026\/04\/WhatsApp-Image-2026-02-24-at-13.25.03.jpeg","contentUrl":"https:\/\/brasilnoticias.org\/site\/wp-content\/uploads\/2026\/04\/WhatsApp-Image-2026-02-24-at-13.25.03.jpeg","width":1135,"height":638,"caption":"Foto: Roque de S\u00e1 \/ Andressa Anholete \/ Edilson Rodrigues | Ag\u00eancia Senado"},{"@type":"BreadcrumbList","@id":"https:\/\/brasilnoticias.org\/site\/genial-quaest-rui-costa-e-wagner-lideram-disputa-ao-senado-na-bahia\/#breadcrumb","itemListElement":[{"@type":"ListItem","position":1,"name":"In\u00edcio","item":"https:\/\/brasilnoticias.org\/site\/"},{"@type":"ListItem","position":2,"name":"Genial\/Quaest: Rui Costa e Wagner lideram disputa ao Senado na Bahia"}]},{"@type":"WebSite","@id":"https:\/\/brasilnoticias.org\/site\/#website","url":"https:\/\/brasilnoticias.org\/site\/","name":"Brasil not\u00edcias","description":"Brasil not\u00edcias","publisher":{"@id":"https:\/\/brasilnoticias.org\/site\/#organization"},"potentialAction":[{"@type":"SearchAction","target":{"@type":"EntryPoint","urlTemplate":"https:\/\/brasilnoticias.org\/site\/?s={search_term_string}"},"query-input":{"@type":"PropertyValueSpecification","valueRequired":true,"valueName":"search_term_string"}}],"inLanguage":"pt-PT"},{"@type":"Organization","@id":"https:\/\/brasilnoticias.org\/site\/#organization","name":"Brasil not\u00edcias","url":"https:\/\/brasilnoticias.org\/site\/","logo":{"@type":"ImageObject","inLanguage":"pt-PT","@id":"https:\/\/brasilnoticias.org\/site\/#\/schema\/logo\/image\/","url":"https:\/\/brasilnoticias.org\/site\/wp-content\/uploads\/2022\/05\/cropped-brasilnoticias-mini.jpg","contentUrl":"https:\/\/brasilnoticias.org\/site\/wp-content\/uploads\/2022\/05\/cropped-brasilnoticias-mini.jpg","width":314,"height":86,"caption":"Brasil not\u00edcias"},"image":{"@id":"https:\/\/brasilnoticias.org\/site\/#\/schema\/logo\/image\/"}},{"@type":"Person","@id":"https:\/\/brasilnoticias.org\/site\/#\/schema\/person\/03bbbfe6c7634ad18c26444ea39049fa","name":"Reda\u00e7\u00e3o","image":{"@type":"ImageObject","inLanguage":"pt-PT","@id":"https:\/\/brasilnoticias.org\/site\/#\/schema\/person\/image\/","url":"https:\/\/secure.gravatar.com\/avatar\/9ecaf7327a696cb23ad926fedded5f1f04d7049de9e445375d55b48c001a6e42?s=96&d=mm&r=g","contentUrl":"https:\/\/secure.gravatar.com\/avatar\/9ecaf7327a696cb23ad926fedded5f1f04d7049de9e445375d55b48c001a6e42?s=96&d=mm&r=g","caption":"Reda\u00e7\u00e3o"},"url":"https:\/\/brasilnoticias.org\/site\/author\/henrique\/"}]}},"_links":{"self":[{"href":"https:\/\/brasilnoticias.org\/site\/wp-json\/wp\/v2\/posts\/21873","targetHints":{"allow":["GET"]}}],"collection":[{"href":"https:\/\/brasilnoticias.org\/site\/wp-json\/wp\/v2\/posts"}],"about":[{"href":"https:\/\/brasilnoticias.org\/site\/wp-json\/wp\/v2\/types\/post"}],"author":[{"embeddable":true,"href":"https:\/\/brasilnoticias.org\/site\/wp-json\/wp\/v2\/users\/4"}],"replies":[{"embeddable":true,"href":"https:\/\/brasilnoticias.org\/site\/wp-json\/wp\/v2\/comments?post=21873"}],"version-history":[{"count":1,"href":"https:\/\/brasilnoticias.org\/site\/wp-json\/wp\/v2\/posts\/21873\/revisions"}],"predecessor-version":[{"id":21875,"href":"https:\/\/brasilnoticias.org\/site\/wp-json\/wp\/v2\/posts\/21873\/revisions\/21875"}],"wp:featuredmedia":[{"embeddable":true,"href":"https:\/\/brasilnoticias.org\/site\/wp-json\/wp\/v2\/media\/21874"}],"wp:attachment":[{"href":"https:\/\/brasilnoticias.org\/site\/wp-json\/wp\/v2\/media?parent=21873"}],"wp:term":[{"taxonomy":"category","embeddable":true,"href":"https:\/\/brasilnoticias.org\/site\/wp-json\/wp\/v2\/categories?post=21873"},{"taxonomy":"post_tag","embeddable":true,"href":"https:\/\/brasilnoticias.org\/site\/wp-json\/wp\/v2\/tags?post=21873"}],"curies":[{"name":"wp","href":"https:\/\/api.w.org\/{rel}","templated":true}]}}