{"id":21882,"date":"2026-04-30T06:30:19","date_gmt":"2026-04-30T09:30:19","guid":{"rendered":"https:\/\/brasilnoticias.org\/site\/?p=21882"},"modified":"2026-04-30T06:30:19","modified_gmt":"2026-04-30T09:30:19","slug":"vitoria-empata-com-o-confianca-confirma-lideranca-e-avanca-as-quartas-da-copa-do-nordeste","status":"publish","type":"post","link":"https:\/\/brasilnoticias.org\/site\/vitoria-empata-com-o-confianca-confirma-lideranca-e-avanca-as-quartas-da-copa-do-nordeste\/","title":{"rendered":"Vit\u00f3ria empata com o Confian\u00e7a, confirma lideran\u00e7a e avan\u00e7a \u00e0s quartas da Copa do Nordeste"},"content":{"rendered":"<p data-start=\"352\" data-end=\"662\">O Vit\u00f3ria empatou em <strong data-start=\"373\" data-end=\"398\">2 a 2 com o Confian\u00e7a<\/strong>, na noite desta quarta-feira (29), no est\u00e1dio Batist\u00e3o, em Aracaju, pela \u00faltima rodada da fase de grupos da Copa do Nordeste, e confirmou a <strong data-start=\"539\" data-end=\"563\">lideran\u00e7a do Grupo A<\/strong>, avan\u00e7ando ao mata-mata com vantagem de decidir em Salvador.<\/p>\n<p data-start=\"664\" data-end=\"1101\">O Rubro-Negro abriu o placar logo aos sete minutos com <strong data-start=\"719\" data-end=\"734\">Renzo L\u00f3pez<\/strong>, de cabe\u00e7a, ap\u00f3s cruzamento preciso de Erick. O time sergipano respondeu rapidamente e empatou com <strong data-start=\"834\" data-end=\"850\">Gabriel Zeca<\/strong>, ainda no primeiro tempo. Antes do intervalo, Erick voltou a aparecer bem, finalizou forte, a bola bateu na trave, nas costas do goleiro Rafael Pascoal e morreu no fundo das redes, recolocando o Le\u00e3o em vantagem.<\/p>\n<h2 data-section-id=\"1bhkmh0\" data-start=\"1103\" data-end=\"1137\">Confian\u00e7a reage e evita derrota<\/h2>\n<p data-start=\"1139\" data-end=\"1562\">Na segunda etapa, o Confian\u00e7a voltou mais agressivo e chegou ao empate definitivo logo aos seis minutos, com <strong data-start=\"1248\" data-end=\"1256\">Iago<\/strong>, que acertou um chute forte de fora da \u00e1rea, sem chances para Lucas Arcanjo. A partir da\u00ed, o Vit\u00f3ria ainda criou boas oportunidades \u2014 incluindo bolas na trave e uma defesa importante do goleiro advers\u00e1rio \u2014, mas n\u00e3o conseguiu transformar o volume ofensivo em vit\u00f3ria.<\/p>\n<p data-start=\"1564\" data-end=\"1813\">Apesar do trope\u00e7o fora de casa, o ponto conquistado foi suficiente para assegurar o Vit\u00f3ria na <strong data-start=\"1659\" data-end=\"1705\">primeira coloca\u00e7\u00e3o da chave, com 10 pontos<\/strong>, coroando uma campanha s\u00f3lida na fase inicial da competi\u00e7\u00e3o regional.<\/p>\n<h2 data-section-id=\"155wfh0\" data-start=\"1815\" data-end=\"1853\">Cear\u00e1 ser\u00e1 o advers\u00e1rio nas quartas<\/h2>\n<p data-start=\"1855\" data-end=\"2208\">Com a lideran\u00e7a confirmada, o Vit\u00f3ria agora enfrentar\u00e1 o <strong data-start=\"1912\" data-end=\"1921\">Cear\u00e1<\/strong>, segundo colocado de sua chave, em <strong data-start=\"1957\" data-end=\"1994\">jogo \u00fanico pelas quartas de final<\/strong>, no Barrad\u00e3o. A partida est\u00e1 prevista para os dias <strong data-start=\"2046\" data-end=\"2064\">6 ou 7 de maio<\/strong>, e o mando de campo pode ser um fator importante para o Le\u00e3o seguir vivo na busca pelo t\u00edtulo nordestino.<\/p>\n<p data-start=\"2210\" data-end=\"2521\">Ap\u00f3s a classifica\u00e7\u00e3o, o t\u00e9cnico <strong data-start=\"2242\" data-end=\"2258\">Jair Ventura<\/strong> valorizou o desempenho da equipe e destacou o objetivo cumprido na fase de grupos. Segundo o treinador, mesmo diante de dificuldades recentes, o time conseguiu manter competitividade e garantir a vantagem de decidir em casa.<\/p>\n<h2 data-section-id=\"1jqn4yj\" data-start=\"2523\" data-end=\"2551\">Foco volta ao Brasileir\u00e3o<\/h2>\n<p data-start=\"2553\" data-end=\"2869\">Antes de pensar no mata-mata regional, o Vit\u00f3ria volta suas aten\u00e7\u00f5es para o <strong data-start=\"2629\" data-end=\"2654\">Campeonato Brasileiro<\/strong>, onde busca se afastar da zona de rebaixamento. O pr\u00f3ximo compromisso ser\u00e1 diante do <strong data-start=\"2740\" data-end=\"2752\">Coritiba<\/strong>, novamente no Barrad\u00e3o, em confronto importante para a sequ\u00eancia da temporada.<\/p>\n","protected":false},"excerpt":{"rendered":"<p>O Vit\u00f3ria empatou em 2 a 2 com o Confian\u00e7a, na noite desta quarta-feira (29), no est\u00e1dio Batist\u00e3o, em Aracaju,<\/p>\n","protected":false},"author":4,"featured_media":21883,"comment_status":"open","ping_status":"open","sticky":false,"template":"","format":"standard","meta":{"colormag_page_container_layout":"default_layout","colormag_page_sidebar_layout":"default_layout","_FSMCFIC_featured_image_caption":"","_FSMCFIC_featured_image_nocaption":"","_FSMCFIC_featured_image_hide":"","footnotes":""},"categories":[4,1],"tags":[],"class_list":["post-21882","post","type-post","status-publish","format-standard","has-post-thumbnail","hentry","category-esporte","category-ultimas"],"yoast_head":"<!-- This site is optimized with the Yoast SEO plugin v27.1.1 - https:\/\/yoast.com\/product\/yoast-seo-wordpress\/ -->\n<title>Vit\u00f3ria empata com o Confian\u00e7a, confirma lideran\u00e7a e avan\u00e7a \u00e0s quartas da Copa do Nordeste - Brasil not\u00edcias<\/title>\n<meta name=\"robots\" content=\"index, follow, max-snippet:-1, max-image-preview:large, max-video-preview:-1\" \/>\n<link rel=\"canonical\" href=\"https:\/\/brasilnoticias.org\/site\/vitoria-empata-com-o-confianca-confirma-lideranca-e-avanca-as-quartas-da-copa-do-nordeste\/\" \/>\n<meta property=\"og:locale\" content=\"pt_PT\" \/>\n<meta property=\"og:type\" content=\"article\" \/>\n<meta property=\"og:title\" content=\"Vit\u00f3ria empata com o Confian\u00e7a, confirma lideran\u00e7a e avan\u00e7a \u00e0s quartas da Copa do Nordeste - Brasil not\u00edcias\" \/>\n<meta property=\"og:description\" content=\"O Vit\u00f3ria empatou em 2 a 2 com o Confian\u00e7a, na noite desta quarta-feira (29), no est\u00e1dio Batist\u00e3o, em Aracaju,\" \/>\n<meta property=\"og:url\" content=\"https:\/\/brasilnoticias.org\/site\/vitoria-empata-com-o-confianca-confirma-lideranca-e-avanca-as-quartas-da-copa-do-nordeste\/\" \/>\n<meta property=\"og:site_name\" content=\"Brasil not\u00edcias\" \/>\n<meta property=\"article:published_time\" content=\"2026-04-30T09:30:19+00:00\" \/>\n<meta property=\"og:image\" content=\"https:\/\/brasilnoticias.org\/site\/wp-content\/uploads\/2026\/04\/181820vitoria-empata-com-o-confianca-mas-avanca-em-1-do-grupo-no-nordestao-3.jpg\" \/>\n\t<meta property=\"og:image:width\" content=\"1600\" \/>\n\t<meta property=\"og:image:height\" content=\"752\" \/>\n\t<meta property=\"og:image:type\" content=\"image\/jpeg\" \/>\n<meta name=\"author\" content=\"Reda\u00e7\u00e3o\" \/>\n<meta name=\"twitter:card\" content=\"summary_large_image\" \/>\n<meta name=\"twitter:label1\" content=\"Escrito por\" \/>\n\t<meta name=\"twitter:data1\" content=\"Reda\u00e7\u00e3o\" \/>\n\t<meta name=\"twitter:label2\" content=\"Tempo estimado de leitura\" \/>\n\t<meta name=\"twitter:data2\" content=\"3 minutos\" \/>\n<script type=\"application\/ld+json\" class=\"yoast-schema-graph\">{\"@context\":\"https:\/\/schema.org\",\"@graph\":[{\"@type\":\"Article\",\"@id\":\"https:\/\/brasilnoticias.org\/site\/vitoria-empata-com-o-confianca-confirma-lideranca-e-avanca-as-quartas-da-copa-do-nordeste\/#article\",\"isPartOf\":{\"@id\":\"https:\/\/brasilnoticias.org\/site\/vitoria-empata-com-o-confianca-confirma-lideranca-e-avanca-as-quartas-da-copa-do-nordeste\/\"},\"author\":{\"name\":\"Reda\u00e7\u00e3o\",\"@id\":\"https:\/\/brasilnoticias.org\/site\/#\/schema\/person\/03bbbfe6c7634ad18c26444ea39049fa\"},\"headline\":\"Vit\u00f3ria empata com o Confian\u00e7a, confirma lideran\u00e7a e avan\u00e7a \u00e0s quartas da Copa do Nordeste\",\"datePublished\":\"2026-04-30T09:30:19+00:00\",\"mainEntityOfPage\":{\"@id\":\"https:\/\/brasilnoticias.org\/site\/vitoria-empata-com-o-confianca-confirma-lideranca-e-avanca-as-quartas-da-copa-do-nordeste\/\"},\"wordCount\":410,\"commentCount\":0,\"publisher\":{\"@id\":\"https:\/\/brasilnoticias.org\/site\/#organization\"},\"image\":{\"@id\":\"https:\/\/brasilnoticias.org\/site\/vitoria-empata-com-o-confianca-confirma-lideranca-e-avanca-as-quartas-da-copa-do-nordeste\/#primaryimage\"},\"thumbnailUrl\":\"https:\/\/brasilnoticias.org\/site\/wp-content\/uploads\/2026\/04\/181820vitoria-empata-com-o-confianca-mas-avanca-em-1-do-grupo-no-nordestao-3.jpg\",\"articleSection\":[\"Esporte\",\"\u00daltimas\"],\"inLanguage\":\"pt-PT\",\"potentialAction\":[{\"@type\":\"CommentAction\",\"name\":\"Comment\",\"target\":[\"https:\/\/brasilnoticias.org\/site\/vitoria-empata-com-o-confianca-confirma-lideranca-e-avanca-as-quartas-da-copa-do-nordeste\/#respond\"]}]},{\"@type\":\"WebPage\",\"@id\":\"https:\/\/brasilnoticias.org\/site\/vitoria-empata-com-o-confianca-confirma-lideranca-e-avanca-as-quartas-da-copa-do-nordeste\/\",\"url\":\"https:\/\/brasilnoticias.org\/site\/vitoria-empata-com-o-confianca-confirma-lideranca-e-avanca-as-quartas-da-copa-do-nordeste\/\",\"name\":\"Vit\u00f3ria empata com o Confian\u00e7a, confirma lideran\u00e7a e avan\u00e7a \u00e0s quartas da Copa do Nordeste - Brasil not\u00edcias\",\"isPartOf\":{\"@id\":\"https:\/\/brasilnoticias.org\/site\/#website\"},\"primaryImageOfPage\":{\"@id\":\"https:\/\/brasilnoticias.org\/site\/vitoria-empata-com-o-confianca-confirma-lideranca-e-avanca-as-quartas-da-copa-do-nordeste\/#primaryimage\"},\"image\":{\"@id\":\"https:\/\/brasilnoticias.org\/site\/vitoria-empata-com-o-confianca-confirma-lideranca-e-avanca-as-quartas-da-copa-do-nordeste\/#primaryimage\"},\"thumbnailUrl\":\"https:\/\/brasilnoticias.org\/site\/wp-content\/uploads\/2026\/04\/181820vitoria-empata-com-o-confianca-mas-avanca-em-1-do-grupo-no-nordestao-3.jpg\",\"datePublished\":\"2026-04-30T09:30:19+00:00\",\"breadcrumb\":{\"@id\":\"https:\/\/brasilnoticias.org\/site\/vitoria-empata-com-o-confianca-confirma-lideranca-e-avanca-as-quartas-da-copa-do-nordeste\/#breadcrumb\"},\"inLanguage\":\"pt-PT\",\"potentialAction\":[{\"@type\":\"ReadAction\",\"target\":[\"https:\/\/brasilnoticias.org\/site\/vitoria-empata-com-o-confianca-confirma-lideranca-e-avanca-as-quartas-da-copa-do-nordeste\/\"]}]},{\"@type\":\"ImageObject\",\"inLanguage\":\"pt-PT\",\"@id\":\"https:\/\/brasilnoticias.org\/site\/vitoria-empata-com-o-confianca-confirma-lideranca-e-avanca-as-quartas-da-copa-do-nordeste\/#primaryimage\",\"url\":\"https:\/\/brasilnoticias.org\/site\/wp-content\/uploads\/2026\/04\/181820vitoria-empata-com-o-confianca-mas-avanca-em-1-do-grupo-no-nordestao-3.jpg\",\"contentUrl\":\"https:\/\/brasilnoticias.org\/site\/wp-content\/uploads\/2026\/04\/181820vitoria-empata-com-o-confianca-mas-avanca-em-1-do-grupo-no-nordestao-3.jpg\",\"width\":1600,\"height\":752,\"caption\":\"Foto: Victor Ferreira\/EC Vit\u00f3ria\"},{\"@type\":\"BreadcrumbList\",\"@id\":\"https:\/\/brasilnoticias.org\/site\/vitoria-empata-com-o-confianca-confirma-lideranca-e-avanca-as-quartas-da-copa-do-nordeste\/#breadcrumb\",\"itemListElement\":[{\"@type\":\"ListItem\",\"position\":1,\"name\":\"In\u00edcio\",\"item\":\"https:\/\/brasilnoticias.org\/site\/\"},{\"@type\":\"ListItem\",\"position\":2,\"name\":\"Vit\u00f3ria empata com o Confian\u00e7a, confirma lideran\u00e7a e avan\u00e7a \u00e0s quartas da Copa do Nordeste\"}]},{\"@type\":\"WebSite\",\"@id\":\"https:\/\/brasilnoticias.org\/site\/#website\",\"url\":\"https:\/\/brasilnoticias.org\/site\/\",\"name\":\"Brasil not\u00edcias\",\"description\":\"Brasil not\u00edcias\",\"publisher\":{\"@id\":\"https:\/\/brasilnoticias.org\/site\/#organization\"},\"potentialAction\":[{\"@type\":\"SearchAction\",\"target\":{\"@type\":\"EntryPoint\",\"urlTemplate\":\"https:\/\/brasilnoticias.org\/site\/?s={search_term_string}\"},\"query-input\":{\"@type\":\"PropertyValueSpecification\",\"valueRequired\":true,\"valueName\":\"search_term_string\"}}],\"inLanguage\":\"pt-PT\"},{\"@type\":\"Organization\",\"@id\":\"https:\/\/brasilnoticias.org\/site\/#organization\",\"name\":\"Brasil not\u00edcias\",\"url\":\"https:\/\/brasilnoticias.org\/site\/\",\"logo\":{\"@type\":\"ImageObject\",\"inLanguage\":\"pt-PT\",\"@id\":\"https:\/\/brasilnoticias.org\/site\/#\/schema\/logo\/image\/\",\"url\":\"https:\/\/brasilnoticias.org\/site\/wp-content\/uploads\/2022\/05\/cropped-brasilnoticias-mini.jpg\",\"contentUrl\":\"https:\/\/brasilnoticias.org\/site\/wp-content\/uploads\/2022\/05\/cropped-brasilnoticias-mini.jpg\",\"width\":314,\"height\":86,\"caption\":\"Brasil not\u00edcias\"},\"image\":{\"@id\":\"https:\/\/brasilnoticias.org\/site\/#\/schema\/logo\/image\/\"}},{\"@type\":\"Person\",\"@id\":\"https:\/\/brasilnoticias.org\/site\/#\/schema\/person\/03bbbfe6c7634ad18c26444ea39049fa\",\"name\":\"Reda\u00e7\u00e3o\",\"image\":{\"@type\":\"ImageObject\",\"inLanguage\":\"pt-PT\",\"@id\":\"https:\/\/brasilnoticias.org\/site\/#\/schema\/person\/image\/\",\"url\":\"https:\/\/secure.gravatar.com\/avatar\/9ecaf7327a696cb23ad926fedded5f1f04d7049de9e445375d55b48c001a6e42?s=96&d=mm&r=g\",\"contentUrl\":\"https:\/\/secure.gravatar.com\/avatar\/9ecaf7327a696cb23ad926fedded5f1f04d7049de9e445375d55b48c001a6e42?s=96&d=mm&r=g\",\"caption\":\"Reda\u00e7\u00e3o\"},\"url\":\"https:\/\/brasilnoticias.org\/site\/author\/henrique\/\"}]}<\/script>\n<!-- \/ Yoast SEO plugin. -->","yoast_head_json":{"title":"Vit\u00f3ria empata com o Confian\u00e7a, confirma lideran\u00e7a e avan\u00e7a \u00e0s quartas da Copa do Nordeste - Brasil not\u00edcias","robots":{"index":"index","follow":"follow","max-snippet":"max-snippet:-1","max-image-preview":"max-image-preview:large","max-video-preview":"max-video-preview:-1"},"canonical":"https:\/\/brasilnoticias.org\/site\/vitoria-empata-com-o-confianca-confirma-lideranca-e-avanca-as-quartas-da-copa-do-nordeste\/","og_locale":"pt_PT","og_type":"article","og_title":"Vit\u00f3ria empata com o Confian\u00e7a, confirma lideran\u00e7a e avan\u00e7a \u00e0s quartas da Copa do Nordeste - Brasil not\u00edcias","og_description":"O Vit\u00f3ria empatou em 2 a 2 com o Confian\u00e7a, na noite desta quarta-feira (29), no est\u00e1dio Batist\u00e3o, em Aracaju,","og_url":"https:\/\/brasilnoticias.org\/site\/vitoria-empata-com-o-confianca-confirma-lideranca-e-avanca-as-quartas-da-copa-do-nordeste\/","og_site_name":"Brasil not\u00edcias","article_published_time":"2026-04-30T09:30:19+00:00","og_image":[{"width":1600,"height":752,"url":"https:\/\/brasilnoticias.org\/site\/wp-content\/uploads\/2026\/04\/181820vitoria-empata-com-o-confianca-mas-avanca-em-1-do-grupo-no-nordestao-3.jpg","type":"image\/jpeg"}],"author":"Reda\u00e7\u00e3o","twitter_card":"summary_large_image","twitter_misc":{"Escrito por":"Reda\u00e7\u00e3o","Tempo estimado de leitura":"3 minutos"},"schema":{"@context":"https:\/\/schema.org","@graph":[{"@type":"Article","@id":"https:\/\/brasilnoticias.org\/site\/vitoria-empata-com-o-confianca-confirma-lideranca-e-avanca-as-quartas-da-copa-do-nordeste\/#article","isPartOf":{"@id":"https:\/\/brasilnoticias.org\/site\/vitoria-empata-com-o-confianca-confirma-lideranca-e-avanca-as-quartas-da-copa-do-nordeste\/"},"author":{"name":"Reda\u00e7\u00e3o","@id":"https:\/\/brasilnoticias.org\/site\/#\/schema\/person\/03bbbfe6c7634ad18c26444ea39049fa"},"headline":"Vit\u00f3ria empata com o Confian\u00e7a, confirma lideran\u00e7a e avan\u00e7a \u00e0s quartas da Copa do Nordeste","datePublished":"2026-04-30T09:30:19+00:00","mainEntityOfPage":{"@id":"https:\/\/brasilnoticias.org\/site\/vitoria-empata-com-o-confianca-confirma-lideranca-e-avanca-as-quartas-da-copa-do-nordeste\/"},"wordCount":410,"commentCount":0,"publisher":{"@id":"https:\/\/brasilnoticias.org\/site\/#organization"},"image":{"@id":"https:\/\/brasilnoticias.org\/site\/vitoria-empata-com-o-confianca-confirma-lideranca-e-avanca-as-quartas-da-copa-do-nordeste\/#primaryimage"},"thumbnailUrl":"https:\/\/brasilnoticias.org\/site\/wp-content\/uploads\/2026\/04\/181820vitoria-empata-com-o-confianca-mas-avanca-em-1-do-grupo-no-nordestao-3.jpg","articleSection":["Esporte","\u00daltimas"],"inLanguage":"pt-PT","potentialAction":[{"@type":"CommentAction","name":"Comment","target":["https:\/\/brasilnoticias.org\/site\/vitoria-empata-com-o-confianca-confirma-lideranca-e-avanca-as-quartas-da-copa-do-nordeste\/#respond"]}]},{"@type":"WebPage","@id":"https:\/\/brasilnoticias.org\/site\/vitoria-empata-com-o-confianca-confirma-lideranca-e-avanca-as-quartas-da-copa-do-nordeste\/","url":"https:\/\/brasilnoticias.org\/site\/vitoria-empata-com-o-confianca-confirma-lideranca-e-avanca-as-quartas-da-copa-do-nordeste\/","name":"Vit\u00f3ria empata com o Confian\u00e7a, confirma lideran\u00e7a e avan\u00e7a \u00e0s quartas da Copa do Nordeste - Brasil not\u00edcias","isPartOf":{"@id":"https:\/\/brasilnoticias.org\/site\/#website"},"primaryImageOfPage":{"@id":"https:\/\/brasilnoticias.org\/site\/vitoria-empata-com-o-confianca-confirma-lideranca-e-avanca-as-quartas-da-copa-do-nordeste\/#primaryimage"},"image":{"@id":"https:\/\/brasilnoticias.org\/site\/vitoria-empata-com-o-confianca-confirma-lideranca-e-avanca-as-quartas-da-copa-do-nordeste\/#primaryimage"},"thumbnailUrl":"https:\/\/brasilnoticias.org\/site\/wp-content\/uploads\/2026\/04\/181820vitoria-empata-com-o-confianca-mas-avanca-em-1-do-grupo-no-nordestao-3.jpg","datePublished":"2026-04-30T09:30:19+00:00","breadcrumb":{"@id":"https:\/\/brasilnoticias.org\/site\/vitoria-empata-com-o-confianca-confirma-lideranca-e-avanca-as-quartas-da-copa-do-nordeste\/#breadcrumb"},"inLanguage":"pt-PT","potentialAction":[{"@type":"ReadAction","target":["https:\/\/brasilnoticias.org\/site\/vitoria-empata-com-o-confianca-confirma-lideranca-e-avanca-as-quartas-da-copa-do-nordeste\/"]}]},{"@type":"ImageObject","inLanguage":"pt-PT","@id":"https:\/\/brasilnoticias.org\/site\/vitoria-empata-com-o-confianca-confirma-lideranca-e-avanca-as-quartas-da-copa-do-nordeste\/#primaryimage","url":"https:\/\/brasilnoticias.org\/site\/wp-content\/uploads\/2026\/04\/181820vitoria-empata-com-o-confianca-mas-avanca-em-1-do-grupo-no-nordestao-3.jpg","contentUrl":"https:\/\/brasilnoticias.org\/site\/wp-content\/uploads\/2026\/04\/181820vitoria-empata-com-o-confianca-mas-avanca-em-1-do-grupo-no-nordestao-3.jpg","width":1600,"height":752,"caption":"Foto: Victor Ferreira\/EC Vit\u00f3ria"},{"@type":"BreadcrumbList","@id":"https:\/\/brasilnoticias.org\/site\/vitoria-empata-com-o-confianca-confirma-lideranca-e-avanca-as-quartas-da-copa-do-nordeste\/#breadcrumb","itemListElement":[{"@type":"ListItem","position":1,"name":"In\u00edcio","item":"https:\/\/brasilnoticias.org\/site\/"},{"@type":"ListItem","position":2,"name":"Vit\u00f3ria empata com o Confian\u00e7a, confirma lideran\u00e7a e avan\u00e7a \u00e0s quartas da Copa do Nordeste"}]},{"@type":"WebSite","@id":"https:\/\/brasilnoticias.org\/site\/#website","url":"https:\/\/brasilnoticias.org\/site\/","name":"Brasil not\u00edcias","description":"Brasil not\u00edcias","publisher":{"@id":"https:\/\/brasilnoticias.org\/site\/#organization"},"potentialAction":[{"@type":"SearchAction","target":{"@type":"EntryPoint","urlTemplate":"https:\/\/brasilnoticias.org\/site\/?s={search_term_string}"},"query-input":{"@type":"PropertyValueSpecification","valueRequired":true,"valueName":"search_term_string"}}],"inLanguage":"pt-PT"},{"@type":"Organization","@id":"https:\/\/brasilnoticias.org\/site\/#organization","name":"Brasil not\u00edcias","url":"https:\/\/brasilnoticias.org\/site\/","logo":{"@type":"ImageObject","inLanguage":"pt-PT","@id":"https:\/\/brasilnoticias.org\/site\/#\/schema\/logo\/image\/","url":"https:\/\/brasilnoticias.org\/site\/wp-content\/uploads\/2022\/05\/cropped-brasilnoticias-mini.jpg","contentUrl":"https:\/\/brasilnoticias.org\/site\/wp-content\/uploads\/2022\/05\/cropped-brasilnoticias-mini.jpg","width":314,"height":86,"caption":"Brasil not\u00edcias"},"image":{"@id":"https:\/\/brasilnoticias.org\/site\/#\/schema\/logo\/image\/"}},{"@type":"Person","@id":"https:\/\/brasilnoticias.org\/site\/#\/schema\/person\/03bbbfe6c7634ad18c26444ea39049fa","name":"Reda\u00e7\u00e3o","image":{"@type":"ImageObject","inLanguage":"pt-PT","@id":"https:\/\/brasilnoticias.org\/site\/#\/schema\/person\/image\/","url":"https:\/\/secure.gravatar.com\/avatar\/9ecaf7327a696cb23ad926fedded5f1f04d7049de9e445375d55b48c001a6e42?s=96&d=mm&r=g","contentUrl":"https:\/\/secure.gravatar.com\/avatar\/9ecaf7327a696cb23ad926fedded5f1f04d7049de9e445375d55b48c001a6e42?s=96&d=mm&r=g","caption":"Reda\u00e7\u00e3o"},"url":"https:\/\/brasilnoticias.org\/site\/author\/henrique\/"}]}},"_links":{"self":[{"href":"https:\/\/brasilnoticias.org\/site\/wp-json\/wp\/v2\/posts\/21882","targetHints":{"allow":["GET"]}}],"collection":[{"href":"https:\/\/brasilnoticias.org\/site\/wp-json\/wp\/v2\/posts"}],"about":[{"href":"https:\/\/brasilnoticias.org\/site\/wp-json\/wp\/v2\/types\/post"}],"author":[{"embeddable":true,"href":"https:\/\/brasilnoticias.org\/site\/wp-json\/wp\/v2\/users\/4"}],"replies":[{"embeddable":true,"href":"https:\/\/brasilnoticias.org\/site\/wp-json\/wp\/v2\/comments?post=21882"}],"version-history":[{"count":1,"href":"https:\/\/brasilnoticias.org\/site\/wp-json\/wp\/v2\/posts\/21882\/revisions"}],"predecessor-version":[{"id":21884,"href":"https:\/\/brasilnoticias.org\/site\/wp-json\/wp\/v2\/posts\/21882\/revisions\/21884"}],"wp:featuredmedia":[{"embeddable":true,"href":"https:\/\/brasilnoticias.org\/site\/wp-json\/wp\/v2\/media\/21883"}],"wp:attachment":[{"href":"https:\/\/brasilnoticias.org\/site\/wp-json\/wp\/v2\/media?parent=21882"}],"wp:term":[{"taxonomy":"category","embeddable":true,"href":"https:\/\/brasilnoticias.org\/site\/wp-json\/wp\/v2\/categories?post=21882"},{"taxonomy":"post_tag","embeddable":true,"href":"https:\/\/brasilnoticias.org\/site\/wp-json\/wp\/v2\/tags?post=21882"}],"curies":[{"name":"wp","href":"https:\/\/api.w.org\/{rel}","templated":true}]}}