{"id":21885,"date":"2026-04-30T06:46:05","date_gmt":"2026-04-30T09:46:05","guid":{"rendered":"https:\/\/brasilnoticias.org\/site\/?p=21885"},"modified":"2026-04-30T06:46:05","modified_gmt":"2026-04-30T09:46:05","slug":"kelsor-fernandes-e-reeleito-presidente-da-fecomercio-ba-para-mandato-ate-2030","status":"publish","type":"post","link":"https:\/\/brasilnoticias.org\/site\/kelsor-fernandes-e-reeleito-presidente-da-fecomercio-ba-para-mandato-ate-2030\/","title":{"rendered":"Kelsor Fernandes \u00e9 reeleito presidente da Fecom\u00e9rcio-BA para mandato at\u00e9 2030"},"content":{"rendered":"<p data-start=\"362\" data-end=\"794\">O empres\u00e1rio <strong data-start=\"375\" data-end=\"405\">Kelsor Gon\u00e7alves Fernandes<\/strong> foi reeleito presidente da Federa\u00e7\u00e3o do Com\u00e9rcio de Bens, Servi\u00e7os e Turismo do Estado da Bahia (Fecom\u00e9rcio-BA) para o quadri\u00eanio <strong data-start=\"536\" data-end=\"549\">2026\/2030<\/strong>. A vota\u00e7\u00e3o ocorreu nesta quarta-feira (29), na <strong data-start=\"597\" data-end=\"617\">Casa do Com\u00e9rcio<\/strong>, em Salvador, e a <strong data-start=\"636\" data-end=\"647\">Chapa 1<\/strong>, \u00fanica na disputa, recebeu quase <strong data-start=\"681\" data-end=\"698\">90% dos votos<\/strong> dos delegados representantes dos sindicatos empresariais.<\/p>\n<p data-start=\"796\" data-end=\"1132\">Reconduzido ao cargo, Kelsor seguir\u00e1 \u00e0 frente de uma das principais entidades representativas do setor produtivo baiano, respons\u00e1vel por defender os interesses do com\u00e9rcio, servi\u00e7os e turismo, al\u00e9m de coordenar a\u00e7\u00f5es ligadas ao <strong data-start=\"1024\" data-end=\"1047\">Sistema Com\u00e9rcio BA<\/strong>, que re\u00fane Fecom\u00e9rcio, Sesc e Senac no estado.<\/p>\n<h2 data-section-id=\"wpg9mr\" data-start=\"1134\" data-end=\"1190\">Novo mandato ter\u00e1 foco em expans\u00e3o e grandes entregas<\/h2>\n<p data-start=\"1192\" data-end=\"1698\">Entre as prioridades anunciadas para o novo ciclo est\u00e3o a conclus\u00e3o de obras estruturantes e a amplia\u00e7\u00e3o da presen\u00e7a institucional no interior da Bahia. Um dos principais projetos em andamento \u00e9 o <strong data-start=\"1389\" data-end=\"1421\">Polo de Viv\u00eancias Sesc Piat\u00e3<\/strong>, em Salvador, apontado pela entidade como uma das maiores obras privadas em execu\u00e7\u00e3o no estado. Tamb\u00e9m est\u00e1 no planejamento a entrega da <strong data-start=\"1559\" data-end=\"1594\">Escola T\u00e9cnica e Criativa Senac<\/strong>, na Avenida ACM, al\u00e9m da implanta\u00e7\u00e3o de novas unidades regionais.<\/p>\n<p data-start=\"1700\" data-end=\"1988\">Segundo Kelsor Fernandes, a nova gest\u00e3o manter\u00e1 como pilares <strong data-start=\"1761\" data-end=\"1817\">credibilidade, sustentabilidade e representatividade<\/strong>, com foco na moderniza\u00e7\u00e3o dos sindicatos filiados e no fortalecimento da atua\u00e7\u00e3o institucional da Fecom\u00e9rcio junto ao poder p\u00fablico.<\/p>\n<h2 data-section-id=\"11pkcsw\" data-start=\"1990\" data-end=\"2031\">Reelei\u00e7\u00e3o ocorre ap\u00f3s disputa judicial<\/h2>\n<p data-start=\"2033\" data-end=\"2449\">A recondu\u00e7\u00e3o de Kelsor acontece ap\u00f3s um processo eleitoral marcado por embates judiciais. Dias antes da vota\u00e7\u00e3o, uma decis\u00e3o da Justi\u00e7a do Trabalho havia suspendido o pleito e determinado seu afastamento da presid\u00eancia. No entanto, o <strong data-start=\"2267\" data-end=\"2321\">Tribunal Regional do Trabalho da 5\u00aa Regi\u00e3o (TRT-5)<\/strong> cassou a liminar e restabeleceu o processo eleitoral, permitindo a realiza\u00e7\u00e3o da vota\u00e7\u00e3o.<\/p>\n<p data-start=\"2451\" data-end=\"2594\">A decis\u00e3o devolveu seguran\u00e7a jur\u00eddica ao pleito e encerrou, ao menos momentaneamente, a disputa institucional em torno do comando da federa\u00e7\u00e3o.<\/p>\n<h2 data-section-id=\"b9ase6\" data-start=\"2596\" data-end=\"2642\">Trajet\u00f3ria consolidada no setor empresarial<\/h2>\n<p data-start=\"2644\" data-end=\"2968\">Natural de <strong data-start=\"2655\" data-end=\"2669\">Alagoinhas<\/strong>, Kelsor Fernandes, de 73 anos, atua h\u00e1 mais de quatro d\u00e9cadas no ramo imobili\u00e1rio e fez hist\u00f3ria ao se tornar o <strong data-start=\"2782\" data-end=\"2826\">primeiro empres\u00e1rio do setor de servi\u00e7os<\/strong> a presidir a Fecom\u00e9rcio-BA. Antes de assumir a presid\u00eancia, ocupou cargos estrat\u00e9gicos na entidade e tamb\u00e9m passou pela dire\u00e7\u00e3o do Secovi-BA.<\/p>\n<p data-start=\"2970\" data-end=\"3182\">No cen\u00e1rio nacional, ele integra a <strong data-start=\"3005\" data-end=\"3048\">Confedera\u00e7\u00e3o Nacional do Com\u00e9rcio (CNC)<\/strong>, ampliando a representatividade baiana nas discuss\u00f5es econ\u00f4micas do setor terci\u00e1rio brasileiro.<\/p>\n","protected":false},"excerpt":{"rendered":"<p>O empres\u00e1rio Kelsor Gon\u00e7alves Fernandes foi reeleito presidente da Federa\u00e7\u00e3o do Com\u00e9rcio de Bens, Servi\u00e7os e Turismo do Estado da<\/p>\n","protected":false},"author":4,"featured_media":21886,"comment_status":"open","ping_status":"open","sticky":false,"template":"","format":"standard","meta":{"colormag_page_container_layout":"default_layout","colormag_page_sidebar_layout":"default_layout","_FSMCFIC_featured_image_caption":"","_FSMCFIC_featured_image_nocaption":"","_FSMCFIC_featured_image_hide":"","footnotes":""},"categories":[2,1],"tags":[],"class_list":["post-21885","post","type-post","status-publish","format-standard","has-post-thumbnail","hentry","category-noticias","category-ultimas"],"yoast_head":"<!-- This site is optimized with the Yoast SEO plugin v27.1.1 - https:\/\/yoast.com\/product\/yoast-seo-wordpress\/ -->\n<title>Kelsor Fernandes \u00e9 reeleito presidente da Fecom\u00e9rcio-BA para mandato at\u00e9 2030 - Brasil not\u00edcias<\/title>\n<meta name=\"robots\" content=\"index, follow, max-snippet:-1, max-image-preview:large, max-video-preview:-1\" \/>\n<link rel=\"canonical\" href=\"https:\/\/brasilnoticias.org\/site\/kelsor-fernandes-e-reeleito-presidente-da-fecomercio-ba-para-mandato-ate-2030\/\" \/>\n<meta property=\"og:locale\" content=\"pt_PT\" \/>\n<meta property=\"og:type\" content=\"article\" \/>\n<meta property=\"og:title\" content=\"Kelsor Fernandes \u00e9 reeleito presidente da Fecom\u00e9rcio-BA para mandato at\u00e9 2030 - Brasil not\u00edcias\" \/>\n<meta property=\"og:description\" content=\"O empres\u00e1rio Kelsor Gon\u00e7alves Fernandes foi reeleito presidente da Federa\u00e7\u00e3o do Com\u00e9rcio de Bens, Servi\u00e7os e Turismo do Estado da\" \/>\n<meta property=\"og:url\" content=\"https:\/\/brasilnoticias.org\/site\/kelsor-fernandes-e-reeleito-presidente-da-fecomercio-ba-para-mandato-ate-2030\/\" \/>\n<meta property=\"og:site_name\" content=\"Brasil not\u00edcias\" \/>\n<meta property=\"article:published_time\" content=\"2026-04-30T09:46:05+00:00\" \/>\n<meta property=\"og:image\" content=\"https:\/\/brasilnoticias.org\/site\/wp-content\/uploads\/2026\/04\/kelsor-fernandes-e-reeleito-presidente-da-fecomerc0138736000202604291818-ScaleDownProportional.webp\" \/>\n\t<meta property=\"og:image:width\" content=\"992\" \/>\n\t<meta property=\"og:image:height\" content=\"720\" \/>\n\t<meta property=\"og:image:type\" content=\"image\/webp\" \/>\n<meta name=\"author\" content=\"Reda\u00e7\u00e3o\" \/>\n<meta name=\"twitter:card\" content=\"summary_large_image\" \/>\n<meta name=\"twitter:label1\" content=\"Escrito por\" \/>\n\t<meta name=\"twitter:data1\" content=\"Reda\u00e7\u00e3o\" \/>\n\t<meta name=\"twitter:label2\" content=\"Tempo estimado de leitura\" \/>\n\t<meta name=\"twitter:data2\" content=\"3 minutos\" \/>\n<script type=\"application\/ld+json\" class=\"yoast-schema-graph\">{\"@context\":\"https:\/\/schema.org\",\"@graph\":[{\"@type\":\"Article\",\"@id\":\"https:\/\/brasilnoticias.org\/site\/kelsor-fernandes-e-reeleito-presidente-da-fecomercio-ba-para-mandato-ate-2030\/#article\",\"isPartOf\":{\"@id\":\"https:\/\/brasilnoticias.org\/site\/kelsor-fernandes-e-reeleito-presidente-da-fecomercio-ba-para-mandato-ate-2030\/\"},\"author\":{\"name\":\"Reda\u00e7\u00e3o\",\"@id\":\"https:\/\/brasilnoticias.org\/site\/#\/schema\/person\/03bbbfe6c7634ad18c26444ea39049fa\"},\"headline\":\"Kelsor Fernandes \u00e9 reeleito presidente da Fecom\u00e9rcio-BA para mandato at\u00e9 2030\",\"datePublished\":\"2026-04-30T09:46:05+00:00\",\"mainEntityOfPage\":{\"@id\":\"https:\/\/brasilnoticias.org\/site\/kelsor-fernandes-e-reeleito-presidente-da-fecomercio-ba-para-mandato-ate-2030\/\"},\"wordCount\":443,\"commentCount\":0,\"publisher\":{\"@id\":\"https:\/\/brasilnoticias.org\/site\/#organization\"},\"image\":{\"@id\":\"https:\/\/brasilnoticias.org\/site\/kelsor-fernandes-e-reeleito-presidente-da-fecomercio-ba-para-mandato-ate-2030\/#primaryimage\"},\"thumbnailUrl\":\"https:\/\/brasilnoticias.org\/site\/wp-content\/uploads\/2026\/04\/kelsor-fernandes-e-reeleito-presidente-da-fecomerc0138736000202604291818-ScaleDownProportional.webp\",\"articleSection\":[\"Not\u00edcias\",\"\u00daltimas\"],\"inLanguage\":\"pt-PT\",\"potentialAction\":[{\"@type\":\"CommentAction\",\"name\":\"Comment\",\"target\":[\"https:\/\/brasilnoticias.org\/site\/kelsor-fernandes-e-reeleito-presidente-da-fecomercio-ba-para-mandato-ate-2030\/#respond\"]}]},{\"@type\":\"WebPage\",\"@id\":\"https:\/\/brasilnoticias.org\/site\/kelsor-fernandes-e-reeleito-presidente-da-fecomercio-ba-para-mandato-ate-2030\/\",\"url\":\"https:\/\/brasilnoticias.org\/site\/kelsor-fernandes-e-reeleito-presidente-da-fecomercio-ba-para-mandato-ate-2030\/\",\"name\":\"Kelsor Fernandes \u00e9 reeleito presidente da Fecom\u00e9rcio-BA para mandato at\u00e9 2030 - Brasil not\u00edcias\",\"isPartOf\":{\"@id\":\"https:\/\/brasilnoticias.org\/site\/#website\"},\"primaryImageOfPage\":{\"@id\":\"https:\/\/brasilnoticias.org\/site\/kelsor-fernandes-e-reeleito-presidente-da-fecomercio-ba-para-mandato-ate-2030\/#primaryimage\"},\"image\":{\"@id\":\"https:\/\/brasilnoticias.org\/site\/kelsor-fernandes-e-reeleito-presidente-da-fecomercio-ba-para-mandato-ate-2030\/#primaryimage\"},\"thumbnailUrl\":\"https:\/\/brasilnoticias.org\/site\/wp-content\/uploads\/2026\/04\/kelsor-fernandes-e-reeleito-presidente-da-fecomerc0138736000202604291818-ScaleDownProportional.webp\",\"datePublished\":\"2026-04-30T09:46:05+00:00\",\"breadcrumb\":{\"@id\":\"https:\/\/brasilnoticias.org\/site\/kelsor-fernandes-e-reeleito-presidente-da-fecomercio-ba-para-mandato-ate-2030\/#breadcrumb\"},\"inLanguage\":\"pt-PT\",\"potentialAction\":[{\"@type\":\"ReadAction\",\"target\":[\"https:\/\/brasilnoticias.org\/site\/kelsor-fernandes-e-reeleito-presidente-da-fecomercio-ba-para-mandato-ate-2030\/\"]}]},{\"@type\":\"ImageObject\",\"inLanguage\":\"pt-PT\",\"@id\":\"https:\/\/brasilnoticias.org\/site\/kelsor-fernandes-e-reeleito-presidente-da-fecomercio-ba-para-mandato-ate-2030\/#primaryimage\",\"url\":\"https:\/\/brasilnoticias.org\/site\/wp-content\/uploads\/2026\/04\/kelsor-fernandes-e-reeleito-presidente-da-fecomerc0138736000202604291818-ScaleDownProportional.webp\",\"contentUrl\":\"https:\/\/brasilnoticias.org\/site\/wp-content\/uploads\/2026\/04\/kelsor-fernandes-e-reeleito-presidente-da-fecomerc0138736000202604291818-ScaleDownProportional.webp\",\"width\":992,\"height\":720,\"caption\":\"Foto: Divulga\u00e7\u00e3o\"},{\"@type\":\"BreadcrumbList\",\"@id\":\"https:\/\/brasilnoticias.org\/site\/kelsor-fernandes-e-reeleito-presidente-da-fecomercio-ba-para-mandato-ate-2030\/#breadcrumb\",\"itemListElement\":[{\"@type\":\"ListItem\",\"position\":1,\"name\":\"In\u00edcio\",\"item\":\"https:\/\/brasilnoticias.org\/site\/\"},{\"@type\":\"ListItem\",\"position\":2,\"name\":\"Kelsor Fernandes \u00e9 reeleito presidente da Fecom\u00e9rcio-BA para mandato at\u00e9 2030\"}]},{\"@type\":\"WebSite\",\"@id\":\"https:\/\/brasilnoticias.org\/site\/#website\",\"url\":\"https:\/\/brasilnoticias.org\/site\/\",\"name\":\"Brasil not\u00edcias\",\"description\":\"Brasil not\u00edcias\",\"publisher\":{\"@id\":\"https:\/\/brasilnoticias.org\/site\/#organization\"},\"potentialAction\":[{\"@type\":\"SearchAction\",\"target\":{\"@type\":\"EntryPoint\",\"urlTemplate\":\"https:\/\/brasilnoticias.org\/site\/?s={search_term_string}\"},\"query-input\":{\"@type\":\"PropertyValueSpecification\",\"valueRequired\":true,\"valueName\":\"search_term_string\"}}],\"inLanguage\":\"pt-PT\"},{\"@type\":\"Organization\",\"@id\":\"https:\/\/brasilnoticias.org\/site\/#organization\",\"name\":\"Brasil not\u00edcias\",\"url\":\"https:\/\/brasilnoticias.org\/site\/\",\"logo\":{\"@type\":\"ImageObject\",\"inLanguage\":\"pt-PT\",\"@id\":\"https:\/\/brasilnoticias.org\/site\/#\/schema\/logo\/image\/\",\"url\":\"https:\/\/brasilnoticias.org\/site\/wp-content\/uploads\/2022\/05\/cropped-brasilnoticias-mini.jpg\",\"contentUrl\":\"https:\/\/brasilnoticias.org\/site\/wp-content\/uploads\/2022\/05\/cropped-brasilnoticias-mini.jpg\",\"width\":314,\"height\":86,\"caption\":\"Brasil not\u00edcias\"},\"image\":{\"@id\":\"https:\/\/brasilnoticias.org\/site\/#\/schema\/logo\/image\/\"}},{\"@type\":\"Person\",\"@id\":\"https:\/\/brasilnoticias.org\/site\/#\/schema\/person\/03bbbfe6c7634ad18c26444ea39049fa\",\"name\":\"Reda\u00e7\u00e3o\",\"image\":{\"@type\":\"ImageObject\",\"inLanguage\":\"pt-PT\",\"@id\":\"https:\/\/brasilnoticias.org\/site\/#\/schema\/person\/image\/\",\"url\":\"https:\/\/secure.gravatar.com\/avatar\/9ecaf7327a696cb23ad926fedded5f1f04d7049de9e445375d55b48c001a6e42?s=96&d=mm&r=g\",\"contentUrl\":\"https:\/\/secure.gravatar.com\/avatar\/9ecaf7327a696cb23ad926fedded5f1f04d7049de9e445375d55b48c001a6e42?s=96&d=mm&r=g\",\"caption\":\"Reda\u00e7\u00e3o\"},\"url\":\"https:\/\/brasilnoticias.org\/site\/author\/henrique\/\"}]}<\/script>\n<!-- \/ Yoast SEO plugin. -->","yoast_head_json":{"title":"Kelsor Fernandes \u00e9 reeleito presidente da Fecom\u00e9rcio-BA para mandato at\u00e9 2030 - Brasil not\u00edcias","robots":{"index":"index","follow":"follow","max-snippet":"max-snippet:-1","max-image-preview":"max-image-preview:large","max-video-preview":"max-video-preview:-1"},"canonical":"https:\/\/brasilnoticias.org\/site\/kelsor-fernandes-e-reeleito-presidente-da-fecomercio-ba-para-mandato-ate-2030\/","og_locale":"pt_PT","og_type":"article","og_title":"Kelsor Fernandes \u00e9 reeleito presidente da Fecom\u00e9rcio-BA para mandato at\u00e9 2030 - Brasil not\u00edcias","og_description":"O empres\u00e1rio Kelsor Gon\u00e7alves Fernandes foi reeleito presidente da Federa\u00e7\u00e3o do Com\u00e9rcio de Bens, Servi\u00e7os e Turismo do Estado da","og_url":"https:\/\/brasilnoticias.org\/site\/kelsor-fernandes-e-reeleito-presidente-da-fecomercio-ba-para-mandato-ate-2030\/","og_site_name":"Brasil not\u00edcias","article_published_time":"2026-04-30T09:46:05+00:00","og_image":[{"width":992,"height":720,"url":"https:\/\/brasilnoticias.org\/site\/wp-content\/uploads\/2026\/04\/kelsor-fernandes-e-reeleito-presidente-da-fecomerc0138736000202604291818-ScaleDownProportional.webp","type":"image\/webp"}],"author":"Reda\u00e7\u00e3o","twitter_card":"summary_large_image","twitter_misc":{"Escrito por":"Reda\u00e7\u00e3o","Tempo estimado de leitura":"3 minutos"},"schema":{"@context":"https:\/\/schema.org","@graph":[{"@type":"Article","@id":"https:\/\/brasilnoticias.org\/site\/kelsor-fernandes-e-reeleito-presidente-da-fecomercio-ba-para-mandato-ate-2030\/#article","isPartOf":{"@id":"https:\/\/brasilnoticias.org\/site\/kelsor-fernandes-e-reeleito-presidente-da-fecomercio-ba-para-mandato-ate-2030\/"},"author":{"name":"Reda\u00e7\u00e3o","@id":"https:\/\/brasilnoticias.org\/site\/#\/schema\/person\/03bbbfe6c7634ad18c26444ea39049fa"},"headline":"Kelsor Fernandes \u00e9 reeleito presidente da Fecom\u00e9rcio-BA para mandato at\u00e9 2030","datePublished":"2026-04-30T09:46:05+00:00","mainEntityOfPage":{"@id":"https:\/\/brasilnoticias.org\/site\/kelsor-fernandes-e-reeleito-presidente-da-fecomercio-ba-para-mandato-ate-2030\/"},"wordCount":443,"commentCount":0,"publisher":{"@id":"https:\/\/brasilnoticias.org\/site\/#organization"},"image":{"@id":"https:\/\/brasilnoticias.org\/site\/kelsor-fernandes-e-reeleito-presidente-da-fecomercio-ba-para-mandato-ate-2030\/#primaryimage"},"thumbnailUrl":"https:\/\/brasilnoticias.org\/site\/wp-content\/uploads\/2026\/04\/kelsor-fernandes-e-reeleito-presidente-da-fecomerc0138736000202604291818-ScaleDownProportional.webp","articleSection":["Not\u00edcias","\u00daltimas"],"inLanguage":"pt-PT","potentialAction":[{"@type":"CommentAction","name":"Comment","target":["https:\/\/brasilnoticias.org\/site\/kelsor-fernandes-e-reeleito-presidente-da-fecomercio-ba-para-mandato-ate-2030\/#respond"]}]},{"@type":"WebPage","@id":"https:\/\/brasilnoticias.org\/site\/kelsor-fernandes-e-reeleito-presidente-da-fecomercio-ba-para-mandato-ate-2030\/","url":"https:\/\/brasilnoticias.org\/site\/kelsor-fernandes-e-reeleito-presidente-da-fecomercio-ba-para-mandato-ate-2030\/","name":"Kelsor Fernandes \u00e9 reeleito presidente da Fecom\u00e9rcio-BA para mandato at\u00e9 2030 - Brasil not\u00edcias","isPartOf":{"@id":"https:\/\/brasilnoticias.org\/site\/#website"},"primaryImageOfPage":{"@id":"https:\/\/brasilnoticias.org\/site\/kelsor-fernandes-e-reeleito-presidente-da-fecomercio-ba-para-mandato-ate-2030\/#primaryimage"},"image":{"@id":"https:\/\/brasilnoticias.org\/site\/kelsor-fernandes-e-reeleito-presidente-da-fecomercio-ba-para-mandato-ate-2030\/#primaryimage"},"thumbnailUrl":"https:\/\/brasilnoticias.org\/site\/wp-content\/uploads\/2026\/04\/kelsor-fernandes-e-reeleito-presidente-da-fecomerc0138736000202604291818-ScaleDownProportional.webp","datePublished":"2026-04-30T09:46:05+00:00","breadcrumb":{"@id":"https:\/\/brasilnoticias.org\/site\/kelsor-fernandes-e-reeleito-presidente-da-fecomercio-ba-para-mandato-ate-2030\/#breadcrumb"},"inLanguage":"pt-PT","potentialAction":[{"@type":"ReadAction","target":["https:\/\/brasilnoticias.org\/site\/kelsor-fernandes-e-reeleito-presidente-da-fecomercio-ba-para-mandato-ate-2030\/"]}]},{"@type":"ImageObject","inLanguage":"pt-PT","@id":"https:\/\/brasilnoticias.org\/site\/kelsor-fernandes-e-reeleito-presidente-da-fecomercio-ba-para-mandato-ate-2030\/#primaryimage","url":"https:\/\/brasilnoticias.org\/site\/wp-content\/uploads\/2026\/04\/kelsor-fernandes-e-reeleito-presidente-da-fecomerc0138736000202604291818-ScaleDownProportional.webp","contentUrl":"https:\/\/brasilnoticias.org\/site\/wp-content\/uploads\/2026\/04\/kelsor-fernandes-e-reeleito-presidente-da-fecomerc0138736000202604291818-ScaleDownProportional.webp","width":992,"height":720,"caption":"Foto: Divulga\u00e7\u00e3o"},{"@type":"BreadcrumbList","@id":"https:\/\/brasilnoticias.org\/site\/kelsor-fernandes-e-reeleito-presidente-da-fecomercio-ba-para-mandato-ate-2030\/#breadcrumb","itemListElement":[{"@type":"ListItem","position":1,"name":"In\u00edcio","item":"https:\/\/brasilnoticias.org\/site\/"},{"@type":"ListItem","position":2,"name":"Kelsor Fernandes \u00e9 reeleito presidente da Fecom\u00e9rcio-BA para mandato at\u00e9 2030"}]},{"@type":"WebSite","@id":"https:\/\/brasilnoticias.org\/site\/#website","url":"https:\/\/brasilnoticias.org\/site\/","name":"Brasil not\u00edcias","description":"Brasil not\u00edcias","publisher":{"@id":"https:\/\/brasilnoticias.org\/site\/#organization"},"potentialAction":[{"@type":"SearchAction","target":{"@type":"EntryPoint","urlTemplate":"https:\/\/brasilnoticias.org\/site\/?s={search_term_string}"},"query-input":{"@type":"PropertyValueSpecification","valueRequired":true,"valueName":"search_term_string"}}],"inLanguage":"pt-PT"},{"@type":"Organization","@id":"https:\/\/brasilnoticias.org\/site\/#organization","name":"Brasil not\u00edcias","url":"https:\/\/brasilnoticias.org\/site\/","logo":{"@type":"ImageObject","inLanguage":"pt-PT","@id":"https:\/\/brasilnoticias.org\/site\/#\/schema\/logo\/image\/","url":"https:\/\/brasilnoticias.org\/site\/wp-content\/uploads\/2022\/05\/cropped-brasilnoticias-mini.jpg","contentUrl":"https:\/\/brasilnoticias.org\/site\/wp-content\/uploads\/2022\/05\/cropped-brasilnoticias-mini.jpg","width":314,"height":86,"caption":"Brasil not\u00edcias"},"image":{"@id":"https:\/\/brasilnoticias.org\/site\/#\/schema\/logo\/image\/"}},{"@type":"Person","@id":"https:\/\/brasilnoticias.org\/site\/#\/schema\/person\/03bbbfe6c7634ad18c26444ea39049fa","name":"Reda\u00e7\u00e3o","image":{"@type":"ImageObject","inLanguage":"pt-PT","@id":"https:\/\/brasilnoticias.org\/site\/#\/schema\/person\/image\/","url":"https:\/\/secure.gravatar.com\/avatar\/9ecaf7327a696cb23ad926fedded5f1f04d7049de9e445375d55b48c001a6e42?s=96&d=mm&r=g","contentUrl":"https:\/\/secure.gravatar.com\/avatar\/9ecaf7327a696cb23ad926fedded5f1f04d7049de9e445375d55b48c001a6e42?s=96&d=mm&r=g","caption":"Reda\u00e7\u00e3o"},"url":"https:\/\/brasilnoticias.org\/site\/author\/henrique\/"}]}},"_links":{"self":[{"href":"https:\/\/brasilnoticias.org\/site\/wp-json\/wp\/v2\/posts\/21885","targetHints":{"allow":["GET"]}}],"collection":[{"href":"https:\/\/brasilnoticias.org\/site\/wp-json\/wp\/v2\/posts"}],"about":[{"href":"https:\/\/brasilnoticias.org\/site\/wp-json\/wp\/v2\/types\/post"}],"author":[{"embeddable":true,"href":"https:\/\/brasilnoticias.org\/site\/wp-json\/wp\/v2\/users\/4"}],"replies":[{"embeddable":true,"href":"https:\/\/brasilnoticias.org\/site\/wp-json\/wp\/v2\/comments?post=21885"}],"version-history":[{"count":1,"href":"https:\/\/brasilnoticias.org\/site\/wp-json\/wp\/v2\/posts\/21885\/revisions"}],"predecessor-version":[{"id":21887,"href":"https:\/\/brasilnoticias.org\/site\/wp-json\/wp\/v2\/posts\/21885\/revisions\/21887"}],"wp:featuredmedia":[{"embeddable":true,"href":"https:\/\/brasilnoticias.org\/site\/wp-json\/wp\/v2\/media\/21886"}],"wp:attachment":[{"href":"https:\/\/brasilnoticias.org\/site\/wp-json\/wp\/v2\/media?parent=21885"}],"wp:term":[{"taxonomy":"category","embeddable":true,"href":"https:\/\/brasilnoticias.org\/site\/wp-json\/wp\/v2\/categories?post=21885"},{"taxonomy":"post_tag","embeddable":true,"href":"https:\/\/brasilnoticias.org\/site\/wp-json\/wp\/v2\/tags?post=21885"}],"curies":[{"name":"wp","href":"https:\/\/api.w.org\/{rel}","templated":true}]}}