{"id":21888,"date":"2026-04-30T07:22:36","date_gmt":"2026-04-30T10:22:36","guid":{"rendered":"https:\/\/brasilnoticias.org\/site\/?p=21888"},"modified":"2026-04-30T07:22:36","modified_gmt":"2026-04-30T10:22:36","slug":"apos-quase-200-anos-araras-vermelhas-voltam-a-nascer-na-mata-atlantica-baiana","status":"publish","type":"post","link":"https:\/\/brasilnoticias.org\/site\/apos-quase-200-anos-araras-vermelhas-voltam-a-nascer-na-mata-atlantica-baiana\/","title":{"rendered":"Ap\u00f3s quase 200 anos, araras-vermelhas voltam a nascer na Mata Atl\u00e2ntica baiana"},"content":{"rendered":"<p data-start=\"352\" data-end=\"747\">Um feito hist\u00f3rico para a biodiversidade brasileira foi registrado no sul da Bahia: <strong data-start=\"436\" data-end=\"509\">duas araras-vermelhas-grandes nasceram em liberdade na Mata Atl\u00e2ntica<\/strong>, quase <strong data-start=\"517\" data-end=\"565\">200 anos ap\u00f3s a extin\u00e7\u00e3o da esp\u00e9cie no bioma<\/strong>. O marco ambiental representa o primeiro caso documentado de reprodu\u00e7\u00e3o natural da ave desde o desaparecimento hist\u00f3rico no litoral brasileiro.<\/p>\n<p data-start=\"749\" data-end=\"1122\">O nascimento dos filhotes foi confirmado por equipes do <strong data-start=\"805\" data-end=\"856\">Centro de Triagem de Animais Silvestres (Cetas)<\/strong>, do Ibama, em Porto Seguro, respons\u00e1vel por um projeto de reintrodu\u00e7\u00e3o iniciado em 2022. As aves passaram por um longo processo de adapta\u00e7\u00e3o, treinamento de voo, socializa\u00e7\u00e3o e reabilita\u00e7\u00e3o antes de serem devolvidas \u00e0 natureza.<\/p>\n<h2 data-section-id=\"jov7tc\" data-start=\"1124\" data-end=\"1191\">Projeto come\u00e7ou em 2022 e j\u00e1 mostra resultados acima do esperado<\/h2>\n<p data-start=\"1193\" data-end=\"1664\">O trabalho de reintrodu\u00e7\u00e3o da esp\u00e9cie come\u00e7ou com aves vindas de cativeiro \u2014 oriundas de apreens\u00f5es e doa\u00e7\u00f5es legalizadas \u2014 que foram preparadas para a soltura em uma \u00e1rea preservada de Mata Atl\u00e2ntica no extremo sul da Bahia. O primeiro grupo foi solto em 2024, em uma \u00e1rea com cerca de <strong data-start=\"1480\" data-end=\"1525\">7 mil hectares de floresta em regenera\u00e7\u00e3o<\/strong>, incluindo a <strong data-start=\"1539\" data-end=\"1558\">Esta\u00e7\u00e3o Veracel<\/strong>, considerada a maior reserva privada de Mata Atl\u00e2ntica do Nordeste.<\/p>\n<p data-start=\"1666\" data-end=\"2005\">Pesquisadores estimavam que a reprodu\u00e7\u00e3o poderia levar at\u00e9 cinco anos para acontecer. No entanto, caixas-ninho artificiais instaladas na mata come\u00e7aram a ser ocupadas j\u00e1 no primeiro ano ap\u00f3s a soltura. Em 2026, veio a confirma\u00e7\u00e3o mais esperada: o nascimento dos primeiros filhotes em ambiente natural.<\/p>\n<h2 data-section-id=\"s2gv5l\" data-start=\"2007\" data-end=\"2065\">Retorno da esp\u00e9cie \u00e9 vit\u00f3ria para conserva\u00e7\u00e3o ambiental<\/h2>\n<p data-start=\"2067\" data-end=\"2467\">A <strong data-start=\"2069\" data-end=\"2094\">arara-vermelha-grande<\/strong> tem papel ecol\u00f3gico importante na floresta por atuar na dispers\u00e3o de sementes, ajudando na regenera\u00e7\u00e3o de \u00e1reas naturais. Al\u00e9m do valor ambiental, o retorno da esp\u00e9cie tamb\u00e9m carrega forte simbolismo: mostra que projetos de recupera\u00e7\u00e3o de fauna amea\u00e7ada podem devolver ao ecossistema esp\u00e9cies consideradas perdidas naquele territ\u00f3rio.<\/p>\n<p data-start=\"2469\" data-end=\"2759\">Especialistas apontam que a extin\u00e7\u00e3o da ave na Mata Atl\u00e2ntica foi causada principalmente pelo <strong data-start=\"2563\" data-end=\"2579\">desmatamento<\/strong> e pelo <strong data-start=\"2587\" data-end=\"2627\">tr\u00e1fico ilegal de animais silvestres<\/strong>, fatores que reduziram drasticamente sua presen\u00e7a no litoral brasileiro ao longo dos s\u00e9culos.<\/p>\n<h2 data-section-id=\"r9zo62\" data-start=\"2761\" data-end=\"2813\">Bahia vira refer\u00eancia em reintrodu\u00e7\u00e3o de esp\u00e9cies<\/h2>\n<p data-start=\"2815\" data-end=\"3071\">O sucesso do projeto coloca a Bahia em destaque no cen\u00e1rio nacional da conserva\u00e7\u00e3o ambiental. A experi\u00eancia com ninhos artificiais e manejo de aves em reabilita\u00e7\u00e3o pode agora servir de modelo para programas semelhantes envolvendo outras esp\u00e9cies amea\u00e7adas.<\/p>\n<p data-start=\"3073\" data-end=\"3351\">O nascimento dos filhotes representa mais do que um evento raro na natureza: \u00e9 um sinal concreto de que a Mata Atl\u00e2ntica ainda pode recuperar parte de sua riqueza original quando h\u00e1 investimento em preserva\u00e7\u00e3o, ci\u00eancia e prote\u00e7\u00e3o ambiental.<\/p>\n","protected":false},"excerpt":{"rendered":"<p>Um feito hist\u00f3rico para a biodiversidade brasileira foi registrado no sul da Bahia: duas araras-vermelhas-grandes nasceram em liberdade na Mata<\/p>\n","protected":false},"author":4,"featured_media":21889,"comment_status":"open","ping_status":"open","sticky":false,"template":"","format":"standard","meta":{"colormag_page_container_layout":"default_layout","colormag_page_sidebar_layout":"default_layout","_FSMCFIC_featured_image_caption":"","_FSMCFIC_featured_image_nocaption":"","_FSMCFIC_featured_image_hide":"","footnotes":""},"categories":[8,1],"tags":[],"class_list":["post-21888","post","type-post","status-publish","format-standard","has-post-thumbnail","hentry","category-entretenimento","category-ultimas"],"yoast_head":"<!-- This site is optimized with the Yoast SEO plugin v27.1.1 - https:\/\/yoast.com\/product\/yoast-seo-wordpress\/ -->\n<title>Ap\u00f3s quase 200 anos, araras-vermelhas voltam a nascer na Mata Atl\u00e2ntica baiana - Brasil not\u00edcias<\/title>\n<meta name=\"robots\" content=\"index, follow, max-snippet:-1, max-image-preview:large, max-video-preview:-1\" \/>\n<link rel=\"canonical\" href=\"https:\/\/brasilnoticias.org\/site\/apos-quase-200-anos-araras-vermelhas-voltam-a-nascer-na-mata-atlantica-baiana\/\" \/>\n<meta property=\"og:locale\" content=\"pt_PT\" \/>\n<meta property=\"og:type\" content=\"article\" \/>\n<meta property=\"og:title\" content=\"Ap\u00f3s quase 200 anos, araras-vermelhas voltam a nascer na Mata Atl\u00e2ntica baiana - Brasil not\u00edcias\" \/>\n<meta property=\"og:description\" content=\"Um feito hist\u00f3rico para a biodiversidade brasileira foi registrado no sul da Bahia: duas araras-vermelhas-grandes nasceram em liberdade na Mata\" \/>\n<meta property=\"og:url\" content=\"https:\/\/brasilnoticias.org\/site\/apos-quase-200-anos-araras-vermelhas-voltam-a-nascer-na-mata-atlantica-baiana\/\" \/>\n<meta property=\"og:site_name\" content=\"Brasil not\u00edcias\" \/>\n<meta property=\"article:published_time\" content=\"2026-04-30T10:22:36+00:00\" \/>\n<meta property=\"og:image\" content=\"https:\/\/brasilnoticias.org\/site\/wp-content\/uploads\/2026\/04\/apos-200-anos-araras-vermelhas-ressurgem0138740500202604292248-ScaleDownProportional.webp\" \/>\n\t<meta property=\"og:image:width\" content=\"724\" \/>\n\t<meta property=\"og:image:height\" content=\"419\" \/>\n\t<meta property=\"og:image:type\" content=\"image\/webp\" \/>\n<meta name=\"author\" content=\"Reda\u00e7\u00e3o\" \/>\n<meta name=\"twitter:card\" content=\"summary_large_image\" \/>\n<meta name=\"twitter:label1\" content=\"Escrito por\" \/>\n\t<meta name=\"twitter:data1\" content=\"Reda\u00e7\u00e3o\" \/>\n\t<meta name=\"twitter:label2\" content=\"Tempo estimado de leitura\" \/>\n\t<meta name=\"twitter:data2\" content=\"3 minutos\" \/>\n<script type=\"application\/ld+json\" class=\"yoast-schema-graph\">{\"@context\":\"https:\/\/schema.org\",\"@graph\":[{\"@type\":\"Article\",\"@id\":\"https:\/\/brasilnoticias.org\/site\/apos-quase-200-anos-araras-vermelhas-voltam-a-nascer-na-mata-atlantica-baiana\/#article\",\"isPartOf\":{\"@id\":\"https:\/\/brasilnoticias.org\/site\/apos-quase-200-anos-araras-vermelhas-voltam-a-nascer-na-mata-atlantica-baiana\/\"},\"author\":{\"name\":\"Reda\u00e7\u00e3o\",\"@id\":\"https:\/\/brasilnoticias.org\/site\/#\/schema\/person\/03bbbfe6c7634ad18c26444ea39049fa\"},\"headline\":\"Ap\u00f3s quase 200 anos, araras-vermelhas voltam a nascer na Mata Atl\u00e2ntica baiana\",\"datePublished\":\"2026-04-30T10:22:36+00:00\",\"mainEntityOfPage\":{\"@id\":\"https:\/\/brasilnoticias.org\/site\/apos-quase-200-anos-araras-vermelhas-voltam-a-nascer-na-mata-atlantica-baiana\/\"},\"wordCount\":465,\"commentCount\":0,\"publisher\":{\"@id\":\"https:\/\/brasilnoticias.org\/site\/#organization\"},\"image\":{\"@id\":\"https:\/\/brasilnoticias.org\/site\/apos-quase-200-anos-araras-vermelhas-voltam-a-nascer-na-mata-atlantica-baiana\/#primaryimage\"},\"thumbnailUrl\":\"https:\/\/brasilnoticias.org\/site\/wp-content\/uploads\/2026\/04\/apos-200-anos-araras-vermelhas-ressurgem0138740500202604292248-ScaleDownProportional.webp\",\"articleSection\":[\"Entretenimento\",\"\u00daltimas\"],\"inLanguage\":\"pt-PT\",\"potentialAction\":[{\"@type\":\"CommentAction\",\"name\":\"Comment\",\"target\":[\"https:\/\/brasilnoticias.org\/site\/apos-quase-200-anos-araras-vermelhas-voltam-a-nascer-na-mata-atlantica-baiana\/#respond\"]}]},{\"@type\":\"WebPage\",\"@id\":\"https:\/\/brasilnoticias.org\/site\/apos-quase-200-anos-araras-vermelhas-voltam-a-nascer-na-mata-atlantica-baiana\/\",\"url\":\"https:\/\/brasilnoticias.org\/site\/apos-quase-200-anos-araras-vermelhas-voltam-a-nascer-na-mata-atlantica-baiana\/\",\"name\":\"Ap\u00f3s quase 200 anos, araras-vermelhas voltam a nascer na Mata Atl\u00e2ntica baiana - Brasil not\u00edcias\",\"isPartOf\":{\"@id\":\"https:\/\/brasilnoticias.org\/site\/#website\"},\"primaryImageOfPage\":{\"@id\":\"https:\/\/brasilnoticias.org\/site\/apos-quase-200-anos-araras-vermelhas-voltam-a-nascer-na-mata-atlantica-baiana\/#primaryimage\"},\"image\":{\"@id\":\"https:\/\/brasilnoticias.org\/site\/apos-quase-200-anos-araras-vermelhas-voltam-a-nascer-na-mata-atlantica-baiana\/#primaryimage\"},\"thumbnailUrl\":\"https:\/\/brasilnoticias.org\/site\/wp-content\/uploads\/2026\/04\/apos-200-anos-araras-vermelhas-ressurgem0138740500202604292248-ScaleDownProportional.webp\",\"datePublished\":\"2026-04-30T10:22:36+00:00\",\"breadcrumb\":{\"@id\":\"https:\/\/brasilnoticias.org\/site\/apos-quase-200-anos-araras-vermelhas-voltam-a-nascer-na-mata-atlantica-baiana\/#breadcrumb\"},\"inLanguage\":\"pt-PT\",\"potentialAction\":[{\"@type\":\"ReadAction\",\"target\":[\"https:\/\/brasilnoticias.org\/site\/apos-quase-200-anos-araras-vermelhas-voltam-a-nascer-na-mata-atlantica-baiana\/\"]}]},{\"@type\":\"ImageObject\",\"inLanguage\":\"pt-PT\",\"@id\":\"https:\/\/brasilnoticias.org\/site\/apos-quase-200-anos-araras-vermelhas-voltam-a-nascer-na-mata-atlantica-baiana\/#primaryimage\",\"url\":\"https:\/\/brasilnoticias.org\/site\/wp-content\/uploads\/2026\/04\/apos-200-anos-araras-vermelhas-ressurgem0138740500202604292248-ScaleDownProportional.webp\",\"contentUrl\":\"https:\/\/brasilnoticias.org\/site\/wp-content\/uploads\/2026\/04\/apos-200-anos-araras-vermelhas-ressurgem0138740500202604292248-ScaleDownProportional.webp\",\"width\":724,\"height\":419,\"caption\":\"Foto: Divulga\u00e7\u00e3o Ibama\"},{\"@type\":\"BreadcrumbList\",\"@id\":\"https:\/\/brasilnoticias.org\/site\/apos-quase-200-anos-araras-vermelhas-voltam-a-nascer-na-mata-atlantica-baiana\/#breadcrumb\",\"itemListElement\":[{\"@type\":\"ListItem\",\"position\":1,\"name\":\"In\u00edcio\",\"item\":\"https:\/\/brasilnoticias.org\/site\/\"},{\"@type\":\"ListItem\",\"position\":2,\"name\":\"Ap\u00f3s quase 200 anos, araras-vermelhas voltam a nascer na Mata Atl\u00e2ntica baiana\"}]},{\"@type\":\"WebSite\",\"@id\":\"https:\/\/brasilnoticias.org\/site\/#website\",\"url\":\"https:\/\/brasilnoticias.org\/site\/\",\"name\":\"Brasil not\u00edcias\",\"description\":\"Brasil not\u00edcias\",\"publisher\":{\"@id\":\"https:\/\/brasilnoticias.org\/site\/#organization\"},\"potentialAction\":[{\"@type\":\"SearchAction\",\"target\":{\"@type\":\"EntryPoint\",\"urlTemplate\":\"https:\/\/brasilnoticias.org\/site\/?s={search_term_string}\"},\"query-input\":{\"@type\":\"PropertyValueSpecification\",\"valueRequired\":true,\"valueName\":\"search_term_string\"}}],\"inLanguage\":\"pt-PT\"},{\"@type\":\"Organization\",\"@id\":\"https:\/\/brasilnoticias.org\/site\/#organization\",\"name\":\"Brasil not\u00edcias\",\"url\":\"https:\/\/brasilnoticias.org\/site\/\",\"logo\":{\"@type\":\"ImageObject\",\"inLanguage\":\"pt-PT\",\"@id\":\"https:\/\/brasilnoticias.org\/site\/#\/schema\/logo\/image\/\",\"url\":\"https:\/\/brasilnoticias.org\/site\/wp-content\/uploads\/2022\/05\/cropped-brasilnoticias-mini.jpg\",\"contentUrl\":\"https:\/\/brasilnoticias.org\/site\/wp-content\/uploads\/2022\/05\/cropped-brasilnoticias-mini.jpg\",\"width\":314,\"height\":86,\"caption\":\"Brasil not\u00edcias\"},\"image\":{\"@id\":\"https:\/\/brasilnoticias.org\/site\/#\/schema\/logo\/image\/\"}},{\"@type\":\"Person\",\"@id\":\"https:\/\/brasilnoticias.org\/site\/#\/schema\/person\/03bbbfe6c7634ad18c26444ea39049fa\",\"name\":\"Reda\u00e7\u00e3o\",\"image\":{\"@type\":\"ImageObject\",\"inLanguage\":\"pt-PT\",\"@id\":\"https:\/\/brasilnoticias.org\/site\/#\/schema\/person\/image\/\",\"url\":\"https:\/\/secure.gravatar.com\/avatar\/9ecaf7327a696cb23ad926fedded5f1f04d7049de9e445375d55b48c001a6e42?s=96&d=mm&r=g\",\"contentUrl\":\"https:\/\/secure.gravatar.com\/avatar\/9ecaf7327a696cb23ad926fedded5f1f04d7049de9e445375d55b48c001a6e42?s=96&d=mm&r=g\",\"caption\":\"Reda\u00e7\u00e3o\"},\"url\":\"https:\/\/brasilnoticias.org\/site\/author\/henrique\/\"}]}<\/script>\n<!-- \/ Yoast SEO plugin. -->","yoast_head_json":{"title":"Ap\u00f3s quase 200 anos, araras-vermelhas voltam a nascer na Mata Atl\u00e2ntica baiana - Brasil not\u00edcias","robots":{"index":"index","follow":"follow","max-snippet":"max-snippet:-1","max-image-preview":"max-image-preview:large","max-video-preview":"max-video-preview:-1"},"canonical":"https:\/\/brasilnoticias.org\/site\/apos-quase-200-anos-araras-vermelhas-voltam-a-nascer-na-mata-atlantica-baiana\/","og_locale":"pt_PT","og_type":"article","og_title":"Ap\u00f3s quase 200 anos, araras-vermelhas voltam a nascer na Mata Atl\u00e2ntica baiana - Brasil not\u00edcias","og_description":"Um feito hist\u00f3rico para a biodiversidade brasileira foi registrado no sul da Bahia: duas araras-vermelhas-grandes nasceram em liberdade na Mata","og_url":"https:\/\/brasilnoticias.org\/site\/apos-quase-200-anos-araras-vermelhas-voltam-a-nascer-na-mata-atlantica-baiana\/","og_site_name":"Brasil not\u00edcias","article_published_time":"2026-04-30T10:22:36+00:00","og_image":[{"width":724,"height":419,"url":"https:\/\/brasilnoticias.org\/site\/wp-content\/uploads\/2026\/04\/apos-200-anos-araras-vermelhas-ressurgem0138740500202604292248-ScaleDownProportional.webp","type":"image\/webp"}],"author":"Reda\u00e7\u00e3o","twitter_card":"summary_large_image","twitter_misc":{"Escrito por":"Reda\u00e7\u00e3o","Tempo estimado de leitura":"3 minutos"},"schema":{"@context":"https:\/\/schema.org","@graph":[{"@type":"Article","@id":"https:\/\/brasilnoticias.org\/site\/apos-quase-200-anos-araras-vermelhas-voltam-a-nascer-na-mata-atlantica-baiana\/#article","isPartOf":{"@id":"https:\/\/brasilnoticias.org\/site\/apos-quase-200-anos-araras-vermelhas-voltam-a-nascer-na-mata-atlantica-baiana\/"},"author":{"name":"Reda\u00e7\u00e3o","@id":"https:\/\/brasilnoticias.org\/site\/#\/schema\/person\/03bbbfe6c7634ad18c26444ea39049fa"},"headline":"Ap\u00f3s quase 200 anos, araras-vermelhas voltam a nascer na Mata Atl\u00e2ntica baiana","datePublished":"2026-04-30T10:22:36+00:00","mainEntityOfPage":{"@id":"https:\/\/brasilnoticias.org\/site\/apos-quase-200-anos-araras-vermelhas-voltam-a-nascer-na-mata-atlantica-baiana\/"},"wordCount":465,"commentCount":0,"publisher":{"@id":"https:\/\/brasilnoticias.org\/site\/#organization"},"image":{"@id":"https:\/\/brasilnoticias.org\/site\/apos-quase-200-anos-araras-vermelhas-voltam-a-nascer-na-mata-atlantica-baiana\/#primaryimage"},"thumbnailUrl":"https:\/\/brasilnoticias.org\/site\/wp-content\/uploads\/2026\/04\/apos-200-anos-araras-vermelhas-ressurgem0138740500202604292248-ScaleDownProportional.webp","articleSection":["Entretenimento","\u00daltimas"],"inLanguage":"pt-PT","potentialAction":[{"@type":"CommentAction","name":"Comment","target":["https:\/\/brasilnoticias.org\/site\/apos-quase-200-anos-araras-vermelhas-voltam-a-nascer-na-mata-atlantica-baiana\/#respond"]}]},{"@type":"WebPage","@id":"https:\/\/brasilnoticias.org\/site\/apos-quase-200-anos-araras-vermelhas-voltam-a-nascer-na-mata-atlantica-baiana\/","url":"https:\/\/brasilnoticias.org\/site\/apos-quase-200-anos-araras-vermelhas-voltam-a-nascer-na-mata-atlantica-baiana\/","name":"Ap\u00f3s quase 200 anos, araras-vermelhas voltam a nascer na Mata Atl\u00e2ntica baiana - Brasil not\u00edcias","isPartOf":{"@id":"https:\/\/brasilnoticias.org\/site\/#website"},"primaryImageOfPage":{"@id":"https:\/\/brasilnoticias.org\/site\/apos-quase-200-anos-araras-vermelhas-voltam-a-nascer-na-mata-atlantica-baiana\/#primaryimage"},"image":{"@id":"https:\/\/brasilnoticias.org\/site\/apos-quase-200-anos-araras-vermelhas-voltam-a-nascer-na-mata-atlantica-baiana\/#primaryimage"},"thumbnailUrl":"https:\/\/brasilnoticias.org\/site\/wp-content\/uploads\/2026\/04\/apos-200-anos-araras-vermelhas-ressurgem0138740500202604292248-ScaleDownProportional.webp","datePublished":"2026-04-30T10:22:36+00:00","breadcrumb":{"@id":"https:\/\/brasilnoticias.org\/site\/apos-quase-200-anos-araras-vermelhas-voltam-a-nascer-na-mata-atlantica-baiana\/#breadcrumb"},"inLanguage":"pt-PT","potentialAction":[{"@type":"ReadAction","target":["https:\/\/brasilnoticias.org\/site\/apos-quase-200-anos-araras-vermelhas-voltam-a-nascer-na-mata-atlantica-baiana\/"]}]},{"@type":"ImageObject","inLanguage":"pt-PT","@id":"https:\/\/brasilnoticias.org\/site\/apos-quase-200-anos-araras-vermelhas-voltam-a-nascer-na-mata-atlantica-baiana\/#primaryimage","url":"https:\/\/brasilnoticias.org\/site\/wp-content\/uploads\/2026\/04\/apos-200-anos-araras-vermelhas-ressurgem0138740500202604292248-ScaleDownProportional.webp","contentUrl":"https:\/\/brasilnoticias.org\/site\/wp-content\/uploads\/2026\/04\/apos-200-anos-araras-vermelhas-ressurgem0138740500202604292248-ScaleDownProportional.webp","width":724,"height":419,"caption":"Foto: Divulga\u00e7\u00e3o Ibama"},{"@type":"BreadcrumbList","@id":"https:\/\/brasilnoticias.org\/site\/apos-quase-200-anos-araras-vermelhas-voltam-a-nascer-na-mata-atlantica-baiana\/#breadcrumb","itemListElement":[{"@type":"ListItem","position":1,"name":"In\u00edcio","item":"https:\/\/brasilnoticias.org\/site\/"},{"@type":"ListItem","position":2,"name":"Ap\u00f3s quase 200 anos, araras-vermelhas voltam a nascer na Mata Atl\u00e2ntica baiana"}]},{"@type":"WebSite","@id":"https:\/\/brasilnoticias.org\/site\/#website","url":"https:\/\/brasilnoticias.org\/site\/","name":"Brasil not\u00edcias","description":"Brasil not\u00edcias","publisher":{"@id":"https:\/\/brasilnoticias.org\/site\/#organization"},"potentialAction":[{"@type":"SearchAction","target":{"@type":"EntryPoint","urlTemplate":"https:\/\/brasilnoticias.org\/site\/?s={search_term_string}"},"query-input":{"@type":"PropertyValueSpecification","valueRequired":true,"valueName":"search_term_string"}}],"inLanguage":"pt-PT"},{"@type":"Organization","@id":"https:\/\/brasilnoticias.org\/site\/#organization","name":"Brasil not\u00edcias","url":"https:\/\/brasilnoticias.org\/site\/","logo":{"@type":"ImageObject","inLanguage":"pt-PT","@id":"https:\/\/brasilnoticias.org\/site\/#\/schema\/logo\/image\/","url":"https:\/\/brasilnoticias.org\/site\/wp-content\/uploads\/2022\/05\/cropped-brasilnoticias-mini.jpg","contentUrl":"https:\/\/brasilnoticias.org\/site\/wp-content\/uploads\/2022\/05\/cropped-brasilnoticias-mini.jpg","width":314,"height":86,"caption":"Brasil not\u00edcias"},"image":{"@id":"https:\/\/brasilnoticias.org\/site\/#\/schema\/logo\/image\/"}},{"@type":"Person","@id":"https:\/\/brasilnoticias.org\/site\/#\/schema\/person\/03bbbfe6c7634ad18c26444ea39049fa","name":"Reda\u00e7\u00e3o","image":{"@type":"ImageObject","inLanguage":"pt-PT","@id":"https:\/\/brasilnoticias.org\/site\/#\/schema\/person\/image\/","url":"https:\/\/secure.gravatar.com\/avatar\/9ecaf7327a696cb23ad926fedded5f1f04d7049de9e445375d55b48c001a6e42?s=96&d=mm&r=g","contentUrl":"https:\/\/secure.gravatar.com\/avatar\/9ecaf7327a696cb23ad926fedded5f1f04d7049de9e445375d55b48c001a6e42?s=96&d=mm&r=g","caption":"Reda\u00e7\u00e3o"},"url":"https:\/\/brasilnoticias.org\/site\/author\/henrique\/"}]}},"_links":{"self":[{"href":"https:\/\/brasilnoticias.org\/site\/wp-json\/wp\/v2\/posts\/21888","targetHints":{"allow":["GET"]}}],"collection":[{"href":"https:\/\/brasilnoticias.org\/site\/wp-json\/wp\/v2\/posts"}],"about":[{"href":"https:\/\/brasilnoticias.org\/site\/wp-json\/wp\/v2\/types\/post"}],"author":[{"embeddable":true,"href":"https:\/\/brasilnoticias.org\/site\/wp-json\/wp\/v2\/users\/4"}],"replies":[{"embeddable":true,"href":"https:\/\/brasilnoticias.org\/site\/wp-json\/wp\/v2\/comments?post=21888"}],"version-history":[{"count":1,"href":"https:\/\/brasilnoticias.org\/site\/wp-json\/wp\/v2\/posts\/21888\/revisions"}],"predecessor-version":[{"id":21890,"href":"https:\/\/brasilnoticias.org\/site\/wp-json\/wp\/v2\/posts\/21888\/revisions\/21890"}],"wp:featuredmedia":[{"embeddable":true,"href":"https:\/\/brasilnoticias.org\/site\/wp-json\/wp\/v2\/media\/21889"}],"wp:attachment":[{"href":"https:\/\/brasilnoticias.org\/site\/wp-json\/wp\/v2\/media?parent=21888"}],"wp:term":[{"taxonomy":"category","embeddable":true,"href":"https:\/\/brasilnoticias.org\/site\/wp-json\/wp\/v2\/categories?post=21888"},{"taxonomy":"post_tag","embeddable":true,"href":"https:\/\/brasilnoticias.org\/site\/wp-json\/wp\/v2\/tags?post=21888"}],"curies":[{"name":"wp","href":"https:\/\/api.w.org\/{rel}","templated":true}]}}