{"id":21891,"date":"2026-04-30T07:30:47","date_gmt":"2026-04-30T10:30:47","guid":{"rendered":"https:\/\/brasilnoticias.org\/site\/?p=21891"},"modified":"2026-04-30T07:30:47","modified_gmt":"2026-04-30T10:30:47","slug":"rodoviarios-atrasam-saida-de-onibus-e-salvador-tem-manha-de-transtornos-no-transporte-publico","status":"publish","type":"post","link":"https:\/\/brasilnoticias.org\/site\/rodoviarios-atrasam-saida-de-onibus-e-salvador-tem-manha-de-transtornos-no-transporte-publico\/","title":{"rendered":"Rodovi\u00e1rios atrasam sa\u00edda de \u00f4nibus e Salvador tem manh\u00e3 de transtornos no transporte p\u00fablico"},"content":{"rendered":"<p data-start=\"389\" data-end=\"822\">Passageiros do transporte p\u00fablico de Salvador enfrentaram dificuldades nas primeiras horas da manh\u00e3 desta quinta-feira (30) ap\u00f3s rodovi\u00e1rios atrasarem a sa\u00edda dos \u00f4nibus de duas garagens estrat\u00e9gicas da capital baiana. A previs\u00e3o foi de que a circula\u00e7\u00e3o dos coletivos come\u00e7asse por volta das <strong data-start=\"681\" data-end=\"687\">8h<\/strong>, impactando principalmente moradores do <strong data-start=\"728\" data-end=\"783\">Sub\u00farbio Ferrovi\u00e1rio, Cajazeiras e bairros vizinhos<\/strong>.<\/p>\n<p data-start=\"824\" data-end=\"1214\">Segundo o Sindicato dos Rodovi\u00e1rios, o atraso ocorreu por conta de <strong data-start=\"891\" data-end=\"919\">assembleias da categoria<\/strong>, iniciadas ainda no come\u00e7o da manh\u00e3, como parte da campanha salarial em andamento. Os encontros aconteceram nas garagens de <strong data-start=\"1044\" data-end=\"1060\">Praia Grande<\/strong>, respons\u00e1vel por linhas que atendem a regi\u00e3o suburbana, e <strong data-start=\"1119\" data-end=\"1129\">Piraj\u00e1<\/strong>, que opera itiner\u00e1rios importantes da capital.<\/p>\n<h2 data-section-id=\"1v35whm\" data-start=\"1216\" data-end=\"1264\">Categoria cobra reajuste e jornada de 6 horas<\/h2>\n<p data-start=\"1266\" data-end=\"1678\">De acordo com o sindicato, j\u00e1 foram realizadas <strong data-start=\"1313\" data-end=\"1366\">quatro rodadas de negocia\u00e7\u00e3o com o setor patronal<\/strong>, sem avan\u00e7os nas principais reivindica\u00e7\u00f5es da categoria. Entre os pedidos est\u00e3o <strong data-start=\"1447\" data-end=\"1486\">reajuste salarial acima da infla\u00e7\u00e3o<\/strong>, aumento no ticket-alimenta\u00e7\u00e3o e a <strong data-start=\"1522\" data-end=\"1569\">implanta\u00e7\u00e3o de jornada di\u00e1ria de seis horas<\/strong>, al\u00e9m do fim das jornadas consideradas excessivas pelos trabalhadores.<\/p>\n<p data-start=\"1680\" data-end=\"1992\">Os rodovi\u00e1rios tamb\u00e9m argumentam que a atual rotina tem causado desgaste f\u00edsico e mental \u00e0 categoria, com motoristas e cobradores submetidos a longos expedientes, especialmente aos fins de semana, quando parte dos profissionais acaba acumulando mais viagens ao longo do dia.<\/p>\n<h2 data-section-id=\"145dsas\" data-start=\"1994\" data-end=\"2050\">Mobiliza\u00e7\u00e3o aumenta tens\u00e3o sobre poss\u00edvel paralisa\u00e7\u00e3o<\/h2>\n<p data-start=\"2052\" data-end=\"2431\">A mobiliza\u00e7\u00e3o desta quinta refor\u00e7a o clima de tens\u00e3o entre trabalhadores e empres\u00e1rios do transporte coletivo em Salvador. Nas \u00faltimas semanas, o sindicato j\u00e1 vinha promovendo a\u00e7\u00f5es dentro da campanha salarial, incluindo a orienta\u00e7\u00e3o para que rodovi\u00e1rios deixassem de fazer horas extras, o que impactou a oferta de \u00f4nibus em alguns per\u00edodos.<\/p>\n<p data-start=\"2433\" data-end=\"2634\">Caso as negocia\u00e7\u00f5es continuem sem acordo, cresce a possibilidade de novas paralisa\u00e7\u00f5es ou at\u00e9 de um movimento mais amplo da categoria, cen\u00e1rio que preocupa usu\u00e1rios do sistema e autoridades municipais.<\/p>\n<h2 data-section-id=\"xfj7rv\" data-start=\"2636\" data-end=\"2672\">Popula\u00e7\u00e3o sente impacto logo cedo<\/h2>\n<p data-start=\"2674\" data-end=\"3081\">Com a sa\u00edda tardia dos coletivos, pontos de \u00f4nibus registraram maior movimento e passageiros precisaram buscar alternativas para chegar ao trabalho, escola ou compromissos nas primeiras horas do dia. O epis\u00f3dio reacende o debate sobre a depend\u00eancia do transporte coletivo na capital e sobre a necessidade de uma solu\u00e7\u00e3o r\u00e1pida para evitar novos transtornos \u00e0 popula\u00e7\u00e3o.<\/p>\n","protected":false},"excerpt":{"rendered":"<p>Passageiros do transporte p\u00fablico de Salvador enfrentaram dificuldades nas primeiras horas da manh\u00e3 desta quinta-feira (30) ap\u00f3s rodovi\u00e1rios atrasarem a<\/p>\n","protected":false},"author":4,"featured_media":21892,"comment_status":"open","ping_status":"open","sticky":false,"template":"","format":"standard","meta":{"colormag_page_container_layout":"default_layout","colormag_page_sidebar_layout":"default_layout","_FSMCFIC_featured_image_caption":"","_FSMCFIC_featured_image_nocaption":"","_FSMCFIC_featured_image_hide":"","footnotes":""},"categories":[2,1],"tags":[],"class_list":["post-21891","post","type-post","status-publish","format-standard","has-post-thumbnail","hentry","category-noticias","category-ultimas"],"yoast_head":"<!-- This site is optimized with the Yoast SEO plugin v27.1.1 - https:\/\/yoast.com\/product\/yoast-seo-wordpress\/ -->\n<title>Rodovi\u00e1rios atrasam sa\u00edda de \u00f4nibus e Salvador tem manh\u00e3 de transtornos no transporte p\u00fablico - Brasil not\u00edcias<\/title>\n<meta name=\"robots\" content=\"index, follow, max-snippet:-1, max-image-preview:large, max-video-preview:-1\" \/>\n<link rel=\"canonical\" href=\"https:\/\/brasilnoticias.org\/site\/rodoviarios-atrasam-saida-de-onibus-e-salvador-tem-manha-de-transtornos-no-transporte-publico\/\" \/>\n<meta property=\"og:locale\" content=\"pt_PT\" \/>\n<meta property=\"og:type\" content=\"article\" \/>\n<meta property=\"og:title\" content=\"Rodovi\u00e1rios atrasam sa\u00edda de \u00f4nibus e Salvador tem manh\u00e3 de transtornos no transporte p\u00fablico - Brasil not\u00edcias\" \/>\n<meta property=\"og:description\" content=\"Passageiros do transporte p\u00fablico de Salvador enfrentaram dificuldades nas primeiras horas da manh\u00e3 desta quinta-feira (30) ap\u00f3s rodovi\u00e1rios atrasarem a\" \/>\n<meta property=\"og:url\" content=\"https:\/\/brasilnoticias.org\/site\/rodoviarios-atrasam-saida-de-onibus-e-salvador-tem-manha-de-transtornos-no-transporte-publico\/\" \/>\n<meta property=\"og:site_name\" content=\"Brasil not\u00edcias\" \/>\n<meta property=\"article:published_time\" content=\"2026-04-30T10:30:47+00:00\" \/>\n<meta property=\"og:image\" content=\"https:\/\/brasilnoticias.org\/site\/wp-content\/uploads\/2026\/04\/tarifa-de-onibus-fica-mais-cara-nesta-segunda-5-3079295-article.webp\" \/>\n\t<meta property=\"og:image:width\" content=\"600\" \/>\n\t<meta property=\"og:image:height\" content=\"401\" \/>\n\t<meta property=\"og:image:type\" content=\"image\/webp\" \/>\n<meta name=\"author\" content=\"Reda\u00e7\u00e3o\" \/>\n<meta name=\"twitter:card\" content=\"summary_large_image\" \/>\n<meta name=\"twitter:label1\" content=\"Escrito por\" \/>\n\t<meta name=\"twitter:data1\" content=\"Reda\u00e7\u00e3o\" \/>\n\t<meta name=\"twitter:label2\" content=\"Tempo estimado de leitura\" \/>\n\t<meta name=\"twitter:data2\" content=\"3 minutos\" \/>\n<script type=\"application\/ld+json\" class=\"yoast-schema-graph\">{\"@context\":\"https:\/\/schema.org\",\"@graph\":[{\"@type\":\"Article\",\"@id\":\"https:\/\/brasilnoticias.org\/site\/rodoviarios-atrasam-saida-de-onibus-e-salvador-tem-manha-de-transtornos-no-transporte-publico\/#article\",\"isPartOf\":{\"@id\":\"https:\/\/brasilnoticias.org\/site\/rodoviarios-atrasam-saida-de-onibus-e-salvador-tem-manha-de-transtornos-no-transporte-publico\/\"},\"author\":{\"name\":\"Reda\u00e7\u00e3o\",\"@id\":\"https:\/\/brasilnoticias.org\/site\/#\/schema\/person\/03bbbfe6c7634ad18c26444ea39049fa\"},\"headline\":\"Rodovi\u00e1rios atrasam sa\u00edda de \u00f4nibus e Salvador tem manh\u00e3 de transtornos no transporte p\u00fablico\",\"datePublished\":\"2026-04-30T10:30:47+00:00\",\"mainEntityOfPage\":{\"@id\":\"https:\/\/brasilnoticias.org\/site\/rodoviarios-atrasam-saida-de-onibus-e-salvador-tem-manha-de-transtornos-no-transporte-publico\/\"},\"wordCount\":419,\"commentCount\":0,\"publisher\":{\"@id\":\"https:\/\/brasilnoticias.org\/site\/#organization\"},\"image\":{\"@id\":\"https:\/\/brasilnoticias.org\/site\/rodoviarios-atrasam-saida-de-onibus-e-salvador-tem-manha-de-transtornos-no-transporte-publico\/#primaryimage\"},\"thumbnailUrl\":\"https:\/\/brasilnoticias.org\/site\/wp-content\/uploads\/2026\/04\/tarifa-de-onibus-fica-mais-cara-nesta-segunda-5-3079295-article.webp\",\"articleSection\":[\"Not\u00edcias\",\"\u00daltimas\"],\"inLanguage\":\"pt-PT\",\"potentialAction\":[{\"@type\":\"CommentAction\",\"name\":\"Comment\",\"target\":[\"https:\/\/brasilnoticias.org\/site\/rodoviarios-atrasam-saida-de-onibus-e-salvador-tem-manha-de-transtornos-no-transporte-publico\/#respond\"]}]},{\"@type\":\"WebPage\",\"@id\":\"https:\/\/brasilnoticias.org\/site\/rodoviarios-atrasam-saida-de-onibus-e-salvador-tem-manha-de-transtornos-no-transporte-publico\/\",\"url\":\"https:\/\/brasilnoticias.org\/site\/rodoviarios-atrasam-saida-de-onibus-e-salvador-tem-manha-de-transtornos-no-transporte-publico\/\",\"name\":\"Rodovi\u00e1rios atrasam sa\u00edda de \u00f4nibus e Salvador tem manh\u00e3 de transtornos no transporte p\u00fablico - Brasil not\u00edcias\",\"isPartOf\":{\"@id\":\"https:\/\/brasilnoticias.org\/site\/#website\"},\"primaryImageOfPage\":{\"@id\":\"https:\/\/brasilnoticias.org\/site\/rodoviarios-atrasam-saida-de-onibus-e-salvador-tem-manha-de-transtornos-no-transporte-publico\/#primaryimage\"},\"image\":{\"@id\":\"https:\/\/brasilnoticias.org\/site\/rodoviarios-atrasam-saida-de-onibus-e-salvador-tem-manha-de-transtornos-no-transporte-publico\/#primaryimage\"},\"thumbnailUrl\":\"https:\/\/brasilnoticias.org\/site\/wp-content\/uploads\/2026\/04\/tarifa-de-onibus-fica-mais-cara-nesta-segunda-5-3079295-article.webp\",\"datePublished\":\"2026-04-30T10:30:47+00:00\",\"breadcrumb\":{\"@id\":\"https:\/\/brasilnoticias.org\/site\/rodoviarios-atrasam-saida-de-onibus-e-salvador-tem-manha-de-transtornos-no-transporte-publico\/#breadcrumb\"},\"inLanguage\":\"pt-PT\",\"potentialAction\":[{\"@type\":\"ReadAction\",\"target\":[\"https:\/\/brasilnoticias.org\/site\/rodoviarios-atrasam-saida-de-onibus-e-salvador-tem-manha-de-transtornos-no-transporte-publico\/\"]}]},{\"@type\":\"ImageObject\",\"inLanguage\":\"pt-PT\",\"@id\":\"https:\/\/brasilnoticias.org\/site\/rodoviarios-atrasam-saida-de-onibus-e-salvador-tem-manha-de-transtornos-no-transporte-publico\/#primaryimage\",\"url\":\"https:\/\/brasilnoticias.org\/site\/wp-content\/uploads\/2026\/04\/tarifa-de-onibus-fica-mais-cara-nesta-segunda-5-3079295-article.webp\",\"contentUrl\":\"https:\/\/brasilnoticias.org\/site\/wp-content\/uploads\/2026\/04\/tarifa-de-onibus-fica-mais-cara-nesta-segunda-5-3079295-article.webp\",\"width\":600,\"height\":401,\"caption\":\"Betto Jr.\/ Secom PMS\"},{\"@type\":\"BreadcrumbList\",\"@id\":\"https:\/\/brasilnoticias.org\/site\/rodoviarios-atrasam-saida-de-onibus-e-salvador-tem-manha-de-transtornos-no-transporte-publico\/#breadcrumb\",\"itemListElement\":[{\"@type\":\"ListItem\",\"position\":1,\"name\":\"In\u00edcio\",\"item\":\"https:\/\/brasilnoticias.org\/site\/\"},{\"@type\":\"ListItem\",\"position\":2,\"name\":\"Rodovi\u00e1rios atrasam sa\u00edda de \u00f4nibus e Salvador tem manh\u00e3 de transtornos no transporte p\u00fablico\"}]},{\"@type\":\"WebSite\",\"@id\":\"https:\/\/brasilnoticias.org\/site\/#website\",\"url\":\"https:\/\/brasilnoticias.org\/site\/\",\"name\":\"Brasil not\u00edcias\",\"description\":\"Brasil not\u00edcias\",\"publisher\":{\"@id\":\"https:\/\/brasilnoticias.org\/site\/#organization\"},\"potentialAction\":[{\"@type\":\"SearchAction\",\"target\":{\"@type\":\"EntryPoint\",\"urlTemplate\":\"https:\/\/brasilnoticias.org\/site\/?s={search_term_string}\"},\"query-input\":{\"@type\":\"PropertyValueSpecification\",\"valueRequired\":true,\"valueName\":\"search_term_string\"}}],\"inLanguage\":\"pt-PT\"},{\"@type\":\"Organization\",\"@id\":\"https:\/\/brasilnoticias.org\/site\/#organization\",\"name\":\"Brasil not\u00edcias\",\"url\":\"https:\/\/brasilnoticias.org\/site\/\",\"logo\":{\"@type\":\"ImageObject\",\"inLanguage\":\"pt-PT\",\"@id\":\"https:\/\/brasilnoticias.org\/site\/#\/schema\/logo\/image\/\",\"url\":\"https:\/\/brasilnoticias.org\/site\/wp-content\/uploads\/2022\/05\/cropped-brasilnoticias-mini.jpg\",\"contentUrl\":\"https:\/\/brasilnoticias.org\/site\/wp-content\/uploads\/2022\/05\/cropped-brasilnoticias-mini.jpg\",\"width\":314,\"height\":86,\"caption\":\"Brasil not\u00edcias\"},\"image\":{\"@id\":\"https:\/\/brasilnoticias.org\/site\/#\/schema\/logo\/image\/\"}},{\"@type\":\"Person\",\"@id\":\"https:\/\/brasilnoticias.org\/site\/#\/schema\/person\/03bbbfe6c7634ad18c26444ea39049fa\",\"name\":\"Reda\u00e7\u00e3o\",\"image\":{\"@type\":\"ImageObject\",\"inLanguage\":\"pt-PT\",\"@id\":\"https:\/\/brasilnoticias.org\/site\/#\/schema\/person\/image\/\",\"url\":\"https:\/\/secure.gravatar.com\/avatar\/9ecaf7327a696cb23ad926fedded5f1f04d7049de9e445375d55b48c001a6e42?s=96&d=mm&r=g\",\"contentUrl\":\"https:\/\/secure.gravatar.com\/avatar\/9ecaf7327a696cb23ad926fedded5f1f04d7049de9e445375d55b48c001a6e42?s=96&d=mm&r=g\",\"caption\":\"Reda\u00e7\u00e3o\"},\"url\":\"https:\/\/brasilnoticias.org\/site\/author\/henrique\/\"}]}<\/script>\n<!-- \/ Yoast SEO plugin. -->","yoast_head_json":{"title":"Rodovi\u00e1rios atrasam sa\u00edda de \u00f4nibus e Salvador tem manh\u00e3 de transtornos no transporte p\u00fablico - Brasil not\u00edcias","robots":{"index":"index","follow":"follow","max-snippet":"max-snippet:-1","max-image-preview":"max-image-preview:large","max-video-preview":"max-video-preview:-1"},"canonical":"https:\/\/brasilnoticias.org\/site\/rodoviarios-atrasam-saida-de-onibus-e-salvador-tem-manha-de-transtornos-no-transporte-publico\/","og_locale":"pt_PT","og_type":"article","og_title":"Rodovi\u00e1rios atrasam sa\u00edda de \u00f4nibus e Salvador tem manh\u00e3 de transtornos no transporte p\u00fablico - Brasil not\u00edcias","og_description":"Passageiros do transporte p\u00fablico de Salvador enfrentaram dificuldades nas primeiras horas da manh\u00e3 desta quinta-feira (30) ap\u00f3s rodovi\u00e1rios atrasarem a","og_url":"https:\/\/brasilnoticias.org\/site\/rodoviarios-atrasam-saida-de-onibus-e-salvador-tem-manha-de-transtornos-no-transporte-publico\/","og_site_name":"Brasil not\u00edcias","article_published_time":"2026-04-30T10:30:47+00:00","og_image":[{"width":600,"height":401,"url":"https:\/\/brasilnoticias.org\/site\/wp-content\/uploads\/2026\/04\/tarifa-de-onibus-fica-mais-cara-nesta-segunda-5-3079295-article.webp","type":"image\/webp"}],"author":"Reda\u00e7\u00e3o","twitter_card":"summary_large_image","twitter_misc":{"Escrito por":"Reda\u00e7\u00e3o","Tempo estimado de leitura":"3 minutos"},"schema":{"@context":"https:\/\/schema.org","@graph":[{"@type":"Article","@id":"https:\/\/brasilnoticias.org\/site\/rodoviarios-atrasam-saida-de-onibus-e-salvador-tem-manha-de-transtornos-no-transporte-publico\/#article","isPartOf":{"@id":"https:\/\/brasilnoticias.org\/site\/rodoviarios-atrasam-saida-de-onibus-e-salvador-tem-manha-de-transtornos-no-transporte-publico\/"},"author":{"name":"Reda\u00e7\u00e3o","@id":"https:\/\/brasilnoticias.org\/site\/#\/schema\/person\/03bbbfe6c7634ad18c26444ea39049fa"},"headline":"Rodovi\u00e1rios atrasam sa\u00edda de \u00f4nibus e Salvador tem manh\u00e3 de transtornos no transporte p\u00fablico","datePublished":"2026-04-30T10:30:47+00:00","mainEntityOfPage":{"@id":"https:\/\/brasilnoticias.org\/site\/rodoviarios-atrasam-saida-de-onibus-e-salvador-tem-manha-de-transtornos-no-transporte-publico\/"},"wordCount":419,"commentCount":0,"publisher":{"@id":"https:\/\/brasilnoticias.org\/site\/#organization"},"image":{"@id":"https:\/\/brasilnoticias.org\/site\/rodoviarios-atrasam-saida-de-onibus-e-salvador-tem-manha-de-transtornos-no-transporte-publico\/#primaryimage"},"thumbnailUrl":"https:\/\/brasilnoticias.org\/site\/wp-content\/uploads\/2026\/04\/tarifa-de-onibus-fica-mais-cara-nesta-segunda-5-3079295-article.webp","articleSection":["Not\u00edcias","\u00daltimas"],"inLanguage":"pt-PT","potentialAction":[{"@type":"CommentAction","name":"Comment","target":["https:\/\/brasilnoticias.org\/site\/rodoviarios-atrasam-saida-de-onibus-e-salvador-tem-manha-de-transtornos-no-transporte-publico\/#respond"]}]},{"@type":"WebPage","@id":"https:\/\/brasilnoticias.org\/site\/rodoviarios-atrasam-saida-de-onibus-e-salvador-tem-manha-de-transtornos-no-transporte-publico\/","url":"https:\/\/brasilnoticias.org\/site\/rodoviarios-atrasam-saida-de-onibus-e-salvador-tem-manha-de-transtornos-no-transporte-publico\/","name":"Rodovi\u00e1rios atrasam sa\u00edda de \u00f4nibus e Salvador tem manh\u00e3 de transtornos no transporte p\u00fablico - Brasil not\u00edcias","isPartOf":{"@id":"https:\/\/brasilnoticias.org\/site\/#website"},"primaryImageOfPage":{"@id":"https:\/\/brasilnoticias.org\/site\/rodoviarios-atrasam-saida-de-onibus-e-salvador-tem-manha-de-transtornos-no-transporte-publico\/#primaryimage"},"image":{"@id":"https:\/\/brasilnoticias.org\/site\/rodoviarios-atrasam-saida-de-onibus-e-salvador-tem-manha-de-transtornos-no-transporte-publico\/#primaryimage"},"thumbnailUrl":"https:\/\/brasilnoticias.org\/site\/wp-content\/uploads\/2026\/04\/tarifa-de-onibus-fica-mais-cara-nesta-segunda-5-3079295-article.webp","datePublished":"2026-04-30T10:30:47+00:00","breadcrumb":{"@id":"https:\/\/brasilnoticias.org\/site\/rodoviarios-atrasam-saida-de-onibus-e-salvador-tem-manha-de-transtornos-no-transporte-publico\/#breadcrumb"},"inLanguage":"pt-PT","potentialAction":[{"@type":"ReadAction","target":["https:\/\/brasilnoticias.org\/site\/rodoviarios-atrasam-saida-de-onibus-e-salvador-tem-manha-de-transtornos-no-transporte-publico\/"]}]},{"@type":"ImageObject","inLanguage":"pt-PT","@id":"https:\/\/brasilnoticias.org\/site\/rodoviarios-atrasam-saida-de-onibus-e-salvador-tem-manha-de-transtornos-no-transporte-publico\/#primaryimage","url":"https:\/\/brasilnoticias.org\/site\/wp-content\/uploads\/2026\/04\/tarifa-de-onibus-fica-mais-cara-nesta-segunda-5-3079295-article.webp","contentUrl":"https:\/\/brasilnoticias.org\/site\/wp-content\/uploads\/2026\/04\/tarifa-de-onibus-fica-mais-cara-nesta-segunda-5-3079295-article.webp","width":600,"height":401,"caption":"Betto Jr.\/ Secom PMS"},{"@type":"BreadcrumbList","@id":"https:\/\/brasilnoticias.org\/site\/rodoviarios-atrasam-saida-de-onibus-e-salvador-tem-manha-de-transtornos-no-transporte-publico\/#breadcrumb","itemListElement":[{"@type":"ListItem","position":1,"name":"In\u00edcio","item":"https:\/\/brasilnoticias.org\/site\/"},{"@type":"ListItem","position":2,"name":"Rodovi\u00e1rios atrasam sa\u00edda de \u00f4nibus e Salvador tem manh\u00e3 de transtornos no transporte p\u00fablico"}]},{"@type":"WebSite","@id":"https:\/\/brasilnoticias.org\/site\/#website","url":"https:\/\/brasilnoticias.org\/site\/","name":"Brasil not\u00edcias","description":"Brasil not\u00edcias","publisher":{"@id":"https:\/\/brasilnoticias.org\/site\/#organization"},"potentialAction":[{"@type":"SearchAction","target":{"@type":"EntryPoint","urlTemplate":"https:\/\/brasilnoticias.org\/site\/?s={search_term_string}"},"query-input":{"@type":"PropertyValueSpecification","valueRequired":true,"valueName":"search_term_string"}}],"inLanguage":"pt-PT"},{"@type":"Organization","@id":"https:\/\/brasilnoticias.org\/site\/#organization","name":"Brasil not\u00edcias","url":"https:\/\/brasilnoticias.org\/site\/","logo":{"@type":"ImageObject","inLanguage":"pt-PT","@id":"https:\/\/brasilnoticias.org\/site\/#\/schema\/logo\/image\/","url":"https:\/\/brasilnoticias.org\/site\/wp-content\/uploads\/2022\/05\/cropped-brasilnoticias-mini.jpg","contentUrl":"https:\/\/brasilnoticias.org\/site\/wp-content\/uploads\/2022\/05\/cropped-brasilnoticias-mini.jpg","width":314,"height":86,"caption":"Brasil not\u00edcias"},"image":{"@id":"https:\/\/brasilnoticias.org\/site\/#\/schema\/logo\/image\/"}},{"@type":"Person","@id":"https:\/\/brasilnoticias.org\/site\/#\/schema\/person\/03bbbfe6c7634ad18c26444ea39049fa","name":"Reda\u00e7\u00e3o","image":{"@type":"ImageObject","inLanguage":"pt-PT","@id":"https:\/\/brasilnoticias.org\/site\/#\/schema\/person\/image\/","url":"https:\/\/secure.gravatar.com\/avatar\/9ecaf7327a696cb23ad926fedded5f1f04d7049de9e445375d55b48c001a6e42?s=96&d=mm&r=g","contentUrl":"https:\/\/secure.gravatar.com\/avatar\/9ecaf7327a696cb23ad926fedded5f1f04d7049de9e445375d55b48c001a6e42?s=96&d=mm&r=g","caption":"Reda\u00e7\u00e3o"},"url":"https:\/\/brasilnoticias.org\/site\/author\/henrique\/"}]}},"_links":{"self":[{"href":"https:\/\/brasilnoticias.org\/site\/wp-json\/wp\/v2\/posts\/21891","targetHints":{"allow":["GET"]}}],"collection":[{"href":"https:\/\/brasilnoticias.org\/site\/wp-json\/wp\/v2\/posts"}],"about":[{"href":"https:\/\/brasilnoticias.org\/site\/wp-json\/wp\/v2\/types\/post"}],"author":[{"embeddable":true,"href":"https:\/\/brasilnoticias.org\/site\/wp-json\/wp\/v2\/users\/4"}],"replies":[{"embeddable":true,"href":"https:\/\/brasilnoticias.org\/site\/wp-json\/wp\/v2\/comments?post=21891"}],"version-history":[{"count":1,"href":"https:\/\/brasilnoticias.org\/site\/wp-json\/wp\/v2\/posts\/21891\/revisions"}],"predecessor-version":[{"id":21893,"href":"https:\/\/brasilnoticias.org\/site\/wp-json\/wp\/v2\/posts\/21891\/revisions\/21893"}],"wp:featuredmedia":[{"embeddable":true,"href":"https:\/\/brasilnoticias.org\/site\/wp-json\/wp\/v2\/media\/21892"}],"wp:attachment":[{"href":"https:\/\/brasilnoticias.org\/site\/wp-json\/wp\/v2\/media?parent=21891"}],"wp:term":[{"taxonomy":"category","embeddable":true,"href":"https:\/\/brasilnoticias.org\/site\/wp-json\/wp\/v2\/categories?post=21891"},{"taxonomy":"post_tag","embeddable":true,"href":"https:\/\/brasilnoticias.org\/site\/wp-json\/wp\/v2\/tags?post=21891"}],"curies":[{"name":"wp","href":"https:\/\/api.w.org\/{rel}","templated":true}]}}