{"id":21894,"date":"2026-04-30T09:18:09","date_gmt":"2026-04-30T12:18:09","guid":{"rendered":"https:\/\/brasilnoticias.org\/site\/?p=21894"},"modified":"2026-04-30T09:18:09","modified_gmt":"2026-04-30T12:18:09","slug":"violencia-lidera-como-principal-problema-da-bahia-e-domina-percepcao-do-eleitor-aponta-quaest","status":"publish","type":"post","link":"https:\/\/brasilnoticias.org\/site\/violencia-lidera-como-principal-problema-da-bahia-e-domina-percepcao-do-eleitor-aponta-quaest\/","title":{"rendered":"Viol\u00eancia lidera como principal problema da Bahia e domina percep\u00e7\u00e3o do eleitor, aponta Quaest"},"content":{"rendered":"<p>A pesquisa Genial\/Quaest revela que a\u00a0<strong>viol\u00eancia \u00e9, disparado, o principal problema da Bahia na percep\u00e7\u00e3o do eleitor<\/strong>, citada por\u00a0<strong>36% dos entrevistados<\/strong>, seguida por\u00a0<strong>sa\u00fade, com 26%<\/strong>, e\u00a0<strong>desemprego, com 9%<\/strong>.<\/p>\n<p>Pobreza e desigualdade aparecem com 4%, enquanto corrup\u00e7\u00e3o e economia t\u00eam 3% cada. Educa\u00e7\u00e3o, enchentes e infraestrutura somam 2% cada.<\/p>\n<p>Os dados mostram que a agenda p\u00fablica no estado segue fortemente concentrada em temas estruturais, especialmente seguran\u00e7a e servi\u00e7os b\u00e1sicos, com menor peso para pautas econ\u00f4micas mais amplas.<\/p>\n<p><em><strong>Confira aqui os resultados das sondagens para\u00a0<a href=\"https:\/\/www.blogdovila.com.br\/noticia\/genial-2904\" target=\"_blank\" rel=\"noopener\">governador<\/a>\u00a0e\u00a0<a href=\"https:\/\/www.blogdovila.com.br\/noticia\/quaest-senado\" target=\"_blank\" rel=\"noopener\">Senado<\/a>.<\/strong><\/em><\/p>\n<h2><strong>Seguran\u00e7a domina em todos os campos pol\u00edticos<\/p>\n<p><\/strong><\/h2>\n<p>A viol\u00eancia aparece como principal problema em praticamente todos os segmentos ideol\u00f3gicos, mas com intensidade diferente. Entre eleitores de\u00a0<strong>direita n\u00e3o bolsonarista<\/strong>, o \u00edndice chega a\u00a0<strong>51%<\/strong>, o mais alto do levantamento.<\/p>\n<p>J\u00e1 entre\u00a0<strong>independentes<\/strong>, s\u00e3o\u00a0<strong>37%<\/strong>, mesmo porcentual registrado entre\u00a0<strong>bolsonaristas<\/strong>, enquanto entre\u00a0<strong>lulistas<\/strong>\u00a0o n\u00famero \u00e9 de\u00a0<strong>31%<\/strong>\u00a0e entre a\u00a0<strong>esquerda n\u00e3o lulista<\/strong>,\u00a0<strong>38%<\/strong>.<\/p>\n<p>A sa\u00fade surge como segundo maior problema em todos os grupos, com varia\u00e7\u00e3o entre\u00a0<strong>22% e 28%<\/strong>, enquanto o desemprego tem maior peso entre independentes (<strong>11%<\/strong>) e bolsonaristas (<strong>10%<\/strong>).<\/p>\n<h2><strong>TV ainda lidera, mas redes sociais encostam<\/p>\n<p><\/strong><\/h2>\n<p>O levantamento tamb\u00e9m mostra como o eleitor baiano se informa sobre pol\u00edtica. A\u00a0<strong>TV segue como principal fonte, com 43%<\/strong>, mas as\u00a0<strong>redes sociais j\u00e1 aparecem com 30%<\/strong>\u00a0e se consolidam como segunda principal via de informa\u00e7\u00e3o.<\/p>\n<p>Outras fontes aparecem bem atr\u00e1s:\u00a0<strong>12% citam outros meios<\/strong>,\u00a0<strong>6% sites e blogs<\/strong>, enquanto\u00a0<strong>4% dizem n\u00e3o se informar<\/strong>\u00a0e apenas\u00a0<strong>3% mencionam o r\u00e1dio<\/strong>.<\/p>\n<h2><strong>Eleitorado majoritariamente independente<\/p>\n<p><\/strong><\/h2>\n<p>No recorte de posicionamento pol\u00edtico, a pesquisa indica um eleitorado menos ideol\u00f3gico do que o debate p\u00fablico sugere.<\/p>\n<p>Os\u00a0<strong>independentes lideram, com 33%<\/strong>, seguidos por\u00a0<strong>lulistas (26%)<\/strong>\u00a0e\u00a0<strong>eleitores de esquerda n\u00e3o lulista (16%)<\/strong>.<\/p>\n<p>Do outro lado,\u00a0<strong>bolsonaristas somam 10%<\/strong>, enquanto a\u00a0<strong>direita n\u00e3o bolsonarista aparece com 9%<\/strong>. Outros\u00a0<strong>5% n\u00e3o souberam ou n\u00e3o responderam<\/strong>.<\/p>\n<h2><strong>Perfil da amostra<\/p>\n<p><\/strong><\/h2>\n<p>A pesquisa tamb\u00e9m detalha o perfil dos entrevistados. As\u00a0<strong>mulheres s\u00e3o maioria, com 53%<\/strong>, contra\u00a0<strong>47% de homens<\/strong>.<\/p>\n<p>Por faixa et\u00e1ria, o maior grupo est\u00e1 entre\u00a0<strong>35 e 59 anos (47%)<\/strong>, seguido por\u00a0<strong>16 a 34 anos (32%)<\/strong>\u00a0e\u00a0<strong>60 anos ou mais (21%)<\/strong>.<\/p>\n<p>Em escolaridade,\u00a0<strong>49% t\u00eam ensino fundamental<\/strong>,\u00a0<strong>39% ensino m\u00e9dio<\/strong>\u00a0e\u00a0<strong>12% ensino superior<\/strong>.<\/p>\n<p>Na renda,\u00a0<strong>53% vivem com at\u00e9 dois sal\u00e1rios m\u00ednimos<\/strong>,\u00a0<strong>36% entre dois e cinco sal\u00e1rios<\/strong>\u00a0e\u00a0<strong>11% acima disso<\/strong>.<\/p>\n<p>No recorte religioso,\u00a0<strong>54% se declaram cat\u00f3licos<\/strong>,\u00a0<strong>24% evang\u00e9licos<\/strong>,\u00a0<strong>16% sem religi\u00e3o<\/strong>\u00a0e\u00a0<strong>5% outras cren\u00e7as<\/strong>.<\/p>\n<p>J\u00e1 na autodeclara\u00e7\u00e3o racial,\u00a0<strong>53% se identificam como pardos<\/strong>,\u00a0<strong>26% como pretos<\/strong>\u00a0e\u00a0<strong>19% como brancos<\/strong>.<\/p>\n<h2><strong>Leitura pol\u00edtica<\/p>\n<p><\/strong><\/h2>\n<p>O levantamento mostra um eleitorado com prioridades bem definidas:\u00a0<strong>seguran\u00e7a p\u00fablica e sa\u00fade concentram as maiores preocupa\u00e7\u00f5es<\/strong>, que atravessam todos os grupos pol\u00edticos.<\/p>\n<p>Ao mesmo tempo, o peso dos independentes e o crescimento das redes sociais como fonte de informa\u00e7\u00e3o indicam um cen\u00e1rio mais vol\u00e1til, em que o voto tende a ser menos ideol\u00f3gico e mais guiado por problemas concretos do dia a dia.<\/p>\n<p>O levantamento ouviu 1,2 mil eleitores entre os dias 23 e 27 de abril, tem margem de erro de tr\u00eas pontos porcentuais e n\u00edvel de confian\u00e7a de 95%. A pesquisa foi registrada no Tribunal Superior Eleitoral (TSE) sob o n\u00famero BA-03657\/2026.<\/p>\n<p><strong><a href=\"https:\/\/gestor-blogdovila.nvgo.app\/assets\/6b45f7d2-326e-4806-9bc6-12ae6d2bdc49\" target=\"_blank\" rel=\"noopener\">Confira aqui o estudo completo<\/a><\/strong>.<\/p>\n","protected":false},"excerpt":{"rendered":"<p>A pesquisa Genial\/Quaest revela que a\u00a0viol\u00eancia \u00e9, disparado, o principal problema da Bahia na percep\u00e7\u00e3o do eleitor, citada por\u00a036% dos<\/p>\n","protected":false},"author":4,"featured_media":21895,"comment_status":"open","ping_status":"open","sticky":false,"template":"","format":"standard","meta":{"colormag_page_container_layout":"default_layout","colormag_page_sidebar_layout":"default_layout","_FSMCFIC_featured_image_caption":"","_FSMCFIC_featured_image_nocaption":"","_FSMCFIC_featured_image_hide":"","footnotes":""},"categories":[3,1],"tags":[],"class_list":["post-21894","post","type-post","status-publish","format-standard","has-post-thumbnail","hentry","category-policia","category-ultimas"],"yoast_head":"<!-- This site is optimized with the Yoast SEO plugin v27.1.1 - https:\/\/yoast.com\/product\/yoast-seo-wordpress\/ -->\n<title>Viol\u00eancia lidera como principal problema da Bahia e domina percep\u00e7\u00e3o do eleitor, aponta Quaest - Brasil not\u00edcias<\/title>\n<meta name=\"robots\" content=\"index, follow, max-snippet:-1, max-image-preview:large, max-video-preview:-1\" \/>\n<link rel=\"canonical\" href=\"https:\/\/brasilnoticias.org\/site\/violencia-lidera-como-principal-problema-da-bahia-e-domina-percepcao-do-eleitor-aponta-quaest\/\" \/>\n<meta property=\"og:locale\" content=\"pt_PT\" \/>\n<meta property=\"og:type\" content=\"article\" \/>\n<meta property=\"og:title\" content=\"Viol\u00eancia lidera como principal problema da Bahia e domina percep\u00e7\u00e3o do eleitor, aponta Quaest - Brasil not\u00edcias\" \/>\n<meta property=\"og:description\" content=\"A pesquisa Genial\/Quaest revela que a\u00a0viol\u00eancia \u00e9, disparado, o principal problema da Bahia na percep\u00e7\u00e3o do eleitor, citada por\u00a036% dos\" \/>\n<meta property=\"og:url\" content=\"https:\/\/brasilnoticias.org\/site\/violencia-lidera-como-principal-problema-da-bahia-e-domina-percepcao-do-eleitor-aponta-quaest\/\" \/>\n<meta property=\"og:site_name\" content=\"Brasil not\u00edcias\" \/>\n<meta property=\"article:published_time\" content=\"2026-04-30T12:18:09+00:00\" \/>\n<meta property=\"og:image\" content=\"https:\/\/brasilnoticias.org\/site\/wp-content\/uploads\/2026\/04\/WhatsApp-Image-2026-04-29-at-13.44.53.jpeg\" \/>\n\t<meta property=\"og:image:width\" content=\"1600\" \/>\n\t<meta property=\"og:image:height\" content=\"900\" \/>\n\t<meta property=\"og:image:type\" content=\"image\/jpeg\" \/>\n<meta name=\"author\" content=\"Reda\u00e7\u00e3o\" \/>\n<meta name=\"twitter:card\" content=\"summary_large_image\" \/>\n<meta name=\"twitter:label1\" content=\"Escrito por\" \/>\n\t<meta name=\"twitter:data1\" content=\"Reda\u00e7\u00e3o\" \/>\n\t<meta name=\"twitter:label2\" content=\"Tempo estimado de leitura\" \/>\n\t<meta name=\"twitter:data2\" content=\"4 minutos\" \/>\n<script type=\"application\/ld+json\" class=\"yoast-schema-graph\">{\"@context\":\"https:\/\/schema.org\",\"@graph\":[{\"@type\":\"Article\",\"@id\":\"https:\/\/brasilnoticias.org\/site\/violencia-lidera-como-principal-problema-da-bahia-e-domina-percepcao-do-eleitor-aponta-quaest\/#article\",\"isPartOf\":{\"@id\":\"https:\/\/brasilnoticias.org\/site\/violencia-lidera-como-principal-problema-da-bahia-e-domina-percepcao-do-eleitor-aponta-quaest\/\"},\"author\":{\"name\":\"Reda\u00e7\u00e3o\",\"@id\":\"https:\/\/brasilnoticias.org\/site\/#\/schema\/person\/03bbbfe6c7634ad18c26444ea39049fa\"},\"headline\":\"Viol\u00eancia lidera como principal problema da Bahia e domina percep\u00e7\u00e3o do eleitor, aponta Quaest\",\"datePublished\":\"2026-04-30T12:18:09+00:00\",\"mainEntityOfPage\":{\"@id\":\"https:\/\/brasilnoticias.org\/site\/violencia-lidera-como-principal-problema-da-bahia-e-domina-percepcao-do-eleitor-aponta-quaest\/\"},\"wordCount\":556,\"commentCount\":0,\"publisher\":{\"@id\":\"https:\/\/brasilnoticias.org\/site\/#organization\"},\"image\":{\"@id\":\"https:\/\/brasilnoticias.org\/site\/violencia-lidera-como-principal-problema-da-bahia-e-domina-percepcao-do-eleitor-aponta-quaest\/#primaryimage\"},\"thumbnailUrl\":\"https:\/\/brasilnoticias.org\/site\/wp-content\/uploads\/2026\/04\/WhatsApp-Image-2026-04-29-at-13.44.53.jpeg\",\"articleSection\":[\"Pol\u00edcia\",\"\u00daltimas\"],\"inLanguage\":\"pt-PT\",\"potentialAction\":[{\"@type\":\"CommentAction\",\"name\":\"Comment\",\"target\":[\"https:\/\/brasilnoticias.org\/site\/violencia-lidera-como-principal-problema-da-bahia-e-domina-percepcao-do-eleitor-aponta-quaest\/#respond\"]}]},{\"@type\":\"WebPage\",\"@id\":\"https:\/\/brasilnoticias.org\/site\/violencia-lidera-como-principal-problema-da-bahia-e-domina-percepcao-do-eleitor-aponta-quaest\/\",\"url\":\"https:\/\/brasilnoticias.org\/site\/violencia-lidera-como-principal-problema-da-bahia-e-domina-percepcao-do-eleitor-aponta-quaest\/\",\"name\":\"Viol\u00eancia lidera como principal problema da Bahia e domina percep\u00e7\u00e3o do eleitor, aponta Quaest - Brasil not\u00edcias\",\"isPartOf\":{\"@id\":\"https:\/\/brasilnoticias.org\/site\/#website\"},\"primaryImageOfPage\":{\"@id\":\"https:\/\/brasilnoticias.org\/site\/violencia-lidera-como-principal-problema-da-bahia-e-domina-percepcao-do-eleitor-aponta-quaest\/#primaryimage\"},\"image\":{\"@id\":\"https:\/\/brasilnoticias.org\/site\/violencia-lidera-como-principal-problema-da-bahia-e-domina-percepcao-do-eleitor-aponta-quaest\/#primaryimage\"},\"thumbnailUrl\":\"https:\/\/brasilnoticias.org\/site\/wp-content\/uploads\/2026\/04\/WhatsApp-Image-2026-04-29-at-13.44.53.jpeg\",\"datePublished\":\"2026-04-30T12:18:09+00:00\",\"breadcrumb\":{\"@id\":\"https:\/\/brasilnoticias.org\/site\/violencia-lidera-como-principal-problema-da-bahia-e-domina-percepcao-do-eleitor-aponta-quaest\/#breadcrumb\"},\"inLanguage\":\"pt-PT\",\"potentialAction\":[{\"@type\":\"ReadAction\",\"target\":[\"https:\/\/brasilnoticias.org\/site\/violencia-lidera-como-principal-problema-da-bahia-e-domina-percepcao-do-eleitor-aponta-quaest\/\"]}]},{\"@type\":\"ImageObject\",\"inLanguage\":\"pt-PT\",\"@id\":\"https:\/\/brasilnoticias.org\/site\/violencia-lidera-como-principal-problema-da-bahia-e-domina-percepcao-do-eleitor-aponta-quaest\/#primaryimage\",\"url\":\"https:\/\/brasilnoticias.org\/site\/wp-content\/uploads\/2026\/04\/WhatsApp-Image-2026-04-29-at-13.44.53.jpeg\",\"contentUrl\":\"https:\/\/brasilnoticias.org\/site\/wp-content\/uploads\/2026\/04\/WhatsApp-Image-2026-04-29-at-13.44.53.jpeg\",\"width\":1600,\"height\":900,\"caption\":\"Foto: Mateus Pereira \/ GOVBA\"},{\"@type\":\"BreadcrumbList\",\"@id\":\"https:\/\/brasilnoticias.org\/site\/violencia-lidera-como-principal-problema-da-bahia-e-domina-percepcao-do-eleitor-aponta-quaest\/#breadcrumb\",\"itemListElement\":[{\"@type\":\"ListItem\",\"position\":1,\"name\":\"In\u00edcio\",\"item\":\"https:\/\/brasilnoticias.org\/site\/\"},{\"@type\":\"ListItem\",\"position\":2,\"name\":\"Viol\u00eancia lidera como principal problema da Bahia e domina percep\u00e7\u00e3o do eleitor, aponta Quaest\"}]},{\"@type\":\"WebSite\",\"@id\":\"https:\/\/brasilnoticias.org\/site\/#website\",\"url\":\"https:\/\/brasilnoticias.org\/site\/\",\"name\":\"Brasil not\u00edcias\",\"description\":\"Brasil not\u00edcias\",\"publisher\":{\"@id\":\"https:\/\/brasilnoticias.org\/site\/#organization\"},\"potentialAction\":[{\"@type\":\"SearchAction\",\"target\":{\"@type\":\"EntryPoint\",\"urlTemplate\":\"https:\/\/brasilnoticias.org\/site\/?s={search_term_string}\"},\"query-input\":{\"@type\":\"PropertyValueSpecification\",\"valueRequired\":true,\"valueName\":\"search_term_string\"}}],\"inLanguage\":\"pt-PT\"},{\"@type\":\"Organization\",\"@id\":\"https:\/\/brasilnoticias.org\/site\/#organization\",\"name\":\"Brasil not\u00edcias\",\"url\":\"https:\/\/brasilnoticias.org\/site\/\",\"logo\":{\"@type\":\"ImageObject\",\"inLanguage\":\"pt-PT\",\"@id\":\"https:\/\/brasilnoticias.org\/site\/#\/schema\/logo\/image\/\",\"url\":\"https:\/\/brasilnoticias.org\/site\/wp-content\/uploads\/2022\/05\/cropped-brasilnoticias-mini.jpg\",\"contentUrl\":\"https:\/\/brasilnoticias.org\/site\/wp-content\/uploads\/2022\/05\/cropped-brasilnoticias-mini.jpg\",\"width\":314,\"height\":86,\"caption\":\"Brasil not\u00edcias\"},\"image\":{\"@id\":\"https:\/\/brasilnoticias.org\/site\/#\/schema\/logo\/image\/\"}},{\"@type\":\"Person\",\"@id\":\"https:\/\/brasilnoticias.org\/site\/#\/schema\/person\/03bbbfe6c7634ad18c26444ea39049fa\",\"name\":\"Reda\u00e7\u00e3o\",\"image\":{\"@type\":\"ImageObject\",\"inLanguage\":\"pt-PT\",\"@id\":\"https:\/\/brasilnoticias.org\/site\/#\/schema\/person\/image\/\",\"url\":\"https:\/\/secure.gravatar.com\/avatar\/9ecaf7327a696cb23ad926fedded5f1f04d7049de9e445375d55b48c001a6e42?s=96&d=mm&r=g\",\"contentUrl\":\"https:\/\/secure.gravatar.com\/avatar\/9ecaf7327a696cb23ad926fedded5f1f04d7049de9e445375d55b48c001a6e42?s=96&d=mm&r=g\",\"caption\":\"Reda\u00e7\u00e3o\"},\"url\":\"https:\/\/brasilnoticias.org\/site\/author\/henrique\/\"}]}<\/script>\n<!-- \/ Yoast SEO plugin. -->","yoast_head_json":{"title":"Viol\u00eancia lidera como principal problema da Bahia e domina percep\u00e7\u00e3o do eleitor, aponta Quaest - Brasil not\u00edcias","robots":{"index":"index","follow":"follow","max-snippet":"max-snippet:-1","max-image-preview":"max-image-preview:large","max-video-preview":"max-video-preview:-1"},"canonical":"https:\/\/brasilnoticias.org\/site\/violencia-lidera-como-principal-problema-da-bahia-e-domina-percepcao-do-eleitor-aponta-quaest\/","og_locale":"pt_PT","og_type":"article","og_title":"Viol\u00eancia lidera como principal problema da Bahia e domina percep\u00e7\u00e3o do eleitor, aponta Quaest - Brasil not\u00edcias","og_description":"A pesquisa Genial\/Quaest revela que a\u00a0viol\u00eancia \u00e9, disparado, o principal problema da Bahia na percep\u00e7\u00e3o do eleitor, citada por\u00a036% dos","og_url":"https:\/\/brasilnoticias.org\/site\/violencia-lidera-como-principal-problema-da-bahia-e-domina-percepcao-do-eleitor-aponta-quaest\/","og_site_name":"Brasil not\u00edcias","article_published_time":"2026-04-30T12:18:09+00:00","og_image":[{"width":1600,"height":900,"url":"https:\/\/brasilnoticias.org\/site\/wp-content\/uploads\/2026\/04\/WhatsApp-Image-2026-04-29-at-13.44.53.jpeg","type":"image\/jpeg"}],"author":"Reda\u00e7\u00e3o","twitter_card":"summary_large_image","twitter_misc":{"Escrito por":"Reda\u00e7\u00e3o","Tempo estimado de leitura":"4 minutos"},"schema":{"@context":"https:\/\/schema.org","@graph":[{"@type":"Article","@id":"https:\/\/brasilnoticias.org\/site\/violencia-lidera-como-principal-problema-da-bahia-e-domina-percepcao-do-eleitor-aponta-quaest\/#article","isPartOf":{"@id":"https:\/\/brasilnoticias.org\/site\/violencia-lidera-como-principal-problema-da-bahia-e-domina-percepcao-do-eleitor-aponta-quaest\/"},"author":{"name":"Reda\u00e7\u00e3o","@id":"https:\/\/brasilnoticias.org\/site\/#\/schema\/person\/03bbbfe6c7634ad18c26444ea39049fa"},"headline":"Viol\u00eancia lidera como principal problema da Bahia e domina percep\u00e7\u00e3o do eleitor, aponta Quaest","datePublished":"2026-04-30T12:18:09+00:00","mainEntityOfPage":{"@id":"https:\/\/brasilnoticias.org\/site\/violencia-lidera-como-principal-problema-da-bahia-e-domina-percepcao-do-eleitor-aponta-quaest\/"},"wordCount":556,"commentCount":0,"publisher":{"@id":"https:\/\/brasilnoticias.org\/site\/#organization"},"image":{"@id":"https:\/\/brasilnoticias.org\/site\/violencia-lidera-como-principal-problema-da-bahia-e-domina-percepcao-do-eleitor-aponta-quaest\/#primaryimage"},"thumbnailUrl":"https:\/\/brasilnoticias.org\/site\/wp-content\/uploads\/2026\/04\/WhatsApp-Image-2026-04-29-at-13.44.53.jpeg","articleSection":["Pol\u00edcia","\u00daltimas"],"inLanguage":"pt-PT","potentialAction":[{"@type":"CommentAction","name":"Comment","target":["https:\/\/brasilnoticias.org\/site\/violencia-lidera-como-principal-problema-da-bahia-e-domina-percepcao-do-eleitor-aponta-quaest\/#respond"]}]},{"@type":"WebPage","@id":"https:\/\/brasilnoticias.org\/site\/violencia-lidera-como-principal-problema-da-bahia-e-domina-percepcao-do-eleitor-aponta-quaest\/","url":"https:\/\/brasilnoticias.org\/site\/violencia-lidera-como-principal-problema-da-bahia-e-domina-percepcao-do-eleitor-aponta-quaest\/","name":"Viol\u00eancia lidera como principal problema da Bahia e domina percep\u00e7\u00e3o do eleitor, aponta Quaest - Brasil not\u00edcias","isPartOf":{"@id":"https:\/\/brasilnoticias.org\/site\/#website"},"primaryImageOfPage":{"@id":"https:\/\/brasilnoticias.org\/site\/violencia-lidera-como-principal-problema-da-bahia-e-domina-percepcao-do-eleitor-aponta-quaest\/#primaryimage"},"image":{"@id":"https:\/\/brasilnoticias.org\/site\/violencia-lidera-como-principal-problema-da-bahia-e-domina-percepcao-do-eleitor-aponta-quaest\/#primaryimage"},"thumbnailUrl":"https:\/\/brasilnoticias.org\/site\/wp-content\/uploads\/2026\/04\/WhatsApp-Image-2026-04-29-at-13.44.53.jpeg","datePublished":"2026-04-30T12:18:09+00:00","breadcrumb":{"@id":"https:\/\/brasilnoticias.org\/site\/violencia-lidera-como-principal-problema-da-bahia-e-domina-percepcao-do-eleitor-aponta-quaest\/#breadcrumb"},"inLanguage":"pt-PT","potentialAction":[{"@type":"ReadAction","target":["https:\/\/brasilnoticias.org\/site\/violencia-lidera-como-principal-problema-da-bahia-e-domina-percepcao-do-eleitor-aponta-quaest\/"]}]},{"@type":"ImageObject","inLanguage":"pt-PT","@id":"https:\/\/brasilnoticias.org\/site\/violencia-lidera-como-principal-problema-da-bahia-e-domina-percepcao-do-eleitor-aponta-quaest\/#primaryimage","url":"https:\/\/brasilnoticias.org\/site\/wp-content\/uploads\/2026\/04\/WhatsApp-Image-2026-04-29-at-13.44.53.jpeg","contentUrl":"https:\/\/brasilnoticias.org\/site\/wp-content\/uploads\/2026\/04\/WhatsApp-Image-2026-04-29-at-13.44.53.jpeg","width":1600,"height":900,"caption":"Foto: Mateus Pereira \/ GOVBA"},{"@type":"BreadcrumbList","@id":"https:\/\/brasilnoticias.org\/site\/violencia-lidera-como-principal-problema-da-bahia-e-domina-percepcao-do-eleitor-aponta-quaest\/#breadcrumb","itemListElement":[{"@type":"ListItem","position":1,"name":"In\u00edcio","item":"https:\/\/brasilnoticias.org\/site\/"},{"@type":"ListItem","position":2,"name":"Viol\u00eancia lidera como principal problema da Bahia e domina percep\u00e7\u00e3o do eleitor, aponta Quaest"}]},{"@type":"WebSite","@id":"https:\/\/brasilnoticias.org\/site\/#website","url":"https:\/\/brasilnoticias.org\/site\/","name":"Brasil not\u00edcias","description":"Brasil not\u00edcias","publisher":{"@id":"https:\/\/brasilnoticias.org\/site\/#organization"},"potentialAction":[{"@type":"SearchAction","target":{"@type":"EntryPoint","urlTemplate":"https:\/\/brasilnoticias.org\/site\/?s={search_term_string}"},"query-input":{"@type":"PropertyValueSpecification","valueRequired":true,"valueName":"search_term_string"}}],"inLanguage":"pt-PT"},{"@type":"Organization","@id":"https:\/\/brasilnoticias.org\/site\/#organization","name":"Brasil not\u00edcias","url":"https:\/\/brasilnoticias.org\/site\/","logo":{"@type":"ImageObject","inLanguage":"pt-PT","@id":"https:\/\/brasilnoticias.org\/site\/#\/schema\/logo\/image\/","url":"https:\/\/brasilnoticias.org\/site\/wp-content\/uploads\/2022\/05\/cropped-brasilnoticias-mini.jpg","contentUrl":"https:\/\/brasilnoticias.org\/site\/wp-content\/uploads\/2022\/05\/cropped-brasilnoticias-mini.jpg","width":314,"height":86,"caption":"Brasil not\u00edcias"},"image":{"@id":"https:\/\/brasilnoticias.org\/site\/#\/schema\/logo\/image\/"}},{"@type":"Person","@id":"https:\/\/brasilnoticias.org\/site\/#\/schema\/person\/03bbbfe6c7634ad18c26444ea39049fa","name":"Reda\u00e7\u00e3o","image":{"@type":"ImageObject","inLanguage":"pt-PT","@id":"https:\/\/brasilnoticias.org\/site\/#\/schema\/person\/image\/","url":"https:\/\/secure.gravatar.com\/avatar\/9ecaf7327a696cb23ad926fedded5f1f04d7049de9e445375d55b48c001a6e42?s=96&d=mm&r=g","contentUrl":"https:\/\/secure.gravatar.com\/avatar\/9ecaf7327a696cb23ad926fedded5f1f04d7049de9e445375d55b48c001a6e42?s=96&d=mm&r=g","caption":"Reda\u00e7\u00e3o"},"url":"https:\/\/brasilnoticias.org\/site\/author\/henrique\/"}]}},"_links":{"self":[{"href":"https:\/\/brasilnoticias.org\/site\/wp-json\/wp\/v2\/posts\/21894","targetHints":{"allow":["GET"]}}],"collection":[{"href":"https:\/\/brasilnoticias.org\/site\/wp-json\/wp\/v2\/posts"}],"about":[{"href":"https:\/\/brasilnoticias.org\/site\/wp-json\/wp\/v2\/types\/post"}],"author":[{"embeddable":true,"href":"https:\/\/brasilnoticias.org\/site\/wp-json\/wp\/v2\/users\/4"}],"replies":[{"embeddable":true,"href":"https:\/\/brasilnoticias.org\/site\/wp-json\/wp\/v2\/comments?post=21894"}],"version-history":[{"count":1,"href":"https:\/\/brasilnoticias.org\/site\/wp-json\/wp\/v2\/posts\/21894\/revisions"}],"predecessor-version":[{"id":21896,"href":"https:\/\/brasilnoticias.org\/site\/wp-json\/wp\/v2\/posts\/21894\/revisions\/21896"}],"wp:featuredmedia":[{"embeddable":true,"href":"https:\/\/brasilnoticias.org\/site\/wp-json\/wp\/v2\/media\/21895"}],"wp:attachment":[{"href":"https:\/\/brasilnoticias.org\/site\/wp-json\/wp\/v2\/media?parent=21894"}],"wp:term":[{"taxonomy":"category","embeddable":true,"href":"https:\/\/brasilnoticias.org\/site\/wp-json\/wp\/v2\/categories?post=21894"},{"taxonomy":"post_tag","embeddable":true,"href":"https:\/\/brasilnoticias.org\/site\/wp-json\/wp\/v2\/tags?post=21894"}],"curies":[{"name":"wp","href":"https:\/\/api.w.org\/{rel}","templated":true}]}}