{"id":21910,"date":"2026-05-01T09:51:32","date_gmt":"2026-05-01T12:51:32","guid":{"rendered":"https:\/\/brasilnoticias.org\/site\/?p=21910"},"modified":"2026-05-01T09:51:32","modified_gmt":"2026-05-01T12:51:32","slug":"feriado-do-trabalhador-altera-funcionamento-de-shoppings-mercados-e-servicos-em-salvador","status":"publish","type":"post","link":"https:\/\/brasilnoticias.org\/site\/feriado-do-trabalhador-altera-funcionamento-de-shoppings-mercados-e-servicos-em-salvador\/","title":{"rendered":"Feriado do Trabalhador altera funcionamento de shoppings, mercados e servi\u00e7os em Salvador"},"content":{"rendered":"<p data-start=\"279\" data-end=\"626\">Quem pretende sair de casa no feriado do <strong data-start=\"320\" data-end=\"342\">Dia do Trabalhador<\/strong>, celebrado nesta sexta-feira (1\u00ba), precisa ficar atento \u00e0s mudan\u00e7as no funcionamento do com\u00e9rcio e de diversos servi\u00e7os em Salvador. Shoppings, supermercados, equipamentos culturais e \u00f3rg\u00e3os p\u00fablicos operam em hor\u00e1rio especial por causa da data.<\/p>\n<p data-start=\"628\" data-end=\"1231\">Nos principais centros comerciais da capital, a tend\u00eancia \u00e9 de <strong data-start=\"691\" data-end=\"709\">lojas fechadas<\/strong>, com funcionamento parcial apenas para <strong data-start=\"749\" data-end=\"802\">pra\u00e7as de alimenta\u00e7\u00e3o, lazer, farm\u00e1cias e cinemas<\/strong>, que seguem programa\u00e7\u00e3o especial ao longo do dia. No <span class=\"hover:entity-accent entity-underline inline cursor-pointer align-baseline\"><span class=\"whitespace-normal\">Salvador Shopping<\/span><\/span> e no <span class=\"hover:entity-accent entity-underline inline cursor-pointer align-baseline\"><span class=\"whitespace-normal\">Salvador Norte Shopping<\/span><\/span>, por exemplo, mercados, alimenta\u00e7\u00e3o e servi\u00e7os essenciais operam normalmente, enquanto as demais lojas permanecem fechadas. J\u00e1 no <span class=\"hover:entity-accent entity-underline inline cursor-pointer align-baseline\"><span class=\"whitespace-normal\">Shopping da Bahia<\/span><\/span>, restaurantes e op\u00e7\u00f5es de lazer funcionam em hor\u00e1rio reduzido, com lojas sem expediente.<\/p>\n<h2 data-section-id=\"13h9zup\" data-start=\"1233\" data-end=\"1277\">Transporte p\u00fablico mant\u00e9m opera\u00e7\u00e3o normal<\/h2>\n<p data-start=\"1279\" data-end=\"1629\">Para quem depende de transporte coletivo, a opera\u00e7\u00e3o do <span class=\"hover:entity-accent entity-underline inline cursor-pointer align-baseline\"><span class=\"whitespace-normal\">Metr\u00f4 de Salvador<\/span><\/span> segue <strong data-start=\"1379\" data-end=\"1407\">normal durante o feriado<\/strong>, funcionando das <strong data-start=\"1425\" data-end=\"1444\">5h \u00e0 meia-noite<\/strong>, mantendo a grade habitual de viagens. A medida busca atender a demanda de passageiros que circulam pela capital mesmo em dia de feriado nacional.<\/p>\n<p data-start=\"1631\" data-end=\"1782\">No sistema de \u00f4nibus, a circula\u00e7\u00e3o tamb\u00e9m segue programa\u00e7\u00e3o especial de feriado, com frota ajustada conforme a demanda em diferentes regi\u00f5es da cidade.<\/p>\n<h2 data-section-id=\"1k1syhc\" data-start=\"1784\" data-end=\"1814\">Reparti\u00e7\u00f5es p\u00fablicas fecham<\/h2>\n<p data-start=\"1816\" data-end=\"2115\">\u00d3rg\u00e3os p\u00fablicos municipais, estaduais e federais suspendem o atendimento presencial nesta sexta, retomando as atividades normalmente na pr\u00f3xima segunda-feira (4), salvo servi\u00e7os considerados essenciais, como sa\u00fade de urg\u00eancia, seguran\u00e7a p\u00fablica e limpeza urbana, que funcionam em esquema de plant\u00e3o.<\/p>\n<p data-start=\"2117\" data-end=\"2321\">Equipamentos de lazer, parques e alguns espa\u00e7os culturais tamb\u00e9m podem ter funcionamento diferenciado, por isso a orienta\u00e7\u00e3o \u00e9 que a popula\u00e7\u00e3o consulte previamente os canais oficiais antes de se deslocar.<\/p>\n<h2 data-section-id=\"1fr3kic\" data-start=\"2323\" data-end=\"2356\">Com\u00e9rcio tem opera\u00e7\u00e3o reduzida<\/h2>\n<p data-start=\"2358\" data-end=\"2622\">Por conta da legisla\u00e7\u00e3o trabalhista e das conven\u00e7\u00f5es coletivas, grande parte do com\u00e9rcio de rua em Salvador permanece fechada no feriado, mantendo apenas servi\u00e7os essenciais em funcionamento, como farm\u00e1cias, postos de combust\u00edveis, padarias e alguns supermercados.<\/p>\n<p data-start=\"2624\" data-end=\"2856\">A expectativa \u00e9 de maior movimenta\u00e7\u00e3o em \u00e1reas de lazer, praias, restaurantes e centros comerciais com opera\u00e7\u00f5es parciais abertas, aproveitando o dia de folga e o fluxo maior de fam\u00edlias em busca de entretenimento na capital baiana.<\/p>\n","protected":false},"excerpt":{"rendered":"<p>Quem pretende sair de casa no feriado do Dia do Trabalhador, celebrado nesta sexta-feira (1\u00ba), precisa ficar atento \u00e0s mudan\u00e7as<\/p>\n","protected":false},"author":4,"featured_media":21911,"comment_status":"open","ping_status":"open","sticky":false,"template":"","format":"standard","meta":{"colormag_page_container_layout":"default_layout","colormag_page_sidebar_layout":"default_layout","_FSMCFIC_featured_image_caption":"","_FSMCFIC_featured_image_nocaption":"","_FSMCFIC_featured_image_hide":"","footnotes":""},"categories":[2,1],"tags":[],"class_list":["post-21910","post","type-post","status-publish","format-standard","has-post-thumbnail","hentry","category-noticias","category-ultimas"],"yoast_head":"<!-- This site is optimized with the Yoast SEO plugin v27.1.1 - https:\/\/yoast.com\/product\/yoast-seo-wordpress\/ -->\n<title>Feriado do Trabalhador altera funcionamento de shoppings, mercados e servi\u00e7os em Salvador - Brasil not\u00edcias<\/title>\n<meta name=\"robots\" content=\"index, follow, max-snippet:-1, max-image-preview:large, max-video-preview:-1\" \/>\n<link rel=\"canonical\" href=\"https:\/\/brasilnoticias.org\/site\/feriado-do-trabalhador-altera-funcionamento-de-shoppings-mercados-e-servicos-em-salvador\/\" \/>\n<meta property=\"og:locale\" content=\"pt_PT\" \/>\n<meta property=\"og:type\" content=\"article\" \/>\n<meta property=\"og:title\" content=\"Feriado do Trabalhador altera funcionamento de shoppings, mercados e servi\u00e7os em Salvador - Brasil not\u00edcias\" \/>\n<meta property=\"og:description\" content=\"Quem pretende sair de casa no feriado do Dia do Trabalhador, celebrado nesta sexta-feira (1\u00ba), precisa ficar atento \u00e0s mudan\u00e7as\" \/>\n<meta property=\"og:url\" content=\"https:\/\/brasilnoticias.org\/site\/feriado-do-trabalhador-altera-funcionamento-de-shoppings-mercados-e-servicos-em-salvador\/\" \/>\n<meta property=\"og:site_name\" content=\"Brasil not\u00edcias\" \/>\n<meta property=\"article:published_time\" content=\"2026-05-01T12:51:32+00:00\" \/>\n<meta property=\"og:image\" content=\"https:\/\/brasilnoticias.org\/site\/wp-content\/uploads\/2026\/05\/181876veja-o-que-abre-e-fecha-em-salvador-no-feriado-do-dia-do-trabalhador-3.jpg\" \/>\n\t<meta property=\"og:image:width\" content=\"1600\" \/>\n\t<meta property=\"og:image:height\" content=\"752\" \/>\n\t<meta property=\"og:image:type\" content=\"image\/jpeg\" \/>\n<meta name=\"author\" content=\"Reda\u00e7\u00e3o\" \/>\n<meta name=\"twitter:card\" content=\"summary_large_image\" \/>\n<meta name=\"twitter:label1\" content=\"Escrito por\" \/>\n\t<meta name=\"twitter:data1\" content=\"Reda\u00e7\u00e3o\" \/>\n\t<meta name=\"twitter:label2\" content=\"Tempo estimado de leitura\" \/>\n\t<meta name=\"twitter:data2\" content=\"3 minutos\" \/>\n<script type=\"application\/ld+json\" class=\"yoast-schema-graph\">{\"@context\":\"https:\/\/schema.org\",\"@graph\":[{\"@type\":\"Article\",\"@id\":\"https:\/\/brasilnoticias.org\/site\/feriado-do-trabalhador-altera-funcionamento-de-shoppings-mercados-e-servicos-em-salvador\/#article\",\"isPartOf\":{\"@id\":\"https:\/\/brasilnoticias.org\/site\/feriado-do-trabalhador-altera-funcionamento-de-shoppings-mercados-e-servicos-em-salvador\/\"},\"author\":{\"name\":\"Reda\u00e7\u00e3o\",\"@id\":\"https:\/\/brasilnoticias.org\/site\/#\/schema\/person\/03bbbfe6c7634ad18c26444ea39049fa\"},\"headline\":\"Feriado do Trabalhador altera funcionamento de shoppings, mercados e servi\u00e7os em Salvador\",\"datePublished\":\"2026-05-01T12:51:32+00:00\",\"mainEntityOfPage\":{\"@id\":\"https:\/\/brasilnoticias.org\/site\/feriado-do-trabalhador-altera-funcionamento-de-shoppings-mercados-e-servicos-em-salvador\/\"},\"wordCount\":397,\"commentCount\":0,\"publisher\":{\"@id\":\"https:\/\/brasilnoticias.org\/site\/#organization\"},\"image\":{\"@id\":\"https:\/\/brasilnoticias.org\/site\/feriado-do-trabalhador-altera-funcionamento-de-shoppings-mercados-e-servicos-em-salvador\/#primaryimage\"},\"thumbnailUrl\":\"https:\/\/brasilnoticias.org\/site\/wp-content\/uploads\/2026\/05\/181876veja-o-que-abre-e-fecha-em-salvador-no-feriado-do-dia-do-trabalhador-3.jpg\",\"articleSection\":[\"Not\u00edcias\",\"\u00daltimas\"],\"inLanguage\":\"pt-PT\",\"potentialAction\":[{\"@type\":\"CommentAction\",\"name\":\"Comment\",\"target\":[\"https:\/\/brasilnoticias.org\/site\/feriado-do-trabalhador-altera-funcionamento-de-shoppings-mercados-e-servicos-em-salvador\/#respond\"]}]},{\"@type\":\"WebPage\",\"@id\":\"https:\/\/brasilnoticias.org\/site\/feriado-do-trabalhador-altera-funcionamento-de-shoppings-mercados-e-servicos-em-salvador\/\",\"url\":\"https:\/\/brasilnoticias.org\/site\/feriado-do-trabalhador-altera-funcionamento-de-shoppings-mercados-e-servicos-em-salvador\/\",\"name\":\"Feriado do Trabalhador altera funcionamento de shoppings, mercados e servi\u00e7os em Salvador - Brasil not\u00edcias\",\"isPartOf\":{\"@id\":\"https:\/\/brasilnoticias.org\/site\/#website\"},\"primaryImageOfPage\":{\"@id\":\"https:\/\/brasilnoticias.org\/site\/feriado-do-trabalhador-altera-funcionamento-de-shoppings-mercados-e-servicos-em-salvador\/#primaryimage\"},\"image\":{\"@id\":\"https:\/\/brasilnoticias.org\/site\/feriado-do-trabalhador-altera-funcionamento-de-shoppings-mercados-e-servicos-em-salvador\/#primaryimage\"},\"thumbnailUrl\":\"https:\/\/brasilnoticias.org\/site\/wp-content\/uploads\/2026\/05\/181876veja-o-que-abre-e-fecha-em-salvador-no-feriado-do-dia-do-trabalhador-3.jpg\",\"datePublished\":\"2026-05-01T12:51:32+00:00\",\"breadcrumb\":{\"@id\":\"https:\/\/brasilnoticias.org\/site\/feriado-do-trabalhador-altera-funcionamento-de-shoppings-mercados-e-servicos-em-salvador\/#breadcrumb\"},\"inLanguage\":\"pt-PT\",\"potentialAction\":[{\"@type\":\"ReadAction\",\"target\":[\"https:\/\/brasilnoticias.org\/site\/feriado-do-trabalhador-altera-funcionamento-de-shoppings-mercados-e-servicos-em-salvador\/\"]}]},{\"@type\":\"ImageObject\",\"inLanguage\":\"pt-PT\",\"@id\":\"https:\/\/brasilnoticias.org\/site\/feriado-do-trabalhador-altera-funcionamento-de-shoppings-mercados-e-servicos-em-salvador\/#primaryimage\",\"url\":\"https:\/\/brasilnoticias.org\/site\/wp-content\/uploads\/2026\/05\/181876veja-o-que-abre-e-fecha-em-salvador-no-feriado-do-dia-do-trabalhador-3.jpg\",\"contentUrl\":\"https:\/\/brasilnoticias.org\/site\/wp-content\/uploads\/2026\/05\/181876veja-o-que-abre-e-fecha-em-salvador-no-feriado-do-dia-do-trabalhador-3.jpg\",\"width\":1600,\"height\":752,\"caption\":\"Divulga\u00e7\u00e3o\"},{\"@type\":\"BreadcrumbList\",\"@id\":\"https:\/\/brasilnoticias.org\/site\/feriado-do-trabalhador-altera-funcionamento-de-shoppings-mercados-e-servicos-em-salvador\/#breadcrumb\",\"itemListElement\":[{\"@type\":\"ListItem\",\"position\":1,\"name\":\"In\u00edcio\",\"item\":\"https:\/\/brasilnoticias.org\/site\/\"},{\"@type\":\"ListItem\",\"position\":2,\"name\":\"Feriado do Trabalhador altera funcionamento de shoppings, mercados e servi\u00e7os em Salvador\"}]},{\"@type\":\"WebSite\",\"@id\":\"https:\/\/brasilnoticias.org\/site\/#website\",\"url\":\"https:\/\/brasilnoticias.org\/site\/\",\"name\":\"Brasil not\u00edcias\",\"description\":\"Brasil not\u00edcias\",\"publisher\":{\"@id\":\"https:\/\/brasilnoticias.org\/site\/#organization\"},\"potentialAction\":[{\"@type\":\"SearchAction\",\"target\":{\"@type\":\"EntryPoint\",\"urlTemplate\":\"https:\/\/brasilnoticias.org\/site\/?s={search_term_string}\"},\"query-input\":{\"@type\":\"PropertyValueSpecification\",\"valueRequired\":true,\"valueName\":\"search_term_string\"}}],\"inLanguage\":\"pt-PT\"},{\"@type\":\"Organization\",\"@id\":\"https:\/\/brasilnoticias.org\/site\/#organization\",\"name\":\"Brasil not\u00edcias\",\"url\":\"https:\/\/brasilnoticias.org\/site\/\",\"logo\":{\"@type\":\"ImageObject\",\"inLanguage\":\"pt-PT\",\"@id\":\"https:\/\/brasilnoticias.org\/site\/#\/schema\/logo\/image\/\",\"url\":\"https:\/\/brasilnoticias.org\/site\/wp-content\/uploads\/2022\/05\/cropped-brasilnoticias-mini.jpg\",\"contentUrl\":\"https:\/\/brasilnoticias.org\/site\/wp-content\/uploads\/2022\/05\/cropped-brasilnoticias-mini.jpg\",\"width\":314,\"height\":86,\"caption\":\"Brasil not\u00edcias\"},\"image\":{\"@id\":\"https:\/\/brasilnoticias.org\/site\/#\/schema\/logo\/image\/\"}},{\"@type\":\"Person\",\"@id\":\"https:\/\/brasilnoticias.org\/site\/#\/schema\/person\/03bbbfe6c7634ad18c26444ea39049fa\",\"name\":\"Reda\u00e7\u00e3o\",\"image\":{\"@type\":\"ImageObject\",\"inLanguage\":\"pt-PT\",\"@id\":\"https:\/\/brasilnoticias.org\/site\/#\/schema\/person\/image\/\",\"url\":\"https:\/\/secure.gravatar.com\/avatar\/9ecaf7327a696cb23ad926fedded5f1f04d7049de9e445375d55b48c001a6e42?s=96&d=mm&r=g\",\"contentUrl\":\"https:\/\/secure.gravatar.com\/avatar\/9ecaf7327a696cb23ad926fedded5f1f04d7049de9e445375d55b48c001a6e42?s=96&d=mm&r=g\",\"caption\":\"Reda\u00e7\u00e3o\"},\"url\":\"https:\/\/brasilnoticias.org\/site\/author\/henrique\/\"}]}<\/script>\n<!-- \/ Yoast SEO plugin. -->","yoast_head_json":{"title":"Feriado do Trabalhador altera funcionamento de shoppings, mercados e servi\u00e7os em Salvador - Brasil not\u00edcias","robots":{"index":"index","follow":"follow","max-snippet":"max-snippet:-1","max-image-preview":"max-image-preview:large","max-video-preview":"max-video-preview:-1"},"canonical":"https:\/\/brasilnoticias.org\/site\/feriado-do-trabalhador-altera-funcionamento-de-shoppings-mercados-e-servicos-em-salvador\/","og_locale":"pt_PT","og_type":"article","og_title":"Feriado do Trabalhador altera funcionamento de shoppings, mercados e servi\u00e7os em Salvador - Brasil not\u00edcias","og_description":"Quem pretende sair de casa no feriado do Dia do Trabalhador, celebrado nesta sexta-feira (1\u00ba), precisa ficar atento \u00e0s mudan\u00e7as","og_url":"https:\/\/brasilnoticias.org\/site\/feriado-do-trabalhador-altera-funcionamento-de-shoppings-mercados-e-servicos-em-salvador\/","og_site_name":"Brasil not\u00edcias","article_published_time":"2026-05-01T12:51:32+00:00","og_image":[{"width":1600,"height":752,"url":"https:\/\/brasilnoticias.org\/site\/wp-content\/uploads\/2026\/05\/181876veja-o-que-abre-e-fecha-em-salvador-no-feriado-do-dia-do-trabalhador-3.jpg","type":"image\/jpeg"}],"author":"Reda\u00e7\u00e3o","twitter_card":"summary_large_image","twitter_misc":{"Escrito por":"Reda\u00e7\u00e3o","Tempo estimado de leitura":"3 minutos"},"schema":{"@context":"https:\/\/schema.org","@graph":[{"@type":"Article","@id":"https:\/\/brasilnoticias.org\/site\/feriado-do-trabalhador-altera-funcionamento-de-shoppings-mercados-e-servicos-em-salvador\/#article","isPartOf":{"@id":"https:\/\/brasilnoticias.org\/site\/feriado-do-trabalhador-altera-funcionamento-de-shoppings-mercados-e-servicos-em-salvador\/"},"author":{"name":"Reda\u00e7\u00e3o","@id":"https:\/\/brasilnoticias.org\/site\/#\/schema\/person\/03bbbfe6c7634ad18c26444ea39049fa"},"headline":"Feriado do Trabalhador altera funcionamento de shoppings, mercados e servi\u00e7os em Salvador","datePublished":"2026-05-01T12:51:32+00:00","mainEntityOfPage":{"@id":"https:\/\/brasilnoticias.org\/site\/feriado-do-trabalhador-altera-funcionamento-de-shoppings-mercados-e-servicos-em-salvador\/"},"wordCount":397,"commentCount":0,"publisher":{"@id":"https:\/\/brasilnoticias.org\/site\/#organization"},"image":{"@id":"https:\/\/brasilnoticias.org\/site\/feriado-do-trabalhador-altera-funcionamento-de-shoppings-mercados-e-servicos-em-salvador\/#primaryimage"},"thumbnailUrl":"https:\/\/brasilnoticias.org\/site\/wp-content\/uploads\/2026\/05\/181876veja-o-que-abre-e-fecha-em-salvador-no-feriado-do-dia-do-trabalhador-3.jpg","articleSection":["Not\u00edcias","\u00daltimas"],"inLanguage":"pt-PT","potentialAction":[{"@type":"CommentAction","name":"Comment","target":["https:\/\/brasilnoticias.org\/site\/feriado-do-trabalhador-altera-funcionamento-de-shoppings-mercados-e-servicos-em-salvador\/#respond"]}]},{"@type":"WebPage","@id":"https:\/\/brasilnoticias.org\/site\/feriado-do-trabalhador-altera-funcionamento-de-shoppings-mercados-e-servicos-em-salvador\/","url":"https:\/\/brasilnoticias.org\/site\/feriado-do-trabalhador-altera-funcionamento-de-shoppings-mercados-e-servicos-em-salvador\/","name":"Feriado do Trabalhador altera funcionamento de shoppings, mercados e servi\u00e7os em Salvador - Brasil not\u00edcias","isPartOf":{"@id":"https:\/\/brasilnoticias.org\/site\/#website"},"primaryImageOfPage":{"@id":"https:\/\/brasilnoticias.org\/site\/feriado-do-trabalhador-altera-funcionamento-de-shoppings-mercados-e-servicos-em-salvador\/#primaryimage"},"image":{"@id":"https:\/\/brasilnoticias.org\/site\/feriado-do-trabalhador-altera-funcionamento-de-shoppings-mercados-e-servicos-em-salvador\/#primaryimage"},"thumbnailUrl":"https:\/\/brasilnoticias.org\/site\/wp-content\/uploads\/2026\/05\/181876veja-o-que-abre-e-fecha-em-salvador-no-feriado-do-dia-do-trabalhador-3.jpg","datePublished":"2026-05-01T12:51:32+00:00","breadcrumb":{"@id":"https:\/\/brasilnoticias.org\/site\/feriado-do-trabalhador-altera-funcionamento-de-shoppings-mercados-e-servicos-em-salvador\/#breadcrumb"},"inLanguage":"pt-PT","potentialAction":[{"@type":"ReadAction","target":["https:\/\/brasilnoticias.org\/site\/feriado-do-trabalhador-altera-funcionamento-de-shoppings-mercados-e-servicos-em-salvador\/"]}]},{"@type":"ImageObject","inLanguage":"pt-PT","@id":"https:\/\/brasilnoticias.org\/site\/feriado-do-trabalhador-altera-funcionamento-de-shoppings-mercados-e-servicos-em-salvador\/#primaryimage","url":"https:\/\/brasilnoticias.org\/site\/wp-content\/uploads\/2026\/05\/181876veja-o-que-abre-e-fecha-em-salvador-no-feriado-do-dia-do-trabalhador-3.jpg","contentUrl":"https:\/\/brasilnoticias.org\/site\/wp-content\/uploads\/2026\/05\/181876veja-o-que-abre-e-fecha-em-salvador-no-feriado-do-dia-do-trabalhador-3.jpg","width":1600,"height":752,"caption":"Divulga\u00e7\u00e3o"},{"@type":"BreadcrumbList","@id":"https:\/\/brasilnoticias.org\/site\/feriado-do-trabalhador-altera-funcionamento-de-shoppings-mercados-e-servicos-em-salvador\/#breadcrumb","itemListElement":[{"@type":"ListItem","position":1,"name":"In\u00edcio","item":"https:\/\/brasilnoticias.org\/site\/"},{"@type":"ListItem","position":2,"name":"Feriado do Trabalhador altera funcionamento de shoppings, mercados e servi\u00e7os em Salvador"}]},{"@type":"WebSite","@id":"https:\/\/brasilnoticias.org\/site\/#website","url":"https:\/\/brasilnoticias.org\/site\/","name":"Brasil not\u00edcias","description":"Brasil not\u00edcias","publisher":{"@id":"https:\/\/brasilnoticias.org\/site\/#organization"},"potentialAction":[{"@type":"SearchAction","target":{"@type":"EntryPoint","urlTemplate":"https:\/\/brasilnoticias.org\/site\/?s={search_term_string}"},"query-input":{"@type":"PropertyValueSpecification","valueRequired":true,"valueName":"search_term_string"}}],"inLanguage":"pt-PT"},{"@type":"Organization","@id":"https:\/\/brasilnoticias.org\/site\/#organization","name":"Brasil not\u00edcias","url":"https:\/\/brasilnoticias.org\/site\/","logo":{"@type":"ImageObject","inLanguage":"pt-PT","@id":"https:\/\/brasilnoticias.org\/site\/#\/schema\/logo\/image\/","url":"https:\/\/brasilnoticias.org\/site\/wp-content\/uploads\/2022\/05\/cropped-brasilnoticias-mini.jpg","contentUrl":"https:\/\/brasilnoticias.org\/site\/wp-content\/uploads\/2022\/05\/cropped-brasilnoticias-mini.jpg","width":314,"height":86,"caption":"Brasil not\u00edcias"},"image":{"@id":"https:\/\/brasilnoticias.org\/site\/#\/schema\/logo\/image\/"}},{"@type":"Person","@id":"https:\/\/brasilnoticias.org\/site\/#\/schema\/person\/03bbbfe6c7634ad18c26444ea39049fa","name":"Reda\u00e7\u00e3o","image":{"@type":"ImageObject","inLanguage":"pt-PT","@id":"https:\/\/brasilnoticias.org\/site\/#\/schema\/person\/image\/","url":"https:\/\/secure.gravatar.com\/avatar\/9ecaf7327a696cb23ad926fedded5f1f04d7049de9e445375d55b48c001a6e42?s=96&d=mm&r=g","contentUrl":"https:\/\/secure.gravatar.com\/avatar\/9ecaf7327a696cb23ad926fedded5f1f04d7049de9e445375d55b48c001a6e42?s=96&d=mm&r=g","caption":"Reda\u00e7\u00e3o"},"url":"https:\/\/brasilnoticias.org\/site\/author\/henrique\/"}]}},"_links":{"self":[{"href":"https:\/\/brasilnoticias.org\/site\/wp-json\/wp\/v2\/posts\/21910","targetHints":{"allow":["GET"]}}],"collection":[{"href":"https:\/\/brasilnoticias.org\/site\/wp-json\/wp\/v2\/posts"}],"about":[{"href":"https:\/\/brasilnoticias.org\/site\/wp-json\/wp\/v2\/types\/post"}],"author":[{"embeddable":true,"href":"https:\/\/brasilnoticias.org\/site\/wp-json\/wp\/v2\/users\/4"}],"replies":[{"embeddable":true,"href":"https:\/\/brasilnoticias.org\/site\/wp-json\/wp\/v2\/comments?post=21910"}],"version-history":[{"count":1,"href":"https:\/\/brasilnoticias.org\/site\/wp-json\/wp\/v2\/posts\/21910\/revisions"}],"predecessor-version":[{"id":21912,"href":"https:\/\/brasilnoticias.org\/site\/wp-json\/wp\/v2\/posts\/21910\/revisions\/21912"}],"wp:featuredmedia":[{"embeddable":true,"href":"https:\/\/brasilnoticias.org\/site\/wp-json\/wp\/v2\/media\/21911"}],"wp:attachment":[{"href":"https:\/\/brasilnoticias.org\/site\/wp-json\/wp\/v2\/media?parent=21910"}],"wp:term":[{"taxonomy":"category","embeddable":true,"href":"https:\/\/brasilnoticias.org\/site\/wp-json\/wp\/v2\/categories?post=21910"},{"taxonomy":"post_tag","embeddable":true,"href":"https:\/\/brasilnoticias.org\/site\/wp-json\/wp\/v2\/tags?post=21910"}],"curies":[{"name":"wp","href":"https:\/\/api.w.org\/{rel}","templated":true}]}}