{"id":21921,"date":"2026-05-01T13:34:13","date_gmt":"2026-05-01T16:34:13","guid":{"rendered":"https:\/\/brasilnoticias.org\/site\/?p=21921"},"modified":"2026-05-01T13:34:13","modified_gmt":"2026-05-01T16:34:13","slug":"lula-anuncia-restricao-a-apostas-para-inadimplentes-e-volta-a-defender-fim-da-escala-6x1","status":"publish","type":"post","link":"https:\/\/brasilnoticias.org\/site\/lula-anuncia-restricao-a-apostas-para-inadimplentes-e-volta-a-defender-fim-da-escala-6x1\/","title":{"rendered":"Lula anuncia restri\u00e7\u00e3o a apostas para inadimplentes e volta a defender fim da escala 6&#215;1"},"content":{"rendered":"<p data-start=\"285\" data-end=\"840\">O presidente <span class=\"hover:entity-accent entity-underline inline cursor-pointer align-baseline\"><span class=\"whitespace-normal\">Luiz In\u00e1cio Lula da Silva<\/span><\/span> anunciou, em pronunciamento em rede nacional na v\u00e9spera do Dia do Trabalhador, novas medidas voltadas \u00e0 recupera\u00e7\u00e3o financeira das fam\u00edlias brasileiras e voltou a defender mudan\u00e7as nas rela\u00e7\u00f5es de trabalho. Entre os principais pontos do discurso, Lula afirmou que benefici\u00e1rios que renegociarem d\u00edvidas pelo programa <strong data-start=\"653\" data-end=\"673\">Desenrola Brasil<\/strong> ter\u00e3o <strong data-start=\"680\" data-end=\"735\">restri\u00e7\u00e3o de acesso a plataformas de apostas online<\/strong>, como forma de evitar o agravamento do endividamento das fam\u00edlias.<\/p>\n<p data-start=\"842\" data-end=\"1280\">Segundo o presidente, a nova etapa do programa permitir\u00e1 <strong data-start=\"899\" data-end=\"947\">descontos de at\u00e9 90% em d\u00edvidas renegociadas<\/strong> e tamb\u00e9m abrir\u00e1 a possibilidade de uso de <strong data-start=\"990\" data-end=\"1018\">at\u00e9 20% do saldo do FGTS<\/strong> para quita\u00e7\u00e3o de d\u00e9bitos, ampliando o alcance da iniciativa de recupera\u00e7\u00e3o de cr\u00e9dito no pa\u00eds. A medida faz parte da estrat\u00e9gia do governo para reduzir a inadimpl\u00eancia e estimular a reorganiza\u00e7\u00e3o financeira dos brasileiros.<\/p>\n<h2 data-section-id=\"1d1ah39\" data-start=\"1282\" data-end=\"1324\">Lula chama escala 6&#215;1 de \u201cinadmiss\u00edvel\u201d<\/h2>\n<p data-start=\"1326\" data-end=\"1775\">Durante o pronunciamento, Lula tamb\u00e9m voltou a defender o debate sobre a <strong data-start=\"1399\" data-end=\"1433\">redu\u00e7\u00e3o da jornada de trabalho<\/strong> e classificou como \u201cinadmiss\u00edvel\u201d a manuten\u00e7\u00e3o da escala <strong data-start=\"1491\" data-end=\"1498\">6&#215;1<\/strong>, modelo em que o trabalhador folga apenas um dia ap\u00f3s seis dias consecutivos de expediente. O presidente declarou apoio \u00e0 proposta em discuss\u00e3o no Congresso que prev\u00ea <strong data-start=\"1666\" data-end=\"1716\">redu\u00e7\u00e3o da carga hor\u00e1ria semanal para 40 horas<\/strong>, sem perda salarial.<\/p>\n<p data-start=\"1777\" data-end=\"2123\">Ao abordar o tema, Lula afirmou que os trabalhadores brasileiros precisam de <strong data-start=\"1854\" data-end=\"1931\">mais tempo para conviv\u00eancia familiar, lazer e cuidados com a sa\u00fade mental<\/strong>, defendendo que avan\u00e7os trabalhistas historicamente sempre enfrentaram resist\u00eancia inicial de setores econ\u00f4micos antes de serem incorporados \u00e0 sociedade.<\/p>\n<h2 data-section-id=\"jbstjz\" data-start=\"2125\" data-end=\"2172\">Governo destaca economia e pol\u00edticas sociais<\/h2>\n<p data-start=\"2174\" data-end=\"2571\">No discurso, o presidente tamb\u00e9m citou indicadores econ\u00f4micos para defender a condu\u00e7\u00e3o do governo, destacando <strong data-start=\"2284\" data-end=\"2315\">queda da infla\u00e7\u00e3o acumulada<\/strong>, <strong data-start=\"2317\" data-end=\"2353\">n\u00edveis mais baixos de desemprego<\/strong> e a\u00e7\u00f5es voltadas ao fortalecimento do poder de compra da popula\u00e7\u00e3o. Lula ainda mencionou iniciativas para conter a alta dos combust\u00edveis e refor\u00e7ou programas sociais em andamento.<\/p>\n<p data-start=\"2573\" data-end=\"2859\">Entre os avan\u00e7os anunciados, o presidente citou ainda a amplia\u00e7\u00e3o de direitos sociais, como medidas voltadas \u00e0 prote\u00e7\u00e3o familiar e ao mercado de trabalho, refor\u00e7ando a mensagem de valoriza\u00e7\u00e3o do trabalhador em meio \u00e0s celebra\u00e7\u00f5es do <strong data-start=\"2806\" data-end=\"2820\">1\u00ba de Maio<\/strong>.<\/p>\n<h2 data-section-id=\"ainwaw\" data-start=\"2861\" data-end=\"2908\">Pronunciamento reacende debates no Congresso<\/h2>\n<p data-start=\"2910\" data-end=\"3366\">As declara\u00e7\u00f5es do presidente devem ampliar o debate em Bras\u00edlia sobre <strong data-start=\"2980\" data-end=\"3013\">regula\u00e7\u00e3o do setor de apostas<\/strong>, pol\u00edticas de combate ao superendividamento e mudan\u00e7as na legisla\u00e7\u00e3o trabalhista. Enquanto aliados defendem as propostas como medidas de prote\u00e7\u00e3o social, setores empresariais e parlamentares ligados ao mercado acompanham com aten\u00e7\u00e3o os poss\u00edveis impactos econ\u00f4micos e regulat\u00f3rios das novas iniciativas do governo.<\/p>\n","protected":false},"excerpt":{"rendered":"<p>O presidente Luiz In\u00e1cio Lula da Silva anunciou, em pronunciamento em rede nacional na v\u00e9spera do Dia do Trabalhador, novas<\/p>\n","protected":false},"author":4,"featured_media":21922,"comment_status":"open","ping_status":"open","sticky":false,"template":"","format":"standard","meta":{"colormag_page_container_layout":"default_layout","colormag_page_sidebar_layout":"default_layout","_FSMCFIC_featured_image_caption":"","_FSMCFIC_featured_image_nocaption":"","_FSMCFIC_featured_image_hide":"","footnotes":""},"categories":[7,1],"tags":[],"class_list":["post-21921","post","type-post","status-publish","format-standard","has-post-thumbnail","hentry","category-justica","category-ultimas"],"yoast_head":"<!-- This site is optimized with the Yoast SEO plugin v27.1.1 - https:\/\/yoast.com\/product\/yoast-seo-wordpress\/ -->\n<title>Lula anuncia restri\u00e7\u00e3o a apostas para inadimplentes e volta a defender fim da escala 6x1 - Brasil not\u00edcias<\/title>\n<meta name=\"robots\" content=\"index, follow, max-snippet:-1, max-image-preview:large, max-video-preview:-1\" \/>\n<link rel=\"canonical\" href=\"https:\/\/brasilnoticias.org\/site\/lula-anuncia-restricao-a-apostas-para-inadimplentes-e-volta-a-defender-fim-da-escala-6x1\/\" \/>\n<meta property=\"og:locale\" content=\"pt_PT\" \/>\n<meta property=\"og:type\" content=\"article\" \/>\n<meta property=\"og:title\" content=\"Lula anuncia restri\u00e7\u00e3o a apostas para inadimplentes e volta a defender fim da escala 6x1 - Brasil not\u00edcias\" \/>\n<meta property=\"og:description\" content=\"O presidente Luiz In\u00e1cio Lula da Silva anunciou, em pronunciamento em rede nacional na v\u00e9spera do Dia do Trabalhador, novas\" \/>\n<meta property=\"og:url\" content=\"https:\/\/brasilnoticias.org\/site\/lula-anuncia-restricao-a-apostas-para-inadimplentes-e-volta-a-defender-fim-da-escala-6x1\/\" \/>\n<meta property=\"og:site_name\" content=\"Brasil not\u00edcias\" \/>\n<meta property=\"article:published_time\" content=\"2026-05-01T16:34:13+00:00\" \/>\n<meta property=\"og:image\" content=\"https:\/\/brasilnoticias.org\/site\/wp-content\/uploads\/2026\/05\/181879lula-anuncia-bloqueio-de-bets-para-inadimplentes-e-defende-fim-da-escala-6x1-em-pronunciamento-3.jpg\" \/>\n\t<meta property=\"og:image:width\" content=\"1600\" \/>\n\t<meta property=\"og:image:height\" content=\"752\" \/>\n\t<meta property=\"og:image:type\" content=\"image\/jpeg\" \/>\n<meta name=\"author\" content=\"Reda\u00e7\u00e3o\" \/>\n<meta name=\"twitter:card\" content=\"summary_large_image\" \/>\n<meta name=\"twitter:label1\" content=\"Escrito por\" \/>\n\t<meta name=\"twitter:data1\" content=\"Reda\u00e7\u00e3o\" \/>\n\t<meta name=\"twitter:label2\" content=\"Tempo estimado de leitura\" \/>\n\t<meta name=\"twitter:data2\" content=\"3 minutos\" \/>\n<script type=\"application\/ld+json\" class=\"yoast-schema-graph\">{\"@context\":\"https:\/\/schema.org\",\"@graph\":[{\"@type\":\"Article\",\"@id\":\"https:\/\/brasilnoticias.org\/site\/lula-anuncia-restricao-a-apostas-para-inadimplentes-e-volta-a-defender-fim-da-escala-6x1\/#article\",\"isPartOf\":{\"@id\":\"https:\/\/brasilnoticias.org\/site\/lula-anuncia-restricao-a-apostas-para-inadimplentes-e-volta-a-defender-fim-da-escala-6x1\/\"},\"author\":{\"name\":\"Reda\u00e7\u00e3o\",\"@id\":\"https:\/\/brasilnoticias.org\/site\/#\/schema\/person\/03bbbfe6c7634ad18c26444ea39049fa\"},\"headline\":\"Lula anuncia restri\u00e7\u00e3o a apostas para inadimplentes e volta a defender fim da escala 6&#215;1\",\"datePublished\":\"2026-05-01T16:34:13+00:00\",\"mainEntityOfPage\":{\"@id\":\"https:\/\/brasilnoticias.org\/site\/lula-anuncia-restricao-a-apostas-para-inadimplentes-e-volta-a-defender-fim-da-escala-6x1\/\"},\"wordCount\":477,\"commentCount\":0,\"publisher\":{\"@id\":\"https:\/\/brasilnoticias.org\/site\/#organization\"},\"image\":{\"@id\":\"https:\/\/brasilnoticias.org\/site\/lula-anuncia-restricao-a-apostas-para-inadimplentes-e-volta-a-defender-fim-da-escala-6x1\/#primaryimage\"},\"thumbnailUrl\":\"https:\/\/brasilnoticias.org\/site\/wp-content\/uploads\/2026\/05\/181879lula-anuncia-bloqueio-de-bets-para-inadimplentes-e-defende-fim-da-escala-6x1-em-pronunciamento-3.jpg\",\"articleSection\":[\"Justi\u00e7a\",\"\u00daltimas\"],\"inLanguage\":\"pt-PT\",\"potentialAction\":[{\"@type\":\"CommentAction\",\"name\":\"Comment\",\"target\":[\"https:\/\/brasilnoticias.org\/site\/lula-anuncia-restricao-a-apostas-para-inadimplentes-e-volta-a-defender-fim-da-escala-6x1\/#respond\"]}]},{\"@type\":\"WebPage\",\"@id\":\"https:\/\/brasilnoticias.org\/site\/lula-anuncia-restricao-a-apostas-para-inadimplentes-e-volta-a-defender-fim-da-escala-6x1\/\",\"url\":\"https:\/\/brasilnoticias.org\/site\/lula-anuncia-restricao-a-apostas-para-inadimplentes-e-volta-a-defender-fim-da-escala-6x1\/\",\"name\":\"Lula anuncia restri\u00e7\u00e3o a apostas para inadimplentes e volta a defender fim da escala 6x1 - Brasil not\u00edcias\",\"isPartOf\":{\"@id\":\"https:\/\/brasilnoticias.org\/site\/#website\"},\"primaryImageOfPage\":{\"@id\":\"https:\/\/brasilnoticias.org\/site\/lula-anuncia-restricao-a-apostas-para-inadimplentes-e-volta-a-defender-fim-da-escala-6x1\/#primaryimage\"},\"image\":{\"@id\":\"https:\/\/brasilnoticias.org\/site\/lula-anuncia-restricao-a-apostas-para-inadimplentes-e-volta-a-defender-fim-da-escala-6x1\/#primaryimage\"},\"thumbnailUrl\":\"https:\/\/brasilnoticias.org\/site\/wp-content\/uploads\/2026\/05\/181879lula-anuncia-bloqueio-de-bets-para-inadimplentes-e-defende-fim-da-escala-6x1-em-pronunciamento-3.jpg\",\"datePublished\":\"2026-05-01T16:34:13+00:00\",\"breadcrumb\":{\"@id\":\"https:\/\/brasilnoticias.org\/site\/lula-anuncia-restricao-a-apostas-para-inadimplentes-e-volta-a-defender-fim-da-escala-6x1\/#breadcrumb\"},\"inLanguage\":\"pt-PT\",\"potentialAction\":[{\"@type\":\"ReadAction\",\"target\":[\"https:\/\/brasilnoticias.org\/site\/lula-anuncia-restricao-a-apostas-para-inadimplentes-e-volta-a-defender-fim-da-escala-6x1\/\"]}]},{\"@type\":\"ImageObject\",\"inLanguage\":\"pt-PT\",\"@id\":\"https:\/\/brasilnoticias.org\/site\/lula-anuncia-restricao-a-apostas-para-inadimplentes-e-volta-a-defender-fim-da-escala-6x1\/#primaryimage\",\"url\":\"https:\/\/brasilnoticias.org\/site\/wp-content\/uploads\/2026\/05\/181879lula-anuncia-bloqueio-de-bets-para-inadimplentes-e-defende-fim-da-escala-6x1-em-pronunciamento-3.jpg\",\"contentUrl\":\"https:\/\/brasilnoticias.org\/site\/wp-content\/uploads\/2026\/05\/181879lula-anuncia-bloqueio-de-bets-para-inadimplentes-e-defende-fim-da-escala-6x1-em-pronunciamento-3.jpg\",\"width\":1600,\"height\":752,\"caption\":\"Ricardo Stuckert\/PR\"},{\"@type\":\"BreadcrumbList\",\"@id\":\"https:\/\/brasilnoticias.org\/site\/lula-anuncia-restricao-a-apostas-para-inadimplentes-e-volta-a-defender-fim-da-escala-6x1\/#breadcrumb\",\"itemListElement\":[{\"@type\":\"ListItem\",\"position\":1,\"name\":\"In\u00edcio\",\"item\":\"https:\/\/brasilnoticias.org\/site\/\"},{\"@type\":\"ListItem\",\"position\":2,\"name\":\"Lula anuncia restri\u00e7\u00e3o a apostas para inadimplentes e volta a defender fim da escala 6&#215;1\"}]},{\"@type\":\"WebSite\",\"@id\":\"https:\/\/brasilnoticias.org\/site\/#website\",\"url\":\"https:\/\/brasilnoticias.org\/site\/\",\"name\":\"Brasil not\u00edcias\",\"description\":\"Brasil not\u00edcias\",\"publisher\":{\"@id\":\"https:\/\/brasilnoticias.org\/site\/#organization\"},\"potentialAction\":[{\"@type\":\"SearchAction\",\"target\":{\"@type\":\"EntryPoint\",\"urlTemplate\":\"https:\/\/brasilnoticias.org\/site\/?s={search_term_string}\"},\"query-input\":{\"@type\":\"PropertyValueSpecification\",\"valueRequired\":true,\"valueName\":\"search_term_string\"}}],\"inLanguage\":\"pt-PT\"},{\"@type\":\"Organization\",\"@id\":\"https:\/\/brasilnoticias.org\/site\/#organization\",\"name\":\"Brasil not\u00edcias\",\"url\":\"https:\/\/brasilnoticias.org\/site\/\",\"logo\":{\"@type\":\"ImageObject\",\"inLanguage\":\"pt-PT\",\"@id\":\"https:\/\/brasilnoticias.org\/site\/#\/schema\/logo\/image\/\",\"url\":\"https:\/\/brasilnoticias.org\/site\/wp-content\/uploads\/2022\/05\/cropped-brasilnoticias-mini.jpg\",\"contentUrl\":\"https:\/\/brasilnoticias.org\/site\/wp-content\/uploads\/2022\/05\/cropped-brasilnoticias-mini.jpg\",\"width\":314,\"height\":86,\"caption\":\"Brasil not\u00edcias\"},\"image\":{\"@id\":\"https:\/\/brasilnoticias.org\/site\/#\/schema\/logo\/image\/\"}},{\"@type\":\"Person\",\"@id\":\"https:\/\/brasilnoticias.org\/site\/#\/schema\/person\/03bbbfe6c7634ad18c26444ea39049fa\",\"name\":\"Reda\u00e7\u00e3o\",\"image\":{\"@type\":\"ImageObject\",\"inLanguage\":\"pt-PT\",\"@id\":\"https:\/\/brasilnoticias.org\/site\/#\/schema\/person\/image\/\",\"url\":\"https:\/\/secure.gravatar.com\/avatar\/9ecaf7327a696cb23ad926fedded5f1f04d7049de9e445375d55b48c001a6e42?s=96&d=mm&r=g\",\"contentUrl\":\"https:\/\/secure.gravatar.com\/avatar\/9ecaf7327a696cb23ad926fedded5f1f04d7049de9e445375d55b48c001a6e42?s=96&d=mm&r=g\",\"caption\":\"Reda\u00e7\u00e3o\"},\"url\":\"https:\/\/brasilnoticias.org\/site\/author\/henrique\/\"}]}<\/script>\n<!-- \/ Yoast SEO plugin. -->","yoast_head_json":{"title":"Lula anuncia restri\u00e7\u00e3o a apostas para inadimplentes e volta a defender fim da escala 6x1 - Brasil not\u00edcias","robots":{"index":"index","follow":"follow","max-snippet":"max-snippet:-1","max-image-preview":"max-image-preview:large","max-video-preview":"max-video-preview:-1"},"canonical":"https:\/\/brasilnoticias.org\/site\/lula-anuncia-restricao-a-apostas-para-inadimplentes-e-volta-a-defender-fim-da-escala-6x1\/","og_locale":"pt_PT","og_type":"article","og_title":"Lula anuncia restri\u00e7\u00e3o a apostas para inadimplentes e volta a defender fim da escala 6x1 - Brasil not\u00edcias","og_description":"O presidente Luiz In\u00e1cio Lula da Silva anunciou, em pronunciamento em rede nacional na v\u00e9spera do Dia do Trabalhador, novas","og_url":"https:\/\/brasilnoticias.org\/site\/lula-anuncia-restricao-a-apostas-para-inadimplentes-e-volta-a-defender-fim-da-escala-6x1\/","og_site_name":"Brasil not\u00edcias","article_published_time":"2026-05-01T16:34:13+00:00","og_image":[{"width":1600,"height":752,"url":"https:\/\/brasilnoticias.org\/site\/wp-content\/uploads\/2026\/05\/181879lula-anuncia-bloqueio-de-bets-para-inadimplentes-e-defende-fim-da-escala-6x1-em-pronunciamento-3.jpg","type":"image\/jpeg"}],"author":"Reda\u00e7\u00e3o","twitter_card":"summary_large_image","twitter_misc":{"Escrito por":"Reda\u00e7\u00e3o","Tempo estimado de leitura":"3 minutos"},"schema":{"@context":"https:\/\/schema.org","@graph":[{"@type":"Article","@id":"https:\/\/brasilnoticias.org\/site\/lula-anuncia-restricao-a-apostas-para-inadimplentes-e-volta-a-defender-fim-da-escala-6x1\/#article","isPartOf":{"@id":"https:\/\/brasilnoticias.org\/site\/lula-anuncia-restricao-a-apostas-para-inadimplentes-e-volta-a-defender-fim-da-escala-6x1\/"},"author":{"name":"Reda\u00e7\u00e3o","@id":"https:\/\/brasilnoticias.org\/site\/#\/schema\/person\/03bbbfe6c7634ad18c26444ea39049fa"},"headline":"Lula anuncia restri\u00e7\u00e3o a apostas para inadimplentes e volta a defender fim da escala 6&#215;1","datePublished":"2026-05-01T16:34:13+00:00","mainEntityOfPage":{"@id":"https:\/\/brasilnoticias.org\/site\/lula-anuncia-restricao-a-apostas-para-inadimplentes-e-volta-a-defender-fim-da-escala-6x1\/"},"wordCount":477,"commentCount":0,"publisher":{"@id":"https:\/\/brasilnoticias.org\/site\/#organization"},"image":{"@id":"https:\/\/brasilnoticias.org\/site\/lula-anuncia-restricao-a-apostas-para-inadimplentes-e-volta-a-defender-fim-da-escala-6x1\/#primaryimage"},"thumbnailUrl":"https:\/\/brasilnoticias.org\/site\/wp-content\/uploads\/2026\/05\/181879lula-anuncia-bloqueio-de-bets-para-inadimplentes-e-defende-fim-da-escala-6x1-em-pronunciamento-3.jpg","articleSection":["Justi\u00e7a","\u00daltimas"],"inLanguage":"pt-PT","potentialAction":[{"@type":"CommentAction","name":"Comment","target":["https:\/\/brasilnoticias.org\/site\/lula-anuncia-restricao-a-apostas-para-inadimplentes-e-volta-a-defender-fim-da-escala-6x1\/#respond"]}]},{"@type":"WebPage","@id":"https:\/\/brasilnoticias.org\/site\/lula-anuncia-restricao-a-apostas-para-inadimplentes-e-volta-a-defender-fim-da-escala-6x1\/","url":"https:\/\/brasilnoticias.org\/site\/lula-anuncia-restricao-a-apostas-para-inadimplentes-e-volta-a-defender-fim-da-escala-6x1\/","name":"Lula anuncia restri\u00e7\u00e3o a apostas para inadimplentes e volta a defender fim da escala 6x1 - Brasil not\u00edcias","isPartOf":{"@id":"https:\/\/brasilnoticias.org\/site\/#website"},"primaryImageOfPage":{"@id":"https:\/\/brasilnoticias.org\/site\/lula-anuncia-restricao-a-apostas-para-inadimplentes-e-volta-a-defender-fim-da-escala-6x1\/#primaryimage"},"image":{"@id":"https:\/\/brasilnoticias.org\/site\/lula-anuncia-restricao-a-apostas-para-inadimplentes-e-volta-a-defender-fim-da-escala-6x1\/#primaryimage"},"thumbnailUrl":"https:\/\/brasilnoticias.org\/site\/wp-content\/uploads\/2026\/05\/181879lula-anuncia-bloqueio-de-bets-para-inadimplentes-e-defende-fim-da-escala-6x1-em-pronunciamento-3.jpg","datePublished":"2026-05-01T16:34:13+00:00","breadcrumb":{"@id":"https:\/\/brasilnoticias.org\/site\/lula-anuncia-restricao-a-apostas-para-inadimplentes-e-volta-a-defender-fim-da-escala-6x1\/#breadcrumb"},"inLanguage":"pt-PT","potentialAction":[{"@type":"ReadAction","target":["https:\/\/brasilnoticias.org\/site\/lula-anuncia-restricao-a-apostas-para-inadimplentes-e-volta-a-defender-fim-da-escala-6x1\/"]}]},{"@type":"ImageObject","inLanguage":"pt-PT","@id":"https:\/\/brasilnoticias.org\/site\/lula-anuncia-restricao-a-apostas-para-inadimplentes-e-volta-a-defender-fim-da-escala-6x1\/#primaryimage","url":"https:\/\/brasilnoticias.org\/site\/wp-content\/uploads\/2026\/05\/181879lula-anuncia-bloqueio-de-bets-para-inadimplentes-e-defende-fim-da-escala-6x1-em-pronunciamento-3.jpg","contentUrl":"https:\/\/brasilnoticias.org\/site\/wp-content\/uploads\/2026\/05\/181879lula-anuncia-bloqueio-de-bets-para-inadimplentes-e-defende-fim-da-escala-6x1-em-pronunciamento-3.jpg","width":1600,"height":752,"caption":"Ricardo Stuckert\/PR"},{"@type":"BreadcrumbList","@id":"https:\/\/brasilnoticias.org\/site\/lula-anuncia-restricao-a-apostas-para-inadimplentes-e-volta-a-defender-fim-da-escala-6x1\/#breadcrumb","itemListElement":[{"@type":"ListItem","position":1,"name":"In\u00edcio","item":"https:\/\/brasilnoticias.org\/site\/"},{"@type":"ListItem","position":2,"name":"Lula anuncia restri\u00e7\u00e3o a apostas para inadimplentes e volta a defender fim da escala 6&#215;1"}]},{"@type":"WebSite","@id":"https:\/\/brasilnoticias.org\/site\/#website","url":"https:\/\/brasilnoticias.org\/site\/","name":"Brasil not\u00edcias","description":"Brasil not\u00edcias","publisher":{"@id":"https:\/\/brasilnoticias.org\/site\/#organization"},"potentialAction":[{"@type":"SearchAction","target":{"@type":"EntryPoint","urlTemplate":"https:\/\/brasilnoticias.org\/site\/?s={search_term_string}"},"query-input":{"@type":"PropertyValueSpecification","valueRequired":true,"valueName":"search_term_string"}}],"inLanguage":"pt-PT"},{"@type":"Organization","@id":"https:\/\/brasilnoticias.org\/site\/#organization","name":"Brasil not\u00edcias","url":"https:\/\/brasilnoticias.org\/site\/","logo":{"@type":"ImageObject","inLanguage":"pt-PT","@id":"https:\/\/brasilnoticias.org\/site\/#\/schema\/logo\/image\/","url":"https:\/\/brasilnoticias.org\/site\/wp-content\/uploads\/2022\/05\/cropped-brasilnoticias-mini.jpg","contentUrl":"https:\/\/brasilnoticias.org\/site\/wp-content\/uploads\/2022\/05\/cropped-brasilnoticias-mini.jpg","width":314,"height":86,"caption":"Brasil not\u00edcias"},"image":{"@id":"https:\/\/brasilnoticias.org\/site\/#\/schema\/logo\/image\/"}},{"@type":"Person","@id":"https:\/\/brasilnoticias.org\/site\/#\/schema\/person\/03bbbfe6c7634ad18c26444ea39049fa","name":"Reda\u00e7\u00e3o","image":{"@type":"ImageObject","inLanguage":"pt-PT","@id":"https:\/\/brasilnoticias.org\/site\/#\/schema\/person\/image\/","url":"https:\/\/secure.gravatar.com\/avatar\/9ecaf7327a696cb23ad926fedded5f1f04d7049de9e445375d55b48c001a6e42?s=96&d=mm&r=g","contentUrl":"https:\/\/secure.gravatar.com\/avatar\/9ecaf7327a696cb23ad926fedded5f1f04d7049de9e445375d55b48c001a6e42?s=96&d=mm&r=g","caption":"Reda\u00e7\u00e3o"},"url":"https:\/\/brasilnoticias.org\/site\/author\/henrique\/"}]}},"_links":{"self":[{"href":"https:\/\/brasilnoticias.org\/site\/wp-json\/wp\/v2\/posts\/21921","targetHints":{"allow":["GET"]}}],"collection":[{"href":"https:\/\/brasilnoticias.org\/site\/wp-json\/wp\/v2\/posts"}],"about":[{"href":"https:\/\/brasilnoticias.org\/site\/wp-json\/wp\/v2\/types\/post"}],"author":[{"embeddable":true,"href":"https:\/\/brasilnoticias.org\/site\/wp-json\/wp\/v2\/users\/4"}],"replies":[{"embeddable":true,"href":"https:\/\/brasilnoticias.org\/site\/wp-json\/wp\/v2\/comments?post=21921"}],"version-history":[{"count":1,"href":"https:\/\/brasilnoticias.org\/site\/wp-json\/wp\/v2\/posts\/21921\/revisions"}],"predecessor-version":[{"id":21923,"href":"https:\/\/brasilnoticias.org\/site\/wp-json\/wp\/v2\/posts\/21921\/revisions\/21923"}],"wp:featuredmedia":[{"embeddable":true,"href":"https:\/\/brasilnoticias.org\/site\/wp-json\/wp\/v2\/media\/21922"}],"wp:attachment":[{"href":"https:\/\/brasilnoticias.org\/site\/wp-json\/wp\/v2\/media?parent=21921"}],"wp:term":[{"taxonomy":"category","embeddable":true,"href":"https:\/\/brasilnoticias.org\/site\/wp-json\/wp\/v2\/categories?post=21921"},{"taxonomy":"post_tag","embeddable":true,"href":"https:\/\/brasilnoticias.org\/site\/wp-json\/wp\/v2\/tags?post=21921"}],"curies":[{"name":"wp","href":"https:\/\/api.w.org\/{rel}","templated":true}]}}