{"id":21924,"date":"2026-05-01T13:40:24","date_gmt":"2026-05-01T16:40:24","guid":{"rendered":"https:\/\/brasilnoticias.org\/site\/?p=21924"},"modified":"2026-05-01T13:40:24","modified_gmt":"2026-05-01T16:40:24","slug":"cbf-encaminha-renovacao-de-ancelotti-e-quer-novo-contrato-assinado-antes-da-copa","status":"publish","type":"post","link":"https:\/\/brasilnoticias.org\/site\/cbf-encaminha-renovacao-de-ancelotti-e-quer-novo-contrato-assinado-antes-da-copa\/","title":{"rendered":"CBF encaminha renova\u00e7\u00e3o de Ancelotti e quer novo contrato assinado antes da Copa"},"content":{"rendered":"<p data-start=\"269\" data-end=\"737\">A <span class=\"hover:entity-accent entity-underline inline cursor-pointer align-baseline\"><span class=\"whitespace-normal\">Confedera\u00e7\u00e3o Brasileira de Futebol<\/span><\/span> est\u00e1 pr\u00f3xima de oficializar a renova\u00e7\u00e3o de contrato do t\u00e9cnico <span class=\"hover:entity-accent entity-underline inline cursor-pointer align-baseline\"><span class=\"whitespace-normal\">Carlo Ancelotti<\/span><\/span> com a <span class=\"hover:entity-accent entity-underline inline cursor-pointer align-baseline\"><span class=\"whitespace-normal\">Sele\u00e7\u00e3o Brasileira de Futebol<\/span><\/span>. Segundo o presidente da entidade, <strong data-start=\"489\" data-end=\"503\">Samir Xaud<\/strong>, faltam apenas detalhes burocr\u00e1ticos e jur\u00eddicos para a assinatura do novo v\u00ednculo, que deve ser conclu\u00eddo <strong data-start=\"611\" data-end=\"663\">antes da pr\u00f3xima convoca\u00e7\u00e3o para a Copa do Mundo<\/strong>, marcada para o dia <strong data-start=\"684\" data-end=\"698\">18 de maio<\/strong>.<\/p>\n<p data-start=\"739\" data-end=\"1119\">Em entrevista, Xaud afirmou que h\u00e1 confian\u00e7a total no trabalho do treinador e destacou que tanto a CBF quanto Ancelotti demonstram interesse m\u00fatuo na continuidade do projeto. A renova\u00e7\u00e3o, segundo bastidores do futebol brasileiro, est\u00e1 em est\u00e1gio avan\u00e7ado e deve consolidar a perman\u00eancia do italiano no comando da Amarelinha por mais um ciclo.<\/p>\n<h2 data-section-id=\"grjxn3\" data-start=\"1121\" data-end=\"1167\">Novo contrato pode levar Ancelotti at\u00e9 2030<\/h2>\n<p data-start=\"1169\" data-end=\"1533\">A expectativa \u00e9 que o novo acordo estenda o v\u00ednculo de Ancelotti at\u00e9 <strong data-start=\"1238\" data-end=\"1246\">2030<\/strong>, ampliando sua perman\u00eancia al\u00e9m da disputa da Copa do Mundo de 2026. Caso seja confirmado, o t\u00e9cnico seguir\u00e1 como pe\u00e7a central do planejamento esportivo da sele\u00e7\u00e3o, incluindo renova\u00e7\u00e3o de elenco e prepara\u00e7\u00e3o para futuras competi\u00e7\u00f5es internacionais.<\/p>\n<p data-start=\"1535\" data-end=\"1809\">Os valores do novo contrato devem permanecer pr\u00f3ximos aos atuais, estimados em cerca de <strong data-start=\"1623\" data-end=\"1654\">10 milh\u00f5es de euros por ano<\/strong>, al\u00e9m de b\u00f4nus por metas esportivas, incluindo premia\u00e7\u00f5es em caso de conquista de t\u00edtulos importantes com a Sele\u00e7\u00e3o.<\/p>\n<h2 data-section-id=\"1l6kb4n\" data-start=\"1811\" data-end=\"1844\">Trabalho gera confian\u00e7a na CBF<\/h2>\n<p data-start=\"1846\" data-end=\"2171\">Desde que assumiu o comando da Sele\u00e7\u00e3o, Ancelotti vem sendo tratado como um nome estrat\u00e9gico para recolocar o Brasil entre os favoritos em torneios internacionais. Internamente, dirigentes avaliam que o treinador trouxe <strong data-start=\"2066\" data-end=\"2140\">mais organiza\u00e7\u00e3o t\u00e1tica, experi\u00eancia de vesti\u00e1rio e peso internacional<\/strong> ao projeto da equipe nacional.<\/p>\n<p data-start=\"2173\" data-end=\"2413\">A perman\u00eancia do italiano tamb\u00e9m \u00e9 vista como um sinal de estabilidade institucional dentro da CBF, que tenta consolidar um planejamento de longo prazo ap\u00f3s anos de trocas frequentes no comando t\u00e9cnico.<\/p>\n<h2 data-section-id=\"k8kkrf\" data-start=\"2415\" data-end=\"2456\">Assinatura pode sair nos pr\u00f3ximos dias<\/h2>\n<p data-start=\"2458\" data-end=\"2804\">Com as negocia\u00e7\u00f5es praticamente fechadas, a expectativa \u00e9 que a oficializa\u00e7\u00e3o aconte\u00e7a nos pr\u00f3ximos dias. A ideia da CBF \u00e9 que Ancelotti j\u00e1 chegue \u00e0 \u00faltima convoca\u00e7\u00e3o antes do Mundial com o contrato renovado, refor\u00e7ando a confian\u00e7a no projeto esportivo \u00e0s v\u00e9speras da principal competi\u00e7\u00e3o do futebol mundial.<\/p>\n","protected":false},"excerpt":{"rendered":"<p>A Confedera\u00e7\u00e3o Brasileira de Futebol est\u00e1 pr\u00f3xima de oficializar a renova\u00e7\u00e3o de contrato do t\u00e9cnico Carlo Ancelotti com a Sele\u00e7\u00e3o<\/p>\n","protected":false},"author":4,"featured_media":21925,"comment_status":"open","ping_status":"open","sticky":false,"template":"","format":"standard","meta":{"colormag_page_container_layout":"default_layout","colormag_page_sidebar_layout":"default_layout","_FSMCFIC_featured_image_caption":"","_FSMCFIC_featured_image_nocaption":"","_FSMCFIC_featured_image_hide":"","footnotes":""},"categories":[4,1],"tags":[],"class_list":["post-21924","post","type-post","status-publish","format-standard","has-post-thumbnail","hentry","category-esporte","category-ultimas"],"yoast_head":"<!-- This site is optimized with the Yoast SEO plugin v27.1.1 - https:\/\/yoast.com\/product\/yoast-seo-wordpress\/ -->\n<title>CBF encaminha renova\u00e7\u00e3o de Ancelotti e quer novo contrato assinado antes da Copa - Brasil not\u00edcias<\/title>\n<meta name=\"robots\" content=\"index, follow, max-snippet:-1, max-image-preview:large, max-video-preview:-1\" \/>\n<link rel=\"canonical\" href=\"https:\/\/brasilnoticias.org\/site\/cbf-encaminha-renovacao-de-ancelotti-e-quer-novo-contrato-assinado-antes-da-copa\/\" \/>\n<meta property=\"og:locale\" content=\"pt_PT\" \/>\n<meta property=\"og:type\" content=\"article\" \/>\n<meta property=\"og:title\" content=\"CBF encaminha renova\u00e7\u00e3o de Ancelotti e quer novo contrato assinado antes da Copa - Brasil not\u00edcias\" \/>\n<meta property=\"og:description\" content=\"A Confedera\u00e7\u00e3o Brasileira de Futebol est\u00e1 pr\u00f3xima de oficializar a renova\u00e7\u00e3o de contrato do t\u00e9cnico Carlo Ancelotti com a Sele\u00e7\u00e3o\" \/>\n<meta property=\"og:url\" content=\"https:\/\/brasilnoticias.org\/site\/cbf-encaminha-renovacao-de-ancelotti-e-quer-novo-contrato-assinado-antes-da-copa\/\" \/>\n<meta property=\"og:site_name\" content=\"Brasil not\u00edcias\" \/>\n<meta property=\"article:published_time\" content=\"2026-05-01T16:40:24+00:00\" \/>\n<meta property=\"og:image\" content=\"https:\/\/brasilnoticias.org\/site\/wp-content\/uploads\/2026\/05\/181888cbf-aponta-prazo-para-renovacao-de-ancelotti-na-selecao-3.jpg\" \/>\n\t<meta property=\"og:image:width\" content=\"1600\" \/>\n\t<meta property=\"og:image:height\" content=\"752\" \/>\n\t<meta property=\"og:image:type\" content=\"image\/jpeg\" \/>\n<meta name=\"author\" content=\"Reda\u00e7\u00e3o\" \/>\n<meta name=\"twitter:card\" content=\"summary_large_image\" \/>\n<meta name=\"twitter:label1\" content=\"Escrito por\" \/>\n\t<meta name=\"twitter:data1\" content=\"Reda\u00e7\u00e3o\" \/>\n\t<meta name=\"twitter:label2\" content=\"Tempo estimado de leitura\" \/>\n\t<meta name=\"twitter:data2\" content=\"3 minutos\" \/>\n<script type=\"application\/ld+json\" class=\"yoast-schema-graph\">{\"@context\":\"https:\/\/schema.org\",\"@graph\":[{\"@type\":\"Article\",\"@id\":\"https:\/\/brasilnoticias.org\/site\/cbf-encaminha-renovacao-de-ancelotti-e-quer-novo-contrato-assinado-antes-da-copa\/#article\",\"isPartOf\":{\"@id\":\"https:\/\/brasilnoticias.org\/site\/cbf-encaminha-renovacao-de-ancelotti-e-quer-novo-contrato-assinado-antes-da-copa\/\"},\"author\":{\"name\":\"Reda\u00e7\u00e3o\",\"@id\":\"https:\/\/brasilnoticias.org\/site\/#\/schema\/person\/03bbbfe6c7634ad18c26444ea39049fa\"},\"headline\":\"CBF encaminha renova\u00e7\u00e3o de Ancelotti e quer novo contrato assinado antes da Copa\",\"datePublished\":\"2026-05-01T16:40:24+00:00\",\"mainEntityOfPage\":{\"@id\":\"https:\/\/brasilnoticias.org\/site\/cbf-encaminha-renovacao-de-ancelotti-e-quer-novo-contrato-assinado-antes-da-copa\/\"},\"wordCount\":405,\"commentCount\":0,\"publisher\":{\"@id\":\"https:\/\/brasilnoticias.org\/site\/#organization\"},\"image\":{\"@id\":\"https:\/\/brasilnoticias.org\/site\/cbf-encaminha-renovacao-de-ancelotti-e-quer-novo-contrato-assinado-antes-da-copa\/#primaryimage\"},\"thumbnailUrl\":\"https:\/\/brasilnoticias.org\/site\/wp-content\/uploads\/2026\/05\/181888cbf-aponta-prazo-para-renovacao-de-ancelotti-na-selecao-3.jpg\",\"articleSection\":[\"Esporte\",\"\u00daltimas\"],\"inLanguage\":\"pt-PT\",\"potentialAction\":[{\"@type\":\"CommentAction\",\"name\":\"Comment\",\"target\":[\"https:\/\/brasilnoticias.org\/site\/cbf-encaminha-renovacao-de-ancelotti-e-quer-novo-contrato-assinado-antes-da-copa\/#respond\"]}]},{\"@type\":\"WebPage\",\"@id\":\"https:\/\/brasilnoticias.org\/site\/cbf-encaminha-renovacao-de-ancelotti-e-quer-novo-contrato-assinado-antes-da-copa\/\",\"url\":\"https:\/\/brasilnoticias.org\/site\/cbf-encaminha-renovacao-de-ancelotti-e-quer-novo-contrato-assinado-antes-da-copa\/\",\"name\":\"CBF encaminha renova\u00e7\u00e3o de Ancelotti e quer novo contrato assinado antes da Copa - Brasil not\u00edcias\",\"isPartOf\":{\"@id\":\"https:\/\/brasilnoticias.org\/site\/#website\"},\"primaryImageOfPage\":{\"@id\":\"https:\/\/brasilnoticias.org\/site\/cbf-encaminha-renovacao-de-ancelotti-e-quer-novo-contrato-assinado-antes-da-copa\/#primaryimage\"},\"image\":{\"@id\":\"https:\/\/brasilnoticias.org\/site\/cbf-encaminha-renovacao-de-ancelotti-e-quer-novo-contrato-assinado-antes-da-copa\/#primaryimage\"},\"thumbnailUrl\":\"https:\/\/brasilnoticias.org\/site\/wp-content\/uploads\/2026\/05\/181888cbf-aponta-prazo-para-renovacao-de-ancelotti-na-selecao-3.jpg\",\"datePublished\":\"2026-05-01T16:40:24+00:00\",\"breadcrumb\":{\"@id\":\"https:\/\/brasilnoticias.org\/site\/cbf-encaminha-renovacao-de-ancelotti-e-quer-novo-contrato-assinado-antes-da-copa\/#breadcrumb\"},\"inLanguage\":\"pt-PT\",\"potentialAction\":[{\"@type\":\"ReadAction\",\"target\":[\"https:\/\/brasilnoticias.org\/site\/cbf-encaminha-renovacao-de-ancelotti-e-quer-novo-contrato-assinado-antes-da-copa\/\"]}]},{\"@type\":\"ImageObject\",\"inLanguage\":\"pt-PT\",\"@id\":\"https:\/\/brasilnoticias.org\/site\/cbf-encaminha-renovacao-de-ancelotti-e-quer-novo-contrato-assinado-antes-da-copa\/#primaryimage\",\"url\":\"https:\/\/brasilnoticias.org\/site\/wp-content\/uploads\/2026\/05\/181888cbf-aponta-prazo-para-renovacao-de-ancelotti-na-selecao-3.jpg\",\"contentUrl\":\"https:\/\/brasilnoticias.org\/site\/wp-content\/uploads\/2026\/05\/181888cbf-aponta-prazo-para-renovacao-de-ancelotti-na-selecao-3.jpg\",\"width\":1600,\"height\":752,\"caption\":\"Rafael Ribeiro\/CBF\"},{\"@type\":\"BreadcrumbList\",\"@id\":\"https:\/\/brasilnoticias.org\/site\/cbf-encaminha-renovacao-de-ancelotti-e-quer-novo-contrato-assinado-antes-da-copa\/#breadcrumb\",\"itemListElement\":[{\"@type\":\"ListItem\",\"position\":1,\"name\":\"In\u00edcio\",\"item\":\"https:\/\/brasilnoticias.org\/site\/\"},{\"@type\":\"ListItem\",\"position\":2,\"name\":\"CBF encaminha renova\u00e7\u00e3o de Ancelotti e quer novo contrato assinado antes da Copa\"}]},{\"@type\":\"WebSite\",\"@id\":\"https:\/\/brasilnoticias.org\/site\/#website\",\"url\":\"https:\/\/brasilnoticias.org\/site\/\",\"name\":\"Brasil not\u00edcias\",\"description\":\"Brasil not\u00edcias\",\"publisher\":{\"@id\":\"https:\/\/brasilnoticias.org\/site\/#organization\"},\"potentialAction\":[{\"@type\":\"SearchAction\",\"target\":{\"@type\":\"EntryPoint\",\"urlTemplate\":\"https:\/\/brasilnoticias.org\/site\/?s={search_term_string}\"},\"query-input\":{\"@type\":\"PropertyValueSpecification\",\"valueRequired\":true,\"valueName\":\"search_term_string\"}}],\"inLanguage\":\"pt-PT\"},{\"@type\":\"Organization\",\"@id\":\"https:\/\/brasilnoticias.org\/site\/#organization\",\"name\":\"Brasil not\u00edcias\",\"url\":\"https:\/\/brasilnoticias.org\/site\/\",\"logo\":{\"@type\":\"ImageObject\",\"inLanguage\":\"pt-PT\",\"@id\":\"https:\/\/brasilnoticias.org\/site\/#\/schema\/logo\/image\/\",\"url\":\"https:\/\/brasilnoticias.org\/site\/wp-content\/uploads\/2022\/05\/cropped-brasilnoticias-mini.jpg\",\"contentUrl\":\"https:\/\/brasilnoticias.org\/site\/wp-content\/uploads\/2022\/05\/cropped-brasilnoticias-mini.jpg\",\"width\":314,\"height\":86,\"caption\":\"Brasil not\u00edcias\"},\"image\":{\"@id\":\"https:\/\/brasilnoticias.org\/site\/#\/schema\/logo\/image\/\"}},{\"@type\":\"Person\",\"@id\":\"https:\/\/brasilnoticias.org\/site\/#\/schema\/person\/03bbbfe6c7634ad18c26444ea39049fa\",\"name\":\"Reda\u00e7\u00e3o\",\"image\":{\"@type\":\"ImageObject\",\"inLanguage\":\"pt-PT\",\"@id\":\"https:\/\/brasilnoticias.org\/site\/#\/schema\/person\/image\/\",\"url\":\"https:\/\/secure.gravatar.com\/avatar\/9ecaf7327a696cb23ad926fedded5f1f04d7049de9e445375d55b48c001a6e42?s=96&d=mm&r=g\",\"contentUrl\":\"https:\/\/secure.gravatar.com\/avatar\/9ecaf7327a696cb23ad926fedded5f1f04d7049de9e445375d55b48c001a6e42?s=96&d=mm&r=g\",\"caption\":\"Reda\u00e7\u00e3o\"},\"url\":\"https:\/\/brasilnoticias.org\/site\/author\/henrique\/\"}]}<\/script>\n<!-- \/ Yoast SEO plugin. -->","yoast_head_json":{"title":"CBF encaminha renova\u00e7\u00e3o de Ancelotti e quer novo contrato assinado antes da Copa - Brasil not\u00edcias","robots":{"index":"index","follow":"follow","max-snippet":"max-snippet:-1","max-image-preview":"max-image-preview:large","max-video-preview":"max-video-preview:-1"},"canonical":"https:\/\/brasilnoticias.org\/site\/cbf-encaminha-renovacao-de-ancelotti-e-quer-novo-contrato-assinado-antes-da-copa\/","og_locale":"pt_PT","og_type":"article","og_title":"CBF encaminha renova\u00e7\u00e3o de Ancelotti e quer novo contrato assinado antes da Copa - Brasil not\u00edcias","og_description":"A Confedera\u00e7\u00e3o Brasileira de Futebol est\u00e1 pr\u00f3xima de oficializar a renova\u00e7\u00e3o de contrato do t\u00e9cnico Carlo Ancelotti com a Sele\u00e7\u00e3o","og_url":"https:\/\/brasilnoticias.org\/site\/cbf-encaminha-renovacao-de-ancelotti-e-quer-novo-contrato-assinado-antes-da-copa\/","og_site_name":"Brasil not\u00edcias","article_published_time":"2026-05-01T16:40:24+00:00","og_image":[{"width":1600,"height":752,"url":"https:\/\/brasilnoticias.org\/site\/wp-content\/uploads\/2026\/05\/181888cbf-aponta-prazo-para-renovacao-de-ancelotti-na-selecao-3.jpg","type":"image\/jpeg"}],"author":"Reda\u00e7\u00e3o","twitter_card":"summary_large_image","twitter_misc":{"Escrito por":"Reda\u00e7\u00e3o","Tempo estimado de leitura":"3 minutos"},"schema":{"@context":"https:\/\/schema.org","@graph":[{"@type":"Article","@id":"https:\/\/brasilnoticias.org\/site\/cbf-encaminha-renovacao-de-ancelotti-e-quer-novo-contrato-assinado-antes-da-copa\/#article","isPartOf":{"@id":"https:\/\/brasilnoticias.org\/site\/cbf-encaminha-renovacao-de-ancelotti-e-quer-novo-contrato-assinado-antes-da-copa\/"},"author":{"name":"Reda\u00e7\u00e3o","@id":"https:\/\/brasilnoticias.org\/site\/#\/schema\/person\/03bbbfe6c7634ad18c26444ea39049fa"},"headline":"CBF encaminha renova\u00e7\u00e3o de Ancelotti e quer novo contrato assinado antes da Copa","datePublished":"2026-05-01T16:40:24+00:00","mainEntityOfPage":{"@id":"https:\/\/brasilnoticias.org\/site\/cbf-encaminha-renovacao-de-ancelotti-e-quer-novo-contrato-assinado-antes-da-copa\/"},"wordCount":405,"commentCount":0,"publisher":{"@id":"https:\/\/brasilnoticias.org\/site\/#organization"},"image":{"@id":"https:\/\/brasilnoticias.org\/site\/cbf-encaminha-renovacao-de-ancelotti-e-quer-novo-contrato-assinado-antes-da-copa\/#primaryimage"},"thumbnailUrl":"https:\/\/brasilnoticias.org\/site\/wp-content\/uploads\/2026\/05\/181888cbf-aponta-prazo-para-renovacao-de-ancelotti-na-selecao-3.jpg","articleSection":["Esporte","\u00daltimas"],"inLanguage":"pt-PT","potentialAction":[{"@type":"CommentAction","name":"Comment","target":["https:\/\/brasilnoticias.org\/site\/cbf-encaminha-renovacao-de-ancelotti-e-quer-novo-contrato-assinado-antes-da-copa\/#respond"]}]},{"@type":"WebPage","@id":"https:\/\/brasilnoticias.org\/site\/cbf-encaminha-renovacao-de-ancelotti-e-quer-novo-contrato-assinado-antes-da-copa\/","url":"https:\/\/brasilnoticias.org\/site\/cbf-encaminha-renovacao-de-ancelotti-e-quer-novo-contrato-assinado-antes-da-copa\/","name":"CBF encaminha renova\u00e7\u00e3o de Ancelotti e quer novo contrato assinado antes da Copa - Brasil not\u00edcias","isPartOf":{"@id":"https:\/\/brasilnoticias.org\/site\/#website"},"primaryImageOfPage":{"@id":"https:\/\/brasilnoticias.org\/site\/cbf-encaminha-renovacao-de-ancelotti-e-quer-novo-contrato-assinado-antes-da-copa\/#primaryimage"},"image":{"@id":"https:\/\/brasilnoticias.org\/site\/cbf-encaminha-renovacao-de-ancelotti-e-quer-novo-contrato-assinado-antes-da-copa\/#primaryimage"},"thumbnailUrl":"https:\/\/brasilnoticias.org\/site\/wp-content\/uploads\/2026\/05\/181888cbf-aponta-prazo-para-renovacao-de-ancelotti-na-selecao-3.jpg","datePublished":"2026-05-01T16:40:24+00:00","breadcrumb":{"@id":"https:\/\/brasilnoticias.org\/site\/cbf-encaminha-renovacao-de-ancelotti-e-quer-novo-contrato-assinado-antes-da-copa\/#breadcrumb"},"inLanguage":"pt-PT","potentialAction":[{"@type":"ReadAction","target":["https:\/\/brasilnoticias.org\/site\/cbf-encaminha-renovacao-de-ancelotti-e-quer-novo-contrato-assinado-antes-da-copa\/"]}]},{"@type":"ImageObject","inLanguage":"pt-PT","@id":"https:\/\/brasilnoticias.org\/site\/cbf-encaminha-renovacao-de-ancelotti-e-quer-novo-contrato-assinado-antes-da-copa\/#primaryimage","url":"https:\/\/brasilnoticias.org\/site\/wp-content\/uploads\/2026\/05\/181888cbf-aponta-prazo-para-renovacao-de-ancelotti-na-selecao-3.jpg","contentUrl":"https:\/\/brasilnoticias.org\/site\/wp-content\/uploads\/2026\/05\/181888cbf-aponta-prazo-para-renovacao-de-ancelotti-na-selecao-3.jpg","width":1600,"height":752,"caption":"Rafael Ribeiro\/CBF"},{"@type":"BreadcrumbList","@id":"https:\/\/brasilnoticias.org\/site\/cbf-encaminha-renovacao-de-ancelotti-e-quer-novo-contrato-assinado-antes-da-copa\/#breadcrumb","itemListElement":[{"@type":"ListItem","position":1,"name":"In\u00edcio","item":"https:\/\/brasilnoticias.org\/site\/"},{"@type":"ListItem","position":2,"name":"CBF encaminha renova\u00e7\u00e3o de Ancelotti e quer novo contrato assinado antes da Copa"}]},{"@type":"WebSite","@id":"https:\/\/brasilnoticias.org\/site\/#website","url":"https:\/\/brasilnoticias.org\/site\/","name":"Brasil not\u00edcias","description":"Brasil not\u00edcias","publisher":{"@id":"https:\/\/brasilnoticias.org\/site\/#organization"},"potentialAction":[{"@type":"SearchAction","target":{"@type":"EntryPoint","urlTemplate":"https:\/\/brasilnoticias.org\/site\/?s={search_term_string}"},"query-input":{"@type":"PropertyValueSpecification","valueRequired":true,"valueName":"search_term_string"}}],"inLanguage":"pt-PT"},{"@type":"Organization","@id":"https:\/\/brasilnoticias.org\/site\/#organization","name":"Brasil not\u00edcias","url":"https:\/\/brasilnoticias.org\/site\/","logo":{"@type":"ImageObject","inLanguage":"pt-PT","@id":"https:\/\/brasilnoticias.org\/site\/#\/schema\/logo\/image\/","url":"https:\/\/brasilnoticias.org\/site\/wp-content\/uploads\/2022\/05\/cropped-brasilnoticias-mini.jpg","contentUrl":"https:\/\/brasilnoticias.org\/site\/wp-content\/uploads\/2022\/05\/cropped-brasilnoticias-mini.jpg","width":314,"height":86,"caption":"Brasil not\u00edcias"},"image":{"@id":"https:\/\/brasilnoticias.org\/site\/#\/schema\/logo\/image\/"}},{"@type":"Person","@id":"https:\/\/brasilnoticias.org\/site\/#\/schema\/person\/03bbbfe6c7634ad18c26444ea39049fa","name":"Reda\u00e7\u00e3o","image":{"@type":"ImageObject","inLanguage":"pt-PT","@id":"https:\/\/brasilnoticias.org\/site\/#\/schema\/person\/image\/","url":"https:\/\/secure.gravatar.com\/avatar\/9ecaf7327a696cb23ad926fedded5f1f04d7049de9e445375d55b48c001a6e42?s=96&d=mm&r=g","contentUrl":"https:\/\/secure.gravatar.com\/avatar\/9ecaf7327a696cb23ad926fedded5f1f04d7049de9e445375d55b48c001a6e42?s=96&d=mm&r=g","caption":"Reda\u00e7\u00e3o"},"url":"https:\/\/brasilnoticias.org\/site\/author\/henrique\/"}]}},"_links":{"self":[{"href":"https:\/\/brasilnoticias.org\/site\/wp-json\/wp\/v2\/posts\/21924","targetHints":{"allow":["GET"]}}],"collection":[{"href":"https:\/\/brasilnoticias.org\/site\/wp-json\/wp\/v2\/posts"}],"about":[{"href":"https:\/\/brasilnoticias.org\/site\/wp-json\/wp\/v2\/types\/post"}],"author":[{"embeddable":true,"href":"https:\/\/brasilnoticias.org\/site\/wp-json\/wp\/v2\/users\/4"}],"replies":[{"embeddable":true,"href":"https:\/\/brasilnoticias.org\/site\/wp-json\/wp\/v2\/comments?post=21924"}],"version-history":[{"count":1,"href":"https:\/\/brasilnoticias.org\/site\/wp-json\/wp\/v2\/posts\/21924\/revisions"}],"predecessor-version":[{"id":21926,"href":"https:\/\/brasilnoticias.org\/site\/wp-json\/wp\/v2\/posts\/21924\/revisions\/21926"}],"wp:featuredmedia":[{"embeddable":true,"href":"https:\/\/brasilnoticias.org\/site\/wp-json\/wp\/v2\/media\/21925"}],"wp:attachment":[{"href":"https:\/\/brasilnoticias.org\/site\/wp-json\/wp\/v2\/media?parent=21924"}],"wp:term":[{"taxonomy":"category","embeddable":true,"href":"https:\/\/brasilnoticias.org\/site\/wp-json\/wp\/v2\/categories?post=21924"},{"taxonomy":"post_tag","embeddable":true,"href":"https:\/\/brasilnoticias.org\/site\/wp-json\/wp\/v2\/tags?post=21924"}],"curies":[{"name":"wp","href":"https:\/\/api.w.org\/{rel}","templated":true}]}}