{"id":21927,"date":"2026-05-01T13:45:28","date_gmt":"2026-05-01T16:45:28","guid":{"rendered":"https:\/\/brasilnoticias.org\/site\/?p=21927"},"modified":"2026-05-01T13:45:28","modified_gmt":"2026-05-01T16:45:28","slug":"crianca-morre-e-mulher-fica-ferida-durante-confronto-no-engenho-velho-da-federacao","status":"publish","type":"post","link":"https:\/\/brasilnoticias.org\/site\/crianca-morre-e-mulher-fica-ferida-durante-confronto-no-engenho-velho-da-federacao\/","title":{"rendered":"Crian\u00e7a morre e mulher fica ferida durante confronto no Engenho Velho da Federa\u00e7\u00e3o"},"content":{"rendered":"<p data-start=\"256\" data-end=\"679\">Uma crian\u00e7a morreu e uma mulher ficou ferida ap\u00f3s serem atingidas por disparos de arma de fogo durante um confronto registrado na madrugada desta sexta-feira (1\u00ba), no bairro do <strong data-start=\"433\" data-end=\"463\">Engenho Velho da Federa\u00e7\u00e3o<\/strong>, em Salvador. A ocorr\u00eancia tamb\u00e9m terminou com suspeitos baleados durante a a\u00e7\u00e3o policial, aumentando a repercuss\u00e3o do caso e provocando forte como\u00e7\u00e3o entre moradores da regi\u00e3o.<\/p>\n<p data-start=\"681\" data-end=\"1026\">Segundo informa\u00e7\u00f5es iniciais, equipes da Pol\u00edcia Militar realizavam patrulhamento refor\u00e7ado na localidade conhecida como <strong data-start=\"802\" data-end=\"813\">Lajinha<\/strong>, ap\u00f3s den\u00fancias sobre a presen\u00e7a de homens armados, quando teriam sido recebidas a tiros. Houve revide e, em meio \u00e0 ocorr\u00eancia, o confronto se espalhou pela \u00e1rea residencial.<\/p>\n<h2 data-section-id=\"1i13x4i\" data-start=\"1028\" data-end=\"1061\">V\u00edtimas estavam dentro de casa<\/h2>\n<p data-start=\"1063\" data-end=\"1408\">De acordo com relatos divulgados pela imprensa local, a crian\u00e7a e a mulher estavam dentro de uma resid\u00eancia quando foram atingidas. Ambas chegaram a ser socorridas para uma unidade de sa\u00fade, mas a crian\u00e7a n\u00e3o resistiu aos ferimentos. A mulher passou por atendimento m\u00e9dico e segue sob cuidados hospitalares.<\/p>\n<p data-start=\"1410\" data-end=\"1656\">As circunst\u00e2ncias exatas de como os disparos atingiram as v\u00edtimas ainda s\u00e3o apuradas. H\u00e1 vers\u00f5es diferentes sobre a origem dos tiros, e a per\u00edcia bal\u00edstica dever\u00e1 ajudar a esclarecer a din\u00e2mica da ocorr\u00eancia.<\/p>\n<h2 data-section-id=\"1hsq6wi\" data-start=\"1658\" data-end=\"1701\">Suspeitos baleados e material apreendido<\/h2>\n<p data-start=\"1703\" data-end=\"1984\">Durante a a\u00e7\u00e3o, ao menos um suspeito morreu ap\u00f3s ser baleado, e outro homem foi preso. Segundo a Pol\u00edcia Militar, armas, muni\u00e7\u00f5es, drogas, dinheiro em esp\u00e9cie e celulares foram apreendidos durante a ocorr\u00eancia e encaminhados para investiga\u00e7\u00e3o.<\/p>\n<p data-start=\"1986\" data-end=\"2245\">A Pol\u00edcia Civil informou que o caso est\u00e1 sendo investigado pelo <strong data-start=\"2050\" data-end=\"2107\">Departamento de Homic\u00eddios e Prote\u00e7\u00e3o \u00e0 Pessoa (DHPP)<\/strong>, que j\u00e1 expediu guias de per\u00edcia e exames bal\u00edsticos para apurar a responsabilidade pelos disparos.<\/p>\n<h2 data-section-id=\"1z3b1n\" data-start=\"2247\" data-end=\"2281\">Caso provoca revolta e protesto<\/h2>\n<p data-start=\"2283\" data-end=\"2613\">A morte da crian\u00e7a gerou indigna\u00e7\u00e3o entre moradores e familiares, que realizaram manifesta\u00e7\u00f5es cobrando respostas sobre o ocorrido. O epis\u00f3dio reacende o debate sobre o impacto de confrontos armados em \u00e1reas urbanas e o risco enfrentado por moradores que acabam atingidos em meio \u00e0 viol\u00eancia.<\/p>\n<p data-start=\"2615\" data-end=\"2747\">As investiga\u00e7\u00f5es agora devem buscar esclarecer quem efetuou o disparo que matou a crian\u00e7a e se houve falhas na condu\u00e7\u00e3o da opera\u00e7\u00e3o.<\/p>\n","protected":false},"excerpt":{"rendered":"<p>Uma crian\u00e7a morreu e uma mulher ficou ferida ap\u00f3s serem atingidas por disparos de arma de fogo durante um confronto<\/p>\n","protected":false},"author":4,"featured_media":21928,"comment_status":"open","ping_status":"open","sticky":false,"template":"","format":"standard","meta":{"colormag_page_container_layout":"default_layout","colormag_page_sidebar_layout":"default_layout","_FSMCFIC_featured_image_caption":"","_FSMCFIC_featured_image_nocaption":"","_FSMCFIC_featured_image_hide":"","footnotes":""},"categories":[3,1],"tags":[],"class_list":["post-21927","post","type-post","status-publish","format-standard","has-post-thumbnail","hentry","category-policia","category-ultimas"],"yoast_head":"<!-- This site is optimized with the Yoast SEO plugin v27.1.1 - https:\/\/yoast.com\/product\/yoast-seo-wordpress\/ -->\n<title>Crian\u00e7a morre e mulher fica ferida durante confronto no Engenho Velho da Federa\u00e7\u00e3o - Brasil not\u00edcias<\/title>\n<meta name=\"robots\" content=\"index, follow, max-snippet:-1, max-image-preview:large, max-video-preview:-1\" \/>\n<link rel=\"canonical\" href=\"https:\/\/brasilnoticias.org\/site\/crianca-morre-e-mulher-fica-ferida-durante-confronto-no-engenho-velho-da-federacao\/\" \/>\n<meta property=\"og:locale\" content=\"pt_PT\" \/>\n<meta property=\"og:type\" content=\"article\" \/>\n<meta property=\"og:title\" content=\"Crian\u00e7a morre e mulher fica ferida durante confronto no Engenho Velho da Federa\u00e7\u00e3o - Brasil not\u00edcias\" \/>\n<meta property=\"og:description\" content=\"Uma crian\u00e7a morreu e uma mulher ficou ferida ap\u00f3s serem atingidas por disparos de arma de fogo durante um confronto\" \/>\n<meta property=\"og:url\" content=\"https:\/\/brasilnoticias.org\/site\/crianca-morre-e-mulher-fica-ferida-durante-confronto-no-engenho-velho-da-federacao\/\" \/>\n<meta property=\"og:site_name\" content=\"Brasil not\u00edcias\" \/>\n<meta property=\"article:published_time\" content=\"2026-05-01T16:45:28+00:00\" \/>\n<meta property=\"og:image\" content=\"https:\/\/brasilnoticias.org\/site\/wp-content\/uploads\/2026\/05\/IMAGEM_NOTICIA_9.webp\" \/>\n\t<meta property=\"og:image:width\" content=\"1200\" \/>\n\t<meta property=\"og:image:height\" content=\"630\" \/>\n\t<meta property=\"og:image:type\" content=\"image\/webp\" \/>\n<meta name=\"author\" content=\"Reda\u00e7\u00e3o\" \/>\n<meta name=\"twitter:card\" content=\"summary_large_image\" \/>\n<meta name=\"twitter:label1\" content=\"Escrito por\" \/>\n\t<meta name=\"twitter:data1\" content=\"Reda\u00e7\u00e3o\" \/>\n\t<meta name=\"twitter:label2\" content=\"Tempo estimado de leitura\" \/>\n\t<meta name=\"twitter:data2\" content=\"3 minutos\" \/>\n<script type=\"application\/ld+json\" class=\"yoast-schema-graph\">{\"@context\":\"https:\/\/schema.org\",\"@graph\":[{\"@type\":\"Article\",\"@id\":\"https:\/\/brasilnoticias.org\/site\/crianca-morre-e-mulher-fica-ferida-durante-confronto-no-engenho-velho-da-federacao\/#article\",\"isPartOf\":{\"@id\":\"https:\/\/brasilnoticias.org\/site\/crianca-morre-e-mulher-fica-ferida-durante-confronto-no-engenho-velho-da-federacao\/\"},\"author\":{\"name\":\"Reda\u00e7\u00e3o\",\"@id\":\"https:\/\/brasilnoticias.org\/site\/#\/schema\/person\/03bbbfe6c7634ad18c26444ea39049fa\"},\"headline\":\"Crian\u00e7a morre e mulher fica ferida durante confronto no Engenho Velho da Federa\u00e7\u00e3o\",\"datePublished\":\"2026-05-01T16:45:28+00:00\",\"mainEntityOfPage\":{\"@id\":\"https:\/\/brasilnoticias.org\/site\/crianca-morre-e-mulher-fica-ferida-durante-confronto-no-engenho-velho-da-federacao\/\"},\"wordCount\":400,\"commentCount\":0,\"publisher\":{\"@id\":\"https:\/\/brasilnoticias.org\/site\/#organization\"},\"image\":{\"@id\":\"https:\/\/brasilnoticias.org\/site\/crianca-morre-e-mulher-fica-ferida-durante-confronto-no-engenho-velho-da-federacao\/#primaryimage\"},\"thumbnailUrl\":\"https:\/\/brasilnoticias.org\/site\/wp-content\/uploads\/2026\/05\/IMAGEM_NOTICIA_9.webp\",\"articleSection\":[\"Pol\u00edcia\",\"\u00daltimas\"],\"inLanguage\":\"pt-PT\",\"potentialAction\":[{\"@type\":\"CommentAction\",\"name\":\"Comment\",\"target\":[\"https:\/\/brasilnoticias.org\/site\/crianca-morre-e-mulher-fica-ferida-durante-confronto-no-engenho-velho-da-federacao\/#respond\"]}]},{\"@type\":\"WebPage\",\"@id\":\"https:\/\/brasilnoticias.org\/site\/crianca-morre-e-mulher-fica-ferida-durante-confronto-no-engenho-velho-da-federacao\/\",\"url\":\"https:\/\/brasilnoticias.org\/site\/crianca-morre-e-mulher-fica-ferida-durante-confronto-no-engenho-velho-da-federacao\/\",\"name\":\"Crian\u00e7a morre e mulher fica ferida durante confronto no Engenho Velho da Federa\u00e7\u00e3o - Brasil not\u00edcias\",\"isPartOf\":{\"@id\":\"https:\/\/brasilnoticias.org\/site\/#website\"},\"primaryImageOfPage\":{\"@id\":\"https:\/\/brasilnoticias.org\/site\/crianca-morre-e-mulher-fica-ferida-durante-confronto-no-engenho-velho-da-federacao\/#primaryimage\"},\"image\":{\"@id\":\"https:\/\/brasilnoticias.org\/site\/crianca-morre-e-mulher-fica-ferida-durante-confronto-no-engenho-velho-da-federacao\/#primaryimage\"},\"thumbnailUrl\":\"https:\/\/brasilnoticias.org\/site\/wp-content\/uploads\/2026\/05\/IMAGEM_NOTICIA_9.webp\",\"datePublished\":\"2026-05-01T16:45:28+00:00\",\"breadcrumb\":{\"@id\":\"https:\/\/brasilnoticias.org\/site\/crianca-morre-e-mulher-fica-ferida-durante-confronto-no-engenho-velho-da-federacao\/#breadcrumb\"},\"inLanguage\":\"pt-PT\",\"potentialAction\":[{\"@type\":\"ReadAction\",\"target\":[\"https:\/\/brasilnoticias.org\/site\/crianca-morre-e-mulher-fica-ferida-durante-confronto-no-engenho-velho-da-federacao\/\"]}]},{\"@type\":\"ImageObject\",\"inLanguage\":\"pt-PT\",\"@id\":\"https:\/\/brasilnoticias.org\/site\/crianca-morre-e-mulher-fica-ferida-durante-confronto-no-engenho-velho-da-federacao\/#primaryimage\",\"url\":\"https:\/\/brasilnoticias.org\/site\/wp-content\/uploads\/2026\/05\/IMAGEM_NOTICIA_9.webp\",\"contentUrl\":\"https:\/\/brasilnoticias.org\/site\/wp-content\/uploads\/2026\/05\/IMAGEM_NOTICIA_9.webp\",\"width\":1200,\"height\":630,\"caption\":\"Reprodu\u00e7\u00e3o \/ Redes Sociais\"},{\"@type\":\"BreadcrumbList\",\"@id\":\"https:\/\/brasilnoticias.org\/site\/crianca-morre-e-mulher-fica-ferida-durante-confronto-no-engenho-velho-da-federacao\/#breadcrumb\",\"itemListElement\":[{\"@type\":\"ListItem\",\"position\":1,\"name\":\"In\u00edcio\",\"item\":\"https:\/\/brasilnoticias.org\/site\/\"},{\"@type\":\"ListItem\",\"position\":2,\"name\":\"Crian\u00e7a morre e mulher fica ferida durante confronto no Engenho Velho da Federa\u00e7\u00e3o\"}]},{\"@type\":\"WebSite\",\"@id\":\"https:\/\/brasilnoticias.org\/site\/#website\",\"url\":\"https:\/\/brasilnoticias.org\/site\/\",\"name\":\"Brasil not\u00edcias\",\"description\":\"Brasil not\u00edcias\",\"publisher\":{\"@id\":\"https:\/\/brasilnoticias.org\/site\/#organization\"},\"potentialAction\":[{\"@type\":\"SearchAction\",\"target\":{\"@type\":\"EntryPoint\",\"urlTemplate\":\"https:\/\/brasilnoticias.org\/site\/?s={search_term_string}\"},\"query-input\":{\"@type\":\"PropertyValueSpecification\",\"valueRequired\":true,\"valueName\":\"search_term_string\"}}],\"inLanguage\":\"pt-PT\"},{\"@type\":\"Organization\",\"@id\":\"https:\/\/brasilnoticias.org\/site\/#organization\",\"name\":\"Brasil not\u00edcias\",\"url\":\"https:\/\/brasilnoticias.org\/site\/\",\"logo\":{\"@type\":\"ImageObject\",\"inLanguage\":\"pt-PT\",\"@id\":\"https:\/\/brasilnoticias.org\/site\/#\/schema\/logo\/image\/\",\"url\":\"https:\/\/brasilnoticias.org\/site\/wp-content\/uploads\/2022\/05\/cropped-brasilnoticias-mini.jpg\",\"contentUrl\":\"https:\/\/brasilnoticias.org\/site\/wp-content\/uploads\/2022\/05\/cropped-brasilnoticias-mini.jpg\",\"width\":314,\"height\":86,\"caption\":\"Brasil not\u00edcias\"},\"image\":{\"@id\":\"https:\/\/brasilnoticias.org\/site\/#\/schema\/logo\/image\/\"}},{\"@type\":\"Person\",\"@id\":\"https:\/\/brasilnoticias.org\/site\/#\/schema\/person\/03bbbfe6c7634ad18c26444ea39049fa\",\"name\":\"Reda\u00e7\u00e3o\",\"image\":{\"@type\":\"ImageObject\",\"inLanguage\":\"pt-PT\",\"@id\":\"https:\/\/brasilnoticias.org\/site\/#\/schema\/person\/image\/\",\"url\":\"https:\/\/secure.gravatar.com\/avatar\/9ecaf7327a696cb23ad926fedded5f1f04d7049de9e445375d55b48c001a6e42?s=96&d=mm&r=g\",\"contentUrl\":\"https:\/\/secure.gravatar.com\/avatar\/9ecaf7327a696cb23ad926fedded5f1f04d7049de9e445375d55b48c001a6e42?s=96&d=mm&r=g\",\"caption\":\"Reda\u00e7\u00e3o\"},\"url\":\"https:\/\/brasilnoticias.org\/site\/author\/henrique\/\"}]}<\/script>\n<!-- \/ Yoast SEO plugin. -->","yoast_head_json":{"title":"Crian\u00e7a morre e mulher fica ferida durante confronto no Engenho Velho da Federa\u00e7\u00e3o - Brasil not\u00edcias","robots":{"index":"index","follow":"follow","max-snippet":"max-snippet:-1","max-image-preview":"max-image-preview:large","max-video-preview":"max-video-preview:-1"},"canonical":"https:\/\/brasilnoticias.org\/site\/crianca-morre-e-mulher-fica-ferida-durante-confronto-no-engenho-velho-da-federacao\/","og_locale":"pt_PT","og_type":"article","og_title":"Crian\u00e7a morre e mulher fica ferida durante confronto no Engenho Velho da Federa\u00e7\u00e3o - Brasil not\u00edcias","og_description":"Uma crian\u00e7a morreu e uma mulher ficou ferida ap\u00f3s serem atingidas por disparos de arma de fogo durante um confronto","og_url":"https:\/\/brasilnoticias.org\/site\/crianca-morre-e-mulher-fica-ferida-durante-confronto-no-engenho-velho-da-federacao\/","og_site_name":"Brasil not\u00edcias","article_published_time":"2026-05-01T16:45:28+00:00","og_image":[{"width":1200,"height":630,"url":"https:\/\/brasilnoticias.org\/site\/wp-content\/uploads\/2026\/05\/IMAGEM_NOTICIA_9.webp","type":"image\/webp"}],"author":"Reda\u00e7\u00e3o","twitter_card":"summary_large_image","twitter_misc":{"Escrito por":"Reda\u00e7\u00e3o","Tempo estimado de leitura":"3 minutos"},"schema":{"@context":"https:\/\/schema.org","@graph":[{"@type":"Article","@id":"https:\/\/brasilnoticias.org\/site\/crianca-morre-e-mulher-fica-ferida-durante-confronto-no-engenho-velho-da-federacao\/#article","isPartOf":{"@id":"https:\/\/brasilnoticias.org\/site\/crianca-morre-e-mulher-fica-ferida-durante-confronto-no-engenho-velho-da-federacao\/"},"author":{"name":"Reda\u00e7\u00e3o","@id":"https:\/\/brasilnoticias.org\/site\/#\/schema\/person\/03bbbfe6c7634ad18c26444ea39049fa"},"headline":"Crian\u00e7a morre e mulher fica ferida durante confronto no Engenho Velho da Federa\u00e7\u00e3o","datePublished":"2026-05-01T16:45:28+00:00","mainEntityOfPage":{"@id":"https:\/\/brasilnoticias.org\/site\/crianca-morre-e-mulher-fica-ferida-durante-confronto-no-engenho-velho-da-federacao\/"},"wordCount":400,"commentCount":0,"publisher":{"@id":"https:\/\/brasilnoticias.org\/site\/#organization"},"image":{"@id":"https:\/\/brasilnoticias.org\/site\/crianca-morre-e-mulher-fica-ferida-durante-confronto-no-engenho-velho-da-federacao\/#primaryimage"},"thumbnailUrl":"https:\/\/brasilnoticias.org\/site\/wp-content\/uploads\/2026\/05\/IMAGEM_NOTICIA_9.webp","articleSection":["Pol\u00edcia","\u00daltimas"],"inLanguage":"pt-PT","potentialAction":[{"@type":"CommentAction","name":"Comment","target":["https:\/\/brasilnoticias.org\/site\/crianca-morre-e-mulher-fica-ferida-durante-confronto-no-engenho-velho-da-federacao\/#respond"]}]},{"@type":"WebPage","@id":"https:\/\/brasilnoticias.org\/site\/crianca-morre-e-mulher-fica-ferida-durante-confronto-no-engenho-velho-da-federacao\/","url":"https:\/\/brasilnoticias.org\/site\/crianca-morre-e-mulher-fica-ferida-durante-confronto-no-engenho-velho-da-federacao\/","name":"Crian\u00e7a morre e mulher fica ferida durante confronto no Engenho Velho da Federa\u00e7\u00e3o - Brasil not\u00edcias","isPartOf":{"@id":"https:\/\/brasilnoticias.org\/site\/#website"},"primaryImageOfPage":{"@id":"https:\/\/brasilnoticias.org\/site\/crianca-morre-e-mulher-fica-ferida-durante-confronto-no-engenho-velho-da-federacao\/#primaryimage"},"image":{"@id":"https:\/\/brasilnoticias.org\/site\/crianca-morre-e-mulher-fica-ferida-durante-confronto-no-engenho-velho-da-federacao\/#primaryimage"},"thumbnailUrl":"https:\/\/brasilnoticias.org\/site\/wp-content\/uploads\/2026\/05\/IMAGEM_NOTICIA_9.webp","datePublished":"2026-05-01T16:45:28+00:00","breadcrumb":{"@id":"https:\/\/brasilnoticias.org\/site\/crianca-morre-e-mulher-fica-ferida-durante-confronto-no-engenho-velho-da-federacao\/#breadcrumb"},"inLanguage":"pt-PT","potentialAction":[{"@type":"ReadAction","target":["https:\/\/brasilnoticias.org\/site\/crianca-morre-e-mulher-fica-ferida-durante-confronto-no-engenho-velho-da-federacao\/"]}]},{"@type":"ImageObject","inLanguage":"pt-PT","@id":"https:\/\/brasilnoticias.org\/site\/crianca-morre-e-mulher-fica-ferida-durante-confronto-no-engenho-velho-da-federacao\/#primaryimage","url":"https:\/\/brasilnoticias.org\/site\/wp-content\/uploads\/2026\/05\/IMAGEM_NOTICIA_9.webp","contentUrl":"https:\/\/brasilnoticias.org\/site\/wp-content\/uploads\/2026\/05\/IMAGEM_NOTICIA_9.webp","width":1200,"height":630,"caption":"Reprodu\u00e7\u00e3o \/ Redes Sociais"},{"@type":"BreadcrumbList","@id":"https:\/\/brasilnoticias.org\/site\/crianca-morre-e-mulher-fica-ferida-durante-confronto-no-engenho-velho-da-federacao\/#breadcrumb","itemListElement":[{"@type":"ListItem","position":1,"name":"In\u00edcio","item":"https:\/\/brasilnoticias.org\/site\/"},{"@type":"ListItem","position":2,"name":"Crian\u00e7a morre e mulher fica ferida durante confronto no Engenho Velho da Federa\u00e7\u00e3o"}]},{"@type":"WebSite","@id":"https:\/\/brasilnoticias.org\/site\/#website","url":"https:\/\/brasilnoticias.org\/site\/","name":"Brasil not\u00edcias","description":"Brasil not\u00edcias","publisher":{"@id":"https:\/\/brasilnoticias.org\/site\/#organization"},"potentialAction":[{"@type":"SearchAction","target":{"@type":"EntryPoint","urlTemplate":"https:\/\/brasilnoticias.org\/site\/?s={search_term_string}"},"query-input":{"@type":"PropertyValueSpecification","valueRequired":true,"valueName":"search_term_string"}}],"inLanguage":"pt-PT"},{"@type":"Organization","@id":"https:\/\/brasilnoticias.org\/site\/#organization","name":"Brasil not\u00edcias","url":"https:\/\/brasilnoticias.org\/site\/","logo":{"@type":"ImageObject","inLanguage":"pt-PT","@id":"https:\/\/brasilnoticias.org\/site\/#\/schema\/logo\/image\/","url":"https:\/\/brasilnoticias.org\/site\/wp-content\/uploads\/2022\/05\/cropped-brasilnoticias-mini.jpg","contentUrl":"https:\/\/brasilnoticias.org\/site\/wp-content\/uploads\/2022\/05\/cropped-brasilnoticias-mini.jpg","width":314,"height":86,"caption":"Brasil not\u00edcias"},"image":{"@id":"https:\/\/brasilnoticias.org\/site\/#\/schema\/logo\/image\/"}},{"@type":"Person","@id":"https:\/\/brasilnoticias.org\/site\/#\/schema\/person\/03bbbfe6c7634ad18c26444ea39049fa","name":"Reda\u00e7\u00e3o","image":{"@type":"ImageObject","inLanguage":"pt-PT","@id":"https:\/\/brasilnoticias.org\/site\/#\/schema\/person\/image\/","url":"https:\/\/secure.gravatar.com\/avatar\/9ecaf7327a696cb23ad926fedded5f1f04d7049de9e445375d55b48c001a6e42?s=96&d=mm&r=g","contentUrl":"https:\/\/secure.gravatar.com\/avatar\/9ecaf7327a696cb23ad926fedded5f1f04d7049de9e445375d55b48c001a6e42?s=96&d=mm&r=g","caption":"Reda\u00e7\u00e3o"},"url":"https:\/\/brasilnoticias.org\/site\/author\/henrique\/"}]}},"_links":{"self":[{"href":"https:\/\/brasilnoticias.org\/site\/wp-json\/wp\/v2\/posts\/21927","targetHints":{"allow":["GET"]}}],"collection":[{"href":"https:\/\/brasilnoticias.org\/site\/wp-json\/wp\/v2\/posts"}],"about":[{"href":"https:\/\/brasilnoticias.org\/site\/wp-json\/wp\/v2\/types\/post"}],"author":[{"embeddable":true,"href":"https:\/\/brasilnoticias.org\/site\/wp-json\/wp\/v2\/users\/4"}],"replies":[{"embeddable":true,"href":"https:\/\/brasilnoticias.org\/site\/wp-json\/wp\/v2\/comments?post=21927"}],"version-history":[{"count":1,"href":"https:\/\/brasilnoticias.org\/site\/wp-json\/wp\/v2\/posts\/21927\/revisions"}],"predecessor-version":[{"id":21929,"href":"https:\/\/brasilnoticias.org\/site\/wp-json\/wp\/v2\/posts\/21927\/revisions\/21929"}],"wp:featuredmedia":[{"embeddable":true,"href":"https:\/\/brasilnoticias.org\/site\/wp-json\/wp\/v2\/media\/21928"}],"wp:attachment":[{"href":"https:\/\/brasilnoticias.org\/site\/wp-json\/wp\/v2\/media?parent=21927"}],"wp:term":[{"taxonomy":"category","embeddable":true,"href":"https:\/\/brasilnoticias.org\/site\/wp-json\/wp\/v2\/categories?post=21927"},{"taxonomy":"post_tag","embeddable":true,"href":"https:\/\/brasilnoticias.org\/site\/wp-json\/wp\/v2\/tags?post=21927"}],"curies":[{"name":"wp","href":"https:\/\/api.w.org\/{rel}","templated":true}]}}