{"id":21930,"date":"2026-05-01T13:51:10","date_gmt":"2026-05-01T16:51:10","guid":{"rendered":"https:\/\/brasilnoticias.org\/site\/?p=21930"},"modified":"2026-05-01T13:51:10","modified_gmt":"2026-05-01T16:51:10","slug":"ex-diretora-de-presidio-divulga-teste-de-dna-e-aponta-resultado-positivo-em-caso-envolvendo-uldurico-jr","status":"publish","type":"post","link":"https:\/\/brasilnoticias.org\/site\/ex-diretora-de-presidio-divulga-teste-de-dna-e-aponta-resultado-positivo-em-caso-envolvendo-uldurico-jr\/","title":{"rendered":"Ex-diretora de pres\u00eddio divulga teste de DNA e aponta resultado positivo em caso envolvendo Uldurico Jr."},"content":{"rendered":"<p data-start=\"311\" data-end=\"864\">A ex-diretora do Conjunto Penal de Eun\u00e1polis, <strong data-start=\"357\" data-end=\"374\">Joneuma Neres<\/strong>, divulgou nas redes sociais documentos relacionados a um teste de DNA que, segundo ela, confirmou a paternidade de uma crian\u00e7a atribu\u00edda ao ex-deputado federal <strong data-start=\"535\" data-end=\"576\"><span class=\"hover:entity-accent entity-underline inline cursor-pointer align-baseline\"><span class=\"whitespace-normal\">Uldurico J\u00fanior<\/span><\/span><\/strong>. A publica\u00e7\u00e3o ocorre em meio \u00e0 repercuss\u00e3o de uma dela\u00e7\u00e3o premiada firmada por Joneuma junto ao Minist\u00e9rio P\u00fablico da Bahia, que colocou ambos no centro de investiga\u00e7\u00f5es sobre a fuga de 16 detentos da unidade prisional, ocorrida em dezembro de 2024.<\/p>\n<p data-start=\"866\" data-end=\"1295\">Segundo a ex-diretora, o exame foi realizado ap\u00f3s solicita\u00e7\u00e3o da pr\u00f3pria defesa do ex-parlamentar e apontou <strong data-start=\"974\" data-end=\"1013\">resultado positivo para paternidade<\/strong>. A crian\u00e7a, hoje com nove meses, nasceu enquanto Joneuma ainda estava vinculada ao sistema prisional baiano. Em publica\u00e7\u00e3o nas redes sociais, ela afirmou ainda que, apesar da confirma\u00e7\u00e3o, <strong data-start=\"1202\" data-end=\"1256\">a beb\u00ea ainda n\u00e3o teria recebido pens\u00e3o aliment\u00edcia<\/strong>.<\/p>\n<h2 data-section-id=\"4ri1yl\" data-start=\"1297\" data-end=\"1339\">Caso ganhou for\u00e7a ap\u00f3s dela\u00e7\u00e3o premiada<\/h2>\n<p data-start=\"1341\" data-end=\"1705\">O epis\u00f3dio veio \u00e0 tona ap\u00f3s trechos da colabora\u00e7\u00e3o premiada de Joneuma se tornarem p\u00fablicos. No depoimento, ela detalha um suposto esquema que teria envolvido facilita\u00e7\u00e3o da fuga em massa no Conjunto Penal de Eun\u00e1polis, al\u00e9m de citar a rela\u00e7\u00e3o pessoal que manteve com Uldurico Jr. durante o per\u00edodo em que comandava a unidade.<\/p>\n<p data-start=\"1707\" data-end=\"2053\">De acordo com o relato, a ex-diretora sustenta h\u00e1 meses que o ex-deputado \u00e9 o pai da crian\u00e7a. Antes da divulga\u00e7\u00e3o do exame, havia controv\u00e9rsia sobre a paternidade, com vers\u00f5es divergentes envolvendo o caso. A apresenta\u00e7\u00e3o do resultado do DNA agora adiciona um novo elemento \u00e0 repercuss\u00e3o p\u00fablica do epis\u00f3dio.<\/p>\n<h2 data-section-id=\"ozv0um\" data-start=\"2055\" data-end=\"2091\">Investiga\u00e7\u00f5es seguem em andamento<\/h2>\n<p data-start=\"2093\" data-end=\"2458\">Embora a divulga\u00e7\u00e3o do teste tenha ampliado a repercuss\u00e3o do caso, o foco principal das investiga\u00e7\u00f5es continua sendo as den\u00fancias relacionadas \u00e0 fuga dos detentos e \u00e0s supostas articula\u00e7\u00f5es criminosas dentro da unidade prisional. Autoridades seguem analisando depoimentos, documentos e provas reunidas no curso da investiga\u00e7\u00e3o.<\/p>\n<p data-start=\"2460\" data-end=\"2636\">O caso ganhou grande aten\u00e7\u00e3o na Bahia por misturar <strong data-start=\"2511\" data-end=\"2566\">pol\u00edtica, sistema prisional e investiga\u00e7\u00e3o criminal<\/strong>, tornando-se um dos epis\u00f3dios de maior repercuss\u00e3o recente no estado.<\/p>\n","protected":false},"excerpt":{"rendered":"<p>A ex-diretora do Conjunto Penal de Eun\u00e1polis, Joneuma Neres, divulgou nas redes sociais documentos relacionados a um teste de DNA<\/p>\n","protected":false},"author":4,"featured_media":21931,"comment_status":"open","ping_status":"open","sticky":false,"template":"","format":"standard","meta":{"colormag_page_container_layout":"default_layout","colormag_page_sidebar_layout":"default_layout","_FSMCFIC_featured_image_caption":"","_FSMCFIC_featured_image_nocaption":"","_FSMCFIC_featured_image_hide":"","footnotes":""},"categories":[3,1],"tags":[],"class_list":["post-21930","post","type-post","status-publish","format-standard","has-post-thumbnail","hentry","category-policia","category-ultimas"],"yoast_head":"<!-- This site is optimized with the Yoast SEO plugin v27.1.1 - https:\/\/yoast.com\/product\/yoast-seo-wordpress\/ -->\n<title>Ex-diretora de pres\u00eddio divulga teste de DNA e aponta resultado positivo em caso envolvendo Uldurico Jr. - Brasil not\u00edcias<\/title>\n<meta name=\"robots\" content=\"index, follow, max-snippet:-1, max-image-preview:large, max-video-preview:-1\" \/>\n<link rel=\"canonical\" href=\"https:\/\/brasilnoticias.org\/site\/ex-diretora-de-presidio-divulga-teste-de-dna-e-aponta-resultado-positivo-em-caso-envolvendo-uldurico-jr\/\" \/>\n<meta property=\"og:locale\" content=\"pt_PT\" \/>\n<meta property=\"og:type\" content=\"article\" \/>\n<meta property=\"og:title\" content=\"Ex-diretora de pres\u00eddio divulga teste de DNA e aponta resultado positivo em caso envolvendo Uldurico Jr. - Brasil not\u00edcias\" \/>\n<meta property=\"og:description\" content=\"A ex-diretora do Conjunto Penal de Eun\u00e1polis, Joneuma Neres, divulgou nas redes sociais documentos relacionados a um teste de DNA\" \/>\n<meta property=\"og:url\" content=\"https:\/\/brasilnoticias.org\/site\/ex-diretora-de-presidio-divulga-teste-de-dna-e-aponta-resultado-positivo-em-caso-envolvendo-uldurico-jr\/\" \/>\n<meta property=\"og:site_name\" content=\"Brasil not\u00edcias\" \/>\n<meta property=\"article:published_time\" content=\"2026-05-01T16:51:10+00:00\" \/>\n<meta property=\"og:image\" content=\"https:\/\/brasilnoticias.org\/site\/wp-content\/uploads\/2026\/05\/IMAGEM_NOTICIA_9-1.webp\" \/>\n\t<meta property=\"og:image:width\" content=\"1200\" \/>\n\t<meta property=\"og:image:height\" content=\"630\" \/>\n\t<meta property=\"og:image:type\" content=\"image\/webp\" \/>\n<meta name=\"author\" content=\"Reda\u00e7\u00e3o\" \/>\n<meta name=\"twitter:card\" content=\"summary_large_image\" \/>\n<meta name=\"twitter:label1\" content=\"Escrito por\" \/>\n\t<meta name=\"twitter:data1\" content=\"Reda\u00e7\u00e3o\" \/>\n\t<meta name=\"twitter:label2\" content=\"Tempo estimado de leitura\" \/>\n\t<meta name=\"twitter:data2\" content=\"2 minutos\" \/>\n<script type=\"application\/ld+json\" class=\"yoast-schema-graph\">{\"@context\":\"https:\/\/schema.org\",\"@graph\":[{\"@type\":\"Article\",\"@id\":\"https:\/\/brasilnoticias.org\/site\/ex-diretora-de-presidio-divulga-teste-de-dna-e-aponta-resultado-positivo-em-caso-envolvendo-uldurico-jr\/#article\",\"isPartOf\":{\"@id\":\"https:\/\/brasilnoticias.org\/site\/ex-diretora-de-presidio-divulga-teste-de-dna-e-aponta-resultado-positivo-em-caso-envolvendo-uldurico-jr\/\"},\"author\":{\"name\":\"Reda\u00e7\u00e3o\",\"@id\":\"https:\/\/brasilnoticias.org\/site\/#\/schema\/person\/03bbbfe6c7634ad18c26444ea39049fa\"},\"headline\":\"Ex-diretora de pres\u00eddio divulga teste de DNA e aponta resultado positivo em caso envolvendo Uldurico Jr.\",\"datePublished\":\"2026-05-01T16:51:10+00:00\",\"mainEntityOfPage\":{\"@id\":\"https:\/\/brasilnoticias.org\/site\/ex-diretora-de-presidio-divulga-teste-de-dna-e-aponta-resultado-positivo-em-caso-envolvendo-uldurico-jr\/\"},\"wordCount\":378,\"commentCount\":0,\"publisher\":{\"@id\":\"https:\/\/brasilnoticias.org\/site\/#organization\"},\"image\":{\"@id\":\"https:\/\/brasilnoticias.org\/site\/ex-diretora-de-presidio-divulga-teste-de-dna-e-aponta-resultado-positivo-em-caso-envolvendo-uldurico-jr\/#primaryimage\"},\"thumbnailUrl\":\"https:\/\/brasilnoticias.org\/site\/wp-content\/uploads\/2026\/05\/IMAGEM_NOTICIA_9-1.webp\",\"articleSection\":[\"Pol\u00edcia\",\"\u00daltimas\"],\"inLanguage\":\"pt-PT\",\"potentialAction\":[{\"@type\":\"CommentAction\",\"name\":\"Comment\",\"target\":[\"https:\/\/brasilnoticias.org\/site\/ex-diretora-de-presidio-divulga-teste-de-dna-e-aponta-resultado-positivo-em-caso-envolvendo-uldurico-jr\/#respond\"]}]},{\"@type\":\"WebPage\",\"@id\":\"https:\/\/brasilnoticias.org\/site\/ex-diretora-de-presidio-divulga-teste-de-dna-e-aponta-resultado-positivo-em-caso-envolvendo-uldurico-jr\/\",\"url\":\"https:\/\/brasilnoticias.org\/site\/ex-diretora-de-presidio-divulga-teste-de-dna-e-aponta-resultado-positivo-em-caso-envolvendo-uldurico-jr\/\",\"name\":\"Ex-diretora de pres\u00eddio divulga teste de DNA e aponta resultado positivo em caso envolvendo Uldurico Jr. - Brasil not\u00edcias\",\"isPartOf\":{\"@id\":\"https:\/\/brasilnoticias.org\/site\/#website\"},\"primaryImageOfPage\":{\"@id\":\"https:\/\/brasilnoticias.org\/site\/ex-diretora-de-presidio-divulga-teste-de-dna-e-aponta-resultado-positivo-em-caso-envolvendo-uldurico-jr\/#primaryimage\"},\"image\":{\"@id\":\"https:\/\/brasilnoticias.org\/site\/ex-diretora-de-presidio-divulga-teste-de-dna-e-aponta-resultado-positivo-em-caso-envolvendo-uldurico-jr\/#primaryimage\"},\"thumbnailUrl\":\"https:\/\/brasilnoticias.org\/site\/wp-content\/uploads\/2026\/05\/IMAGEM_NOTICIA_9-1.webp\",\"datePublished\":\"2026-05-01T16:51:10+00:00\",\"breadcrumb\":{\"@id\":\"https:\/\/brasilnoticias.org\/site\/ex-diretora-de-presidio-divulga-teste-de-dna-e-aponta-resultado-positivo-em-caso-envolvendo-uldurico-jr\/#breadcrumb\"},\"inLanguage\":\"pt-PT\",\"potentialAction\":[{\"@type\":\"ReadAction\",\"target\":[\"https:\/\/brasilnoticias.org\/site\/ex-diretora-de-presidio-divulga-teste-de-dna-e-aponta-resultado-positivo-em-caso-envolvendo-uldurico-jr\/\"]}]},{\"@type\":\"ImageObject\",\"inLanguage\":\"pt-PT\",\"@id\":\"https:\/\/brasilnoticias.org\/site\/ex-diretora-de-presidio-divulga-teste-de-dna-e-aponta-resultado-positivo-em-caso-envolvendo-uldurico-jr\/#primaryimage\",\"url\":\"https:\/\/brasilnoticias.org\/site\/wp-content\/uploads\/2026\/05\/IMAGEM_NOTICIA_9-1.webp\",\"contentUrl\":\"https:\/\/brasilnoticias.org\/site\/wp-content\/uploads\/2026\/05\/IMAGEM_NOTICIA_9-1.webp\",\"width\":1200,\"height\":630,\"caption\":\"Foto: Reprodu\u00e7\u00e3o \/ Redes sociais \/ C\u00e2mara dos Deputados\"},{\"@type\":\"BreadcrumbList\",\"@id\":\"https:\/\/brasilnoticias.org\/site\/ex-diretora-de-presidio-divulga-teste-de-dna-e-aponta-resultado-positivo-em-caso-envolvendo-uldurico-jr\/#breadcrumb\",\"itemListElement\":[{\"@type\":\"ListItem\",\"position\":1,\"name\":\"In\u00edcio\",\"item\":\"https:\/\/brasilnoticias.org\/site\/\"},{\"@type\":\"ListItem\",\"position\":2,\"name\":\"Ex-diretora de pres\u00eddio divulga teste de DNA e aponta resultado positivo em caso envolvendo Uldurico Jr.\"}]},{\"@type\":\"WebSite\",\"@id\":\"https:\/\/brasilnoticias.org\/site\/#website\",\"url\":\"https:\/\/brasilnoticias.org\/site\/\",\"name\":\"Brasil not\u00edcias\",\"description\":\"Brasil not\u00edcias\",\"publisher\":{\"@id\":\"https:\/\/brasilnoticias.org\/site\/#organization\"},\"potentialAction\":[{\"@type\":\"SearchAction\",\"target\":{\"@type\":\"EntryPoint\",\"urlTemplate\":\"https:\/\/brasilnoticias.org\/site\/?s={search_term_string}\"},\"query-input\":{\"@type\":\"PropertyValueSpecification\",\"valueRequired\":true,\"valueName\":\"search_term_string\"}}],\"inLanguage\":\"pt-PT\"},{\"@type\":\"Organization\",\"@id\":\"https:\/\/brasilnoticias.org\/site\/#organization\",\"name\":\"Brasil not\u00edcias\",\"url\":\"https:\/\/brasilnoticias.org\/site\/\",\"logo\":{\"@type\":\"ImageObject\",\"inLanguage\":\"pt-PT\",\"@id\":\"https:\/\/brasilnoticias.org\/site\/#\/schema\/logo\/image\/\",\"url\":\"https:\/\/brasilnoticias.org\/site\/wp-content\/uploads\/2022\/05\/cropped-brasilnoticias-mini.jpg\",\"contentUrl\":\"https:\/\/brasilnoticias.org\/site\/wp-content\/uploads\/2022\/05\/cropped-brasilnoticias-mini.jpg\",\"width\":314,\"height\":86,\"caption\":\"Brasil not\u00edcias\"},\"image\":{\"@id\":\"https:\/\/brasilnoticias.org\/site\/#\/schema\/logo\/image\/\"}},{\"@type\":\"Person\",\"@id\":\"https:\/\/brasilnoticias.org\/site\/#\/schema\/person\/03bbbfe6c7634ad18c26444ea39049fa\",\"name\":\"Reda\u00e7\u00e3o\",\"image\":{\"@type\":\"ImageObject\",\"inLanguage\":\"pt-PT\",\"@id\":\"https:\/\/brasilnoticias.org\/site\/#\/schema\/person\/image\/\",\"url\":\"https:\/\/secure.gravatar.com\/avatar\/9ecaf7327a696cb23ad926fedded5f1f04d7049de9e445375d55b48c001a6e42?s=96&d=mm&r=g\",\"contentUrl\":\"https:\/\/secure.gravatar.com\/avatar\/9ecaf7327a696cb23ad926fedded5f1f04d7049de9e445375d55b48c001a6e42?s=96&d=mm&r=g\",\"caption\":\"Reda\u00e7\u00e3o\"},\"url\":\"https:\/\/brasilnoticias.org\/site\/author\/henrique\/\"}]}<\/script>\n<!-- \/ Yoast SEO plugin. -->","yoast_head_json":{"title":"Ex-diretora de pres\u00eddio divulga teste de DNA e aponta resultado positivo em caso envolvendo Uldurico Jr. - Brasil not\u00edcias","robots":{"index":"index","follow":"follow","max-snippet":"max-snippet:-1","max-image-preview":"max-image-preview:large","max-video-preview":"max-video-preview:-1"},"canonical":"https:\/\/brasilnoticias.org\/site\/ex-diretora-de-presidio-divulga-teste-de-dna-e-aponta-resultado-positivo-em-caso-envolvendo-uldurico-jr\/","og_locale":"pt_PT","og_type":"article","og_title":"Ex-diretora de pres\u00eddio divulga teste de DNA e aponta resultado positivo em caso envolvendo Uldurico Jr. - Brasil not\u00edcias","og_description":"A ex-diretora do Conjunto Penal de Eun\u00e1polis, Joneuma Neres, divulgou nas redes sociais documentos relacionados a um teste de DNA","og_url":"https:\/\/brasilnoticias.org\/site\/ex-diretora-de-presidio-divulga-teste-de-dna-e-aponta-resultado-positivo-em-caso-envolvendo-uldurico-jr\/","og_site_name":"Brasil not\u00edcias","article_published_time":"2026-05-01T16:51:10+00:00","og_image":[{"width":1200,"height":630,"url":"https:\/\/brasilnoticias.org\/site\/wp-content\/uploads\/2026\/05\/IMAGEM_NOTICIA_9-1.webp","type":"image\/webp"}],"author":"Reda\u00e7\u00e3o","twitter_card":"summary_large_image","twitter_misc":{"Escrito por":"Reda\u00e7\u00e3o","Tempo estimado de leitura":"2 minutos"},"schema":{"@context":"https:\/\/schema.org","@graph":[{"@type":"Article","@id":"https:\/\/brasilnoticias.org\/site\/ex-diretora-de-presidio-divulga-teste-de-dna-e-aponta-resultado-positivo-em-caso-envolvendo-uldurico-jr\/#article","isPartOf":{"@id":"https:\/\/brasilnoticias.org\/site\/ex-diretora-de-presidio-divulga-teste-de-dna-e-aponta-resultado-positivo-em-caso-envolvendo-uldurico-jr\/"},"author":{"name":"Reda\u00e7\u00e3o","@id":"https:\/\/brasilnoticias.org\/site\/#\/schema\/person\/03bbbfe6c7634ad18c26444ea39049fa"},"headline":"Ex-diretora de pres\u00eddio divulga teste de DNA e aponta resultado positivo em caso envolvendo Uldurico Jr.","datePublished":"2026-05-01T16:51:10+00:00","mainEntityOfPage":{"@id":"https:\/\/brasilnoticias.org\/site\/ex-diretora-de-presidio-divulga-teste-de-dna-e-aponta-resultado-positivo-em-caso-envolvendo-uldurico-jr\/"},"wordCount":378,"commentCount":0,"publisher":{"@id":"https:\/\/brasilnoticias.org\/site\/#organization"},"image":{"@id":"https:\/\/brasilnoticias.org\/site\/ex-diretora-de-presidio-divulga-teste-de-dna-e-aponta-resultado-positivo-em-caso-envolvendo-uldurico-jr\/#primaryimage"},"thumbnailUrl":"https:\/\/brasilnoticias.org\/site\/wp-content\/uploads\/2026\/05\/IMAGEM_NOTICIA_9-1.webp","articleSection":["Pol\u00edcia","\u00daltimas"],"inLanguage":"pt-PT","potentialAction":[{"@type":"CommentAction","name":"Comment","target":["https:\/\/brasilnoticias.org\/site\/ex-diretora-de-presidio-divulga-teste-de-dna-e-aponta-resultado-positivo-em-caso-envolvendo-uldurico-jr\/#respond"]}]},{"@type":"WebPage","@id":"https:\/\/brasilnoticias.org\/site\/ex-diretora-de-presidio-divulga-teste-de-dna-e-aponta-resultado-positivo-em-caso-envolvendo-uldurico-jr\/","url":"https:\/\/brasilnoticias.org\/site\/ex-diretora-de-presidio-divulga-teste-de-dna-e-aponta-resultado-positivo-em-caso-envolvendo-uldurico-jr\/","name":"Ex-diretora de pres\u00eddio divulga teste de DNA e aponta resultado positivo em caso envolvendo Uldurico Jr. - Brasil not\u00edcias","isPartOf":{"@id":"https:\/\/brasilnoticias.org\/site\/#website"},"primaryImageOfPage":{"@id":"https:\/\/brasilnoticias.org\/site\/ex-diretora-de-presidio-divulga-teste-de-dna-e-aponta-resultado-positivo-em-caso-envolvendo-uldurico-jr\/#primaryimage"},"image":{"@id":"https:\/\/brasilnoticias.org\/site\/ex-diretora-de-presidio-divulga-teste-de-dna-e-aponta-resultado-positivo-em-caso-envolvendo-uldurico-jr\/#primaryimage"},"thumbnailUrl":"https:\/\/brasilnoticias.org\/site\/wp-content\/uploads\/2026\/05\/IMAGEM_NOTICIA_9-1.webp","datePublished":"2026-05-01T16:51:10+00:00","breadcrumb":{"@id":"https:\/\/brasilnoticias.org\/site\/ex-diretora-de-presidio-divulga-teste-de-dna-e-aponta-resultado-positivo-em-caso-envolvendo-uldurico-jr\/#breadcrumb"},"inLanguage":"pt-PT","potentialAction":[{"@type":"ReadAction","target":["https:\/\/brasilnoticias.org\/site\/ex-diretora-de-presidio-divulga-teste-de-dna-e-aponta-resultado-positivo-em-caso-envolvendo-uldurico-jr\/"]}]},{"@type":"ImageObject","inLanguage":"pt-PT","@id":"https:\/\/brasilnoticias.org\/site\/ex-diretora-de-presidio-divulga-teste-de-dna-e-aponta-resultado-positivo-em-caso-envolvendo-uldurico-jr\/#primaryimage","url":"https:\/\/brasilnoticias.org\/site\/wp-content\/uploads\/2026\/05\/IMAGEM_NOTICIA_9-1.webp","contentUrl":"https:\/\/brasilnoticias.org\/site\/wp-content\/uploads\/2026\/05\/IMAGEM_NOTICIA_9-1.webp","width":1200,"height":630,"caption":"Foto: Reprodu\u00e7\u00e3o \/ Redes sociais \/ C\u00e2mara dos Deputados"},{"@type":"BreadcrumbList","@id":"https:\/\/brasilnoticias.org\/site\/ex-diretora-de-presidio-divulga-teste-de-dna-e-aponta-resultado-positivo-em-caso-envolvendo-uldurico-jr\/#breadcrumb","itemListElement":[{"@type":"ListItem","position":1,"name":"In\u00edcio","item":"https:\/\/brasilnoticias.org\/site\/"},{"@type":"ListItem","position":2,"name":"Ex-diretora de pres\u00eddio divulga teste de DNA e aponta resultado positivo em caso envolvendo Uldurico Jr."}]},{"@type":"WebSite","@id":"https:\/\/brasilnoticias.org\/site\/#website","url":"https:\/\/brasilnoticias.org\/site\/","name":"Brasil not\u00edcias","description":"Brasil not\u00edcias","publisher":{"@id":"https:\/\/brasilnoticias.org\/site\/#organization"},"potentialAction":[{"@type":"SearchAction","target":{"@type":"EntryPoint","urlTemplate":"https:\/\/brasilnoticias.org\/site\/?s={search_term_string}"},"query-input":{"@type":"PropertyValueSpecification","valueRequired":true,"valueName":"search_term_string"}}],"inLanguage":"pt-PT"},{"@type":"Organization","@id":"https:\/\/brasilnoticias.org\/site\/#organization","name":"Brasil not\u00edcias","url":"https:\/\/brasilnoticias.org\/site\/","logo":{"@type":"ImageObject","inLanguage":"pt-PT","@id":"https:\/\/brasilnoticias.org\/site\/#\/schema\/logo\/image\/","url":"https:\/\/brasilnoticias.org\/site\/wp-content\/uploads\/2022\/05\/cropped-brasilnoticias-mini.jpg","contentUrl":"https:\/\/brasilnoticias.org\/site\/wp-content\/uploads\/2022\/05\/cropped-brasilnoticias-mini.jpg","width":314,"height":86,"caption":"Brasil not\u00edcias"},"image":{"@id":"https:\/\/brasilnoticias.org\/site\/#\/schema\/logo\/image\/"}},{"@type":"Person","@id":"https:\/\/brasilnoticias.org\/site\/#\/schema\/person\/03bbbfe6c7634ad18c26444ea39049fa","name":"Reda\u00e7\u00e3o","image":{"@type":"ImageObject","inLanguage":"pt-PT","@id":"https:\/\/brasilnoticias.org\/site\/#\/schema\/person\/image\/","url":"https:\/\/secure.gravatar.com\/avatar\/9ecaf7327a696cb23ad926fedded5f1f04d7049de9e445375d55b48c001a6e42?s=96&d=mm&r=g","contentUrl":"https:\/\/secure.gravatar.com\/avatar\/9ecaf7327a696cb23ad926fedded5f1f04d7049de9e445375d55b48c001a6e42?s=96&d=mm&r=g","caption":"Reda\u00e7\u00e3o"},"url":"https:\/\/brasilnoticias.org\/site\/author\/henrique\/"}]}},"_links":{"self":[{"href":"https:\/\/brasilnoticias.org\/site\/wp-json\/wp\/v2\/posts\/21930","targetHints":{"allow":["GET"]}}],"collection":[{"href":"https:\/\/brasilnoticias.org\/site\/wp-json\/wp\/v2\/posts"}],"about":[{"href":"https:\/\/brasilnoticias.org\/site\/wp-json\/wp\/v2\/types\/post"}],"author":[{"embeddable":true,"href":"https:\/\/brasilnoticias.org\/site\/wp-json\/wp\/v2\/users\/4"}],"replies":[{"embeddable":true,"href":"https:\/\/brasilnoticias.org\/site\/wp-json\/wp\/v2\/comments?post=21930"}],"version-history":[{"count":1,"href":"https:\/\/brasilnoticias.org\/site\/wp-json\/wp\/v2\/posts\/21930\/revisions"}],"predecessor-version":[{"id":21932,"href":"https:\/\/brasilnoticias.org\/site\/wp-json\/wp\/v2\/posts\/21930\/revisions\/21932"}],"wp:featuredmedia":[{"embeddable":true,"href":"https:\/\/brasilnoticias.org\/site\/wp-json\/wp\/v2\/media\/21931"}],"wp:attachment":[{"href":"https:\/\/brasilnoticias.org\/site\/wp-json\/wp\/v2\/media?parent=21930"}],"wp:term":[{"taxonomy":"category","embeddable":true,"href":"https:\/\/brasilnoticias.org\/site\/wp-json\/wp\/v2\/categories?post=21930"},{"taxonomy":"post_tag","embeddable":true,"href":"https:\/\/brasilnoticias.org\/site\/wp-json\/wp\/v2\/tags?post=21930"}],"curies":[{"name":"wp","href":"https:\/\/api.w.org\/{rel}","templated":true}]}}