{"id":2195,"date":"2022-11-16T18:10:55","date_gmt":"2022-11-16T21:10:55","guid":{"rendered":"https:\/\/brasilnoticias.org\/site\/?p=2195"},"modified":"2022-11-16T06:34:29","modified_gmt":"2022-11-16T09:34:29","slug":"guerra-na-ucrania-o-que-se-sabe-sobre-misseis-que-atingiram-polonia","status":"publish","type":"post","link":"https:\/\/brasilnoticias.org\/site\/guerra-na-ucrania-o-que-se-sabe-sobre-misseis-que-atingiram-polonia\/","title":{"rendered":"Guerra na Ucr\u00e2nia: o que se sabe sobre m\u00edsseis que atingiram Pol\u00f4nia"},"content":{"rendered":"<p>Duas pessoas morreram em um vilarejo polon\u00eas pr\u00f3ximo \u00e0 fronteira com a Ucr\u00e2nia nesta ter\u00e7a-feira (15\/11) ap\u00f3s a regi\u00e3o ter sido atingida por um &#8220;m\u00edssil de fabrica\u00e7\u00e3o russa&#8221;, declarou o Minist\u00e9rio das Rela\u00e7\u00f5es Exteriores da Pol\u00f4nia.<\/p>\n<p>O comunicado n\u00e3o informava quem disparou o m\u00edssil. Os dois lados do conflito usam muni\u00e7\u00e3o feita na R\u00fassia.<\/p>\n<p>O presidente dos Estados Unidos, Joe Biden, afirmou ser &#8220;improv\u00e1vel&#8221; que o m\u00edssil tenha sido disparado da R\u00fassia. Ele diz que h\u00e1 &#8220;informa\u00e7\u00f5es preliminares que contestam&#8221; que o m\u00edssil foi disparado da R\u00fassia.<\/p>\n<p>&#8220;Eu n\u00e3o quero dizer isso at\u00e9 investigarmos completamente, mas \u00e9 improv\u00e1vel pela trajet\u00f3ria que ele tenha sido disparado da R\u00fassia, mas veremos.&#8221;<\/p>\n<p>Biden diz que o fato est\u00e1 sendo investigado na Pol\u00f4nia e que os l\u00edderes mundiais determinar\u00e3o os pr\u00f3ximos passos depois que for determinado o que aconteceu.<\/p>\n<p>L\u00edderes mundiais est\u00e3o reunidos em Bali, na Indon\u00e9sia, para um encontro de c\u00fapula do G20. Nesta quarta-feira, eles realizaram uma reuni\u00e3o de emerg\u00eancia para discutir o ataque na Pol\u00f4nia.<\/p>\n<p>A Pol\u00f4nia diz que n\u00e3o tem nenhuma &#8220;evid\u00eancia conclusiva&#8221; sobre quem lan\u00e7ou os m\u00edsseis. O presidente Andrzej Duda disse a rep\u00f3rteres: &#8220;N\u00e3o temos nenhuma evid\u00eancia conclusiva no momento sobre quem lan\u00e7ou este m\u00edssil&#8230; provavelmente foi um m\u00edssil de fabrica\u00e7\u00e3o russa, mas tudo isso ainda est\u00e1 sob investiga\u00e7\u00e3o no momento&#8221;.<\/p>\n<p>O primeiro-ministro polon\u00eas, Mateusz Morawiecki, pediu que seus cidad\u00e3os mantenham a calma.<\/p>\n<p>Embaixador russo convocado<\/p>\n<p>O governo polon\u00eas disse que o embaixador russo foi convocado para prestar informa\u00e7\u00f5es detalhadas sobre o incidente, que ocorreu no vilarejo de Przewod\u00f3w. O pa\u00eds convocou uma reuni\u00e3o de emerg\u00eancia do seu Conselho de Seguran\u00e7a Nacional.<\/p>\n<p>Nas \u00faltimas horas circularam imagens nas redes sociais que mostram fragmentos de m\u00edsseis no local do ataque na Pol\u00f4nia.<\/p>\n<p>A BBC n\u00e3o conseguiu verificar a autenticidade dessas fotos, mas foram ouvidos tr\u00eas especialistas em defesa sobre o equipamento encontrado.<\/p>\n<p>Mark Cancian, do Centro de Estudos Estrat\u00e9gicos e Internacionais (CSIS, na sigla em ingl\u00eas), acredita que trata-se de um sistema S-300. Esse tipo de m\u00edssil \u00e9 tipicamente usado em ataques terra-ar e j\u00e1 foi utilizado tanto pela R\u00fassia, quanto pela Ucr\u00e2nia.<\/p>\n<p>&#8220;Ainda n\u00e3o est\u00e1 claro quem disparou os m\u00edsseis&#8221;, diz J. Andr\u00e9s Gannon, especialista em seguran\u00e7a no think tank Council on Foreign Relations dos Estados Unidos.<\/p>\n<p>&#8220;N\u00f3s sabemos que a R\u00fassia vem usando o S-300 para ataques de solo, embora seja um sistema de defesa a\u00e9reo, mas a Ucr\u00e2nia tamb\u00e9m faz uso do sistema para defesa a\u00e9rea contra m\u00edsseis de cruzeiro.&#8221;<\/p>\n<p>Justin Bronk, do think tank Rusi, concorda que talvez seja um sistema S-300, mas avalia que ainda n\u00e3o h\u00e1 evid\u00eancia suficiente para total identifica\u00e7\u00e3o.<\/p>\n<p>Defesa m\u00fatua da Otan<br \/>\nJens Stoltenberg, chefe da Organiza\u00e7\u00e3o do Tratado do Atl\u00e2ntico Norte (Otan), da qual a Pol\u00f4nia faz parte, disse que conversou com o presidente polon\u00eas Andrzej Duda e que monitora a situa\u00e7\u00e3o.<\/p>\n<p>&#8220;Ofere\u00e7o minhas condol\u00eancias pela perda de vidas. A Otan est\u00e1 monitorando a situa\u00e7\u00e3o e os aliados est\u00e3o acompanhando de perto. Importante que todos os fatos sejam estabelecidos&#8221;, afirmou Stoltenberg no Twitter.<\/p>\n<p>Os membros da organiza\u00e7\u00e3o t\u00eam o compromisso de se defender mutuamente em caso de ataque armado contra qualquer um deles.<\/p>\n<p>Os americanos responderam com cautela aos relatos de que m\u00edsseis russos atingiram territ\u00f3rio polon\u00eas.<\/p>\n<p>A Casa Branca, o Pent\u00e1gono e o Departamento de Estado dizem que n\u00e3o podem confirmar o que aconteceu e que est\u00e3o trabalhando com o governo polon\u00eas para obter mais informa\u00e7\u00f5es.<\/p>\n<p>Os EUA tamb\u00e9m repetiram o compromisso de defender cada espa\u00e7o de territ\u00f3rio da Otan que estiver sob ataque, algo que o presidente Joe Biden chamou de &#8220;obriga\u00e7\u00e3o sagrada&#8221;.<\/p>\n<p>Mas nem os EUA, nem os aliados na Otan, t\u00eam interesse de entrar em um confronto direto com a R\u00fassia.<\/p>\n<p>O governo russo declarou que os relatos sobre os m\u00edsseis s\u00e3o uma &#8220;provoca\u00e7\u00e3o deliberada&#8221; e que n\u00e3o realizou ataques na fronteira entre Ucr\u00e2nia e Pol\u00f4nia.<\/p>\n<p>A Ucr\u00e2nia, por sua vez, disse que relatos de que o m\u00edssil teria sido disparado por for\u00e7as ucranianas s\u00e3o &#8220;teoria da conspira\u00e7\u00e3o&#8221; e parte da &#8220;propaganda russa&#8221;.<\/p>\n<p>O presidente norte-americano, Joe Biden, e o ucraniano, Volodymyr Zelensky, telefonaram para o presidente da Pol\u00f4nia.<\/p>\n<p>O presidente do Conselho Europeu, Charles Michel, disse que vai propor uma reuni\u00e3o de coordena\u00e7\u00e3o nesta quarta (16\/11) com os l\u00edderes da Uni\u00e3o Europeia que est\u00e3o na reuni\u00e3o do G20 em Bali, na Indon\u00e9sia.Michel publicou no Twitter que conversou com o premi\u00ea polon\u00eas, Mateusz Morawiecki, e que assegurou &#8220;a total unidade da Uni\u00e3o Europeia e solidariedade em apoio \u00e0 Pol\u00f4nia&#8221;.<\/p>\n<p>Bombardeios em Kiev e outras cidades<br \/>\nMais cedo, a R\u00fassia lan\u00e7ou uma s\u00e9rie de m\u00edsseis contra cidades importantes ucranianas, dias depois de tropas russas terem sido expulsas de Kherson, na regi\u00e3o sul ucraniana.<\/p>\n<p>A guerra na Ucr\u00e2nia se arrasta desde fevereiro, quando a R\u00fassia invadiu o pa\u00eds. Uma contra-ofensiva ucraniana iniciada em setembro, segundo as autoridades de Kiev, j\u00e1 retomou mais de 3 mil quil\u00f4metros quadrados do territ\u00f3rio ocupado inicialmente pelos russos.<\/p>\n<p>A capital Kiev est\u00e1 entre as cidades atingidas. O prefeito Vitaliy Klitschko afirmou que pr\u00e9dios residenciais pr\u00f3ximos ao centro da cidade foram danificados.<\/p>\n<p>Ataques tamb\u00e9m foram registrados em Mykolaiv, Chernihiv, Lviv e outros locais.<\/p>\n<p>Os ataques aconteceram ao mesmo tempo em que l\u00edderes mundiais estavam reunidos na c\u00fapula do G20, o grupo das 20 maiores economias do mundo, em Bali.<\/p>\n<p>Na reuni\u00e3o, o governo de Vladimir Putin enfrentou duras cr\u00edticas por causa da guerra na Ucr\u00e2nia.<\/p>\n<p>Cortes de energia<br \/>\nKlitschko afirmou que pelo menos uma pessoa morreu nos \u00faltimos ataques em Kiev. V\u00e1rios m\u00edsseis russos foram derrubados, disse ainda o prefeito da capital ucraniana.<\/p>\n<p>Ele alertou que pelo menos metade dos moradores da cidade estavam sem eletricidade devido a interrup\u00e7\u00f5es de emerg\u00eancia \u2014 um &#8220;passo necess\u00e1rio para equilibrar o sistema de energia&#8221;, disse o prefeito.<\/p>\n<p>Alertas de ataque a\u00e9reo soaram em toda a Ucr\u00e2nia nesta ter\u00e7a-feira.<\/p>\n<p>Em v\u00eddeo compartilhado pelo gabinete do presidente ucraniano, o que parece ser um bloco de apartamentos pode ser visto em chamas, com fogo saindo pelas janelas.<\/p>\n<p>Uma moradora de 22 anos, Oleksandra, disse \u00e0 ag\u00eancia de not\u00edcias Reuters que viu de sua janela &#8220;quando o foguete estava voando, um fogo brilhante e o som de algo voando muito pr\u00f3ximo&#8221;.<\/p>\n<p>Vitaly Kimm, prefeito de Mykolayiv, no sul, disse que m\u00edsseis russos foram lan\u00e7ados em tr\u00eas ondas.<\/p>\n<p>Em Chernihiv, no norte, o governador Vyacheslav Chaus pediu que a popula\u00e7\u00e3o se abrigasse, acrescentando que &#8220;o ataque com m\u00edsseis continua&#8221;.<\/p>\n<p>J\u00e1 na cidade ocidental de Lviv, o prefeito Andriy Sadovy afirmou que tamb\u00e9m houve ataques, com cortes de energia como resultado.<\/p>\n<p>Retirada de Kherson<br \/>\nNa semana passada, Moscou retirou suas tropas da cidade de Kherson, no sul \u2014 um grande rev\u00e9s para o ex\u00e9rcito russo.<\/p>\n<p>\u2018Humilha\u00e7\u00e3o para Putin\u2019: o que a retirada das tropas russas de Kherson significa para a guerra na Ucr\u00e2nia<br \/>\nGuerra na Ucr\u00e2nia: como retirada russa de Kherson pode abalar imagem de Putin<br \/>\nEm outros momentos da guerra em que a R\u00fassia sofreu derrotas, o pa\u00eds tamb\u00e9m recorreu a ataques a\u00e9reos como uma forma retalia\u00e7\u00e3o.<\/p>\n<p>Andriy Yermak, um conselheiro do presidente da Ucr\u00e2nia, disse que os ataques desta ter\u00e7a-feira teriam sido uma resposta da R\u00fassia ao &#8220;poderoso discurso&#8221; de Zelensky na c\u00fapula do G20.<\/p>\n<p>No discurso virtual, Zelensky abordou o que chamou de l\u00edderes do &#8220;G19&#8221; \u2014 desprezando Putin \u2014 e disse estar &#8220;convencido de que agora \u00e9 o momento em que a guerra destrutiva da R\u00fassia deve e pode ser interrompida&#8221;.<\/p>\n<p>Um esbo\u00e7o de declara\u00e7\u00e3o da c\u00fapula, relatado por ag\u00eancias de not\u00edcias, afirma que &#8220;a maioria&#8221; dos pa\u00edses concordou que a guerra estava exacerbando as fragilidades da economia global.<\/p>\n<p>J\u00e1 Sergei Lavrov, ministro das rela\u00e7\u00f5es exteriores da R\u00fassia, afirmou que a declara\u00e7\u00e3o do G20 foi &#8220;politizada&#8221; pelos aliados ocidentais da Ucr\u00e2nia.<\/p>\n<p>&#8211; Este texto foi publicado emhttps:\/\/www.bbc.com\/portuguese\/internacional-63644325<\/p>\n<p>Foto STOWARZYSZENIE MOJE NOWOSIOLKI VIA REUTERS<\/p>\n","protected":false},"excerpt":{"rendered":"<p>Duas pessoas morreram em um vilarejo polon\u00eas pr\u00f3ximo \u00e0 fronteira com a Ucr\u00e2nia nesta ter\u00e7a-feira (15\/11) ap\u00f3s a regi\u00e3o ter<\/p>\n","protected":false},"author":1,"featured_media":2196,"comment_status":"open","ping_status":"open","sticky":false,"template":"","format":"standard","meta":{"colormag_page_container_layout":"default_layout","colormag_page_sidebar_layout":"default_layout","_FSMCFIC_featured_image_caption":"","_FSMCFIC_featured_image_nocaption":"","_FSMCFIC_featured_image_hide":"","footnotes":""},"categories":[6,1],"tags":[],"class_list":["post-2195","post","type-post","status-publish","format-standard","has-post-thumbnail","hentry","category-mundo","category-ultimas"],"yoast_head":"<!-- This site is optimized with the Yoast SEO plugin v27.1.1 - https:\/\/yoast.com\/product\/yoast-seo-wordpress\/ -->\n<title>Guerra na Ucr\u00e2nia: o que se sabe sobre m\u00edsseis que atingiram Pol\u00f4nia - Brasil not\u00edcias<\/title>\n<meta name=\"robots\" content=\"index, follow, max-snippet:-1, max-image-preview:large, max-video-preview:-1\" \/>\n<link rel=\"canonical\" href=\"https:\/\/brasilnoticias.org\/site\/guerra-na-ucrania-o-que-se-sabe-sobre-misseis-que-atingiram-polonia\/\" \/>\n<meta property=\"og:locale\" content=\"pt_PT\" \/>\n<meta property=\"og:type\" content=\"article\" \/>\n<meta property=\"og:title\" content=\"Guerra na Ucr\u00e2nia: o que se sabe sobre m\u00edsseis que atingiram Pol\u00f4nia - Brasil not\u00edcias\" \/>\n<meta property=\"og:description\" content=\"Duas pessoas morreram em um vilarejo polon\u00eas pr\u00f3ximo \u00e0 fronteira com a Ucr\u00e2nia nesta ter\u00e7a-feira (15\/11) ap\u00f3s a regi\u00e3o ter\" \/>\n<meta property=\"og:url\" content=\"https:\/\/brasilnoticias.org\/site\/guerra-na-ucrania-o-que-se-sabe-sobre-misseis-que-atingiram-polonia\/\" \/>\n<meta property=\"og:site_name\" content=\"Brasil not\u00edcias\" \/>\n<meta property=\"article:published_time\" content=\"2022-11-16T21:10:55+00:00\" \/>\n<meta property=\"og:image\" content=\"https:\/\/brasilnoticias.org\/site\/wp-content\/uploads\/2022\/11\/127648323_7c6b82f8-6178-430d-a5af-8f89a4422eb8.jpg.webp\" \/>\n\t<meta property=\"og:image:width\" content=\"800\" \/>\n\t<meta property=\"og:image:height\" content=\"450\" \/>\n\t<meta property=\"og:image:type\" content=\"image\/webp\" \/>\n<meta name=\"author\" content=\"Reda\u00e7\u00e3o\" \/>\n<meta name=\"twitter:card\" content=\"summary_large_image\" \/>\n<meta name=\"twitter:label1\" content=\"Escrito por\" \/>\n\t<meta name=\"twitter:data1\" content=\"Reda\u00e7\u00e3o\" \/>\n\t<meta name=\"twitter:label2\" content=\"Tempo estimado de leitura\" \/>\n\t<meta name=\"twitter:data2\" content=\"7 minutos\" \/>\n<script type=\"application\/ld+json\" class=\"yoast-schema-graph\">{\"@context\":\"https:\/\/schema.org\",\"@graph\":[{\"@type\":\"Article\",\"@id\":\"https:\/\/brasilnoticias.org\/site\/guerra-na-ucrania-o-que-se-sabe-sobre-misseis-que-atingiram-polonia\/#article\",\"isPartOf\":{\"@id\":\"https:\/\/brasilnoticias.org\/site\/guerra-na-ucrania-o-que-se-sabe-sobre-misseis-que-atingiram-polonia\/\"},\"author\":{\"name\":\"Reda\u00e7\u00e3o\",\"@id\":\"https:\/\/brasilnoticias.org\/site\/#\/schema\/person\/a0e05b973ec4d15c658d51911e53507b\"},\"headline\":\"Guerra na Ucr\u00e2nia: o que se sabe sobre m\u00edsseis que atingiram Pol\u00f4nia\",\"datePublished\":\"2022-11-16T21:10:55+00:00\",\"mainEntityOfPage\":{\"@id\":\"https:\/\/brasilnoticias.org\/site\/guerra-na-ucrania-o-que-se-sabe-sobre-misseis-que-atingiram-polonia\/\"},\"wordCount\":1472,\"commentCount\":0,\"publisher\":{\"@id\":\"https:\/\/brasilnoticias.org\/site\/#organization\"},\"image\":{\"@id\":\"https:\/\/brasilnoticias.org\/site\/guerra-na-ucrania-o-que-se-sabe-sobre-misseis-que-atingiram-polonia\/#primaryimage\"},\"thumbnailUrl\":\"https:\/\/brasilnoticias.org\/site\/wp-content\/uploads\/2022\/11\/127648323_7c6b82f8-6178-430d-a5af-8f89a4422eb8.jpg.webp\",\"articleSection\":[\"Mundo\",\"\u00daltimas\"],\"inLanguage\":\"pt-PT\",\"potentialAction\":[{\"@type\":\"CommentAction\",\"name\":\"Comment\",\"target\":[\"https:\/\/brasilnoticias.org\/site\/guerra-na-ucrania-o-que-se-sabe-sobre-misseis-que-atingiram-polonia\/#respond\"]}]},{\"@type\":\"WebPage\",\"@id\":\"https:\/\/brasilnoticias.org\/site\/guerra-na-ucrania-o-que-se-sabe-sobre-misseis-que-atingiram-polonia\/\",\"url\":\"https:\/\/brasilnoticias.org\/site\/guerra-na-ucrania-o-que-se-sabe-sobre-misseis-que-atingiram-polonia\/\",\"name\":\"Guerra na Ucr\u00e2nia: o que se sabe sobre m\u00edsseis que atingiram Pol\u00f4nia - Brasil not\u00edcias\",\"isPartOf\":{\"@id\":\"https:\/\/brasilnoticias.org\/site\/#website\"},\"primaryImageOfPage\":{\"@id\":\"https:\/\/brasilnoticias.org\/site\/guerra-na-ucrania-o-que-se-sabe-sobre-misseis-que-atingiram-polonia\/#primaryimage\"},\"image\":{\"@id\":\"https:\/\/brasilnoticias.org\/site\/guerra-na-ucrania-o-que-se-sabe-sobre-misseis-que-atingiram-polonia\/#primaryimage\"},\"thumbnailUrl\":\"https:\/\/brasilnoticias.org\/site\/wp-content\/uploads\/2022\/11\/127648323_7c6b82f8-6178-430d-a5af-8f89a4422eb8.jpg.webp\",\"datePublished\":\"2022-11-16T21:10:55+00:00\",\"breadcrumb\":{\"@id\":\"https:\/\/brasilnoticias.org\/site\/guerra-na-ucrania-o-que-se-sabe-sobre-misseis-que-atingiram-polonia\/#breadcrumb\"},\"inLanguage\":\"pt-PT\",\"potentialAction\":[{\"@type\":\"ReadAction\",\"target\":[\"https:\/\/brasilnoticias.org\/site\/guerra-na-ucrania-o-que-se-sabe-sobre-misseis-que-atingiram-polonia\/\"]}]},{\"@type\":\"ImageObject\",\"inLanguage\":\"pt-PT\",\"@id\":\"https:\/\/brasilnoticias.org\/site\/guerra-na-ucrania-o-que-se-sabe-sobre-misseis-que-atingiram-polonia\/#primaryimage\",\"url\":\"https:\/\/brasilnoticias.org\/site\/wp-content\/uploads\/2022\/11\/127648323_7c6b82f8-6178-430d-a5af-8f89a4422eb8.jpg.webp\",\"contentUrl\":\"https:\/\/brasilnoticias.org\/site\/wp-content\/uploads\/2022\/11\/127648323_7c6b82f8-6178-430d-a5af-8f89a4422eb8.jpg.webp\",\"width\":800,\"height\":450},{\"@type\":\"BreadcrumbList\",\"@id\":\"https:\/\/brasilnoticias.org\/site\/guerra-na-ucrania-o-que-se-sabe-sobre-misseis-que-atingiram-polonia\/#breadcrumb\",\"itemListElement\":[{\"@type\":\"ListItem\",\"position\":1,\"name\":\"In\u00edcio\",\"item\":\"https:\/\/brasilnoticias.org\/site\/\"},{\"@type\":\"ListItem\",\"position\":2,\"name\":\"Guerra na Ucr\u00e2nia: o que se sabe sobre m\u00edsseis que atingiram Pol\u00f4nia\"}]},{\"@type\":\"WebSite\",\"@id\":\"https:\/\/brasilnoticias.org\/site\/#website\",\"url\":\"https:\/\/brasilnoticias.org\/site\/\",\"name\":\"Brasil not\u00edcias\",\"description\":\"Brasil not\u00edcias\",\"publisher\":{\"@id\":\"https:\/\/brasilnoticias.org\/site\/#organization\"},\"potentialAction\":[{\"@type\":\"SearchAction\",\"target\":{\"@type\":\"EntryPoint\",\"urlTemplate\":\"https:\/\/brasilnoticias.org\/site\/?s={search_term_string}\"},\"query-input\":{\"@type\":\"PropertyValueSpecification\",\"valueRequired\":true,\"valueName\":\"search_term_string\"}}],\"inLanguage\":\"pt-PT\"},{\"@type\":\"Organization\",\"@id\":\"https:\/\/brasilnoticias.org\/site\/#organization\",\"name\":\"Brasil not\u00edcias\",\"url\":\"https:\/\/brasilnoticias.org\/site\/\",\"logo\":{\"@type\":\"ImageObject\",\"inLanguage\":\"pt-PT\",\"@id\":\"https:\/\/brasilnoticias.org\/site\/#\/schema\/logo\/image\/\",\"url\":\"https:\/\/brasilnoticias.org\/site\/wp-content\/uploads\/2022\/05\/cropped-brasilnoticias-mini.jpg\",\"contentUrl\":\"https:\/\/brasilnoticias.org\/site\/wp-content\/uploads\/2022\/05\/cropped-brasilnoticias-mini.jpg\",\"width\":314,\"height\":86,\"caption\":\"Brasil not\u00edcias\"},\"image\":{\"@id\":\"https:\/\/brasilnoticias.org\/site\/#\/schema\/logo\/image\/\"}},{\"@type\":\"Person\",\"@id\":\"https:\/\/brasilnoticias.org\/site\/#\/schema\/person\/a0e05b973ec4d15c658d51911e53507b\",\"name\":\"Reda\u00e7\u00e3o\",\"image\":{\"@type\":\"ImageObject\",\"inLanguage\":\"pt-PT\",\"@id\":\"https:\/\/brasilnoticias.org\/site\/#\/schema\/person\/image\/\",\"url\":\"https:\/\/secure.gravatar.com\/avatar\/75d8b050df2de108b08ae78dfb8e374892df24a383c67db9c46a9c604f6aee9c?s=96&d=mm&r=g\",\"contentUrl\":\"https:\/\/secure.gravatar.com\/avatar\/75d8b050df2de108b08ae78dfb8e374892df24a383c67db9c46a9c604f6aee9c?s=96&d=mm&r=g\",\"caption\":\"Reda\u00e7\u00e3o\"},\"sameAs\":[\"https:\/\/brasilnoticias.org\/site\"],\"url\":\"https:\/\/brasilnoticias.org\/site\/author\/fernandozsngmail-com\/\"}]}<\/script>\n<!-- \/ Yoast SEO plugin. -->","yoast_head_json":{"title":"Guerra na Ucr\u00e2nia: o que se sabe sobre m\u00edsseis que atingiram Pol\u00f4nia - Brasil not\u00edcias","robots":{"index":"index","follow":"follow","max-snippet":"max-snippet:-1","max-image-preview":"max-image-preview:large","max-video-preview":"max-video-preview:-1"},"canonical":"https:\/\/brasilnoticias.org\/site\/guerra-na-ucrania-o-que-se-sabe-sobre-misseis-que-atingiram-polonia\/","og_locale":"pt_PT","og_type":"article","og_title":"Guerra na Ucr\u00e2nia: o que se sabe sobre m\u00edsseis que atingiram Pol\u00f4nia - Brasil not\u00edcias","og_description":"Duas pessoas morreram em um vilarejo polon\u00eas pr\u00f3ximo \u00e0 fronteira com a Ucr\u00e2nia nesta ter\u00e7a-feira (15\/11) ap\u00f3s a regi\u00e3o ter","og_url":"https:\/\/brasilnoticias.org\/site\/guerra-na-ucrania-o-que-se-sabe-sobre-misseis-que-atingiram-polonia\/","og_site_name":"Brasil not\u00edcias","article_published_time":"2022-11-16T21:10:55+00:00","og_image":[{"width":800,"height":450,"url":"https:\/\/brasilnoticias.org\/site\/wp-content\/uploads\/2022\/11\/127648323_7c6b82f8-6178-430d-a5af-8f89a4422eb8.jpg.webp","type":"image\/webp"}],"author":"Reda\u00e7\u00e3o","twitter_card":"summary_large_image","twitter_misc":{"Escrito por":"Reda\u00e7\u00e3o","Tempo estimado de leitura":"7 minutos"},"schema":{"@context":"https:\/\/schema.org","@graph":[{"@type":"Article","@id":"https:\/\/brasilnoticias.org\/site\/guerra-na-ucrania-o-que-se-sabe-sobre-misseis-que-atingiram-polonia\/#article","isPartOf":{"@id":"https:\/\/brasilnoticias.org\/site\/guerra-na-ucrania-o-que-se-sabe-sobre-misseis-que-atingiram-polonia\/"},"author":{"name":"Reda\u00e7\u00e3o","@id":"https:\/\/brasilnoticias.org\/site\/#\/schema\/person\/a0e05b973ec4d15c658d51911e53507b"},"headline":"Guerra na Ucr\u00e2nia: o que se sabe sobre m\u00edsseis que atingiram Pol\u00f4nia","datePublished":"2022-11-16T21:10:55+00:00","mainEntityOfPage":{"@id":"https:\/\/brasilnoticias.org\/site\/guerra-na-ucrania-o-que-se-sabe-sobre-misseis-que-atingiram-polonia\/"},"wordCount":1472,"commentCount":0,"publisher":{"@id":"https:\/\/brasilnoticias.org\/site\/#organization"},"image":{"@id":"https:\/\/brasilnoticias.org\/site\/guerra-na-ucrania-o-que-se-sabe-sobre-misseis-que-atingiram-polonia\/#primaryimage"},"thumbnailUrl":"https:\/\/brasilnoticias.org\/site\/wp-content\/uploads\/2022\/11\/127648323_7c6b82f8-6178-430d-a5af-8f89a4422eb8.jpg.webp","articleSection":["Mundo","\u00daltimas"],"inLanguage":"pt-PT","potentialAction":[{"@type":"CommentAction","name":"Comment","target":["https:\/\/brasilnoticias.org\/site\/guerra-na-ucrania-o-que-se-sabe-sobre-misseis-que-atingiram-polonia\/#respond"]}]},{"@type":"WebPage","@id":"https:\/\/brasilnoticias.org\/site\/guerra-na-ucrania-o-que-se-sabe-sobre-misseis-que-atingiram-polonia\/","url":"https:\/\/brasilnoticias.org\/site\/guerra-na-ucrania-o-que-se-sabe-sobre-misseis-que-atingiram-polonia\/","name":"Guerra na Ucr\u00e2nia: o que se sabe sobre m\u00edsseis que atingiram Pol\u00f4nia - Brasil not\u00edcias","isPartOf":{"@id":"https:\/\/brasilnoticias.org\/site\/#website"},"primaryImageOfPage":{"@id":"https:\/\/brasilnoticias.org\/site\/guerra-na-ucrania-o-que-se-sabe-sobre-misseis-que-atingiram-polonia\/#primaryimage"},"image":{"@id":"https:\/\/brasilnoticias.org\/site\/guerra-na-ucrania-o-que-se-sabe-sobre-misseis-que-atingiram-polonia\/#primaryimage"},"thumbnailUrl":"https:\/\/brasilnoticias.org\/site\/wp-content\/uploads\/2022\/11\/127648323_7c6b82f8-6178-430d-a5af-8f89a4422eb8.jpg.webp","datePublished":"2022-11-16T21:10:55+00:00","breadcrumb":{"@id":"https:\/\/brasilnoticias.org\/site\/guerra-na-ucrania-o-que-se-sabe-sobre-misseis-que-atingiram-polonia\/#breadcrumb"},"inLanguage":"pt-PT","potentialAction":[{"@type":"ReadAction","target":["https:\/\/brasilnoticias.org\/site\/guerra-na-ucrania-o-que-se-sabe-sobre-misseis-que-atingiram-polonia\/"]}]},{"@type":"ImageObject","inLanguage":"pt-PT","@id":"https:\/\/brasilnoticias.org\/site\/guerra-na-ucrania-o-que-se-sabe-sobre-misseis-que-atingiram-polonia\/#primaryimage","url":"https:\/\/brasilnoticias.org\/site\/wp-content\/uploads\/2022\/11\/127648323_7c6b82f8-6178-430d-a5af-8f89a4422eb8.jpg.webp","contentUrl":"https:\/\/brasilnoticias.org\/site\/wp-content\/uploads\/2022\/11\/127648323_7c6b82f8-6178-430d-a5af-8f89a4422eb8.jpg.webp","width":800,"height":450},{"@type":"BreadcrumbList","@id":"https:\/\/brasilnoticias.org\/site\/guerra-na-ucrania-o-que-se-sabe-sobre-misseis-que-atingiram-polonia\/#breadcrumb","itemListElement":[{"@type":"ListItem","position":1,"name":"In\u00edcio","item":"https:\/\/brasilnoticias.org\/site\/"},{"@type":"ListItem","position":2,"name":"Guerra na Ucr\u00e2nia: o que se sabe sobre m\u00edsseis que atingiram Pol\u00f4nia"}]},{"@type":"WebSite","@id":"https:\/\/brasilnoticias.org\/site\/#website","url":"https:\/\/brasilnoticias.org\/site\/","name":"Brasil not\u00edcias","description":"Brasil not\u00edcias","publisher":{"@id":"https:\/\/brasilnoticias.org\/site\/#organization"},"potentialAction":[{"@type":"SearchAction","target":{"@type":"EntryPoint","urlTemplate":"https:\/\/brasilnoticias.org\/site\/?s={search_term_string}"},"query-input":{"@type":"PropertyValueSpecification","valueRequired":true,"valueName":"search_term_string"}}],"inLanguage":"pt-PT"},{"@type":"Organization","@id":"https:\/\/brasilnoticias.org\/site\/#organization","name":"Brasil not\u00edcias","url":"https:\/\/brasilnoticias.org\/site\/","logo":{"@type":"ImageObject","inLanguage":"pt-PT","@id":"https:\/\/brasilnoticias.org\/site\/#\/schema\/logo\/image\/","url":"https:\/\/brasilnoticias.org\/site\/wp-content\/uploads\/2022\/05\/cropped-brasilnoticias-mini.jpg","contentUrl":"https:\/\/brasilnoticias.org\/site\/wp-content\/uploads\/2022\/05\/cropped-brasilnoticias-mini.jpg","width":314,"height":86,"caption":"Brasil not\u00edcias"},"image":{"@id":"https:\/\/brasilnoticias.org\/site\/#\/schema\/logo\/image\/"}},{"@type":"Person","@id":"https:\/\/brasilnoticias.org\/site\/#\/schema\/person\/a0e05b973ec4d15c658d51911e53507b","name":"Reda\u00e7\u00e3o","image":{"@type":"ImageObject","inLanguage":"pt-PT","@id":"https:\/\/brasilnoticias.org\/site\/#\/schema\/person\/image\/","url":"https:\/\/secure.gravatar.com\/avatar\/75d8b050df2de108b08ae78dfb8e374892df24a383c67db9c46a9c604f6aee9c?s=96&d=mm&r=g","contentUrl":"https:\/\/secure.gravatar.com\/avatar\/75d8b050df2de108b08ae78dfb8e374892df24a383c67db9c46a9c604f6aee9c?s=96&d=mm&r=g","caption":"Reda\u00e7\u00e3o"},"sameAs":["https:\/\/brasilnoticias.org\/site"],"url":"https:\/\/brasilnoticias.org\/site\/author\/fernandozsngmail-com\/"}]}},"_links":{"self":[{"href":"https:\/\/brasilnoticias.org\/site\/wp-json\/wp\/v2\/posts\/2195","targetHints":{"allow":["GET"]}}],"collection":[{"href":"https:\/\/brasilnoticias.org\/site\/wp-json\/wp\/v2\/posts"}],"about":[{"href":"https:\/\/brasilnoticias.org\/site\/wp-json\/wp\/v2\/types\/post"}],"author":[{"embeddable":true,"href":"https:\/\/brasilnoticias.org\/site\/wp-json\/wp\/v2\/users\/1"}],"replies":[{"embeddable":true,"href":"https:\/\/brasilnoticias.org\/site\/wp-json\/wp\/v2\/comments?post=2195"}],"version-history":[{"count":1,"href":"https:\/\/brasilnoticias.org\/site\/wp-json\/wp\/v2\/posts\/2195\/revisions"}],"predecessor-version":[{"id":2197,"href":"https:\/\/brasilnoticias.org\/site\/wp-json\/wp\/v2\/posts\/2195\/revisions\/2197"}],"wp:featuredmedia":[{"embeddable":true,"href":"https:\/\/brasilnoticias.org\/site\/wp-json\/wp\/v2\/media\/2196"}],"wp:attachment":[{"href":"https:\/\/brasilnoticias.org\/site\/wp-json\/wp\/v2\/media?parent=2195"}],"wp:term":[{"taxonomy":"category","embeddable":true,"href":"https:\/\/brasilnoticias.org\/site\/wp-json\/wp\/v2\/categories?post=2195"},{"taxonomy":"post_tag","embeddable":true,"href":"https:\/\/brasilnoticias.org\/site\/wp-json\/wp\/v2\/tags?post=2195"}],"curies":[{"name":"wp","href":"https:\/\/api.w.org\/{rel}","templated":true}]}}