{"id":2198,"date":"2022-11-16T18:20:56","date_gmt":"2022-11-16T21:20:56","guid":{"rendered":"https:\/\/brasilnoticias.org\/site\/?p=2198"},"modified":"2022-11-16T06:37:38","modified_gmt":"2022-11-16T09:37:38","slug":"acusado-de-oito-estupros-e-preso-em-dias-davila","status":"publish","type":"post","link":"https:\/\/brasilnoticias.org\/site\/acusado-de-oito-estupros-e-preso-em-dias-davila\/","title":{"rendered":"Acusado de oito estupros \u00e9 preso em Dias D&#8217;\u00c1vila"},"content":{"rendered":"<p>Um homem acusado de oito estupros e tentativas foi preso em Dias D&#8217;\u00c1vila. Segundo a Pol\u00edcia Civil, ele j\u00e1 havia sido preso no dia 7 deste m\u00eas, ap\u00f3s estuprar uma mulher de 59 anos, na casa da v\u00edtima.<\/p>\n<p>\u201cJ\u00e1 est\u00e1vamos investigando uma s\u00e9rie destes crimes, ocorridos desde julho de 2021. Ap\u00f3s a sua pris\u00e3o, pelo menos oito v\u00edtimas e duas testemunhas o reconheceram como autor\u201d, explicou o delegado Bruno Pereira, da Delegacia Territorial de Dias D\u2019\u00c1vila. O mandado de pris\u00e3o preventiva foi cumprido na quinta-feira (10).<\/p>\n<p>Al\u00e9m da viol\u00eancia sexual, o homem tamb\u00e9m roubava pertences das v\u00edtimas. Segundo o delegado, imagens coletadas durante as investiga\u00e7\u00f5es auxiliaram na identifica\u00e7\u00e3o do autor. \u201cEle foi reconhecido por uma caracter\u00edstica f\u00edsica. Algumas das v\u00edtimas eram idosas, mas tamb\u00e9m tem uma adolescente. Acreditamos que possam existir outras\u201d, comentou. <\/p>\n<p>O acusado ser\u00e1 indiciado pelos crimes de estupro consumado e tentado, importuna\u00e7\u00e3o sexual, roubo e viola\u00e7\u00e3o de domic\u00edlio. As investiga\u00e7\u00f5es continuam, visando \u00e0 identifica\u00e7\u00e3o de outras v\u00edtimas e, consequentemente, \u00e0 responsabiliza\u00e7\u00e3o do autor.  <\/p>\n<p>Correio da Bahia<br \/>\nFoto Ascom-PC\/divulga\u00e7\u00e3o<\/p>\n","protected":false},"excerpt":{"rendered":"<p>Um homem acusado de oito estupros e tentativas foi preso em Dias D&#8217;\u00c1vila. Segundo a Pol\u00edcia Civil, ele j\u00e1 havia<\/p>\n","protected":false},"author":1,"featured_media":2199,"comment_status":"open","ping_status":"open","sticky":false,"template":"","format":"standard","meta":{"colormag_page_container_layout":"default_layout","colormag_page_sidebar_layout":"default_layout","_FSMCFIC_featured_image_caption":"","_FSMCFIC_featured_image_nocaption":"","_FSMCFIC_featured_image_hide":"","footnotes":""},"categories":[3,1],"tags":[],"class_list":["post-2198","post","type-post","status-publish","format-standard","has-post-thumbnail","hentry","category-policia","category-ultimas"],"yoast_head":"<!-- This site is optimized with the Yoast SEO plugin v27.1.1 - https:\/\/yoast.com\/product\/yoast-seo-wordpress\/ -->\n<title>Acusado de oito estupros \u00e9 preso em Dias D&#039;\u00c1vila - Brasil not\u00edcias<\/title>\n<meta name=\"robots\" content=\"index, follow, max-snippet:-1, max-image-preview:large, max-video-preview:-1\" \/>\n<link rel=\"canonical\" href=\"https:\/\/brasilnoticias.org\/site\/acusado-de-oito-estupros-e-preso-em-dias-davila\/\" \/>\n<meta property=\"og:locale\" content=\"pt_PT\" \/>\n<meta property=\"og:type\" content=\"article\" \/>\n<meta property=\"og:title\" content=\"Acusado de oito estupros \u00e9 preso em Dias D&#039;\u00c1vila - Brasil not\u00edcias\" \/>\n<meta property=\"og:description\" content=\"Um homem acusado de oito estupros e tentativas foi preso em Dias D&#8217;\u00c1vila. Segundo a Pol\u00edcia Civil, ele j\u00e1 havia\" \/>\n<meta property=\"og:url\" content=\"https:\/\/brasilnoticias.org\/site\/acusado-de-oito-estupros-e-preso-em-dias-davila\/\" \/>\n<meta property=\"og:site_name\" content=\"Brasil not\u00edcias\" \/>\n<meta property=\"article:published_time\" content=\"2022-11-16T21:20:56+00:00\" \/>\n<meta property=\"og:image\" content=\"https:\/\/brasilnoticias.org\/site\/wp-content\/uploads\/2022\/11\/csm_WhatsApp_Image_2022-11-16_at_06.19.31_6d66c01ce0.jpeg\" \/>\n\t<meta property=\"og:image:width\" content=\"601\" \/>\n\t<meta property=\"og:image:height\" content=\"421\" \/>\n\t<meta property=\"og:image:type\" content=\"image\/jpeg\" \/>\n<meta name=\"author\" content=\"Reda\u00e7\u00e3o\" \/>\n<meta name=\"twitter:card\" content=\"summary_large_image\" \/>\n<meta name=\"twitter:label1\" content=\"Escrito por\" \/>\n\t<meta name=\"twitter:data1\" content=\"Reda\u00e7\u00e3o\" \/>\n\t<meta name=\"twitter:label2\" content=\"Tempo estimado de leitura\" \/>\n\t<meta name=\"twitter:data2\" content=\"1 minuto\" \/>\n<script type=\"application\/ld+json\" class=\"yoast-schema-graph\">{\"@context\":\"https:\/\/schema.org\",\"@graph\":[{\"@type\":\"Article\",\"@id\":\"https:\/\/brasilnoticias.org\/site\/acusado-de-oito-estupros-e-preso-em-dias-davila\/#article\",\"isPartOf\":{\"@id\":\"https:\/\/brasilnoticias.org\/site\/acusado-de-oito-estupros-e-preso-em-dias-davila\/\"},\"author\":{\"name\":\"Reda\u00e7\u00e3o\",\"@id\":\"https:\/\/brasilnoticias.org\/site\/#\/schema\/person\/a0e05b973ec4d15c658d51911e53507b\"},\"headline\":\"Acusado de oito estupros \u00e9 preso em Dias D&#8217;\u00c1vila\",\"datePublished\":\"2022-11-16T21:20:56+00:00\",\"mainEntityOfPage\":{\"@id\":\"https:\/\/brasilnoticias.org\/site\/acusado-de-oito-estupros-e-preso-em-dias-davila\/\"},\"wordCount\":205,\"commentCount\":0,\"publisher\":{\"@id\":\"https:\/\/brasilnoticias.org\/site\/#organization\"},\"image\":{\"@id\":\"https:\/\/brasilnoticias.org\/site\/acusado-de-oito-estupros-e-preso-em-dias-davila\/#primaryimage\"},\"thumbnailUrl\":\"https:\/\/brasilnoticias.org\/site\/wp-content\/uploads\/2022\/11\/csm_WhatsApp_Image_2022-11-16_at_06.19.31_6d66c01ce0.jpeg\",\"articleSection\":[\"Pol\u00edcia\",\"\u00daltimas\"],\"inLanguage\":\"pt-PT\",\"potentialAction\":[{\"@type\":\"CommentAction\",\"name\":\"Comment\",\"target\":[\"https:\/\/brasilnoticias.org\/site\/acusado-de-oito-estupros-e-preso-em-dias-davila\/#respond\"]}]},{\"@type\":\"WebPage\",\"@id\":\"https:\/\/brasilnoticias.org\/site\/acusado-de-oito-estupros-e-preso-em-dias-davila\/\",\"url\":\"https:\/\/brasilnoticias.org\/site\/acusado-de-oito-estupros-e-preso-em-dias-davila\/\",\"name\":\"Acusado de oito estupros \u00e9 preso em Dias D'\u00c1vila - Brasil not\u00edcias\",\"isPartOf\":{\"@id\":\"https:\/\/brasilnoticias.org\/site\/#website\"},\"primaryImageOfPage\":{\"@id\":\"https:\/\/brasilnoticias.org\/site\/acusado-de-oito-estupros-e-preso-em-dias-davila\/#primaryimage\"},\"image\":{\"@id\":\"https:\/\/brasilnoticias.org\/site\/acusado-de-oito-estupros-e-preso-em-dias-davila\/#primaryimage\"},\"thumbnailUrl\":\"https:\/\/brasilnoticias.org\/site\/wp-content\/uploads\/2022\/11\/csm_WhatsApp_Image_2022-11-16_at_06.19.31_6d66c01ce0.jpeg\",\"datePublished\":\"2022-11-16T21:20:56+00:00\",\"breadcrumb\":{\"@id\":\"https:\/\/brasilnoticias.org\/site\/acusado-de-oito-estupros-e-preso-em-dias-davila\/#breadcrumb\"},\"inLanguage\":\"pt-PT\",\"potentialAction\":[{\"@type\":\"ReadAction\",\"target\":[\"https:\/\/brasilnoticias.org\/site\/acusado-de-oito-estupros-e-preso-em-dias-davila\/\"]}]},{\"@type\":\"ImageObject\",\"inLanguage\":\"pt-PT\",\"@id\":\"https:\/\/brasilnoticias.org\/site\/acusado-de-oito-estupros-e-preso-em-dias-davila\/#primaryimage\",\"url\":\"https:\/\/brasilnoticias.org\/site\/wp-content\/uploads\/2022\/11\/csm_WhatsApp_Image_2022-11-16_at_06.19.31_6d66c01ce0.jpeg\",\"contentUrl\":\"https:\/\/brasilnoticias.org\/site\/wp-content\/uploads\/2022\/11\/csm_WhatsApp_Image_2022-11-16_at_06.19.31_6d66c01ce0.jpeg\",\"width\":601,\"height\":421},{\"@type\":\"BreadcrumbList\",\"@id\":\"https:\/\/brasilnoticias.org\/site\/acusado-de-oito-estupros-e-preso-em-dias-davila\/#breadcrumb\",\"itemListElement\":[{\"@type\":\"ListItem\",\"position\":1,\"name\":\"In\u00edcio\",\"item\":\"https:\/\/brasilnoticias.org\/site\/\"},{\"@type\":\"ListItem\",\"position\":2,\"name\":\"Acusado de oito estupros \u00e9 preso em Dias D&#8217;\u00c1vila\"}]},{\"@type\":\"WebSite\",\"@id\":\"https:\/\/brasilnoticias.org\/site\/#website\",\"url\":\"https:\/\/brasilnoticias.org\/site\/\",\"name\":\"Brasil not\u00edcias\",\"description\":\"Brasil not\u00edcias\",\"publisher\":{\"@id\":\"https:\/\/brasilnoticias.org\/site\/#organization\"},\"potentialAction\":[{\"@type\":\"SearchAction\",\"target\":{\"@type\":\"EntryPoint\",\"urlTemplate\":\"https:\/\/brasilnoticias.org\/site\/?s={search_term_string}\"},\"query-input\":{\"@type\":\"PropertyValueSpecification\",\"valueRequired\":true,\"valueName\":\"search_term_string\"}}],\"inLanguage\":\"pt-PT\"},{\"@type\":\"Organization\",\"@id\":\"https:\/\/brasilnoticias.org\/site\/#organization\",\"name\":\"Brasil not\u00edcias\",\"url\":\"https:\/\/brasilnoticias.org\/site\/\",\"logo\":{\"@type\":\"ImageObject\",\"inLanguage\":\"pt-PT\",\"@id\":\"https:\/\/brasilnoticias.org\/site\/#\/schema\/logo\/image\/\",\"url\":\"https:\/\/brasilnoticias.org\/site\/wp-content\/uploads\/2022\/05\/cropped-brasilnoticias-mini.jpg\",\"contentUrl\":\"https:\/\/brasilnoticias.org\/site\/wp-content\/uploads\/2022\/05\/cropped-brasilnoticias-mini.jpg\",\"width\":314,\"height\":86,\"caption\":\"Brasil not\u00edcias\"},\"image\":{\"@id\":\"https:\/\/brasilnoticias.org\/site\/#\/schema\/logo\/image\/\"}},{\"@type\":\"Person\",\"@id\":\"https:\/\/brasilnoticias.org\/site\/#\/schema\/person\/a0e05b973ec4d15c658d51911e53507b\",\"name\":\"Reda\u00e7\u00e3o\",\"image\":{\"@type\":\"ImageObject\",\"inLanguage\":\"pt-PT\",\"@id\":\"https:\/\/brasilnoticias.org\/site\/#\/schema\/person\/image\/\",\"url\":\"https:\/\/secure.gravatar.com\/avatar\/75d8b050df2de108b08ae78dfb8e374892df24a383c67db9c46a9c604f6aee9c?s=96&d=mm&r=g\",\"contentUrl\":\"https:\/\/secure.gravatar.com\/avatar\/75d8b050df2de108b08ae78dfb8e374892df24a383c67db9c46a9c604f6aee9c?s=96&d=mm&r=g\",\"caption\":\"Reda\u00e7\u00e3o\"},\"sameAs\":[\"https:\/\/brasilnoticias.org\/site\"],\"url\":\"https:\/\/brasilnoticias.org\/site\/author\/fernandozsngmail-com\/\"}]}<\/script>\n<!-- \/ Yoast SEO plugin. -->","yoast_head_json":{"title":"Acusado de oito estupros \u00e9 preso em Dias D'\u00c1vila - Brasil not\u00edcias","robots":{"index":"index","follow":"follow","max-snippet":"max-snippet:-1","max-image-preview":"max-image-preview:large","max-video-preview":"max-video-preview:-1"},"canonical":"https:\/\/brasilnoticias.org\/site\/acusado-de-oito-estupros-e-preso-em-dias-davila\/","og_locale":"pt_PT","og_type":"article","og_title":"Acusado de oito estupros \u00e9 preso em Dias D'\u00c1vila - Brasil not\u00edcias","og_description":"Um homem acusado de oito estupros e tentativas foi preso em Dias D&#8217;\u00c1vila. Segundo a Pol\u00edcia Civil, ele j\u00e1 havia","og_url":"https:\/\/brasilnoticias.org\/site\/acusado-de-oito-estupros-e-preso-em-dias-davila\/","og_site_name":"Brasil not\u00edcias","article_published_time":"2022-11-16T21:20:56+00:00","og_image":[{"width":601,"height":421,"url":"https:\/\/brasilnoticias.org\/site\/wp-content\/uploads\/2022\/11\/csm_WhatsApp_Image_2022-11-16_at_06.19.31_6d66c01ce0.jpeg","type":"image\/jpeg"}],"author":"Reda\u00e7\u00e3o","twitter_card":"summary_large_image","twitter_misc":{"Escrito por":"Reda\u00e7\u00e3o","Tempo estimado de leitura":"1 minuto"},"schema":{"@context":"https:\/\/schema.org","@graph":[{"@type":"Article","@id":"https:\/\/brasilnoticias.org\/site\/acusado-de-oito-estupros-e-preso-em-dias-davila\/#article","isPartOf":{"@id":"https:\/\/brasilnoticias.org\/site\/acusado-de-oito-estupros-e-preso-em-dias-davila\/"},"author":{"name":"Reda\u00e7\u00e3o","@id":"https:\/\/brasilnoticias.org\/site\/#\/schema\/person\/a0e05b973ec4d15c658d51911e53507b"},"headline":"Acusado de oito estupros \u00e9 preso em Dias D&#8217;\u00c1vila","datePublished":"2022-11-16T21:20:56+00:00","mainEntityOfPage":{"@id":"https:\/\/brasilnoticias.org\/site\/acusado-de-oito-estupros-e-preso-em-dias-davila\/"},"wordCount":205,"commentCount":0,"publisher":{"@id":"https:\/\/brasilnoticias.org\/site\/#organization"},"image":{"@id":"https:\/\/brasilnoticias.org\/site\/acusado-de-oito-estupros-e-preso-em-dias-davila\/#primaryimage"},"thumbnailUrl":"https:\/\/brasilnoticias.org\/site\/wp-content\/uploads\/2022\/11\/csm_WhatsApp_Image_2022-11-16_at_06.19.31_6d66c01ce0.jpeg","articleSection":["Pol\u00edcia","\u00daltimas"],"inLanguage":"pt-PT","potentialAction":[{"@type":"CommentAction","name":"Comment","target":["https:\/\/brasilnoticias.org\/site\/acusado-de-oito-estupros-e-preso-em-dias-davila\/#respond"]}]},{"@type":"WebPage","@id":"https:\/\/brasilnoticias.org\/site\/acusado-de-oito-estupros-e-preso-em-dias-davila\/","url":"https:\/\/brasilnoticias.org\/site\/acusado-de-oito-estupros-e-preso-em-dias-davila\/","name":"Acusado de oito estupros \u00e9 preso em Dias D'\u00c1vila - Brasil not\u00edcias","isPartOf":{"@id":"https:\/\/brasilnoticias.org\/site\/#website"},"primaryImageOfPage":{"@id":"https:\/\/brasilnoticias.org\/site\/acusado-de-oito-estupros-e-preso-em-dias-davila\/#primaryimage"},"image":{"@id":"https:\/\/brasilnoticias.org\/site\/acusado-de-oito-estupros-e-preso-em-dias-davila\/#primaryimage"},"thumbnailUrl":"https:\/\/brasilnoticias.org\/site\/wp-content\/uploads\/2022\/11\/csm_WhatsApp_Image_2022-11-16_at_06.19.31_6d66c01ce0.jpeg","datePublished":"2022-11-16T21:20:56+00:00","breadcrumb":{"@id":"https:\/\/brasilnoticias.org\/site\/acusado-de-oito-estupros-e-preso-em-dias-davila\/#breadcrumb"},"inLanguage":"pt-PT","potentialAction":[{"@type":"ReadAction","target":["https:\/\/brasilnoticias.org\/site\/acusado-de-oito-estupros-e-preso-em-dias-davila\/"]}]},{"@type":"ImageObject","inLanguage":"pt-PT","@id":"https:\/\/brasilnoticias.org\/site\/acusado-de-oito-estupros-e-preso-em-dias-davila\/#primaryimage","url":"https:\/\/brasilnoticias.org\/site\/wp-content\/uploads\/2022\/11\/csm_WhatsApp_Image_2022-11-16_at_06.19.31_6d66c01ce0.jpeg","contentUrl":"https:\/\/brasilnoticias.org\/site\/wp-content\/uploads\/2022\/11\/csm_WhatsApp_Image_2022-11-16_at_06.19.31_6d66c01ce0.jpeg","width":601,"height":421},{"@type":"BreadcrumbList","@id":"https:\/\/brasilnoticias.org\/site\/acusado-de-oito-estupros-e-preso-em-dias-davila\/#breadcrumb","itemListElement":[{"@type":"ListItem","position":1,"name":"In\u00edcio","item":"https:\/\/brasilnoticias.org\/site\/"},{"@type":"ListItem","position":2,"name":"Acusado de oito estupros \u00e9 preso em Dias D&#8217;\u00c1vila"}]},{"@type":"WebSite","@id":"https:\/\/brasilnoticias.org\/site\/#website","url":"https:\/\/brasilnoticias.org\/site\/","name":"Brasil not\u00edcias","description":"Brasil not\u00edcias","publisher":{"@id":"https:\/\/brasilnoticias.org\/site\/#organization"},"potentialAction":[{"@type":"SearchAction","target":{"@type":"EntryPoint","urlTemplate":"https:\/\/brasilnoticias.org\/site\/?s={search_term_string}"},"query-input":{"@type":"PropertyValueSpecification","valueRequired":true,"valueName":"search_term_string"}}],"inLanguage":"pt-PT"},{"@type":"Organization","@id":"https:\/\/brasilnoticias.org\/site\/#organization","name":"Brasil not\u00edcias","url":"https:\/\/brasilnoticias.org\/site\/","logo":{"@type":"ImageObject","inLanguage":"pt-PT","@id":"https:\/\/brasilnoticias.org\/site\/#\/schema\/logo\/image\/","url":"https:\/\/brasilnoticias.org\/site\/wp-content\/uploads\/2022\/05\/cropped-brasilnoticias-mini.jpg","contentUrl":"https:\/\/brasilnoticias.org\/site\/wp-content\/uploads\/2022\/05\/cropped-brasilnoticias-mini.jpg","width":314,"height":86,"caption":"Brasil not\u00edcias"},"image":{"@id":"https:\/\/brasilnoticias.org\/site\/#\/schema\/logo\/image\/"}},{"@type":"Person","@id":"https:\/\/brasilnoticias.org\/site\/#\/schema\/person\/a0e05b973ec4d15c658d51911e53507b","name":"Reda\u00e7\u00e3o","image":{"@type":"ImageObject","inLanguage":"pt-PT","@id":"https:\/\/brasilnoticias.org\/site\/#\/schema\/person\/image\/","url":"https:\/\/secure.gravatar.com\/avatar\/75d8b050df2de108b08ae78dfb8e374892df24a383c67db9c46a9c604f6aee9c?s=96&d=mm&r=g","contentUrl":"https:\/\/secure.gravatar.com\/avatar\/75d8b050df2de108b08ae78dfb8e374892df24a383c67db9c46a9c604f6aee9c?s=96&d=mm&r=g","caption":"Reda\u00e7\u00e3o"},"sameAs":["https:\/\/brasilnoticias.org\/site"],"url":"https:\/\/brasilnoticias.org\/site\/author\/fernandozsngmail-com\/"}]}},"_links":{"self":[{"href":"https:\/\/brasilnoticias.org\/site\/wp-json\/wp\/v2\/posts\/2198","targetHints":{"allow":["GET"]}}],"collection":[{"href":"https:\/\/brasilnoticias.org\/site\/wp-json\/wp\/v2\/posts"}],"about":[{"href":"https:\/\/brasilnoticias.org\/site\/wp-json\/wp\/v2\/types\/post"}],"author":[{"embeddable":true,"href":"https:\/\/brasilnoticias.org\/site\/wp-json\/wp\/v2\/users\/1"}],"replies":[{"embeddable":true,"href":"https:\/\/brasilnoticias.org\/site\/wp-json\/wp\/v2\/comments?post=2198"}],"version-history":[{"count":1,"href":"https:\/\/brasilnoticias.org\/site\/wp-json\/wp\/v2\/posts\/2198\/revisions"}],"predecessor-version":[{"id":2200,"href":"https:\/\/brasilnoticias.org\/site\/wp-json\/wp\/v2\/posts\/2198\/revisions\/2200"}],"wp:featuredmedia":[{"embeddable":true,"href":"https:\/\/brasilnoticias.org\/site\/wp-json\/wp\/v2\/media\/2199"}],"wp:attachment":[{"href":"https:\/\/brasilnoticias.org\/site\/wp-json\/wp\/v2\/media?parent=2198"}],"wp:term":[{"taxonomy":"category","embeddable":true,"href":"https:\/\/brasilnoticias.org\/site\/wp-json\/wp\/v2\/categories?post=2198"},{"taxonomy":"post_tag","embeddable":true,"href":"https:\/\/brasilnoticias.org\/site\/wp-json\/wp\/v2\/tags?post=2198"}],"curies":[{"name":"wp","href":"https:\/\/api.w.org\/{rel}","templated":true}]}}