{"id":2201,"date":"2022-11-16T18:20:46","date_gmt":"2022-11-16T21:20:46","guid":{"rendered":"https:\/\/brasilnoticias.org\/site\/?p=2201"},"modified":"2022-11-16T06:47:08","modified_gmt":"2022-11-16T09:47:08","slug":"pessoas-sofrem-coceira-e-mal-estar-apos-contato-com-substancia-desconhecida-em-barra-do-jacuipe","status":"publish","type":"post","link":"https:\/\/brasilnoticias.org\/site\/pessoas-sofrem-coceira-e-mal-estar-apos-contato-com-substancia-desconhecida-em-barra-do-jacuipe\/","title":{"rendered":"Pessoas sofrem coceira e mal-estar ap\u00f3s contato com subst\u00e2ncia desconhecida em Barra do Jacu\u00edpe"},"content":{"rendered":"<p>Pessoas v\u00eam apresentando, desde o \u00faltimo fim de semana, rea\u00e7\u00f5es ap\u00f3s terem contato com uma subst\u00e2ncia esverdeada encontrada na praia de Barra do Jacu\u00edpe, em Cama\u00e7ari. \u201cEu t\u00f4 cheia de buracos nos p\u00e9s, febre de 39,6 \u00baC, com \u00e2nsia de v\u00f4mito&#8230;\u201d, conta a pescadora e marisqueira Cleidiane Portugal, 35 anos, mais conhecida como K\u00e9l Pescadora. Segundo ela, quando entrou no Rio Jacu\u00edpe \u2014 que se encontra com o mar \u2014, de madrugada, n\u00e3o conseguia ver a colora\u00e7\u00e3o diferente. <\/p>\n<p>Moradores fizeram contato com a Coordenadoria de Prote\u00e7\u00e3o e Defesa Civil de Cama\u00e7ari (Compdec) para relatar o surgimento da subst\u00e2ncia, que tem forte odor. \u201c\u00c9 um cheiro de um produto qu\u00edmico horr\u00edvel. As pessoas est\u00e3o passando mal, sentindo enjoos\u201d, descreve a assistente social Gil Tavares, 51, dona de uma casa em Barra do Jacu\u00edpe. \u201cNo primeiro dia [que ela viu a subst\u00e2ncia, s\u00e1bado, 12], eu fui tentar limpar a praia, e minha m\u00e3o come\u00e7ou a co\u00e7ar. A\u00ed, desisti\u201d, afirma Gil. &#8220;De ontem [anteontem, 14] pra hoje [ontem, 15], os siris est\u00e3o morrendo&#8221;, acrescenta ela. <\/p>\n<p>Para a fam\u00edlia da marisqueira Adriana Freitas, 34, o contato com o res\u00edduo misterioso trouxe consequ\u00eancias ainda maiores: al\u00e9m de seu esposo, o pescador Felipe Couto, 32, ter passado mal, seu cavalo, que ele tinha levado para beber \u00e1gua, morreu no domingo (13), um dia depois. Apesar de n\u00e3o saber se a morte tem rela\u00e7\u00e3o com a subst\u00e2ncia esverdeada, Adriana conta que o animal tamb\u00e9m teve diarreia.<\/p>\n<p>Felipe come\u00e7ou a apresentar rea\u00e7\u00f5es ainda de madrugada. \u201cDiarreia, dor de cabe\u00e7a, febre de 39 \u00baC e dor no est\u00f4mago\u201d, relata os sintomas apresentados por seu esposo, que chegou a recorrer a uma Unidade de Pronto Atendimento (UPA). \u201cL\u00e1, tomou a medica\u00e7\u00e3o e mandaram ele pra casa\u201d, relembra Adriana, que acompanha a recupera\u00e7\u00e3o de Felipe.<\/p>\n<p>O material, ainda n\u00e3o identificado, tamb\u00e9m foi visto em alguns pontos da praia de Jau\u00e1. \u201cOs dois salva-vidas na praia disseram que faz uns 15 dias que essas manchas verdes aparecem\u201d, revela a rela\u00e7\u00f5es-p\u00fablicas Adriana Oliveira, 50, que esteve no local durante o s\u00e1bado (12). Por\u00e9m, de acordo com o diretor da Compdec, Ivanaldo Soares, a subst\u00e2ncia chegou \u00e0s duas praias h\u00e1 menos tempo, cerca de quatro dias, e j\u00e1 n\u00e3o se faz presente em Jau\u00e1. <\/p>\n<p>\u201cA mar\u00e9 alta levou. Mas a gente fez coleta l\u00e1 em Jau\u00e1 e em Barra do Jacu\u00edpe. Inclusive, fizemos coleta de material s\u00f3lido e, tamb\u00e9m, na \u00e1gua\u201d, informa Soares. Al\u00e9m da Defesa Civil, estiveram nas praias t\u00e9cnicos da empresa de solu\u00e7\u00f5es ambientais Cetrel, que colheram o material para que fosse encaminhado ao laborat\u00f3rio. \u201cPode ser material org\u00e2nico, mas pode ser qu\u00edmico tamb\u00e9m. Estamos esperando essa an\u00e1lise feita pela Cetrel\u201d, diz. <\/p>\n<p>O diretor da Compdec, no entanto, descarta a possibilidade de vazamento provocado pela empresa. \u201cO sistema deles n\u00e3o libera [subst\u00e2ncia]. N\u00e3o houve nenhuma manobra nesse sentido, e ela [a Cetrel] est\u00e1 dando a maior for\u00e7a, para a gente saber realmente que esp\u00e9cie de produto \u00e9 esse\u201d, garante ele. \u201cO resultado da avalia\u00e7\u00e3o, quando conclu\u00eddo, ser\u00e1 comunicado ao \u00f3rg\u00e3o municipal\u201d, esclareceu a Cetrel por meio de nota. <\/p>\n<p>Durante a apura\u00e7\u00e3o, houve informa\u00e7\u00f5es de que a produtora de pigmento de tit\u00e2nio verticalmente integrado Tronox poderia ser a respons\u00e1vel pelo res\u00edduo. Procurada pela reportagem, respondeu por nota que: &#8220;N\u00e3o houve ou h\u00e1 qualquer altera\u00e7\u00e3o no processo da f\u00e1brica e todos os nossos sistemas de prote\u00e7\u00e3o ambiental funcionam normalmente. Acreditamos que a melhor fonte para explicar o fen\u00f4meno s\u00e3o os \u00f3rg\u00e3os oficiais, como o Inema&#8221;.<br \/>\nAlerta <\/p>\n<p>Diante da ocorr\u00eancia, a Defesa Civil do munic\u00edpio passou a alertar os moradores, visitantes e turistas para que redobrem a aten\u00e7\u00e3o ao ver as manchas e n\u00e3o se aproximem, evitando entrar na \u00e1gua e, consequentemente, ter contato com o res\u00edduo. A medida \u00e9 indicada at\u00e9 que seja verificada sua proced\u00eancia. \u201cSe for algo que seja um produto qu\u00edmico, vamos tentar descobrir de onde est\u00e1 vindo. E se tiver que partir para uma interdi\u00e7\u00e3o, n\u00f3s vamos faz\u00ea-la\u201d, assegura Soares.<\/p>\n<p>Informado do ocorrido pela Compdec, o Instituto do Meio Ambiente e Recursos H\u00eddricos (Inema) n\u00e3o atendeu \u00e0 solicita\u00e7\u00e3o da reportagem. Conforme a Defesa Civil, todos os colaboradores em plant\u00e3o monitoram a situa\u00e7\u00e3o. Caso as pessoas percebam &#8220;algo diferente do convencional&#8221;, devem entrar em contato com o \u00f3rg\u00e3o, por meio do telefone gratuito 199. Tamb\u00e9m est\u00e3o \u00e0 disposi\u00e7\u00e3o durante 24 horas os telefones (71) 99981 3641 e 99922-3433.<\/p>\n<p>Ao CORREIO a professora do Instituto de Geoci\u00eancias da Universidade Federal da Bahia (Igeo\/Ufba) Ol\u00edvia Oliveira, uma das coordenadoras do projeto Rebicop \u2014 voltado, desde 2019, \u00e0 pesquisa sobre as manchas de \u00f3leo no litoral brasileiro \u2014, afirmou que, em conversa com colegas, todos consentiram que, para dar um diagn\u00f3stico, \u00e9 necess\u00e1rio visitar os locais atingidos pela subst\u00e2ncia esverdeada. Ol\u00edvia sugeriu que a reportagem procurasse o Instituto Brasileiro do Meio Ambiente e dos Recursos Naturais Renov\u00e1veis (Ibama), que n\u00e3o nos respondeu at\u00e9 o fechamento da mat\u00e9ria.<\/p>\n<p>Correio da Bahia<br \/>\nFoto (Acervo pessoal | Reprodu\u00e7\u00e3o)<\/p>\n","protected":false},"excerpt":{"rendered":"<p>Pessoas v\u00eam apresentando, desde o \u00faltimo fim de semana, rea\u00e7\u00f5es ap\u00f3s terem contato com uma subst\u00e2ncia esverdeada encontrada na praia<\/p>\n","protected":false},"author":1,"featured_media":2202,"comment_status":"open","ping_status":"open","sticky":false,"template":"","format":"standard","meta":{"colormag_page_container_layout":"default_layout","colormag_page_sidebar_layout":"default_layout","_FSMCFIC_featured_image_caption":"","_FSMCFIC_featured_image_nocaption":"","_FSMCFIC_featured_image_hide":"","footnotes":""},"categories":[2,1],"tags":[],"class_list":["post-2201","post","type-post","status-publish","format-standard","has-post-thumbnail","hentry","category-noticias","category-ultimas"],"yoast_head":"<!-- This site is optimized with the Yoast SEO plugin v27.1.1 - https:\/\/yoast.com\/product\/yoast-seo-wordpress\/ -->\n<title>Pessoas sofrem coceira e mal-estar ap\u00f3s contato com subst\u00e2ncia desconhecida em Barra do Jacu\u00edpe - Brasil not\u00edcias<\/title>\n<meta name=\"robots\" content=\"index, follow, max-snippet:-1, max-image-preview:large, max-video-preview:-1\" \/>\n<link rel=\"canonical\" href=\"https:\/\/brasilnoticias.org\/site\/pessoas-sofrem-coceira-e-mal-estar-apos-contato-com-substancia-desconhecida-em-barra-do-jacuipe\/\" \/>\n<meta property=\"og:locale\" content=\"pt_PT\" \/>\n<meta property=\"og:type\" content=\"article\" \/>\n<meta property=\"og:title\" content=\"Pessoas sofrem coceira e mal-estar ap\u00f3s contato com subst\u00e2ncia desconhecida em Barra do Jacu\u00edpe - Brasil not\u00edcias\" \/>\n<meta property=\"og:description\" content=\"Pessoas v\u00eam apresentando, desde o \u00faltimo fim de semana, rea\u00e7\u00f5es ap\u00f3s terem contato com uma subst\u00e2ncia esverdeada encontrada na praia\" \/>\n<meta property=\"og:url\" content=\"https:\/\/brasilnoticias.org\/site\/pessoas-sofrem-coceira-e-mal-estar-apos-contato-com-substancia-desconhecida-em-barra-do-jacuipe\/\" \/>\n<meta property=\"og:site_name\" content=\"Brasil not\u00edcias\" \/>\n<meta property=\"article:published_time\" content=\"2022-11-16T21:20:46+00:00\" \/>\n<meta property=\"og:image\" content=\"https:\/\/brasilnoticias.org\/site\/wp-content\/uploads\/2022\/11\/csm_Collage_Maker-15-Nov-2022-06.16-PM_c6da4f2954.jpg\" \/>\n\t<meta property=\"og:image:width\" content=\"940\" \/>\n\t<meta property=\"og:image:height\" content=\"586\" \/>\n\t<meta property=\"og:image:type\" content=\"image\/jpeg\" \/>\n<meta name=\"author\" content=\"Reda\u00e7\u00e3o\" \/>\n<meta name=\"twitter:card\" content=\"summary_large_image\" \/>\n<meta name=\"twitter:label1\" content=\"Escrito por\" \/>\n\t<meta name=\"twitter:data1\" content=\"Reda\u00e7\u00e3o\" \/>\n\t<meta name=\"twitter:label2\" content=\"Tempo estimado de leitura\" \/>\n\t<meta name=\"twitter:data2\" content=\"4 minutos\" \/>\n<script type=\"application\/ld+json\" class=\"yoast-schema-graph\">{\"@context\":\"https:\/\/schema.org\",\"@graph\":[{\"@type\":\"Article\",\"@id\":\"https:\/\/brasilnoticias.org\/site\/pessoas-sofrem-coceira-e-mal-estar-apos-contato-com-substancia-desconhecida-em-barra-do-jacuipe\/#article\",\"isPartOf\":{\"@id\":\"https:\/\/brasilnoticias.org\/site\/pessoas-sofrem-coceira-e-mal-estar-apos-contato-com-substancia-desconhecida-em-barra-do-jacuipe\/\"},\"author\":{\"name\":\"Reda\u00e7\u00e3o\",\"@id\":\"https:\/\/brasilnoticias.org\/site\/#\/schema\/person\/a0e05b973ec4d15c658d51911e53507b\"},\"headline\":\"Pessoas sofrem coceira e mal-estar ap\u00f3s contato com subst\u00e2ncia desconhecida em Barra do Jacu\u00edpe\",\"datePublished\":\"2022-11-16T21:20:46+00:00\",\"mainEntityOfPage\":{\"@id\":\"https:\/\/brasilnoticias.org\/site\/pessoas-sofrem-coceira-e-mal-estar-apos-contato-com-substancia-desconhecida-em-barra-do-jacuipe\/\"},\"wordCount\":905,\"commentCount\":0,\"publisher\":{\"@id\":\"https:\/\/brasilnoticias.org\/site\/#organization\"},\"image\":{\"@id\":\"https:\/\/brasilnoticias.org\/site\/pessoas-sofrem-coceira-e-mal-estar-apos-contato-com-substancia-desconhecida-em-barra-do-jacuipe\/#primaryimage\"},\"thumbnailUrl\":\"https:\/\/brasilnoticias.org\/site\/wp-content\/uploads\/2022\/11\/csm_Collage_Maker-15-Nov-2022-06.16-PM_c6da4f2954.jpg\",\"articleSection\":[\"Not\u00edcias\",\"\u00daltimas\"],\"inLanguage\":\"pt-PT\",\"potentialAction\":[{\"@type\":\"CommentAction\",\"name\":\"Comment\",\"target\":[\"https:\/\/brasilnoticias.org\/site\/pessoas-sofrem-coceira-e-mal-estar-apos-contato-com-substancia-desconhecida-em-barra-do-jacuipe\/#respond\"]}]},{\"@type\":\"WebPage\",\"@id\":\"https:\/\/brasilnoticias.org\/site\/pessoas-sofrem-coceira-e-mal-estar-apos-contato-com-substancia-desconhecida-em-barra-do-jacuipe\/\",\"url\":\"https:\/\/brasilnoticias.org\/site\/pessoas-sofrem-coceira-e-mal-estar-apos-contato-com-substancia-desconhecida-em-barra-do-jacuipe\/\",\"name\":\"Pessoas sofrem coceira e mal-estar ap\u00f3s contato com subst\u00e2ncia desconhecida em Barra do Jacu\u00edpe - Brasil not\u00edcias\",\"isPartOf\":{\"@id\":\"https:\/\/brasilnoticias.org\/site\/#website\"},\"primaryImageOfPage\":{\"@id\":\"https:\/\/brasilnoticias.org\/site\/pessoas-sofrem-coceira-e-mal-estar-apos-contato-com-substancia-desconhecida-em-barra-do-jacuipe\/#primaryimage\"},\"image\":{\"@id\":\"https:\/\/brasilnoticias.org\/site\/pessoas-sofrem-coceira-e-mal-estar-apos-contato-com-substancia-desconhecida-em-barra-do-jacuipe\/#primaryimage\"},\"thumbnailUrl\":\"https:\/\/brasilnoticias.org\/site\/wp-content\/uploads\/2022\/11\/csm_Collage_Maker-15-Nov-2022-06.16-PM_c6da4f2954.jpg\",\"datePublished\":\"2022-11-16T21:20:46+00:00\",\"breadcrumb\":{\"@id\":\"https:\/\/brasilnoticias.org\/site\/pessoas-sofrem-coceira-e-mal-estar-apos-contato-com-substancia-desconhecida-em-barra-do-jacuipe\/#breadcrumb\"},\"inLanguage\":\"pt-PT\",\"potentialAction\":[{\"@type\":\"ReadAction\",\"target\":[\"https:\/\/brasilnoticias.org\/site\/pessoas-sofrem-coceira-e-mal-estar-apos-contato-com-substancia-desconhecida-em-barra-do-jacuipe\/\"]}]},{\"@type\":\"ImageObject\",\"inLanguage\":\"pt-PT\",\"@id\":\"https:\/\/brasilnoticias.org\/site\/pessoas-sofrem-coceira-e-mal-estar-apos-contato-com-substancia-desconhecida-em-barra-do-jacuipe\/#primaryimage\",\"url\":\"https:\/\/brasilnoticias.org\/site\/wp-content\/uploads\/2022\/11\/csm_Collage_Maker-15-Nov-2022-06.16-PM_c6da4f2954.jpg\",\"contentUrl\":\"https:\/\/brasilnoticias.org\/site\/wp-content\/uploads\/2022\/11\/csm_Collage_Maker-15-Nov-2022-06.16-PM_c6da4f2954.jpg\",\"width\":940,\"height\":586},{\"@type\":\"BreadcrumbList\",\"@id\":\"https:\/\/brasilnoticias.org\/site\/pessoas-sofrem-coceira-e-mal-estar-apos-contato-com-substancia-desconhecida-em-barra-do-jacuipe\/#breadcrumb\",\"itemListElement\":[{\"@type\":\"ListItem\",\"position\":1,\"name\":\"In\u00edcio\",\"item\":\"https:\/\/brasilnoticias.org\/site\/\"},{\"@type\":\"ListItem\",\"position\":2,\"name\":\"Pessoas sofrem coceira e mal-estar ap\u00f3s contato com subst\u00e2ncia desconhecida em Barra do Jacu\u00edpe\"}]},{\"@type\":\"WebSite\",\"@id\":\"https:\/\/brasilnoticias.org\/site\/#website\",\"url\":\"https:\/\/brasilnoticias.org\/site\/\",\"name\":\"Brasil not\u00edcias\",\"description\":\"Brasil not\u00edcias\",\"publisher\":{\"@id\":\"https:\/\/brasilnoticias.org\/site\/#organization\"},\"potentialAction\":[{\"@type\":\"SearchAction\",\"target\":{\"@type\":\"EntryPoint\",\"urlTemplate\":\"https:\/\/brasilnoticias.org\/site\/?s={search_term_string}\"},\"query-input\":{\"@type\":\"PropertyValueSpecification\",\"valueRequired\":true,\"valueName\":\"search_term_string\"}}],\"inLanguage\":\"pt-PT\"},{\"@type\":\"Organization\",\"@id\":\"https:\/\/brasilnoticias.org\/site\/#organization\",\"name\":\"Brasil not\u00edcias\",\"url\":\"https:\/\/brasilnoticias.org\/site\/\",\"logo\":{\"@type\":\"ImageObject\",\"inLanguage\":\"pt-PT\",\"@id\":\"https:\/\/brasilnoticias.org\/site\/#\/schema\/logo\/image\/\",\"url\":\"https:\/\/brasilnoticias.org\/site\/wp-content\/uploads\/2022\/05\/cropped-brasilnoticias-mini.jpg\",\"contentUrl\":\"https:\/\/brasilnoticias.org\/site\/wp-content\/uploads\/2022\/05\/cropped-brasilnoticias-mini.jpg\",\"width\":314,\"height\":86,\"caption\":\"Brasil not\u00edcias\"},\"image\":{\"@id\":\"https:\/\/brasilnoticias.org\/site\/#\/schema\/logo\/image\/\"}},{\"@type\":\"Person\",\"@id\":\"https:\/\/brasilnoticias.org\/site\/#\/schema\/person\/a0e05b973ec4d15c658d51911e53507b\",\"name\":\"Reda\u00e7\u00e3o\",\"image\":{\"@type\":\"ImageObject\",\"inLanguage\":\"pt-PT\",\"@id\":\"https:\/\/brasilnoticias.org\/site\/#\/schema\/person\/image\/\",\"url\":\"https:\/\/secure.gravatar.com\/avatar\/75d8b050df2de108b08ae78dfb8e374892df24a383c67db9c46a9c604f6aee9c?s=96&d=mm&r=g\",\"contentUrl\":\"https:\/\/secure.gravatar.com\/avatar\/75d8b050df2de108b08ae78dfb8e374892df24a383c67db9c46a9c604f6aee9c?s=96&d=mm&r=g\",\"caption\":\"Reda\u00e7\u00e3o\"},\"sameAs\":[\"https:\/\/brasilnoticias.org\/site\"],\"url\":\"https:\/\/brasilnoticias.org\/site\/author\/fernandozsngmail-com\/\"}]}<\/script>\n<!-- \/ Yoast SEO plugin. -->","yoast_head_json":{"title":"Pessoas sofrem coceira e mal-estar ap\u00f3s contato com subst\u00e2ncia desconhecida em Barra do Jacu\u00edpe - Brasil not\u00edcias","robots":{"index":"index","follow":"follow","max-snippet":"max-snippet:-1","max-image-preview":"max-image-preview:large","max-video-preview":"max-video-preview:-1"},"canonical":"https:\/\/brasilnoticias.org\/site\/pessoas-sofrem-coceira-e-mal-estar-apos-contato-com-substancia-desconhecida-em-barra-do-jacuipe\/","og_locale":"pt_PT","og_type":"article","og_title":"Pessoas sofrem coceira e mal-estar ap\u00f3s contato com subst\u00e2ncia desconhecida em Barra do Jacu\u00edpe - Brasil not\u00edcias","og_description":"Pessoas v\u00eam apresentando, desde o \u00faltimo fim de semana, rea\u00e7\u00f5es ap\u00f3s terem contato com uma subst\u00e2ncia esverdeada encontrada na praia","og_url":"https:\/\/brasilnoticias.org\/site\/pessoas-sofrem-coceira-e-mal-estar-apos-contato-com-substancia-desconhecida-em-barra-do-jacuipe\/","og_site_name":"Brasil not\u00edcias","article_published_time":"2022-11-16T21:20:46+00:00","og_image":[{"width":940,"height":586,"url":"https:\/\/brasilnoticias.org\/site\/wp-content\/uploads\/2022\/11\/csm_Collage_Maker-15-Nov-2022-06.16-PM_c6da4f2954.jpg","type":"image\/jpeg"}],"author":"Reda\u00e7\u00e3o","twitter_card":"summary_large_image","twitter_misc":{"Escrito por":"Reda\u00e7\u00e3o","Tempo estimado de leitura":"4 minutos"},"schema":{"@context":"https:\/\/schema.org","@graph":[{"@type":"Article","@id":"https:\/\/brasilnoticias.org\/site\/pessoas-sofrem-coceira-e-mal-estar-apos-contato-com-substancia-desconhecida-em-barra-do-jacuipe\/#article","isPartOf":{"@id":"https:\/\/brasilnoticias.org\/site\/pessoas-sofrem-coceira-e-mal-estar-apos-contato-com-substancia-desconhecida-em-barra-do-jacuipe\/"},"author":{"name":"Reda\u00e7\u00e3o","@id":"https:\/\/brasilnoticias.org\/site\/#\/schema\/person\/a0e05b973ec4d15c658d51911e53507b"},"headline":"Pessoas sofrem coceira e mal-estar ap\u00f3s contato com subst\u00e2ncia desconhecida em Barra do Jacu\u00edpe","datePublished":"2022-11-16T21:20:46+00:00","mainEntityOfPage":{"@id":"https:\/\/brasilnoticias.org\/site\/pessoas-sofrem-coceira-e-mal-estar-apos-contato-com-substancia-desconhecida-em-barra-do-jacuipe\/"},"wordCount":905,"commentCount":0,"publisher":{"@id":"https:\/\/brasilnoticias.org\/site\/#organization"},"image":{"@id":"https:\/\/brasilnoticias.org\/site\/pessoas-sofrem-coceira-e-mal-estar-apos-contato-com-substancia-desconhecida-em-barra-do-jacuipe\/#primaryimage"},"thumbnailUrl":"https:\/\/brasilnoticias.org\/site\/wp-content\/uploads\/2022\/11\/csm_Collage_Maker-15-Nov-2022-06.16-PM_c6da4f2954.jpg","articleSection":["Not\u00edcias","\u00daltimas"],"inLanguage":"pt-PT","potentialAction":[{"@type":"CommentAction","name":"Comment","target":["https:\/\/brasilnoticias.org\/site\/pessoas-sofrem-coceira-e-mal-estar-apos-contato-com-substancia-desconhecida-em-barra-do-jacuipe\/#respond"]}]},{"@type":"WebPage","@id":"https:\/\/brasilnoticias.org\/site\/pessoas-sofrem-coceira-e-mal-estar-apos-contato-com-substancia-desconhecida-em-barra-do-jacuipe\/","url":"https:\/\/brasilnoticias.org\/site\/pessoas-sofrem-coceira-e-mal-estar-apos-contato-com-substancia-desconhecida-em-barra-do-jacuipe\/","name":"Pessoas sofrem coceira e mal-estar ap\u00f3s contato com subst\u00e2ncia desconhecida em Barra do Jacu\u00edpe - Brasil not\u00edcias","isPartOf":{"@id":"https:\/\/brasilnoticias.org\/site\/#website"},"primaryImageOfPage":{"@id":"https:\/\/brasilnoticias.org\/site\/pessoas-sofrem-coceira-e-mal-estar-apos-contato-com-substancia-desconhecida-em-barra-do-jacuipe\/#primaryimage"},"image":{"@id":"https:\/\/brasilnoticias.org\/site\/pessoas-sofrem-coceira-e-mal-estar-apos-contato-com-substancia-desconhecida-em-barra-do-jacuipe\/#primaryimage"},"thumbnailUrl":"https:\/\/brasilnoticias.org\/site\/wp-content\/uploads\/2022\/11\/csm_Collage_Maker-15-Nov-2022-06.16-PM_c6da4f2954.jpg","datePublished":"2022-11-16T21:20:46+00:00","breadcrumb":{"@id":"https:\/\/brasilnoticias.org\/site\/pessoas-sofrem-coceira-e-mal-estar-apos-contato-com-substancia-desconhecida-em-barra-do-jacuipe\/#breadcrumb"},"inLanguage":"pt-PT","potentialAction":[{"@type":"ReadAction","target":["https:\/\/brasilnoticias.org\/site\/pessoas-sofrem-coceira-e-mal-estar-apos-contato-com-substancia-desconhecida-em-barra-do-jacuipe\/"]}]},{"@type":"ImageObject","inLanguage":"pt-PT","@id":"https:\/\/brasilnoticias.org\/site\/pessoas-sofrem-coceira-e-mal-estar-apos-contato-com-substancia-desconhecida-em-barra-do-jacuipe\/#primaryimage","url":"https:\/\/brasilnoticias.org\/site\/wp-content\/uploads\/2022\/11\/csm_Collage_Maker-15-Nov-2022-06.16-PM_c6da4f2954.jpg","contentUrl":"https:\/\/brasilnoticias.org\/site\/wp-content\/uploads\/2022\/11\/csm_Collage_Maker-15-Nov-2022-06.16-PM_c6da4f2954.jpg","width":940,"height":586},{"@type":"BreadcrumbList","@id":"https:\/\/brasilnoticias.org\/site\/pessoas-sofrem-coceira-e-mal-estar-apos-contato-com-substancia-desconhecida-em-barra-do-jacuipe\/#breadcrumb","itemListElement":[{"@type":"ListItem","position":1,"name":"In\u00edcio","item":"https:\/\/brasilnoticias.org\/site\/"},{"@type":"ListItem","position":2,"name":"Pessoas sofrem coceira e mal-estar ap\u00f3s contato com subst\u00e2ncia desconhecida em Barra do Jacu\u00edpe"}]},{"@type":"WebSite","@id":"https:\/\/brasilnoticias.org\/site\/#website","url":"https:\/\/brasilnoticias.org\/site\/","name":"Brasil not\u00edcias","description":"Brasil not\u00edcias","publisher":{"@id":"https:\/\/brasilnoticias.org\/site\/#organization"},"potentialAction":[{"@type":"SearchAction","target":{"@type":"EntryPoint","urlTemplate":"https:\/\/brasilnoticias.org\/site\/?s={search_term_string}"},"query-input":{"@type":"PropertyValueSpecification","valueRequired":true,"valueName":"search_term_string"}}],"inLanguage":"pt-PT"},{"@type":"Organization","@id":"https:\/\/brasilnoticias.org\/site\/#organization","name":"Brasil not\u00edcias","url":"https:\/\/brasilnoticias.org\/site\/","logo":{"@type":"ImageObject","inLanguage":"pt-PT","@id":"https:\/\/brasilnoticias.org\/site\/#\/schema\/logo\/image\/","url":"https:\/\/brasilnoticias.org\/site\/wp-content\/uploads\/2022\/05\/cropped-brasilnoticias-mini.jpg","contentUrl":"https:\/\/brasilnoticias.org\/site\/wp-content\/uploads\/2022\/05\/cropped-brasilnoticias-mini.jpg","width":314,"height":86,"caption":"Brasil not\u00edcias"},"image":{"@id":"https:\/\/brasilnoticias.org\/site\/#\/schema\/logo\/image\/"}},{"@type":"Person","@id":"https:\/\/brasilnoticias.org\/site\/#\/schema\/person\/a0e05b973ec4d15c658d51911e53507b","name":"Reda\u00e7\u00e3o","image":{"@type":"ImageObject","inLanguage":"pt-PT","@id":"https:\/\/brasilnoticias.org\/site\/#\/schema\/person\/image\/","url":"https:\/\/secure.gravatar.com\/avatar\/75d8b050df2de108b08ae78dfb8e374892df24a383c67db9c46a9c604f6aee9c?s=96&d=mm&r=g","contentUrl":"https:\/\/secure.gravatar.com\/avatar\/75d8b050df2de108b08ae78dfb8e374892df24a383c67db9c46a9c604f6aee9c?s=96&d=mm&r=g","caption":"Reda\u00e7\u00e3o"},"sameAs":["https:\/\/brasilnoticias.org\/site"],"url":"https:\/\/brasilnoticias.org\/site\/author\/fernandozsngmail-com\/"}]}},"_links":{"self":[{"href":"https:\/\/brasilnoticias.org\/site\/wp-json\/wp\/v2\/posts\/2201","targetHints":{"allow":["GET"]}}],"collection":[{"href":"https:\/\/brasilnoticias.org\/site\/wp-json\/wp\/v2\/posts"}],"about":[{"href":"https:\/\/brasilnoticias.org\/site\/wp-json\/wp\/v2\/types\/post"}],"author":[{"embeddable":true,"href":"https:\/\/brasilnoticias.org\/site\/wp-json\/wp\/v2\/users\/1"}],"replies":[{"embeddable":true,"href":"https:\/\/brasilnoticias.org\/site\/wp-json\/wp\/v2\/comments?post=2201"}],"version-history":[{"count":1,"href":"https:\/\/brasilnoticias.org\/site\/wp-json\/wp\/v2\/posts\/2201\/revisions"}],"predecessor-version":[{"id":2203,"href":"https:\/\/brasilnoticias.org\/site\/wp-json\/wp\/v2\/posts\/2201\/revisions\/2203"}],"wp:featuredmedia":[{"embeddable":true,"href":"https:\/\/brasilnoticias.org\/site\/wp-json\/wp\/v2\/media\/2202"}],"wp:attachment":[{"href":"https:\/\/brasilnoticias.org\/site\/wp-json\/wp\/v2\/media?parent=2201"}],"wp:term":[{"taxonomy":"category","embeddable":true,"href":"https:\/\/brasilnoticias.org\/site\/wp-json\/wp\/v2\/categories?post=2201"},{"taxonomy":"post_tag","embeddable":true,"href":"https:\/\/brasilnoticias.org\/site\/wp-json\/wp\/v2\/tags?post=2201"}],"curies":[{"name":"wp","href":"https:\/\/api.w.org\/{rel}","templated":true}]}}