{"id":2210,"date":"2022-11-17T07:20:12","date_gmt":"2022-11-17T10:20:12","guid":{"rendered":"https:\/\/brasilnoticias.org\/site\/?p=2210"},"modified":"2022-11-16T20:18:14","modified_gmt":"2022-11-16T23:18:14","slug":"isabel-icone-do-volei-morre-dois-dias-apos-entrar-em-grupo-de-transicao-do-governo-lula","status":"publish","type":"post","link":"https:\/\/brasilnoticias.org\/site\/isabel-icone-do-volei-morre-dois-dias-apos-entrar-em-grupo-de-transicao-do-governo-lula\/","title":{"rendered":"Isabel, \u00edcone do v\u00f4lei, morre dois dias ap\u00f3s entrar em grupo de transi\u00e7\u00e3o do governo Lula"},"content":{"rendered":"<p>Morreu nesta quarta-feira (16) a ex-jogadora de v\u00f4lei e v\u00f4lei de praia Isabel Salgado, a Isabel do V\u00f4lei, aos 62 anos. Na segunda-feira (14), ela havia sido inclu\u00edda no grupo de transi\u00e7\u00e3o do esporte do governo do presidente eleito Lula (PT). Naquele dia, j\u00e1 n\u00e3o estava bem. Ontem foi diagnosticada com uma bact\u00e9ria no pulm\u00e3o, e hoje faleceu de madrugada.<\/p>\n<p>A morte foi confirmada pela produtora de cinema Paula Barreto, em mensagem no grupo Esporte Pela Democracia. &#8220;Fiz um call com ela na segunda-feira. Ela estava super gripada. Falei para ela ir a um hospital, ela me disse que j\u00e1 tinha ido e testado negativo para Covid. Na segunda a noite foi dormir e passou mal.<\/p>\n<p>Deixou de ir para o hospital S\u00edrio na ter\u00e7a de manh\u00e3. Quando acordou na ter\u00e7a j\u00e1 estava bem pior. Internou no S\u00edrio j\u00e1 no CTI. Detectaram uma bact\u00e9ria que j\u00e1 tinha tomado todo o pulm\u00e3o. Foi entubada e teve uma parada card\u00edaca \u00e0s 4h da manh\u00e3 de hoje&#8221;, escreveu Paula. \u00c0 coluna, a produtora informou que recebeu a informa\u00e7\u00e3o da irm\u00e3 da Isabel, In\u00eas, que \u00e9 figurinista de um filme que ela est\u00e1 rodando.<\/p>\n<p>&nbsp;<\/p>\n<p>Foto: Reprodu\u00e7\u00e3o\/F\u00e1bio Motta\/Estad\u00e3o<br \/>\nPor: Metro1<\/p>\n","protected":false},"excerpt":{"rendered":"<p>Morreu nesta quarta-feira (16) a ex-jogadora de v\u00f4lei e v\u00f4lei de praia Isabel Salgado, a Isabel do V\u00f4lei, aos 62<\/p>\n","protected":false},"author":1,"featured_media":2211,"comment_status":"open","ping_status":"open","sticky":false,"template":"","format":"standard","meta":{"colormag_page_container_layout":"default_layout","colormag_page_sidebar_layout":"default_layout","_FSMCFIC_featured_image_caption":"","_FSMCFIC_featured_image_nocaption":"","_FSMCFIC_featured_image_hide":"","footnotes":""},"categories":[2,1],"tags":[],"class_list":["post-2210","post","type-post","status-publish","format-standard","has-post-thumbnail","hentry","category-noticias","category-ultimas"],"yoast_head":"<!-- This site is optimized with the Yoast SEO plugin v27.1.1 - https:\/\/yoast.com\/product\/yoast-seo-wordpress\/ -->\n<title>Isabel, \u00edcone do v\u00f4lei, morre dois dias ap\u00f3s entrar em grupo de transi\u00e7\u00e3o do governo Lula - Brasil not\u00edcias<\/title>\n<meta name=\"robots\" content=\"index, follow, max-snippet:-1, max-image-preview:large, max-video-preview:-1\" \/>\n<link rel=\"canonical\" href=\"https:\/\/brasilnoticias.org\/site\/isabel-icone-do-volei-morre-dois-dias-apos-entrar-em-grupo-de-transicao-do-governo-lula\/\" \/>\n<meta property=\"og:locale\" content=\"pt_PT\" \/>\n<meta property=\"og:type\" content=\"article\" \/>\n<meta property=\"og:title\" content=\"Isabel, \u00edcone do v\u00f4lei, morre dois dias ap\u00f3s entrar em grupo de transi\u00e7\u00e3o do governo Lula - Brasil not\u00edcias\" \/>\n<meta property=\"og:description\" content=\"Morreu nesta quarta-feira (16) a ex-jogadora de v\u00f4lei e v\u00f4lei de praia Isabel Salgado, a Isabel do V\u00f4lei, aos 62\" \/>\n<meta property=\"og:url\" content=\"https:\/\/brasilnoticias.org\/site\/isabel-icone-do-volei-morre-dois-dias-apos-entrar-em-grupo-de-transicao-do-governo-lula\/\" \/>\n<meta property=\"og:site_name\" content=\"Brasil not\u00edcias\" \/>\n<meta property=\"article:published_time\" content=\"2022-11-17T10:20:12+00:00\" \/>\n<meta property=\"og:image\" content=\"https:\/\/brasilnoticias.org\/site\/wp-content\/uploads\/2022\/11\/130455isabel-icone-do-volei-morre-dois-dias-apos-entrar-em-grupo-de-transicao-do-governo-lula-3.jpg\" \/>\n\t<meta property=\"og:image:width\" content=\"1600\" \/>\n\t<meta property=\"og:image:height\" content=\"752\" \/>\n\t<meta property=\"og:image:type\" content=\"image\/jpeg\" \/>\n<meta name=\"author\" content=\"Reda\u00e7\u00e3o\" \/>\n<meta name=\"twitter:card\" content=\"summary_large_image\" \/>\n<meta name=\"twitter:label1\" content=\"Escrito por\" \/>\n\t<meta name=\"twitter:data1\" content=\"Reda\u00e7\u00e3o\" \/>\n\t<meta name=\"twitter:label2\" content=\"Tempo estimado de leitura\" \/>\n\t<meta name=\"twitter:data2\" content=\"1 minuto\" \/>\n<script type=\"application\/ld+json\" class=\"yoast-schema-graph\">{\"@context\":\"https:\/\/schema.org\",\"@graph\":[{\"@type\":\"Article\",\"@id\":\"https:\/\/brasilnoticias.org\/site\/isabel-icone-do-volei-morre-dois-dias-apos-entrar-em-grupo-de-transicao-do-governo-lula\/#article\",\"isPartOf\":{\"@id\":\"https:\/\/brasilnoticias.org\/site\/isabel-icone-do-volei-morre-dois-dias-apos-entrar-em-grupo-de-transicao-do-governo-lula\/\"},\"author\":{\"name\":\"Reda\u00e7\u00e3o\",\"@id\":\"https:\/\/brasilnoticias.org\/site\/#\/schema\/person\/a0e05b973ec4d15c658d51911e53507b\"},\"headline\":\"Isabel, \u00edcone do v\u00f4lei, morre dois dias ap\u00f3s entrar em grupo de transi\u00e7\u00e3o do governo Lula\",\"datePublished\":\"2022-11-17T10:20:12+00:00\",\"mainEntityOfPage\":{\"@id\":\"https:\/\/brasilnoticias.org\/site\/isabel-icone-do-volei-morre-dois-dias-apos-entrar-em-grupo-de-transicao-do-governo-lula\/\"},\"wordCount\":232,\"commentCount\":0,\"publisher\":{\"@id\":\"https:\/\/brasilnoticias.org\/site\/#organization\"},\"image\":{\"@id\":\"https:\/\/brasilnoticias.org\/site\/isabel-icone-do-volei-morre-dois-dias-apos-entrar-em-grupo-de-transicao-do-governo-lula\/#primaryimage\"},\"thumbnailUrl\":\"https:\/\/brasilnoticias.org\/site\/wp-content\/uploads\/2022\/11\/130455isabel-icone-do-volei-morre-dois-dias-apos-entrar-em-grupo-de-transicao-do-governo-lula-3.jpg\",\"articleSection\":[\"Not\u00edcias\",\"\u00daltimas\"],\"inLanguage\":\"pt-PT\",\"potentialAction\":[{\"@type\":\"CommentAction\",\"name\":\"Comment\",\"target\":[\"https:\/\/brasilnoticias.org\/site\/isabel-icone-do-volei-morre-dois-dias-apos-entrar-em-grupo-de-transicao-do-governo-lula\/#respond\"]}]},{\"@type\":\"WebPage\",\"@id\":\"https:\/\/brasilnoticias.org\/site\/isabel-icone-do-volei-morre-dois-dias-apos-entrar-em-grupo-de-transicao-do-governo-lula\/\",\"url\":\"https:\/\/brasilnoticias.org\/site\/isabel-icone-do-volei-morre-dois-dias-apos-entrar-em-grupo-de-transicao-do-governo-lula\/\",\"name\":\"Isabel, \u00edcone do v\u00f4lei, morre dois dias ap\u00f3s entrar em grupo de transi\u00e7\u00e3o do governo Lula - Brasil not\u00edcias\",\"isPartOf\":{\"@id\":\"https:\/\/brasilnoticias.org\/site\/#website\"},\"primaryImageOfPage\":{\"@id\":\"https:\/\/brasilnoticias.org\/site\/isabel-icone-do-volei-morre-dois-dias-apos-entrar-em-grupo-de-transicao-do-governo-lula\/#primaryimage\"},\"image\":{\"@id\":\"https:\/\/brasilnoticias.org\/site\/isabel-icone-do-volei-morre-dois-dias-apos-entrar-em-grupo-de-transicao-do-governo-lula\/#primaryimage\"},\"thumbnailUrl\":\"https:\/\/brasilnoticias.org\/site\/wp-content\/uploads\/2022\/11\/130455isabel-icone-do-volei-morre-dois-dias-apos-entrar-em-grupo-de-transicao-do-governo-lula-3.jpg\",\"datePublished\":\"2022-11-17T10:20:12+00:00\",\"breadcrumb\":{\"@id\":\"https:\/\/brasilnoticias.org\/site\/isabel-icone-do-volei-morre-dois-dias-apos-entrar-em-grupo-de-transicao-do-governo-lula\/#breadcrumb\"},\"inLanguage\":\"pt-PT\",\"potentialAction\":[{\"@type\":\"ReadAction\",\"target\":[\"https:\/\/brasilnoticias.org\/site\/isabel-icone-do-volei-morre-dois-dias-apos-entrar-em-grupo-de-transicao-do-governo-lula\/\"]}]},{\"@type\":\"ImageObject\",\"inLanguage\":\"pt-PT\",\"@id\":\"https:\/\/brasilnoticias.org\/site\/isabel-icone-do-volei-morre-dois-dias-apos-entrar-em-grupo-de-transicao-do-governo-lula\/#primaryimage\",\"url\":\"https:\/\/brasilnoticias.org\/site\/wp-content\/uploads\/2022\/11\/130455isabel-icone-do-volei-morre-dois-dias-apos-entrar-em-grupo-de-transicao-do-governo-lula-3.jpg\",\"contentUrl\":\"https:\/\/brasilnoticias.org\/site\/wp-content\/uploads\/2022\/11\/130455isabel-icone-do-volei-morre-dois-dias-apos-entrar-em-grupo-de-transicao-do-governo-lula-3.jpg\",\"width\":1600,\"height\":752},{\"@type\":\"BreadcrumbList\",\"@id\":\"https:\/\/brasilnoticias.org\/site\/isabel-icone-do-volei-morre-dois-dias-apos-entrar-em-grupo-de-transicao-do-governo-lula\/#breadcrumb\",\"itemListElement\":[{\"@type\":\"ListItem\",\"position\":1,\"name\":\"In\u00edcio\",\"item\":\"https:\/\/brasilnoticias.org\/site\/\"},{\"@type\":\"ListItem\",\"position\":2,\"name\":\"Isabel, \u00edcone do v\u00f4lei, morre dois dias ap\u00f3s entrar em grupo de transi\u00e7\u00e3o do governo Lula\"}]},{\"@type\":\"WebSite\",\"@id\":\"https:\/\/brasilnoticias.org\/site\/#website\",\"url\":\"https:\/\/brasilnoticias.org\/site\/\",\"name\":\"Brasil not\u00edcias\",\"description\":\"Brasil not\u00edcias\",\"publisher\":{\"@id\":\"https:\/\/brasilnoticias.org\/site\/#organization\"},\"potentialAction\":[{\"@type\":\"SearchAction\",\"target\":{\"@type\":\"EntryPoint\",\"urlTemplate\":\"https:\/\/brasilnoticias.org\/site\/?s={search_term_string}\"},\"query-input\":{\"@type\":\"PropertyValueSpecification\",\"valueRequired\":true,\"valueName\":\"search_term_string\"}}],\"inLanguage\":\"pt-PT\"},{\"@type\":\"Organization\",\"@id\":\"https:\/\/brasilnoticias.org\/site\/#organization\",\"name\":\"Brasil not\u00edcias\",\"url\":\"https:\/\/brasilnoticias.org\/site\/\",\"logo\":{\"@type\":\"ImageObject\",\"inLanguage\":\"pt-PT\",\"@id\":\"https:\/\/brasilnoticias.org\/site\/#\/schema\/logo\/image\/\",\"url\":\"https:\/\/brasilnoticias.org\/site\/wp-content\/uploads\/2022\/05\/cropped-brasilnoticias-mini.jpg\",\"contentUrl\":\"https:\/\/brasilnoticias.org\/site\/wp-content\/uploads\/2022\/05\/cropped-brasilnoticias-mini.jpg\",\"width\":314,\"height\":86,\"caption\":\"Brasil not\u00edcias\"},\"image\":{\"@id\":\"https:\/\/brasilnoticias.org\/site\/#\/schema\/logo\/image\/\"}},{\"@type\":\"Person\",\"@id\":\"https:\/\/brasilnoticias.org\/site\/#\/schema\/person\/a0e05b973ec4d15c658d51911e53507b\",\"name\":\"Reda\u00e7\u00e3o\",\"image\":{\"@type\":\"ImageObject\",\"inLanguage\":\"pt-PT\",\"@id\":\"https:\/\/brasilnoticias.org\/site\/#\/schema\/person\/image\/\",\"url\":\"https:\/\/secure.gravatar.com\/avatar\/75d8b050df2de108b08ae78dfb8e374892df24a383c67db9c46a9c604f6aee9c?s=96&d=mm&r=g\",\"contentUrl\":\"https:\/\/secure.gravatar.com\/avatar\/75d8b050df2de108b08ae78dfb8e374892df24a383c67db9c46a9c604f6aee9c?s=96&d=mm&r=g\",\"caption\":\"Reda\u00e7\u00e3o\"},\"sameAs\":[\"https:\/\/brasilnoticias.org\/site\"],\"url\":\"https:\/\/brasilnoticias.org\/site\/author\/fernandozsngmail-com\/\"}]}<\/script>\n<!-- \/ Yoast SEO plugin. -->","yoast_head_json":{"title":"Isabel, \u00edcone do v\u00f4lei, morre dois dias ap\u00f3s entrar em grupo de transi\u00e7\u00e3o do governo Lula - Brasil not\u00edcias","robots":{"index":"index","follow":"follow","max-snippet":"max-snippet:-1","max-image-preview":"max-image-preview:large","max-video-preview":"max-video-preview:-1"},"canonical":"https:\/\/brasilnoticias.org\/site\/isabel-icone-do-volei-morre-dois-dias-apos-entrar-em-grupo-de-transicao-do-governo-lula\/","og_locale":"pt_PT","og_type":"article","og_title":"Isabel, \u00edcone do v\u00f4lei, morre dois dias ap\u00f3s entrar em grupo de transi\u00e7\u00e3o do governo Lula - Brasil not\u00edcias","og_description":"Morreu nesta quarta-feira (16) a ex-jogadora de v\u00f4lei e v\u00f4lei de praia Isabel Salgado, a Isabel do V\u00f4lei, aos 62","og_url":"https:\/\/brasilnoticias.org\/site\/isabel-icone-do-volei-morre-dois-dias-apos-entrar-em-grupo-de-transicao-do-governo-lula\/","og_site_name":"Brasil not\u00edcias","article_published_time":"2022-11-17T10:20:12+00:00","og_image":[{"width":1600,"height":752,"url":"https:\/\/brasilnoticias.org\/site\/wp-content\/uploads\/2022\/11\/130455isabel-icone-do-volei-morre-dois-dias-apos-entrar-em-grupo-de-transicao-do-governo-lula-3.jpg","type":"image\/jpeg"}],"author":"Reda\u00e7\u00e3o","twitter_card":"summary_large_image","twitter_misc":{"Escrito por":"Reda\u00e7\u00e3o","Tempo estimado de leitura":"1 minuto"},"schema":{"@context":"https:\/\/schema.org","@graph":[{"@type":"Article","@id":"https:\/\/brasilnoticias.org\/site\/isabel-icone-do-volei-morre-dois-dias-apos-entrar-em-grupo-de-transicao-do-governo-lula\/#article","isPartOf":{"@id":"https:\/\/brasilnoticias.org\/site\/isabel-icone-do-volei-morre-dois-dias-apos-entrar-em-grupo-de-transicao-do-governo-lula\/"},"author":{"name":"Reda\u00e7\u00e3o","@id":"https:\/\/brasilnoticias.org\/site\/#\/schema\/person\/a0e05b973ec4d15c658d51911e53507b"},"headline":"Isabel, \u00edcone do v\u00f4lei, morre dois dias ap\u00f3s entrar em grupo de transi\u00e7\u00e3o do governo Lula","datePublished":"2022-11-17T10:20:12+00:00","mainEntityOfPage":{"@id":"https:\/\/brasilnoticias.org\/site\/isabel-icone-do-volei-morre-dois-dias-apos-entrar-em-grupo-de-transicao-do-governo-lula\/"},"wordCount":232,"commentCount":0,"publisher":{"@id":"https:\/\/brasilnoticias.org\/site\/#organization"},"image":{"@id":"https:\/\/brasilnoticias.org\/site\/isabel-icone-do-volei-morre-dois-dias-apos-entrar-em-grupo-de-transicao-do-governo-lula\/#primaryimage"},"thumbnailUrl":"https:\/\/brasilnoticias.org\/site\/wp-content\/uploads\/2022\/11\/130455isabel-icone-do-volei-morre-dois-dias-apos-entrar-em-grupo-de-transicao-do-governo-lula-3.jpg","articleSection":["Not\u00edcias","\u00daltimas"],"inLanguage":"pt-PT","potentialAction":[{"@type":"CommentAction","name":"Comment","target":["https:\/\/brasilnoticias.org\/site\/isabel-icone-do-volei-morre-dois-dias-apos-entrar-em-grupo-de-transicao-do-governo-lula\/#respond"]}]},{"@type":"WebPage","@id":"https:\/\/brasilnoticias.org\/site\/isabel-icone-do-volei-morre-dois-dias-apos-entrar-em-grupo-de-transicao-do-governo-lula\/","url":"https:\/\/brasilnoticias.org\/site\/isabel-icone-do-volei-morre-dois-dias-apos-entrar-em-grupo-de-transicao-do-governo-lula\/","name":"Isabel, \u00edcone do v\u00f4lei, morre dois dias ap\u00f3s entrar em grupo de transi\u00e7\u00e3o do governo Lula - Brasil not\u00edcias","isPartOf":{"@id":"https:\/\/brasilnoticias.org\/site\/#website"},"primaryImageOfPage":{"@id":"https:\/\/brasilnoticias.org\/site\/isabel-icone-do-volei-morre-dois-dias-apos-entrar-em-grupo-de-transicao-do-governo-lula\/#primaryimage"},"image":{"@id":"https:\/\/brasilnoticias.org\/site\/isabel-icone-do-volei-morre-dois-dias-apos-entrar-em-grupo-de-transicao-do-governo-lula\/#primaryimage"},"thumbnailUrl":"https:\/\/brasilnoticias.org\/site\/wp-content\/uploads\/2022\/11\/130455isabel-icone-do-volei-morre-dois-dias-apos-entrar-em-grupo-de-transicao-do-governo-lula-3.jpg","datePublished":"2022-11-17T10:20:12+00:00","breadcrumb":{"@id":"https:\/\/brasilnoticias.org\/site\/isabel-icone-do-volei-morre-dois-dias-apos-entrar-em-grupo-de-transicao-do-governo-lula\/#breadcrumb"},"inLanguage":"pt-PT","potentialAction":[{"@type":"ReadAction","target":["https:\/\/brasilnoticias.org\/site\/isabel-icone-do-volei-morre-dois-dias-apos-entrar-em-grupo-de-transicao-do-governo-lula\/"]}]},{"@type":"ImageObject","inLanguage":"pt-PT","@id":"https:\/\/brasilnoticias.org\/site\/isabel-icone-do-volei-morre-dois-dias-apos-entrar-em-grupo-de-transicao-do-governo-lula\/#primaryimage","url":"https:\/\/brasilnoticias.org\/site\/wp-content\/uploads\/2022\/11\/130455isabel-icone-do-volei-morre-dois-dias-apos-entrar-em-grupo-de-transicao-do-governo-lula-3.jpg","contentUrl":"https:\/\/brasilnoticias.org\/site\/wp-content\/uploads\/2022\/11\/130455isabel-icone-do-volei-morre-dois-dias-apos-entrar-em-grupo-de-transicao-do-governo-lula-3.jpg","width":1600,"height":752},{"@type":"BreadcrumbList","@id":"https:\/\/brasilnoticias.org\/site\/isabel-icone-do-volei-morre-dois-dias-apos-entrar-em-grupo-de-transicao-do-governo-lula\/#breadcrumb","itemListElement":[{"@type":"ListItem","position":1,"name":"In\u00edcio","item":"https:\/\/brasilnoticias.org\/site\/"},{"@type":"ListItem","position":2,"name":"Isabel, \u00edcone do v\u00f4lei, morre dois dias ap\u00f3s entrar em grupo de transi\u00e7\u00e3o do governo Lula"}]},{"@type":"WebSite","@id":"https:\/\/brasilnoticias.org\/site\/#website","url":"https:\/\/brasilnoticias.org\/site\/","name":"Brasil not\u00edcias","description":"Brasil not\u00edcias","publisher":{"@id":"https:\/\/brasilnoticias.org\/site\/#organization"},"potentialAction":[{"@type":"SearchAction","target":{"@type":"EntryPoint","urlTemplate":"https:\/\/brasilnoticias.org\/site\/?s={search_term_string}"},"query-input":{"@type":"PropertyValueSpecification","valueRequired":true,"valueName":"search_term_string"}}],"inLanguage":"pt-PT"},{"@type":"Organization","@id":"https:\/\/brasilnoticias.org\/site\/#organization","name":"Brasil not\u00edcias","url":"https:\/\/brasilnoticias.org\/site\/","logo":{"@type":"ImageObject","inLanguage":"pt-PT","@id":"https:\/\/brasilnoticias.org\/site\/#\/schema\/logo\/image\/","url":"https:\/\/brasilnoticias.org\/site\/wp-content\/uploads\/2022\/05\/cropped-brasilnoticias-mini.jpg","contentUrl":"https:\/\/brasilnoticias.org\/site\/wp-content\/uploads\/2022\/05\/cropped-brasilnoticias-mini.jpg","width":314,"height":86,"caption":"Brasil not\u00edcias"},"image":{"@id":"https:\/\/brasilnoticias.org\/site\/#\/schema\/logo\/image\/"}},{"@type":"Person","@id":"https:\/\/brasilnoticias.org\/site\/#\/schema\/person\/a0e05b973ec4d15c658d51911e53507b","name":"Reda\u00e7\u00e3o","image":{"@type":"ImageObject","inLanguage":"pt-PT","@id":"https:\/\/brasilnoticias.org\/site\/#\/schema\/person\/image\/","url":"https:\/\/secure.gravatar.com\/avatar\/75d8b050df2de108b08ae78dfb8e374892df24a383c67db9c46a9c604f6aee9c?s=96&d=mm&r=g","contentUrl":"https:\/\/secure.gravatar.com\/avatar\/75d8b050df2de108b08ae78dfb8e374892df24a383c67db9c46a9c604f6aee9c?s=96&d=mm&r=g","caption":"Reda\u00e7\u00e3o"},"sameAs":["https:\/\/brasilnoticias.org\/site"],"url":"https:\/\/brasilnoticias.org\/site\/author\/fernandozsngmail-com\/"}]}},"_links":{"self":[{"href":"https:\/\/brasilnoticias.org\/site\/wp-json\/wp\/v2\/posts\/2210","targetHints":{"allow":["GET"]}}],"collection":[{"href":"https:\/\/brasilnoticias.org\/site\/wp-json\/wp\/v2\/posts"}],"about":[{"href":"https:\/\/brasilnoticias.org\/site\/wp-json\/wp\/v2\/types\/post"}],"author":[{"embeddable":true,"href":"https:\/\/brasilnoticias.org\/site\/wp-json\/wp\/v2\/users\/1"}],"replies":[{"embeddable":true,"href":"https:\/\/brasilnoticias.org\/site\/wp-json\/wp\/v2\/comments?post=2210"}],"version-history":[{"count":1,"href":"https:\/\/brasilnoticias.org\/site\/wp-json\/wp\/v2\/posts\/2210\/revisions"}],"predecessor-version":[{"id":2212,"href":"https:\/\/brasilnoticias.org\/site\/wp-json\/wp\/v2\/posts\/2210\/revisions\/2212"}],"wp:featuredmedia":[{"embeddable":true,"href":"https:\/\/brasilnoticias.org\/site\/wp-json\/wp\/v2\/media\/2211"}],"wp:attachment":[{"href":"https:\/\/brasilnoticias.org\/site\/wp-json\/wp\/v2\/media?parent=2210"}],"wp:term":[{"taxonomy":"category","embeddable":true,"href":"https:\/\/brasilnoticias.org\/site\/wp-json\/wp\/v2\/categories?post=2210"},{"taxonomy":"post_tag","embeddable":true,"href":"https:\/\/brasilnoticias.org\/site\/wp-json\/wp\/v2\/tags?post=2210"}],"curies":[{"name":"wp","href":"https:\/\/api.w.org\/{rel}","templated":true}]}}