{"id":2223,"date":"2022-11-17T18:00:44","date_gmt":"2022-11-17T21:00:44","guid":{"rendered":"https:\/\/brasilnoticias.org\/site\/?p=2223"},"modified":"2022-11-17T10:07:23","modified_gmt":"2022-11-17T13:07:23","slug":"dionisio-antecipa-pre-temporada-e-ja-treina-na-toca-do-leao","status":"publish","type":"post","link":"https:\/\/brasilnoticias.org\/site\/dionisio-antecipa-pre-temporada-e-ja-treina-na-toca-do-leao\/","title":{"rendered":"Dion\u00edsio antecipa pr\u00e9-temporada e j\u00e1 treina na Toca do Le\u00e3o"},"content":{"rendered":"<p>A pr\u00e9-temporada 2023 do Vit\u00f3ria s\u00f3 come\u00e7a no pr\u00f3ximo dia 28, mas o meia Dion\u00edsio resolveu antecipar a pr\u00f3pria reapresenta\u00e7\u00e3o e j\u00e1 voltou a treinar na Toca do Le\u00e3o. &#8220;Falei com a comiss\u00e3o t\u00e9cnica e voltei para me adaptar o mais r\u00e1pido poss\u00edvel para a pr\u00f3xima temporada&#8221;, afirmou o jogador ao site oficial do clube. Ele estava passando as f\u00e9rias em Itapetinga, no interior da Bahia, onde nasceu, desde o fim da S\u00e9rie C do Brasileiro.<\/p>\n<p>Este ano, Dion\u00edsio vestiu a camisa vermelha e preta em 23 dos 25 jogos disputados pelo Le\u00e3o no torneio nacional. Ficou fora apenas da estreia porque ainda n\u00e3o havia chegado ao clube e na 12\u00aa rodada, suspenso. O jogador, que teve o contrato renovado at\u00e9 dezembro de 2024, quer manter a regularidade para seguir entre os titulares.<\/p>\n<p>Assim como Dion\u00edsio, o volante Maykon Douglas, que retornou de empr\u00e9stimo ao Botafogo do Rio, tamb\u00e9m j\u00e1 iniciou os treinamentos. Al\u00e9m deles dois, outros tr\u00eas atletas est\u00e3o treinando no centro de treinamento rubro-negro, mas por ordens m\u00e9dicas.<\/p>\n<p>O lateral esquerdo Lazaroni, que passou por cirurgias na coxa e na bacia, o meia-atacante Gabriel Hon\u00f3rio, em recupera\u00e7\u00e3o de les\u00e3o no tornozelo, e o volante Gustavo Blanco, com contus\u00e3o muscular, est\u00e3o realizando atividades no clube.<\/p>\n<p>A estreia do Vit\u00f3ria em 2023 \u00e9 no dia 5 de janeiro, contra o o Cordino, de Barra do Corda, no Maranh\u00e3o, na pr\u00e9-Copa do Nordeste. Al\u00e9m do regional, o Vit\u00f3ria vai disputar tamb\u00e9m o Campeonato Baiano, a Copa do Brasil e a S\u00e9rie B do Brasileiro.<\/p>\n<p>Correio da Bahia<br \/>\nFoto Divulga\u00e7\u00e3o ECV<\/p>\n","protected":false},"excerpt":{"rendered":"<p>A pr\u00e9-temporada 2023 do Vit\u00f3ria s\u00f3 come\u00e7a no pr\u00f3ximo dia 28, mas o meia Dion\u00edsio resolveu antecipar a pr\u00f3pria reapresenta\u00e7\u00e3o<\/p>\n","protected":false},"author":1,"featured_media":2224,"comment_status":"open","ping_status":"open","sticky":false,"template":"","format":"standard","meta":{"colormag_page_container_layout":"default_layout","colormag_page_sidebar_layout":"default_layout","_FSMCFIC_featured_image_caption":"","_FSMCFIC_featured_image_nocaption":"","_FSMCFIC_featured_image_hide":"","footnotes":""},"categories":[4,1],"tags":[],"class_list":["post-2223","post","type-post","status-publish","format-standard","has-post-thumbnail","hentry","category-esporte","category-ultimas"],"yoast_head":"<!-- This site is optimized with the Yoast SEO plugin v27.1.1 - https:\/\/yoast.com\/product\/yoast-seo-wordpress\/ -->\n<title>Dion\u00edsio antecipa pr\u00e9-temporada e j\u00e1 treina na Toca do Le\u00e3o - Brasil not\u00edcias<\/title>\n<meta name=\"robots\" content=\"index, follow, max-snippet:-1, max-image-preview:large, max-video-preview:-1\" \/>\n<link rel=\"canonical\" href=\"https:\/\/brasilnoticias.org\/site\/dionisio-antecipa-pre-temporada-e-ja-treina-na-toca-do-leao\/\" \/>\n<meta property=\"og:locale\" content=\"pt_PT\" \/>\n<meta property=\"og:type\" content=\"article\" \/>\n<meta property=\"og:title\" content=\"Dion\u00edsio antecipa pr\u00e9-temporada e j\u00e1 treina na Toca do Le\u00e3o - Brasil not\u00edcias\" \/>\n<meta property=\"og:description\" content=\"A pr\u00e9-temporada 2023 do Vit\u00f3ria s\u00f3 come\u00e7a no pr\u00f3ximo dia 28, mas o meia Dion\u00edsio resolveu antecipar a pr\u00f3pria reapresenta\u00e7\u00e3o\" \/>\n<meta property=\"og:url\" content=\"https:\/\/brasilnoticias.org\/site\/dionisio-antecipa-pre-temporada-e-ja-treina-na-toca-do-leao\/\" \/>\n<meta property=\"og:site_name\" content=\"Brasil not\u00edcias\" \/>\n<meta property=\"article:published_time\" content=\"2022-11-17T21:00:44+00:00\" \/>\n<meta property=\"og:image\" content=\"https:\/\/brasilnoticias.org\/site\/wp-content\/uploads\/2022\/11\/csm_1515600391_c0d3d5ad90f0bd586f07bd1d08ca1754_2b49c784de.jpeg\" \/>\n\t<meta property=\"og:image:width\" content=\"940\" \/>\n\t<meta property=\"og:image:height\" content=\"585\" \/>\n\t<meta property=\"og:image:type\" content=\"image\/jpeg\" \/>\n<meta name=\"author\" content=\"Reda\u00e7\u00e3o\" \/>\n<meta name=\"twitter:card\" content=\"summary_large_image\" \/>\n<meta name=\"twitter:label1\" content=\"Escrito por\" \/>\n\t<meta name=\"twitter:data1\" content=\"Reda\u00e7\u00e3o\" \/>\n\t<meta name=\"twitter:label2\" content=\"Tempo estimado de leitura\" \/>\n\t<meta name=\"twitter:data2\" content=\"1 minuto\" \/>\n<script type=\"application\/ld+json\" class=\"yoast-schema-graph\">{\"@context\":\"https:\/\/schema.org\",\"@graph\":[{\"@type\":\"Article\",\"@id\":\"https:\/\/brasilnoticias.org\/site\/dionisio-antecipa-pre-temporada-e-ja-treina-na-toca-do-leao\/#article\",\"isPartOf\":{\"@id\":\"https:\/\/brasilnoticias.org\/site\/dionisio-antecipa-pre-temporada-e-ja-treina-na-toca-do-leao\/\"},\"author\":{\"name\":\"Reda\u00e7\u00e3o\",\"@id\":\"https:\/\/brasilnoticias.org\/site\/#\/schema\/person\/a0e05b973ec4d15c658d51911e53507b\"},\"headline\":\"Dion\u00edsio antecipa pr\u00e9-temporada e j\u00e1 treina na Toca do Le\u00e3o\",\"datePublished\":\"2022-11-17T21:00:44+00:00\",\"mainEntityOfPage\":{\"@id\":\"https:\/\/brasilnoticias.org\/site\/dionisio-antecipa-pre-temporada-e-ja-treina-na-toca-do-leao\/\"},\"wordCount\":301,\"commentCount\":0,\"publisher\":{\"@id\":\"https:\/\/brasilnoticias.org\/site\/#organization\"},\"image\":{\"@id\":\"https:\/\/brasilnoticias.org\/site\/dionisio-antecipa-pre-temporada-e-ja-treina-na-toca-do-leao\/#primaryimage\"},\"thumbnailUrl\":\"https:\/\/brasilnoticias.org\/site\/wp-content\/uploads\/2022\/11\/csm_1515600391_c0d3d5ad90f0bd586f07bd1d08ca1754_2b49c784de.jpeg\",\"articleSection\":[\"Esporte\",\"\u00daltimas\"],\"inLanguage\":\"pt-PT\",\"potentialAction\":[{\"@type\":\"CommentAction\",\"name\":\"Comment\",\"target\":[\"https:\/\/brasilnoticias.org\/site\/dionisio-antecipa-pre-temporada-e-ja-treina-na-toca-do-leao\/#respond\"]}]},{\"@type\":\"WebPage\",\"@id\":\"https:\/\/brasilnoticias.org\/site\/dionisio-antecipa-pre-temporada-e-ja-treina-na-toca-do-leao\/\",\"url\":\"https:\/\/brasilnoticias.org\/site\/dionisio-antecipa-pre-temporada-e-ja-treina-na-toca-do-leao\/\",\"name\":\"Dion\u00edsio antecipa pr\u00e9-temporada e j\u00e1 treina na Toca do Le\u00e3o - Brasil not\u00edcias\",\"isPartOf\":{\"@id\":\"https:\/\/brasilnoticias.org\/site\/#website\"},\"primaryImageOfPage\":{\"@id\":\"https:\/\/brasilnoticias.org\/site\/dionisio-antecipa-pre-temporada-e-ja-treina-na-toca-do-leao\/#primaryimage\"},\"image\":{\"@id\":\"https:\/\/brasilnoticias.org\/site\/dionisio-antecipa-pre-temporada-e-ja-treina-na-toca-do-leao\/#primaryimage\"},\"thumbnailUrl\":\"https:\/\/brasilnoticias.org\/site\/wp-content\/uploads\/2022\/11\/csm_1515600391_c0d3d5ad90f0bd586f07bd1d08ca1754_2b49c784de.jpeg\",\"datePublished\":\"2022-11-17T21:00:44+00:00\",\"breadcrumb\":{\"@id\":\"https:\/\/brasilnoticias.org\/site\/dionisio-antecipa-pre-temporada-e-ja-treina-na-toca-do-leao\/#breadcrumb\"},\"inLanguage\":\"pt-PT\",\"potentialAction\":[{\"@type\":\"ReadAction\",\"target\":[\"https:\/\/brasilnoticias.org\/site\/dionisio-antecipa-pre-temporada-e-ja-treina-na-toca-do-leao\/\"]}]},{\"@type\":\"ImageObject\",\"inLanguage\":\"pt-PT\",\"@id\":\"https:\/\/brasilnoticias.org\/site\/dionisio-antecipa-pre-temporada-e-ja-treina-na-toca-do-leao\/#primaryimage\",\"url\":\"https:\/\/brasilnoticias.org\/site\/wp-content\/uploads\/2022\/11\/csm_1515600391_c0d3d5ad90f0bd586f07bd1d08ca1754_2b49c784de.jpeg\",\"contentUrl\":\"https:\/\/brasilnoticias.org\/site\/wp-content\/uploads\/2022\/11\/csm_1515600391_c0d3d5ad90f0bd586f07bd1d08ca1754_2b49c784de.jpeg\",\"width\":940,\"height\":585},{\"@type\":\"BreadcrumbList\",\"@id\":\"https:\/\/brasilnoticias.org\/site\/dionisio-antecipa-pre-temporada-e-ja-treina-na-toca-do-leao\/#breadcrumb\",\"itemListElement\":[{\"@type\":\"ListItem\",\"position\":1,\"name\":\"In\u00edcio\",\"item\":\"https:\/\/brasilnoticias.org\/site\/\"},{\"@type\":\"ListItem\",\"position\":2,\"name\":\"Dion\u00edsio antecipa pr\u00e9-temporada e j\u00e1 treina na Toca do Le\u00e3o\"}]},{\"@type\":\"WebSite\",\"@id\":\"https:\/\/brasilnoticias.org\/site\/#website\",\"url\":\"https:\/\/brasilnoticias.org\/site\/\",\"name\":\"Brasil not\u00edcias\",\"description\":\"Brasil not\u00edcias\",\"publisher\":{\"@id\":\"https:\/\/brasilnoticias.org\/site\/#organization\"},\"potentialAction\":[{\"@type\":\"SearchAction\",\"target\":{\"@type\":\"EntryPoint\",\"urlTemplate\":\"https:\/\/brasilnoticias.org\/site\/?s={search_term_string}\"},\"query-input\":{\"@type\":\"PropertyValueSpecification\",\"valueRequired\":true,\"valueName\":\"search_term_string\"}}],\"inLanguage\":\"pt-PT\"},{\"@type\":\"Organization\",\"@id\":\"https:\/\/brasilnoticias.org\/site\/#organization\",\"name\":\"Brasil not\u00edcias\",\"url\":\"https:\/\/brasilnoticias.org\/site\/\",\"logo\":{\"@type\":\"ImageObject\",\"inLanguage\":\"pt-PT\",\"@id\":\"https:\/\/brasilnoticias.org\/site\/#\/schema\/logo\/image\/\",\"url\":\"https:\/\/brasilnoticias.org\/site\/wp-content\/uploads\/2022\/05\/cropped-brasilnoticias-mini.jpg\",\"contentUrl\":\"https:\/\/brasilnoticias.org\/site\/wp-content\/uploads\/2022\/05\/cropped-brasilnoticias-mini.jpg\",\"width\":314,\"height\":86,\"caption\":\"Brasil not\u00edcias\"},\"image\":{\"@id\":\"https:\/\/brasilnoticias.org\/site\/#\/schema\/logo\/image\/\"}},{\"@type\":\"Person\",\"@id\":\"https:\/\/brasilnoticias.org\/site\/#\/schema\/person\/a0e05b973ec4d15c658d51911e53507b\",\"name\":\"Reda\u00e7\u00e3o\",\"image\":{\"@type\":\"ImageObject\",\"inLanguage\":\"pt-PT\",\"@id\":\"https:\/\/brasilnoticias.org\/site\/#\/schema\/person\/image\/\",\"url\":\"https:\/\/secure.gravatar.com\/avatar\/75d8b050df2de108b08ae78dfb8e374892df24a383c67db9c46a9c604f6aee9c?s=96&d=mm&r=g\",\"contentUrl\":\"https:\/\/secure.gravatar.com\/avatar\/75d8b050df2de108b08ae78dfb8e374892df24a383c67db9c46a9c604f6aee9c?s=96&d=mm&r=g\",\"caption\":\"Reda\u00e7\u00e3o\"},\"sameAs\":[\"https:\/\/brasilnoticias.org\/site\"],\"url\":\"https:\/\/brasilnoticias.org\/site\/author\/fernandozsngmail-com\/\"}]}<\/script>\n<!-- \/ Yoast SEO plugin. -->","yoast_head_json":{"title":"Dion\u00edsio antecipa pr\u00e9-temporada e j\u00e1 treina na Toca do Le\u00e3o - Brasil not\u00edcias","robots":{"index":"index","follow":"follow","max-snippet":"max-snippet:-1","max-image-preview":"max-image-preview:large","max-video-preview":"max-video-preview:-1"},"canonical":"https:\/\/brasilnoticias.org\/site\/dionisio-antecipa-pre-temporada-e-ja-treina-na-toca-do-leao\/","og_locale":"pt_PT","og_type":"article","og_title":"Dion\u00edsio antecipa pr\u00e9-temporada e j\u00e1 treina na Toca do Le\u00e3o - Brasil not\u00edcias","og_description":"A pr\u00e9-temporada 2023 do Vit\u00f3ria s\u00f3 come\u00e7a no pr\u00f3ximo dia 28, mas o meia Dion\u00edsio resolveu antecipar a pr\u00f3pria reapresenta\u00e7\u00e3o","og_url":"https:\/\/brasilnoticias.org\/site\/dionisio-antecipa-pre-temporada-e-ja-treina-na-toca-do-leao\/","og_site_name":"Brasil not\u00edcias","article_published_time":"2022-11-17T21:00:44+00:00","og_image":[{"width":940,"height":585,"url":"https:\/\/brasilnoticias.org\/site\/wp-content\/uploads\/2022\/11\/csm_1515600391_c0d3d5ad90f0bd586f07bd1d08ca1754_2b49c784de.jpeg","type":"image\/jpeg"}],"author":"Reda\u00e7\u00e3o","twitter_card":"summary_large_image","twitter_misc":{"Escrito por":"Reda\u00e7\u00e3o","Tempo estimado de leitura":"1 minuto"},"schema":{"@context":"https:\/\/schema.org","@graph":[{"@type":"Article","@id":"https:\/\/brasilnoticias.org\/site\/dionisio-antecipa-pre-temporada-e-ja-treina-na-toca-do-leao\/#article","isPartOf":{"@id":"https:\/\/brasilnoticias.org\/site\/dionisio-antecipa-pre-temporada-e-ja-treina-na-toca-do-leao\/"},"author":{"name":"Reda\u00e7\u00e3o","@id":"https:\/\/brasilnoticias.org\/site\/#\/schema\/person\/a0e05b973ec4d15c658d51911e53507b"},"headline":"Dion\u00edsio antecipa pr\u00e9-temporada e j\u00e1 treina na Toca do Le\u00e3o","datePublished":"2022-11-17T21:00:44+00:00","mainEntityOfPage":{"@id":"https:\/\/brasilnoticias.org\/site\/dionisio-antecipa-pre-temporada-e-ja-treina-na-toca-do-leao\/"},"wordCount":301,"commentCount":0,"publisher":{"@id":"https:\/\/brasilnoticias.org\/site\/#organization"},"image":{"@id":"https:\/\/brasilnoticias.org\/site\/dionisio-antecipa-pre-temporada-e-ja-treina-na-toca-do-leao\/#primaryimage"},"thumbnailUrl":"https:\/\/brasilnoticias.org\/site\/wp-content\/uploads\/2022\/11\/csm_1515600391_c0d3d5ad90f0bd586f07bd1d08ca1754_2b49c784de.jpeg","articleSection":["Esporte","\u00daltimas"],"inLanguage":"pt-PT","potentialAction":[{"@type":"CommentAction","name":"Comment","target":["https:\/\/brasilnoticias.org\/site\/dionisio-antecipa-pre-temporada-e-ja-treina-na-toca-do-leao\/#respond"]}]},{"@type":"WebPage","@id":"https:\/\/brasilnoticias.org\/site\/dionisio-antecipa-pre-temporada-e-ja-treina-na-toca-do-leao\/","url":"https:\/\/brasilnoticias.org\/site\/dionisio-antecipa-pre-temporada-e-ja-treina-na-toca-do-leao\/","name":"Dion\u00edsio antecipa pr\u00e9-temporada e j\u00e1 treina na Toca do Le\u00e3o - Brasil not\u00edcias","isPartOf":{"@id":"https:\/\/brasilnoticias.org\/site\/#website"},"primaryImageOfPage":{"@id":"https:\/\/brasilnoticias.org\/site\/dionisio-antecipa-pre-temporada-e-ja-treina-na-toca-do-leao\/#primaryimage"},"image":{"@id":"https:\/\/brasilnoticias.org\/site\/dionisio-antecipa-pre-temporada-e-ja-treina-na-toca-do-leao\/#primaryimage"},"thumbnailUrl":"https:\/\/brasilnoticias.org\/site\/wp-content\/uploads\/2022\/11\/csm_1515600391_c0d3d5ad90f0bd586f07bd1d08ca1754_2b49c784de.jpeg","datePublished":"2022-11-17T21:00:44+00:00","breadcrumb":{"@id":"https:\/\/brasilnoticias.org\/site\/dionisio-antecipa-pre-temporada-e-ja-treina-na-toca-do-leao\/#breadcrumb"},"inLanguage":"pt-PT","potentialAction":[{"@type":"ReadAction","target":["https:\/\/brasilnoticias.org\/site\/dionisio-antecipa-pre-temporada-e-ja-treina-na-toca-do-leao\/"]}]},{"@type":"ImageObject","inLanguage":"pt-PT","@id":"https:\/\/brasilnoticias.org\/site\/dionisio-antecipa-pre-temporada-e-ja-treina-na-toca-do-leao\/#primaryimage","url":"https:\/\/brasilnoticias.org\/site\/wp-content\/uploads\/2022\/11\/csm_1515600391_c0d3d5ad90f0bd586f07bd1d08ca1754_2b49c784de.jpeg","contentUrl":"https:\/\/brasilnoticias.org\/site\/wp-content\/uploads\/2022\/11\/csm_1515600391_c0d3d5ad90f0bd586f07bd1d08ca1754_2b49c784de.jpeg","width":940,"height":585},{"@type":"BreadcrumbList","@id":"https:\/\/brasilnoticias.org\/site\/dionisio-antecipa-pre-temporada-e-ja-treina-na-toca-do-leao\/#breadcrumb","itemListElement":[{"@type":"ListItem","position":1,"name":"In\u00edcio","item":"https:\/\/brasilnoticias.org\/site\/"},{"@type":"ListItem","position":2,"name":"Dion\u00edsio antecipa pr\u00e9-temporada e j\u00e1 treina na Toca do Le\u00e3o"}]},{"@type":"WebSite","@id":"https:\/\/brasilnoticias.org\/site\/#website","url":"https:\/\/brasilnoticias.org\/site\/","name":"Brasil not\u00edcias","description":"Brasil not\u00edcias","publisher":{"@id":"https:\/\/brasilnoticias.org\/site\/#organization"},"potentialAction":[{"@type":"SearchAction","target":{"@type":"EntryPoint","urlTemplate":"https:\/\/brasilnoticias.org\/site\/?s={search_term_string}"},"query-input":{"@type":"PropertyValueSpecification","valueRequired":true,"valueName":"search_term_string"}}],"inLanguage":"pt-PT"},{"@type":"Organization","@id":"https:\/\/brasilnoticias.org\/site\/#organization","name":"Brasil not\u00edcias","url":"https:\/\/brasilnoticias.org\/site\/","logo":{"@type":"ImageObject","inLanguage":"pt-PT","@id":"https:\/\/brasilnoticias.org\/site\/#\/schema\/logo\/image\/","url":"https:\/\/brasilnoticias.org\/site\/wp-content\/uploads\/2022\/05\/cropped-brasilnoticias-mini.jpg","contentUrl":"https:\/\/brasilnoticias.org\/site\/wp-content\/uploads\/2022\/05\/cropped-brasilnoticias-mini.jpg","width":314,"height":86,"caption":"Brasil not\u00edcias"},"image":{"@id":"https:\/\/brasilnoticias.org\/site\/#\/schema\/logo\/image\/"}},{"@type":"Person","@id":"https:\/\/brasilnoticias.org\/site\/#\/schema\/person\/a0e05b973ec4d15c658d51911e53507b","name":"Reda\u00e7\u00e3o","image":{"@type":"ImageObject","inLanguage":"pt-PT","@id":"https:\/\/brasilnoticias.org\/site\/#\/schema\/person\/image\/","url":"https:\/\/secure.gravatar.com\/avatar\/75d8b050df2de108b08ae78dfb8e374892df24a383c67db9c46a9c604f6aee9c?s=96&d=mm&r=g","contentUrl":"https:\/\/secure.gravatar.com\/avatar\/75d8b050df2de108b08ae78dfb8e374892df24a383c67db9c46a9c604f6aee9c?s=96&d=mm&r=g","caption":"Reda\u00e7\u00e3o"},"sameAs":["https:\/\/brasilnoticias.org\/site"],"url":"https:\/\/brasilnoticias.org\/site\/author\/fernandozsngmail-com\/"}]}},"_links":{"self":[{"href":"https:\/\/brasilnoticias.org\/site\/wp-json\/wp\/v2\/posts\/2223","targetHints":{"allow":["GET"]}}],"collection":[{"href":"https:\/\/brasilnoticias.org\/site\/wp-json\/wp\/v2\/posts"}],"about":[{"href":"https:\/\/brasilnoticias.org\/site\/wp-json\/wp\/v2\/types\/post"}],"author":[{"embeddable":true,"href":"https:\/\/brasilnoticias.org\/site\/wp-json\/wp\/v2\/users\/1"}],"replies":[{"embeddable":true,"href":"https:\/\/brasilnoticias.org\/site\/wp-json\/wp\/v2\/comments?post=2223"}],"version-history":[{"count":1,"href":"https:\/\/brasilnoticias.org\/site\/wp-json\/wp\/v2\/posts\/2223\/revisions"}],"predecessor-version":[{"id":2225,"href":"https:\/\/brasilnoticias.org\/site\/wp-json\/wp\/v2\/posts\/2223\/revisions\/2225"}],"wp:featuredmedia":[{"embeddable":true,"href":"https:\/\/brasilnoticias.org\/site\/wp-json\/wp\/v2\/media\/2224"}],"wp:attachment":[{"href":"https:\/\/brasilnoticias.org\/site\/wp-json\/wp\/v2\/media?parent=2223"}],"wp:term":[{"taxonomy":"category","embeddable":true,"href":"https:\/\/brasilnoticias.org\/site\/wp-json\/wp\/v2\/categories?post=2223"},{"taxonomy":"post_tag","embeddable":true,"href":"https:\/\/brasilnoticias.org\/site\/wp-json\/wp\/v2\/tags?post=2223"}],"curies":[{"name":"wp","href":"https:\/\/api.w.org\/{rel}","templated":true}]}}