{"id":2229,"date":"2022-11-17T18:20:15","date_gmt":"2022-11-17T21:20:15","guid":{"rendered":"https:\/\/brasilnoticias.org\/site\/?p=2229"},"modified":"2022-11-17T10:18:44","modified_gmt":"2022-11-17T13:18:44","slug":"caminho-das-arvores-documentos-e-celulares-sao-apreendidos-em-empresa-alvo-de-operacao","status":"publish","type":"post","link":"https:\/\/brasilnoticias.org\/site\/caminho-das-arvores-documentos-e-celulares-sao-apreendidos-em-empresa-alvo-de-operacao\/","title":{"rendered":"Caminho das \u00c1rvores: documentos e celulares s\u00e3o apreendidos em empresa alvo de opera\u00e7\u00e3o"},"content":{"rendered":"<p>Os bens de uma empresa de ramo de tabacaria foram bloqueados ap\u00f3s representa\u00e7\u00e3o da Delegacia de Crimes Econ\u00f4micos e Contra a Administra\u00e7\u00e3o P\u00fablica (Dececap) \u00e0 Justi\u00e7a. O grupo \u00e9 alvo da Opera\u00e7\u00e3o Cigarrete, deflagrada na manh\u00e3 desta quinta-feira (17) em Salvador, Vit\u00f3ria da Conquista, Valen\u00e7a e em outros cinco estados da federa\u00e7\u00e3o. Em Salvador, os mandados foram cumpridos em um im\u00f3vel no bairro do Caminho das \u00c1rvores.<\/p>\n<p>Para auxiliar nas investiga\u00e7\u00f5es a respeito da empresa, que \u00e9 suspeita de causar um preju\u00edzo de R$ 100 milh\u00f5es somente ao estado da Bahia, foram cumpridos 26 mandados de busca e apreens\u00e3o. Celulares, computadores, dispositivos eletr\u00f4nicos e diversos documentos foram apreendidos em resid\u00eancias e empresas. \u201c\u00c9 uma opera\u00e7\u00e3o que ocorre de forma simult\u00e2nea em seis estados. Todo o material apreendido servir\u00e1 de prova contra a organiza\u00e7\u00e3o criminosa, que utiliza de laranjas para sonegar impostos\u201d, disse a delegada titular da Dececap, M\u00e1rcia Pereira.<\/p>\n<p>Ap\u00f3s o cumprimento dos mandados contra o grupo, que \u00e9 investigado contra crimes contra a administra\u00e7\u00e3o p\u00fablica e fiscal, o material apreendido ser\u00e1 encaminhado para a sede do Departamento de Repress\u00e3o e Combate ao Crime Organizado (Draco). \u201c\u00c9 um grupo criminoso que utiliza de laranjas para sonegar impostos. Este grupo j\u00e1 causou um preju\u00edzo somente ao estado baiano de mais de R$ 100 milh\u00f5es\u201d, explicou a titular da Dececap, delegada M\u00e1rcia Pereira.<\/p>\n<p>Correio da Bahia<br \/>\nFoto: Haeckel Dias\/PC<\/p>\n","protected":false},"excerpt":{"rendered":"<p>Os bens de uma empresa de ramo de tabacaria foram bloqueados ap\u00f3s representa\u00e7\u00e3o da Delegacia de Crimes Econ\u00f4micos e Contra<\/p>\n","protected":false},"author":1,"featured_media":2230,"comment_status":"open","ping_status":"open","sticky":false,"template":"","format":"standard","meta":{"colormag_page_container_layout":"default_layout","colormag_page_sidebar_layout":"default_layout","_FSMCFIC_featured_image_caption":"","_FSMCFIC_featured_image_nocaption":"","_FSMCFIC_featured_image_hide":"","footnotes":""},"categories":[3,1],"tags":[],"class_list":["post-2229","post","type-post","status-publish","format-standard","has-post-thumbnail","hentry","category-policia","category-ultimas"],"yoast_head":"<!-- This site is optimized with the Yoast SEO plugin v27.1.1 - https:\/\/yoast.com\/product\/yoast-seo-wordpress\/ -->\n<title>Caminho das \u00c1rvores: documentos e celulares s\u00e3o apreendidos em empresa alvo de opera\u00e7\u00e3o - Brasil not\u00edcias<\/title>\n<meta name=\"robots\" content=\"index, follow, max-snippet:-1, max-image-preview:large, max-video-preview:-1\" \/>\n<link rel=\"canonical\" href=\"https:\/\/brasilnoticias.org\/site\/caminho-das-arvores-documentos-e-celulares-sao-apreendidos-em-empresa-alvo-de-operacao\/\" \/>\n<meta property=\"og:locale\" content=\"pt_PT\" \/>\n<meta property=\"og:type\" content=\"article\" \/>\n<meta property=\"og:title\" content=\"Caminho das \u00c1rvores: documentos e celulares s\u00e3o apreendidos em empresa alvo de opera\u00e7\u00e3o - Brasil not\u00edcias\" \/>\n<meta property=\"og:description\" content=\"Os bens de uma empresa de ramo de tabacaria foram bloqueados ap\u00f3s representa\u00e7\u00e3o da Delegacia de Crimes Econ\u00f4micos e Contra\" \/>\n<meta property=\"og:url\" content=\"https:\/\/brasilnoticias.org\/site\/caminho-das-arvores-documentos-e-celulares-sao-apreendidos-em-empresa-alvo-de-operacao\/\" \/>\n<meta property=\"og:site_name\" content=\"Brasil not\u00edcias\" \/>\n<meta property=\"article:published_time\" content=\"2022-11-17T21:20:15+00:00\" \/>\n<meta property=\"og:image\" content=\"https:\/\/brasilnoticias.org\/site\/wp-content\/uploads\/2022\/11\/csm_17112022_operacao_sonegacao_e03d612e5d.jpg\" \/>\n\t<meta property=\"og:image:width\" content=\"940\" \/>\n\t<meta property=\"og:image:height\" content=\"627\" \/>\n\t<meta property=\"og:image:type\" content=\"image\/jpeg\" \/>\n<meta name=\"author\" content=\"Reda\u00e7\u00e3o\" \/>\n<meta name=\"twitter:card\" content=\"summary_large_image\" \/>\n<meta name=\"twitter:label1\" content=\"Escrito por\" \/>\n\t<meta name=\"twitter:data1\" content=\"Reda\u00e7\u00e3o\" \/>\n\t<meta name=\"twitter:label2\" content=\"Tempo estimado de leitura\" \/>\n\t<meta name=\"twitter:data2\" content=\"1 minuto\" \/>\n<script type=\"application\/ld+json\" class=\"yoast-schema-graph\">{\"@context\":\"https:\/\/schema.org\",\"@graph\":[{\"@type\":\"Article\",\"@id\":\"https:\/\/brasilnoticias.org\/site\/caminho-das-arvores-documentos-e-celulares-sao-apreendidos-em-empresa-alvo-de-operacao\/#article\",\"isPartOf\":{\"@id\":\"https:\/\/brasilnoticias.org\/site\/caminho-das-arvores-documentos-e-celulares-sao-apreendidos-em-empresa-alvo-de-operacao\/\"},\"author\":{\"name\":\"Reda\u00e7\u00e3o\",\"@id\":\"https:\/\/brasilnoticias.org\/site\/#\/schema\/person\/a0e05b973ec4d15c658d51911e53507b\"},\"headline\":\"Caminho das \u00c1rvores: documentos e celulares s\u00e3o apreendidos em empresa alvo de opera\u00e7\u00e3o\",\"datePublished\":\"2022-11-17T21:20:15+00:00\",\"mainEntityOfPage\":{\"@id\":\"https:\/\/brasilnoticias.org\/site\/caminho-das-arvores-documentos-e-celulares-sao-apreendidos-em-empresa-alvo-de-operacao\/\"},\"wordCount\":261,\"commentCount\":0,\"publisher\":{\"@id\":\"https:\/\/brasilnoticias.org\/site\/#organization\"},\"image\":{\"@id\":\"https:\/\/brasilnoticias.org\/site\/caminho-das-arvores-documentos-e-celulares-sao-apreendidos-em-empresa-alvo-de-operacao\/#primaryimage\"},\"thumbnailUrl\":\"https:\/\/brasilnoticias.org\/site\/wp-content\/uploads\/2022\/11\/csm_17112022_operacao_sonegacao_e03d612e5d.jpg\",\"articleSection\":[\"Pol\u00edcia\",\"\u00daltimas\"],\"inLanguage\":\"pt-PT\",\"potentialAction\":[{\"@type\":\"CommentAction\",\"name\":\"Comment\",\"target\":[\"https:\/\/brasilnoticias.org\/site\/caminho-das-arvores-documentos-e-celulares-sao-apreendidos-em-empresa-alvo-de-operacao\/#respond\"]}]},{\"@type\":\"WebPage\",\"@id\":\"https:\/\/brasilnoticias.org\/site\/caminho-das-arvores-documentos-e-celulares-sao-apreendidos-em-empresa-alvo-de-operacao\/\",\"url\":\"https:\/\/brasilnoticias.org\/site\/caminho-das-arvores-documentos-e-celulares-sao-apreendidos-em-empresa-alvo-de-operacao\/\",\"name\":\"Caminho das \u00c1rvores: documentos e celulares s\u00e3o apreendidos em empresa alvo de opera\u00e7\u00e3o - Brasil not\u00edcias\",\"isPartOf\":{\"@id\":\"https:\/\/brasilnoticias.org\/site\/#website\"},\"primaryImageOfPage\":{\"@id\":\"https:\/\/brasilnoticias.org\/site\/caminho-das-arvores-documentos-e-celulares-sao-apreendidos-em-empresa-alvo-de-operacao\/#primaryimage\"},\"image\":{\"@id\":\"https:\/\/brasilnoticias.org\/site\/caminho-das-arvores-documentos-e-celulares-sao-apreendidos-em-empresa-alvo-de-operacao\/#primaryimage\"},\"thumbnailUrl\":\"https:\/\/brasilnoticias.org\/site\/wp-content\/uploads\/2022\/11\/csm_17112022_operacao_sonegacao_e03d612e5d.jpg\",\"datePublished\":\"2022-11-17T21:20:15+00:00\",\"breadcrumb\":{\"@id\":\"https:\/\/brasilnoticias.org\/site\/caminho-das-arvores-documentos-e-celulares-sao-apreendidos-em-empresa-alvo-de-operacao\/#breadcrumb\"},\"inLanguage\":\"pt-PT\",\"potentialAction\":[{\"@type\":\"ReadAction\",\"target\":[\"https:\/\/brasilnoticias.org\/site\/caminho-das-arvores-documentos-e-celulares-sao-apreendidos-em-empresa-alvo-de-operacao\/\"]}]},{\"@type\":\"ImageObject\",\"inLanguage\":\"pt-PT\",\"@id\":\"https:\/\/brasilnoticias.org\/site\/caminho-das-arvores-documentos-e-celulares-sao-apreendidos-em-empresa-alvo-de-operacao\/#primaryimage\",\"url\":\"https:\/\/brasilnoticias.org\/site\/wp-content\/uploads\/2022\/11\/csm_17112022_operacao_sonegacao_e03d612e5d.jpg\",\"contentUrl\":\"https:\/\/brasilnoticias.org\/site\/wp-content\/uploads\/2022\/11\/csm_17112022_operacao_sonegacao_e03d612e5d.jpg\",\"width\":940,\"height\":627},{\"@type\":\"BreadcrumbList\",\"@id\":\"https:\/\/brasilnoticias.org\/site\/caminho-das-arvores-documentos-e-celulares-sao-apreendidos-em-empresa-alvo-de-operacao\/#breadcrumb\",\"itemListElement\":[{\"@type\":\"ListItem\",\"position\":1,\"name\":\"In\u00edcio\",\"item\":\"https:\/\/brasilnoticias.org\/site\/\"},{\"@type\":\"ListItem\",\"position\":2,\"name\":\"Caminho das \u00c1rvores: documentos e celulares s\u00e3o apreendidos em empresa alvo de opera\u00e7\u00e3o\"}]},{\"@type\":\"WebSite\",\"@id\":\"https:\/\/brasilnoticias.org\/site\/#website\",\"url\":\"https:\/\/brasilnoticias.org\/site\/\",\"name\":\"Brasil not\u00edcias\",\"description\":\"Brasil not\u00edcias\",\"publisher\":{\"@id\":\"https:\/\/brasilnoticias.org\/site\/#organization\"},\"potentialAction\":[{\"@type\":\"SearchAction\",\"target\":{\"@type\":\"EntryPoint\",\"urlTemplate\":\"https:\/\/brasilnoticias.org\/site\/?s={search_term_string}\"},\"query-input\":{\"@type\":\"PropertyValueSpecification\",\"valueRequired\":true,\"valueName\":\"search_term_string\"}}],\"inLanguage\":\"pt-PT\"},{\"@type\":\"Organization\",\"@id\":\"https:\/\/brasilnoticias.org\/site\/#organization\",\"name\":\"Brasil not\u00edcias\",\"url\":\"https:\/\/brasilnoticias.org\/site\/\",\"logo\":{\"@type\":\"ImageObject\",\"inLanguage\":\"pt-PT\",\"@id\":\"https:\/\/brasilnoticias.org\/site\/#\/schema\/logo\/image\/\",\"url\":\"https:\/\/brasilnoticias.org\/site\/wp-content\/uploads\/2022\/05\/cropped-brasilnoticias-mini.jpg\",\"contentUrl\":\"https:\/\/brasilnoticias.org\/site\/wp-content\/uploads\/2022\/05\/cropped-brasilnoticias-mini.jpg\",\"width\":314,\"height\":86,\"caption\":\"Brasil not\u00edcias\"},\"image\":{\"@id\":\"https:\/\/brasilnoticias.org\/site\/#\/schema\/logo\/image\/\"}},{\"@type\":\"Person\",\"@id\":\"https:\/\/brasilnoticias.org\/site\/#\/schema\/person\/a0e05b973ec4d15c658d51911e53507b\",\"name\":\"Reda\u00e7\u00e3o\",\"image\":{\"@type\":\"ImageObject\",\"inLanguage\":\"pt-PT\",\"@id\":\"https:\/\/brasilnoticias.org\/site\/#\/schema\/person\/image\/\",\"url\":\"https:\/\/secure.gravatar.com\/avatar\/75d8b050df2de108b08ae78dfb8e374892df24a383c67db9c46a9c604f6aee9c?s=96&d=mm&r=g\",\"contentUrl\":\"https:\/\/secure.gravatar.com\/avatar\/75d8b050df2de108b08ae78dfb8e374892df24a383c67db9c46a9c604f6aee9c?s=96&d=mm&r=g\",\"caption\":\"Reda\u00e7\u00e3o\"},\"sameAs\":[\"https:\/\/brasilnoticias.org\/site\"],\"url\":\"https:\/\/brasilnoticias.org\/site\/author\/fernandozsngmail-com\/\"}]}<\/script>\n<!-- \/ Yoast SEO plugin. -->","yoast_head_json":{"title":"Caminho das \u00c1rvores: documentos e celulares s\u00e3o apreendidos em empresa alvo de opera\u00e7\u00e3o - Brasil not\u00edcias","robots":{"index":"index","follow":"follow","max-snippet":"max-snippet:-1","max-image-preview":"max-image-preview:large","max-video-preview":"max-video-preview:-1"},"canonical":"https:\/\/brasilnoticias.org\/site\/caminho-das-arvores-documentos-e-celulares-sao-apreendidos-em-empresa-alvo-de-operacao\/","og_locale":"pt_PT","og_type":"article","og_title":"Caminho das \u00c1rvores: documentos e celulares s\u00e3o apreendidos em empresa alvo de opera\u00e7\u00e3o - Brasil not\u00edcias","og_description":"Os bens de uma empresa de ramo de tabacaria foram bloqueados ap\u00f3s representa\u00e7\u00e3o da Delegacia de Crimes Econ\u00f4micos e Contra","og_url":"https:\/\/brasilnoticias.org\/site\/caminho-das-arvores-documentos-e-celulares-sao-apreendidos-em-empresa-alvo-de-operacao\/","og_site_name":"Brasil not\u00edcias","article_published_time":"2022-11-17T21:20:15+00:00","og_image":[{"width":940,"height":627,"url":"https:\/\/brasilnoticias.org\/site\/wp-content\/uploads\/2022\/11\/csm_17112022_operacao_sonegacao_e03d612e5d.jpg","type":"image\/jpeg"}],"author":"Reda\u00e7\u00e3o","twitter_card":"summary_large_image","twitter_misc":{"Escrito por":"Reda\u00e7\u00e3o","Tempo estimado de leitura":"1 minuto"},"schema":{"@context":"https:\/\/schema.org","@graph":[{"@type":"Article","@id":"https:\/\/brasilnoticias.org\/site\/caminho-das-arvores-documentos-e-celulares-sao-apreendidos-em-empresa-alvo-de-operacao\/#article","isPartOf":{"@id":"https:\/\/brasilnoticias.org\/site\/caminho-das-arvores-documentos-e-celulares-sao-apreendidos-em-empresa-alvo-de-operacao\/"},"author":{"name":"Reda\u00e7\u00e3o","@id":"https:\/\/brasilnoticias.org\/site\/#\/schema\/person\/a0e05b973ec4d15c658d51911e53507b"},"headline":"Caminho das \u00c1rvores: documentos e celulares s\u00e3o apreendidos em empresa alvo de opera\u00e7\u00e3o","datePublished":"2022-11-17T21:20:15+00:00","mainEntityOfPage":{"@id":"https:\/\/brasilnoticias.org\/site\/caminho-das-arvores-documentos-e-celulares-sao-apreendidos-em-empresa-alvo-de-operacao\/"},"wordCount":261,"commentCount":0,"publisher":{"@id":"https:\/\/brasilnoticias.org\/site\/#organization"},"image":{"@id":"https:\/\/brasilnoticias.org\/site\/caminho-das-arvores-documentos-e-celulares-sao-apreendidos-em-empresa-alvo-de-operacao\/#primaryimage"},"thumbnailUrl":"https:\/\/brasilnoticias.org\/site\/wp-content\/uploads\/2022\/11\/csm_17112022_operacao_sonegacao_e03d612e5d.jpg","articleSection":["Pol\u00edcia","\u00daltimas"],"inLanguage":"pt-PT","potentialAction":[{"@type":"CommentAction","name":"Comment","target":["https:\/\/brasilnoticias.org\/site\/caminho-das-arvores-documentos-e-celulares-sao-apreendidos-em-empresa-alvo-de-operacao\/#respond"]}]},{"@type":"WebPage","@id":"https:\/\/brasilnoticias.org\/site\/caminho-das-arvores-documentos-e-celulares-sao-apreendidos-em-empresa-alvo-de-operacao\/","url":"https:\/\/brasilnoticias.org\/site\/caminho-das-arvores-documentos-e-celulares-sao-apreendidos-em-empresa-alvo-de-operacao\/","name":"Caminho das \u00c1rvores: documentos e celulares s\u00e3o apreendidos em empresa alvo de opera\u00e7\u00e3o - Brasil not\u00edcias","isPartOf":{"@id":"https:\/\/brasilnoticias.org\/site\/#website"},"primaryImageOfPage":{"@id":"https:\/\/brasilnoticias.org\/site\/caminho-das-arvores-documentos-e-celulares-sao-apreendidos-em-empresa-alvo-de-operacao\/#primaryimage"},"image":{"@id":"https:\/\/brasilnoticias.org\/site\/caminho-das-arvores-documentos-e-celulares-sao-apreendidos-em-empresa-alvo-de-operacao\/#primaryimage"},"thumbnailUrl":"https:\/\/brasilnoticias.org\/site\/wp-content\/uploads\/2022\/11\/csm_17112022_operacao_sonegacao_e03d612e5d.jpg","datePublished":"2022-11-17T21:20:15+00:00","breadcrumb":{"@id":"https:\/\/brasilnoticias.org\/site\/caminho-das-arvores-documentos-e-celulares-sao-apreendidos-em-empresa-alvo-de-operacao\/#breadcrumb"},"inLanguage":"pt-PT","potentialAction":[{"@type":"ReadAction","target":["https:\/\/brasilnoticias.org\/site\/caminho-das-arvores-documentos-e-celulares-sao-apreendidos-em-empresa-alvo-de-operacao\/"]}]},{"@type":"ImageObject","inLanguage":"pt-PT","@id":"https:\/\/brasilnoticias.org\/site\/caminho-das-arvores-documentos-e-celulares-sao-apreendidos-em-empresa-alvo-de-operacao\/#primaryimage","url":"https:\/\/brasilnoticias.org\/site\/wp-content\/uploads\/2022\/11\/csm_17112022_operacao_sonegacao_e03d612e5d.jpg","contentUrl":"https:\/\/brasilnoticias.org\/site\/wp-content\/uploads\/2022\/11\/csm_17112022_operacao_sonegacao_e03d612e5d.jpg","width":940,"height":627},{"@type":"BreadcrumbList","@id":"https:\/\/brasilnoticias.org\/site\/caminho-das-arvores-documentos-e-celulares-sao-apreendidos-em-empresa-alvo-de-operacao\/#breadcrumb","itemListElement":[{"@type":"ListItem","position":1,"name":"In\u00edcio","item":"https:\/\/brasilnoticias.org\/site\/"},{"@type":"ListItem","position":2,"name":"Caminho das \u00c1rvores: documentos e celulares s\u00e3o apreendidos em empresa alvo de opera\u00e7\u00e3o"}]},{"@type":"WebSite","@id":"https:\/\/brasilnoticias.org\/site\/#website","url":"https:\/\/brasilnoticias.org\/site\/","name":"Brasil not\u00edcias","description":"Brasil not\u00edcias","publisher":{"@id":"https:\/\/brasilnoticias.org\/site\/#organization"},"potentialAction":[{"@type":"SearchAction","target":{"@type":"EntryPoint","urlTemplate":"https:\/\/brasilnoticias.org\/site\/?s={search_term_string}"},"query-input":{"@type":"PropertyValueSpecification","valueRequired":true,"valueName":"search_term_string"}}],"inLanguage":"pt-PT"},{"@type":"Organization","@id":"https:\/\/brasilnoticias.org\/site\/#organization","name":"Brasil not\u00edcias","url":"https:\/\/brasilnoticias.org\/site\/","logo":{"@type":"ImageObject","inLanguage":"pt-PT","@id":"https:\/\/brasilnoticias.org\/site\/#\/schema\/logo\/image\/","url":"https:\/\/brasilnoticias.org\/site\/wp-content\/uploads\/2022\/05\/cropped-brasilnoticias-mini.jpg","contentUrl":"https:\/\/brasilnoticias.org\/site\/wp-content\/uploads\/2022\/05\/cropped-brasilnoticias-mini.jpg","width":314,"height":86,"caption":"Brasil not\u00edcias"},"image":{"@id":"https:\/\/brasilnoticias.org\/site\/#\/schema\/logo\/image\/"}},{"@type":"Person","@id":"https:\/\/brasilnoticias.org\/site\/#\/schema\/person\/a0e05b973ec4d15c658d51911e53507b","name":"Reda\u00e7\u00e3o","image":{"@type":"ImageObject","inLanguage":"pt-PT","@id":"https:\/\/brasilnoticias.org\/site\/#\/schema\/person\/image\/","url":"https:\/\/secure.gravatar.com\/avatar\/75d8b050df2de108b08ae78dfb8e374892df24a383c67db9c46a9c604f6aee9c?s=96&d=mm&r=g","contentUrl":"https:\/\/secure.gravatar.com\/avatar\/75d8b050df2de108b08ae78dfb8e374892df24a383c67db9c46a9c604f6aee9c?s=96&d=mm&r=g","caption":"Reda\u00e7\u00e3o"},"sameAs":["https:\/\/brasilnoticias.org\/site"],"url":"https:\/\/brasilnoticias.org\/site\/author\/fernandozsngmail-com\/"}]}},"_links":{"self":[{"href":"https:\/\/brasilnoticias.org\/site\/wp-json\/wp\/v2\/posts\/2229","targetHints":{"allow":["GET"]}}],"collection":[{"href":"https:\/\/brasilnoticias.org\/site\/wp-json\/wp\/v2\/posts"}],"about":[{"href":"https:\/\/brasilnoticias.org\/site\/wp-json\/wp\/v2\/types\/post"}],"author":[{"embeddable":true,"href":"https:\/\/brasilnoticias.org\/site\/wp-json\/wp\/v2\/users\/1"}],"replies":[{"embeddable":true,"href":"https:\/\/brasilnoticias.org\/site\/wp-json\/wp\/v2\/comments?post=2229"}],"version-history":[{"count":1,"href":"https:\/\/brasilnoticias.org\/site\/wp-json\/wp\/v2\/posts\/2229\/revisions"}],"predecessor-version":[{"id":2231,"href":"https:\/\/brasilnoticias.org\/site\/wp-json\/wp\/v2\/posts\/2229\/revisions\/2231"}],"wp:featuredmedia":[{"embeddable":true,"href":"https:\/\/brasilnoticias.org\/site\/wp-json\/wp\/v2\/media\/2230"}],"wp:attachment":[{"href":"https:\/\/brasilnoticias.org\/site\/wp-json\/wp\/v2\/media?parent=2229"}],"wp:term":[{"taxonomy":"category","embeddable":true,"href":"https:\/\/brasilnoticias.org\/site\/wp-json\/wp\/v2\/categories?post=2229"},{"taxonomy":"post_tag","embeddable":true,"href":"https:\/\/brasilnoticias.org\/site\/wp-json\/wp\/v2\/tags?post=2229"}],"curies":[{"name":"wp","href":"https:\/\/api.w.org\/{rel}","templated":true}]}}