{"id":2232,"date":"2022-11-17T18:30:50","date_gmt":"2022-11-17T21:30:50","guid":{"rendered":"https:\/\/brasilnoticias.org\/site\/?p=2232"},"modified":"2022-11-17T10:33:46","modified_gmt":"2022-11-17T13:33:46","slug":"ausencias-de-peso-lesoes-tiram-craques-as-vesperas-da-copa-do-mundo","status":"publish","type":"post","link":"https:\/\/brasilnoticias.org\/site\/ausencias-de-peso-lesoes-tiram-craques-as-vesperas-da-copa-do-mundo\/","title":{"rendered":"Aus\u00eancias de peso: les\u00f5es tiram craques \u00e0s v\u00e9speras da Copa do Mundo"},"content":{"rendered":"<p>Assim como acontece em todas as Copas do Mundo, a reta final de prepara\u00e7\u00e3o nos clubes e nas sele\u00e7\u00f5es \u00e9 cercada de muita cautela e cuidado por parte dos atletas e dos departamentos m\u00e9dicos para que as les\u00f5es sejam minimizadas e o n\u00edvel f\u00edsico dos jogadores esteja alto. Mesmo assim, \u00e9 inevit\u00e1vel que alguns nomes importantes das sele\u00e7\u00f5es se machuquem e acabem ficando de fora do Mundial.<\/p>\n<p>Neste ano, a Copa do Catar j\u00e1 tem uma lista de peso com jogadores que n\u00e3o v\u00e3o disputar a competi\u00e7\u00e3o por terem se lesionado. Alguns nem entraram na lista final da convoca\u00e7\u00e3o, enquanto outros precisaram ser cortados ap\u00f3s a convoca\u00e7\u00e3o e viram o sonho de disputar uma Copa ir embora. O CORREIO lista os principais nomes que, at\u00e9 agora, n\u00e3o v\u00e3o ao Catar e desfalcam suas sele\u00e7\u00f5es por conta de les\u00e3o.<\/p>\n<p><img decoding=\"async\" src=\"https:\/\/www.correio24horas.com.br\/fileadmin\/_processed_\/f\/9\/csm_16112022_vh_2240_66e77d13fe.jpg\" \/><br \/>\nFotos: Reprodu\u00e7\u00e3o\/Twitter<\/p>\n<p><strong>Mike Maignan (Fran\u00e7a)<\/strong><br \/>\nA temporada 2021\/22 do goleiro franc\u00eas Mike Maignan foi, de longe, a melhor de sua carreira. Contratado pelo Milan no come\u00e7o da \u00faltima temporada, o arqueiro foi um dos grandes respons\u00e1veis pelo t\u00edtulo italiano dos rossoneros ap\u00f3s 11 anos de jejum e levou essa boa fase para suas atua\u00e7\u00f5es com a sele\u00e7\u00e3o da Fran\u00e7a. Apesar de n\u00e3o ser o principal nome na meta da atual campe\u00e3 do mundo, Maignan se mostrou uma amea\u00e7a para Hugo Lloris e vai acabar ficando de fora por uma les\u00e3o na panturrilha.<\/p>\n<p>O treinador do Milan, Stefano Pioli, confirmou que a les\u00e3o muscular do goleiro sofrida no fim de outubro era grave e que seu retorno aos gramados ser\u00e1 apenas em 2023. Dessa forma, os tr\u00eas goleiros que v\u00e3o ao Catar com a Fran\u00e7a s\u00e3o Lloris, Areola e Mandanda.<\/p>\n<p>Bartlomiej Dragowski (Pol\u00f4nia)<\/p>\n<p class=\"bodytext\">O caso do goleiro Dragowski, do Spezia, tamb\u00e9m da It\u00e1lia, \u00e9 grave. Ele havia sido convocado para disputar a Copa com a Pol\u00f4nia e, um dia ap\u00f3s o an\u00fancio oficial da lista, sofreu uma fratura no tornozelo durante uma partida do campeonato italiano e j\u00e1 est\u00e1 de fora do Mundial. O lance aconteceu em uma dividida com o atacante do Hellas Verona.<\/p>\n<p class=\"bodytext\">Para o seu lugar, Kamil Grabara, do Copenhagen, da Dinamarca, foi o escolhido.<\/p>\n<h2>Zagueiro:<\/h2>\n<table class=\"table\">\n<tbody>\n<tr>\n<td class=\"text-center\"><img loading=\"lazy\" decoding=\"async\" src=\"https:\/\/www.correio24horas.com.br\/fileadmin\/user_upload\/16112022_vh_2243.jpg\" width=\"800\" height=\"544\" \/><\/td>\n<\/tr>\n<tr>\n<td class=\"text-center\">Foto: Reprodu\u00e7\u00e3o\/Twitter<\/td>\n<\/tr>\n<\/tbody>\n<\/table>\n<h3>Presnel Kimpembe (Fran\u00e7a)<\/h3>\n<div class=\"single-publicidade\">\n<div id=\"internas_300x250_04\" data-google-query-id=\"COjC9c6ptfsCFY81uQYd628MUw\">\n<p class=\"bodytext\">Titular na sele\u00e7\u00e3o francesa e no Paris Saint-Germain, Kimpembe chegaria ao Catar para disputar sua segunda Copa do Mundo e defender o status de campe\u00e3o que ele conquistou com o seu pa\u00eds em 2018. Para o Mundial deste ano Kimpembe precisava correr contra o tempo e torcer para que uma les\u00e3o no tend\u00e3o de aquiles fosse curada antes do come\u00e7o da Copa. Mas ao contr\u00e1rio do que a imprensa francesa esperava, j\u00e1 que o zagueiro foi convocado por Didier Deschamps, o pr\u00f3prio atleta informou que queria ser cortado da lista final, j\u00e1 que n\u00e3o havia se recuperado da les\u00e3o.<\/p>\n<p class=\"bodytext\">Esse \u00e9 um movimento raro, j\u00e1 que a maioria dos atletas prefere for\u00e7ar uma ida ao Mundial para tentar disputar alguma partida. Ap\u00f3s o pedido feito pelo zagueiro do PSG, o treinador franc\u00eas convocou Axel Disansi, do Monaco.<\/p>\n<h2>Laterais:<\/h2>\n<table class=\"table\">\n<tbody>\n<tr>\n<td class=\"text-center\"><img loading=\"lazy\" decoding=\"async\" src=\"https:\/\/www.correio24horas.com.br\/fileadmin\/_processed_\/6\/5\/csm_16112022_vh_2253_9d9f020a9c.jpg\" width=\"1000\" height=\"681\" \/><\/td>\n<\/tr>\n<tr>\n<td class=\"text-center\">Fotos: Reprod\u00e7\u00e3o\/Twitter\/Atl\u00e9tico<\/td>\n<\/tr>\n<\/tbody>\n<\/table>\n<h3>Reece James (Inglaterra)<\/h3>\n<div class=\"single-publicidade\">\n<div id=\"internas_300x250_05\" data-google-query-id=\"CPCMw9OptfsCFbcsuQYd6CQMSA\">\n<p class=\"bodytext\">Disputando a titularidade com outros grandes nomes da lateral, como Alexander-Arnold e Trippier, o lateral direito (que tamb\u00e9m atua como ala) Reece James vai ver a Copa do Mundo de Londres e deu adeus \u00e0 chances de atuar em seu primeiro mundial. O jogador do Chelsea era considerado o favorito a ocupar a vaga do lado direito como ala, j\u00e1 que a Inglaterra joga em uma forma\u00e7\u00e3o com tr\u00eas zagueiros, e acabou n\u00e3o sendo convocado na lista final por uma les\u00e3o nos ligamentos do joelho.<\/p>\n<p class=\"bodytext\">Durante o m\u00eas de outubro not\u00edcias circularam em jornais ingleses alegando que James estava disposto a fazer um tratamento consrrvador para disputar a Copa. Mas a situa\u00e7\u00e3o n\u00e3o foi resolvida e a \u00fanica solu\u00e7\u00e3o para superar a les\u00e3o \u00e9 com uma cirurgia ligamentar, o que o tira dos gramados por meses.<\/p>\n<h3>Guilherme Arana (Brasil)<\/h3>\n<p class=\"bodytext\">Com a pol\u00eamica situa\u00e7\u00e3o dos laterais esquerdos da sele\u00e7\u00e3o brasileira que se alongou durante quase todo o ciclo de Copa com Tite, o nome de Guilherme Arana, do Al\u00e9tico Mineiro, foi ganhando cada vez mais for\u00e7a para que ele estivesse na lista final do treinador para ir ao Catar. O lateral se mostrou consistente nas partidas que atuou com a amarelinha, mas uma dura entrada sofrida em uma partida do Campeonato Brasileiro contra o Bragantino acabou lesionando o joelho de Arana.<\/p>\n<div class=\"single-publicidade\">\n<div id=\"internas_300x250_06\" data-google-query-id=\"COOj2NOptfsCFYYiuQYd5aMHWg\">\n<p class=\"bodytext\">A situa\u00e7\u00e3o \u00e9 parecida com a de Reece James, j\u00e1 que o jogador tamb\u00e9m passar\u00e1 por uma cirurgia multiligamentar e s\u00f3 retorna aos gramados em 2023. No fim das contas, a lateral esquerda do Brasil ser\u00e1 defendida por Alex Sandro e Alex Telles.<\/p>\n<h3>Ben Chilwell (Inglaterra)<\/h3>\n<p class=\"bodytext\">Mais um lateral ingl\u00eas lesionado. O jogador do Chelsea, companheiro de James, vivia a expectativa de ir \u00e0 Copa do Mundo depois de ter superado uma grave les\u00e3o sofrida no fim de 2021, que o tirou do gramado por seis meses. Atuando de forma regular nos Blues, o lateral era bem visto pelo t\u00e9cnico Gareth Southgate, mas acabou sendo cortado do Mundial por mais uma les\u00e3o complicada sofrida.<\/p>\n<p class=\"bodytext\">Dessa vez, Chilwell sofreu com uma les\u00e3o muscular e que demoraria cerca de seis semanas para ficar em condi\u00e7\u00f5es de voltar a treinar. A essa altura da Copa do Mundo j\u00e1 estar\u00e1 em sua fase mata-mata, o que tornou imposs\u00edvel a convoca\u00e7\u00e3o do lateral do Chelsea.<\/p>\n<h2>Meias:<\/h2>\n<table class=\"table\">\n<tbody>\n<tr>\n<td class=\"text-center\"><img loading=\"lazy\" decoding=\"async\" src=\"https:\/\/www.correio24horas.com.br\/fileadmin\/_processed_\/3\/6\/csm_Collage_Maker-16-Nov-2022-11.13-PM_f1d2fdd6f7.jpg\" width=\"1000\" height=\"681\" \/><\/td>\n<\/tr>\n<tr>\n<td class=\"text-center\">Fotos: Reprodu\u00e7\u00e3o\/Twitter<\/td>\n<\/tr>\n<\/tbody>\n<\/table>\n<h3>Giovani Lo Celso (Argentina)<\/h3>\n<p class=\"bodytext\">Considerado um dos principais nomes da sele\u00e7\u00e3o argentina, Lo Celso vivia uma grande fase no Villarreal, da Espanha, e demonstrava estar em sintonia com o craque da sele\u00e7\u00e3o Lionel Messi. A parceria j\u00e1 havia se mostrado efetiva durante a Copa Am\u00e9rica de 2021, quando Lo Celso e Messi conquistaram a ta\u00e7a diante do Brasil.<\/p>\n<p class=\"bodytext\">Mas o meia acabou sofrendo uma les\u00e3o muscular grave e vai precisar passar por um procedimento cir\u00fargico. Seu retorno tamb\u00e9m est\u00e1 previsto para o meio do m\u00eas de dezembro, quando a Copa estar\u00e1 chegando ao fim. Essa foi a grande perda do t\u00e9cnico Lionel Scaloni em sua convoca\u00e7\u00e3o e foi lamentada por diversos ve\u00edculos da m\u00eddia argentina.<\/p>\n<h3>Paul Pogba (Fran\u00e7a)<\/h3>\n<p class=\"bodytext\">Pogba foi contratado para retornar a Juventus nesta temporada e vislumbrava voltar a viver uma grande fase atuando por um clube ap\u00f3s algumas temporadas irregulares no Manchester United. Mesmo assim, Paul Pogba sempre se mostrou um jogador que atuava muito melhor quando vestia a camisa da Fran\u00e7a, principalmente na Copa de 2018, na R\u00fassia. Mas o sonho do bicampeonato foi interrompido por conta de duas les\u00f5es seguidas.<\/p>\n<p class=\"bodytext\">O meia ficou de fora dos primeiros jogos da Juventus na atual temporada por uma les\u00e3o muscular e, ao retornar, voltou a ter outra les\u00e3o no joelho que o tirou do Mundial. O jogador precisar\u00e1 fazer uma cirurgia no menisco e s\u00f3 retorna aos gramados em 2023.<\/p>\n<h3>N\u00b4Golo Kant\u00e9 (Fran\u00e7a)<\/h3>\n<p class=\"bodytext\">A sele\u00e7\u00e3o da Fran\u00e7a foi disparada a que mais sofreu com les\u00f5es nesse per\u00edodo pr\u00e9 Copa do Mundo. Titular em 2018 e nome certo para 2022, Kant\u00e9 n\u00e3o ir\u00e1 ao Catar ap\u00f3s sofrer uma les\u00e3o na parte posterior da coxa. O Chelsea comunicou no final de outubro que o per\u00edodo de recupera\u00e7\u00e3o do jogador seria de quatro meses, pelo menos, e fez Deschamps cortar Kant\u00e9 da lista de 26 nomes antes da convoca\u00e7\u00e3o.<\/p>\n<p class=\"bodytext\">Al\u00e9m do desfalque na sele\u00e7\u00e3o da Fran\u00e7a, o volante tamb\u00e9m perder uma parte da atual temporada com o Chelsea mesmo ap\u00f3s o fim da Copa do Mundo.<\/p>\n<h3>Philippe Coutinho (Brasil)<\/h3>\n<p class=\"bodytext\">O nome de Coutinho n\u00e3o era certo na lista final de Tite, mas o meio-campista com certeza vivia uma grande expectativa de disputar sua segunda Copa do Mundo e tentar repetir o desempenho de 2018, quando foi um dos principais nomes da sele\u00e7\u00e3o, mesmo caindo nas quartas de final.<\/p>\n<p class=\"bodytext\">O meia do Aston Villa, da Inglaterra, sofreu uma les\u00e3o muscular na coxa em treinos da equipe e s\u00f3 na v\u00e9spera da convoca\u00e7\u00e3o final a not\u00edcia come\u00e7ou a circular. Com a les\u00e3o Everton Ribeiro do Flamengo garantiu sua vaga no Catar e disputou sua primeira Copa.<\/p>\n<h3>Georginio Wijnaldum (Holanda)<\/h3>\n<p class=\"bodytext\">O meia ex-Liverpool e PSG foi contratado pela Roma para disputar a atual temporada, mas nem deu tempo de mostrar servi\u00e7o no futebol italiano. O volante holand\u00eas sofreu uma grave les\u00e3o na t\u00edbia durante um dos primeiros treinos com a Roma no come\u00e7o da temporada e precisou passar por cirurgia. O tempo de recupera\u00e7\u00e3o \u00e9 de, pelo menos, tr\u00eas meses.<\/p>\n<p class=\"bodytext\">O meia j\u00e1 havia jogado a Copa do Mundo do Brasil, em 2014, quando a Holanda terminou em 3\u00ba lugar. Em 2018 o pa\u00eds n\u00e3o se classificou para o Mundial da R\u00fassia.<\/p>\n<h3>Marco Reus (Alemanha)<\/h3>\n<p class=\"bodytext\">A trajet\u00f3ria de Reus no futebol tem uma \u00edntima &#8211; e infeliz &#8211; rela\u00e7\u00e3o com as les\u00f5es. O meia do Borussia Dortmund sempre foi considerado um dos melhores da Alemanha em sua posi\u00e7\u00e3o e perdeu a chance de disputar diversas competi\u00e7\u00f5es por conta de les\u00f5es. Dessa vez, Reus sofreu uma les\u00e3o no ligamento do tornozelo e n\u00e3o ir\u00e1 se recuperar a tempo de disputar a Copa do Mundo do Catar.<\/p>\n<p class=\"bodytext\">Para se ter uma ideia do azar de Reus, o jogador perdeu a Copa de 2014, quando a Alemanha foi campe\u00e3, por conta de uma les\u00e3o. O meia vivia uma grande fase naquela temporada, antes de se machucar. Em 2018 o jogador finalmente teve a chance de jogar um Mundial, mas a Alemanha caiu ainda na fase de grupos e se despediu cedo da Copa da R\u00fassia.<\/p>\n<div class=\"col-xs-12\">\n<div class=\"noticias-single__content\">\n<div class=\"noticias-single__content__text js-mediator-article\">\n<h2>Atacantes:<\/h2>\n<table class=\"table\">\n<tbody>\n<tr>\n<td class=\"text-center\"><img loading=\"lazy\" decoding=\"async\" src=\"https:\/\/www.correio24horas.com.br\/fileadmin\/_processed_\/0\/8\/csm_16112022_vh_2231_299f96db93.jpg\" width=\"1000\" height=\"681\" \/><\/td>\n<\/tr>\n<tr>\n<td class=\"text-center\">Fotos: Reprodu\u00e7\u00e3o\/Twitter<\/td>\n<\/tr>\n<\/tbody>\n<\/table>\n<h3>Diogo Jota (Portugal)<\/h3>\n<p class=\"bodytext\">Sensa\u00e7\u00e3o no Liverpool de Klopp, o atacante Diogo Jota era nome certo &#8211; e titular &#8211; na convoca\u00e7\u00e3o do t\u00e9cnico Fernando Santos, de Portugal. O jogador vinha tendo boas atua\u00e7\u00f5es pela sele\u00e7\u00e3o portuguesa h\u00e1, pelo menos, duas temporadas e teria a chance de formar um ataque com o craque Cristiano Ronaldo. No fim de outubro o pr\u00f3prio treinador dos Reds anunciou em coletiva que Jota havia sofrido uma les\u00e3o na panturrilha e a recupera\u00e7\u00e3o n\u00e3o seria curta.<\/p>\n<p class=\"bodytext\">Diogo Jota j\u00e1 tem dez gols em 29 partidas com a camisa da sele\u00e7\u00e3o de Portugal.<\/p>\n<h3>Timo Werner (Alemanha)<\/h3>\n<p class=\"bodytext\">Ap\u00f3s retornar para o RB Leipzig, da Alemanha, onde viveu sua melhor fase na carreira, o centroavante de 26 anos acabou sofrendo uma les\u00e3o s\u00e9ria no tornozelo durante partida da equipe pela Liga dos Campe\u00f5es desta temporada, em uma vit\u00f3ria de 4&#215;0 contra o Shakhtar, da Ucr\u00e2nia.<\/p>\n<p class=\"bodytext\">Timo Werner s\u00f3 deve retornar aos gramados em 2023.<\/p>\n<h3>Christopher Nkuku (Fran\u00e7a)<\/h3>\n<p class=\"bodytext\">Mais um nome para a conta da Fran\u00e7a. E dessa vez j\u00e1 durante os treinos p\u00f3s convoca\u00e7\u00e3o. O atacante Nkuku, que tamb\u00e9m atua pelo Leipzig, acabou sendo cortado de \u00faltima hora da sele\u00e7\u00e3o francesa por conta de uma entorse no joelho. O lance aconteceu durante o segundo treinamento que Fran\u00e7a fazia na prepara\u00e7\u00e3o para ir ao Catar.<\/p>\n<p class=\"bodytext\">Em uma dividida de bola com o volante Camavinga, do Real Madrid, Nkuku sofreu com muitas dores e os exames logo apontaram a impossibilidade do jogador disputar a Copa. Para o seu lugar, Deschamps convocou Muani, atacante do Frankfurt.<\/p>\n<h2>Convocado, mas\u2026<\/h2>\n<p class=\"bodytext\">Outros tr\u00eas nomes sofreram com les\u00f5es, mas v\u00e3o se arriscar e est\u00e3o na lista dos atletas que v\u00e3o disputar a Copa do Mundo. Sadio Man\u00e9, de Senegal, Ronald Araujo, do Uruguai, e o goleiro Sommer, da Su\u00ed\u00e7a, advers\u00e1ria do Brasil, tem lutado contra as les\u00f5es para jogarem partidas na Copa do Mundo. Nenhum dos tr\u00eas tem a confirma\u00e7\u00e3o de que est\u00e3o 100% t\u00e9 as partidas da fase de grupo, mas os departamentos m\u00e9dicos de cada uma das sele\u00e7\u00f5es deram diagn\u00f3stico positivo para os atletas, o que d\u00e1 a esperan\u00e7a de que conseguir\u00e3o entrar em campo duanrte\u00a0o\u00a0Mundial.<\/p>\n<\/div>\n<\/div>\n<\/div>\n<div class=\"col-xs-12\">\n<div class=\"noticias-single__content-area noticias-single__content-area--after-content\">\n<div class=\"chamada-assinatura\"><\/div>\n<\/div>\n<\/div>\n<\/div>\n<\/div>\n<\/div>\n<\/div>\n<\/div>\n<\/div>\n","protected":false},"excerpt":{"rendered":"<p>Assim como acontece em todas as Copas do Mundo, a reta final de prepara\u00e7\u00e3o nos clubes e nas sele\u00e7\u00f5es \u00e9<\/p>\n","protected":false},"author":1,"featured_media":2233,"comment_status":"open","ping_status":"open","sticky":false,"template":"","format":"standard","meta":{"colormag_page_container_layout":"default_layout","colormag_page_sidebar_layout":"default_layout","_FSMCFIC_featured_image_caption":"","_FSMCFIC_featured_image_nocaption":"","_FSMCFIC_featured_image_hide":"","footnotes":""},"categories":[4,1],"tags":[],"class_list":["post-2232","post","type-post","status-publish","format-standard","has-post-thumbnail","hentry","category-esporte","category-ultimas"],"yoast_head":"<!-- This site is optimized with the Yoast SEO plugin v27.1.1 - https:\/\/yoast.com\/product\/yoast-seo-wordpress\/ -->\n<title>Aus\u00eancias de peso: les\u00f5es tiram craques \u00e0s v\u00e9speras da Copa do Mundo - Brasil not\u00edcias<\/title>\n<meta name=\"robots\" content=\"index, follow, max-snippet:-1, max-image-preview:large, max-video-preview:-1\" \/>\n<link rel=\"canonical\" href=\"https:\/\/brasilnoticias.org\/site\/ausencias-de-peso-lesoes-tiram-craques-as-vesperas-da-copa-do-mundo\/\" \/>\n<meta property=\"og:locale\" content=\"pt_PT\" \/>\n<meta property=\"og:type\" content=\"article\" \/>\n<meta property=\"og:title\" content=\"Aus\u00eancias de peso: les\u00f5es tiram craques \u00e0s v\u00e9speras da Copa do Mundo - Brasil not\u00edcias\" \/>\n<meta property=\"og:description\" content=\"Assim como acontece em todas as Copas do Mundo, a reta final de prepara\u00e7\u00e3o nos clubes e nas sele\u00e7\u00f5es \u00e9\" \/>\n<meta property=\"og:url\" content=\"https:\/\/brasilnoticias.org\/site\/ausencias-de-peso-lesoes-tiram-craques-as-vesperas-da-copa-do-mundo\/\" \/>\n<meta property=\"og:site_name\" content=\"Brasil not\u00edcias\" \/>\n<meta property=\"article:published_time\" content=\"2022-11-17T21:30:50+00:00\" \/>\n<meta property=\"og:image\" content=\"https:\/\/brasilnoticias.org\/site\/wp-content\/uploads\/2022\/11\/csm_Collage_Maker-16-Nov-2022-11.40-PM_da51cc3d0e.jpg\" \/>\n\t<meta property=\"og:image:width\" content=\"940\" \/>\n\t<meta property=\"og:image:height\" content=\"640\" \/>\n\t<meta property=\"og:image:type\" content=\"image\/jpeg\" \/>\n<meta name=\"author\" content=\"Reda\u00e7\u00e3o\" \/>\n<meta name=\"twitter:card\" content=\"summary_large_image\" \/>\n<meta name=\"twitter:label1\" content=\"Escrito por\" \/>\n\t<meta name=\"twitter:data1\" content=\"Reda\u00e7\u00e3o\" \/>\n\t<meta name=\"twitter:label2\" content=\"Tempo estimado de leitura\" \/>\n\t<meta name=\"twitter:data2\" content=\"10 minutos\" \/>\n<script type=\"application\/ld+json\" class=\"yoast-schema-graph\">{\"@context\":\"https:\/\/schema.org\",\"@graph\":[{\"@type\":\"Article\",\"@id\":\"https:\/\/brasilnoticias.org\/site\/ausencias-de-peso-lesoes-tiram-craques-as-vesperas-da-copa-do-mundo\/#article\",\"isPartOf\":{\"@id\":\"https:\/\/brasilnoticias.org\/site\/ausencias-de-peso-lesoes-tiram-craques-as-vesperas-da-copa-do-mundo\/\"},\"author\":{\"name\":\"Reda\u00e7\u00e3o\",\"@id\":\"https:\/\/brasilnoticias.org\/site\/#\/schema\/person\/a0e05b973ec4d15c658d51911e53507b\"},\"headline\":\"Aus\u00eancias de peso: les\u00f5es tiram craques \u00e0s v\u00e9speras da Copa do Mundo\",\"datePublished\":\"2022-11-17T21:30:50+00:00\",\"mainEntityOfPage\":{\"@id\":\"https:\/\/brasilnoticias.org\/site\/ausencias-de-peso-lesoes-tiram-craques-as-vesperas-da-copa-do-mundo\/\"},\"wordCount\":2093,\"commentCount\":0,\"publisher\":{\"@id\":\"https:\/\/brasilnoticias.org\/site\/#organization\"},\"image\":{\"@id\":\"https:\/\/brasilnoticias.org\/site\/ausencias-de-peso-lesoes-tiram-craques-as-vesperas-da-copa-do-mundo\/#primaryimage\"},\"thumbnailUrl\":\"https:\/\/brasilnoticias.org\/site\/wp-content\/uploads\/2022\/11\/csm_Collage_Maker-16-Nov-2022-11.40-PM_da51cc3d0e.jpg\",\"articleSection\":[\"Esporte\",\"\u00daltimas\"],\"inLanguage\":\"pt-PT\",\"potentialAction\":[{\"@type\":\"CommentAction\",\"name\":\"Comment\",\"target\":[\"https:\/\/brasilnoticias.org\/site\/ausencias-de-peso-lesoes-tiram-craques-as-vesperas-da-copa-do-mundo\/#respond\"]}]},{\"@type\":\"WebPage\",\"@id\":\"https:\/\/brasilnoticias.org\/site\/ausencias-de-peso-lesoes-tiram-craques-as-vesperas-da-copa-do-mundo\/\",\"url\":\"https:\/\/brasilnoticias.org\/site\/ausencias-de-peso-lesoes-tiram-craques-as-vesperas-da-copa-do-mundo\/\",\"name\":\"Aus\u00eancias de peso: les\u00f5es tiram craques \u00e0s v\u00e9speras da Copa do Mundo - Brasil not\u00edcias\",\"isPartOf\":{\"@id\":\"https:\/\/brasilnoticias.org\/site\/#website\"},\"primaryImageOfPage\":{\"@id\":\"https:\/\/brasilnoticias.org\/site\/ausencias-de-peso-lesoes-tiram-craques-as-vesperas-da-copa-do-mundo\/#primaryimage\"},\"image\":{\"@id\":\"https:\/\/brasilnoticias.org\/site\/ausencias-de-peso-lesoes-tiram-craques-as-vesperas-da-copa-do-mundo\/#primaryimage\"},\"thumbnailUrl\":\"https:\/\/brasilnoticias.org\/site\/wp-content\/uploads\/2022\/11\/csm_Collage_Maker-16-Nov-2022-11.40-PM_da51cc3d0e.jpg\",\"datePublished\":\"2022-11-17T21:30:50+00:00\",\"breadcrumb\":{\"@id\":\"https:\/\/brasilnoticias.org\/site\/ausencias-de-peso-lesoes-tiram-craques-as-vesperas-da-copa-do-mundo\/#breadcrumb\"},\"inLanguage\":\"pt-PT\",\"potentialAction\":[{\"@type\":\"ReadAction\",\"target\":[\"https:\/\/brasilnoticias.org\/site\/ausencias-de-peso-lesoes-tiram-craques-as-vesperas-da-copa-do-mundo\/\"]}]},{\"@type\":\"ImageObject\",\"inLanguage\":\"pt-PT\",\"@id\":\"https:\/\/brasilnoticias.org\/site\/ausencias-de-peso-lesoes-tiram-craques-as-vesperas-da-copa-do-mundo\/#primaryimage\",\"url\":\"https:\/\/brasilnoticias.org\/site\/wp-content\/uploads\/2022\/11\/csm_Collage_Maker-16-Nov-2022-11.40-PM_da51cc3d0e.jpg\",\"contentUrl\":\"https:\/\/brasilnoticias.org\/site\/wp-content\/uploads\/2022\/11\/csm_Collage_Maker-16-Nov-2022-11.40-PM_da51cc3d0e.jpg\",\"width\":940,\"height\":640},{\"@type\":\"BreadcrumbList\",\"@id\":\"https:\/\/brasilnoticias.org\/site\/ausencias-de-peso-lesoes-tiram-craques-as-vesperas-da-copa-do-mundo\/#breadcrumb\",\"itemListElement\":[{\"@type\":\"ListItem\",\"position\":1,\"name\":\"In\u00edcio\",\"item\":\"https:\/\/brasilnoticias.org\/site\/\"},{\"@type\":\"ListItem\",\"position\":2,\"name\":\"Aus\u00eancias de peso: les\u00f5es tiram craques \u00e0s v\u00e9speras da Copa do Mundo\"}]},{\"@type\":\"WebSite\",\"@id\":\"https:\/\/brasilnoticias.org\/site\/#website\",\"url\":\"https:\/\/brasilnoticias.org\/site\/\",\"name\":\"Brasil not\u00edcias\",\"description\":\"Brasil not\u00edcias\",\"publisher\":{\"@id\":\"https:\/\/brasilnoticias.org\/site\/#organization\"},\"potentialAction\":[{\"@type\":\"SearchAction\",\"target\":{\"@type\":\"EntryPoint\",\"urlTemplate\":\"https:\/\/brasilnoticias.org\/site\/?s={search_term_string}\"},\"query-input\":{\"@type\":\"PropertyValueSpecification\",\"valueRequired\":true,\"valueName\":\"search_term_string\"}}],\"inLanguage\":\"pt-PT\"},{\"@type\":\"Organization\",\"@id\":\"https:\/\/brasilnoticias.org\/site\/#organization\",\"name\":\"Brasil not\u00edcias\",\"url\":\"https:\/\/brasilnoticias.org\/site\/\",\"logo\":{\"@type\":\"ImageObject\",\"inLanguage\":\"pt-PT\",\"@id\":\"https:\/\/brasilnoticias.org\/site\/#\/schema\/logo\/image\/\",\"url\":\"https:\/\/brasilnoticias.org\/site\/wp-content\/uploads\/2022\/05\/cropped-brasilnoticias-mini.jpg\",\"contentUrl\":\"https:\/\/brasilnoticias.org\/site\/wp-content\/uploads\/2022\/05\/cropped-brasilnoticias-mini.jpg\",\"width\":314,\"height\":86,\"caption\":\"Brasil not\u00edcias\"},\"image\":{\"@id\":\"https:\/\/brasilnoticias.org\/site\/#\/schema\/logo\/image\/\"}},{\"@type\":\"Person\",\"@id\":\"https:\/\/brasilnoticias.org\/site\/#\/schema\/person\/a0e05b973ec4d15c658d51911e53507b\",\"name\":\"Reda\u00e7\u00e3o\",\"image\":{\"@type\":\"ImageObject\",\"inLanguage\":\"pt-PT\",\"@id\":\"https:\/\/brasilnoticias.org\/site\/#\/schema\/person\/image\/\",\"url\":\"https:\/\/secure.gravatar.com\/avatar\/75d8b050df2de108b08ae78dfb8e374892df24a383c67db9c46a9c604f6aee9c?s=96&d=mm&r=g\",\"contentUrl\":\"https:\/\/secure.gravatar.com\/avatar\/75d8b050df2de108b08ae78dfb8e374892df24a383c67db9c46a9c604f6aee9c?s=96&d=mm&r=g\",\"caption\":\"Reda\u00e7\u00e3o\"},\"sameAs\":[\"https:\/\/brasilnoticias.org\/site\"],\"url\":\"https:\/\/brasilnoticias.org\/site\/author\/fernandozsngmail-com\/\"}]}<\/script>\n<!-- \/ Yoast SEO plugin. -->","yoast_head_json":{"title":"Aus\u00eancias de peso: les\u00f5es tiram craques \u00e0s v\u00e9speras da Copa do Mundo - Brasil not\u00edcias","robots":{"index":"index","follow":"follow","max-snippet":"max-snippet:-1","max-image-preview":"max-image-preview:large","max-video-preview":"max-video-preview:-1"},"canonical":"https:\/\/brasilnoticias.org\/site\/ausencias-de-peso-lesoes-tiram-craques-as-vesperas-da-copa-do-mundo\/","og_locale":"pt_PT","og_type":"article","og_title":"Aus\u00eancias de peso: les\u00f5es tiram craques \u00e0s v\u00e9speras da Copa do Mundo - Brasil not\u00edcias","og_description":"Assim como acontece em todas as Copas do Mundo, a reta final de prepara\u00e7\u00e3o nos clubes e nas sele\u00e7\u00f5es \u00e9","og_url":"https:\/\/brasilnoticias.org\/site\/ausencias-de-peso-lesoes-tiram-craques-as-vesperas-da-copa-do-mundo\/","og_site_name":"Brasil not\u00edcias","article_published_time":"2022-11-17T21:30:50+00:00","og_image":[{"width":940,"height":640,"url":"https:\/\/brasilnoticias.org\/site\/wp-content\/uploads\/2022\/11\/csm_Collage_Maker-16-Nov-2022-11.40-PM_da51cc3d0e.jpg","type":"image\/jpeg"}],"author":"Reda\u00e7\u00e3o","twitter_card":"summary_large_image","twitter_misc":{"Escrito por":"Reda\u00e7\u00e3o","Tempo estimado de leitura":"10 minutos"},"schema":{"@context":"https:\/\/schema.org","@graph":[{"@type":"Article","@id":"https:\/\/brasilnoticias.org\/site\/ausencias-de-peso-lesoes-tiram-craques-as-vesperas-da-copa-do-mundo\/#article","isPartOf":{"@id":"https:\/\/brasilnoticias.org\/site\/ausencias-de-peso-lesoes-tiram-craques-as-vesperas-da-copa-do-mundo\/"},"author":{"name":"Reda\u00e7\u00e3o","@id":"https:\/\/brasilnoticias.org\/site\/#\/schema\/person\/a0e05b973ec4d15c658d51911e53507b"},"headline":"Aus\u00eancias de peso: les\u00f5es tiram craques \u00e0s v\u00e9speras da Copa do Mundo","datePublished":"2022-11-17T21:30:50+00:00","mainEntityOfPage":{"@id":"https:\/\/brasilnoticias.org\/site\/ausencias-de-peso-lesoes-tiram-craques-as-vesperas-da-copa-do-mundo\/"},"wordCount":2093,"commentCount":0,"publisher":{"@id":"https:\/\/brasilnoticias.org\/site\/#organization"},"image":{"@id":"https:\/\/brasilnoticias.org\/site\/ausencias-de-peso-lesoes-tiram-craques-as-vesperas-da-copa-do-mundo\/#primaryimage"},"thumbnailUrl":"https:\/\/brasilnoticias.org\/site\/wp-content\/uploads\/2022\/11\/csm_Collage_Maker-16-Nov-2022-11.40-PM_da51cc3d0e.jpg","articleSection":["Esporte","\u00daltimas"],"inLanguage":"pt-PT","potentialAction":[{"@type":"CommentAction","name":"Comment","target":["https:\/\/brasilnoticias.org\/site\/ausencias-de-peso-lesoes-tiram-craques-as-vesperas-da-copa-do-mundo\/#respond"]}]},{"@type":"WebPage","@id":"https:\/\/brasilnoticias.org\/site\/ausencias-de-peso-lesoes-tiram-craques-as-vesperas-da-copa-do-mundo\/","url":"https:\/\/brasilnoticias.org\/site\/ausencias-de-peso-lesoes-tiram-craques-as-vesperas-da-copa-do-mundo\/","name":"Aus\u00eancias de peso: les\u00f5es tiram craques \u00e0s v\u00e9speras da Copa do Mundo - Brasil not\u00edcias","isPartOf":{"@id":"https:\/\/brasilnoticias.org\/site\/#website"},"primaryImageOfPage":{"@id":"https:\/\/brasilnoticias.org\/site\/ausencias-de-peso-lesoes-tiram-craques-as-vesperas-da-copa-do-mundo\/#primaryimage"},"image":{"@id":"https:\/\/brasilnoticias.org\/site\/ausencias-de-peso-lesoes-tiram-craques-as-vesperas-da-copa-do-mundo\/#primaryimage"},"thumbnailUrl":"https:\/\/brasilnoticias.org\/site\/wp-content\/uploads\/2022\/11\/csm_Collage_Maker-16-Nov-2022-11.40-PM_da51cc3d0e.jpg","datePublished":"2022-11-17T21:30:50+00:00","breadcrumb":{"@id":"https:\/\/brasilnoticias.org\/site\/ausencias-de-peso-lesoes-tiram-craques-as-vesperas-da-copa-do-mundo\/#breadcrumb"},"inLanguage":"pt-PT","potentialAction":[{"@type":"ReadAction","target":["https:\/\/brasilnoticias.org\/site\/ausencias-de-peso-lesoes-tiram-craques-as-vesperas-da-copa-do-mundo\/"]}]},{"@type":"ImageObject","inLanguage":"pt-PT","@id":"https:\/\/brasilnoticias.org\/site\/ausencias-de-peso-lesoes-tiram-craques-as-vesperas-da-copa-do-mundo\/#primaryimage","url":"https:\/\/brasilnoticias.org\/site\/wp-content\/uploads\/2022\/11\/csm_Collage_Maker-16-Nov-2022-11.40-PM_da51cc3d0e.jpg","contentUrl":"https:\/\/brasilnoticias.org\/site\/wp-content\/uploads\/2022\/11\/csm_Collage_Maker-16-Nov-2022-11.40-PM_da51cc3d0e.jpg","width":940,"height":640},{"@type":"BreadcrumbList","@id":"https:\/\/brasilnoticias.org\/site\/ausencias-de-peso-lesoes-tiram-craques-as-vesperas-da-copa-do-mundo\/#breadcrumb","itemListElement":[{"@type":"ListItem","position":1,"name":"In\u00edcio","item":"https:\/\/brasilnoticias.org\/site\/"},{"@type":"ListItem","position":2,"name":"Aus\u00eancias de peso: les\u00f5es tiram craques \u00e0s v\u00e9speras da Copa do Mundo"}]},{"@type":"WebSite","@id":"https:\/\/brasilnoticias.org\/site\/#website","url":"https:\/\/brasilnoticias.org\/site\/","name":"Brasil not\u00edcias","description":"Brasil not\u00edcias","publisher":{"@id":"https:\/\/brasilnoticias.org\/site\/#organization"},"potentialAction":[{"@type":"SearchAction","target":{"@type":"EntryPoint","urlTemplate":"https:\/\/brasilnoticias.org\/site\/?s={search_term_string}"},"query-input":{"@type":"PropertyValueSpecification","valueRequired":true,"valueName":"search_term_string"}}],"inLanguage":"pt-PT"},{"@type":"Organization","@id":"https:\/\/brasilnoticias.org\/site\/#organization","name":"Brasil not\u00edcias","url":"https:\/\/brasilnoticias.org\/site\/","logo":{"@type":"ImageObject","inLanguage":"pt-PT","@id":"https:\/\/brasilnoticias.org\/site\/#\/schema\/logo\/image\/","url":"https:\/\/brasilnoticias.org\/site\/wp-content\/uploads\/2022\/05\/cropped-brasilnoticias-mini.jpg","contentUrl":"https:\/\/brasilnoticias.org\/site\/wp-content\/uploads\/2022\/05\/cropped-brasilnoticias-mini.jpg","width":314,"height":86,"caption":"Brasil not\u00edcias"},"image":{"@id":"https:\/\/brasilnoticias.org\/site\/#\/schema\/logo\/image\/"}},{"@type":"Person","@id":"https:\/\/brasilnoticias.org\/site\/#\/schema\/person\/a0e05b973ec4d15c658d51911e53507b","name":"Reda\u00e7\u00e3o","image":{"@type":"ImageObject","inLanguage":"pt-PT","@id":"https:\/\/brasilnoticias.org\/site\/#\/schema\/person\/image\/","url":"https:\/\/secure.gravatar.com\/avatar\/75d8b050df2de108b08ae78dfb8e374892df24a383c67db9c46a9c604f6aee9c?s=96&d=mm&r=g","contentUrl":"https:\/\/secure.gravatar.com\/avatar\/75d8b050df2de108b08ae78dfb8e374892df24a383c67db9c46a9c604f6aee9c?s=96&d=mm&r=g","caption":"Reda\u00e7\u00e3o"},"sameAs":["https:\/\/brasilnoticias.org\/site"],"url":"https:\/\/brasilnoticias.org\/site\/author\/fernandozsngmail-com\/"}]}},"_links":{"self":[{"href":"https:\/\/brasilnoticias.org\/site\/wp-json\/wp\/v2\/posts\/2232","targetHints":{"allow":["GET"]}}],"collection":[{"href":"https:\/\/brasilnoticias.org\/site\/wp-json\/wp\/v2\/posts"}],"about":[{"href":"https:\/\/brasilnoticias.org\/site\/wp-json\/wp\/v2\/types\/post"}],"author":[{"embeddable":true,"href":"https:\/\/brasilnoticias.org\/site\/wp-json\/wp\/v2\/users\/1"}],"replies":[{"embeddable":true,"href":"https:\/\/brasilnoticias.org\/site\/wp-json\/wp\/v2\/comments?post=2232"}],"version-history":[{"count":1,"href":"https:\/\/brasilnoticias.org\/site\/wp-json\/wp\/v2\/posts\/2232\/revisions"}],"predecessor-version":[{"id":2234,"href":"https:\/\/brasilnoticias.org\/site\/wp-json\/wp\/v2\/posts\/2232\/revisions\/2234"}],"wp:featuredmedia":[{"embeddable":true,"href":"https:\/\/brasilnoticias.org\/site\/wp-json\/wp\/v2\/media\/2233"}],"wp:attachment":[{"href":"https:\/\/brasilnoticias.org\/site\/wp-json\/wp\/v2\/media?parent=2232"}],"wp:term":[{"taxonomy":"category","embeddable":true,"href":"https:\/\/brasilnoticias.org\/site\/wp-json\/wp\/v2\/categories?post=2232"},{"taxonomy":"post_tag","embeddable":true,"href":"https:\/\/brasilnoticias.org\/site\/wp-json\/wp\/v2\/tags?post=2232"}],"curies":[{"name":"wp","href":"https:\/\/api.w.org\/{rel}","templated":true}]}}