{"id":2235,"date":"2022-11-17T11:28:04","date_gmt":"2022-11-17T14:28:04","guid":{"rendered":"https:\/\/brasilnoticias.org\/site\/?p=2235"},"modified":"2022-11-17T11:28:04","modified_gmt":"2022-11-17T14:28:04","slug":"covid-com-inicio-da-5a-dose-leandro-guerrilha-pede-retorno-de-drive-thru-e-postos-avancados-em-comunidades","status":"publish","type":"post","link":"https:\/\/brasilnoticias.org\/site\/covid-com-inicio-da-5a-dose-leandro-guerrilha-pede-retorno-de-drive-thru-e-postos-avancados-em-comunidades\/","title":{"rendered":"Covid &#8211; Com in\u00edcio da 5\u00aa dose, Leandro Guerrilha pede retorno de drive-thru e postos avan\u00e7ados em comunidades"},"content":{"rendered":"<p>Covid &#8211; Com in\u00edcio da 5\u00aa dose, Leandro Guerrilha pede retorno de drive-thru e postos avan\u00e7ados em comunidades<\/p>\n<p>O vereador Leandro Guerrilha (PP) defendeu, nesta manh\u00e3, o retorno do sistema de drive-thru para vacina\u00e7\u00e3o contra a Covid-19 em Salvador. Segundo ele, a a\u00e7\u00e3o se faz necess\u00e1ria com o in\u00edcio da aplica\u00e7\u00e3o da 5\u00aa dose na capital baiana. A partir desta quinta-feira (17), exclusivamente, os imunossupressos com o nome no site da Secretaria Municipal de Salvador (SMS) j\u00e1 podem tomar o imunobiol\u00f3gico. Est\u00e3o aptos aqueles que receberam a 4\u00aa dose at\u00e9 o dia 17 de julho deste ano com 18 anos ou mais, inclusive, gestantes e pu\u00e9rperas.<\/p>\n<p>O l\u00edder do PP na C\u00e2mara Municipal de Salvador (CMS) tamb\u00e9m voltou a pedir que, com o avan\u00e7o da 5\u00aa dose para outros p\u00fablicos, sejam implantados nas comunidades sistemas m\u00f3veis de vacina\u00e7\u00e3o contra a Covid-19, para o atendimento de jovens nas escolas e pessoas com dificuldade de locomo\u00e7\u00e3o. \u201cComo fizemos no per\u00edodo da pandemia no ano passado pedindo a flexibiliza\u00e7\u00e3o das vacinas em comunidades, sub-prefeituras e deu muito certo, solicitamos agora ao prefeito Bruno Reis e ao secret\u00e1rio municipal de Sa\u00fade, D\u00e9cio Martins, que volte o drive-thru e a vacina em movimento\u201d, explicou o vereador.<\/p>\n<p>Conforme foi colocado pelo prefeito, Leandro Guerrilha tamb\u00e9m refor\u00e7ou a recomenda\u00e7\u00e3o da volta do uso de m\u00e1scaras, neste momento, em locais fechados e nos meios de transportes. \u201cN\u00e3o \u00e9 obrigat\u00f3rio, mas temos que previnir, principalmente pra quem est\u00e1 gripado ou faz parte dos grupos de risco\u201d.<\/p>\n","protected":false},"excerpt":{"rendered":"<p>Covid &#8211; Com in\u00edcio da 5\u00aa dose, Leandro Guerrilha pede retorno de drive-thru e postos avan\u00e7ados em comunidades O vereador<\/p>\n","protected":false},"author":1,"featured_media":2236,"comment_status":"open","ping_status":"open","sticky":false,"template":"","format":"standard","meta":{"colormag_page_container_layout":"default_layout","colormag_page_sidebar_layout":"default_layout","_FSMCFIC_featured_image_caption":"","_FSMCFIC_featured_image_nocaption":"","_FSMCFIC_featured_image_hide":"","footnotes":""},"categories":[2,1],"tags":[],"class_list":["post-2235","post","type-post","status-publish","format-standard","has-post-thumbnail","hentry","category-noticias","category-ultimas"],"yoast_head":"<!-- This site is optimized with the Yoast SEO plugin v27.1.1 - https:\/\/yoast.com\/product\/yoast-seo-wordpress\/ -->\n<title>Covid - Com in\u00edcio da 5\u00aa dose, Leandro Guerrilha pede retorno de drive-thru e postos avan\u00e7ados em comunidades - Brasil not\u00edcias<\/title>\n<meta name=\"robots\" content=\"index, follow, max-snippet:-1, max-image-preview:large, max-video-preview:-1\" \/>\n<link rel=\"canonical\" href=\"https:\/\/brasilnoticias.org\/site\/covid-com-inicio-da-5a-dose-leandro-guerrilha-pede-retorno-de-drive-thru-e-postos-avancados-em-comunidades\/\" \/>\n<meta property=\"og:locale\" content=\"pt_PT\" \/>\n<meta property=\"og:type\" content=\"article\" \/>\n<meta property=\"og:title\" content=\"Covid - Com in\u00edcio da 5\u00aa dose, Leandro Guerrilha pede retorno de drive-thru e postos avan\u00e7ados em comunidades - Brasil not\u00edcias\" \/>\n<meta property=\"og:description\" content=\"Covid &#8211; Com in\u00edcio da 5\u00aa dose, Leandro Guerrilha pede retorno de drive-thru e postos avan\u00e7ados em comunidades O vereador\" \/>\n<meta property=\"og:url\" content=\"https:\/\/brasilnoticias.org\/site\/covid-com-inicio-da-5a-dose-leandro-guerrilha-pede-retorno-de-drive-thru-e-postos-avancados-em-comunidades\/\" \/>\n<meta property=\"og:site_name\" content=\"Brasil not\u00edcias\" \/>\n<meta property=\"article:published_time\" content=\"2022-11-17T14:28:04+00:00\" \/>\n<meta property=\"og:image\" content=\"https:\/\/brasilnoticias.org\/site\/wp-content\/uploads\/2022\/11\/WhatsApp-Image-2022-11-17-at-11.23.20-1.jpeg\" \/>\n\t<meta property=\"og:image:width\" content=\"1280\" \/>\n\t<meta property=\"og:image:height\" content=\"855\" \/>\n\t<meta property=\"og:image:type\" content=\"image\/jpeg\" \/>\n<meta name=\"author\" content=\"Reda\u00e7\u00e3o\" \/>\n<meta name=\"twitter:card\" content=\"summary_large_image\" \/>\n<meta name=\"twitter:label1\" content=\"Escrito por\" \/>\n\t<meta name=\"twitter:data1\" content=\"Reda\u00e7\u00e3o\" \/>\n\t<meta name=\"twitter:label2\" content=\"Tempo estimado de leitura\" \/>\n\t<meta name=\"twitter:data2\" content=\"1 minuto\" \/>\n<script type=\"application\/ld+json\" class=\"yoast-schema-graph\">{\"@context\":\"https:\/\/schema.org\",\"@graph\":[{\"@type\":\"Article\",\"@id\":\"https:\/\/brasilnoticias.org\/site\/covid-com-inicio-da-5a-dose-leandro-guerrilha-pede-retorno-de-drive-thru-e-postos-avancados-em-comunidades\/#article\",\"isPartOf\":{\"@id\":\"https:\/\/brasilnoticias.org\/site\/covid-com-inicio-da-5a-dose-leandro-guerrilha-pede-retorno-de-drive-thru-e-postos-avancados-em-comunidades\/\"},\"author\":{\"name\":\"Reda\u00e7\u00e3o\",\"@id\":\"https:\/\/brasilnoticias.org\/site\/#\/schema\/person\/a0e05b973ec4d15c658d51911e53507b\"},\"headline\":\"Covid &#8211; Com in\u00edcio da 5\u00aa dose, Leandro Guerrilha pede retorno de drive-thru e postos avan\u00e7ados em comunidades\",\"datePublished\":\"2022-11-17T14:28:04+00:00\",\"mainEntityOfPage\":{\"@id\":\"https:\/\/brasilnoticias.org\/site\/covid-com-inicio-da-5a-dose-leandro-guerrilha-pede-retorno-de-drive-thru-e-postos-avancados-em-comunidades\/\"},\"wordCount\":287,\"commentCount\":0,\"publisher\":{\"@id\":\"https:\/\/brasilnoticias.org\/site\/#organization\"},\"image\":{\"@id\":\"https:\/\/brasilnoticias.org\/site\/covid-com-inicio-da-5a-dose-leandro-guerrilha-pede-retorno-de-drive-thru-e-postos-avancados-em-comunidades\/#primaryimage\"},\"thumbnailUrl\":\"https:\/\/brasilnoticias.org\/site\/wp-content\/uploads\/2022\/11\/WhatsApp-Image-2022-11-17-at-11.23.20-1.jpeg\",\"articleSection\":[\"Not\u00edcias\",\"\u00daltimas\"],\"inLanguage\":\"pt-PT\",\"potentialAction\":[{\"@type\":\"CommentAction\",\"name\":\"Comment\",\"target\":[\"https:\/\/brasilnoticias.org\/site\/covid-com-inicio-da-5a-dose-leandro-guerrilha-pede-retorno-de-drive-thru-e-postos-avancados-em-comunidades\/#respond\"]}]},{\"@type\":\"WebPage\",\"@id\":\"https:\/\/brasilnoticias.org\/site\/covid-com-inicio-da-5a-dose-leandro-guerrilha-pede-retorno-de-drive-thru-e-postos-avancados-em-comunidades\/\",\"url\":\"https:\/\/brasilnoticias.org\/site\/covid-com-inicio-da-5a-dose-leandro-guerrilha-pede-retorno-de-drive-thru-e-postos-avancados-em-comunidades\/\",\"name\":\"Covid - Com in\u00edcio da 5\u00aa dose, Leandro Guerrilha pede retorno de drive-thru e postos avan\u00e7ados em comunidades - Brasil not\u00edcias\",\"isPartOf\":{\"@id\":\"https:\/\/brasilnoticias.org\/site\/#website\"},\"primaryImageOfPage\":{\"@id\":\"https:\/\/brasilnoticias.org\/site\/covid-com-inicio-da-5a-dose-leandro-guerrilha-pede-retorno-de-drive-thru-e-postos-avancados-em-comunidades\/#primaryimage\"},\"image\":{\"@id\":\"https:\/\/brasilnoticias.org\/site\/covid-com-inicio-da-5a-dose-leandro-guerrilha-pede-retorno-de-drive-thru-e-postos-avancados-em-comunidades\/#primaryimage\"},\"thumbnailUrl\":\"https:\/\/brasilnoticias.org\/site\/wp-content\/uploads\/2022\/11\/WhatsApp-Image-2022-11-17-at-11.23.20-1.jpeg\",\"datePublished\":\"2022-11-17T14:28:04+00:00\",\"breadcrumb\":{\"@id\":\"https:\/\/brasilnoticias.org\/site\/covid-com-inicio-da-5a-dose-leandro-guerrilha-pede-retorno-de-drive-thru-e-postos-avancados-em-comunidades\/#breadcrumb\"},\"inLanguage\":\"pt-PT\",\"potentialAction\":[{\"@type\":\"ReadAction\",\"target\":[\"https:\/\/brasilnoticias.org\/site\/covid-com-inicio-da-5a-dose-leandro-guerrilha-pede-retorno-de-drive-thru-e-postos-avancados-em-comunidades\/\"]}]},{\"@type\":\"ImageObject\",\"inLanguage\":\"pt-PT\",\"@id\":\"https:\/\/brasilnoticias.org\/site\/covid-com-inicio-da-5a-dose-leandro-guerrilha-pede-retorno-de-drive-thru-e-postos-avancados-em-comunidades\/#primaryimage\",\"url\":\"https:\/\/brasilnoticias.org\/site\/wp-content\/uploads\/2022\/11\/WhatsApp-Image-2022-11-17-at-11.23.20-1.jpeg\",\"contentUrl\":\"https:\/\/brasilnoticias.org\/site\/wp-content\/uploads\/2022\/11\/WhatsApp-Image-2022-11-17-at-11.23.20-1.jpeg\",\"width\":1280,\"height\":855},{\"@type\":\"BreadcrumbList\",\"@id\":\"https:\/\/brasilnoticias.org\/site\/covid-com-inicio-da-5a-dose-leandro-guerrilha-pede-retorno-de-drive-thru-e-postos-avancados-em-comunidades\/#breadcrumb\",\"itemListElement\":[{\"@type\":\"ListItem\",\"position\":1,\"name\":\"In\u00edcio\",\"item\":\"https:\/\/brasilnoticias.org\/site\/\"},{\"@type\":\"ListItem\",\"position\":2,\"name\":\"Covid &#8211; Com in\u00edcio da 5\u00aa dose, Leandro Guerrilha pede retorno de drive-thru e postos avan\u00e7ados em comunidades\"}]},{\"@type\":\"WebSite\",\"@id\":\"https:\/\/brasilnoticias.org\/site\/#website\",\"url\":\"https:\/\/brasilnoticias.org\/site\/\",\"name\":\"Brasil not\u00edcias\",\"description\":\"Brasil not\u00edcias\",\"publisher\":{\"@id\":\"https:\/\/brasilnoticias.org\/site\/#organization\"},\"potentialAction\":[{\"@type\":\"SearchAction\",\"target\":{\"@type\":\"EntryPoint\",\"urlTemplate\":\"https:\/\/brasilnoticias.org\/site\/?s={search_term_string}\"},\"query-input\":{\"@type\":\"PropertyValueSpecification\",\"valueRequired\":true,\"valueName\":\"search_term_string\"}}],\"inLanguage\":\"pt-PT\"},{\"@type\":\"Organization\",\"@id\":\"https:\/\/brasilnoticias.org\/site\/#organization\",\"name\":\"Brasil not\u00edcias\",\"url\":\"https:\/\/brasilnoticias.org\/site\/\",\"logo\":{\"@type\":\"ImageObject\",\"inLanguage\":\"pt-PT\",\"@id\":\"https:\/\/brasilnoticias.org\/site\/#\/schema\/logo\/image\/\",\"url\":\"https:\/\/brasilnoticias.org\/site\/wp-content\/uploads\/2022\/05\/cropped-brasilnoticias-mini.jpg\",\"contentUrl\":\"https:\/\/brasilnoticias.org\/site\/wp-content\/uploads\/2022\/05\/cropped-brasilnoticias-mini.jpg\",\"width\":314,\"height\":86,\"caption\":\"Brasil not\u00edcias\"},\"image\":{\"@id\":\"https:\/\/brasilnoticias.org\/site\/#\/schema\/logo\/image\/\"}},{\"@type\":\"Person\",\"@id\":\"https:\/\/brasilnoticias.org\/site\/#\/schema\/person\/a0e05b973ec4d15c658d51911e53507b\",\"name\":\"Reda\u00e7\u00e3o\",\"image\":{\"@type\":\"ImageObject\",\"inLanguage\":\"pt-PT\",\"@id\":\"https:\/\/brasilnoticias.org\/site\/#\/schema\/person\/image\/\",\"url\":\"https:\/\/secure.gravatar.com\/avatar\/75d8b050df2de108b08ae78dfb8e374892df24a383c67db9c46a9c604f6aee9c?s=96&d=mm&r=g\",\"contentUrl\":\"https:\/\/secure.gravatar.com\/avatar\/75d8b050df2de108b08ae78dfb8e374892df24a383c67db9c46a9c604f6aee9c?s=96&d=mm&r=g\",\"caption\":\"Reda\u00e7\u00e3o\"},\"sameAs\":[\"https:\/\/brasilnoticias.org\/site\"],\"url\":\"https:\/\/brasilnoticias.org\/site\/author\/fernandozsngmail-com\/\"}]}<\/script>\n<!-- \/ Yoast SEO plugin. -->","yoast_head_json":{"title":"Covid - Com in\u00edcio da 5\u00aa dose, Leandro Guerrilha pede retorno de drive-thru e postos avan\u00e7ados em comunidades - Brasil not\u00edcias","robots":{"index":"index","follow":"follow","max-snippet":"max-snippet:-1","max-image-preview":"max-image-preview:large","max-video-preview":"max-video-preview:-1"},"canonical":"https:\/\/brasilnoticias.org\/site\/covid-com-inicio-da-5a-dose-leandro-guerrilha-pede-retorno-de-drive-thru-e-postos-avancados-em-comunidades\/","og_locale":"pt_PT","og_type":"article","og_title":"Covid - Com in\u00edcio da 5\u00aa dose, Leandro Guerrilha pede retorno de drive-thru e postos avan\u00e7ados em comunidades - Brasil not\u00edcias","og_description":"Covid &#8211; Com in\u00edcio da 5\u00aa dose, Leandro Guerrilha pede retorno de drive-thru e postos avan\u00e7ados em comunidades O vereador","og_url":"https:\/\/brasilnoticias.org\/site\/covid-com-inicio-da-5a-dose-leandro-guerrilha-pede-retorno-de-drive-thru-e-postos-avancados-em-comunidades\/","og_site_name":"Brasil not\u00edcias","article_published_time":"2022-11-17T14:28:04+00:00","og_image":[{"width":1280,"height":855,"url":"https:\/\/brasilnoticias.org\/site\/wp-content\/uploads\/2022\/11\/WhatsApp-Image-2022-11-17-at-11.23.20-1.jpeg","type":"image\/jpeg"}],"author":"Reda\u00e7\u00e3o","twitter_card":"summary_large_image","twitter_misc":{"Escrito por":"Reda\u00e7\u00e3o","Tempo estimado de leitura":"1 minuto"},"schema":{"@context":"https:\/\/schema.org","@graph":[{"@type":"Article","@id":"https:\/\/brasilnoticias.org\/site\/covid-com-inicio-da-5a-dose-leandro-guerrilha-pede-retorno-de-drive-thru-e-postos-avancados-em-comunidades\/#article","isPartOf":{"@id":"https:\/\/brasilnoticias.org\/site\/covid-com-inicio-da-5a-dose-leandro-guerrilha-pede-retorno-de-drive-thru-e-postos-avancados-em-comunidades\/"},"author":{"name":"Reda\u00e7\u00e3o","@id":"https:\/\/brasilnoticias.org\/site\/#\/schema\/person\/a0e05b973ec4d15c658d51911e53507b"},"headline":"Covid &#8211; Com in\u00edcio da 5\u00aa dose, Leandro Guerrilha pede retorno de drive-thru e postos avan\u00e7ados em comunidades","datePublished":"2022-11-17T14:28:04+00:00","mainEntityOfPage":{"@id":"https:\/\/brasilnoticias.org\/site\/covid-com-inicio-da-5a-dose-leandro-guerrilha-pede-retorno-de-drive-thru-e-postos-avancados-em-comunidades\/"},"wordCount":287,"commentCount":0,"publisher":{"@id":"https:\/\/brasilnoticias.org\/site\/#organization"},"image":{"@id":"https:\/\/brasilnoticias.org\/site\/covid-com-inicio-da-5a-dose-leandro-guerrilha-pede-retorno-de-drive-thru-e-postos-avancados-em-comunidades\/#primaryimage"},"thumbnailUrl":"https:\/\/brasilnoticias.org\/site\/wp-content\/uploads\/2022\/11\/WhatsApp-Image-2022-11-17-at-11.23.20-1.jpeg","articleSection":["Not\u00edcias","\u00daltimas"],"inLanguage":"pt-PT","potentialAction":[{"@type":"CommentAction","name":"Comment","target":["https:\/\/brasilnoticias.org\/site\/covid-com-inicio-da-5a-dose-leandro-guerrilha-pede-retorno-de-drive-thru-e-postos-avancados-em-comunidades\/#respond"]}]},{"@type":"WebPage","@id":"https:\/\/brasilnoticias.org\/site\/covid-com-inicio-da-5a-dose-leandro-guerrilha-pede-retorno-de-drive-thru-e-postos-avancados-em-comunidades\/","url":"https:\/\/brasilnoticias.org\/site\/covid-com-inicio-da-5a-dose-leandro-guerrilha-pede-retorno-de-drive-thru-e-postos-avancados-em-comunidades\/","name":"Covid - Com in\u00edcio da 5\u00aa dose, Leandro Guerrilha pede retorno de drive-thru e postos avan\u00e7ados em comunidades - Brasil not\u00edcias","isPartOf":{"@id":"https:\/\/brasilnoticias.org\/site\/#website"},"primaryImageOfPage":{"@id":"https:\/\/brasilnoticias.org\/site\/covid-com-inicio-da-5a-dose-leandro-guerrilha-pede-retorno-de-drive-thru-e-postos-avancados-em-comunidades\/#primaryimage"},"image":{"@id":"https:\/\/brasilnoticias.org\/site\/covid-com-inicio-da-5a-dose-leandro-guerrilha-pede-retorno-de-drive-thru-e-postos-avancados-em-comunidades\/#primaryimage"},"thumbnailUrl":"https:\/\/brasilnoticias.org\/site\/wp-content\/uploads\/2022\/11\/WhatsApp-Image-2022-11-17-at-11.23.20-1.jpeg","datePublished":"2022-11-17T14:28:04+00:00","breadcrumb":{"@id":"https:\/\/brasilnoticias.org\/site\/covid-com-inicio-da-5a-dose-leandro-guerrilha-pede-retorno-de-drive-thru-e-postos-avancados-em-comunidades\/#breadcrumb"},"inLanguage":"pt-PT","potentialAction":[{"@type":"ReadAction","target":["https:\/\/brasilnoticias.org\/site\/covid-com-inicio-da-5a-dose-leandro-guerrilha-pede-retorno-de-drive-thru-e-postos-avancados-em-comunidades\/"]}]},{"@type":"ImageObject","inLanguage":"pt-PT","@id":"https:\/\/brasilnoticias.org\/site\/covid-com-inicio-da-5a-dose-leandro-guerrilha-pede-retorno-de-drive-thru-e-postos-avancados-em-comunidades\/#primaryimage","url":"https:\/\/brasilnoticias.org\/site\/wp-content\/uploads\/2022\/11\/WhatsApp-Image-2022-11-17-at-11.23.20-1.jpeg","contentUrl":"https:\/\/brasilnoticias.org\/site\/wp-content\/uploads\/2022\/11\/WhatsApp-Image-2022-11-17-at-11.23.20-1.jpeg","width":1280,"height":855},{"@type":"BreadcrumbList","@id":"https:\/\/brasilnoticias.org\/site\/covid-com-inicio-da-5a-dose-leandro-guerrilha-pede-retorno-de-drive-thru-e-postos-avancados-em-comunidades\/#breadcrumb","itemListElement":[{"@type":"ListItem","position":1,"name":"In\u00edcio","item":"https:\/\/brasilnoticias.org\/site\/"},{"@type":"ListItem","position":2,"name":"Covid &#8211; Com in\u00edcio da 5\u00aa dose, Leandro Guerrilha pede retorno de drive-thru e postos avan\u00e7ados em comunidades"}]},{"@type":"WebSite","@id":"https:\/\/brasilnoticias.org\/site\/#website","url":"https:\/\/brasilnoticias.org\/site\/","name":"Brasil not\u00edcias","description":"Brasil not\u00edcias","publisher":{"@id":"https:\/\/brasilnoticias.org\/site\/#organization"},"potentialAction":[{"@type":"SearchAction","target":{"@type":"EntryPoint","urlTemplate":"https:\/\/brasilnoticias.org\/site\/?s={search_term_string}"},"query-input":{"@type":"PropertyValueSpecification","valueRequired":true,"valueName":"search_term_string"}}],"inLanguage":"pt-PT"},{"@type":"Organization","@id":"https:\/\/brasilnoticias.org\/site\/#organization","name":"Brasil not\u00edcias","url":"https:\/\/brasilnoticias.org\/site\/","logo":{"@type":"ImageObject","inLanguage":"pt-PT","@id":"https:\/\/brasilnoticias.org\/site\/#\/schema\/logo\/image\/","url":"https:\/\/brasilnoticias.org\/site\/wp-content\/uploads\/2022\/05\/cropped-brasilnoticias-mini.jpg","contentUrl":"https:\/\/brasilnoticias.org\/site\/wp-content\/uploads\/2022\/05\/cropped-brasilnoticias-mini.jpg","width":314,"height":86,"caption":"Brasil not\u00edcias"},"image":{"@id":"https:\/\/brasilnoticias.org\/site\/#\/schema\/logo\/image\/"}},{"@type":"Person","@id":"https:\/\/brasilnoticias.org\/site\/#\/schema\/person\/a0e05b973ec4d15c658d51911e53507b","name":"Reda\u00e7\u00e3o","image":{"@type":"ImageObject","inLanguage":"pt-PT","@id":"https:\/\/brasilnoticias.org\/site\/#\/schema\/person\/image\/","url":"https:\/\/secure.gravatar.com\/avatar\/75d8b050df2de108b08ae78dfb8e374892df24a383c67db9c46a9c604f6aee9c?s=96&d=mm&r=g","contentUrl":"https:\/\/secure.gravatar.com\/avatar\/75d8b050df2de108b08ae78dfb8e374892df24a383c67db9c46a9c604f6aee9c?s=96&d=mm&r=g","caption":"Reda\u00e7\u00e3o"},"sameAs":["https:\/\/brasilnoticias.org\/site"],"url":"https:\/\/brasilnoticias.org\/site\/author\/fernandozsngmail-com\/"}]}},"_links":{"self":[{"href":"https:\/\/brasilnoticias.org\/site\/wp-json\/wp\/v2\/posts\/2235","targetHints":{"allow":["GET"]}}],"collection":[{"href":"https:\/\/brasilnoticias.org\/site\/wp-json\/wp\/v2\/posts"}],"about":[{"href":"https:\/\/brasilnoticias.org\/site\/wp-json\/wp\/v2\/types\/post"}],"author":[{"embeddable":true,"href":"https:\/\/brasilnoticias.org\/site\/wp-json\/wp\/v2\/users\/1"}],"replies":[{"embeddable":true,"href":"https:\/\/brasilnoticias.org\/site\/wp-json\/wp\/v2\/comments?post=2235"}],"version-history":[{"count":1,"href":"https:\/\/brasilnoticias.org\/site\/wp-json\/wp\/v2\/posts\/2235\/revisions"}],"predecessor-version":[{"id":2237,"href":"https:\/\/brasilnoticias.org\/site\/wp-json\/wp\/v2\/posts\/2235\/revisions\/2237"}],"wp:featuredmedia":[{"embeddable":true,"href":"https:\/\/brasilnoticias.org\/site\/wp-json\/wp\/v2\/media\/2236"}],"wp:attachment":[{"href":"https:\/\/brasilnoticias.org\/site\/wp-json\/wp\/v2\/media?parent=2235"}],"wp:term":[{"taxonomy":"category","embeddable":true,"href":"https:\/\/brasilnoticias.org\/site\/wp-json\/wp\/v2\/categories?post=2235"},{"taxonomy":"post_tag","embeddable":true,"href":"https:\/\/brasilnoticias.org\/site\/wp-json\/wp\/v2\/tags?post=2235"}],"curies":[{"name":"wp","href":"https:\/\/api.w.org\/{rel}","templated":true}]}}