{"id":2240,"date":"2022-11-17T14:51:21","date_gmt":"2022-11-17T17:51:21","guid":{"rendered":"https:\/\/brasilnoticias.org\/site\/?p=2240"},"modified":"2022-11-17T14:51:21","modified_gmt":"2022-11-17T17:51:21","slug":"corrida-chama-atencao-para-habitos-saudaveis-como-prevencao-do-cancer-de-prostata","status":"publish","type":"post","link":"https:\/\/brasilnoticias.org\/site\/corrida-chama-atencao-para-habitos-saudaveis-como-prevencao-do-cancer-de-prostata\/","title":{"rendered":"Corrida chama aten\u00e7\u00e3o para h\u00e1bitos saud\u00e1veis como preven\u00e7\u00e3o do c\u00e2ncer de pr\u00f3stata"},"content":{"rendered":"<div id='gallery-1' class='gallery galleryid-2240 gallery-columns-3 gallery-size-colormag-featured-image'><figure class='gallery-item'>\n\t\t\t<div class='gallery-icon portrait'>\n\t\t\t\t<a href='https:\/\/brasilnoticias.org\/site\/corrida-chama-atencao-para-habitos-saudaveis-como-prevencao-do-cancer-de-prostata\/whatsapp-image-2022-11-17-at-14-30-11-2\/'><img loading=\"lazy\" decoding=\"async\" width=\"800\" height=\"445\" src=\"https:\/\/brasilnoticias.org\/site\/wp-content\/uploads\/2022\/11\/WhatsApp-Image-2022-11-17-at-14.30.11-1-800x445.jpeg\" class=\"attachment-colormag-featured-image size-colormag-featured-image\" alt=\"\" \/><\/a>\n\t\t\t<\/div><\/figure><figure class='gallery-item'>\n\t\t\t<div class='gallery-icon portrait'>\n\t\t\t\t<a href='https:\/\/brasilnoticias.org\/site\/corrida-chama-atencao-para-habitos-saudaveis-como-prevencao-do-cancer-de-prostata\/whatsapp-image-2022-11-17-at-14-30-10-3\/'><img loading=\"lazy\" decoding=\"async\" width=\"800\" height=\"445\" src=\"https:\/\/brasilnoticias.org\/site\/wp-content\/uploads\/2022\/11\/WhatsApp-Image-2022-11-17-at-14.30.10-3-800x445.jpeg\" class=\"attachment-colormag-featured-image size-colormag-featured-image\" alt=\"\" \/><\/a>\n\t\t\t<\/div><\/figure><figure class='gallery-item'>\n\t\t\t<div class='gallery-icon landscape'>\n\t\t\t\t<a href='https:\/\/brasilnoticias.org\/site\/corrida-chama-atencao-para-habitos-saudaveis-como-prevencao-do-cancer-de-prostata\/whatsapp-image-2022-11-17-at-14-30-10-2-2\/'><img loading=\"lazy\" decoding=\"async\" width=\"680\" height=\"400\" src=\"https:\/\/brasilnoticias.org\/site\/wp-content\/uploads\/2022\/11\/WhatsApp-Image-2022-11-17-at-14.30.10-2-1.jpeg\" class=\"attachment-colormag-featured-image size-colormag-featured-image\" alt=\"\" srcset=\"https:\/\/brasilnoticias.org\/site\/wp-content\/uploads\/2022\/11\/WhatsApp-Image-2022-11-17-at-14.30.10-2-1.jpeg 680w, https:\/\/brasilnoticias.org\/site\/wp-content\/uploads\/2022\/11\/WhatsApp-Image-2022-11-17-at-14.30.10-2-1-500x294.jpeg 500w\" sizes=\"auto, (max-width: 680px) 100vw, 680px\" \/><\/a>\n\t\t\t<\/div><\/figure><figure class='gallery-item'>\n\t\t\t<div class='gallery-icon landscape'>\n\t\t\t\t<a href='https:\/\/brasilnoticias.org\/site\/corrida-chama-atencao-para-habitos-saudaveis-como-prevencao-do-cancer-de-prostata\/whatsapp-image-2022-11-17-at-14-30-10-1-2\/'><img loading=\"lazy\" decoding=\"async\" width=\"554\" height=\"445\" src=\"https:\/\/brasilnoticias.org\/site\/wp-content\/uploads\/2022\/11\/WhatsApp-Image-2022-11-17-at-14.30.10-1-1-554x445.jpeg\" class=\"attachment-colormag-featured-image size-colormag-featured-image\" alt=\"\" \/><\/a>\n\t\t\t<\/div><\/figure><figure class='gallery-item'>\n\t\t\t<div class='gallery-icon portrait'>\n\t\t\t\t<a href='https:\/\/brasilnoticias.org\/site\/corrida-chama-atencao-para-habitos-saudaveis-como-prevencao-do-cancer-de-prostata\/whatsapp-image-2022-11-17-at-14-30-11\/'><img loading=\"lazy\" decoding=\"async\" width=\"800\" height=\"445\" src=\"https:\/\/brasilnoticias.org\/site\/wp-content\/uploads\/2022\/11\/WhatsApp-Image-2022-11-17-at-14.30.11-800x445.jpeg\" class=\"attachment-colormag-featured-image size-colormag-featured-image\" alt=\"\" \/><\/a>\n\t\t\t<\/div><\/figure>\n\t\t<\/div>\n\n<p>&nbsp;<\/p>\n<p>A 1\u00aa Corrida\/Caminhada pela sa\u00fade do homem, promovida pelo IBCR e Urocl\u00ednica, ser\u00e1 gratuita e acontecer\u00e1 no pr\u00f3ximo dia 27\/11, s\u00e1bado, \u00e0s 6h, no Jardim de Alah<\/p>\n<p>Num trajeto de 5 km, a 1\u00aa Corrida\/Caminhada pela sa\u00fade do homem acontecer\u00e1 no domingo, 27\/11, com concentra\u00e7\u00e3o \u00e0s 6h, no Jardim de Alah, onde ser\u00e1 feita a entrega das camisas. A mobiliza\u00e7\u00e3o que marca o m\u00eas de combate ao c\u00e2ncer de pr\u00f3stata tem o prop\u00f3sito de refor\u00e7ar o papel do homem para a manuten\u00e7\u00e3o e resgate de sua sa\u00fade com a pr\u00e1tica esportiva. O apelo do evento \u00e9 justamente de promo\u00e7\u00e3o \u00e0 sa\u00fade e ao incentivo para h\u00e1bitos de vida mais saud\u00e1veis. A iniciativa \u00e9 o Instituto Baiano de Cirurgia Rob\u00f3tica (IBCR), grupo pioneiro no estado na pr\u00e1tica da cirurgia rob\u00f3tica, forma mais moderna de tratar o c\u00e2ncer de pr\u00f3stata, em parceria com a Urocl\u00ednica da Bahia, que h\u00e1 35 anos oferece servi\u00e7os especializados no cuidado \u00e0 sa\u00fade do homem. \u201cNosso intuito n\u00e3o \u00e9 promover um evento esportivo competitivo. Queremos que cada participante venha com uma reflex\u00e3o da necessidade do autocuidado e do seu papel como protagonista para cuidar de sua sa\u00fade\u201d, explica o urologista Nilo Jorge Le\u00e3o, coordenador do IBCR.<\/p>\n<p>O c\u00e2ncer de pr\u00f3stata \u00e9 o tumor que afeta a pr\u00f3stata, gl\u00e2ndula situada abaixo da bexiga e que abrange a uretra, canal que liga a bexiga ao orif\u00edcio externo do p\u00eanis, tendo sua maior frequ\u00eancia no sexo masculino, depois do c\u00e2ncer de pele. \u201cHistoricamente os homens n\u00e3o se atentam muito aos fatores que podem prevenir o surgimento de doen\u00e7as, deixam para buscar atendimento m\u00e9dico quando h\u00e1 o agravamento dos sintomas e o comprometimento da sua qualidade de vida. A popula\u00e7\u00e3o masculina demonstra maior vulnerabilidade a problemas de sa\u00fade em rela\u00e7\u00e3o \u00e0s mulheres, por isso h\u00e1 uma maior incid\u00eancia de mortes por doen\u00e7as trat\u00e1veis ou evit\u00e1veis e tem acontecido cada vez mais precocemente\u201d, ressalta o especialista.<\/p>\n<p>A pr\u00e1tica regular da atividade f\u00edsica \u00e9 um dos pilares para a manuten\u00e7\u00e3o da sa\u00fade, mostrando-se como uma importante aliada, seja na preven\u00e7\u00e3o ou no tratamento do c\u00e2ncer de pr\u00f3stata, assim como diversas outras doen\u00e7as, refor\u00e7a Nilo Jorge. \u201cO exerc\u00edcio regular \u00e9 fundamental para a reabilita\u00e7\u00e3o por causa do efeito anti-inflamat\u00f3rio que proporciona, agindo como interven\u00e7\u00e3o importante no tratamento. A atividade f\u00edsica combate diretamente a obesidade, que \u00e9 capaz de promover um desarranjo hormonal e que pode se tornar um est\u00edmulo aos mais diversos tipos de c\u00e2ncer\u201d.<\/p>\n<p>Os benef\u00edcios da pr\u00e1tica regular de atividades f\u00edsicas al\u00e9m de reduzirem o risco de v\u00e1rias doen\u00e7as, permitem que os pacientes em tratamento do c\u00e2ncer tenham, no geral, melhores evolu\u00e7\u00f5es oncol\u00f3gicas, explica Nilo Jorge. \u201cPercebemos nos pacientes melhor toler\u00e2ncia ao tratamento e bons resultados, melhora na capacidade cardiorrespirat\u00f3ria, ganhos de flexibilidade e for\u00e7a muscular e redu\u00e7\u00e3o de sintomas como dor, fadiga e cansa\u00e7o\u201d.<\/p>\n<p>Para pacientes que fizeram a prostatectomia radical (retirada da pr\u00f3stata), a recomenda\u00e7\u00e3o \u00e9 iniciar ou retomar a pr\u00e1tica de atividades f\u00edsicas ap\u00f3s a cicatriza\u00e7\u00e3o, com a libera\u00e7\u00e3o do m\u00e9dico. \u201cExerc\u00edcios que envolvem especificamente a pelve, s\u00e3o ben\u00e9ficos para a reabilita\u00e7\u00e3o mais r\u00e1pida da incontin\u00eancia urin\u00e1ria p\u00f3s-cir\u00fargica, que costuma ser tratada com a fisioterapia urol\u00f3gica para fortalecer a musculatura da regi\u00e3o e melhorar o controle urin\u00e1rio. J\u00e1 durante ou ap\u00f3s a hormonioterapia e\/ou radioterapia, n\u00e3o h\u00e1 restri\u00e7\u00e3o para a pr\u00e1tica de atividade f\u00edsica. Ao contr\u00e1rio, ela pode contribuir para reduzir os n\u00edveis de toxidade dos tratamentos e a sensa\u00e7\u00e3o de fadiga observada em alguns pacientes durante o per\u00edodo de terapia. A hormonioterapia pode acelerar a diminui\u00e7\u00e3o da massa \u00f3ssea, levando \u00e0 osteoporose, e da massa muscular, que pode comprometer a mobilidade do paciente. Dessa forma, a atividade f\u00edsica pode auxiliar na manuten\u00e7\u00e3o da massa muscular e diminuir o risco de osteoporose\u201d, reitera.<\/p>\n<p>\u00c9 importante fazer uma programa\u00e7\u00e3o das atividades f\u00edsicas em comum acordo com o m\u00e9dico, que avaliar\u00e1 as condi\u00e7\u00f5es f\u00edsicas e o quadro geral do paciente, podendo orientar sobre pr\u00e1ticas recomend\u00e1veis e aquelas eventualmente contraindicadas no momento.<\/p>\n<p>Os interessados em participar da 1\u00aa Corrida\/Caminhada pela sa\u00fade do homem devem retirar a camisa no local do evento, a partir das 6h, no gramado do Jardim de Alah, onde acontecer\u00e1 a concentra\u00e7\u00e3o.<\/p>\n<p>I Corrida\/Caminhada pela Sa\u00fade do Homem IBCR e Urocl\u00ednica da Bahia<br \/>\nData: 27\/11\/2022<br \/>\nLocal: Jardim de Alah \/ Centro de Conven\u00e7\u00f5es (ida e volta)<br \/>\nPercurso: 5km<br \/>\nConcentra\u00e7\u00e3o e entrega das camisas: 6h<br \/>\nAquecimento: 6h30<br \/>\nLargada: 7h<br \/>\nCaf\u00e9 da manh\u00e3<br \/>\n50 pessoas<\/p>\n<p>Ascom IBCR:<br \/>\nCinthya Brand\u00e3o<br \/>\n71 99964-5552<\/p>\n","protected":false},"excerpt":{"rendered":"<p>&nbsp; A 1\u00aa Corrida\/Caminhada pela sa\u00fade do homem, promovida pelo IBCR e Urocl\u00ednica, ser\u00e1 gratuita e acontecer\u00e1 no pr\u00f3ximo dia<\/p>\n","protected":false},"author":1,"featured_media":2245,"comment_status":"open","ping_status":"open","sticky":false,"template":"","format":"standard","meta":{"colormag_page_container_layout":"default_layout","colormag_page_sidebar_layout":"default_layout","_FSMCFIC_featured_image_caption":"","_FSMCFIC_featured_image_nocaption":"","_FSMCFIC_featured_image_hide":"","footnotes":""},"categories":[2,1],"tags":[],"class_list":["post-2240","post","type-post","status-publish","format-standard","has-post-thumbnail","hentry","category-noticias","category-ultimas"],"yoast_head":"<!-- This site is optimized with the Yoast SEO plugin v27.1.1 - https:\/\/yoast.com\/product\/yoast-seo-wordpress\/ -->\n<title>Corrida chama aten\u00e7\u00e3o para h\u00e1bitos saud\u00e1veis como preven\u00e7\u00e3o do c\u00e2ncer de pr\u00f3stata - Brasil not\u00edcias<\/title>\n<meta name=\"robots\" content=\"index, follow, max-snippet:-1, max-image-preview:large, max-video-preview:-1\" \/>\n<link rel=\"canonical\" href=\"https:\/\/brasilnoticias.org\/site\/corrida-chama-atencao-para-habitos-saudaveis-como-prevencao-do-cancer-de-prostata\/\" \/>\n<meta property=\"og:locale\" content=\"pt_PT\" \/>\n<meta property=\"og:type\" content=\"article\" \/>\n<meta property=\"og:title\" content=\"Corrida chama aten\u00e7\u00e3o para h\u00e1bitos saud\u00e1veis como preven\u00e7\u00e3o do c\u00e2ncer de pr\u00f3stata - Brasil not\u00edcias\" \/>\n<meta property=\"og:description\" content=\"&nbsp; A 1\u00aa Corrida\/Caminhada pela sa\u00fade do homem, promovida pelo IBCR e Urocl\u00ednica, ser\u00e1 gratuita e acontecer\u00e1 no pr\u00f3ximo dia\" \/>\n<meta property=\"og:url\" content=\"https:\/\/brasilnoticias.org\/site\/corrida-chama-atencao-para-habitos-saudaveis-como-prevencao-do-cancer-de-prostata\/\" \/>\n<meta property=\"og:site_name\" content=\"Brasil not\u00edcias\" \/>\n<meta property=\"article:published_time\" content=\"2022-11-17T17:51:21+00:00\" \/>\n<meta property=\"og:image\" content=\"https:\/\/brasilnoticias.org\/site\/wp-content\/uploads\/2022\/11\/WhatsApp-Image-2022-11-17-at-14.30.11.jpeg\" \/>\n\t<meta property=\"og:image:width\" content=\"1080\" \/>\n\t<meta property=\"og:image:height\" content=\"1350\" \/>\n\t<meta property=\"og:image:type\" content=\"image\/jpeg\" \/>\n<meta name=\"author\" content=\"Reda\u00e7\u00e3o\" \/>\n<meta name=\"twitter:card\" content=\"summary_large_image\" \/>\n<meta name=\"twitter:label1\" content=\"Escrito por\" \/>\n\t<meta name=\"twitter:data1\" content=\"Reda\u00e7\u00e3o\" \/>\n\t<meta name=\"twitter:label2\" content=\"Tempo estimado de leitura\" \/>\n\t<meta name=\"twitter:data2\" content=\"4 minutos\" \/>\n<script type=\"application\/ld+json\" class=\"yoast-schema-graph\">{\"@context\":\"https:\/\/schema.org\",\"@graph\":[{\"@type\":\"Article\",\"@id\":\"https:\/\/brasilnoticias.org\/site\/corrida-chama-atencao-para-habitos-saudaveis-como-prevencao-do-cancer-de-prostata\/#article\",\"isPartOf\":{\"@id\":\"https:\/\/brasilnoticias.org\/site\/corrida-chama-atencao-para-habitos-saudaveis-como-prevencao-do-cancer-de-prostata\/\"},\"author\":{\"name\":\"Reda\u00e7\u00e3o\",\"@id\":\"https:\/\/brasilnoticias.org\/site\/#\/schema\/person\/a0e05b973ec4d15c658d51911e53507b\"},\"headline\":\"Corrida chama aten\u00e7\u00e3o para h\u00e1bitos saud\u00e1veis como preven\u00e7\u00e3o do c\u00e2ncer de pr\u00f3stata\",\"datePublished\":\"2022-11-17T17:51:21+00:00\",\"mainEntityOfPage\":{\"@id\":\"https:\/\/brasilnoticias.org\/site\/corrida-chama-atencao-para-habitos-saudaveis-como-prevencao-do-cancer-de-prostata\/\"},\"wordCount\":858,\"commentCount\":0,\"publisher\":{\"@id\":\"https:\/\/brasilnoticias.org\/site\/#organization\"},\"image\":{\"@id\":\"https:\/\/brasilnoticias.org\/site\/corrida-chama-atencao-para-habitos-saudaveis-como-prevencao-do-cancer-de-prostata\/#primaryimage\"},\"thumbnailUrl\":\"https:\/\/brasilnoticias.org\/site\/wp-content\/uploads\/2022\/11\/WhatsApp-Image-2022-11-17-at-14.30.11.jpeg\",\"articleSection\":[\"Not\u00edcias\",\"\u00daltimas\"],\"inLanguage\":\"pt-PT\",\"potentialAction\":[{\"@type\":\"CommentAction\",\"name\":\"Comment\",\"target\":[\"https:\/\/brasilnoticias.org\/site\/corrida-chama-atencao-para-habitos-saudaveis-como-prevencao-do-cancer-de-prostata\/#respond\"]}]},{\"@type\":\"WebPage\",\"@id\":\"https:\/\/brasilnoticias.org\/site\/corrida-chama-atencao-para-habitos-saudaveis-como-prevencao-do-cancer-de-prostata\/\",\"url\":\"https:\/\/brasilnoticias.org\/site\/corrida-chama-atencao-para-habitos-saudaveis-como-prevencao-do-cancer-de-prostata\/\",\"name\":\"Corrida chama aten\u00e7\u00e3o para h\u00e1bitos saud\u00e1veis como preven\u00e7\u00e3o do c\u00e2ncer de pr\u00f3stata - Brasil not\u00edcias\",\"isPartOf\":{\"@id\":\"https:\/\/brasilnoticias.org\/site\/#website\"},\"primaryImageOfPage\":{\"@id\":\"https:\/\/brasilnoticias.org\/site\/corrida-chama-atencao-para-habitos-saudaveis-como-prevencao-do-cancer-de-prostata\/#primaryimage\"},\"image\":{\"@id\":\"https:\/\/brasilnoticias.org\/site\/corrida-chama-atencao-para-habitos-saudaveis-como-prevencao-do-cancer-de-prostata\/#primaryimage\"},\"thumbnailUrl\":\"https:\/\/brasilnoticias.org\/site\/wp-content\/uploads\/2022\/11\/WhatsApp-Image-2022-11-17-at-14.30.11.jpeg\",\"datePublished\":\"2022-11-17T17:51:21+00:00\",\"breadcrumb\":{\"@id\":\"https:\/\/brasilnoticias.org\/site\/corrida-chama-atencao-para-habitos-saudaveis-como-prevencao-do-cancer-de-prostata\/#breadcrumb\"},\"inLanguage\":\"pt-PT\",\"potentialAction\":[{\"@type\":\"ReadAction\",\"target\":[\"https:\/\/brasilnoticias.org\/site\/corrida-chama-atencao-para-habitos-saudaveis-como-prevencao-do-cancer-de-prostata\/\"]}]},{\"@type\":\"ImageObject\",\"inLanguage\":\"pt-PT\",\"@id\":\"https:\/\/brasilnoticias.org\/site\/corrida-chama-atencao-para-habitos-saudaveis-como-prevencao-do-cancer-de-prostata\/#primaryimage\",\"url\":\"https:\/\/brasilnoticias.org\/site\/wp-content\/uploads\/2022\/11\/WhatsApp-Image-2022-11-17-at-14.30.11.jpeg\",\"contentUrl\":\"https:\/\/brasilnoticias.org\/site\/wp-content\/uploads\/2022\/11\/WhatsApp-Image-2022-11-17-at-14.30.11.jpeg\",\"width\":1080,\"height\":1350},{\"@type\":\"BreadcrumbList\",\"@id\":\"https:\/\/brasilnoticias.org\/site\/corrida-chama-atencao-para-habitos-saudaveis-como-prevencao-do-cancer-de-prostata\/#breadcrumb\",\"itemListElement\":[{\"@type\":\"ListItem\",\"position\":1,\"name\":\"In\u00edcio\",\"item\":\"https:\/\/brasilnoticias.org\/site\/\"},{\"@type\":\"ListItem\",\"position\":2,\"name\":\"Corrida chama aten\u00e7\u00e3o para h\u00e1bitos saud\u00e1veis como preven\u00e7\u00e3o do c\u00e2ncer de pr\u00f3stata\"}]},{\"@type\":\"WebSite\",\"@id\":\"https:\/\/brasilnoticias.org\/site\/#website\",\"url\":\"https:\/\/brasilnoticias.org\/site\/\",\"name\":\"Brasil not\u00edcias\",\"description\":\"Brasil not\u00edcias\",\"publisher\":{\"@id\":\"https:\/\/brasilnoticias.org\/site\/#organization\"},\"potentialAction\":[{\"@type\":\"SearchAction\",\"target\":{\"@type\":\"EntryPoint\",\"urlTemplate\":\"https:\/\/brasilnoticias.org\/site\/?s={search_term_string}\"},\"query-input\":{\"@type\":\"PropertyValueSpecification\",\"valueRequired\":true,\"valueName\":\"search_term_string\"}}],\"inLanguage\":\"pt-PT\"},{\"@type\":\"Organization\",\"@id\":\"https:\/\/brasilnoticias.org\/site\/#organization\",\"name\":\"Brasil not\u00edcias\",\"url\":\"https:\/\/brasilnoticias.org\/site\/\",\"logo\":{\"@type\":\"ImageObject\",\"inLanguage\":\"pt-PT\",\"@id\":\"https:\/\/brasilnoticias.org\/site\/#\/schema\/logo\/image\/\",\"url\":\"https:\/\/brasilnoticias.org\/site\/wp-content\/uploads\/2022\/05\/cropped-brasilnoticias-mini.jpg\",\"contentUrl\":\"https:\/\/brasilnoticias.org\/site\/wp-content\/uploads\/2022\/05\/cropped-brasilnoticias-mini.jpg\",\"width\":314,\"height\":86,\"caption\":\"Brasil not\u00edcias\"},\"image\":{\"@id\":\"https:\/\/brasilnoticias.org\/site\/#\/schema\/logo\/image\/\"}},{\"@type\":\"Person\",\"@id\":\"https:\/\/brasilnoticias.org\/site\/#\/schema\/person\/a0e05b973ec4d15c658d51911e53507b\",\"name\":\"Reda\u00e7\u00e3o\",\"image\":{\"@type\":\"ImageObject\",\"inLanguage\":\"pt-PT\",\"@id\":\"https:\/\/brasilnoticias.org\/site\/#\/schema\/person\/image\/\",\"url\":\"https:\/\/secure.gravatar.com\/avatar\/75d8b050df2de108b08ae78dfb8e374892df24a383c67db9c46a9c604f6aee9c?s=96&d=mm&r=g\",\"contentUrl\":\"https:\/\/secure.gravatar.com\/avatar\/75d8b050df2de108b08ae78dfb8e374892df24a383c67db9c46a9c604f6aee9c?s=96&d=mm&r=g\",\"caption\":\"Reda\u00e7\u00e3o\"},\"sameAs\":[\"https:\/\/brasilnoticias.org\/site\"],\"url\":\"https:\/\/brasilnoticias.org\/site\/author\/fernandozsngmail-com\/\"}]}<\/script>\n<!-- \/ Yoast SEO plugin. -->","yoast_head_json":{"title":"Corrida chama aten\u00e7\u00e3o para h\u00e1bitos saud\u00e1veis como preven\u00e7\u00e3o do c\u00e2ncer de pr\u00f3stata - Brasil not\u00edcias","robots":{"index":"index","follow":"follow","max-snippet":"max-snippet:-1","max-image-preview":"max-image-preview:large","max-video-preview":"max-video-preview:-1"},"canonical":"https:\/\/brasilnoticias.org\/site\/corrida-chama-atencao-para-habitos-saudaveis-como-prevencao-do-cancer-de-prostata\/","og_locale":"pt_PT","og_type":"article","og_title":"Corrida chama aten\u00e7\u00e3o para h\u00e1bitos saud\u00e1veis como preven\u00e7\u00e3o do c\u00e2ncer de pr\u00f3stata - Brasil not\u00edcias","og_description":"&nbsp; A 1\u00aa Corrida\/Caminhada pela sa\u00fade do homem, promovida pelo IBCR e Urocl\u00ednica, ser\u00e1 gratuita e acontecer\u00e1 no pr\u00f3ximo dia","og_url":"https:\/\/brasilnoticias.org\/site\/corrida-chama-atencao-para-habitos-saudaveis-como-prevencao-do-cancer-de-prostata\/","og_site_name":"Brasil not\u00edcias","article_published_time":"2022-11-17T17:51:21+00:00","og_image":[{"width":1080,"height":1350,"url":"https:\/\/brasilnoticias.org\/site\/wp-content\/uploads\/2022\/11\/WhatsApp-Image-2022-11-17-at-14.30.11.jpeg","type":"image\/jpeg"}],"author":"Reda\u00e7\u00e3o","twitter_card":"summary_large_image","twitter_misc":{"Escrito por":"Reda\u00e7\u00e3o","Tempo estimado de leitura":"4 minutos"},"schema":{"@context":"https:\/\/schema.org","@graph":[{"@type":"Article","@id":"https:\/\/brasilnoticias.org\/site\/corrida-chama-atencao-para-habitos-saudaveis-como-prevencao-do-cancer-de-prostata\/#article","isPartOf":{"@id":"https:\/\/brasilnoticias.org\/site\/corrida-chama-atencao-para-habitos-saudaveis-como-prevencao-do-cancer-de-prostata\/"},"author":{"name":"Reda\u00e7\u00e3o","@id":"https:\/\/brasilnoticias.org\/site\/#\/schema\/person\/a0e05b973ec4d15c658d51911e53507b"},"headline":"Corrida chama aten\u00e7\u00e3o para h\u00e1bitos saud\u00e1veis como preven\u00e7\u00e3o do c\u00e2ncer de pr\u00f3stata","datePublished":"2022-11-17T17:51:21+00:00","mainEntityOfPage":{"@id":"https:\/\/brasilnoticias.org\/site\/corrida-chama-atencao-para-habitos-saudaveis-como-prevencao-do-cancer-de-prostata\/"},"wordCount":858,"commentCount":0,"publisher":{"@id":"https:\/\/brasilnoticias.org\/site\/#organization"},"image":{"@id":"https:\/\/brasilnoticias.org\/site\/corrida-chama-atencao-para-habitos-saudaveis-como-prevencao-do-cancer-de-prostata\/#primaryimage"},"thumbnailUrl":"https:\/\/brasilnoticias.org\/site\/wp-content\/uploads\/2022\/11\/WhatsApp-Image-2022-11-17-at-14.30.11.jpeg","articleSection":["Not\u00edcias","\u00daltimas"],"inLanguage":"pt-PT","potentialAction":[{"@type":"CommentAction","name":"Comment","target":["https:\/\/brasilnoticias.org\/site\/corrida-chama-atencao-para-habitos-saudaveis-como-prevencao-do-cancer-de-prostata\/#respond"]}]},{"@type":"WebPage","@id":"https:\/\/brasilnoticias.org\/site\/corrida-chama-atencao-para-habitos-saudaveis-como-prevencao-do-cancer-de-prostata\/","url":"https:\/\/brasilnoticias.org\/site\/corrida-chama-atencao-para-habitos-saudaveis-como-prevencao-do-cancer-de-prostata\/","name":"Corrida chama aten\u00e7\u00e3o para h\u00e1bitos saud\u00e1veis como preven\u00e7\u00e3o do c\u00e2ncer de pr\u00f3stata - Brasil not\u00edcias","isPartOf":{"@id":"https:\/\/brasilnoticias.org\/site\/#website"},"primaryImageOfPage":{"@id":"https:\/\/brasilnoticias.org\/site\/corrida-chama-atencao-para-habitos-saudaveis-como-prevencao-do-cancer-de-prostata\/#primaryimage"},"image":{"@id":"https:\/\/brasilnoticias.org\/site\/corrida-chama-atencao-para-habitos-saudaveis-como-prevencao-do-cancer-de-prostata\/#primaryimage"},"thumbnailUrl":"https:\/\/brasilnoticias.org\/site\/wp-content\/uploads\/2022\/11\/WhatsApp-Image-2022-11-17-at-14.30.11.jpeg","datePublished":"2022-11-17T17:51:21+00:00","breadcrumb":{"@id":"https:\/\/brasilnoticias.org\/site\/corrida-chama-atencao-para-habitos-saudaveis-como-prevencao-do-cancer-de-prostata\/#breadcrumb"},"inLanguage":"pt-PT","potentialAction":[{"@type":"ReadAction","target":["https:\/\/brasilnoticias.org\/site\/corrida-chama-atencao-para-habitos-saudaveis-como-prevencao-do-cancer-de-prostata\/"]}]},{"@type":"ImageObject","inLanguage":"pt-PT","@id":"https:\/\/brasilnoticias.org\/site\/corrida-chama-atencao-para-habitos-saudaveis-como-prevencao-do-cancer-de-prostata\/#primaryimage","url":"https:\/\/brasilnoticias.org\/site\/wp-content\/uploads\/2022\/11\/WhatsApp-Image-2022-11-17-at-14.30.11.jpeg","contentUrl":"https:\/\/brasilnoticias.org\/site\/wp-content\/uploads\/2022\/11\/WhatsApp-Image-2022-11-17-at-14.30.11.jpeg","width":1080,"height":1350},{"@type":"BreadcrumbList","@id":"https:\/\/brasilnoticias.org\/site\/corrida-chama-atencao-para-habitos-saudaveis-como-prevencao-do-cancer-de-prostata\/#breadcrumb","itemListElement":[{"@type":"ListItem","position":1,"name":"In\u00edcio","item":"https:\/\/brasilnoticias.org\/site\/"},{"@type":"ListItem","position":2,"name":"Corrida chama aten\u00e7\u00e3o para h\u00e1bitos saud\u00e1veis como preven\u00e7\u00e3o do c\u00e2ncer de pr\u00f3stata"}]},{"@type":"WebSite","@id":"https:\/\/brasilnoticias.org\/site\/#website","url":"https:\/\/brasilnoticias.org\/site\/","name":"Brasil not\u00edcias","description":"Brasil not\u00edcias","publisher":{"@id":"https:\/\/brasilnoticias.org\/site\/#organization"},"potentialAction":[{"@type":"SearchAction","target":{"@type":"EntryPoint","urlTemplate":"https:\/\/brasilnoticias.org\/site\/?s={search_term_string}"},"query-input":{"@type":"PropertyValueSpecification","valueRequired":true,"valueName":"search_term_string"}}],"inLanguage":"pt-PT"},{"@type":"Organization","@id":"https:\/\/brasilnoticias.org\/site\/#organization","name":"Brasil not\u00edcias","url":"https:\/\/brasilnoticias.org\/site\/","logo":{"@type":"ImageObject","inLanguage":"pt-PT","@id":"https:\/\/brasilnoticias.org\/site\/#\/schema\/logo\/image\/","url":"https:\/\/brasilnoticias.org\/site\/wp-content\/uploads\/2022\/05\/cropped-brasilnoticias-mini.jpg","contentUrl":"https:\/\/brasilnoticias.org\/site\/wp-content\/uploads\/2022\/05\/cropped-brasilnoticias-mini.jpg","width":314,"height":86,"caption":"Brasil not\u00edcias"},"image":{"@id":"https:\/\/brasilnoticias.org\/site\/#\/schema\/logo\/image\/"}},{"@type":"Person","@id":"https:\/\/brasilnoticias.org\/site\/#\/schema\/person\/a0e05b973ec4d15c658d51911e53507b","name":"Reda\u00e7\u00e3o","image":{"@type":"ImageObject","inLanguage":"pt-PT","@id":"https:\/\/brasilnoticias.org\/site\/#\/schema\/person\/image\/","url":"https:\/\/secure.gravatar.com\/avatar\/75d8b050df2de108b08ae78dfb8e374892df24a383c67db9c46a9c604f6aee9c?s=96&d=mm&r=g","contentUrl":"https:\/\/secure.gravatar.com\/avatar\/75d8b050df2de108b08ae78dfb8e374892df24a383c67db9c46a9c604f6aee9c?s=96&d=mm&r=g","caption":"Reda\u00e7\u00e3o"},"sameAs":["https:\/\/brasilnoticias.org\/site"],"url":"https:\/\/brasilnoticias.org\/site\/author\/fernandozsngmail-com\/"}]}},"_links":{"self":[{"href":"https:\/\/brasilnoticias.org\/site\/wp-json\/wp\/v2\/posts\/2240","targetHints":{"allow":["GET"]}}],"collection":[{"href":"https:\/\/brasilnoticias.org\/site\/wp-json\/wp\/v2\/posts"}],"about":[{"href":"https:\/\/brasilnoticias.org\/site\/wp-json\/wp\/v2\/types\/post"}],"author":[{"embeddable":true,"href":"https:\/\/brasilnoticias.org\/site\/wp-json\/wp\/v2\/users\/1"}],"replies":[{"embeddable":true,"href":"https:\/\/brasilnoticias.org\/site\/wp-json\/wp\/v2\/comments?post=2240"}],"version-history":[{"count":1,"href":"https:\/\/brasilnoticias.org\/site\/wp-json\/wp\/v2\/posts\/2240\/revisions"}],"predecessor-version":[{"id":2250,"href":"https:\/\/brasilnoticias.org\/site\/wp-json\/wp\/v2\/posts\/2240\/revisions\/2250"}],"wp:featuredmedia":[{"embeddable":true,"href":"https:\/\/brasilnoticias.org\/site\/wp-json\/wp\/v2\/media\/2245"}],"wp:attachment":[{"href":"https:\/\/brasilnoticias.org\/site\/wp-json\/wp\/v2\/media?parent=2240"}],"wp:term":[{"taxonomy":"category","embeddable":true,"href":"https:\/\/brasilnoticias.org\/site\/wp-json\/wp\/v2\/categories?post=2240"},{"taxonomy":"post_tag","embeddable":true,"href":"https:\/\/brasilnoticias.org\/site\/wp-json\/wp\/v2\/tags?post=2240"}],"curies":[{"name":"wp","href":"https:\/\/api.w.org\/{rel}","templated":true}]}}