{"id":2252,"date":"2022-11-18T07:00:48","date_gmt":"2022-11-18T10:00:48","guid":{"rendered":"https:\/\/brasilnoticias.org\/site\/?p=2252"},"modified":"2022-11-17T17:57:37","modified_gmt":"2022-11-17T20:57:37","slug":"uso-de-mascara-volta-a-ser-obrigatorio-em-ambientes-fechados-da-usp","status":"publish","type":"post","link":"https:\/\/brasilnoticias.org\/site\/uso-de-mascara-volta-a-ser-obrigatorio-em-ambientes-fechados-da-usp\/","title":{"rendered":"Uso de m\u00e1scara volta a ser obrigat\u00f3rio em ambientes fechados da USP"},"content":{"rendered":"<p data-t=\"{&quot;n&quot;:&quot;blueLinks&quot;}\">O\u00a0<strong>uso de m\u00e1scaras de prote\u00e7\u00e3o contra a covid-19<\/strong>\u00a0voltou a ser obrigat\u00f3rio a partir desta quarta-feira (16) em ambientes fechados da\u00a0<strong>Universidade de S\u00e3o Paulo (USP).<\/strong>\u00a0A medida inclui salas de aula, audit\u00f3rios, museus, laborat\u00f3rios, bibliotecas, locais de atendimento ao p\u00fablico e setores administrativos. Entre esses espa\u00e7os est\u00e1 o Museu do Ipiranga, que \u00e9 ligado \u00e0 universidade.<\/p>\n<div class=\"intra-article-module intra-article-ad-half\" data-t=\"{&quot;n&quot;:&quot;intraArticle&quot;,&quot;t&quot;:13}\">\n<div class=\"native-ad-container native-ad-half\">\n<div class=\"article no-content-indicator image-pos-end\">\n<div class=\"text\">\n<p data-t=\"{&quot;n&quot;:&quot;blueLinks&quot;}\">A USP disse que nos ambientes externos, apesar de n\u00e3o ser obrigat\u00f3rio, o uso \u00e9 recomendado em situa\u00e7\u00f5es de aglomera\u00e7\u00e3o. A decis\u00e3o \u00e9 da Comiss\u00e3o Assessora de Sa\u00fade da Reitoria e foi divulgada na sexta-feira (11). A medida se baseia no aumento do n\u00famero de pessoas com sintomas gripais e diagn\u00f3sticos positivos de infec\u00e7\u00e3o pelo coronav\u00edrus na comunidade acad\u00eamica.<\/p>\n<p data-t=\"{&quot;n&quot;:&quot;blueLinks&quot;}\">A comiss\u00e3o orienta que sejam utilizadas\u00a0<strong>m\u00e1scaras cir\u00fargicas<\/strong>\u00a0ou as do tipo N95, e que os usu\u00e1rios da USP lavem as m\u00e3os com frequ\u00eancia ou fa\u00e7am higieniza\u00e7\u00e3o com \u00e1lcool 70%. O\u00a0<strong>esquema vacinal<\/strong>\u00a0completo contra a covid-19 \u00e9 obrigat\u00f3rio para professores, servidores e estudantes.<\/p>\n<p data-t=\"{&quot;n&quot;:&quot;blueLinks&quot;}\">O comunicado recomenda ainda que n\u00e3o sejam realizados eventos festivos, confraterniza\u00e7\u00f5es, coffee breaks ou eventos similares em que os participantes precisam retirar a m\u00e1scara para se alimentarem. A ideia \u00e9 evitar situa\u00e7\u00f5es que aumentem a possibilidade de transmiss\u00e3o do v\u00edrus.<\/p>\n<div class=\"article-clear-div\"><\/div>\n<div class=\"div-related-embed article-video-slot article-video-slot-adjust\" data-content-embed-type=\"auto\" data-doc-id=\"AA13N43c\" data-rendered=\"true\">\n<div class=\"video-clear-div\">\n<p data-t=\"{&quot;n&quot;:&quot;blueLinks&quot;}\"><strong>Hist\u00f3rico<\/strong><\/p>\n<p class=\"continue-read-break\" data-t=\"{&quot;n&quot;:&quot;blueLinks&quot;}\">O uso de m\u00e1scara como\u00a0<strong>preven\u00e7\u00e3o da covid-19<\/strong>\u00a0havia deixado de ser obrigat\u00f3rio em ambientes fechados da USP em 24 de agosto. Naquele momento, o uso seguiu obrigat\u00f3rio no transporte coletivo e nos servi\u00e7os de sa\u00fade que funcionam nos campi da universidade.<\/p>\n<p data-t=\"{&quot;n&quot;:&quot;blueLinks&quot;}\">No estado de S\u00e3o Paulo, o<strong>\u00a0uso de m\u00e1scaras<\/strong>\u00a0em ambientes fechados \u00e9 facultativo desde mar\u00e7o. A exig\u00eancia se manteve por um tempo no transporte p\u00fablico, o que foi suspenso em setembro. As universidades p\u00fablicas paulistas, no entanto, mantiveram por mais tempo o uso obrigat\u00f3rio em salas de aulas e ambientes fechados.<\/p>\n<\/div>\n<p data-t=\"{&quot;n&quot;:&quot;blueLinks&quot;}\">Rede TV<\/p>\n<\/div>\n<p data-t=\"{&quot;n&quot;:&quot;blueLinks&quot;}\">Foto Fornecido por RedeTV!<\/p>\n<\/div>\n<\/div>\n<\/div>\n<\/div>\n","protected":false},"excerpt":{"rendered":"<p>O\u00a0uso de m\u00e1scaras de prote\u00e7\u00e3o contra a covid-19\u00a0voltou a ser obrigat\u00f3rio a partir desta quarta-feira (16) em ambientes fechados da\u00a0Universidade<\/p>\n","protected":false},"author":1,"featured_media":2253,"comment_status":"open","ping_status":"open","sticky":false,"template":"","format":"standard","meta":{"colormag_page_container_layout":"default_layout","colormag_page_sidebar_layout":"default_layout","_FSMCFIC_featured_image_caption":"","_FSMCFIC_featured_image_nocaption":"","_FSMCFIC_featured_image_hide":"","footnotes":""},"categories":[2,1],"tags":[],"class_list":["post-2252","post","type-post","status-publish","format-standard","has-post-thumbnail","hentry","category-noticias","category-ultimas"],"yoast_head":"<!-- This site is optimized with the Yoast SEO plugin v27.1.1 - https:\/\/yoast.com\/product\/yoast-seo-wordpress\/ -->\n<title>Uso de m\u00e1scara volta a ser obrigat\u00f3rio em ambientes fechados da USP - Brasil not\u00edcias<\/title>\n<meta name=\"robots\" content=\"index, follow, max-snippet:-1, max-image-preview:large, max-video-preview:-1\" \/>\n<link rel=\"canonical\" href=\"https:\/\/brasilnoticias.org\/site\/uso-de-mascara-volta-a-ser-obrigatorio-em-ambientes-fechados-da-usp\/\" \/>\n<meta property=\"og:locale\" content=\"pt_PT\" \/>\n<meta property=\"og:type\" content=\"article\" \/>\n<meta property=\"og:title\" content=\"Uso de m\u00e1scara volta a ser obrigat\u00f3rio em ambientes fechados da USP - Brasil not\u00edcias\" \/>\n<meta property=\"og:description\" content=\"O\u00a0uso de m\u00e1scaras de prote\u00e7\u00e3o contra a covid-19\u00a0voltou a ser obrigat\u00f3rio a partir desta quarta-feira (16) em ambientes fechados da\u00a0Universidade\" \/>\n<meta property=\"og:url\" content=\"https:\/\/brasilnoticias.org\/site\/uso-de-mascara-volta-a-ser-obrigatorio-em-ambientes-fechados-da-usp\/\" \/>\n<meta property=\"og:site_name\" content=\"Brasil not\u00edcias\" \/>\n<meta property=\"article:published_time\" content=\"2022-11-18T10:00:48+00:00\" \/>\n<meta property=\"og:image\" content=\"https:\/\/brasilnoticias.org\/site\/wp-content\/uploads\/2022\/11\/mascara.jpeg\" \/>\n\t<meta property=\"og:image:width\" content=\"768\" \/>\n\t<meta property=\"og:image:height\" content=\"459\" \/>\n\t<meta property=\"og:image:type\" content=\"image\/jpeg\" \/>\n<meta name=\"author\" content=\"Reda\u00e7\u00e3o\" \/>\n<meta name=\"twitter:card\" content=\"summary_large_image\" \/>\n<meta name=\"twitter:label1\" content=\"Escrito por\" \/>\n\t<meta name=\"twitter:data1\" content=\"Reda\u00e7\u00e3o\" \/>\n\t<meta name=\"twitter:label2\" content=\"Tempo estimado de leitura\" \/>\n\t<meta name=\"twitter:data2\" content=\"2 minutos\" \/>\n<script type=\"application\/ld+json\" class=\"yoast-schema-graph\">{\"@context\":\"https:\/\/schema.org\",\"@graph\":[{\"@type\":\"Article\",\"@id\":\"https:\/\/brasilnoticias.org\/site\/uso-de-mascara-volta-a-ser-obrigatorio-em-ambientes-fechados-da-usp\/#article\",\"isPartOf\":{\"@id\":\"https:\/\/brasilnoticias.org\/site\/uso-de-mascara-volta-a-ser-obrigatorio-em-ambientes-fechados-da-usp\/\"},\"author\":{\"name\":\"Reda\u00e7\u00e3o\",\"@id\":\"https:\/\/brasilnoticias.org\/site\/#\/schema\/person\/a0e05b973ec4d15c658d51911e53507b\"},\"headline\":\"Uso de m\u00e1scara volta a ser obrigat\u00f3rio em ambientes fechados da USP\",\"datePublished\":\"2022-11-18T10:00:48+00:00\",\"mainEntityOfPage\":{\"@id\":\"https:\/\/brasilnoticias.org\/site\/uso-de-mascara-volta-a-ser-obrigatorio-em-ambientes-fechados-da-usp\/\"},\"wordCount\":354,\"commentCount\":0,\"publisher\":{\"@id\":\"https:\/\/brasilnoticias.org\/site\/#organization\"},\"image\":{\"@id\":\"https:\/\/brasilnoticias.org\/site\/uso-de-mascara-volta-a-ser-obrigatorio-em-ambientes-fechados-da-usp\/#primaryimage\"},\"thumbnailUrl\":\"https:\/\/brasilnoticias.org\/site\/wp-content\/uploads\/2022\/11\/mascara.jpeg\",\"articleSection\":[\"Not\u00edcias\",\"\u00daltimas\"],\"inLanguage\":\"pt-PT\",\"potentialAction\":[{\"@type\":\"CommentAction\",\"name\":\"Comment\",\"target\":[\"https:\/\/brasilnoticias.org\/site\/uso-de-mascara-volta-a-ser-obrigatorio-em-ambientes-fechados-da-usp\/#respond\"]}]},{\"@type\":\"WebPage\",\"@id\":\"https:\/\/brasilnoticias.org\/site\/uso-de-mascara-volta-a-ser-obrigatorio-em-ambientes-fechados-da-usp\/\",\"url\":\"https:\/\/brasilnoticias.org\/site\/uso-de-mascara-volta-a-ser-obrigatorio-em-ambientes-fechados-da-usp\/\",\"name\":\"Uso de m\u00e1scara volta a ser obrigat\u00f3rio em ambientes fechados da USP - Brasil not\u00edcias\",\"isPartOf\":{\"@id\":\"https:\/\/brasilnoticias.org\/site\/#website\"},\"primaryImageOfPage\":{\"@id\":\"https:\/\/brasilnoticias.org\/site\/uso-de-mascara-volta-a-ser-obrigatorio-em-ambientes-fechados-da-usp\/#primaryimage\"},\"image\":{\"@id\":\"https:\/\/brasilnoticias.org\/site\/uso-de-mascara-volta-a-ser-obrigatorio-em-ambientes-fechados-da-usp\/#primaryimage\"},\"thumbnailUrl\":\"https:\/\/brasilnoticias.org\/site\/wp-content\/uploads\/2022\/11\/mascara.jpeg\",\"datePublished\":\"2022-11-18T10:00:48+00:00\",\"breadcrumb\":{\"@id\":\"https:\/\/brasilnoticias.org\/site\/uso-de-mascara-volta-a-ser-obrigatorio-em-ambientes-fechados-da-usp\/#breadcrumb\"},\"inLanguage\":\"pt-PT\",\"potentialAction\":[{\"@type\":\"ReadAction\",\"target\":[\"https:\/\/brasilnoticias.org\/site\/uso-de-mascara-volta-a-ser-obrigatorio-em-ambientes-fechados-da-usp\/\"]}]},{\"@type\":\"ImageObject\",\"inLanguage\":\"pt-PT\",\"@id\":\"https:\/\/brasilnoticias.org\/site\/uso-de-mascara-volta-a-ser-obrigatorio-em-ambientes-fechados-da-usp\/#primaryimage\",\"url\":\"https:\/\/brasilnoticias.org\/site\/wp-content\/uploads\/2022\/11\/mascara.jpeg\",\"contentUrl\":\"https:\/\/brasilnoticias.org\/site\/wp-content\/uploads\/2022\/11\/mascara.jpeg\",\"width\":768,\"height\":459},{\"@type\":\"BreadcrumbList\",\"@id\":\"https:\/\/brasilnoticias.org\/site\/uso-de-mascara-volta-a-ser-obrigatorio-em-ambientes-fechados-da-usp\/#breadcrumb\",\"itemListElement\":[{\"@type\":\"ListItem\",\"position\":1,\"name\":\"In\u00edcio\",\"item\":\"https:\/\/brasilnoticias.org\/site\/\"},{\"@type\":\"ListItem\",\"position\":2,\"name\":\"Uso de m\u00e1scara volta a ser obrigat\u00f3rio em ambientes fechados da USP\"}]},{\"@type\":\"WebSite\",\"@id\":\"https:\/\/brasilnoticias.org\/site\/#website\",\"url\":\"https:\/\/brasilnoticias.org\/site\/\",\"name\":\"Brasil not\u00edcias\",\"description\":\"Brasil not\u00edcias\",\"publisher\":{\"@id\":\"https:\/\/brasilnoticias.org\/site\/#organization\"},\"potentialAction\":[{\"@type\":\"SearchAction\",\"target\":{\"@type\":\"EntryPoint\",\"urlTemplate\":\"https:\/\/brasilnoticias.org\/site\/?s={search_term_string}\"},\"query-input\":{\"@type\":\"PropertyValueSpecification\",\"valueRequired\":true,\"valueName\":\"search_term_string\"}}],\"inLanguage\":\"pt-PT\"},{\"@type\":\"Organization\",\"@id\":\"https:\/\/brasilnoticias.org\/site\/#organization\",\"name\":\"Brasil not\u00edcias\",\"url\":\"https:\/\/brasilnoticias.org\/site\/\",\"logo\":{\"@type\":\"ImageObject\",\"inLanguage\":\"pt-PT\",\"@id\":\"https:\/\/brasilnoticias.org\/site\/#\/schema\/logo\/image\/\",\"url\":\"https:\/\/brasilnoticias.org\/site\/wp-content\/uploads\/2022\/05\/cropped-brasilnoticias-mini.jpg\",\"contentUrl\":\"https:\/\/brasilnoticias.org\/site\/wp-content\/uploads\/2022\/05\/cropped-brasilnoticias-mini.jpg\",\"width\":314,\"height\":86,\"caption\":\"Brasil not\u00edcias\"},\"image\":{\"@id\":\"https:\/\/brasilnoticias.org\/site\/#\/schema\/logo\/image\/\"}},{\"@type\":\"Person\",\"@id\":\"https:\/\/brasilnoticias.org\/site\/#\/schema\/person\/a0e05b973ec4d15c658d51911e53507b\",\"name\":\"Reda\u00e7\u00e3o\",\"image\":{\"@type\":\"ImageObject\",\"inLanguage\":\"pt-PT\",\"@id\":\"https:\/\/brasilnoticias.org\/site\/#\/schema\/person\/image\/\",\"url\":\"https:\/\/secure.gravatar.com\/avatar\/75d8b050df2de108b08ae78dfb8e374892df24a383c67db9c46a9c604f6aee9c?s=96&d=mm&r=g\",\"contentUrl\":\"https:\/\/secure.gravatar.com\/avatar\/75d8b050df2de108b08ae78dfb8e374892df24a383c67db9c46a9c604f6aee9c?s=96&d=mm&r=g\",\"caption\":\"Reda\u00e7\u00e3o\"},\"sameAs\":[\"https:\/\/brasilnoticias.org\/site\"],\"url\":\"https:\/\/brasilnoticias.org\/site\/author\/fernandozsngmail-com\/\"}]}<\/script>\n<!-- \/ Yoast SEO plugin. -->","yoast_head_json":{"title":"Uso de m\u00e1scara volta a ser obrigat\u00f3rio em ambientes fechados da USP - Brasil not\u00edcias","robots":{"index":"index","follow":"follow","max-snippet":"max-snippet:-1","max-image-preview":"max-image-preview:large","max-video-preview":"max-video-preview:-1"},"canonical":"https:\/\/brasilnoticias.org\/site\/uso-de-mascara-volta-a-ser-obrigatorio-em-ambientes-fechados-da-usp\/","og_locale":"pt_PT","og_type":"article","og_title":"Uso de m\u00e1scara volta a ser obrigat\u00f3rio em ambientes fechados da USP - Brasil not\u00edcias","og_description":"O\u00a0uso de m\u00e1scaras de prote\u00e7\u00e3o contra a covid-19\u00a0voltou a ser obrigat\u00f3rio a partir desta quarta-feira (16) em ambientes fechados da\u00a0Universidade","og_url":"https:\/\/brasilnoticias.org\/site\/uso-de-mascara-volta-a-ser-obrigatorio-em-ambientes-fechados-da-usp\/","og_site_name":"Brasil not\u00edcias","article_published_time":"2022-11-18T10:00:48+00:00","og_image":[{"width":768,"height":459,"url":"https:\/\/brasilnoticias.org\/site\/wp-content\/uploads\/2022\/11\/mascara.jpeg","type":"image\/jpeg"}],"author":"Reda\u00e7\u00e3o","twitter_card":"summary_large_image","twitter_misc":{"Escrito por":"Reda\u00e7\u00e3o","Tempo estimado de leitura":"2 minutos"},"schema":{"@context":"https:\/\/schema.org","@graph":[{"@type":"Article","@id":"https:\/\/brasilnoticias.org\/site\/uso-de-mascara-volta-a-ser-obrigatorio-em-ambientes-fechados-da-usp\/#article","isPartOf":{"@id":"https:\/\/brasilnoticias.org\/site\/uso-de-mascara-volta-a-ser-obrigatorio-em-ambientes-fechados-da-usp\/"},"author":{"name":"Reda\u00e7\u00e3o","@id":"https:\/\/brasilnoticias.org\/site\/#\/schema\/person\/a0e05b973ec4d15c658d51911e53507b"},"headline":"Uso de m\u00e1scara volta a ser obrigat\u00f3rio em ambientes fechados da USP","datePublished":"2022-11-18T10:00:48+00:00","mainEntityOfPage":{"@id":"https:\/\/brasilnoticias.org\/site\/uso-de-mascara-volta-a-ser-obrigatorio-em-ambientes-fechados-da-usp\/"},"wordCount":354,"commentCount":0,"publisher":{"@id":"https:\/\/brasilnoticias.org\/site\/#organization"},"image":{"@id":"https:\/\/brasilnoticias.org\/site\/uso-de-mascara-volta-a-ser-obrigatorio-em-ambientes-fechados-da-usp\/#primaryimage"},"thumbnailUrl":"https:\/\/brasilnoticias.org\/site\/wp-content\/uploads\/2022\/11\/mascara.jpeg","articleSection":["Not\u00edcias","\u00daltimas"],"inLanguage":"pt-PT","potentialAction":[{"@type":"CommentAction","name":"Comment","target":["https:\/\/brasilnoticias.org\/site\/uso-de-mascara-volta-a-ser-obrigatorio-em-ambientes-fechados-da-usp\/#respond"]}]},{"@type":"WebPage","@id":"https:\/\/brasilnoticias.org\/site\/uso-de-mascara-volta-a-ser-obrigatorio-em-ambientes-fechados-da-usp\/","url":"https:\/\/brasilnoticias.org\/site\/uso-de-mascara-volta-a-ser-obrigatorio-em-ambientes-fechados-da-usp\/","name":"Uso de m\u00e1scara volta a ser obrigat\u00f3rio em ambientes fechados da USP - Brasil not\u00edcias","isPartOf":{"@id":"https:\/\/brasilnoticias.org\/site\/#website"},"primaryImageOfPage":{"@id":"https:\/\/brasilnoticias.org\/site\/uso-de-mascara-volta-a-ser-obrigatorio-em-ambientes-fechados-da-usp\/#primaryimage"},"image":{"@id":"https:\/\/brasilnoticias.org\/site\/uso-de-mascara-volta-a-ser-obrigatorio-em-ambientes-fechados-da-usp\/#primaryimage"},"thumbnailUrl":"https:\/\/brasilnoticias.org\/site\/wp-content\/uploads\/2022\/11\/mascara.jpeg","datePublished":"2022-11-18T10:00:48+00:00","breadcrumb":{"@id":"https:\/\/brasilnoticias.org\/site\/uso-de-mascara-volta-a-ser-obrigatorio-em-ambientes-fechados-da-usp\/#breadcrumb"},"inLanguage":"pt-PT","potentialAction":[{"@type":"ReadAction","target":["https:\/\/brasilnoticias.org\/site\/uso-de-mascara-volta-a-ser-obrigatorio-em-ambientes-fechados-da-usp\/"]}]},{"@type":"ImageObject","inLanguage":"pt-PT","@id":"https:\/\/brasilnoticias.org\/site\/uso-de-mascara-volta-a-ser-obrigatorio-em-ambientes-fechados-da-usp\/#primaryimage","url":"https:\/\/brasilnoticias.org\/site\/wp-content\/uploads\/2022\/11\/mascara.jpeg","contentUrl":"https:\/\/brasilnoticias.org\/site\/wp-content\/uploads\/2022\/11\/mascara.jpeg","width":768,"height":459},{"@type":"BreadcrumbList","@id":"https:\/\/brasilnoticias.org\/site\/uso-de-mascara-volta-a-ser-obrigatorio-em-ambientes-fechados-da-usp\/#breadcrumb","itemListElement":[{"@type":"ListItem","position":1,"name":"In\u00edcio","item":"https:\/\/brasilnoticias.org\/site\/"},{"@type":"ListItem","position":2,"name":"Uso de m\u00e1scara volta a ser obrigat\u00f3rio em ambientes fechados da USP"}]},{"@type":"WebSite","@id":"https:\/\/brasilnoticias.org\/site\/#website","url":"https:\/\/brasilnoticias.org\/site\/","name":"Brasil not\u00edcias","description":"Brasil not\u00edcias","publisher":{"@id":"https:\/\/brasilnoticias.org\/site\/#organization"},"potentialAction":[{"@type":"SearchAction","target":{"@type":"EntryPoint","urlTemplate":"https:\/\/brasilnoticias.org\/site\/?s={search_term_string}"},"query-input":{"@type":"PropertyValueSpecification","valueRequired":true,"valueName":"search_term_string"}}],"inLanguage":"pt-PT"},{"@type":"Organization","@id":"https:\/\/brasilnoticias.org\/site\/#organization","name":"Brasil not\u00edcias","url":"https:\/\/brasilnoticias.org\/site\/","logo":{"@type":"ImageObject","inLanguage":"pt-PT","@id":"https:\/\/brasilnoticias.org\/site\/#\/schema\/logo\/image\/","url":"https:\/\/brasilnoticias.org\/site\/wp-content\/uploads\/2022\/05\/cropped-brasilnoticias-mini.jpg","contentUrl":"https:\/\/brasilnoticias.org\/site\/wp-content\/uploads\/2022\/05\/cropped-brasilnoticias-mini.jpg","width":314,"height":86,"caption":"Brasil not\u00edcias"},"image":{"@id":"https:\/\/brasilnoticias.org\/site\/#\/schema\/logo\/image\/"}},{"@type":"Person","@id":"https:\/\/brasilnoticias.org\/site\/#\/schema\/person\/a0e05b973ec4d15c658d51911e53507b","name":"Reda\u00e7\u00e3o","image":{"@type":"ImageObject","inLanguage":"pt-PT","@id":"https:\/\/brasilnoticias.org\/site\/#\/schema\/person\/image\/","url":"https:\/\/secure.gravatar.com\/avatar\/75d8b050df2de108b08ae78dfb8e374892df24a383c67db9c46a9c604f6aee9c?s=96&d=mm&r=g","contentUrl":"https:\/\/secure.gravatar.com\/avatar\/75d8b050df2de108b08ae78dfb8e374892df24a383c67db9c46a9c604f6aee9c?s=96&d=mm&r=g","caption":"Reda\u00e7\u00e3o"},"sameAs":["https:\/\/brasilnoticias.org\/site"],"url":"https:\/\/brasilnoticias.org\/site\/author\/fernandozsngmail-com\/"}]}},"_links":{"self":[{"href":"https:\/\/brasilnoticias.org\/site\/wp-json\/wp\/v2\/posts\/2252","targetHints":{"allow":["GET"]}}],"collection":[{"href":"https:\/\/brasilnoticias.org\/site\/wp-json\/wp\/v2\/posts"}],"about":[{"href":"https:\/\/brasilnoticias.org\/site\/wp-json\/wp\/v2\/types\/post"}],"author":[{"embeddable":true,"href":"https:\/\/brasilnoticias.org\/site\/wp-json\/wp\/v2\/users\/1"}],"replies":[{"embeddable":true,"href":"https:\/\/brasilnoticias.org\/site\/wp-json\/wp\/v2\/comments?post=2252"}],"version-history":[{"count":1,"href":"https:\/\/brasilnoticias.org\/site\/wp-json\/wp\/v2\/posts\/2252\/revisions"}],"predecessor-version":[{"id":2254,"href":"https:\/\/brasilnoticias.org\/site\/wp-json\/wp\/v2\/posts\/2252\/revisions\/2254"}],"wp:featuredmedia":[{"embeddable":true,"href":"https:\/\/brasilnoticias.org\/site\/wp-json\/wp\/v2\/media\/2253"}],"wp:attachment":[{"href":"https:\/\/brasilnoticias.org\/site\/wp-json\/wp\/v2\/media?parent=2252"}],"wp:term":[{"taxonomy":"category","embeddable":true,"href":"https:\/\/brasilnoticias.org\/site\/wp-json\/wp\/v2\/categories?post=2252"},{"taxonomy":"post_tag","embeddable":true,"href":"https:\/\/brasilnoticias.org\/site\/wp-json\/wp\/v2\/tags?post=2252"}],"curies":[{"name":"wp","href":"https:\/\/api.w.org\/{rel}","templated":true}]}}