{"id":2260,"date":"2022-11-18T07:20:02","date_gmt":"2022-11-18T10:20:02","guid":{"rendered":"https:\/\/brasilnoticias.org\/site\/?p=2260"},"modified":"2022-11-17T20:50:06","modified_gmt":"2022-11-17T23:50:06","slug":"guido-mantega-renuncia-a-equipe-de-transicao-do-governo-lula","status":"publish","type":"post","link":"https:\/\/brasilnoticias.org\/site\/guido-mantega-renuncia-a-equipe-de-transicao-do-governo-lula\/","title":{"rendered":"Guido Mantega renuncia \u00e0 equipe de transi\u00e7\u00e3o do governo Lula"},"content":{"rendered":"<div class=\"styles__Body-sc-1ffquwr-7 ePhtZb\">\n<p>O ex-ministro Guido Mantega renunciou na tarde nesta quinta-feira (17) \u00e0 equipe de transi\u00e7\u00e3o do presidente eleito Luiz In\u00e1cio Lula da Silva (PT) em carta a Geraldo Alckmin (PSB), vice-governador eleito e respons\u00e1vel pelo comando dos trabalhos. Mantega justificou seu afastamento apontando o que observa como inten\u00e7\u00e3o de advers\u00e1rios em &#8220;tumultuar&#8221; e &#8220;criar dificuldades para o novo governo&#8221;.<\/p>\n<p>A participa\u00e7\u00e3o dele se daria de forma volunt\u00e1ria, j\u00e1 que est\u00e1 inabilitado pelo Tribunal de Contas da Uni\u00e3o (TCU) a a exercer cargo em comiss\u00e3o ou fun\u00e7\u00e3o de confian\u00e7a na administra\u00e7\u00e3o p\u00fablica federal por\u00a0puni\u00e7\u00e3o envolvendo o caso das pedaladas fiscais. O ex-ministro seria integrante do grupo t\u00e9cnico respons\u00e1vel pelo planejamento, or\u00e7amento e gest\u00e3o na equipe de transi\u00e7\u00e3o.<\/p>\n<p>Em sua carta de ren\u00fancia, o ex-ministro classifica a decis\u00e3o do TCU como injusta e, no texto, declarou: &#8220;Em face de um procedimento administrativo do TCU, que me responsabilizou indevidamente, enquanto ministro da Fazenda, por praticar a suposta posterga\u00e7\u00e3o de despesas no ano de 2014, as chamadas pedaladas fiscais, aceitei trabalhar na equipe como colaborador n\u00e3o remunerado, sem cargo p\u00fablico, para n\u00e3o contrariar a decis\u00e3o que me impedia de exercer fun\u00e7\u00f5es p\u00fablicas por oito anos. Mesmo assim essa minha condi\u00e7\u00e3o estava sendo explorada pelos advers\u00e1rios, interessados em tumultuar a transi\u00e7\u00e3o e criar dificuldades para o novo governo.&#8221;<\/p>\n<\/div>\n<div class=\"styles__RelatedWrapper-sc-1ffquwr-8 byMLWm\"><\/div>\n<p>&nbsp;<\/p>\n<p class=\"image-credit\">Foto:\u00a0<b>Fabio Rodrigues Pozzebom\/Ag\u00eancia Brasil<\/b><\/p>\n<p class=\"author\">Por:\u00a0<b>Metro1<\/b><\/p>\n<p>&nbsp;<\/p>\n<p>&nbsp;<\/p>\n","protected":false},"excerpt":{"rendered":"<p>O ex-ministro Guido Mantega renunciou na tarde nesta quinta-feira (17) \u00e0 equipe de transi\u00e7\u00e3o do presidente eleito Luiz In\u00e1cio Lula<\/p>\n","protected":false},"author":1,"featured_media":2261,"comment_status":"open","ping_status":"open","sticky":false,"template":"","format":"standard","meta":{"colormag_page_container_layout":"default_layout","colormag_page_sidebar_layout":"default_layout","_FSMCFIC_featured_image_caption":"","_FSMCFIC_featured_image_nocaption":"","_FSMCFIC_featured_image_hide":"","footnotes":""},"categories":[2,1],"tags":[],"class_list":["post-2260","post","type-post","status-publish","format-standard","has-post-thumbnail","hentry","category-noticias","category-ultimas"],"yoast_head":"<!-- This site is optimized with the Yoast SEO plugin v27.1.1 - https:\/\/yoast.com\/product\/yoast-seo-wordpress\/ -->\n<title>Guido Mantega renuncia \u00e0 equipe de transi\u00e7\u00e3o do governo Lula - Brasil not\u00edcias<\/title>\n<meta name=\"robots\" content=\"index, follow, max-snippet:-1, max-image-preview:large, max-video-preview:-1\" \/>\n<link rel=\"canonical\" href=\"https:\/\/brasilnoticias.org\/site\/guido-mantega-renuncia-a-equipe-de-transicao-do-governo-lula\/\" \/>\n<meta property=\"og:locale\" content=\"pt_PT\" \/>\n<meta property=\"og:type\" content=\"article\" \/>\n<meta property=\"og:title\" content=\"Guido Mantega renuncia \u00e0 equipe de transi\u00e7\u00e3o do governo Lula - Brasil not\u00edcias\" \/>\n<meta property=\"og:description\" content=\"O ex-ministro Guido Mantega renunciou na tarde nesta quinta-feira (17) \u00e0 equipe de transi\u00e7\u00e3o do presidente eleito Luiz In\u00e1cio Lula\" \/>\n<meta property=\"og:url\" content=\"https:\/\/brasilnoticias.org\/site\/guido-mantega-renuncia-a-equipe-de-transicao-do-governo-lula\/\" \/>\n<meta property=\"og:site_name\" content=\"Brasil not\u00edcias\" \/>\n<meta property=\"article:published_time\" content=\"2022-11-18T10:20:02+00:00\" \/>\n<meta property=\"og:image\" content=\"https:\/\/brasilnoticias.org\/site\/wp-content\/uploads\/2022\/11\/130509guido-mantega-renuncia-a-equipe-de-transicao-do-governo-lula-3.jpg\" \/>\n\t<meta property=\"og:image:width\" content=\"1600\" \/>\n\t<meta property=\"og:image:height\" content=\"752\" \/>\n\t<meta property=\"og:image:type\" content=\"image\/jpeg\" \/>\n<meta name=\"author\" content=\"Reda\u00e7\u00e3o\" \/>\n<meta name=\"twitter:card\" content=\"summary_large_image\" \/>\n<meta name=\"twitter:label1\" content=\"Escrito por\" \/>\n\t<meta name=\"twitter:data1\" content=\"Reda\u00e7\u00e3o\" \/>\n\t<meta name=\"twitter:label2\" content=\"Tempo estimado de leitura\" \/>\n\t<meta name=\"twitter:data2\" content=\"1 minuto\" \/>\n<script type=\"application\/ld+json\" class=\"yoast-schema-graph\">{\"@context\":\"https:\/\/schema.org\",\"@graph\":[{\"@type\":\"Article\",\"@id\":\"https:\/\/brasilnoticias.org\/site\/guido-mantega-renuncia-a-equipe-de-transicao-do-governo-lula\/#article\",\"isPartOf\":{\"@id\":\"https:\/\/brasilnoticias.org\/site\/guido-mantega-renuncia-a-equipe-de-transicao-do-governo-lula\/\"},\"author\":{\"name\":\"Reda\u00e7\u00e3o\",\"@id\":\"https:\/\/brasilnoticias.org\/site\/#\/schema\/person\/a0e05b973ec4d15c658d51911e53507b\"},\"headline\":\"Guido Mantega renuncia \u00e0 equipe de transi\u00e7\u00e3o do governo Lula\",\"datePublished\":\"2022-11-18T10:20:02+00:00\",\"mainEntityOfPage\":{\"@id\":\"https:\/\/brasilnoticias.org\/site\/guido-mantega-renuncia-a-equipe-de-transicao-do-governo-lula\/\"},\"wordCount\":263,\"commentCount\":0,\"publisher\":{\"@id\":\"https:\/\/brasilnoticias.org\/site\/#organization\"},\"image\":{\"@id\":\"https:\/\/brasilnoticias.org\/site\/guido-mantega-renuncia-a-equipe-de-transicao-do-governo-lula\/#primaryimage\"},\"thumbnailUrl\":\"https:\/\/brasilnoticias.org\/site\/wp-content\/uploads\/2022\/11\/130509guido-mantega-renuncia-a-equipe-de-transicao-do-governo-lula-3.jpg\",\"articleSection\":[\"Not\u00edcias\",\"\u00daltimas\"],\"inLanguage\":\"pt-PT\",\"potentialAction\":[{\"@type\":\"CommentAction\",\"name\":\"Comment\",\"target\":[\"https:\/\/brasilnoticias.org\/site\/guido-mantega-renuncia-a-equipe-de-transicao-do-governo-lula\/#respond\"]}]},{\"@type\":\"WebPage\",\"@id\":\"https:\/\/brasilnoticias.org\/site\/guido-mantega-renuncia-a-equipe-de-transicao-do-governo-lula\/\",\"url\":\"https:\/\/brasilnoticias.org\/site\/guido-mantega-renuncia-a-equipe-de-transicao-do-governo-lula\/\",\"name\":\"Guido Mantega renuncia \u00e0 equipe de transi\u00e7\u00e3o do governo Lula - Brasil not\u00edcias\",\"isPartOf\":{\"@id\":\"https:\/\/brasilnoticias.org\/site\/#website\"},\"primaryImageOfPage\":{\"@id\":\"https:\/\/brasilnoticias.org\/site\/guido-mantega-renuncia-a-equipe-de-transicao-do-governo-lula\/#primaryimage\"},\"image\":{\"@id\":\"https:\/\/brasilnoticias.org\/site\/guido-mantega-renuncia-a-equipe-de-transicao-do-governo-lula\/#primaryimage\"},\"thumbnailUrl\":\"https:\/\/brasilnoticias.org\/site\/wp-content\/uploads\/2022\/11\/130509guido-mantega-renuncia-a-equipe-de-transicao-do-governo-lula-3.jpg\",\"datePublished\":\"2022-11-18T10:20:02+00:00\",\"breadcrumb\":{\"@id\":\"https:\/\/brasilnoticias.org\/site\/guido-mantega-renuncia-a-equipe-de-transicao-do-governo-lula\/#breadcrumb\"},\"inLanguage\":\"pt-PT\",\"potentialAction\":[{\"@type\":\"ReadAction\",\"target\":[\"https:\/\/brasilnoticias.org\/site\/guido-mantega-renuncia-a-equipe-de-transicao-do-governo-lula\/\"]}]},{\"@type\":\"ImageObject\",\"inLanguage\":\"pt-PT\",\"@id\":\"https:\/\/brasilnoticias.org\/site\/guido-mantega-renuncia-a-equipe-de-transicao-do-governo-lula\/#primaryimage\",\"url\":\"https:\/\/brasilnoticias.org\/site\/wp-content\/uploads\/2022\/11\/130509guido-mantega-renuncia-a-equipe-de-transicao-do-governo-lula-3.jpg\",\"contentUrl\":\"https:\/\/brasilnoticias.org\/site\/wp-content\/uploads\/2022\/11\/130509guido-mantega-renuncia-a-equipe-de-transicao-do-governo-lula-3.jpg\",\"width\":1600,\"height\":752},{\"@type\":\"BreadcrumbList\",\"@id\":\"https:\/\/brasilnoticias.org\/site\/guido-mantega-renuncia-a-equipe-de-transicao-do-governo-lula\/#breadcrumb\",\"itemListElement\":[{\"@type\":\"ListItem\",\"position\":1,\"name\":\"In\u00edcio\",\"item\":\"https:\/\/brasilnoticias.org\/site\/\"},{\"@type\":\"ListItem\",\"position\":2,\"name\":\"Guido Mantega renuncia \u00e0 equipe de transi\u00e7\u00e3o do governo Lula\"}]},{\"@type\":\"WebSite\",\"@id\":\"https:\/\/brasilnoticias.org\/site\/#website\",\"url\":\"https:\/\/brasilnoticias.org\/site\/\",\"name\":\"Brasil not\u00edcias\",\"description\":\"Brasil not\u00edcias\",\"publisher\":{\"@id\":\"https:\/\/brasilnoticias.org\/site\/#organization\"},\"potentialAction\":[{\"@type\":\"SearchAction\",\"target\":{\"@type\":\"EntryPoint\",\"urlTemplate\":\"https:\/\/brasilnoticias.org\/site\/?s={search_term_string}\"},\"query-input\":{\"@type\":\"PropertyValueSpecification\",\"valueRequired\":true,\"valueName\":\"search_term_string\"}}],\"inLanguage\":\"pt-PT\"},{\"@type\":\"Organization\",\"@id\":\"https:\/\/brasilnoticias.org\/site\/#organization\",\"name\":\"Brasil not\u00edcias\",\"url\":\"https:\/\/brasilnoticias.org\/site\/\",\"logo\":{\"@type\":\"ImageObject\",\"inLanguage\":\"pt-PT\",\"@id\":\"https:\/\/brasilnoticias.org\/site\/#\/schema\/logo\/image\/\",\"url\":\"https:\/\/brasilnoticias.org\/site\/wp-content\/uploads\/2022\/05\/cropped-brasilnoticias-mini.jpg\",\"contentUrl\":\"https:\/\/brasilnoticias.org\/site\/wp-content\/uploads\/2022\/05\/cropped-brasilnoticias-mini.jpg\",\"width\":314,\"height\":86,\"caption\":\"Brasil not\u00edcias\"},\"image\":{\"@id\":\"https:\/\/brasilnoticias.org\/site\/#\/schema\/logo\/image\/\"}},{\"@type\":\"Person\",\"@id\":\"https:\/\/brasilnoticias.org\/site\/#\/schema\/person\/a0e05b973ec4d15c658d51911e53507b\",\"name\":\"Reda\u00e7\u00e3o\",\"image\":{\"@type\":\"ImageObject\",\"inLanguage\":\"pt-PT\",\"@id\":\"https:\/\/brasilnoticias.org\/site\/#\/schema\/person\/image\/\",\"url\":\"https:\/\/secure.gravatar.com\/avatar\/75d8b050df2de108b08ae78dfb8e374892df24a383c67db9c46a9c604f6aee9c?s=96&d=mm&r=g\",\"contentUrl\":\"https:\/\/secure.gravatar.com\/avatar\/75d8b050df2de108b08ae78dfb8e374892df24a383c67db9c46a9c604f6aee9c?s=96&d=mm&r=g\",\"caption\":\"Reda\u00e7\u00e3o\"},\"sameAs\":[\"https:\/\/brasilnoticias.org\/site\"],\"url\":\"https:\/\/brasilnoticias.org\/site\/author\/fernandozsngmail-com\/\"}]}<\/script>\n<!-- \/ Yoast SEO plugin. -->","yoast_head_json":{"title":"Guido Mantega renuncia \u00e0 equipe de transi\u00e7\u00e3o do governo Lula - Brasil not\u00edcias","robots":{"index":"index","follow":"follow","max-snippet":"max-snippet:-1","max-image-preview":"max-image-preview:large","max-video-preview":"max-video-preview:-1"},"canonical":"https:\/\/brasilnoticias.org\/site\/guido-mantega-renuncia-a-equipe-de-transicao-do-governo-lula\/","og_locale":"pt_PT","og_type":"article","og_title":"Guido Mantega renuncia \u00e0 equipe de transi\u00e7\u00e3o do governo Lula - Brasil not\u00edcias","og_description":"O ex-ministro Guido Mantega renunciou na tarde nesta quinta-feira (17) \u00e0 equipe de transi\u00e7\u00e3o do presidente eleito Luiz In\u00e1cio Lula","og_url":"https:\/\/brasilnoticias.org\/site\/guido-mantega-renuncia-a-equipe-de-transicao-do-governo-lula\/","og_site_name":"Brasil not\u00edcias","article_published_time":"2022-11-18T10:20:02+00:00","og_image":[{"width":1600,"height":752,"url":"https:\/\/brasilnoticias.org\/site\/wp-content\/uploads\/2022\/11\/130509guido-mantega-renuncia-a-equipe-de-transicao-do-governo-lula-3.jpg","type":"image\/jpeg"}],"author":"Reda\u00e7\u00e3o","twitter_card":"summary_large_image","twitter_misc":{"Escrito por":"Reda\u00e7\u00e3o","Tempo estimado de leitura":"1 minuto"},"schema":{"@context":"https:\/\/schema.org","@graph":[{"@type":"Article","@id":"https:\/\/brasilnoticias.org\/site\/guido-mantega-renuncia-a-equipe-de-transicao-do-governo-lula\/#article","isPartOf":{"@id":"https:\/\/brasilnoticias.org\/site\/guido-mantega-renuncia-a-equipe-de-transicao-do-governo-lula\/"},"author":{"name":"Reda\u00e7\u00e3o","@id":"https:\/\/brasilnoticias.org\/site\/#\/schema\/person\/a0e05b973ec4d15c658d51911e53507b"},"headline":"Guido Mantega renuncia \u00e0 equipe de transi\u00e7\u00e3o do governo Lula","datePublished":"2022-11-18T10:20:02+00:00","mainEntityOfPage":{"@id":"https:\/\/brasilnoticias.org\/site\/guido-mantega-renuncia-a-equipe-de-transicao-do-governo-lula\/"},"wordCount":263,"commentCount":0,"publisher":{"@id":"https:\/\/brasilnoticias.org\/site\/#organization"},"image":{"@id":"https:\/\/brasilnoticias.org\/site\/guido-mantega-renuncia-a-equipe-de-transicao-do-governo-lula\/#primaryimage"},"thumbnailUrl":"https:\/\/brasilnoticias.org\/site\/wp-content\/uploads\/2022\/11\/130509guido-mantega-renuncia-a-equipe-de-transicao-do-governo-lula-3.jpg","articleSection":["Not\u00edcias","\u00daltimas"],"inLanguage":"pt-PT","potentialAction":[{"@type":"CommentAction","name":"Comment","target":["https:\/\/brasilnoticias.org\/site\/guido-mantega-renuncia-a-equipe-de-transicao-do-governo-lula\/#respond"]}]},{"@type":"WebPage","@id":"https:\/\/brasilnoticias.org\/site\/guido-mantega-renuncia-a-equipe-de-transicao-do-governo-lula\/","url":"https:\/\/brasilnoticias.org\/site\/guido-mantega-renuncia-a-equipe-de-transicao-do-governo-lula\/","name":"Guido Mantega renuncia \u00e0 equipe de transi\u00e7\u00e3o do governo Lula - Brasil not\u00edcias","isPartOf":{"@id":"https:\/\/brasilnoticias.org\/site\/#website"},"primaryImageOfPage":{"@id":"https:\/\/brasilnoticias.org\/site\/guido-mantega-renuncia-a-equipe-de-transicao-do-governo-lula\/#primaryimage"},"image":{"@id":"https:\/\/brasilnoticias.org\/site\/guido-mantega-renuncia-a-equipe-de-transicao-do-governo-lula\/#primaryimage"},"thumbnailUrl":"https:\/\/brasilnoticias.org\/site\/wp-content\/uploads\/2022\/11\/130509guido-mantega-renuncia-a-equipe-de-transicao-do-governo-lula-3.jpg","datePublished":"2022-11-18T10:20:02+00:00","breadcrumb":{"@id":"https:\/\/brasilnoticias.org\/site\/guido-mantega-renuncia-a-equipe-de-transicao-do-governo-lula\/#breadcrumb"},"inLanguage":"pt-PT","potentialAction":[{"@type":"ReadAction","target":["https:\/\/brasilnoticias.org\/site\/guido-mantega-renuncia-a-equipe-de-transicao-do-governo-lula\/"]}]},{"@type":"ImageObject","inLanguage":"pt-PT","@id":"https:\/\/brasilnoticias.org\/site\/guido-mantega-renuncia-a-equipe-de-transicao-do-governo-lula\/#primaryimage","url":"https:\/\/brasilnoticias.org\/site\/wp-content\/uploads\/2022\/11\/130509guido-mantega-renuncia-a-equipe-de-transicao-do-governo-lula-3.jpg","contentUrl":"https:\/\/brasilnoticias.org\/site\/wp-content\/uploads\/2022\/11\/130509guido-mantega-renuncia-a-equipe-de-transicao-do-governo-lula-3.jpg","width":1600,"height":752},{"@type":"BreadcrumbList","@id":"https:\/\/brasilnoticias.org\/site\/guido-mantega-renuncia-a-equipe-de-transicao-do-governo-lula\/#breadcrumb","itemListElement":[{"@type":"ListItem","position":1,"name":"In\u00edcio","item":"https:\/\/brasilnoticias.org\/site\/"},{"@type":"ListItem","position":2,"name":"Guido Mantega renuncia \u00e0 equipe de transi\u00e7\u00e3o do governo Lula"}]},{"@type":"WebSite","@id":"https:\/\/brasilnoticias.org\/site\/#website","url":"https:\/\/brasilnoticias.org\/site\/","name":"Brasil not\u00edcias","description":"Brasil not\u00edcias","publisher":{"@id":"https:\/\/brasilnoticias.org\/site\/#organization"},"potentialAction":[{"@type":"SearchAction","target":{"@type":"EntryPoint","urlTemplate":"https:\/\/brasilnoticias.org\/site\/?s={search_term_string}"},"query-input":{"@type":"PropertyValueSpecification","valueRequired":true,"valueName":"search_term_string"}}],"inLanguage":"pt-PT"},{"@type":"Organization","@id":"https:\/\/brasilnoticias.org\/site\/#organization","name":"Brasil not\u00edcias","url":"https:\/\/brasilnoticias.org\/site\/","logo":{"@type":"ImageObject","inLanguage":"pt-PT","@id":"https:\/\/brasilnoticias.org\/site\/#\/schema\/logo\/image\/","url":"https:\/\/brasilnoticias.org\/site\/wp-content\/uploads\/2022\/05\/cropped-brasilnoticias-mini.jpg","contentUrl":"https:\/\/brasilnoticias.org\/site\/wp-content\/uploads\/2022\/05\/cropped-brasilnoticias-mini.jpg","width":314,"height":86,"caption":"Brasil not\u00edcias"},"image":{"@id":"https:\/\/brasilnoticias.org\/site\/#\/schema\/logo\/image\/"}},{"@type":"Person","@id":"https:\/\/brasilnoticias.org\/site\/#\/schema\/person\/a0e05b973ec4d15c658d51911e53507b","name":"Reda\u00e7\u00e3o","image":{"@type":"ImageObject","inLanguage":"pt-PT","@id":"https:\/\/brasilnoticias.org\/site\/#\/schema\/person\/image\/","url":"https:\/\/secure.gravatar.com\/avatar\/75d8b050df2de108b08ae78dfb8e374892df24a383c67db9c46a9c604f6aee9c?s=96&d=mm&r=g","contentUrl":"https:\/\/secure.gravatar.com\/avatar\/75d8b050df2de108b08ae78dfb8e374892df24a383c67db9c46a9c604f6aee9c?s=96&d=mm&r=g","caption":"Reda\u00e7\u00e3o"},"sameAs":["https:\/\/brasilnoticias.org\/site"],"url":"https:\/\/brasilnoticias.org\/site\/author\/fernandozsngmail-com\/"}]}},"_links":{"self":[{"href":"https:\/\/brasilnoticias.org\/site\/wp-json\/wp\/v2\/posts\/2260","targetHints":{"allow":["GET"]}}],"collection":[{"href":"https:\/\/brasilnoticias.org\/site\/wp-json\/wp\/v2\/posts"}],"about":[{"href":"https:\/\/brasilnoticias.org\/site\/wp-json\/wp\/v2\/types\/post"}],"author":[{"embeddable":true,"href":"https:\/\/brasilnoticias.org\/site\/wp-json\/wp\/v2\/users\/1"}],"replies":[{"embeddable":true,"href":"https:\/\/brasilnoticias.org\/site\/wp-json\/wp\/v2\/comments?post=2260"}],"version-history":[{"count":1,"href":"https:\/\/brasilnoticias.org\/site\/wp-json\/wp\/v2\/posts\/2260\/revisions"}],"predecessor-version":[{"id":2262,"href":"https:\/\/brasilnoticias.org\/site\/wp-json\/wp\/v2\/posts\/2260\/revisions\/2262"}],"wp:featuredmedia":[{"embeddable":true,"href":"https:\/\/brasilnoticias.org\/site\/wp-json\/wp\/v2\/media\/2261"}],"wp:attachment":[{"href":"https:\/\/brasilnoticias.org\/site\/wp-json\/wp\/v2\/media?parent=2260"}],"wp:term":[{"taxonomy":"category","embeddable":true,"href":"https:\/\/brasilnoticias.org\/site\/wp-json\/wp\/v2\/categories?post=2260"},{"taxonomy":"post_tag","embeddable":true,"href":"https:\/\/brasilnoticias.org\/site\/wp-json\/wp\/v2\/tags?post=2260"}],"curies":[{"name":"wp","href":"https:\/\/api.w.org\/{rel}","templated":true}]}}