{"id":2263,"date":"2022-11-18T07:30:32","date_gmt":"2022-11-18T10:30:32","guid":{"rendered":"https:\/\/brasilnoticias.org\/site\/?p=2263"},"modified":"2022-11-17T20:52:31","modified_gmt":"2022-11-17T23:52:31","slug":"mais-de-75-milhoes-de-baianos-estao-com-vacinacao-contra-covid-19-incompleta","status":"publish","type":"post","link":"https:\/\/brasilnoticias.org\/site\/mais-de-75-milhoes-de-baianos-estao-com-vacinacao-contra-covid-19-incompleta\/","title":{"rendered":"Mais de 7,5 milh\u00f5es de baianos est\u00e3o com vacina\u00e7\u00e3o contra Covid-19 incompleta"},"content":{"rendered":"<div class=\"styles__Body-sc-1ffquwr-7 ePhtZb\">\n<p>7.528.598 \u00e9 o n\u00famero de baianos com 12 anos ou mais que n\u00e3o se imunizaram contra a Covid-19 ou est\u00e3o com o esquema vacinal incompleto, segundo divulgado pela Secretaria de Sa\u00fade do Estado da Bahia (Sesab) na \u00faltima quarta-feira (16).<\/p>\n<p>Desse total, 1.009.581 ainda n\u00e3o tomaram sequer a primeira dose, j\u00e1 830.413 n\u00e3o receberam a segunda e 2.930.291 est\u00e3o com a dose de refor\u00e7o atrasada. N\u00e3o se vacinaram com a quarta dose 2.758.313 baianos.\u00a0A Sesab informou que tem imunizantes suficientes para atender as pessoas que n\u00e3o iniciaram ou n\u00e3o completaram o esquema vacinal contra a doen\u00e7a.<\/p>\n<p>De acordo com \u00faltima atualiza\u00e7\u00e3o da secretaria, \u00e0s 16h58 desta quinta, o estado tem 1.443 casos ativos. O \u00faltimo \u00f3bito foi registrado em 08\/11.<\/p>\n<\/div>\n<div class=\"styles__RelatedWrapper-sc-1ffquwr-8 byMLWm\"><\/div>\n<p class=\"image-credit\">Foto:\u00a0<b>Leonardo Rattes\/Sa\u00fade GOVBA<\/b><\/p>\n<p class=\"author\">Por:\u00a0<b>Lu\u00edsa Carvalho<\/b><\/p>\n","protected":false},"excerpt":{"rendered":"<p>7.528.598 \u00e9 o n\u00famero de baianos com 12 anos ou mais que n\u00e3o se imunizaram contra a Covid-19 ou est\u00e3o<\/p>\n","protected":false},"author":1,"featured_media":2264,"comment_status":"open","ping_status":"open","sticky":false,"template":"","format":"standard","meta":{"colormag_page_container_layout":"default_layout","colormag_page_sidebar_layout":"default_layout","_FSMCFIC_featured_image_caption":"","_FSMCFIC_featured_image_nocaption":"","_FSMCFIC_featured_image_hide":"","footnotes":""},"categories":[2,1],"tags":[],"class_list":["post-2263","post","type-post","status-publish","format-standard","has-post-thumbnail","hentry","category-noticias","category-ultimas"],"yoast_head":"<!-- This site is optimized with the Yoast SEO plugin v27.1.1 - https:\/\/yoast.com\/product\/yoast-seo-wordpress\/ -->\n<title>Mais de 7,5 milh\u00f5es de baianos est\u00e3o com vacina\u00e7\u00e3o contra Covid-19 incompleta - Brasil not\u00edcias<\/title>\n<meta name=\"robots\" content=\"index, follow, max-snippet:-1, max-image-preview:large, max-video-preview:-1\" \/>\n<link rel=\"canonical\" href=\"https:\/\/brasilnoticias.org\/site\/mais-de-75-milhoes-de-baianos-estao-com-vacinacao-contra-covid-19-incompleta\/\" \/>\n<meta property=\"og:locale\" content=\"pt_PT\" \/>\n<meta property=\"og:type\" content=\"article\" \/>\n<meta property=\"og:title\" content=\"Mais de 7,5 milh\u00f5es de baianos est\u00e3o com vacina\u00e7\u00e3o contra Covid-19 incompleta - Brasil not\u00edcias\" \/>\n<meta property=\"og:description\" content=\"7.528.598 \u00e9 o n\u00famero de baianos com 12 anos ou mais que n\u00e3o se imunizaram contra a Covid-19 ou est\u00e3o\" \/>\n<meta property=\"og:url\" content=\"https:\/\/brasilnoticias.org\/site\/mais-de-75-milhoes-de-baianos-estao-com-vacinacao-contra-covid-19-incompleta\/\" \/>\n<meta property=\"og:site_name\" content=\"Brasil not\u00edcias\" \/>\n<meta property=\"article:published_time\" content=\"2022-11-18T10:30:32+00:00\" \/>\n<meta property=\"og:image\" content=\"https:\/\/brasilnoticias.org\/site\/wp-content\/uploads\/2022\/11\/130507mais-de-75-milhoes-de-baianos-estao-com-vacinacao-contra-covid-19-incompleta-3.jpg\" \/>\n\t<meta property=\"og:image:width\" content=\"1600\" \/>\n\t<meta property=\"og:image:height\" content=\"752\" \/>\n\t<meta property=\"og:image:type\" content=\"image\/jpeg\" \/>\n<meta name=\"author\" content=\"Reda\u00e7\u00e3o\" \/>\n<meta name=\"twitter:card\" content=\"summary_large_image\" \/>\n<meta name=\"twitter:label1\" content=\"Escrito por\" \/>\n\t<meta name=\"twitter:data1\" content=\"Reda\u00e7\u00e3o\" \/>\n\t<meta name=\"twitter:label2\" content=\"Tempo estimado de leitura\" \/>\n\t<meta name=\"twitter:data2\" content=\"1 minuto\" \/>\n<script type=\"application\/ld+json\" class=\"yoast-schema-graph\">{\"@context\":\"https:\/\/schema.org\",\"@graph\":[{\"@type\":\"Article\",\"@id\":\"https:\/\/brasilnoticias.org\/site\/mais-de-75-milhoes-de-baianos-estao-com-vacinacao-contra-covid-19-incompleta\/#article\",\"isPartOf\":{\"@id\":\"https:\/\/brasilnoticias.org\/site\/mais-de-75-milhoes-de-baianos-estao-com-vacinacao-contra-covid-19-incompleta\/\"},\"author\":{\"name\":\"Reda\u00e7\u00e3o\",\"@id\":\"https:\/\/brasilnoticias.org\/site\/#\/schema\/person\/a0e05b973ec4d15c658d51911e53507b\"},\"headline\":\"Mais de 7,5 milh\u00f5es de baianos est\u00e3o com vacina\u00e7\u00e3o contra Covid-19 incompleta\",\"datePublished\":\"2022-11-18T10:30:32+00:00\",\"mainEntityOfPage\":{\"@id\":\"https:\/\/brasilnoticias.org\/site\/mais-de-75-milhoes-de-baianos-estao-com-vacinacao-contra-covid-19-incompleta\/\"},\"wordCount\":148,\"commentCount\":0,\"publisher\":{\"@id\":\"https:\/\/brasilnoticias.org\/site\/#organization\"},\"image\":{\"@id\":\"https:\/\/brasilnoticias.org\/site\/mais-de-75-milhoes-de-baianos-estao-com-vacinacao-contra-covid-19-incompleta\/#primaryimage\"},\"thumbnailUrl\":\"https:\/\/brasilnoticias.org\/site\/wp-content\/uploads\/2022\/11\/130507mais-de-75-milhoes-de-baianos-estao-com-vacinacao-contra-covid-19-incompleta-3.jpg\",\"articleSection\":[\"Not\u00edcias\",\"\u00daltimas\"],\"inLanguage\":\"pt-PT\",\"potentialAction\":[{\"@type\":\"CommentAction\",\"name\":\"Comment\",\"target\":[\"https:\/\/brasilnoticias.org\/site\/mais-de-75-milhoes-de-baianos-estao-com-vacinacao-contra-covid-19-incompleta\/#respond\"]}]},{\"@type\":\"WebPage\",\"@id\":\"https:\/\/brasilnoticias.org\/site\/mais-de-75-milhoes-de-baianos-estao-com-vacinacao-contra-covid-19-incompleta\/\",\"url\":\"https:\/\/brasilnoticias.org\/site\/mais-de-75-milhoes-de-baianos-estao-com-vacinacao-contra-covid-19-incompleta\/\",\"name\":\"Mais de 7,5 milh\u00f5es de baianos est\u00e3o com vacina\u00e7\u00e3o contra Covid-19 incompleta - Brasil not\u00edcias\",\"isPartOf\":{\"@id\":\"https:\/\/brasilnoticias.org\/site\/#website\"},\"primaryImageOfPage\":{\"@id\":\"https:\/\/brasilnoticias.org\/site\/mais-de-75-milhoes-de-baianos-estao-com-vacinacao-contra-covid-19-incompleta\/#primaryimage\"},\"image\":{\"@id\":\"https:\/\/brasilnoticias.org\/site\/mais-de-75-milhoes-de-baianos-estao-com-vacinacao-contra-covid-19-incompleta\/#primaryimage\"},\"thumbnailUrl\":\"https:\/\/brasilnoticias.org\/site\/wp-content\/uploads\/2022\/11\/130507mais-de-75-milhoes-de-baianos-estao-com-vacinacao-contra-covid-19-incompleta-3.jpg\",\"datePublished\":\"2022-11-18T10:30:32+00:00\",\"breadcrumb\":{\"@id\":\"https:\/\/brasilnoticias.org\/site\/mais-de-75-milhoes-de-baianos-estao-com-vacinacao-contra-covid-19-incompleta\/#breadcrumb\"},\"inLanguage\":\"pt-PT\",\"potentialAction\":[{\"@type\":\"ReadAction\",\"target\":[\"https:\/\/brasilnoticias.org\/site\/mais-de-75-milhoes-de-baianos-estao-com-vacinacao-contra-covid-19-incompleta\/\"]}]},{\"@type\":\"ImageObject\",\"inLanguage\":\"pt-PT\",\"@id\":\"https:\/\/brasilnoticias.org\/site\/mais-de-75-milhoes-de-baianos-estao-com-vacinacao-contra-covid-19-incompleta\/#primaryimage\",\"url\":\"https:\/\/brasilnoticias.org\/site\/wp-content\/uploads\/2022\/11\/130507mais-de-75-milhoes-de-baianos-estao-com-vacinacao-contra-covid-19-incompleta-3.jpg\",\"contentUrl\":\"https:\/\/brasilnoticias.org\/site\/wp-content\/uploads\/2022\/11\/130507mais-de-75-milhoes-de-baianos-estao-com-vacinacao-contra-covid-19-incompleta-3.jpg\",\"width\":1600,\"height\":752},{\"@type\":\"BreadcrumbList\",\"@id\":\"https:\/\/brasilnoticias.org\/site\/mais-de-75-milhoes-de-baianos-estao-com-vacinacao-contra-covid-19-incompleta\/#breadcrumb\",\"itemListElement\":[{\"@type\":\"ListItem\",\"position\":1,\"name\":\"In\u00edcio\",\"item\":\"https:\/\/brasilnoticias.org\/site\/\"},{\"@type\":\"ListItem\",\"position\":2,\"name\":\"Mais de 7,5 milh\u00f5es de baianos est\u00e3o com vacina\u00e7\u00e3o contra Covid-19 incompleta\"}]},{\"@type\":\"WebSite\",\"@id\":\"https:\/\/brasilnoticias.org\/site\/#website\",\"url\":\"https:\/\/brasilnoticias.org\/site\/\",\"name\":\"Brasil not\u00edcias\",\"description\":\"Brasil not\u00edcias\",\"publisher\":{\"@id\":\"https:\/\/brasilnoticias.org\/site\/#organization\"},\"potentialAction\":[{\"@type\":\"SearchAction\",\"target\":{\"@type\":\"EntryPoint\",\"urlTemplate\":\"https:\/\/brasilnoticias.org\/site\/?s={search_term_string}\"},\"query-input\":{\"@type\":\"PropertyValueSpecification\",\"valueRequired\":true,\"valueName\":\"search_term_string\"}}],\"inLanguage\":\"pt-PT\"},{\"@type\":\"Organization\",\"@id\":\"https:\/\/brasilnoticias.org\/site\/#organization\",\"name\":\"Brasil not\u00edcias\",\"url\":\"https:\/\/brasilnoticias.org\/site\/\",\"logo\":{\"@type\":\"ImageObject\",\"inLanguage\":\"pt-PT\",\"@id\":\"https:\/\/brasilnoticias.org\/site\/#\/schema\/logo\/image\/\",\"url\":\"https:\/\/brasilnoticias.org\/site\/wp-content\/uploads\/2022\/05\/cropped-brasilnoticias-mini.jpg\",\"contentUrl\":\"https:\/\/brasilnoticias.org\/site\/wp-content\/uploads\/2022\/05\/cropped-brasilnoticias-mini.jpg\",\"width\":314,\"height\":86,\"caption\":\"Brasil not\u00edcias\"},\"image\":{\"@id\":\"https:\/\/brasilnoticias.org\/site\/#\/schema\/logo\/image\/\"}},{\"@type\":\"Person\",\"@id\":\"https:\/\/brasilnoticias.org\/site\/#\/schema\/person\/a0e05b973ec4d15c658d51911e53507b\",\"name\":\"Reda\u00e7\u00e3o\",\"image\":{\"@type\":\"ImageObject\",\"inLanguage\":\"pt-PT\",\"@id\":\"https:\/\/brasilnoticias.org\/site\/#\/schema\/person\/image\/\",\"url\":\"https:\/\/secure.gravatar.com\/avatar\/75d8b050df2de108b08ae78dfb8e374892df24a383c67db9c46a9c604f6aee9c?s=96&d=mm&r=g\",\"contentUrl\":\"https:\/\/secure.gravatar.com\/avatar\/75d8b050df2de108b08ae78dfb8e374892df24a383c67db9c46a9c604f6aee9c?s=96&d=mm&r=g\",\"caption\":\"Reda\u00e7\u00e3o\"},\"sameAs\":[\"https:\/\/brasilnoticias.org\/site\"],\"url\":\"https:\/\/brasilnoticias.org\/site\/author\/fernandozsngmail-com\/\"}]}<\/script>\n<!-- \/ Yoast SEO plugin. -->","yoast_head_json":{"title":"Mais de 7,5 milh\u00f5es de baianos est\u00e3o com vacina\u00e7\u00e3o contra Covid-19 incompleta - Brasil not\u00edcias","robots":{"index":"index","follow":"follow","max-snippet":"max-snippet:-1","max-image-preview":"max-image-preview:large","max-video-preview":"max-video-preview:-1"},"canonical":"https:\/\/brasilnoticias.org\/site\/mais-de-75-milhoes-de-baianos-estao-com-vacinacao-contra-covid-19-incompleta\/","og_locale":"pt_PT","og_type":"article","og_title":"Mais de 7,5 milh\u00f5es de baianos est\u00e3o com vacina\u00e7\u00e3o contra Covid-19 incompleta - Brasil not\u00edcias","og_description":"7.528.598 \u00e9 o n\u00famero de baianos com 12 anos ou mais que n\u00e3o se imunizaram contra a Covid-19 ou est\u00e3o","og_url":"https:\/\/brasilnoticias.org\/site\/mais-de-75-milhoes-de-baianos-estao-com-vacinacao-contra-covid-19-incompleta\/","og_site_name":"Brasil not\u00edcias","article_published_time":"2022-11-18T10:30:32+00:00","og_image":[{"width":1600,"height":752,"url":"https:\/\/brasilnoticias.org\/site\/wp-content\/uploads\/2022\/11\/130507mais-de-75-milhoes-de-baianos-estao-com-vacinacao-contra-covid-19-incompleta-3.jpg","type":"image\/jpeg"}],"author":"Reda\u00e7\u00e3o","twitter_card":"summary_large_image","twitter_misc":{"Escrito por":"Reda\u00e7\u00e3o","Tempo estimado de leitura":"1 minuto"},"schema":{"@context":"https:\/\/schema.org","@graph":[{"@type":"Article","@id":"https:\/\/brasilnoticias.org\/site\/mais-de-75-milhoes-de-baianos-estao-com-vacinacao-contra-covid-19-incompleta\/#article","isPartOf":{"@id":"https:\/\/brasilnoticias.org\/site\/mais-de-75-milhoes-de-baianos-estao-com-vacinacao-contra-covid-19-incompleta\/"},"author":{"name":"Reda\u00e7\u00e3o","@id":"https:\/\/brasilnoticias.org\/site\/#\/schema\/person\/a0e05b973ec4d15c658d51911e53507b"},"headline":"Mais de 7,5 milh\u00f5es de baianos est\u00e3o com vacina\u00e7\u00e3o contra Covid-19 incompleta","datePublished":"2022-11-18T10:30:32+00:00","mainEntityOfPage":{"@id":"https:\/\/brasilnoticias.org\/site\/mais-de-75-milhoes-de-baianos-estao-com-vacinacao-contra-covid-19-incompleta\/"},"wordCount":148,"commentCount":0,"publisher":{"@id":"https:\/\/brasilnoticias.org\/site\/#organization"},"image":{"@id":"https:\/\/brasilnoticias.org\/site\/mais-de-75-milhoes-de-baianos-estao-com-vacinacao-contra-covid-19-incompleta\/#primaryimage"},"thumbnailUrl":"https:\/\/brasilnoticias.org\/site\/wp-content\/uploads\/2022\/11\/130507mais-de-75-milhoes-de-baianos-estao-com-vacinacao-contra-covid-19-incompleta-3.jpg","articleSection":["Not\u00edcias","\u00daltimas"],"inLanguage":"pt-PT","potentialAction":[{"@type":"CommentAction","name":"Comment","target":["https:\/\/brasilnoticias.org\/site\/mais-de-75-milhoes-de-baianos-estao-com-vacinacao-contra-covid-19-incompleta\/#respond"]}]},{"@type":"WebPage","@id":"https:\/\/brasilnoticias.org\/site\/mais-de-75-milhoes-de-baianos-estao-com-vacinacao-contra-covid-19-incompleta\/","url":"https:\/\/brasilnoticias.org\/site\/mais-de-75-milhoes-de-baianos-estao-com-vacinacao-contra-covid-19-incompleta\/","name":"Mais de 7,5 milh\u00f5es de baianos est\u00e3o com vacina\u00e7\u00e3o contra Covid-19 incompleta - Brasil not\u00edcias","isPartOf":{"@id":"https:\/\/brasilnoticias.org\/site\/#website"},"primaryImageOfPage":{"@id":"https:\/\/brasilnoticias.org\/site\/mais-de-75-milhoes-de-baianos-estao-com-vacinacao-contra-covid-19-incompleta\/#primaryimage"},"image":{"@id":"https:\/\/brasilnoticias.org\/site\/mais-de-75-milhoes-de-baianos-estao-com-vacinacao-contra-covid-19-incompleta\/#primaryimage"},"thumbnailUrl":"https:\/\/brasilnoticias.org\/site\/wp-content\/uploads\/2022\/11\/130507mais-de-75-milhoes-de-baianos-estao-com-vacinacao-contra-covid-19-incompleta-3.jpg","datePublished":"2022-11-18T10:30:32+00:00","breadcrumb":{"@id":"https:\/\/brasilnoticias.org\/site\/mais-de-75-milhoes-de-baianos-estao-com-vacinacao-contra-covid-19-incompleta\/#breadcrumb"},"inLanguage":"pt-PT","potentialAction":[{"@type":"ReadAction","target":["https:\/\/brasilnoticias.org\/site\/mais-de-75-milhoes-de-baianos-estao-com-vacinacao-contra-covid-19-incompleta\/"]}]},{"@type":"ImageObject","inLanguage":"pt-PT","@id":"https:\/\/brasilnoticias.org\/site\/mais-de-75-milhoes-de-baianos-estao-com-vacinacao-contra-covid-19-incompleta\/#primaryimage","url":"https:\/\/brasilnoticias.org\/site\/wp-content\/uploads\/2022\/11\/130507mais-de-75-milhoes-de-baianos-estao-com-vacinacao-contra-covid-19-incompleta-3.jpg","contentUrl":"https:\/\/brasilnoticias.org\/site\/wp-content\/uploads\/2022\/11\/130507mais-de-75-milhoes-de-baianos-estao-com-vacinacao-contra-covid-19-incompleta-3.jpg","width":1600,"height":752},{"@type":"BreadcrumbList","@id":"https:\/\/brasilnoticias.org\/site\/mais-de-75-milhoes-de-baianos-estao-com-vacinacao-contra-covid-19-incompleta\/#breadcrumb","itemListElement":[{"@type":"ListItem","position":1,"name":"In\u00edcio","item":"https:\/\/brasilnoticias.org\/site\/"},{"@type":"ListItem","position":2,"name":"Mais de 7,5 milh\u00f5es de baianos est\u00e3o com vacina\u00e7\u00e3o contra Covid-19 incompleta"}]},{"@type":"WebSite","@id":"https:\/\/brasilnoticias.org\/site\/#website","url":"https:\/\/brasilnoticias.org\/site\/","name":"Brasil not\u00edcias","description":"Brasil not\u00edcias","publisher":{"@id":"https:\/\/brasilnoticias.org\/site\/#organization"},"potentialAction":[{"@type":"SearchAction","target":{"@type":"EntryPoint","urlTemplate":"https:\/\/brasilnoticias.org\/site\/?s={search_term_string}"},"query-input":{"@type":"PropertyValueSpecification","valueRequired":true,"valueName":"search_term_string"}}],"inLanguage":"pt-PT"},{"@type":"Organization","@id":"https:\/\/brasilnoticias.org\/site\/#organization","name":"Brasil not\u00edcias","url":"https:\/\/brasilnoticias.org\/site\/","logo":{"@type":"ImageObject","inLanguage":"pt-PT","@id":"https:\/\/brasilnoticias.org\/site\/#\/schema\/logo\/image\/","url":"https:\/\/brasilnoticias.org\/site\/wp-content\/uploads\/2022\/05\/cropped-brasilnoticias-mini.jpg","contentUrl":"https:\/\/brasilnoticias.org\/site\/wp-content\/uploads\/2022\/05\/cropped-brasilnoticias-mini.jpg","width":314,"height":86,"caption":"Brasil not\u00edcias"},"image":{"@id":"https:\/\/brasilnoticias.org\/site\/#\/schema\/logo\/image\/"}},{"@type":"Person","@id":"https:\/\/brasilnoticias.org\/site\/#\/schema\/person\/a0e05b973ec4d15c658d51911e53507b","name":"Reda\u00e7\u00e3o","image":{"@type":"ImageObject","inLanguage":"pt-PT","@id":"https:\/\/brasilnoticias.org\/site\/#\/schema\/person\/image\/","url":"https:\/\/secure.gravatar.com\/avatar\/75d8b050df2de108b08ae78dfb8e374892df24a383c67db9c46a9c604f6aee9c?s=96&d=mm&r=g","contentUrl":"https:\/\/secure.gravatar.com\/avatar\/75d8b050df2de108b08ae78dfb8e374892df24a383c67db9c46a9c604f6aee9c?s=96&d=mm&r=g","caption":"Reda\u00e7\u00e3o"},"sameAs":["https:\/\/brasilnoticias.org\/site"],"url":"https:\/\/brasilnoticias.org\/site\/author\/fernandozsngmail-com\/"}]}},"_links":{"self":[{"href":"https:\/\/brasilnoticias.org\/site\/wp-json\/wp\/v2\/posts\/2263","targetHints":{"allow":["GET"]}}],"collection":[{"href":"https:\/\/brasilnoticias.org\/site\/wp-json\/wp\/v2\/posts"}],"about":[{"href":"https:\/\/brasilnoticias.org\/site\/wp-json\/wp\/v2\/types\/post"}],"author":[{"embeddable":true,"href":"https:\/\/brasilnoticias.org\/site\/wp-json\/wp\/v2\/users\/1"}],"replies":[{"embeddable":true,"href":"https:\/\/brasilnoticias.org\/site\/wp-json\/wp\/v2\/comments?post=2263"}],"version-history":[{"count":1,"href":"https:\/\/brasilnoticias.org\/site\/wp-json\/wp\/v2\/posts\/2263\/revisions"}],"predecessor-version":[{"id":2265,"href":"https:\/\/brasilnoticias.org\/site\/wp-json\/wp\/v2\/posts\/2263\/revisions\/2265"}],"wp:featuredmedia":[{"embeddable":true,"href":"https:\/\/brasilnoticias.org\/site\/wp-json\/wp\/v2\/media\/2264"}],"wp:attachment":[{"href":"https:\/\/brasilnoticias.org\/site\/wp-json\/wp\/v2\/media?parent=2263"}],"wp:term":[{"taxonomy":"category","embeddable":true,"href":"https:\/\/brasilnoticias.org\/site\/wp-json\/wp\/v2\/categories?post=2263"},{"taxonomy":"post_tag","embeddable":true,"href":"https:\/\/brasilnoticias.org\/site\/wp-json\/wp\/v2\/tags?post=2263"}],"curies":[{"name":"wp","href":"https:\/\/api.w.org\/{rel}","templated":true}]}}