{"id":2271,"date":"2022-11-18T18:10:47","date_gmt":"2022-11-18T21:10:47","guid":{"rendered":"https:\/\/brasilnoticias.org\/site\/?p=2271"},"modified":"2022-11-18T11:43:45","modified_gmt":"2022-11-18T14:43:45","slug":"jovem-de-19-anos-e-presa-suspeita-de-matar-a-mae-no-oeste-da-bahia","status":"publish","type":"post","link":"https:\/\/brasilnoticias.org\/site\/jovem-de-19-anos-e-presa-suspeita-de-matar-a-mae-no-oeste-da-bahia\/","title":{"rendered":"Jovem de 19 anos \u00e9 presa suspeita de matar a m\u00e3e no oeste da Bahia"},"content":{"rendered":"<p>Uma jovem de 19 anos foi presa em flagrante por suspeita de matar a pr\u00f3pria m\u00e3e com golpe de faca. O caso aconteceu na \u00faltima quinta-feira (17), na cidade de Formosa do Rio Preto, no extremo oeste da Bahia.<\/p>\n<p>A v\u00edtima foi identificada L\u00eddia Carvalho do Nascimento, de 36 anos. Ela foi encontrada morta dentro da pr\u00f3pria casa, com sinais de uma facada no pesco\u00e7o. A suspeita \u00e9 a filha da v\u00edtima, uma jovem de 19 anos, identificada pelo prenome Kailane. Ela foi presa e conduzida \u00e0 Delegacia de Pol\u00edcia Civil, no centro da cidade.<\/p>\n<p>O crime aconteceu no bairro de Morada Nova, por volta das 16h30, e teria sido motivado por uma discuss\u00e3o. Uma equipe do Servi\u00e7o de Atendimento M\u00f3vel de Urg\u00eancia (Samu) chegou a ser acionada, mas a v\u00edtima n\u00e3o resistiu aos ferimentos. O caso ser\u00e1 investigado pela Pol\u00edcia Civil da regi\u00e3o.<\/p>\n<p>&nbsp;<\/p>\n<p>Foto: Reprodu\u00e7\u00e3o\/Redes sociais<\/p>\n<p>Por: Metro1<\/p>\n","protected":false},"excerpt":{"rendered":"<p>Uma jovem de 19 anos foi presa em flagrante por suspeita de matar a pr\u00f3pria m\u00e3e com golpe de faca.<\/p>\n","protected":false},"author":1,"featured_media":2272,"comment_status":"open","ping_status":"open","sticky":false,"template":"","format":"standard","meta":{"colormag_page_container_layout":"default_layout","colormag_page_sidebar_layout":"default_layout","_FSMCFIC_featured_image_caption":"","_FSMCFIC_featured_image_nocaption":"","_FSMCFIC_featured_image_hide":"","footnotes":""},"categories":[3,1],"tags":[],"class_list":["post-2271","post","type-post","status-publish","format-standard","has-post-thumbnail","hentry","category-policia","category-ultimas"],"yoast_head":"<!-- This site is optimized with the Yoast SEO plugin v27.1.1 - https:\/\/yoast.com\/product\/yoast-seo-wordpress\/ -->\n<title>Jovem de 19 anos \u00e9 presa suspeita de matar a m\u00e3e no oeste da Bahia - Brasil not\u00edcias<\/title>\n<meta name=\"robots\" content=\"index, follow, max-snippet:-1, max-image-preview:large, max-video-preview:-1\" \/>\n<link rel=\"canonical\" href=\"https:\/\/brasilnoticias.org\/site\/jovem-de-19-anos-e-presa-suspeita-de-matar-a-mae-no-oeste-da-bahia\/\" \/>\n<meta property=\"og:locale\" content=\"pt_PT\" \/>\n<meta property=\"og:type\" content=\"article\" \/>\n<meta property=\"og:title\" content=\"Jovem de 19 anos \u00e9 presa suspeita de matar a m\u00e3e no oeste da Bahia - Brasil not\u00edcias\" \/>\n<meta property=\"og:description\" content=\"Uma jovem de 19 anos foi presa em flagrante por suspeita de matar a pr\u00f3pria m\u00e3e com golpe de faca.\" \/>\n<meta property=\"og:url\" content=\"https:\/\/brasilnoticias.org\/site\/jovem-de-19-anos-e-presa-suspeita-de-matar-a-mae-no-oeste-da-bahia\/\" \/>\n<meta property=\"og:site_name\" content=\"Brasil not\u00edcias\" \/>\n<meta property=\"article:published_time\" content=\"2022-11-18T21:10:47+00:00\" \/>\n<meta property=\"og:image\" content=\"https:\/\/brasilnoticias.org\/site\/wp-content\/uploads\/2022\/11\/130522jovem-de-19-anos-e-presa-suspeita-de-matar-a-mae-no-oeste-da-bahia-3.jpg\" \/>\n\t<meta property=\"og:image:width\" content=\"1600\" \/>\n\t<meta property=\"og:image:height\" content=\"752\" \/>\n\t<meta property=\"og:image:type\" content=\"image\/jpeg\" \/>\n<meta name=\"author\" content=\"Reda\u00e7\u00e3o\" \/>\n<meta name=\"twitter:card\" content=\"summary_large_image\" \/>\n<meta name=\"twitter:label1\" content=\"Escrito por\" \/>\n\t<meta name=\"twitter:data1\" content=\"Reda\u00e7\u00e3o\" \/>\n\t<meta name=\"twitter:label2\" content=\"Tempo estimado de leitura\" \/>\n\t<meta name=\"twitter:data2\" content=\"1 minuto\" \/>\n<script type=\"application\/ld+json\" class=\"yoast-schema-graph\">{\"@context\":\"https:\/\/schema.org\",\"@graph\":[{\"@type\":\"Article\",\"@id\":\"https:\/\/brasilnoticias.org\/site\/jovem-de-19-anos-e-presa-suspeita-de-matar-a-mae-no-oeste-da-bahia\/#article\",\"isPartOf\":{\"@id\":\"https:\/\/brasilnoticias.org\/site\/jovem-de-19-anos-e-presa-suspeita-de-matar-a-mae-no-oeste-da-bahia\/\"},\"author\":{\"name\":\"Reda\u00e7\u00e3o\",\"@id\":\"https:\/\/brasilnoticias.org\/site\/#\/schema\/person\/a0e05b973ec4d15c658d51911e53507b\"},\"headline\":\"Jovem de 19 anos \u00e9 presa suspeita de matar a m\u00e3e no oeste da Bahia\",\"datePublished\":\"2022-11-18T21:10:47+00:00\",\"mainEntityOfPage\":{\"@id\":\"https:\/\/brasilnoticias.org\/site\/jovem-de-19-anos-e-presa-suspeita-de-matar-a-mae-no-oeste-da-bahia\/\"},\"wordCount\":176,\"commentCount\":0,\"publisher\":{\"@id\":\"https:\/\/brasilnoticias.org\/site\/#organization\"},\"image\":{\"@id\":\"https:\/\/brasilnoticias.org\/site\/jovem-de-19-anos-e-presa-suspeita-de-matar-a-mae-no-oeste-da-bahia\/#primaryimage\"},\"thumbnailUrl\":\"https:\/\/brasilnoticias.org\/site\/wp-content\/uploads\/2022\/11\/130522jovem-de-19-anos-e-presa-suspeita-de-matar-a-mae-no-oeste-da-bahia-3.jpg\",\"articleSection\":[\"Pol\u00edcia\",\"\u00daltimas\"],\"inLanguage\":\"pt-PT\",\"potentialAction\":[{\"@type\":\"CommentAction\",\"name\":\"Comment\",\"target\":[\"https:\/\/brasilnoticias.org\/site\/jovem-de-19-anos-e-presa-suspeita-de-matar-a-mae-no-oeste-da-bahia\/#respond\"]}]},{\"@type\":\"WebPage\",\"@id\":\"https:\/\/brasilnoticias.org\/site\/jovem-de-19-anos-e-presa-suspeita-de-matar-a-mae-no-oeste-da-bahia\/\",\"url\":\"https:\/\/brasilnoticias.org\/site\/jovem-de-19-anos-e-presa-suspeita-de-matar-a-mae-no-oeste-da-bahia\/\",\"name\":\"Jovem de 19 anos \u00e9 presa suspeita de matar a m\u00e3e no oeste da Bahia - Brasil not\u00edcias\",\"isPartOf\":{\"@id\":\"https:\/\/brasilnoticias.org\/site\/#website\"},\"primaryImageOfPage\":{\"@id\":\"https:\/\/brasilnoticias.org\/site\/jovem-de-19-anos-e-presa-suspeita-de-matar-a-mae-no-oeste-da-bahia\/#primaryimage\"},\"image\":{\"@id\":\"https:\/\/brasilnoticias.org\/site\/jovem-de-19-anos-e-presa-suspeita-de-matar-a-mae-no-oeste-da-bahia\/#primaryimage\"},\"thumbnailUrl\":\"https:\/\/brasilnoticias.org\/site\/wp-content\/uploads\/2022\/11\/130522jovem-de-19-anos-e-presa-suspeita-de-matar-a-mae-no-oeste-da-bahia-3.jpg\",\"datePublished\":\"2022-11-18T21:10:47+00:00\",\"breadcrumb\":{\"@id\":\"https:\/\/brasilnoticias.org\/site\/jovem-de-19-anos-e-presa-suspeita-de-matar-a-mae-no-oeste-da-bahia\/#breadcrumb\"},\"inLanguage\":\"pt-PT\",\"potentialAction\":[{\"@type\":\"ReadAction\",\"target\":[\"https:\/\/brasilnoticias.org\/site\/jovem-de-19-anos-e-presa-suspeita-de-matar-a-mae-no-oeste-da-bahia\/\"]}]},{\"@type\":\"ImageObject\",\"inLanguage\":\"pt-PT\",\"@id\":\"https:\/\/brasilnoticias.org\/site\/jovem-de-19-anos-e-presa-suspeita-de-matar-a-mae-no-oeste-da-bahia\/#primaryimage\",\"url\":\"https:\/\/brasilnoticias.org\/site\/wp-content\/uploads\/2022\/11\/130522jovem-de-19-anos-e-presa-suspeita-de-matar-a-mae-no-oeste-da-bahia-3.jpg\",\"contentUrl\":\"https:\/\/brasilnoticias.org\/site\/wp-content\/uploads\/2022\/11\/130522jovem-de-19-anos-e-presa-suspeita-de-matar-a-mae-no-oeste-da-bahia-3.jpg\",\"width\":1600,\"height\":752},{\"@type\":\"BreadcrumbList\",\"@id\":\"https:\/\/brasilnoticias.org\/site\/jovem-de-19-anos-e-presa-suspeita-de-matar-a-mae-no-oeste-da-bahia\/#breadcrumb\",\"itemListElement\":[{\"@type\":\"ListItem\",\"position\":1,\"name\":\"In\u00edcio\",\"item\":\"https:\/\/brasilnoticias.org\/site\/\"},{\"@type\":\"ListItem\",\"position\":2,\"name\":\"Jovem de 19 anos \u00e9 presa suspeita de matar a m\u00e3e no oeste da Bahia\"}]},{\"@type\":\"WebSite\",\"@id\":\"https:\/\/brasilnoticias.org\/site\/#website\",\"url\":\"https:\/\/brasilnoticias.org\/site\/\",\"name\":\"Brasil not\u00edcias\",\"description\":\"Brasil not\u00edcias\",\"publisher\":{\"@id\":\"https:\/\/brasilnoticias.org\/site\/#organization\"},\"potentialAction\":[{\"@type\":\"SearchAction\",\"target\":{\"@type\":\"EntryPoint\",\"urlTemplate\":\"https:\/\/brasilnoticias.org\/site\/?s={search_term_string}\"},\"query-input\":{\"@type\":\"PropertyValueSpecification\",\"valueRequired\":true,\"valueName\":\"search_term_string\"}}],\"inLanguage\":\"pt-PT\"},{\"@type\":\"Organization\",\"@id\":\"https:\/\/brasilnoticias.org\/site\/#organization\",\"name\":\"Brasil not\u00edcias\",\"url\":\"https:\/\/brasilnoticias.org\/site\/\",\"logo\":{\"@type\":\"ImageObject\",\"inLanguage\":\"pt-PT\",\"@id\":\"https:\/\/brasilnoticias.org\/site\/#\/schema\/logo\/image\/\",\"url\":\"https:\/\/brasilnoticias.org\/site\/wp-content\/uploads\/2022\/05\/cropped-brasilnoticias-mini.jpg\",\"contentUrl\":\"https:\/\/brasilnoticias.org\/site\/wp-content\/uploads\/2022\/05\/cropped-brasilnoticias-mini.jpg\",\"width\":314,\"height\":86,\"caption\":\"Brasil not\u00edcias\"},\"image\":{\"@id\":\"https:\/\/brasilnoticias.org\/site\/#\/schema\/logo\/image\/\"}},{\"@type\":\"Person\",\"@id\":\"https:\/\/brasilnoticias.org\/site\/#\/schema\/person\/a0e05b973ec4d15c658d51911e53507b\",\"name\":\"Reda\u00e7\u00e3o\",\"image\":{\"@type\":\"ImageObject\",\"inLanguage\":\"pt-PT\",\"@id\":\"https:\/\/brasilnoticias.org\/site\/#\/schema\/person\/image\/\",\"url\":\"https:\/\/secure.gravatar.com\/avatar\/75d8b050df2de108b08ae78dfb8e374892df24a383c67db9c46a9c604f6aee9c?s=96&d=mm&r=g\",\"contentUrl\":\"https:\/\/secure.gravatar.com\/avatar\/75d8b050df2de108b08ae78dfb8e374892df24a383c67db9c46a9c604f6aee9c?s=96&d=mm&r=g\",\"caption\":\"Reda\u00e7\u00e3o\"},\"sameAs\":[\"https:\/\/brasilnoticias.org\/site\"],\"url\":\"https:\/\/brasilnoticias.org\/site\/author\/fernandozsngmail-com\/\"}]}<\/script>\n<!-- \/ Yoast SEO plugin. -->","yoast_head_json":{"title":"Jovem de 19 anos \u00e9 presa suspeita de matar a m\u00e3e no oeste da Bahia - Brasil not\u00edcias","robots":{"index":"index","follow":"follow","max-snippet":"max-snippet:-1","max-image-preview":"max-image-preview:large","max-video-preview":"max-video-preview:-1"},"canonical":"https:\/\/brasilnoticias.org\/site\/jovem-de-19-anos-e-presa-suspeita-de-matar-a-mae-no-oeste-da-bahia\/","og_locale":"pt_PT","og_type":"article","og_title":"Jovem de 19 anos \u00e9 presa suspeita de matar a m\u00e3e no oeste da Bahia - Brasil not\u00edcias","og_description":"Uma jovem de 19 anos foi presa em flagrante por suspeita de matar a pr\u00f3pria m\u00e3e com golpe de faca.","og_url":"https:\/\/brasilnoticias.org\/site\/jovem-de-19-anos-e-presa-suspeita-de-matar-a-mae-no-oeste-da-bahia\/","og_site_name":"Brasil not\u00edcias","article_published_time":"2022-11-18T21:10:47+00:00","og_image":[{"width":1600,"height":752,"url":"https:\/\/brasilnoticias.org\/site\/wp-content\/uploads\/2022\/11\/130522jovem-de-19-anos-e-presa-suspeita-de-matar-a-mae-no-oeste-da-bahia-3.jpg","type":"image\/jpeg"}],"author":"Reda\u00e7\u00e3o","twitter_card":"summary_large_image","twitter_misc":{"Escrito por":"Reda\u00e7\u00e3o","Tempo estimado de leitura":"1 minuto"},"schema":{"@context":"https:\/\/schema.org","@graph":[{"@type":"Article","@id":"https:\/\/brasilnoticias.org\/site\/jovem-de-19-anos-e-presa-suspeita-de-matar-a-mae-no-oeste-da-bahia\/#article","isPartOf":{"@id":"https:\/\/brasilnoticias.org\/site\/jovem-de-19-anos-e-presa-suspeita-de-matar-a-mae-no-oeste-da-bahia\/"},"author":{"name":"Reda\u00e7\u00e3o","@id":"https:\/\/brasilnoticias.org\/site\/#\/schema\/person\/a0e05b973ec4d15c658d51911e53507b"},"headline":"Jovem de 19 anos \u00e9 presa suspeita de matar a m\u00e3e no oeste da Bahia","datePublished":"2022-11-18T21:10:47+00:00","mainEntityOfPage":{"@id":"https:\/\/brasilnoticias.org\/site\/jovem-de-19-anos-e-presa-suspeita-de-matar-a-mae-no-oeste-da-bahia\/"},"wordCount":176,"commentCount":0,"publisher":{"@id":"https:\/\/brasilnoticias.org\/site\/#organization"},"image":{"@id":"https:\/\/brasilnoticias.org\/site\/jovem-de-19-anos-e-presa-suspeita-de-matar-a-mae-no-oeste-da-bahia\/#primaryimage"},"thumbnailUrl":"https:\/\/brasilnoticias.org\/site\/wp-content\/uploads\/2022\/11\/130522jovem-de-19-anos-e-presa-suspeita-de-matar-a-mae-no-oeste-da-bahia-3.jpg","articleSection":["Pol\u00edcia","\u00daltimas"],"inLanguage":"pt-PT","potentialAction":[{"@type":"CommentAction","name":"Comment","target":["https:\/\/brasilnoticias.org\/site\/jovem-de-19-anos-e-presa-suspeita-de-matar-a-mae-no-oeste-da-bahia\/#respond"]}]},{"@type":"WebPage","@id":"https:\/\/brasilnoticias.org\/site\/jovem-de-19-anos-e-presa-suspeita-de-matar-a-mae-no-oeste-da-bahia\/","url":"https:\/\/brasilnoticias.org\/site\/jovem-de-19-anos-e-presa-suspeita-de-matar-a-mae-no-oeste-da-bahia\/","name":"Jovem de 19 anos \u00e9 presa suspeita de matar a m\u00e3e no oeste da Bahia - Brasil not\u00edcias","isPartOf":{"@id":"https:\/\/brasilnoticias.org\/site\/#website"},"primaryImageOfPage":{"@id":"https:\/\/brasilnoticias.org\/site\/jovem-de-19-anos-e-presa-suspeita-de-matar-a-mae-no-oeste-da-bahia\/#primaryimage"},"image":{"@id":"https:\/\/brasilnoticias.org\/site\/jovem-de-19-anos-e-presa-suspeita-de-matar-a-mae-no-oeste-da-bahia\/#primaryimage"},"thumbnailUrl":"https:\/\/brasilnoticias.org\/site\/wp-content\/uploads\/2022\/11\/130522jovem-de-19-anos-e-presa-suspeita-de-matar-a-mae-no-oeste-da-bahia-3.jpg","datePublished":"2022-11-18T21:10:47+00:00","breadcrumb":{"@id":"https:\/\/brasilnoticias.org\/site\/jovem-de-19-anos-e-presa-suspeita-de-matar-a-mae-no-oeste-da-bahia\/#breadcrumb"},"inLanguage":"pt-PT","potentialAction":[{"@type":"ReadAction","target":["https:\/\/brasilnoticias.org\/site\/jovem-de-19-anos-e-presa-suspeita-de-matar-a-mae-no-oeste-da-bahia\/"]}]},{"@type":"ImageObject","inLanguage":"pt-PT","@id":"https:\/\/brasilnoticias.org\/site\/jovem-de-19-anos-e-presa-suspeita-de-matar-a-mae-no-oeste-da-bahia\/#primaryimage","url":"https:\/\/brasilnoticias.org\/site\/wp-content\/uploads\/2022\/11\/130522jovem-de-19-anos-e-presa-suspeita-de-matar-a-mae-no-oeste-da-bahia-3.jpg","contentUrl":"https:\/\/brasilnoticias.org\/site\/wp-content\/uploads\/2022\/11\/130522jovem-de-19-anos-e-presa-suspeita-de-matar-a-mae-no-oeste-da-bahia-3.jpg","width":1600,"height":752},{"@type":"BreadcrumbList","@id":"https:\/\/brasilnoticias.org\/site\/jovem-de-19-anos-e-presa-suspeita-de-matar-a-mae-no-oeste-da-bahia\/#breadcrumb","itemListElement":[{"@type":"ListItem","position":1,"name":"In\u00edcio","item":"https:\/\/brasilnoticias.org\/site\/"},{"@type":"ListItem","position":2,"name":"Jovem de 19 anos \u00e9 presa suspeita de matar a m\u00e3e no oeste da Bahia"}]},{"@type":"WebSite","@id":"https:\/\/brasilnoticias.org\/site\/#website","url":"https:\/\/brasilnoticias.org\/site\/","name":"Brasil not\u00edcias","description":"Brasil not\u00edcias","publisher":{"@id":"https:\/\/brasilnoticias.org\/site\/#organization"},"potentialAction":[{"@type":"SearchAction","target":{"@type":"EntryPoint","urlTemplate":"https:\/\/brasilnoticias.org\/site\/?s={search_term_string}"},"query-input":{"@type":"PropertyValueSpecification","valueRequired":true,"valueName":"search_term_string"}}],"inLanguage":"pt-PT"},{"@type":"Organization","@id":"https:\/\/brasilnoticias.org\/site\/#organization","name":"Brasil not\u00edcias","url":"https:\/\/brasilnoticias.org\/site\/","logo":{"@type":"ImageObject","inLanguage":"pt-PT","@id":"https:\/\/brasilnoticias.org\/site\/#\/schema\/logo\/image\/","url":"https:\/\/brasilnoticias.org\/site\/wp-content\/uploads\/2022\/05\/cropped-brasilnoticias-mini.jpg","contentUrl":"https:\/\/brasilnoticias.org\/site\/wp-content\/uploads\/2022\/05\/cropped-brasilnoticias-mini.jpg","width":314,"height":86,"caption":"Brasil not\u00edcias"},"image":{"@id":"https:\/\/brasilnoticias.org\/site\/#\/schema\/logo\/image\/"}},{"@type":"Person","@id":"https:\/\/brasilnoticias.org\/site\/#\/schema\/person\/a0e05b973ec4d15c658d51911e53507b","name":"Reda\u00e7\u00e3o","image":{"@type":"ImageObject","inLanguage":"pt-PT","@id":"https:\/\/brasilnoticias.org\/site\/#\/schema\/person\/image\/","url":"https:\/\/secure.gravatar.com\/avatar\/75d8b050df2de108b08ae78dfb8e374892df24a383c67db9c46a9c604f6aee9c?s=96&d=mm&r=g","contentUrl":"https:\/\/secure.gravatar.com\/avatar\/75d8b050df2de108b08ae78dfb8e374892df24a383c67db9c46a9c604f6aee9c?s=96&d=mm&r=g","caption":"Reda\u00e7\u00e3o"},"sameAs":["https:\/\/brasilnoticias.org\/site"],"url":"https:\/\/brasilnoticias.org\/site\/author\/fernandozsngmail-com\/"}]}},"_links":{"self":[{"href":"https:\/\/brasilnoticias.org\/site\/wp-json\/wp\/v2\/posts\/2271","targetHints":{"allow":["GET"]}}],"collection":[{"href":"https:\/\/brasilnoticias.org\/site\/wp-json\/wp\/v2\/posts"}],"about":[{"href":"https:\/\/brasilnoticias.org\/site\/wp-json\/wp\/v2\/types\/post"}],"author":[{"embeddable":true,"href":"https:\/\/brasilnoticias.org\/site\/wp-json\/wp\/v2\/users\/1"}],"replies":[{"embeddable":true,"href":"https:\/\/brasilnoticias.org\/site\/wp-json\/wp\/v2\/comments?post=2271"}],"version-history":[{"count":1,"href":"https:\/\/brasilnoticias.org\/site\/wp-json\/wp\/v2\/posts\/2271\/revisions"}],"predecessor-version":[{"id":2273,"href":"https:\/\/brasilnoticias.org\/site\/wp-json\/wp\/v2\/posts\/2271\/revisions\/2273"}],"wp:featuredmedia":[{"embeddable":true,"href":"https:\/\/brasilnoticias.org\/site\/wp-json\/wp\/v2\/media\/2272"}],"wp:attachment":[{"href":"https:\/\/brasilnoticias.org\/site\/wp-json\/wp\/v2\/media?parent=2271"}],"wp:term":[{"taxonomy":"category","embeddable":true,"href":"https:\/\/brasilnoticias.org\/site\/wp-json\/wp\/v2\/categories?post=2271"},{"taxonomy":"post_tag","embeddable":true,"href":"https:\/\/brasilnoticias.org\/site\/wp-json\/wp\/v2\/tags?post=2271"}],"curies":[{"name":"wp","href":"https:\/\/api.w.org\/{rel}","templated":true}]}}