{"id":2280,"date":"2022-11-19T07:00:37","date_gmt":"2022-11-19T10:00:37","guid":{"rendered":"https:\/\/brasilnoticias.org\/site\/?p=2280"},"modified":"2022-11-18T19:32:42","modified_gmt":"2022-11-18T22:32:42","slug":"acm-neto-nao-se-opoe-a-uniao-brasil-abrir-conversas-com-governo-lula","status":"publish","type":"post","link":"https:\/\/brasilnoticias.org\/site\/acm-neto-nao-se-opoe-a-uniao-brasil-abrir-conversas-com-governo-lula\/","title":{"rendered":"ACM Neto n\u00e3o se op\u00f5e a Uni\u00e3o Brasil abrir conversas com governo Lula"},"content":{"rendered":"<div class=\"styles__Body-sc-1ffquwr-7 ePhtZb\">\n<p>O candidato derrotado ao governo da Bahia,\u00a0ACM Neto, afirmou a aliados que n\u00e3o se op\u00f5e ao di\u00e1logo entre o Uni\u00e3o Brasil, partido em que \u00e9 secret\u00e1rio-geral, e a equipe do presidente eleito Lula (PT). Advers\u00e1rio do governador eleito\u00a0Jer\u00f4nimo Rodrigues, apoiado pelo petista no estado, Neto n\u00e3o se aliou a nenhum candidato \u00e0 presid\u00eancia durante a sua campanha.<\/p>\n<p>As conversas, reveladas por fontes internas \u00e0 revista Veja,\u00a0teriam acontecido ap\u00f3s o\u00a0encontro do presidente do Uni\u00e3o, o deputado Luciano Bivar (PE) e a presidente do PT, Gleisi Hoffmann, nesta quarta-feira (16). Nelas, Neto defendeu\u00a0que o partido n\u00e3o deve deixar de ouvir e saber quais s\u00e3o as expectativas do governo em rela\u00e7\u00e3o \u00e0 sigla.\u00a0O partido de Lula quer o Uni\u00e3o em sua base aliada.<\/p>\n<p>No entanto, mais da metade do Uni\u00e3o Brasil deve seguir independente ou oposi\u00e7\u00e3o no Congresso. Uma alian\u00e7a com o novo governo n\u00e3o teria o apoio de lideran\u00e7as do partido, como\u00a0os governadores eleitos Ronaldo Caiado (GO), Mauro Mendes (MT), Marcos Rocha (RO) e Wilson Lima (AM), ligados ao bolsonarismo.<\/p>\n<\/div>\n<div class=\"styles__RelatedWrapper-sc-1ffquwr-8 byMLWm\"><\/div>\n<p class=\"image-credit\">Foto:\u00a0<b>Ascom\/ACM Neto<\/b><\/p>\n<p class=\"author\">Por:\u00a0<b>Metro1<\/b><\/p>\n","protected":false},"excerpt":{"rendered":"<p>O candidato derrotado ao governo da Bahia,\u00a0ACM Neto, afirmou a aliados que n\u00e3o se op\u00f5e ao di\u00e1logo entre o Uni\u00e3o<\/p>\n","protected":false},"author":1,"featured_media":2281,"comment_status":"open","ping_status":"open","sticky":false,"template":"","format":"standard","meta":{"colormag_page_container_layout":"default_layout","colormag_page_sidebar_layout":"default_layout","_FSMCFIC_featured_image_caption":"","_FSMCFIC_featured_image_nocaption":"","_FSMCFIC_featured_image_hide":"","footnotes":""},"categories":[5,1],"tags":[],"class_list":["post-2280","post","type-post","status-publish","format-standard","has-post-thumbnail","hentry","category-politica","category-ultimas"],"yoast_head":"<!-- This site is optimized with the Yoast SEO plugin v27.1.1 - https:\/\/yoast.com\/product\/yoast-seo-wordpress\/ -->\n<title>ACM Neto n\u00e3o se op\u00f5e a Uni\u00e3o Brasil abrir conversas com governo Lula - Brasil not\u00edcias<\/title>\n<meta name=\"robots\" content=\"index, follow, max-snippet:-1, max-image-preview:large, max-video-preview:-1\" \/>\n<link rel=\"canonical\" href=\"https:\/\/brasilnoticias.org\/site\/acm-neto-nao-se-opoe-a-uniao-brasil-abrir-conversas-com-governo-lula\/\" \/>\n<meta property=\"og:locale\" content=\"pt_PT\" \/>\n<meta property=\"og:type\" content=\"article\" \/>\n<meta property=\"og:title\" content=\"ACM Neto n\u00e3o se op\u00f5e a Uni\u00e3o Brasil abrir conversas com governo Lula - Brasil not\u00edcias\" \/>\n<meta property=\"og:description\" content=\"O candidato derrotado ao governo da Bahia,\u00a0ACM Neto, afirmou a aliados que n\u00e3o se op\u00f5e ao di\u00e1logo entre o Uni\u00e3o\" \/>\n<meta property=\"og:url\" content=\"https:\/\/brasilnoticias.org\/site\/acm-neto-nao-se-opoe-a-uniao-brasil-abrir-conversas-com-governo-lula\/\" \/>\n<meta property=\"og:site_name\" content=\"Brasil not\u00edcias\" \/>\n<meta property=\"article:published_time\" content=\"2022-11-19T10:00:37+00:00\" \/>\n<meta property=\"og:image\" content=\"https:\/\/brasilnoticias.org\/site\/wp-content\/uploads\/2022\/11\/130543acm-neto-nao-se-opoe-a-uniao-brasil-abrir-conversas-com-governo-lula-3.jpg\" \/>\n\t<meta property=\"og:image:width\" content=\"1600\" \/>\n\t<meta property=\"og:image:height\" content=\"752\" \/>\n\t<meta property=\"og:image:type\" content=\"image\/jpeg\" \/>\n<meta name=\"author\" content=\"Reda\u00e7\u00e3o\" \/>\n<meta name=\"twitter:card\" content=\"summary_large_image\" \/>\n<meta name=\"twitter:label1\" content=\"Escrito por\" \/>\n\t<meta name=\"twitter:data1\" content=\"Reda\u00e7\u00e3o\" \/>\n\t<meta name=\"twitter:label2\" content=\"Tempo estimado de leitura\" \/>\n\t<meta name=\"twitter:data2\" content=\"1 minuto\" \/>\n<script type=\"application\/ld+json\" class=\"yoast-schema-graph\">{\"@context\":\"https:\/\/schema.org\",\"@graph\":[{\"@type\":\"Article\",\"@id\":\"https:\/\/brasilnoticias.org\/site\/acm-neto-nao-se-opoe-a-uniao-brasil-abrir-conversas-com-governo-lula\/#article\",\"isPartOf\":{\"@id\":\"https:\/\/brasilnoticias.org\/site\/acm-neto-nao-se-opoe-a-uniao-brasil-abrir-conversas-com-governo-lula\/\"},\"author\":{\"name\":\"Reda\u00e7\u00e3o\",\"@id\":\"https:\/\/brasilnoticias.org\/site\/#\/schema\/person\/a0e05b973ec4d15c658d51911e53507b\"},\"headline\":\"ACM Neto n\u00e3o se op\u00f5e a Uni\u00e3o Brasil abrir conversas com governo Lula\",\"datePublished\":\"2022-11-19T10:00:37+00:00\",\"mainEntityOfPage\":{\"@id\":\"https:\/\/brasilnoticias.org\/site\/acm-neto-nao-se-opoe-a-uniao-brasil-abrir-conversas-com-governo-lula\/\"},\"wordCount\":212,\"commentCount\":0,\"publisher\":{\"@id\":\"https:\/\/brasilnoticias.org\/site\/#organization\"},\"image\":{\"@id\":\"https:\/\/brasilnoticias.org\/site\/acm-neto-nao-se-opoe-a-uniao-brasil-abrir-conversas-com-governo-lula\/#primaryimage\"},\"thumbnailUrl\":\"https:\/\/brasilnoticias.org\/site\/wp-content\/uploads\/2022\/11\/130543acm-neto-nao-se-opoe-a-uniao-brasil-abrir-conversas-com-governo-lula-3.jpg\",\"articleSection\":[\"Pol\u00edtica\",\"\u00daltimas\"],\"inLanguage\":\"pt-PT\",\"potentialAction\":[{\"@type\":\"CommentAction\",\"name\":\"Comment\",\"target\":[\"https:\/\/brasilnoticias.org\/site\/acm-neto-nao-se-opoe-a-uniao-brasil-abrir-conversas-com-governo-lula\/#respond\"]}]},{\"@type\":\"WebPage\",\"@id\":\"https:\/\/brasilnoticias.org\/site\/acm-neto-nao-se-opoe-a-uniao-brasil-abrir-conversas-com-governo-lula\/\",\"url\":\"https:\/\/brasilnoticias.org\/site\/acm-neto-nao-se-opoe-a-uniao-brasil-abrir-conversas-com-governo-lula\/\",\"name\":\"ACM Neto n\u00e3o se op\u00f5e a Uni\u00e3o Brasil abrir conversas com governo Lula - Brasil not\u00edcias\",\"isPartOf\":{\"@id\":\"https:\/\/brasilnoticias.org\/site\/#website\"},\"primaryImageOfPage\":{\"@id\":\"https:\/\/brasilnoticias.org\/site\/acm-neto-nao-se-opoe-a-uniao-brasil-abrir-conversas-com-governo-lula\/#primaryimage\"},\"image\":{\"@id\":\"https:\/\/brasilnoticias.org\/site\/acm-neto-nao-se-opoe-a-uniao-brasil-abrir-conversas-com-governo-lula\/#primaryimage\"},\"thumbnailUrl\":\"https:\/\/brasilnoticias.org\/site\/wp-content\/uploads\/2022\/11\/130543acm-neto-nao-se-opoe-a-uniao-brasil-abrir-conversas-com-governo-lula-3.jpg\",\"datePublished\":\"2022-11-19T10:00:37+00:00\",\"breadcrumb\":{\"@id\":\"https:\/\/brasilnoticias.org\/site\/acm-neto-nao-se-opoe-a-uniao-brasil-abrir-conversas-com-governo-lula\/#breadcrumb\"},\"inLanguage\":\"pt-PT\",\"potentialAction\":[{\"@type\":\"ReadAction\",\"target\":[\"https:\/\/brasilnoticias.org\/site\/acm-neto-nao-se-opoe-a-uniao-brasil-abrir-conversas-com-governo-lula\/\"]}]},{\"@type\":\"ImageObject\",\"inLanguage\":\"pt-PT\",\"@id\":\"https:\/\/brasilnoticias.org\/site\/acm-neto-nao-se-opoe-a-uniao-brasil-abrir-conversas-com-governo-lula\/#primaryimage\",\"url\":\"https:\/\/brasilnoticias.org\/site\/wp-content\/uploads\/2022\/11\/130543acm-neto-nao-se-opoe-a-uniao-brasil-abrir-conversas-com-governo-lula-3.jpg\",\"contentUrl\":\"https:\/\/brasilnoticias.org\/site\/wp-content\/uploads\/2022\/11\/130543acm-neto-nao-se-opoe-a-uniao-brasil-abrir-conversas-com-governo-lula-3.jpg\",\"width\":1600,\"height\":752},{\"@type\":\"BreadcrumbList\",\"@id\":\"https:\/\/brasilnoticias.org\/site\/acm-neto-nao-se-opoe-a-uniao-brasil-abrir-conversas-com-governo-lula\/#breadcrumb\",\"itemListElement\":[{\"@type\":\"ListItem\",\"position\":1,\"name\":\"In\u00edcio\",\"item\":\"https:\/\/brasilnoticias.org\/site\/\"},{\"@type\":\"ListItem\",\"position\":2,\"name\":\"ACM Neto n\u00e3o se op\u00f5e a Uni\u00e3o Brasil abrir conversas com governo Lula\"}]},{\"@type\":\"WebSite\",\"@id\":\"https:\/\/brasilnoticias.org\/site\/#website\",\"url\":\"https:\/\/brasilnoticias.org\/site\/\",\"name\":\"Brasil not\u00edcias\",\"description\":\"Brasil not\u00edcias\",\"publisher\":{\"@id\":\"https:\/\/brasilnoticias.org\/site\/#organization\"},\"potentialAction\":[{\"@type\":\"SearchAction\",\"target\":{\"@type\":\"EntryPoint\",\"urlTemplate\":\"https:\/\/brasilnoticias.org\/site\/?s={search_term_string}\"},\"query-input\":{\"@type\":\"PropertyValueSpecification\",\"valueRequired\":true,\"valueName\":\"search_term_string\"}}],\"inLanguage\":\"pt-PT\"},{\"@type\":\"Organization\",\"@id\":\"https:\/\/brasilnoticias.org\/site\/#organization\",\"name\":\"Brasil not\u00edcias\",\"url\":\"https:\/\/brasilnoticias.org\/site\/\",\"logo\":{\"@type\":\"ImageObject\",\"inLanguage\":\"pt-PT\",\"@id\":\"https:\/\/brasilnoticias.org\/site\/#\/schema\/logo\/image\/\",\"url\":\"https:\/\/brasilnoticias.org\/site\/wp-content\/uploads\/2022\/05\/cropped-brasilnoticias-mini.jpg\",\"contentUrl\":\"https:\/\/brasilnoticias.org\/site\/wp-content\/uploads\/2022\/05\/cropped-brasilnoticias-mini.jpg\",\"width\":314,\"height\":86,\"caption\":\"Brasil not\u00edcias\"},\"image\":{\"@id\":\"https:\/\/brasilnoticias.org\/site\/#\/schema\/logo\/image\/\"}},{\"@type\":\"Person\",\"@id\":\"https:\/\/brasilnoticias.org\/site\/#\/schema\/person\/a0e05b973ec4d15c658d51911e53507b\",\"name\":\"Reda\u00e7\u00e3o\",\"image\":{\"@type\":\"ImageObject\",\"inLanguage\":\"pt-PT\",\"@id\":\"https:\/\/brasilnoticias.org\/site\/#\/schema\/person\/image\/\",\"url\":\"https:\/\/secure.gravatar.com\/avatar\/75d8b050df2de108b08ae78dfb8e374892df24a383c67db9c46a9c604f6aee9c?s=96&d=mm&r=g\",\"contentUrl\":\"https:\/\/secure.gravatar.com\/avatar\/75d8b050df2de108b08ae78dfb8e374892df24a383c67db9c46a9c604f6aee9c?s=96&d=mm&r=g\",\"caption\":\"Reda\u00e7\u00e3o\"},\"sameAs\":[\"https:\/\/brasilnoticias.org\/site\"],\"url\":\"https:\/\/brasilnoticias.org\/site\/author\/fernandozsngmail-com\/\"}]}<\/script>\n<!-- \/ Yoast SEO plugin. -->","yoast_head_json":{"title":"ACM Neto n\u00e3o se op\u00f5e a Uni\u00e3o Brasil abrir conversas com governo Lula - Brasil not\u00edcias","robots":{"index":"index","follow":"follow","max-snippet":"max-snippet:-1","max-image-preview":"max-image-preview:large","max-video-preview":"max-video-preview:-1"},"canonical":"https:\/\/brasilnoticias.org\/site\/acm-neto-nao-se-opoe-a-uniao-brasil-abrir-conversas-com-governo-lula\/","og_locale":"pt_PT","og_type":"article","og_title":"ACM Neto n\u00e3o se op\u00f5e a Uni\u00e3o Brasil abrir conversas com governo Lula - Brasil not\u00edcias","og_description":"O candidato derrotado ao governo da Bahia,\u00a0ACM Neto, afirmou a aliados que n\u00e3o se op\u00f5e ao di\u00e1logo entre o Uni\u00e3o","og_url":"https:\/\/brasilnoticias.org\/site\/acm-neto-nao-se-opoe-a-uniao-brasil-abrir-conversas-com-governo-lula\/","og_site_name":"Brasil not\u00edcias","article_published_time":"2022-11-19T10:00:37+00:00","og_image":[{"width":1600,"height":752,"url":"https:\/\/brasilnoticias.org\/site\/wp-content\/uploads\/2022\/11\/130543acm-neto-nao-se-opoe-a-uniao-brasil-abrir-conversas-com-governo-lula-3.jpg","type":"image\/jpeg"}],"author":"Reda\u00e7\u00e3o","twitter_card":"summary_large_image","twitter_misc":{"Escrito por":"Reda\u00e7\u00e3o","Tempo estimado de leitura":"1 minuto"},"schema":{"@context":"https:\/\/schema.org","@graph":[{"@type":"Article","@id":"https:\/\/brasilnoticias.org\/site\/acm-neto-nao-se-opoe-a-uniao-brasil-abrir-conversas-com-governo-lula\/#article","isPartOf":{"@id":"https:\/\/brasilnoticias.org\/site\/acm-neto-nao-se-opoe-a-uniao-brasil-abrir-conversas-com-governo-lula\/"},"author":{"name":"Reda\u00e7\u00e3o","@id":"https:\/\/brasilnoticias.org\/site\/#\/schema\/person\/a0e05b973ec4d15c658d51911e53507b"},"headline":"ACM Neto n\u00e3o se op\u00f5e a Uni\u00e3o Brasil abrir conversas com governo Lula","datePublished":"2022-11-19T10:00:37+00:00","mainEntityOfPage":{"@id":"https:\/\/brasilnoticias.org\/site\/acm-neto-nao-se-opoe-a-uniao-brasil-abrir-conversas-com-governo-lula\/"},"wordCount":212,"commentCount":0,"publisher":{"@id":"https:\/\/brasilnoticias.org\/site\/#organization"},"image":{"@id":"https:\/\/brasilnoticias.org\/site\/acm-neto-nao-se-opoe-a-uniao-brasil-abrir-conversas-com-governo-lula\/#primaryimage"},"thumbnailUrl":"https:\/\/brasilnoticias.org\/site\/wp-content\/uploads\/2022\/11\/130543acm-neto-nao-se-opoe-a-uniao-brasil-abrir-conversas-com-governo-lula-3.jpg","articleSection":["Pol\u00edtica","\u00daltimas"],"inLanguage":"pt-PT","potentialAction":[{"@type":"CommentAction","name":"Comment","target":["https:\/\/brasilnoticias.org\/site\/acm-neto-nao-se-opoe-a-uniao-brasil-abrir-conversas-com-governo-lula\/#respond"]}]},{"@type":"WebPage","@id":"https:\/\/brasilnoticias.org\/site\/acm-neto-nao-se-opoe-a-uniao-brasil-abrir-conversas-com-governo-lula\/","url":"https:\/\/brasilnoticias.org\/site\/acm-neto-nao-se-opoe-a-uniao-brasil-abrir-conversas-com-governo-lula\/","name":"ACM Neto n\u00e3o se op\u00f5e a Uni\u00e3o Brasil abrir conversas com governo Lula - Brasil not\u00edcias","isPartOf":{"@id":"https:\/\/brasilnoticias.org\/site\/#website"},"primaryImageOfPage":{"@id":"https:\/\/brasilnoticias.org\/site\/acm-neto-nao-se-opoe-a-uniao-brasil-abrir-conversas-com-governo-lula\/#primaryimage"},"image":{"@id":"https:\/\/brasilnoticias.org\/site\/acm-neto-nao-se-opoe-a-uniao-brasil-abrir-conversas-com-governo-lula\/#primaryimage"},"thumbnailUrl":"https:\/\/brasilnoticias.org\/site\/wp-content\/uploads\/2022\/11\/130543acm-neto-nao-se-opoe-a-uniao-brasil-abrir-conversas-com-governo-lula-3.jpg","datePublished":"2022-11-19T10:00:37+00:00","breadcrumb":{"@id":"https:\/\/brasilnoticias.org\/site\/acm-neto-nao-se-opoe-a-uniao-brasil-abrir-conversas-com-governo-lula\/#breadcrumb"},"inLanguage":"pt-PT","potentialAction":[{"@type":"ReadAction","target":["https:\/\/brasilnoticias.org\/site\/acm-neto-nao-se-opoe-a-uniao-brasil-abrir-conversas-com-governo-lula\/"]}]},{"@type":"ImageObject","inLanguage":"pt-PT","@id":"https:\/\/brasilnoticias.org\/site\/acm-neto-nao-se-opoe-a-uniao-brasil-abrir-conversas-com-governo-lula\/#primaryimage","url":"https:\/\/brasilnoticias.org\/site\/wp-content\/uploads\/2022\/11\/130543acm-neto-nao-se-opoe-a-uniao-brasil-abrir-conversas-com-governo-lula-3.jpg","contentUrl":"https:\/\/brasilnoticias.org\/site\/wp-content\/uploads\/2022\/11\/130543acm-neto-nao-se-opoe-a-uniao-brasil-abrir-conversas-com-governo-lula-3.jpg","width":1600,"height":752},{"@type":"BreadcrumbList","@id":"https:\/\/brasilnoticias.org\/site\/acm-neto-nao-se-opoe-a-uniao-brasil-abrir-conversas-com-governo-lula\/#breadcrumb","itemListElement":[{"@type":"ListItem","position":1,"name":"In\u00edcio","item":"https:\/\/brasilnoticias.org\/site\/"},{"@type":"ListItem","position":2,"name":"ACM Neto n\u00e3o se op\u00f5e a Uni\u00e3o Brasil abrir conversas com governo Lula"}]},{"@type":"WebSite","@id":"https:\/\/brasilnoticias.org\/site\/#website","url":"https:\/\/brasilnoticias.org\/site\/","name":"Brasil not\u00edcias","description":"Brasil not\u00edcias","publisher":{"@id":"https:\/\/brasilnoticias.org\/site\/#organization"},"potentialAction":[{"@type":"SearchAction","target":{"@type":"EntryPoint","urlTemplate":"https:\/\/brasilnoticias.org\/site\/?s={search_term_string}"},"query-input":{"@type":"PropertyValueSpecification","valueRequired":true,"valueName":"search_term_string"}}],"inLanguage":"pt-PT"},{"@type":"Organization","@id":"https:\/\/brasilnoticias.org\/site\/#organization","name":"Brasil not\u00edcias","url":"https:\/\/brasilnoticias.org\/site\/","logo":{"@type":"ImageObject","inLanguage":"pt-PT","@id":"https:\/\/brasilnoticias.org\/site\/#\/schema\/logo\/image\/","url":"https:\/\/brasilnoticias.org\/site\/wp-content\/uploads\/2022\/05\/cropped-brasilnoticias-mini.jpg","contentUrl":"https:\/\/brasilnoticias.org\/site\/wp-content\/uploads\/2022\/05\/cropped-brasilnoticias-mini.jpg","width":314,"height":86,"caption":"Brasil not\u00edcias"},"image":{"@id":"https:\/\/brasilnoticias.org\/site\/#\/schema\/logo\/image\/"}},{"@type":"Person","@id":"https:\/\/brasilnoticias.org\/site\/#\/schema\/person\/a0e05b973ec4d15c658d51911e53507b","name":"Reda\u00e7\u00e3o","image":{"@type":"ImageObject","inLanguage":"pt-PT","@id":"https:\/\/brasilnoticias.org\/site\/#\/schema\/person\/image\/","url":"https:\/\/secure.gravatar.com\/avatar\/75d8b050df2de108b08ae78dfb8e374892df24a383c67db9c46a9c604f6aee9c?s=96&d=mm&r=g","contentUrl":"https:\/\/secure.gravatar.com\/avatar\/75d8b050df2de108b08ae78dfb8e374892df24a383c67db9c46a9c604f6aee9c?s=96&d=mm&r=g","caption":"Reda\u00e7\u00e3o"},"sameAs":["https:\/\/brasilnoticias.org\/site"],"url":"https:\/\/brasilnoticias.org\/site\/author\/fernandozsngmail-com\/"}]}},"_links":{"self":[{"href":"https:\/\/brasilnoticias.org\/site\/wp-json\/wp\/v2\/posts\/2280","targetHints":{"allow":["GET"]}}],"collection":[{"href":"https:\/\/brasilnoticias.org\/site\/wp-json\/wp\/v2\/posts"}],"about":[{"href":"https:\/\/brasilnoticias.org\/site\/wp-json\/wp\/v2\/types\/post"}],"author":[{"embeddable":true,"href":"https:\/\/brasilnoticias.org\/site\/wp-json\/wp\/v2\/users\/1"}],"replies":[{"embeddable":true,"href":"https:\/\/brasilnoticias.org\/site\/wp-json\/wp\/v2\/comments?post=2280"}],"version-history":[{"count":1,"href":"https:\/\/brasilnoticias.org\/site\/wp-json\/wp\/v2\/posts\/2280\/revisions"}],"predecessor-version":[{"id":2282,"href":"https:\/\/brasilnoticias.org\/site\/wp-json\/wp\/v2\/posts\/2280\/revisions\/2282"}],"wp:featuredmedia":[{"embeddable":true,"href":"https:\/\/brasilnoticias.org\/site\/wp-json\/wp\/v2\/media\/2281"}],"wp:attachment":[{"href":"https:\/\/brasilnoticias.org\/site\/wp-json\/wp\/v2\/media?parent=2280"}],"wp:term":[{"taxonomy":"category","embeddable":true,"href":"https:\/\/brasilnoticias.org\/site\/wp-json\/wp\/v2\/categories?post=2280"},{"taxonomy":"post_tag","embeddable":true,"href":"https:\/\/brasilnoticias.org\/site\/wp-json\/wp\/v2\/tags?post=2280"}],"curies":[{"name":"wp","href":"https:\/\/api.w.org\/{rel}","templated":true}]}}