{"id":2286,"date":"2022-11-19T07:20:10","date_gmt":"2022-11-19T10:20:10","guid":{"rendered":"https:\/\/brasilnoticias.org\/site\/?p=2286"},"modified":"2022-11-18T19:38:58","modified_gmt":"2022-11-18T22:38:58","slug":"nome-de-wagner-para-assumir-itamaraty-ganha-forca","status":"publish","type":"post","link":"https:\/\/brasilnoticias.org\/site\/nome-de-wagner-para-assumir-itamaraty-ganha-forca\/","title":{"rendered":"Nome de Wagner para assumir Itamaraty ganha for\u00e7a"},"content":{"rendered":"<p>Entre os nomes cotados para assumir o Itamaraty, tem sobressa\u00eddo o de Jacques Wagner (PT). \u00cdntimo do presidente eleito Lula (PT), o senador baiano deve ser o escolhido para chefiar um dos minist\u00e9rios mais importantes para o novo governo federal, que pretende recuperar a imagem do Brasil internacionalmente.<\/p>\n<p>Wagner embarcou para o Egito um dia antes da ida de Lula \u00e0 COP 27. No pa\u00eds, ele teria recebido uma s\u00e9rie de miss\u00f5es espec\u00edficas a serem cumpridas antes da chegada do presidente.<\/p>\n<p>Na vis\u00e3o do colunista do portal Metr\u00f3poles, Guilherme Amado, o papel que foi realizado pelo senador \u00e9 semelhante ao desempenhado por chanceleres. Diante disso e de conversas recentes com Lula nos bastidores, a impress\u00e3o compartilhada por ele e perfis atentos da pol\u00edtica, \u00e9 de que Wagner ficar\u00e1 mesmo \u00e0 frente do Itamaraty.<\/p>\n<p>No entanto, a observa\u00e7\u00e3o n\u00e3o \u00e9 absoluta. A revista Veja revelou que, ao receber um pedido de Wagner para assumir o Minist\u00e9rio do Meio Ambiente, o pr\u00f3ximo l\u00edder nacional teria pontuado a import\u00e2ncia da perman\u00eancia do aliado baiano no Senado. \u201cS\u00f3 tenho oito cadeiras l\u00e1\u201d, disse.<\/p>\n<p>&nbsp;<\/p>\n<p>Foto: Divulga\u00e7\u00e3o<\/p>\n<p>Por: Metro1<\/p>\n","protected":false},"excerpt":{"rendered":"<p>Entre os nomes cotados para assumir o Itamaraty, tem sobressa\u00eddo o de Jacques Wagner (PT). \u00cdntimo do presidente eleito Lula<\/p>\n","protected":false},"author":1,"featured_media":2288,"comment_status":"open","ping_status":"open","sticky":false,"template":"","format":"standard","meta":{"colormag_page_container_layout":"default_layout","colormag_page_sidebar_layout":"default_layout","_FSMCFIC_featured_image_caption":"","_FSMCFIC_featured_image_nocaption":"","_FSMCFIC_featured_image_hide":"","footnotes":""},"categories":[5,1],"tags":[],"class_list":["post-2286","post","type-post","status-publish","format-standard","has-post-thumbnail","hentry","category-politica","category-ultimas"],"yoast_head":"<!-- This site is optimized with the Yoast SEO plugin v27.1.1 - https:\/\/yoast.com\/product\/yoast-seo-wordpress\/ -->\n<title>Nome de Wagner para assumir Itamaraty ganha for\u00e7a - Brasil not\u00edcias<\/title>\n<meta name=\"robots\" content=\"index, follow, max-snippet:-1, max-image-preview:large, max-video-preview:-1\" \/>\n<link rel=\"canonical\" href=\"https:\/\/brasilnoticias.org\/site\/nome-de-wagner-para-assumir-itamaraty-ganha-forca\/\" \/>\n<meta property=\"og:locale\" content=\"pt_PT\" \/>\n<meta property=\"og:type\" content=\"article\" \/>\n<meta property=\"og:title\" content=\"Nome de Wagner para assumir Itamaraty ganha for\u00e7a - Brasil not\u00edcias\" \/>\n<meta property=\"og:description\" content=\"Entre os nomes cotados para assumir o Itamaraty, tem sobressa\u00eddo o de Jacques Wagner (PT). \u00cdntimo do presidente eleito Lula\" \/>\n<meta property=\"og:url\" content=\"https:\/\/brasilnoticias.org\/site\/nome-de-wagner-para-assumir-itamaraty-ganha-forca\/\" \/>\n<meta property=\"og:site_name\" content=\"Brasil not\u00edcias\" \/>\n<meta property=\"article:published_time\" content=\"2022-11-19T10:20:10+00:00\" \/>\n<meta property=\"og:image\" content=\"https:\/\/brasilnoticias.org\/site\/wp-content\/uploads\/2022\/11\/130548nome-de-wagner-para-assumir-itamaraty-ganha-forca-3.jpg\" \/>\n\t<meta property=\"og:image:width\" content=\"1600\" \/>\n\t<meta property=\"og:image:height\" content=\"752\" \/>\n\t<meta property=\"og:image:type\" content=\"image\/jpeg\" \/>\n<meta name=\"author\" content=\"Reda\u00e7\u00e3o\" \/>\n<meta name=\"twitter:card\" content=\"summary_large_image\" \/>\n<meta name=\"twitter:label1\" content=\"Escrito por\" \/>\n\t<meta name=\"twitter:data1\" content=\"Reda\u00e7\u00e3o\" \/>\n\t<meta name=\"twitter:label2\" content=\"Tempo estimado de leitura\" \/>\n\t<meta name=\"twitter:data2\" content=\"1 minuto\" \/>\n<script type=\"application\/ld+json\" class=\"yoast-schema-graph\">{\"@context\":\"https:\/\/schema.org\",\"@graph\":[{\"@type\":\"Article\",\"@id\":\"https:\/\/brasilnoticias.org\/site\/nome-de-wagner-para-assumir-itamaraty-ganha-forca\/#article\",\"isPartOf\":{\"@id\":\"https:\/\/brasilnoticias.org\/site\/nome-de-wagner-para-assumir-itamaraty-ganha-forca\/\"},\"author\":{\"name\":\"Reda\u00e7\u00e3o\",\"@id\":\"https:\/\/brasilnoticias.org\/site\/#\/schema\/person\/a0e05b973ec4d15c658d51911e53507b\"},\"headline\":\"Nome de Wagner para assumir Itamaraty ganha for\u00e7a\",\"datePublished\":\"2022-11-19T10:20:10+00:00\",\"mainEntityOfPage\":{\"@id\":\"https:\/\/brasilnoticias.org\/site\/nome-de-wagner-para-assumir-itamaraty-ganha-forca\/\"},\"wordCount\":205,\"commentCount\":0,\"publisher\":{\"@id\":\"https:\/\/brasilnoticias.org\/site\/#organization\"},\"image\":{\"@id\":\"https:\/\/brasilnoticias.org\/site\/nome-de-wagner-para-assumir-itamaraty-ganha-forca\/#primaryimage\"},\"thumbnailUrl\":\"https:\/\/brasilnoticias.org\/site\/wp-content\/uploads\/2022\/11\/130548nome-de-wagner-para-assumir-itamaraty-ganha-forca-3.jpg\",\"articleSection\":[\"Pol\u00edtica\",\"\u00daltimas\"],\"inLanguage\":\"pt-PT\",\"potentialAction\":[{\"@type\":\"CommentAction\",\"name\":\"Comment\",\"target\":[\"https:\/\/brasilnoticias.org\/site\/nome-de-wagner-para-assumir-itamaraty-ganha-forca\/#respond\"]}]},{\"@type\":\"WebPage\",\"@id\":\"https:\/\/brasilnoticias.org\/site\/nome-de-wagner-para-assumir-itamaraty-ganha-forca\/\",\"url\":\"https:\/\/brasilnoticias.org\/site\/nome-de-wagner-para-assumir-itamaraty-ganha-forca\/\",\"name\":\"Nome de Wagner para assumir Itamaraty ganha for\u00e7a - Brasil not\u00edcias\",\"isPartOf\":{\"@id\":\"https:\/\/brasilnoticias.org\/site\/#website\"},\"primaryImageOfPage\":{\"@id\":\"https:\/\/brasilnoticias.org\/site\/nome-de-wagner-para-assumir-itamaraty-ganha-forca\/#primaryimage\"},\"image\":{\"@id\":\"https:\/\/brasilnoticias.org\/site\/nome-de-wagner-para-assumir-itamaraty-ganha-forca\/#primaryimage\"},\"thumbnailUrl\":\"https:\/\/brasilnoticias.org\/site\/wp-content\/uploads\/2022\/11\/130548nome-de-wagner-para-assumir-itamaraty-ganha-forca-3.jpg\",\"datePublished\":\"2022-11-19T10:20:10+00:00\",\"breadcrumb\":{\"@id\":\"https:\/\/brasilnoticias.org\/site\/nome-de-wagner-para-assumir-itamaraty-ganha-forca\/#breadcrumb\"},\"inLanguage\":\"pt-PT\",\"potentialAction\":[{\"@type\":\"ReadAction\",\"target\":[\"https:\/\/brasilnoticias.org\/site\/nome-de-wagner-para-assumir-itamaraty-ganha-forca\/\"]}]},{\"@type\":\"ImageObject\",\"inLanguage\":\"pt-PT\",\"@id\":\"https:\/\/brasilnoticias.org\/site\/nome-de-wagner-para-assumir-itamaraty-ganha-forca\/#primaryimage\",\"url\":\"https:\/\/brasilnoticias.org\/site\/wp-content\/uploads\/2022\/11\/130548nome-de-wagner-para-assumir-itamaraty-ganha-forca-3.jpg\",\"contentUrl\":\"https:\/\/brasilnoticias.org\/site\/wp-content\/uploads\/2022\/11\/130548nome-de-wagner-para-assumir-itamaraty-ganha-forca-3.jpg\",\"width\":1600,\"height\":752},{\"@type\":\"BreadcrumbList\",\"@id\":\"https:\/\/brasilnoticias.org\/site\/nome-de-wagner-para-assumir-itamaraty-ganha-forca\/#breadcrumb\",\"itemListElement\":[{\"@type\":\"ListItem\",\"position\":1,\"name\":\"In\u00edcio\",\"item\":\"https:\/\/brasilnoticias.org\/site\/\"},{\"@type\":\"ListItem\",\"position\":2,\"name\":\"Nome de Wagner para assumir Itamaraty ganha for\u00e7a\"}]},{\"@type\":\"WebSite\",\"@id\":\"https:\/\/brasilnoticias.org\/site\/#website\",\"url\":\"https:\/\/brasilnoticias.org\/site\/\",\"name\":\"Brasil not\u00edcias\",\"description\":\"Brasil not\u00edcias\",\"publisher\":{\"@id\":\"https:\/\/brasilnoticias.org\/site\/#organization\"},\"potentialAction\":[{\"@type\":\"SearchAction\",\"target\":{\"@type\":\"EntryPoint\",\"urlTemplate\":\"https:\/\/brasilnoticias.org\/site\/?s={search_term_string}\"},\"query-input\":{\"@type\":\"PropertyValueSpecification\",\"valueRequired\":true,\"valueName\":\"search_term_string\"}}],\"inLanguage\":\"pt-PT\"},{\"@type\":\"Organization\",\"@id\":\"https:\/\/brasilnoticias.org\/site\/#organization\",\"name\":\"Brasil not\u00edcias\",\"url\":\"https:\/\/brasilnoticias.org\/site\/\",\"logo\":{\"@type\":\"ImageObject\",\"inLanguage\":\"pt-PT\",\"@id\":\"https:\/\/brasilnoticias.org\/site\/#\/schema\/logo\/image\/\",\"url\":\"https:\/\/brasilnoticias.org\/site\/wp-content\/uploads\/2022\/05\/cropped-brasilnoticias-mini.jpg\",\"contentUrl\":\"https:\/\/brasilnoticias.org\/site\/wp-content\/uploads\/2022\/05\/cropped-brasilnoticias-mini.jpg\",\"width\":314,\"height\":86,\"caption\":\"Brasil not\u00edcias\"},\"image\":{\"@id\":\"https:\/\/brasilnoticias.org\/site\/#\/schema\/logo\/image\/\"}},{\"@type\":\"Person\",\"@id\":\"https:\/\/brasilnoticias.org\/site\/#\/schema\/person\/a0e05b973ec4d15c658d51911e53507b\",\"name\":\"Reda\u00e7\u00e3o\",\"image\":{\"@type\":\"ImageObject\",\"inLanguage\":\"pt-PT\",\"@id\":\"https:\/\/brasilnoticias.org\/site\/#\/schema\/person\/image\/\",\"url\":\"https:\/\/secure.gravatar.com\/avatar\/75d8b050df2de108b08ae78dfb8e374892df24a383c67db9c46a9c604f6aee9c?s=96&d=mm&r=g\",\"contentUrl\":\"https:\/\/secure.gravatar.com\/avatar\/75d8b050df2de108b08ae78dfb8e374892df24a383c67db9c46a9c604f6aee9c?s=96&d=mm&r=g\",\"caption\":\"Reda\u00e7\u00e3o\"},\"sameAs\":[\"https:\/\/brasilnoticias.org\/site\"],\"url\":\"https:\/\/brasilnoticias.org\/site\/author\/fernandozsngmail-com\/\"}]}<\/script>\n<!-- \/ Yoast SEO plugin. -->","yoast_head_json":{"title":"Nome de Wagner para assumir Itamaraty ganha for\u00e7a - Brasil not\u00edcias","robots":{"index":"index","follow":"follow","max-snippet":"max-snippet:-1","max-image-preview":"max-image-preview:large","max-video-preview":"max-video-preview:-1"},"canonical":"https:\/\/brasilnoticias.org\/site\/nome-de-wagner-para-assumir-itamaraty-ganha-forca\/","og_locale":"pt_PT","og_type":"article","og_title":"Nome de Wagner para assumir Itamaraty ganha for\u00e7a - Brasil not\u00edcias","og_description":"Entre os nomes cotados para assumir o Itamaraty, tem sobressa\u00eddo o de Jacques Wagner (PT). \u00cdntimo do presidente eleito Lula","og_url":"https:\/\/brasilnoticias.org\/site\/nome-de-wagner-para-assumir-itamaraty-ganha-forca\/","og_site_name":"Brasil not\u00edcias","article_published_time":"2022-11-19T10:20:10+00:00","og_image":[{"width":1600,"height":752,"url":"https:\/\/brasilnoticias.org\/site\/wp-content\/uploads\/2022\/11\/130548nome-de-wagner-para-assumir-itamaraty-ganha-forca-3.jpg","type":"image\/jpeg"}],"author":"Reda\u00e7\u00e3o","twitter_card":"summary_large_image","twitter_misc":{"Escrito por":"Reda\u00e7\u00e3o","Tempo estimado de leitura":"1 minuto"},"schema":{"@context":"https:\/\/schema.org","@graph":[{"@type":"Article","@id":"https:\/\/brasilnoticias.org\/site\/nome-de-wagner-para-assumir-itamaraty-ganha-forca\/#article","isPartOf":{"@id":"https:\/\/brasilnoticias.org\/site\/nome-de-wagner-para-assumir-itamaraty-ganha-forca\/"},"author":{"name":"Reda\u00e7\u00e3o","@id":"https:\/\/brasilnoticias.org\/site\/#\/schema\/person\/a0e05b973ec4d15c658d51911e53507b"},"headline":"Nome de Wagner para assumir Itamaraty ganha for\u00e7a","datePublished":"2022-11-19T10:20:10+00:00","mainEntityOfPage":{"@id":"https:\/\/brasilnoticias.org\/site\/nome-de-wagner-para-assumir-itamaraty-ganha-forca\/"},"wordCount":205,"commentCount":0,"publisher":{"@id":"https:\/\/brasilnoticias.org\/site\/#organization"},"image":{"@id":"https:\/\/brasilnoticias.org\/site\/nome-de-wagner-para-assumir-itamaraty-ganha-forca\/#primaryimage"},"thumbnailUrl":"https:\/\/brasilnoticias.org\/site\/wp-content\/uploads\/2022\/11\/130548nome-de-wagner-para-assumir-itamaraty-ganha-forca-3.jpg","articleSection":["Pol\u00edtica","\u00daltimas"],"inLanguage":"pt-PT","potentialAction":[{"@type":"CommentAction","name":"Comment","target":["https:\/\/brasilnoticias.org\/site\/nome-de-wagner-para-assumir-itamaraty-ganha-forca\/#respond"]}]},{"@type":"WebPage","@id":"https:\/\/brasilnoticias.org\/site\/nome-de-wagner-para-assumir-itamaraty-ganha-forca\/","url":"https:\/\/brasilnoticias.org\/site\/nome-de-wagner-para-assumir-itamaraty-ganha-forca\/","name":"Nome de Wagner para assumir Itamaraty ganha for\u00e7a - Brasil not\u00edcias","isPartOf":{"@id":"https:\/\/brasilnoticias.org\/site\/#website"},"primaryImageOfPage":{"@id":"https:\/\/brasilnoticias.org\/site\/nome-de-wagner-para-assumir-itamaraty-ganha-forca\/#primaryimage"},"image":{"@id":"https:\/\/brasilnoticias.org\/site\/nome-de-wagner-para-assumir-itamaraty-ganha-forca\/#primaryimage"},"thumbnailUrl":"https:\/\/brasilnoticias.org\/site\/wp-content\/uploads\/2022\/11\/130548nome-de-wagner-para-assumir-itamaraty-ganha-forca-3.jpg","datePublished":"2022-11-19T10:20:10+00:00","breadcrumb":{"@id":"https:\/\/brasilnoticias.org\/site\/nome-de-wagner-para-assumir-itamaraty-ganha-forca\/#breadcrumb"},"inLanguage":"pt-PT","potentialAction":[{"@type":"ReadAction","target":["https:\/\/brasilnoticias.org\/site\/nome-de-wagner-para-assumir-itamaraty-ganha-forca\/"]}]},{"@type":"ImageObject","inLanguage":"pt-PT","@id":"https:\/\/brasilnoticias.org\/site\/nome-de-wagner-para-assumir-itamaraty-ganha-forca\/#primaryimage","url":"https:\/\/brasilnoticias.org\/site\/wp-content\/uploads\/2022\/11\/130548nome-de-wagner-para-assumir-itamaraty-ganha-forca-3.jpg","contentUrl":"https:\/\/brasilnoticias.org\/site\/wp-content\/uploads\/2022\/11\/130548nome-de-wagner-para-assumir-itamaraty-ganha-forca-3.jpg","width":1600,"height":752},{"@type":"BreadcrumbList","@id":"https:\/\/brasilnoticias.org\/site\/nome-de-wagner-para-assumir-itamaraty-ganha-forca\/#breadcrumb","itemListElement":[{"@type":"ListItem","position":1,"name":"In\u00edcio","item":"https:\/\/brasilnoticias.org\/site\/"},{"@type":"ListItem","position":2,"name":"Nome de Wagner para assumir Itamaraty ganha for\u00e7a"}]},{"@type":"WebSite","@id":"https:\/\/brasilnoticias.org\/site\/#website","url":"https:\/\/brasilnoticias.org\/site\/","name":"Brasil not\u00edcias","description":"Brasil not\u00edcias","publisher":{"@id":"https:\/\/brasilnoticias.org\/site\/#organization"},"potentialAction":[{"@type":"SearchAction","target":{"@type":"EntryPoint","urlTemplate":"https:\/\/brasilnoticias.org\/site\/?s={search_term_string}"},"query-input":{"@type":"PropertyValueSpecification","valueRequired":true,"valueName":"search_term_string"}}],"inLanguage":"pt-PT"},{"@type":"Organization","@id":"https:\/\/brasilnoticias.org\/site\/#organization","name":"Brasil not\u00edcias","url":"https:\/\/brasilnoticias.org\/site\/","logo":{"@type":"ImageObject","inLanguage":"pt-PT","@id":"https:\/\/brasilnoticias.org\/site\/#\/schema\/logo\/image\/","url":"https:\/\/brasilnoticias.org\/site\/wp-content\/uploads\/2022\/05\/cropped-brasilnoticias-mini.jpg","contentUrl":"https:\/\/brasilnoticias.org\/site\/wp-content\/uploads\/2022\/05\/cropped-brasilnoticias-mini.jpg","width":314,"height":86,"caption":"Brasil not\u00edcias"},"image":{"@id":"https:\/\/brasilnoticias.org\/site\/#\/schema\/logo\/image\/"}},{"@type":"Person","@id":"https:\/\/brasilnoticias.org\/site\/#\/schema\/person\/a0e05b973ec4d15c658d51911e53507b","name":"Reda\u00e7\u00e3o","image":{"@type":"ImageObject","inLanguage":"pt-PT","@id":"https:\/\/brasilnoticias.org\/site\/#\/schema\/person\/image\/","url":"https:\/\/secure.gravatar.com\/avatar\/75d8b050df2de108b08ae78dfb8e374892df24a383c67db9c46a9c604f6aee9c?s=96&d=mm&r=g","contentUrl":"https:\/\/secure.gravatar.com\/avatar\/75d8b050df2de108b08ae78dfb8e374892df24a383c67db9c46a9c604f6aee9c?s=96&d=mm&r=g","caption":"Reda\u00e7\u00e3o"},"sameAs":["https:\/\/brasilnoticias.org\/site"],"url":"https:\/\/brasilnoticias.org\/site\/author\/fernandozsngmail-com\/"}]}},"_links":{"self":[{"href":"https:\/\/brasilnoticias.org\/site\/wp-json\/wp\/v2\/posts\/2286","targetHints":{"allow":["GET"]}}],"collection":[{"href":"https:\/\/brasilnoticias.org\/site\/wp-json\/wp\/v2\/posts"}],"about":[{"href":"https:\/\/brasilnoticias.org\/site\/wp-json\/wp\/v2\/types\/post"}],"author":[{"embeddable":true,"href":"https:\/\/brasilnoticias.org\/site\/wp-json\/wp\/v2\/users\/1"}],"replies":[{"embeddable":true,"href":"https:\/\/brasilnoticias.org\/site\/wp-json\/wp\/v2\/comments?post=2286"}],"version-history":[{"count":1,"href":"https:\/\/brasilnoticias.org\/site\/wp-json\/wp\/v2\/posts\/2286\/revisions"}],"predecessor-version":[{"id":2289,"href":"https:\/\/brasilnoticias.org\/site\/wp-json\/wp\/v2\/posts\/2286\/revisions\/2289"}],"wp:featuredmedia":[{"embeddable":true,"href":"https:\/\/brasilnoticias.org\/site\/wp-json\/wp\/v2\/media\/2288"}],"wp:attachment":[{"href":"https:\/\/brasilnoticias.org\/site\/wp-json\/wp\/v2\/media?parent=2286"}],"wp:term":[{"taxonomy":"category","embeddable":true,"href":"https:\/\/brasilnoticias.org\/site\/wp-json\/wp\/v2\/categories?post=2286"},{"taxonomy":"post_tag","embeddable":true,"href":"https:\/\/brasilnoticias.org\/site\/wp-json\/wp\/v2\/tags?post=2286"}],"curies":[{"name":"wp","href":"https:\/\/api.w.org\/{rel}","templated":true}]}}