{"id":2293,"date":"2022-11-19T18:00:45","date_gmt":"2022-11-19T21:00:45","guid":{"rendered":"https:\/\/brasilnoticias.org\/site\/?p=2293"},"modified":"2022-11-19T12:37:09","modified_gmt":"2022-11-19T15:37:09","slug":"lula-culpa-bolsonaro-e-bolsonaristas-raivosos-ao-justificar-uso-de-jato-de-empresario","status":"publish","type":"post","link":"https:\/\/brasilnoticias.org\/site\/lula-culpa-bolsonaro-e-bolsonaristas-raivosos-ao-justificar-uso-de-jato-de-empresario\/","title":{"rendered":"Lula culpa Bolsonaro e bolsonaristas raivosos ao justificar uso de jato de empres\u00e1rio"},"content":{"rendered":"<p>LISBOA, PORTUGAL (FOLHAPRESS) &#8211; O presidente eleito Luiz In\u00e1cio Lula da Silva (PT) responsabilizou nesta sexta-feira (18) Jair Bolsonaro e apoiadores &#8220;raivosos&#8221; do atual presidente para a utiliza\u00e7\u00e3o do jato de um amigo para viagem ao exterior.<\/p>\n<p>Em Lisboa, Lula disse que &#8220;um presidente respons\u00e1vel teria oferecido avi\u00e3o da FAB&#8221; para ele ir \u00e0 COP27, no Egito, de forma que n\u00e3o precisasse utilizar a aeronave de um empres\u00e1rio.<\/p>\n<p>O petista afirmou ainda que um &#8220;presidente eleito precisa cuidar da seguran\u00e7a&#8221; diante de &#8220;bolsonaristas raivosos se espalhando mundo afora&#8221;.<\/p>\n<p>Lula viajou na \u00faltima segunda (14) \u00e0 COP27, em Sharm el-Sheikh, no jato do empres\u00e1rio Jos\u00e9 Seripieri Filho, conhecido como J\u00fanior, fundador da Qualicorp e dono da QSa\u00fade.<\/p>\n<p>Ele deixou a confer\u00eancia da ONU sobre mudan\u00e7as clim\u00e1ticas no Egito e seguiu para Portugal no mesmo jato, sem ter comentado nesse per\u00edodo a utiliza\u00e7\u00e3o da aeronave, alvo de questionamentos da oposi\u00e7\u00e3o a Lula no Brasil.<\/p>\n<p>Uma entrevista coletiva de Lula chegou a ser agendada para quinta-feira (17) no Egito, mas foi cancelada em cima da hora. Segundo a assessoria, a coletiva foi cancelada porque a agenda estava toda atrasada.<\/p>\n<p>Aliados de Lula reconheceram desgaste com favores de empres\u00e1rios aceitos pelo petista ap\u00f3s as elei\u00e7\u00f5es, mas sa\u00edram em defesa do presidente eleito sob a alega\u00e7\u00e3o de que n\u00e3o h\u00e1 desvio \u00e9tico nem ilegalidade jur\u00eddica.<\/p>\n<p>O constrangimento \u00e9 exposto pela necessidade de ter que dar explica\u00e7\u00f5es p\u00fablicas e pelas cr\u00edticas de opositores, embora auxiliares de Lula digam ser uma &#8220;crise artificial&#8221;.<\/p>\n<p>Como revelou a coluna M\u00f4nica Bergamo, da Folha, a aeronave em que viajou Lula \u00e9 do modelo Gulfstream, com capacidade para transportar 12 pessoas e autonomia para voar direto ao Egito.<\/p>\n<p>Lula e Seripieri s\u00e3o amigos h\u00e1 cerca de dez anos. Durante a campanha eleitoral deste ano, o empres\u00e1rio foi um dos primeiros com quem o petista concordou em se reunir para tratar de suas propostas de governo.<\/p>\n<p>O empres\u00e1rio firmou acordo de dela\u00e7\u00e3o com o Minist\u00e9rio P\u00fablico em 2020 e confessou o crime eleitoral de caixa dois em um caso envolvendo o senador tucano Jos\u00e9 Serra (SP).<\/p>\n<p>Seripieri Filho ficou preso por tr\u00eas dias em julho de 2020 em decorr\u00eancia da Opera\u00e7\u00e3o Paralelo 23, que investigou pagamentos para a campanha de Serra ao Senado em 2014.<\/p>\n<p>Ele se tornou r\u00e9u acusado de corrup\u00e7\u00e3o, lavagem e caixa dois na Justi\u00e7a Eleitoral de S\u00e3o Paulo. O senador tamb\u00e9m responde ao processo. A investiga\u00e7\u00e3o ocorreu no \u00e2mbito de um conjunto de inqu\u00e9ritos apelidado de &#8220;Lava Jato Eleitoral&#8221;, por envolver desdobramentos de dela\u00e7\u00f5es enviados a esse bra\u00e7o do Judici\u00e1rio.<\/p>\n<p>No fim de 2020, o ministro do Supremo Tribunal Federal Lu\u00eds Roberto Barroso homologou acordo de colabora\u00e7\u00e3o de Seripieri firmado com a Procuradoria-Geral da Rep\u00fablica. O compromisso previa o pagamento de R$ 200 milh\u00f5es pelo empres\u00e1rio como ressarcimento aos cofres p\u00fablicos.<\/p>\n<p>Os termos do acordo, assim como detalhes dos depoimentos, permanecem sigilosos at\u00e9 hoje.<\/p>\n<p>Na viagem a Lisboa ap\u00f3s participar da COP27 no Egito, Lula se reuniu na noite desta sexta-feira com o primeiro-ministro de Portugal, Ant\u00f3nio Costa.<\/p>\n<p>Durante a campanha do segundo turno das elei\u00e7\u00f5es brasileiras, o premi\u00ea socialista gravou um v\u00eddeo de apoio \u00e0 candidatura petista. Ao recepcionar Lula e Janja na entrada da resid\u00eancia oficial do governo, Ant\u00f3nio Costa posou para os fot\u00f3grafos fazendo um sinal de L com a m\u00e3o.<\/p>\n<p>Anteriormente, Lula foi recebido pelo presidente luso, Marcelo Rebelo de Sousa, no Pal\u00e1cio de Bel\u00e9m, sede da Presid\u00eancia. O encontro foi adiantado em cerca de meia hora para permitir uma breve participa\u00e7\u00e3o presidente de Mo\u00e7ambique, Filipe Nyusi, que tivera de uma reuni\u00e3o mais cedo com o chefe de Estado luso.<\/p>\n<p>Ap\u00f3s 15 minutos de conversa, o l\u00edder mo\u00e7ambicano deixou o local. Lula e Marcelo Rebelo de Sousa continuaram a conversa, que tamb\u00e9m teve a participa\u00e7\u00e3o de Fernando Haddad e do ministro dos Neg\u00f3cios Estrangeiros de Portugal, Jo\u00e3o Gomes Cravinho, por mais uma hora e 15 minutos.<\/p>\n<p>Os encontros com as autoridades lusas marcam a primeira agenda bilateral do petista no exterior depois de participar da COP27, no Egito.<\/p>\n<p>Nos dois encontros, houve uma pequena concentra\u00e7\u00e3o de manifestantes contr\u00e1rios \u00e0 vit\u00f3ria de Lula, mas tamb\u00e9m de apoiadores do petista. Os protestos foram pac\u00edficos, mas houve uma esp\u00e9cie de &#8220;batalha de gritos&#8221; entre os dois lados.<\/p>\n<p>Em alguns momentos de maior exalta\u00e7\u00e3o, a pol\u00edcia portuguesa precisou intervir para delimitar um espa\u00e7o para bolsonaristas e lulistas.<\/p>\n<p>Antes de cumprir a agenda oficial, Lula almo\u00e7ou no restaurante C\u00edcero, no bairro nobre de Campo de Ourique. A informa\u00e7\u00e3o de que o presidente eleito estava no local se espalhou antes que ele terminasse a refei\u00e7\u00e3o, e dezenas de apoiadores se concentraram na porta do estabelecimento para saudar o petista.<\/p>\n<p>O restaurante tem como um dos s\u00f3cios o economista Paulo Dalla Nora Macedo. O ex-banqueiro, que j\u00e1 foi um ferrenho defensor da terceira via, participou de uma intensa mobiliza\u00e7\u00e3o para convencer empres\u00e1rios a abra\u00e7arem a campanha petista.<\/p>\n<p>O estabelecimento foi fechado para a comitiva e para um pequeno grupo de convidados, entre os quais o ministro do STF (Supremo Tribunal Federal) Gilmar Mendes.<\/p>\n<p>Antes de retornar ao Brasil, Lula vai se reunir, na manh\u00e3 de s\u00e1bado (19), com representantes de movimentos pol\u00edticos e sociais brasileiros em Portugal.<\/p>\n<p>Nos dois turnos, Lula venceu Jair Bolsonaro (PL) em todas as tr\u00eas cidades portuguesas onde os brasileiros votaram.<\/p>\n<p>Folha de S\u00e3o Paulo<br \/>\nFoto internet<\/p>\n","protected":false},"excerpt":{"rendered":"<p>LISBOA, PORTUGAL (FOLHAPRESS) &#8211; O presidente eleito Luiz In\u00e1cio Lula da Silva (PT) responsabilizou nesta sexta-feira (18) Jair Bolsonaro e<\/p>\n","protected":false},"author":1,"featured_media":2294,"comment_status":"open","ping_status":"open","sticky":false,"template":"","format":"standard","meta":{"colormag_page_container_layout":"default_layout","colormag_page_sidebar_layout":"default_layout","_FSMCFIC_featured_image_caption":"","_FSMCFIC_featured_image_nocaption":"","_FSMCFIC_featured_image_hide":"","footnotes":""},"categories":[5,1],"tags":[],"class_list":["post-2293","post","type-post","status-publish","format-standard","has-post-thumbnail","hentry","category-politica","category-ultimas"],"yoast_head":"<!-- This site is optimized with the Yoast SEO plugin v27.1.1 - https:\/\/yoast.com\/product\/yoast-seo-wordpress\/ -->\n<title>Lula culpa Bolsonaro e bolsonaristas raivosos ao justificar uso de jato de empres\u00e1rio - Brasil not\u00edcias<\/title>\n<meta name=\"robots\" content=\"index, follow, max-snippet:-1, max-image-preview:large, max-video-preview:-1\" \/>\n<link rel=\"canonical\" href=\"https:\/\/brasilnoticias.org\/site\/lula-culpa-bolsonaro-e-bolsonaristas-raivosos-ao-justificar-uso-de-jato-de-empresario\/\" \/>\n<meta property=\"og:locale\" content=\"pt_PT\" \/>\n<meta property=\"og:type\" content=\"article\" \/>\n<meta property=\"og:title\" content=\"Lula culpa Bolsonaro e bolsonaristas raivosos ao justificar uso de jato de empres\u00e1rio - Brasil not\u00edcias\" \/>\n<meta property=\"og:description\" content=\"LISBOA, PORTUGAL (FOLHAPRESS) &#8211; O presidente eleito Luiz In\u00e1cio Lula da Silva (PT) responsabilizou nesta sexta-feira (18) Jair Bolsonaro e\" \/>\n<meta property=\"og:url\" content=\"https:\/\/brasilnoticias.org\/site\/lula-culpa-bolsonaro-e-bolsonaristas-raivosos-ao-justificar-uso-de-jato-de-empresario\/\" \/>\n<meta property=\"og:site_name\" content=\"Brasil not\u00edcias\" \/>\n<meta property=\"article:published_time\" content=\"2022-11-19T21:00:45+00:00\" \/>\n<meta property=\"og:image\" content=\"https:\/\/brasilnoticias.org\/site\/wp-content\/uploads\/2022\/11\/lula.jpg\" \/>\n\t<meta property=\"og:image:width\" content=\"641\" \/>\n\t<meta property=\"og:image:height\" content=\"446\" \/>\n\t<meta property=\"og:image:type\" content=\"image\/jpeg\" \/>\n<meta name=\"author\" content=\"Reda\u00e7\u00e3o\" \/>\n<meta name=\"twitter:card\" content=\"summary_large_image\" \/>\n<meta name=\"twitter:label1\" content=\"Escrito por\" \/>\n\t<meta name=\"twitter:data1\" content=\"Reda\u00e7\u00e3o\" \/>\n\t<meta name=\"twitter:label2\" content=\"Tempo estimado de leitura\" \/>\n\t<meta name=\"twitter:data2\" content=\"5 minutos\" \/>\n<script type=\"application\/ld+json\" class=\"yoast-schema-graph\">{\"@context\":\"https:\/\/schema.org\",\"@graph\":[{\"@type\":\"Article\",\"@id\":\"https:\/\/brasilnoticias.org\/site\/lula-culpa-bolsonaro-e-bolsonaristas-raivosos-ao-justificar-uso-de-jato-de-empresario\/#article\",\"isPartOf\":{\"@id\":\"https:\/\/brasilnoticias.org\/site\/lula-culpa-bolsonaro-e-bolsonaristas-raivosos-ao-justificar-uso-de-jato-de-empresario\/\"},\"author\":{\"name\":\"Reda\u00e7\u00e3o\",\"@id\":\"https:\/\/brasilnoticias.org\/site\/#\/schema\/person\/a0e05b973ec4d15c658d51911e53507b\"},\"headline\":\"Lula culpa Bolsonaro e bolsonaristas raivosos ao justificar uso de jato de empres\u00e1rio\",\"datePublished\":\"2022-11-19T21:00:45+00:00\",\"mainEntityOfPage\":{\"@id\":\"https:\/\/brasilnoticias.org\/site\/lula-culpa-bolsonaro-e-bolsonaristas-raivosos-ao-justificar-uso-de-jato-de-empresario\/\"},\"wordCount\":969,\"commentCount\":0,\"publisher\":{\"@id\":\"https:\/\/brasilnoticias.org\/site\/#organization\"},\"image\":{\"@id\":\"https:\/\/brasilnoticias.org\/site\/lula-culpa-bolsonaro-e-bolsonaristas-raivosos-ao-justificar-uso-de-jato-de-empresario\/#primaryimage\"},\"thumbnailUrl\":\"https:\/\/brasilnoticias.org\/site\/wp-content\/uploads\/2022\/11\/lula.jpg\",\"articleSection\":[\"Pol\u00edtica\",\"\u00daltimas\"],\"inLanguage\":\"pt-PT\",\"potentialAction\":[{\"@type\":\"CommentAction\",\"name\":\"Comment\",\"target\":[\"https:\/\/brasilnoticias.org\/site\/lula-culpa-bolsonaro-e-bolsonaristas-raivosos-ao-justificar-uso-de-jato-de-empresario\/#respond\"]}]},{\"@type\":\"WebPage\",\"@id\":\"https:\/\/brasilnoticias.org\/site\/lula-culpa-bolsonaro-e-bolsonaristas-raivosos-ao-justificar-uso-de-jato-de-empresario\/\",\"url\":\"https:\/\/brasilnoticias.org\/site\/lula-culpa-bolsonaro-e-bolsonaristas-raivosos-ao-justificar-uso-de-jato-de-empresario\/\",\"name\":\"Lula culpa Bolsonaro e bolsonaristas raivosos ao justificar uso de jato de empres\u00e1rio - Brasil not\u00edcias\",\"isPartOf\":{\"@id\":\"https:\/\/brasilnoticias.org\/site\/#website\"},\"primaryImageOfPage\":{\"@id\":\"https:\/\/brasilnoticias.org\/site\/lula-culpa-bolsonaro-e-bolsonaristas-raivosos-ao-justificar-uso-de-jato-de-empresario\/#primaryimage\"},\"image\":{\"@id\":\"https:\/\/brasilnoticias.org\/site\/lula-culpa-bolsonaro-e-bolsonaristas-raivosos-ao-justificar-uso-de-jato-de-empresario\/#primaryimage\"},\"thumbnailUrl\":\"https:\/\/brasilnoticias.org\/site\/wp-content\/uploads\/2022\/11\/lula.jpg\",\"datePublished\":\"2022-11-19T21:00:45+00:00\",\"breadcrumb\":{\"@id\":\"https:\/\/brasilnoticias.org\/site\/lula-culpa-bolsonaro-e-bolsonaristas-raivosos-ao-justificar-uso-de-jato-de-empresario\/#breadcrumb\"},\"inLanguage\":\"pt-PT\",\"potentialAction\":[{\"@type\":\"ReadAction\",\"target\":[\"https:\/\/brasilnoticias.org\/site\/lula-culpa-bolsonaro-e-bolsonaristas-raivosos-ao-justificar-uso-de-jato-de-empresario\/\"]}]},{\"@type\":\"ImageObject\",\"inLanguage\":\"pt-PT\",\"@id\":\"https:\/\/brasilnoticias.org\/site\/lula-culpa-bolsonaro-e-bolsonaristas-raivosos-ao-justificar-uso-de-jato-de-empresario\/#primaryimage\",\"url\":\"https:\/\/brasilnoticias.org\/site\/wp-content\/uploads\/2022\/11\/lula.jpg\",\"contentUrl\":\"https:\/\/brasilnoticias.org\/site\/wp-content\/uploads\/2022\/11\/lula.jpg\",\"width\":641,\"height\":446},{\"@type\":\"BreadcrumbList\",\"@id\":\"https:\/\/brasilnoticias.org\/site\/lula-culpa-bolsonaro-e-bolsonaristas-raivosos-ao-justificar-uso-de-jato-de-empresario\/#breadcrumb\",\"itemListElement\":[{\"@type\":\"ListItem\",\"position\":1,\"name\":\"In\u00edcio\",\"item\":\"https:\/\/brasilnoticias.org\/site\/\"},{\"@type\":\"ListItem\",\"position\":2,\"name\":\"Lula culpa Bolsonaro e bolsonaristas raivosos ao justificar uso de jato de empres\u00e1rio\"}]},{\"@type\":\"WebSite\",\"@id\":\"https:\/\/brasilnoticias.org\/site\/#website\",\"url\":\"https:\/\/brasilnoticias.org\/site\/\",\"name\":\"Brasil not\u00edcias\",\"description\":\"Brasil not\u00edcias\",\"publisher\":{\"@id\":\"https:\/\/brasilnoticias.org\/site\/#organization\"},\"potentialAction\":[{\"@type\":\"SearchAction\",\"target\":{\"@type\":\"EntryPoint\",\"urlTemplate\":\"https:\/\/brasilnoticias.org\/site\/?s={search_term_string}\"},\"query-input\":{\"@type\":\"PropertyValueSpecification\",\"valueRequired\":true,\"valueName\":\"search_term_string\"}}],\"inLanguage\":\"pt-PT\"},{\"@type\":\"Organization\",\"@id\":\"https:\/\/brasilnoticias.org\/site\/#organization\",\"name\":\"Brasil not\u00edcias\",\"url\":\"https:\/\/brasilnoticias.org\/site\/\",\"logo\":{\"@type\":\"ImageObject\",\"inLanguage\":\"pt-PT\",\"@id\":\"https:\/\/brasilnoticias.org\/site\/#\/schema\/logo\/image\/\",\"url\":\"https:\/\/brasilnoticias.org\/site\/wp-content\/uploads\/2022\/05\/cropped-brasilnoticias-mini.jpg\",\"contentUrl\":\"https:\/\/brasilnoticias.org\/site\/wp-content\/uploads\/2022\/05\/cropped-brasilnoticias-mini.jpg\",\"width\":314,\"height\":86,\"caption\":\"Brasil not\u00edcias\"},\"image\":{\"@id\":\"https:\/\/brasilnoticias.org\/site\/#\/schema\/logo\/image\/\"}},{\"@type\":\"Person\",\"@id\":\"https:\/\/brasilnoticias.org\/site\/#\/schema\/person\/a0e05b973ec4d15c658d51911e53507b\",\"name\":\"Reda\u00e7\u00e3o\",\"image\":{\"@type\":\"ImageObject\",\"inLanguage\":\"pt-PT\",\"@id\":\"https:\/\/brasilnoticias.org\/site\/#\/schema\/person\/image\/\",\"url\":\"https:\/\/secure.gravatar.com\/avatar\/75d8b050df2de108b08ae78dfb8e374892df24a383c67db9c46a9c604f6aee9c?s=96&d=mm&r=g\",\"contentUrl\":\"https:\/\/secure.gravatar.com\/avatar\/75d8b050df2de108b08ae78dfb8e374892df24a383c67db9c46a9c604f6aee9c?s=96&d=mm&r=g\",\"caption\":\"Reda\u00e7\u00e3o\"},\"sameAs\":[\"https:\/\/brasilnoticias.org\/site\"],\"url\":\"https:\/\/brasilnoticias.org\/site\/author\/fernandozsngmail-com\/\"}]}<\/script>\n<!-- \/ Yoast SEO plugin. -->","yoast_head_json":{"title":"Lula culpa Bolsonaro e bolsonaristas raivosos ao justificar uso de jato de empres\u00e1rio - Brasil not\u00edcias","robots":{"index":"index","follow":"follow","max-snippet":"max-snippet:-1","max-image-preview":"max-image-preview:large","max-video-preview":"max-video-preview:-1"},"canonical":"https:\/\/brasilnoticias.org\/site\/lula-culpa-bolsonaro-e-bolsonaristas-raivosos-ao-justificar-uso-de-jato-de-empresario\/","og_locale":"pt_PT","og_type":"article","og_title":"Lula culpa Bolsonaro e bolsonaristas raivosos ao justificar uso de jato de empres\u00e1rio - Brasil not\u00edcias","og_description":"LISBOA, PORTUGAL (FOLHAPRESS) &#8211; O presidente eleito Luiz In\u00e1cio Lula da Silva (PT) responsabilizou nesta sexta-feira (18) Jair Bolsonaro e","og_url":"https:\/\/brasilnoticias.org\/site\/lula-culpa-bolsonaro-e-bolsonaristas-raivosos-ao-justificar-uso-de-jato-de-empresario\/","og_site_name":"Brasil not\u00edcias","article_published_time":"2022-11-19T21:00:45+00:00","og_image":[{"width":641,"height":446,"url":"https:\/\/brasilnoticias.org\/site\/wp-content\/uploads\/2022\/11\/lula.jpg","type":"image\/jpeg"}],"author":"Reda\u00e7\u00e3o","twitter_card":"summary_large_image","twitter_misc":{"Escrito por":"Reda\u00e7\u00e3o","Tempo estimado de leitura":"5 minutos"},"schema":{"@context":"https:\/\/schema.org","@graph":[{"@type":"Article","@id":"https:\/\/brasilnoticias.org\/site\/lula-culpa-bolsonaro-e-bolsonaristas-raivosos-ao-justificar-uso-de-jato-de-empresario\/#article","isPartOf":{"@id":"https:\/\/brasilnoticias.org\/site\/lula-culpa-bolsonaro-e-bolsonaristas-raivosos-ao-justificar-uso-de-jato-de-empresario\/"},"author":{"name":"Reda\u00e7\u00e3o","@id":"https:\/\/brasilnoticias.org\/site\/#\/schema\/person\/a0e05b973ec4d15c658d51911e53507b"},"headline":"Lula culpa Bolsonaro e bolsonaristas raivosos ao justificar uso de jato de empres\u00e1rio","datePublished":"2022-11-19T21:00:45+00:00","mainEntityOfPage":{"@id":"https:\/\/brasilnoticias.org\/site\/lula-culpa-bolsonaro-e-bolsonaristas-raivosos-ao-justificar-uso-de-jato-de-empresario\/"},"wordCount":969,"commentCount":0,"publisher":{"@id":"https:\/\/brasilnoticias.org\/site\/#organization"},"image":{"@id":"https:\/\/brasilnoticias.org\/site\/lula-culpa-bolsonaro-e-bolsonaristas-raivosos-ao-justificar-uso-de-jato-de-empresario\/#primaryimage"},"thumbnailUrl":"https:\/\/brasilnoticias.org\/site\/wp-content\/uploads\/2022\/11\/lula.jpg","articleSection":["Pol\u00edtica","\u00daltimas"],"inLanguage":"pt-PT","potentialAction":[{"@type":"CommentAction","name":"Comment","target":["https:\/\/brasilnoticias.org\/site\/lula-culpa-bolsonaro-e-bolsonaristas-raivosos-ao-justificar-uso-de-jato-de-empresario\/#respond"]}]},{"@type":"WebPage","@id":"https:\/\/brasilnoticias.org\/site\/lula-culpa-bolsonaro-e-bolsonaristas-raivosos-ao-justificar-uso-de-jato-de-empresario\/","url":"https:\/\/brasilnoticias.org\/site\/lula-culpa-bolsonaro-e-bolsonaristas-raivosos-ao-justificar-uso-de-jato-de-empresario\/","name":"Lula culpa Bolsonaro e bolsonaristas raivosos ao justificar uso de jato de empres\u00e1rio - Brasil not\u00edcias","isPartOf":{"@id":"https:\/\/brasilnoticias.org\/site\/#website"},"primaryImageOfPage":{"@id":"https:\/\/brasilnoticias.org\/site\/lula-culpa-bolsonaro-e-bolsonaristas-raivosos-ao-justificar-uso-de-jato-de-empresario\/#primaryimage"},"image":{"@id":"https:\/\/brasilnoticias.org\/site\/lula-culpa-bolsonaro-e-bolsonaristas-raivosos-ao-justificar-uso-de-jato-de-empresario\/#primaryimage"},"thumbnailUrl":"https:\/\/brasilnoticias.org\/site\/wp-content\/uploads\/2022\/11\/lula.jpg","datePublished":"2022-11-19T21:00:45+00:00","breadcrumb":{"@id":"https:\/\/brasilnoticias.org\/site\/lula-culpa-bolsonaro-e-bolsonaristas-raivosos-ao-justificar-uso-de-jato-de-empresario\/#breadcrumb"},"inLanguage":"pt-PT","potentialAction":[{"@type":"ReadAction","target":["https:\/\/brasilnoticias.org\/site\/lula-culpa-bolsonaro-e-bolsonaristas-raivosos-ao-justificar-uso-de-jato-de-empresario\/"]}]},{"@type":"ImageObject","inLanguage":"pt-PT","@id":"https:\/\/brasilnoticias.org\/site\/lula-culpa-bolsonaro-e-bolsonaristas-raivosos-ao-justificar-uso-de-jato-de-empresario\/#primaryimage","url":"https:\/\/brasilnoticias.org\/site\/wp-content\/uploads\/2022\/11\/lula.jpg","contentUrl":"https:\/\/brasilnoticias.org\/site\/wp-content\/uploads\/2022\/11\/lula.jpg","width":641,"height":446},{"@type":"BreadcrumbList","@id":"https:\/\/brasilnoticias.org\/site\/lula-culpa-bolsonaro-e-bolsonaristas-raivosos-ao-justificar-uso-de-jato-de-empresario\/#breadcrumb","itemListElement":[{"@type":"ListItem","position":1,"name":"In\u00edcio","item":"https:\/\/brasilnoticias.org\/site\/"},{"@type":"ListItem","position":2,"name":"Lula culpa Bolsonaro e bolsonaristas raivosos ao justificar uso de jato de empres\u00e1rio"}]},{"@type":"WebSite","@id":"https:\/\/brasilnoticias.org\/site\/#website","url":"https:\/\/brasilnoticias.org\/site\/","name":"Brasil not\u00edcias","description":"Brasil not\u00edcias","publisher":{"@id":"https:\/\/brasilnoticias.org\/site\/#organization"},"potentialAction":[{"@type":"SearchAction","target":{"@type":"EntryPoint","urlTemplate":"https:\/\/brasilnoticias.org\/site\/?s={search_term_string}"},"query-input":{"@type":"PropertyValueSpecification","valueRequired":true,"valueName":"search_term_string"}}],"inLanguage":"pt-PT"},{"@type":"Organization","@id":"https:\/\/brasilnoticias.org\/site\/#organization","name":"Brasil not\u00edcias","url":"https:\/\/brasilnoticias.org\/site\/","logo":{"@type":"ImageObject","inLanguage":"pt-PT","@id":"https:\/\/brasilnoticias.org\/site\/#\/schema\/logo\/image\/","url":"https:\/\/brasilnoticias.org\/site\/wp-content\/uploads\/2022\/05\/cropped-brasilnoticias-mini.jpg","contentUrl":"https:\/\/brasilnoticias.org\/site\/wp-content\/uploads\/2022\/05\/cropped-brasilnoticias-mini.jpg","width":314,"height":86,"caption":"Brasil not\u00edcias"},"image":{"@id":"https:\/\/brasilnoticias.org\/site\/#\/schema\/logo\/image\/"}},{"@type":"Person","@id":"https:\/\/brasilnoticias.org\/site\/#\/schema\/person\/a0e05b973ec4d15c658d51911e53507b","name":"Reda\u00e7\u00e3o","image":{"@type":"ImageObject","inLanguage":"pt-PT","@id":"https:\/\/brasilnoticias.org\/site\/#\/schema\/person\/image\/","url":"https:\/\/secure.gravatar.com\/avatar\/75d8b050df2de108b08ae78dfb8e374892df24a383c67db9c46a9c604f6aee9c?s=96&d=mm&r=g","contentUrl":"https:\/\/secure.gravatar.com\/avatar\/75d8b050df2de108b08ae78dfb8e374892df24a383c67db9c46a9c604f6aee9c?s=96&d=mm&r=g","caption":"Reda\u00e7\u00e3o"},"sameAs":["https:\/\/brasilnoticias.org\/site"],"url":"https:\/\/brasilnoticias.org\/site\/author\/fernandozsngmail-com\/"}]}},"_links":{"self":[{"href":"https:\/\/brasilnoticias.org\/site\/wp-json\/wp\/v2\/posts\/2293","targetHints":{"allow":["GET"]}}],"collection":[{"href":"https:\/\/brasilnoticias.org\/site\/wp-json\/wp\/v2\/posts"}],"about":[{"href":"https:\/\/brasilnoticias.org\/site\/wp-json\/wp\/v2\/types\/post"}],"author":[{"embeddable":true,"href":"https:\/\/brasilnoticias.org\/site\/wp-json\/wp\/v2\/users\/1"}],"replies":[{"embeddable":true,"href":"https:\/\/brasilnoticias.org\/site\/wp-json\/wp\/v2\/comments?post=2293"}],"version-history":[{"count":1,"href":"https:\/\/brasilnoticias.org\/site\/wp-json\/wp\/v2\/posts\/2293\/revisions"}],"predecessor-version":[{"id":2295,"href":"https:\/\/brasilnoticias.org\/site\/wp-json\/wp\/v2\/posts\/2293\/revisions\/2295"}],"wp:featuredmedia":[{"embeddable":true,"href":"https:\/\/brasilnoticias.org\/site\/wp-json\/wp\/v2\/media\/2294"}],"wp:attachment":[{"href":"https:\/\/brasilnoticias.org\/site\/wp-json\/wp\/v2\/media?parent=2293"}],"wp:term":[{"taxonomy":"category","embeddable":true,"href":"https:\/\/brasilnoticias.org\/site\/wp-json\/wp\/v2\/categories?post=2293"},{"taxonomy":"post_tag","embeddable":true,"href":"https:\/\/brasilnoticias.org\/site\/wp-json\/wp\/v2\/tags?post=2293"}],"curies":[{"name":"wp","href":"https:\/\/api.w.org\/{rel}","templated":true}]}}