{"id":2296,"date":"2022-11-19T18:10:19","date_gmt":"2022-11-19T21:10:19","guid":{"rendered":"https:\/\/brasilnoticias.org\/site\/?p=2296"},"modified":"2022-11-19T12:39:44","modified_gmt":"2022-11-19T15:39:44","slug":"brasil-chega-a-copa-do-mundo-do-catar-com-sistema-defensivo-consolidado","status":"publish","type":"post","link":"https:\/\/brasilnoticias.org\/site\/brasil-chega-a-copa-do-mundo-do-catar-com-sistema-defensivo-consolidado\/","title":{"rendered":"Brasil chega \u00e0 Copa do Mundo do Catar com sistema defensivo consolidado"},"content":{"rendered":"<p>DOHA &#8211; Muito se fala na forma\u00e7\u00e3o ofensiva da sele\u00e7\u00e3o brasileira que ir\u00e1 atr\u00e1s do hexacampeonato no Catar, mas \u00e9 tamb\u00e9m pela defesa que passa o fim de uma espera de 20 anos sem um t\u00edtulo de Copa do Mundo. E, com Tite, o Brasil tem retrospecto promissor. Desde que o treinador assumiu, h\u00e1 mais de seis anos, em m\u00e9dia o time tem sofrido um gol a cada tr\u00eas jogos. Fruto de um trabalho consistente e de um grupo de jogadores de defesa consolidado.<\/p>\n<p>O retrospecto defensivo com o treinador foi ainda melhor em seus dois primeiros anos \u00e0 frente da equipe. Entre agosto de 2016, quando Tite assumiu, e junho de 2018, quando se iniciou a Copa da R\u00fassia, a sele\u00e7\u00e3o fez 21 partidas e viu seu gol ser vazado apenas cinco vezes &#8211; m\u00e9dia de um gol a cada quatro jogos.<\/p>\n<p>Ao todo, com Tite no comando, o Brasil realizou 76 partidas at\u00e9 a estreia na Copa do Mundo do Catar, diante da S\u00e9rvia, no dia 24. E, nessa sequ\u00eancia, foram apenas 27 gols sofridos. O problema \u00e9 que tr\u00eas deles foram decisivos: os dois diante da B\u00e9lgica, nas quartas de final do Mundial da R\u00fassia, e aquele que Di Maria marcou para dar o t\u00edtulo para a Argentina na Copa Am\u00e9rica do ano passado.<\/p>\n<p>Ainda assim, os n\u00fameros comprovam que o Brasil \u00e9 um time que toma poucos gols, e muito em fun\u00e7\u00e3o de um sistema defensivo entrosado. Do gol \u00e0s laterais, passando pela zaga e os primeiros volantes, o time se alterou pouco nos \u00faltimos anos &#8211; e isso que o Estad\u00e3o mostrou que cerca de 60% do grupo que est\u00e1 no Catar \u00e9 diferente daquele que esteve na R\u00fassia.<\/p>\n<p>MESMOS NOMES<\/p>\n<p>No papel, at\u00e9 houve a demonstra\u00e7\u00e3o de uma busca por novas op\u00e7\u00f5es defensivas, em especial na zaga. S\u00f3 que o retorno dado pelos escolhidos foi t\u00e3o satisfat\u00f3rio \u00e0 comiss\u00e3o t\u00e9cnica que muitos acabaram tendo poucas chances. \u00c9 o caso de Bremer, que est\u00e1 no Catar mesmo tendo sido chamado apenas uma vez antes da convoca\u00e7\u00e3o final.<\/p>\n<p>\u201cO Bremer teve a condi\u00e7\u00e3o porque a carreira dele e seu desempenho em alto n\u00edvel no Torino e na Juventus o chancelaram. Talvez n\u00f3s n\u00e3o tenhamos olhado para ele com a devida aten\u00e7\u00e3o j\u00e1 antes. Ele se mostrou, quando veio aqui, com uma seguran\u00e7a impressionante, de um atleta de alto n\u00edvel\u201d, admitiu Tite no dia em que anunciou os 26 convocados.<\/p>\n<p>O zagueiro da Juventus teve pouco espa\u00e7o at\u00e9 ent\u00e3o porque a zaga \u00e9 um dos setores menos afeitos \u00e0 mudan\u00e7as com a comiss\u00e3o t\u00e9cnica atual. Marquinhos e Thiago Silva, por exemplo, chegaram a ocupar o banco de reservas em algumas oportunidades &#8211; e o defensor do Chelsea hoje \u00e9 reserva -, mas est\u00e3o no grupo da atual comiss\u00e3o t\u00e9cnica desde sempre. E Eder Milit\u00e3o ganhou sua vaga no atual ciclo.<\/p>\n<p>A disputa foi ainda mais ingl\u00f3ria no gol, posi\u00e7\u00e3o em que Alisson \u00e9 titular desde que Tite assumiu. N\u00e3o bastasse isso, ele tem seus reservas cativos, Ederson e Weverton. Quem foi chamado no meio do caminho foi por mera eventualidade.<\/p>\n<p>Nas alas, Alex Sandro ganhou a vaga na esquerda depois da Copa de 2018, e na direita Daniel Alves \u00e9 figura carimbada. H\u00e1 ainda Danilo, o preferido do treinador no atual ciclo. Quem completa o n\u00facleo duro defensivo da sele\u00e7\u00e3o \u00e9 o volante Casemiro, titular desde os primeiros anos de Tite.<\/p>\n<p>Estad\u00e3o<br \/>\nFoto Luca Bruno \/ AP<\/p>\n","protected":false},"excerpt":{"rendered":"<p>DOHA &#8211; Muito se fala na forma\u00e7\u00e3o ofensiva da sele\u00e7\u00e3o brasileira que ir\u00e1 atr\u00e1s do hexacampeonato no Catar, mas \u00e9<\/p>\n","protected":false},"author":1,"featured_media":2297,"comment_status":"open","ping_status":"open","sticky":false,"template":"","format":"standard","meta":{"colormag_page_container_layout":"default_layout","colormag_page_sidebar_layout":"default_layout","_FSMCFIC_featured_image_caption":"","_FSMCFIC_featured_image_nocaption":"","_FSMCFIC_featured_image_hide":"","footnotes":""},"categories":[5,1],"tags":[],"class_list":["post-2296","post","type-post","status-publish","format-standard","has-post-thumbnail","hentry","category-politica","category-ultimas"],"yoast_head":"<!-- This site is optimized with the Yoast SEO plugin v27.1.1 - https:\/\/yoast.com\/product\/yoast-seo-wordpress\/ -->\n<title>Brasil chega \u00e0 Copa do Mundo do Catar com sistema defensivo consolidado - Brasil not\u00edcias<\/title>\n<meta name=\"robots\" content=\"index, follow, max-snippet:-1, max-image-preview:large, max-video-preview:-1\" \/>\n<link rel=\"canonical\" href=\"https:\/\/brasilnoticias.org\/site\/brasil-chega-a-copa-do-mundo-do-catar-com-sistema-defensivo-consolidado\/\" \/>\n<meta property=\"og:locale\" content=\"pt_PT\" \/>\n<meta property=\"og:type\" content=\"article\" \/>\n<meta property=\"og:title\" content=\"Brasil chega \u00e0 Copa do Mundo do Catar com sistema defensivo consolidado - Brasil not\u00edcias\" \/>\n<meta property=\"og:description\" content=\"DOHA &#8211; Muito se fala na forma\u00e7\u00e3o ofensiva da sele\u00e7\u00e3o brasileira que ir\u00e1 atr\u00e1s do hexacampeonato no Catar, mas \u00e9\" \/>\n<meta property=\"og:url\" content=\"https:\/\/brasilnoticias.org\/site\/brasil-chega-a-copa-do-mundo-do-catar-com-sistema-defensivo-consolidado\/\" \/>\n<meta property=\"og:site_name\" content=\"Brasil not\u00edcias\" \/>\n<meta property=\"article:published_time\" content=\"2022-11-19T21:10:19+00:00\" \/>\n<meta property=\"og:image\" content=\"https:\/\/brasilnoticias.org\/site\/wp-content\/uploads\/2022\/11\/AA14ikvJ.jpeg\" \/>\n\t<meta property=\"og:image:width\" content=\"612\" \/>\n\t<meta property=\"og:image:height\" content=\"408\" \/>\n\t<meta property=\"og:image:type\" content=\"image\/jpeg\" \/>\n<meta name=\"author\" content=\"Reda\u00e7\u00e3o\" \/>\n<meta name=\"twitter:card\" content=\"summary_large_image\" \/>\n<meta name=\"twitter:label1\" content=\"Escrito por\" \/>\n\t<meta name=\"twitter:data1\" content=\"Reda\u00e7\u00e3o\" \/>\n\t<meta name=\"twitter:label2\" content=\"Tempo estimado de leitura\" \/>\n\t<meta name=\"twitter:data2\" content=\"3 minutos\" \/>\n<script type=\"application\/ld+json\" class=\"yoast-schema-graph\">{\"@context\":\"https:\/\/schema.org\",\"@graph\":[{\"@type\":\"Article\",\"@id\":\"https:\/\/brasilnoticias.org\/site\/brasil-chega-a-copa-do-mundo-do-catar-com-sistema-defensivo-consolidado\/#article\",\"isPartOf\":{\"@id\":\"https:\/\/brasilnoticias.org\/site\/brasil-chega-a-copa-do-mundo-do-catar-com-sistema-defensivo-consolidado\/\"},\"author\":{\"name\":\"Reda\u00e7\u00e3o\",\"@id\":\"https:\/\/brasilnoticias.org\/site\/#\/schema\/person\/a0e05b973ec4d15c658d51911e53507b\"},\"headline\":\"Brasil chega \u00e0 Copa do Mundo do Catar com sistema defensivo consolidado\",\"datePublished\":\"2022-11-19T21:10:19+00:00\",\"mainEntityOfPage\":{\"@id\":\"https:\/\/brasilnoticias.org\/site\/brasil-chega-a-copa-do-mundo-do-catar-com-sistema-defensivo-consolidado\/\"},\"wordCount\":607,\"commentCount\":0,\"publisher\":{\"@id\":\"https:\/\/brasilnoticias.org\/site\/#organization\"},\"image\":{\"@id\":\"https:\/\/brasilnoticias.org\/site\/brasil-chega-a-copa-do-mundo-do-catar-com-sistema-defensivo-consolidado\/#primaryimage\"},\"thumbnailUrl\":\"https:\/\/brasilnoticias.org\/site\/wp-content\/uploads\/2022\/11\/AA14ikvJ.jpeg\",\"articleSection\":[\"Pol\u00edtica\",\"\u00daltimas\"],\"inLanguage\":\"pt-PT\",\"potentialAction\":[{\"@type\":\"CommentAction\",\"name\":\"Comment\",\"target\":[\"https:\/\/brasilnoticias.org\/site\/brasil-chega-a-copa-do-mundo-do-catar-com-sistema-defensivo-consolidado\/#respond\"]}]},{\"@type\":\"WebPage\",\"@id\":\"https:\/\/brasilnoticias.org\/site\/brasil-chega-a-copa-do-mundo-do-catar-com-sistema-defensivo-consolidado\/\",\"url\":\"https:\/\/brasilnoticias.org\/site\/brasil-chega-a-copa-do-mundo-do-catar-com-sistema-defensivo-consolidado\/\",\"name\":\"Brasil chega \u00e0 Copa do Mundo do Catar com sistema defensivo consolidado - Brasil not\u00edcias\",\"isPartOf\":{\"@id\":\"https:\/\/brasilnoticias.org\/site\/#website\"},\"primaryImageOfPage\":{\"@id\":\"https:\/\/brasilnoticias.org\/site\/brasil-chega-a-copa-do-mundo-do-catar-com-sistema-defensivo-consolidado\/#primaryimage\"},\"image\":{\"@id\":\"https:\/\/brasilnoticias.org\/site\/brasil-chega-a-copa-do-mundo-do-catar-com-sistema-defensivo-consolidado\/#primaryimage\"},\"thumbnailUrl\":\"https:\/\/brasilnoticias.org\/site\/wp-content\/uploads\/2022\/11\/AA14ikvJ.jpeg\",\"datePublished\":\"2022-11-19T21:10:19+00:00\",\"breadcrumb\":{\"@id\":\"https:\/\/brasilnoticias.org\/site\/brasil-chega-a-copa-do-mundo-do-catar-com-sistema-defensivo-consolidado\/#breadcrumb\"},\"inLanguage\":\"pt-PT\",\"potentialAction\":[{\"@type\":\"ReadAction\",\"target\":[\"https:\/\/brasilnoticias.org\/site\/brasil-chega-a-copa-do-mundo-do-catar-com-sistema-defensivo-consolidado\/\"]}]},{\"@type\":\"ImageObject\",\"inLanguage\":\"pt-PT\",\"@id\":\"https:\/\/brasilnoticias.org\/site\/brasil-chega-a-copa-do-mundo-do-catar-com-sistema-defensivo-consolidado\/#primaryimage\",\"url\":\"https:\/\/brasilnoticias.org\/site\/wp-content\/uploads\/2022\/11\/AA14ikvJ.jpeg\",\"contentUrl\":\"https:\/\/brasilnoticias.org\/site\/wp-content\/uploads\/2022\/11\/AA14ikvJ.jpeg\",\"width\":612,\"height\":408},{\"@type\":\"BreadcrumbList\",\"@id\":\"https:\/\/brasilnoticias.org\/site\/brasil-chega-a-copa-do-mundo-do-catar-com-sistema-defensivo-consolidado\/#breadcrumb\",\"itemListElement\":[{\"@type\":\"ListItem\",\"position\":1,\"name\":\"In\u00edcio\",\"item\":\"https:\/\/brasilnoticias.org\/site\/\"},{\"@type\":\"ListItem\",\"position\":2,\"name\":\"Brasil chega \u00e0 Copa do Mundo do Catar com sistema defensivo consolidado\"}]},{\"@type\":\"WebSite\",\"@id\":\"https:\/\/brasilnoticias.org\/site\/#website\",\"url\":\"https:\/\/brasilnoticias.org\/site\/\",\"name\":\"Brasil not\u00edcias\",\"description\":\"Brasil not\u00edcias\",\"publisher\":{\"@id\":\"https:\/\/brasilnoticias.org\/site\/#organization\"},\"potentialAction\":[{\"@type\":\"SearchAction\",\"target\":{\"@type\":\"EntryPoint\",\"urlTemplate\":\"https:\/\/brasilnoticias.org\/site\/?s={search_term_string}\"},\"query-input\":{\"@type\":\"PropertyValueSpecification\",\"valueRequired\":true,\"valueName\":\"search_term_string\"}}],\"inLanguage\":\"pt-PT\"},{\"@type\":\"Organization\",\"@id\":\"https:\/\/brasilnoticias.org\/site\/#organization\",\"name\":\"Brasil not\u00edcias\",\"url\":\"https:\/\/brasilnoticias.org\/site\/\",\"logo\":{\"@type\":\"ImageObject\",\"inLanguage\":\"pt-PT\",\"@id\":\"https:\/\/brasilnoticias.org\/site\/#\/schema\/logo\/image\/\",\"url\":\"https:\/\/brasilnoticias.org\/site\/wp-content\/uploads\/2022\/05\/cropped-brasilnoticias-mini.jpg\",\"contentUrl\":\"https:\/\/brasilnoticias.org\/site\/wp-content\/uploads\/2022\/05\/cropped-brasilnoticias-mini.jpg\",\"width\":314,\"height\":86,\"caption\":\"Brasil not\u00edcias\"},\"image\":{\"@id\":\"https:\/\/brasilnoticias.org\/site\/#\/schema\/logo\/image\/\"}},{\"@type\":\"Person\",\"@id\":\"https:\/\/brasilnoticias.org\/site\/#\/schema\/person\/a0e05b973ec4d15c658d51911e53507b\",\"name\":\"Reda\u00e7\u00e3o\",\"image\":{\"@type\":\"ImageObject\",\"inLanguage\":\"pt-PT\",\"@id\":\"https:\/\/brasilnoticias.org\/site\/#\/schema\/person\/image\/\",\"url\":\"https:\/\/secure.gravatar.com\/avatar\/75d8b050df2de108b08ae78dfb8e374892df24a383c67db9c46a9c604f6aee9c?s=96&d=mm&r=g\",\"contentUrl\":\"https:\/\/secure.gravatar.com\/avatar\/75d8b050df2de108b08ae78dfb8e374892df24a383c67db9c46a9c604f6aee9c?s=96&d=mm&r=g\",\"caption\":\"Reda\u00e7\u00e3o\"},\"sameAs\":[\"https:\/\/brasilnoticias.org\/site\"],\"url\":\"https:\/\/brasilnoticias.org\/site\/author\/fernandozsngmail-com\/\"}]}<\/script>\n<!-- \/ Yoast SEO plugin. -->","yoast_head_json":{"title":"Brasil chega \u00e0 Copa do Mundo do Catar com sistema defensivo consolidado - Brasil not\u00edcias","robots":{"index":"index","follow":"follow","max-snippet":"max-snippet:-1","max-image-preview":"max-image-preview:large","max-video-preview":"max-video-preview:-1"},"canonical":"https:\/\/brasilnoticias.org\/site\/brasil-chega-a-copa-do-mundo-do-catar-com-sistema-defensivo-consolidado\/","og_locale":"pt_PT","og_type":"article","og_title":"Brasil chega \u00e0 Copa do Mundo do Catar com sistema defensivo consolidado - Brasil not\u00edcias","og_description":"DOHA &#8211; Muito se fala na forma\u00e7\u00e3o ofensiva da sele\u00e7\u00e3o brasileira que ir\u00e1 atr\u00e1s do hexacampeonato no Catar, mas \u00e9","og_url":"https:\/\/brasilnoticias.org\/site\/brasil-chega-a-copa-do-mundo-do-catar-com-sistema-defensivo-consolidado\/","og_site_name":"Brasil not\u00edcias","article_published_time":"2022-11-19T21:10:19+00:00","og_image":[{"width":612,"height":408,"url":"https:\/\/brasilnoticias.org\/site\/wp-content\/uploads\/2022\/11\/AA14ikvJ.jpeg","type":"image\/jpeg"}],"author":"Reda\u00e7\u00e3o","twitter_card":"summary_large_image","twitter_misc":{"Escrito por":"Reda\u00e7\u00e3o","Tempo estimado de leitura":"3 minutos"},"schema":{"@context":"https:\/\/schema.org","@graph":[{"@type":"Article","@id":"https:\/\/brasilnoticias.org\/site\/brasil-chega-a-copa-do-mundo-do-catar-com-sistema-defensivo-consolidado\/#article","isPartOf":{"@id":"https:\/\/brasilnoticias.org\/site\/brasil-chega-a-copa-do-mundo-do-catar-com-sistema-defensivo-consolidado\/"},"author":{"name":"Reda\u00e7\u00e3o","@id":"https:\/\/brasilnoticias.org\/site\/#\/schema\/person\/a0e05b973ec4d15c658d51911e53507b"},"headline":"Brasil chega \u00e0 Copa do Mundo do Catar com sistema defensivo consolidado","datePublished":"2022-11-19T21:10:19+00:00","mainEntityOfPage":{"@id":"https:\/\/brasilnoticias.org\/site\/brasil-chega-a-copa-do-mundo-do-catar-com-sistema-defensivo-consolidado\/"},"wordCount":607,"commentCount":0,"publisher":{"@id":"https:\/\/brasilnoticias.org\/site\/#organization"},"image":{"@id":"https:\/\/brasilnoticias.org\/site\/brasil-chega-a-copa-do-mundo-do-catar-com-sistema-defensivo-consolidado\/#primaryimage"},"thumbnailUrl":"https:\/\/brasilnoticias.org\/site\/wp-content\/uploads\/2022\/11\/AA14ikvJ.jpeg","articleSection":["Pol\u00edtica","\u00daltimas"],"inLanguage":"pt-PT","potentialAction":[{"@type":"CommentAction","name":"Comment","target":["https:\/\/brasilnoticias.org\/site\/brasil-chega-a-copa-do-mundo-do-catar-com-sistema-defensivo-consolidado\/#respond"]}]},{"@type":"WebPage","@id":"https:\/\/brasilnoticias.org\/site\/brasil-chega-a-copa-do-mundo-do-catar-com-sistema-defensivo-consolidado\/","url":"https:\/\/brasilnoticias.org\/site\/brasil-chega-a-copa-do-mundo-do-catar-com-sistema-defensivo-consolidado\/","name":"Brasil chega \u00e0 Copa do Mundo do Catar com sistema defensivo consolidado - Brasil not\u00edcias","isPartOf":{"@id":"https:\/\/brasilnoticias.org\/site\/#website"},"primaryImageOfPage":{"@id":"https:\/\/brasilnoticias.org\/site\/brasil-chega-a-copa-do-mundo-do-catar-com-sistema-defensivo-consolidado\/#primaryimage"},"image":{"@id":"https:\/\/brasilnoticias.org\/site\/brasil-chega-a-copa-do-mundo-do-catar-com-sistema-defensivo-consolidado\/#primaryimage"},"thumbnailUrl":"https:\/\/brasilnoticias.org\/site\/wp-content\/uploads\/2022\/11\/AA14ikvJ.jpeg","datePublished":"2022-11-19T21:10:19+00:00","breadcrumb":{"@id":"https:\/\/brasilnoticias.org\/site\/brasil-chega-a-copa-do-mundo-do-catar-com-sistema-defensivo-consolidado\/#breadcrumb"},"inLanguage":"pt-PT","potentialAction":[{"@type":"ReadAction","target":["https:\/\/brasilnoticias.org\/site\/brasil-chega-a-copa-do-mundo-do-catar-com-sistema-defensivo-consolidado\/"]}]},{"@type":"ImageObject","inLanguage":"pt-PT","@id":"https:\/\/brasilnoticias.org\/site\/brasil-chega-a-copa-do-mundo-do-catar-com-sistema-defensivo-consolidado\/#primaryimage","url":"https:\/\/brasilnoticias.org\/site\/wp-content\/uploads\/2022\/11\/AA14ikvJ.jpeg","contentUrl":"https:\/\/brasilnoticias.org\/site\/wp-content\/uploads\/2022\/11\/AA14ikvJ.jpeg","width":612,"height":408},{"@type":"BreadcrumbList","@id":"https:\/\/brasilnoticias.org\/site\/brasil-chega-a-copa-do-mundo-do-catar-com-sistema-defensivo-consolidado\/#breadcrumb","itemListElement":[{"@type":"ListItem","position":1,"name":"In\u00edcio","item":"https:\/\/brasilnoticias.org\/site\/"},{"@type":"ListItem","position":2,"name":"Brasil chega \u00e0 Copa do Mundo do Catar com sistema defensivo consolidado"}]},{"@type":"WebSite","@id":"https:\/\/brasilnoticias.org\/site\/#website","url":"https:\/\/brasilnoticias.org\/site\/","name":"Brasil not\u00edcias","description":"Brasil not\u00edcias","publisher":{"@id":"https:\/\/brasilnoticias.org\/site\/#organization"},"potentialAction":[{"@type":"SearchAction","target":{"@type":"EntryPoint","urlTemplate":"https:\/\/brasilnoticias.org\/site\/?s={search_term_string}"},"query-input":{"@type":"PropertyValueSpecification","valueRequired":true,"valueName":"search_term_string"}}],"inLanguage":"pt-PT"},{"@type":"Organization","@id":"https:\/\/brasilnoticias.org\/site\/#organization","name":"Brasil not\u00edcias","url":"https:\/\/brasilnoticias.org\/site\/","logo":{"@type":"ImageObject","inLanguage":"pt-PT","@id":"https:\/\/brasilnoticias.org\/site\/#\/schema\/logo\/image\/","url":"https:\/\/brasilnoticias.org\/site\/wp-content\/uploads\/2022\/05\/cropped-brasilnoticias-mini.jpg","contentUrl":"https:\/\/brasilnoticias.org\/site\/wp-content\/uploads\/2022\/05\/cropped-brasilnoticias-mini.jpg","width":314,"height":86,"caption":"Brasil not\u00edcias"},"image":{"@id":"https:\/\/brasilnoticias.org\/site\/#\/schema\/logo\/image\/"}},{"@type":"Person","@id":"https:\/\/brasilnoticias.org\/site\/#\/schema\/person\/a0e05b973ec4d15c658d51911e53507b","name":"Reda\u00e7\u00e3o","image":{"@type":"ImageObject","inLanguage":"pt-PT","@id":"https:\/\/brasilnoticias.org\/site\/#\/schema\/person\/image\/","url":"https:\/\/secure.gravatar.com\/avatar\/75d8b050df2de108b08ae78dfb8e374892df24a383c67db9c46a9c604f6aee9c?s=96&d=mm&r=g","contentUrl":"https:\/\/secure.gravatar.com\/avatar\/75d8b050df2de108b08ae78dfb8e374892df24a383c67db9c46a9c604f6aee9c?s=96&d=mm&r=g","caption":"Reda\u00e7\u00e3o"},"sameAs":["https:\/\/brasilnoticias.org\/site"],"url":"https:\/\/brasilnoticias.org\/site\/author\/fernandozsngmail-com\/"}]}},"_links":{"self":[{"href":"https:\/\/brasilnoticias.org\/site\/wp-json\/wp\/v2\/posts\/2296","targetHints":{"allow":["GET"]}}],"collection":[{"href":"https:\/\/brasilnoticias.org\/site\/wp-json\/wp\/v2\/posts"}],"about":[{"href":"https:\/\/brasilnoticias.org\/site\/wp-json\/wp\/v2\/types\/post"}],"author":[{"embeddable":true,"href":"https:\/\/brasilnoticias.org\/site\/wp-json\/wp\/v2\/users\/1"}],"replies":[{"embeddable":true,"href":"https:\/\/brasilnoticias.org\/site\/wp-json\/wp\/v2\/comments?post=2296"}],"version-history":[{"count":1,"href":"https:\/\/brasilnoticias.org\/site\/wp-json\/wp\/v2\/posts\/2296\/revisions"}],"predecessor-version":[{"id":2298,"href":"https:\/\/brasilnoticias.org\/site\/wp-json\/wp\/v2\/posts\/2296\/revisions\/2298"}],"wp:featuredmedia":[{"embeddable":true,"href":"https:\/\/brasilnoticias.org\/site\/wp-json\/wp\/v2\/media\/2297"}],"wp:attachment":[{"href":"https:\/\/brasilnoticias.org\/site\/wp-json\/wp\/v2\/media?parent=2296"}],"wp:term":[{"taxonomy":"category","embeddable":true,"href":"https:\/\/brasilnoticias.org\/site\/wp-json\/wp\/v2\/categories?post=2296"},{"taxonomy":"post_tag","embeddable":true,"href":"https:\/\/brasilnoticias.org\/site\/wp-json\/wp\/v2\/tags?post=2296"}],"curies":[{"name":"wp","href":"https:\/\/api.w.org\/{rel}","templated":true}]}}