{"id":2304,"date":"2022-11-20T07:00:27","date_gmt":"2022-11-20T10:00:27","guid":{"rendered":"https:\/\/brasilnoticias.org\/site\/?p=2304"},"modified":"2022-11-19T22:17:29","modified_gmt":"2022-11-20T01:17:29","slug":"taxa-de-ocupacao-de-leitos-de-covid-na-bahia-e-alta","status":"publish","type":"post","link":"https:\/\/brasilnoticias.org\/site\/taxa-de-ocupacao-de-leitos-de-covid-na-bahia-e-alta\/","title":{"rendered":"Taxa de ocupa\u00e7\u00e3o de leitos de COVID na Bahia \u00e9 alta"},"content":{"rendered":"<p>A taxa de ocupa\u00e7\u00e3o de leitos adultos e pedi\u00e1tricos na Bahia j\u00e1 proovocam sinal de alerta. O Estado possui 1.756\u00a0<a href=\"https:\/\/www.bnews.com.br\/noticias\/coronavirus\/bahia-registra-quase-5-mil-novos-casos-de-covid-conselho-de-saude-acende-alerta.html\">casos ativos de Covid-19<\/a>. O Hospital Espanhol, refer\u00eancia no tratamento da doen\u00e7a em Salvador, registrou um aumento de 50% da taxa de ocupa\u00e7\u00e3o nos leitos adultos da Unidade de Terapia Intensiva (UTI).<\/p>\n<p>Em todo o Estado, a ocupa\u00e7\u00e3o de leitos pedi\u00e1tricos chama aten\u00e7\u00e3o. Entre as enfermarias pedi\u00e1tricas disponiblizadas especificamente para doen\u00e7a, h\u00e1 apenas duas vagas. Com uma taxa de ocupa\u00e7\u00e3o de 90%, existem 20 vagas em enfermarias pedi\u00e1tricas e 18 delas est\u00e3o ocupadas.<\/p>\n<div class=\"mb-3 veja_mais_inject\">\n<div class=\"row\">\n<div class=\"col-12 col-md-6 py-2 py-sm-0\" data-vejamais=\"403701\">\n<div class=\"row p-0 m-0\">\n<p>As enfermarias adultas posseum 145 vagas e a taxa de ocupa\u00e7\u00e3o atual \u00e9 de 21%, ou seja, 30 delas est\u00e3o ocupadas para acompanhamento de pessoas infectadas, segundo dados da Secretaria Estadual de Sa\u00fade (SESAB).<\/p>\n<div class=\"d-flex justify-content-center my-3\">\n<p>Dentre as UTI\u00b4s, s\u00e3o disponibilizadas 125 vagas em todo Estado e 38 delas est\u00e3o ocupadas. No caso da ala pedi\u00e1trica, a taxa de ocupa\u00e7\u00e3o \u00e9 de 45%, sendo 20 vagas para crian\u00e7as e adolescentes e\u00a0 nove delas est\u00e3o ocupadas.<\/p>\n<p>A Sesab tem recomendado o complemento dos esquema vacinal; testagem de sintom\u00e1ticos; isolamento de positivos; uso de m\u00e1scara em unidades de sa\u00fade.<\/p>\n<\/div>\n<p>Bnews<\/p>\n<p>Foto Bruno Concha\/Secom<\/p>\n<\/div>\n<\/div>\n<\/div>\n<\/div>\n","protected":false},"excerpt":{"rendered":"<p>A taxa de ocupa\u00e7\u00e3o de leitos adultos e pedi\u00e1tricos na Bahia j\u00e1 proovocam sinal de alerta. O Estado possui 1.756\u00a0casos<\/p>\n","protected":false},"author":1,"featured_media":2305,"comment_status":"open","ping_status":"open","sticky":false,"template":"","format":"standard","meta":{"colormag_page_container_layout":"default_layout","colormag_page_sidebar_layout":"default_layout","_FSMCFIC_featured_image_caption":"","_FSMCFIC_featured_image_nocaption":"","_FSMCFIC_featured_image_hide":"","footnotes":""},"categories":[2,1],"tags":[],"class_list":["post-2304","post","type-post","status-publish","format-standard","has-post-thumbnail","hentry","category-noticias","category-ultimas"],"yoast_head":"<!-- This site is optimized with the Yoast SEO plugin v27.1.1 - https:\/\/yoast.com\/product\/yoast-seo-wordpress\/ -->\n<title>Taxa de ocupa\u00e7\u00e3o de leitos de COVID na Bahia \u00e9 alta - Brasil not\u00edcias<\/title>\n<meta name=\"robots\" content=\"index, follow, max-snippet:-1, max-image-preview:large, max-video-preview:-1\" \/>\n<link rel=\"canonical\" href=\"https:\/\/brasilnoticias.org\/site\/taxa-de-ocupacao-de-leitos-de-covid-na-bahia-e-alta\/\" \/>\n<meta property=\"og:locale\" content=\"pt_PT\" \/>\n<meta property=\"og:type\" content=\"article\" \/>\n<meta property=\"og:title\" content=\"Taxa de ocupa\u00e7\u00e3o de leitos de COVID na Bahia \u00e9 alta - Brasil not\u00edcias\" \/>\n<meta property=\"og:description\" content=\"A taxa de ocupa\u00e7\u00e3o de leitos adultos e pedi\u00e1tricos na Bahia j\u00e1 proovocam sinal de alerta. O Estado possui 1.756\u00a0casos\" \/>\n<meta property=\"og:url\" content=\"https:\/\/brasilnoticias.org\/site\/taxa-de-ocupacao-de-leitos-de-covid-na-bahia-e-alta\/\" \/>\n<meta property=\"og:site_name\" content=\"Brasil not\u00edcias\" \/>\n<meta property=\"article:published_time\" content=\"2022-11-20T10:00:27+00:00\" \/>\n<meta property=\"og:image\" content=\"https:\/\/brasilnoticias.org\/site\/wp-content\/uploads\/2022\/11\/sesab_widelg.jpg\" \/>\n\t<meta property=\"og:image:width\" content=\"642\" \/>\n\t<meta property=\"og:image:height\" content=\"398\" \/>\n\t<meta property=\"og:image:type\" content=\"image\/jpeg\" \/>\n<meta name=\"author\" content=\"Reda\u00e7\u00e3o\" \/>\n<meta name=\"twitter:card\" content=\"summary_large_image\" \/>\n<meta name=\"twitter:label1\" content=\"Escrito por\" \/>\n\t<meta name=\"twitter:data1\" content=\"Reda\u00e7\u00e3o\" \/>\n\t<meta name=\"twitter:label2\" content=\"Tempo estimado de leitura\" \/>\n\t<meta name=\"twitter:data2\" content=\"1 minuto\" \/>\n<script type=\"application\/ld+json\" class=\"yoast-schema-graph\">{\"@context\":\"https:\/\/schema.org\",\"@graph\":[{\"@type\":\"Article\",\"@id\":\"https:\/\/brasilnoticias.org\/site\/taxa-de-ocupacao-de-leitos-de-covid-na-bahia-e-alta\/#article\",\"isPartOf\":{\"@id\":\"https:\/\/brasilnoticias.org\/site\/taxa-de-ocupacao-de-leitos-de-covid-na-bahia-e-alta\/\"},\"author\":{\"name\":\"Reda\u00e7\u00e3o\",\"@id\":\"https:\/\/brasilnoticias.org\/site\/#\/schema\/person\/a0e05b973ec4d15c658d51911e53507b\"},\"headline\":\"Taxa de ocupa\u00e7\u00e3o de leitos de COVID na Bahia \u00e9 alta\",\"datePublished\":\"2022-11-20T10:00:27+00:00\",\"mainEntityOfPage\":{\"@id\":\"https:\/\/brasilnoticias.org\/site\/taxa-de-ocupacao-de-leitos-de-covid-na-bahia-e-alta\/\"},\"wordCount\":216,\"commentCount\":0,\"publisher\":{\"@id\":\"https:\/\/brasilnoticias.org\/site\/#organization\"},\"image\":{\"@id\":\"https:\/\/brasilnoticias.org\/site\/taxa-de-ocupacao-de-leitos-de-covid-na-bahia-e-alta\/#primaryimage\"},\"thumbnailUrl\":\"https:\/\/brasilnoticias.org\/site\/wp-content\/uploads\/2022\/11\/sesab_widelg.jpg\",\"articleSection\":[\"Not\u00edcias\",\"\u00daltimas\"],\"inLanguage\":\"pt-PT\",\"potentialAction\":[{\"@type\":\"CommentAction\",\"name\":\"Comment\",\"target\":[\"https:\/\/brasilnoticias.org\/site\/taxa-de-ocupacao-de-leitos-de-covid-na-bahia-e-alta\/#respond\"]}]},{\"@type\":\"WebPage\",\"@id\":\"https:\/\/brasilnoticias.org\/site\/taxa-de-ocupacao-de-leitos-de-covid-na-bahia-e-alta\/\",\"url\":\"https:\/\/brasilnoticias.org\/site\/taxa-de-ocupacao-de-leitos-de-covid-na-bahia-e-alta\/\",\"name\":\"Taxa de ocupa\u00e7\u00e3o de leitos de COVID na Bahia \u00e9 alta - Brasil not\u00edcias\",\"isPartOf\":{\"@id\":\"https:\/\/brasilnoticias.org\/site\/#website\"},\"primaryImageOfPage\":{\"@id\":\"https:\/\/brasilnoticias.org\/site\/taxa-de-ocupacao-de-leitos-de-covid-na-bahia-e-alta\/#primaryimage\"},\"image\":{\"@id\":\"https:\/\/brasilnoticias.org\/site\/taxa-de-ocupacao-de-leitos-de-covid-na-bahia-e-alta\/#primaryimage\"},\"thumbnailUrl\":\"https:\/\/brasilnoticias.org\/site\/wp-content\/uploads\/2022\/11\/sesab_widelg.jpg\",\"datePublished\":\"2022-11-20T10:00:27+00:00\",\"breadcrumb\":{\"@id\":\"https:\/\/brasilnoticias.org\/site\/taxa-de-ocupacao-de-leitos-de-covid-na-bahia-e-alta\/#breadcrumb\"},\"inLanguage\":\"pt-PT\",\"potentialAction\":[{\"@type\":\"ReadAction\",\"target\":[\"https:\/\/brasilnoticias.org\/site\/taxa-de-ocupacao-de-leitos-de-covid-na-bahia-e-alta\/\"]}]},{\"@type\":\"ImageObject\",\"inLanguage\":\"pt-PT\",\"@id\":\"https:\/\/brasilnoticias.org\/site\/taxa-de-ocupacao-de-leitos-de-covid-na-bahia-e-alta\/#primaryimage\",\"url\":\"https:\/\/brasilnoticias.org\/site\/wp-content\/uploads\/2022\/11\/sesab_widelg.jpg\",\"contentUrl\":\"https:\/\/brasilnoticias.org\/site\/wp-content\/uploads\/2022\/11\/sesab_widelg.jpg\",\"width\":642,\"height\":398},{\"@type\":\"BreadcrumbList\",\"@id\":\"https:\/\/brasilnoticias.org\/site\/taxa-de-ocupacao-de-leitos-de-covid-na-bahia-e-alta\/#breadcrumb\",\"itemListElement\":[{\"@type\":\"ListItem\",\"position\":1,\"name\":\"In\u00edcio\",\"item\":\"https:\/\/brasilnoticias.org\/site\/\"},{\"@type\":\"ListItem\",\"position\":2,\"name\":\"Taxa de ocupa\u00e7\u00e3o de leitos de COVID na Bahia \u00e9 alta\"}]},{\"@type\":\"WebSite\",\"@id\":\"https:\/\/brasilnoticias.org\/site\/#website\",\"url\":\"https:\/\/brasilnoticias.org\/site\/\",\"name\":\"Brasil not\u00edcias\",\"description\":\"Brasil not\u00edcias\",\"publisher\":{\"@id\":\"https:\/\/brasilnoticias.org\/site\/#organization\"},\"potentialAction\":[{\"@type\":\"SearchAction\",\"target\":{\"@type\":\"EntryPoint\",\"urlTemplate\":\"https:\/\/brasilnoticias.org\/site\/?s={search_term_string}\"},\"query-input\":{\"@type\":\"PropertyValueSpecification\",\"valueRequired\":true,\"valueName\":\"search_term_string\"}}],\"inLanguage\":\"pt-PT\"},{\"@type\":\"Organization\",\"@id\":\"https:\/\/brasilnoticias.org\/site\/#organization\",\"name\":\"Brasil not\u00edcias\",\"url\":\"https:\/\/brasilnoticias.org\/site\/\",\"logo\":{\"@type\":\"ImageObject\",\"inLanguage\":\"pt-PT\",\"@id\":\"https:\/\/brasilnoticias.org\/site\/#\/schema\/logo\/image\/\",\"url\":\"https:\/\/brasilnoticias.org\/site\/wp-content\/uploads\/2022\/05\/cropped-brasilnoticias-mini.jpg\",\"contentUrl\":\"https:\/\/brasilnoticias.org\/site\/wp-content\/uploads\/2022\/05\/cropped-brasilnoticias-mini.jpg\",\"width\":314,\"height\":86,\"caption\":\"Brasil not\u00edcias\"},\"image\":{\"@id\":\"https:\/\/brasilnoticias.org\/site\/#\/schema\/logo\/image\/\"}},{\"@type\":\"Person\",\"@id\":\"https:\/\/brasilnoticias.org\/site\/#\/schema\/person\/a0e05b973ec4d15c658d51911e53507b\",\"name\":\"Reda\u00e7\u00e3o\",\"image\":{\"@type\":\"ImageObject\",\"inLanguage\":\"pt-PT\",\"@id\":\"https:\/\/brasilnoticias.org\/site\/#\/schema\/person\/image\/\",\"url\":\"https:\/\/secure.gravatar.com\/avatar\/75d8b050df2de108b08ae78dfb8e374892df24a383c67db9c46a9c604f6aee9c?s=96&d=mm&r=g\",\"contentUrl\":\"https:\/\/secure.gravatar.com\/avatar\/75d8b050df2de108b08ae78dfb8e374892df24a383c67db9c46a9c604f6aee9c?s=96&d=mm&r=g\",\"caption\":\"Reda\u00e7\u00e3o\"},\"sameAs\":[\"https:\/\/brasilnoticias.org\/site\"],\"url\":\"https:\/\/brasilnoticias.org\/site\/author\/fernandozsngmail-com\/\"}]}<\/script>\n<!-- \/ Yoast SEO plugin. -->","yoast_head_json":{"title":"Taxa de ocupa\u00e7\u00e3o de leitos de COVID na Bahia \u00e9 alta - Brasil not\u00edcias","robots":{"index":"index","follow":"follow","max-snippet":"max-snippet:-1","max-image-preview":"max-image-preview:large","max-video-preview":"max-video-preview:-1"},"canonical":"https:\/\/brasilnoticias.org\/site\/taxa-de-ocupacao-de-leitos-de-covid-na-bahia-e-alta\/","og_locale":"pt_PT","og_type":"article","og_title":"Taxa de ocupa\u00e7\u00e3o de leitos de COVID na Bahia \u00e9 alta - Brasil not\u00edcias","og_description":"A taxa de ocupa\u00e7\u00e3o de leitos adultos e pedi\u00e1tricos na Bahia j\u00e1 proovocam sinal de alerta. O Estado possui 1.756\u00a0casos","og_url":"https:\/\/brasilnoticias.org\/site\/taxa-de-ocupacao-de-leitos-de-covid-na-bahia-e-alta\/","og_site_name":"Brasil not\u00edcias","article_published_time":"2022-11-20T10:00:27+00:00","og_image":[{"width":642,"height":398,"url":"https:\/\/brasilnoticias.org\/site\/wp-content\/uploads\/2022\/11\/sesab_widelg.jpg","type":"image\/jpeg"}],"author":"Reda\u00e7\u00e3o","twitter_card":"summary_large_image","twitter_misc":{"Escrito por":"Reda\u00e7\u00e3o","Tempo estimado de leitura":"1 minuto"},"schema":{"@context":"https:\/\/schema.org","@graph":[{"@type":"Article","@id":"https:\/\/brasilnoticias.org\/site\/taxa-de-ocupacao-de-leitos-de-covid-na-bahia-e-alta\/#article","isPartOf":{"@id":"https:\/\/brasilnoticias.org\/site\/taxa-de-ocupacao-de-leitos-de-covid-na-bahia-e-alta\/"},"author":{"name":"Reda\u00e7\u00e3o","@id":"https:\/\/brasilnoticias.org\/site\/#\/schema\/person\/a0e05b973ec4d15c658d51911e53507b"},"headline":"Taxa de ocupa\u00e7\u00e3o de leitos de COVID na Bahia \u00e9 alta","datePublished":"2022-11-20T10:00:27+00:00","mainEntityOfPage":{"@id":"https:\/\/brasilnoticias.org\/site\/taxa-de-ocupacao-de-leitos-de-covid-na-bahia-e-alta\/"},"wordCount":216,"commentCount":0,"publisher":{"@id":"https:\/\/brasilnoticias.org\/site\/#organization"},"image":{"@id":"https:\/\/brasilnoticias.org\/site\/taxa-de-ocupacao-de-leitos-de-covid-na-bahia-e-alta\/#primaryimage"},"thumbnailUrl":"https:\/\/brasilnoticias.org\/site\/wp-content\/uploads\/2022\/11\/sesab_widelg.jpg","articleSection":["Not\u00edcias","\u00daltimas"],"inLanguage":"pt-PT","potentialAction":[{"@type":"CommentAction","name":"Comment","target":["https:\/\/brasilnoticias.org\/site\/taxa-de-ocupacao-de-leitos-de-covid-na-bahia-e-alta\/#respond"]}]},{"@type":"WebPage","@id":"https:\/\/brasilnoticias.org\/site\/taxa-de-ocupacao-de-leitos-de-covid-na-bahia-e-alta\/","url":"https:\/\/brasilnoticias.org\/site\/taxa-de-ocupacao-de-leitos-de-covid-na-bahia-e-alta\/","name":"Taxa de ocupa\u00e7\u00e3o de leitos de COVID na Bahia \u00e9 alta - Brasil not\u00edcias","isPartOf":{"@id":"https:\/\/brasilnoticias.org\/site\/#website"},"primaryImageOfPage":{"@id":"https:\/\/brasilnoticias.org\/site\/taxa-de-ocupacao-de-leitos-de-covid-na-bahia-e-alta\/#primaryimage"},"image":{"@id":"https:\/\/brasilnoticias.org\/site\/taxa-de-ocupacao-de-leitos-de-covid-na-bahia-e-alta\/#primaryimage"},"thumbnailUrl":"https:\/\/brasilnoticias.org\/site\/wp-content\/uploads\/2022\/11\/sesab_widelg.jpg","datePublished":"2022-11-20T10:00:27+00:00","breadcrumb":{"@id":"https:\/\/brasilnoticias.org\/site\/taxa-de-ocupacao-de-leitos-de-covid-na-bahia-e-alta\/#breadcrumb"},"inLanguage":"pt-PT","potentialAction":[{"@type":"ReadAction","target":["https:\/\/brasilnoticias.org\/site\/taxa-de-ocupacao-de-leitos-de-covid-na-bahia-e-alta\/"]}]},{"@type":"ImageObject","inLanguage":"pt-PT","@id":"https:\/\/brasilnoticias.org\/site\/taxa-de-ocupacao-de-leitos-de-covid-na-bahia-e-alta\/#primaryimage","url":"https:\/\/brasilnoticias.org\/site\/wp-content\/uploads\/2022\/11\/sesab_widelg.jpg","contentUrl":"https:\/\/brasilnoticias.org\/site\/wp-content\/uploads\/2022\/11\/sesab_widelg.jpg","width":642,"height":398},{"@type":"BreadcrumbList","@id":"https:\/\/brasilnoticias.org\/site\/taxa-de-ocupacao-de-leitos-de-covid-na-bahia-e-alta\/#breadcrumb","itemListElement":[{"@type":"ListItem","position":1,"name":"In\u00edcio","item":"https:\/\/brasilnoticias.org\/site\/"},{"@type":"ListItem","position":2,"name":"Taxa de ocupa\u00e7\u00e3o de leitos de COVID na Bahia \u00e9 alta"}]},{"@type":"WebSite","@id":"https:\/\/brasilnoticias.org\/site\/#website","url":"https:\/\/brasilnoticias.org\/site\/","name":"Brasil not\u00edcias","description":"Brasil not\u00edcias","publisher":{"@id":"https:\/\/brasilnoticias.org\/site\/#organization"},"potentialAction":[{"@type":"SearchAction","target":{"@type":"EntryPoint","urlTemplate":"https:\/\/brasilnoticias.org\/site\/?s={search_term_string}"},"query-input":{"@type":"PropertyValueSpecification","valueRequired":true,"valueName":"search_term_string"}}],"inLanguage":"pt-PT"},{"@type":"Organization","@id":"https:\/\/brasilnoticias.org\/site\/#organization","name":"Brasil not\u00edcias","url":"https:\/\/brasilnoticias.org\/site\/","logo":{"@type":"ImageObject","inLanguage":"pt-PT","@id":"https:\/\/brasilnoticias.org\/site\/#\/schema\/logo\/image\/","url":"https:\/\/brasilnoticias.org\/site\/wp-content\/uploads\/2022\/05\/cropped-brasilnoticias-mini.jpg","contentUrl":"https:\/\/brasilnoticias.org\/site\/wp-content\/uploads\/2022\/05\/cropped-brasilnoticias-mini.jpg","width":314,"height":86,"caption":"Brasil not\u00edcias"},"image":{"@id":"https:\/\/brasilnoticias.org\/site\/#\/schema\/logo\/image\/"}},{"@type":"Person","@id":"https:\/\/brasilnoticias.org\/site\/#\/schema\/person\/a0e05b973ec4d15c658d51911e53507b","name":"Reda\u00e7\u00e3o","image":{"@type":"ImageObject","inLanguage":"pt-PT","@id":"https:\/\/brasilnoticias.org\/site\/#\/schema\/person\/image\/","url":"https:\/\/secure.gravatar.com\/avatar\/75d8b050df2de108b08ae78dfb8e374892df24a383c67db9c46a9c604f6aee9c?s=96&d=mm&r=g","contentUrl":"https:\/\/secure.gravatar.com\/avatar\/75d8b050df2de108b08ae78dfb8e374892df24a383c67db9c46a9c604f6aee9c?s=96&d=mm&r=g","caption":"Reda\u00e7\u00e3o"},"sameAs":["https:\/\/brasilnoticias.org\/site"],"url":"https:\/\/brasilnoticias.org\/site\/author\/fernandozsngmail-com\/"}]}},"_links":{"self":[{"href":"https:\/\/brasilnoticias.org\/site\/wp-json\/wp\/v2\/posts\/2304","targetHints":{"allow":["GET"]}}],"collection":[{"href":"https:\/\/brasilnoticias.org\/site\/wp-json\/wp\/v2\/posts"}],"about":[{"href":"https:\/\/brasilnoticias.org\/site\/wp-json\/wp\/v2\/types\/post"}],"author":[{"embeddable":true,"href":"https:\/\/brasilnoticias.org\/site\/wp-json\/wp\/v2\/users\/1"}],"replies":[{"embeddable":true,"href":"https:\/\/brasilnoticias.org\/site\/wp-json\/wp\/v2\/comments?post=2304"}],"version-history":[{"count":1,"href":"https:\/\/brasilnoticias.org\/site\/wp-json\/wp\/v2\/posts\/2304\/revisions"}],"predecessor-version":[{"id":2306,"href":"https:\/\/brasilnoticias.org\/site\/wp-json\/wp\/v2\/posts\/2304\/revisions\/2306"}],"wp:featuredmedia":[{"embeddable":true,"href":"https:\/\/brasilnoticias.org\/site\/wp-json\/wp\/v2\/media\/2305"}],"wp:attachment":[{"href":"https:\/\/brasilnoticias.org\/site\/wp-json\/wp\/v2\/media?parent=2304"}],"wp:term":[{"taxonomy":"category","embeddable":true,"href":"https:\/\/brasilnoticias.org\/site\/wp-json\/wp\/v2\/categories?post=2304"},{"taxonomy":"post_tag","embeddable":true,"href":"https:\/\/brasilnoticias.org\/site\/wp-json\/wp\/v2\/tags?post=2304"}],"curies":[{"name":"wp","href":"https:\/\/api.w.org\/{rel}","templated":true}]}}