{"id":2307,"date":"2022-11-20T07:10:43","date_gmt":"2022-11-20T10:10:43","guid":{"rendered":"https:\/\/brasilnoticias.org\/site\/?p=2307"},"modified":"2022-11-19T22:21:27","modified_gmt":"2022-11-20T01:21:27","slug":"mulher-e-morta-por-bala-perdida-apos-tentar-proteger-bebe-de-tiroteio","status":"publish","type":"post","link":"https:\/\/brasilnoticias.org\/site\/mulher-e-morta-por-bala-perdida-apos-tentar-proteger-bebe-de-tiroteio\/","title":{"rendered":"Mulher \u00e9 morta por bala perdida ap\u00f3s tentar proteger beb\u00ea de tiroteio"},"content":{"rendered":"<p>Uma mulher, de 54 anos, foi v\u00edtima de bala perdida no bairro Vila Sap\u00ea, em Duque de Caxias, na Baixada Fluminense (RJ), na \u00faltima sexta-feira (19). Dona Da\u00e7a, como Valdeci Serafim era conhecida, passava pela rua, quando, de acordo com informa\u00e7\u00f5es de alguns vizinhos, PMs coem\u00e7aram uma opera\u00e7\u00e3o no local. A corpora\u00e7\u00e3o, entretanto, nega que tenha exercido qualquer tipo de trabalho na regi\u00e3o.<\/p>\n<p>Segundo testemunhas, por volta das 11h, dona Da\u00e7a, estava segurando uma crian\u00e7a no colo, enquanto conversava junto ao port\u00e3o da casa de uma amiga, no momento em que um tiroteio iniciou-se na regi\u00e3o. A mulher teria tentado proteger a crian\u00e7a, que, de acordo com os familiares, seria filho de uma amiga da igreja, que estava tomando conta, quando acabou alvejada nas costas. O beb\u00ea passa bem.<\/p>\n<p>Dona Da\u00e7a chegou a ser socorrida at\u00e9 a Unidade Pr\u00e9-Hospitalar (UPH) pr\u00f3xima ao local, mas acabou n\u00e3o resistindo.<\/p>\n<p>Em nota divulgada pela\u00a0Pol\u00edcia Militar, o comando do 15\u00baBPM (Duque de Caxias) afirmou que n\u00e3o havia ocorr\u00eancia de confronto ou opera\u00e7\u00e3o em andamento envolvendo o batalh\u00e3o na data e local citados. A corpora\u00e7\u00e3o informou que agentes do 15\u00baBPM foram acionados para verificar ocorr\u00eancia de entrada de uma pessoa ferida por disparo de arma de fogo na UPH (Unidade Pr\u00e9-Hospitalar) de Imbari\u00ea, o que foi constatado ao chegarem na unidade de sa\u00fade.<\/p>\n<p>A ocorr\u00eancia foi encaminhada para registro na 60\u00aa DP (Campos El\u00edsios), que disse fazer dilig\u00eancias para solucionar o que aconteceu.\u00a0As informa\u00e7\u00f5es s\u00e3o de O Dia.<\/p>\n<p>Bnews<br \/>\nFoto Reprodu\u00e7\u00e3o<\/p>\n","protected":false},"excerpt":{"rendered":"<p>Uma mulher, de 54 anos, foi v\u00edtima de bala perdida no bairro Vila Sap\u00ea, em Duque de Caxias, na Baixada<\/p>\n","protected":false},"author":1,"featured_media":2308,"comment_status":"open","ping_status":"open","sticky":false,"template":"","format":"standard","meta":{"colormag_page_container_layout":"default_layout","colormag_page_sidebar_layout":"default_layout","_FSMCFIC_featured_image_caption":"","_FSMCFIC_featured_image_nocaption":"","_FSMCFIC_featured_image_hide":"","footnotes":""},"categories":[2,1],"tags":[],"class_list":["post-2307","post","type-post","status-publish","format-standard","has-post-thumbnail","hentry","category-noticias","category-ultimas"],"yoast_head":"<!-- This site is optimized with the Yoast SEO plugin v27.1.1 - https:\/\/yoast.com\/product\/yoast-seo-wordpress\/ -->\n<title>Mulher \u00e9 morta por bala perdida ap\u00f3s tentar proteger beb\u00ea de tiroteio - Brasil not\u00edcias<\/title>\n<meta name=\"robots\" content=\"index, follow, max-snippet:-1, max-image-preview:large, max-video-preview:-1\" \/>\n<link rel=\"canonical\" href=\"https:\/\/brasilnoticias.org\/site\/mulher-e-morta-por-bala-perdida-apos-tentar-proteger-bebe-de-tiroteio\/\" \/>\n<meta property=\"og:locale\" content=\"pt_PT\" \/>\n<meta property=\"og:type\" content=\"article\" \/>\n<meta property=\"og:title\" content=\"Mulher \u00e9 morta por bala perdida ap\u00f3s tentar proteger beb\u00ea de tiroteio - Brasil not\u00edcias\" \/>\n<meta property=\"og:description\" content=\"Uma mulher, de 54 anos, foi v\u00edtima de bala perdida no bairro Vila Sap\u00ea, em Duque de Caxias, na Baixada\" \/>\n<meta property=\"og:url\" content=\"https:\/\/brasilnoticias.org\/site\/mulher-e-morta-por-bala-perdida-apos-tentar-proteger-bebe-de-tiroteio\/\" \/>\n<meta property=\"og:site_name\" content=\"Brasil not\u00edcias\" \/>\n<meta property=\"article:published_time\" content=\"2022-11-20T10:10:43+00:00\" \/>\n<meta property=\"og:image\" content=\"https:\/\/brasilnoticias.org\/site\/wp-content\/uploads\/2022\/11\/captura_de_tela_143_widelg.png\" \/>\n\t<meta property=\"og:image:width\" content=\"800\" \/>\n\t<meta property=\"og:image:height\" content=\"450\" \/>\n\t<meta property=\"og:image:type\" content=\"image\/png\" \/>\n<meta name=\"author\" content=\"Reda\u00e7\u00e3o\" \/>\n<meta name=\"twitter:card\" content=\"summary_large_image\" \/>\n<meta name=\"twitter:label1\" content=\"Escrito por\" \/>\n\t<meta name=\"twitter:data1\" content=\"Reda\u00e7\u00e3o\" \/>\n\t<meta name=\"twitter:label2\" content=\"Tempo estimado de leitura\" \/>\n\t<meta name=\"twitter:data2\" content=\"1 minuto\" \/>\n<script type=\"application\/ld+json\" class=\"yoast-schema-graph\">{\"@context\":\"https:\/\/schema.org\",\"@graph\":[{\"@type\":\"Article\",\"@id\":\"https:\/\/brasilnoticias.org\/site\/mulher-e-morta-por-bala-perdida-apos-tentar-proteger-bebe-de-tiroteio\/#article\",\"isPartOf\":{\"@id\":\"https:\/\/brasilnoticias.org\/site\/mulher-e-morta-por-bala-perdida-apos-tentar-proteger-bebe-de-tiroteio\/\"},\"author\":{\"name\":\"Reda\u00e7\u00e3o\",\"@id\":\"https:\/\/brasilnoticias.org\/site\/#\/schema\/person\/a0e05b973ec4d15c658d51911e53507b\"},\"headline\":\"Mulher \u00e9 morta por bala perdida ap\u00f3s tentar proteger beb\u00ea de tiroteio\",\"datePublished\":\"2022-11-20T10:10:43+00:00\",\"mainEntityOfPage\":{\"@id\":\"https:\/\/brasilnoticias.org\/site\/mulher-e-morta-por-bala-perdida-apos-tentar-proteger-bebe-de-tiroteio\/\"},\"wordCount\":288,\"commentCount\":0,\"publisher\":{\"@id\":\"https:\/\/brasilnoticias.org\/site\/#organization\"},\"image\":{\"@id\":\"https:\/\/brasilnoticias.org\/site\/mulher-e-morta-por-bala-perdida-apos-tentar-proteger-bebe-de-tiroteio\/#primaryimage\"},\"thumbnailUrl\":\"https:\/\/brasilnoticias.org\/site\/wp-content\/uploads\/2022\/11\/captura_de_tela_143_widelg.png\",\"articleSection\":[\"Not\u00edcias\",\"\u00daltimas\"],\"inLanguage\":\"pt-PT\",\"potentialAction\":[{\"@type\":\"CommentAction\",\"name\":\"Comment\",\"target\":[\"https:\/\/brasilnoticias.org\/site\/mulher-e-morta-por-bala-perdida-apos-tentar-proteger-bebe-de-tiroteio\/#respond\"]}]},{\"@type\":\"WebPage\",\"@id\":\"https:\/\/brasilnoticias.org\/site\/mulher-e-morta-por-bala-perdida-apos-tentar-proteger-bebe-de-tiroteio\/\",\"url\":\"https:\/\/brasilnoticias.org\/site\/mulher-e-morta-por-bala-perdida-apos-tentar-proteger-bebe-de-tiroteio\/\",\"name\":\"Mulher \u00e9 morta por bala perdida ap\u00f3s tentar proteger beb\u00ea de tiroteio - Brasil not\u00edcias\",\"isPartOf\":{\"@id\":\"https:\/\/brasilnoticias.org\/site\/#website\"},\"primaryImageOfPage\":{\"@id\":\"https:\/\/brasilnoticias.org\/site\/mulher-e-morta-por-bala-perdida-apos-tentar-proteger-bebe-de-tiroteio\/#primaryimage\"},\"image\":{\"@id\":\"https:\/\/brasilnoticias.org\/site\/mulher-e-morta-por-bala-perdida-apos-tentar-proteger-bebe-de-tiroteio\/#primaryimage\"},\"thumbnailUrl\":\"https:\/\/brasilnoticias.org\/site\/wp-content\/uploads\/2022\/11\/captura_de_tela_143_widelg.png\",\"datePublished\":\"2022-11-20T10:10:43+00:00\",\"breadcrumb\":{\"@id\":\"https:\/\/brasilnoticias.org\/site\/mulher-e-morta-por-bala-perdida-apos-tentar-proteger-bebe-de-tiroteio\/#breadcrumb\"},\"inLanguage\":\"pt-PT\",\"potentialAction\":[{\"@type\":\"ReadAction\",\"target\":[\"https:\/\/brasilnoticias.org\/site\/mulher-e-morta-por-bala-perdida-apos-tentar-proteger-bebe-de-tiroteio\/\"]}]},{\"@type\":\"ImageObject\",\"inLanguage\":\"pt-PT\",\"@id\":\"https:\/\/brasilnoticias.org\/site\/mulher-e-morta-por-bala-perdida-apos-tentar-proteger-bebe-de-tiroteio\/#primaryimage\",\"url\":\"https:\/\/brasilnoticias.org\/site\/wp-content\/uploads\/2022\/11\/captura_de_tela_143_widelg.png\",\"contentUrl\":\"https:\/\/brasilnoticias.org\/site\/wp-content\/uploads\/2022\/11\/captura_de_tela_143_widelg.png\",\"width\":800,\"height\":450},{\"@type\":\"BreadcrumbList\",\"@id\":\"https:\/\/brasilnoticias.org\/site\/mulher-e-morta-por-bala-perdida-apos-tentar-proteger-bebe-de-tiroteio\/#breadcrumb\",\"itemListElement\":[{\"@type\":\"ListItem\",\"position\":1,\"name\":\"In\u00edcio\",\"item\":\"https:\/\/brasilnoticias.org\/site\/\"},{\"@type\":\"ListItem\",\"position\":2,\"name\":\"Mulher \u00e9 morta por bala perdida ap\u00f3s tentar proteger beb\u00ea de tiroteio\"}]},{\"@type\":\"WebSite\",\"@id\":\"https:\/\/brasilnoticias.org\/site\/#website\",\"url\":\"https:\/\/brasilnoticias.org\/site\/\",\"name\":\"Brasil not\u00edcias\",\"description\":\"Brasil not\u00edcias\",\"publisher\":{\"@id\":\"https:\/\/brasilnoticias.org\/site\/#organization\"},\"potentialAction\":[{\"@type\":\"SearchAction\",\"target\":{\"@type\":\"EntryPoint\",\"urlTemplate\":\"https:\/\/brasilnoticias.org\/site\/?s={search_term_string}\"},\"query-input\":{\"@type\":\"PropertyValueSpecification\",\"valueRequired\":true,\"valueName\":\"search_term_string\"}}],\"inLanguage\":\"pt-PT\"},{\"@type\":\"Organization\",\"@id\":\"https:\/\/brasilnoticias.org\/site\/#organization\",\"name\":\"Brasil not\u00edcias\",\"url\":\"https:\/\/brasilnoticias.org\/site\/\",\"logo\":{\"@type\":\"ImageObject\",\"inLanguage\":\"pt-PT\",\"@id\":\"https:\/\/brasilnoticias.org\/site\/#\/schema\/logo\/image\/\",\"url\":\"https:\/\/brasilnoticias.org\/site\/wp-content\/uploads\/2022\/05\/cropped-brasilnoticias-mini.jpg\",\"contentUrl\":\"https:\/\/brasilnoticias.org\/site\/wp-content\/uploads\/2022\/05\/cropped-brasilnoticias-mini.jpg\",\"width\":314,\"height\":86,\"caption\":\"Brasil not\u00edcias\"},\"image\":{\"@id\":\"https:\/\/brasilnoticias.org\/site\/#\/schema\/logo\/image\/\"}},{\"@type\":\"Person\",\"@id\":\"https:\/\/brasilnoticias.org\/site\/#\/schema\/person\/a0e05b973ec4d15c658d51911e53507b\",\"name\":\"Reda\u00e7\u00e3o\",\"image\":{\"@type\":\"ImageObject\",\"inLanguage\":\"pt-PT\",\"@id\":\"https:\/\/brasilnoticias.org\/site\/#\/schema\/person\/image\/\",\"url\":\"https:\/\/secure.gravatar.com\/avatar\/75d8b050df2de108b08ae78dfb8e374892df24a383c67db9c46a9c604f6aee9c?s=96&d=mm&r=g\",\"contentUrl\":\"https:\/\/secure.gravatar.com\/avatar\/75d8b050df2de108b08ae78dfb8e374892df24a383c67db9c46a9c604f6aee9c?s=96&d=mm&r=g\",\"caption\":\"Reda\u00e7\u00e3o\"},\"sameAs\":[\"https:\/\/brasilnoticias.org\/site\"],\"url\":\"https:\/\/brasilnoticias.org\/site\/author\/fernandozsngmail-com\/\"}]}<\/script>\n<!-- \/ Yoast SEO plugin. -->","yoast_head_json":{"title":"Mulher \u00e9 morta por bala perdida ap\u00f3s tentar proteger beb\u00ea de tiroteio - Brasil not\u00edcias","robots":{"index":"index","follow":"follow","max-snippet":"max-snippet:-1","max-image-preview":"max-image-preview:large","max-video-preview":"max-video-preview:-1"},"canonical":"https:\/\/brasilnoticias.org\/site\/mulher-e-morta-por-bala-perdida-apos-tentar-proteger-bebe-de-tiroteio\/","og_locale":"pt_PT","og_type":"article","og_title":"Mulher \u00e9 morta por bala perdida ap\u00f3s tentar proteger beb\u00ea de tiroteio - Brasil not\u00edcias","og_description":"Uma mulher, de 54 anos, foi v\u00edtima de bala perdida no bairro Vila Sap\u00ea, em Duque de Caxias, na Baixada","og_url":"https:\/\/brasilnoticias.org\/site\/mulher-e-morta-por-bala-perdida-apos-tentar-proteger-bebe-de-tiroteio\/","og_site_name":"Brasil not\u00edcias","article_published_time":"2022-11-20T10:10:43+00:00","og_image":[{"width":800,"height":450,"url":"https:\/\/brasilnoticias.org\/site\/wp-content\/uploads\/2022\/11\/captura_de_tela_143_widelg.png","type":"image\/png"}],"author":"Reda\u00e7\u00e3o","twitter_card":"summary_large_image","twitter_misc":{"Escrito por":"Reda\u00e7\u00e3o","Tempo estimado de leitura":"1 minuto"},"schema":{"@context":"https:\/\/schema.org","@graph":[{"@type":"Article","@id":"https:\/\/brasilnoticias.org\/site\/mulher-e-morta-por-bala-perdida-apos-tentar-proteger-bebe-de-tiroteio\/#article","isPartOf":{"@id":"https:\/\/brasilnoticias.org\/site\/mulher-e-morta-por-bala-perdida-apos-tentar-proteger-bebe-de-tiroteio\/"},"author":{"name":"Reda\u00e7\u00e3o","@id":"https:\/\/brasilnoticias.org\/site\/#\/schema\/person\/a0e05b973ec4d15c658d51911e53507b"},"headline":"Mulher \u00e9 morta por bala perdida ap\u00f3s tentar proteger beb\u00ea de tiroteio","datePublished":"2022-11-20T10:10:43+00:00","mainEntityOfPage":{"@id":"https:\/\/brasilnoticias.org\/site\/mulher-e-morta-por-bala-perdida-apos-tentar-proteger-bebe-de-tiroteio\/"},"wordCount":288,"commentCount":0,"publisher":{"@id":"https:\/\/brasilnoticias.org\/site\/#organization"},"image":{"@id":"https:\/\/brasilnoticias.org\/site\/mulher-e-morta-por-bala-perdida-apos-tentar-proteger-bebe-de-tiroteio\/#primaryimage"},"thumbnailUrl":"https:\/\/brasilnoticias.org\/site\/wp-content\/uploads\/2022\/11\/captura_de_tela_143_widelg.png","articleSection":["Not\u00edcias","\u00daltimas"],"inLanguage":"pt-PT","potentialAction":[{"@type":"CommentAction","name":"Comment","target":["https:\/\/brasilnoticias.org\/site\/mulher-e-morta-por-bala-perdida-apos-tentar-proteger-bebe-de-tiroteio\/#respond"]}]},{"@type":"WebPage","@id":"https:\/\/brasilnoticias.org\/site\/mulher-e-morta-por-bala-perdida-apos-tentar-proteger-bebe-de-tiroteio\/","url":"https:\/\/brasilnoticias.org\/site\/mulher-e-morta-por-bala-perdida-apos-tentar-proteger-bebe-de-tiroteio\/","name":"Mulher \u00e9 morta por bala perdida ap\u00f3s tentar proteger beb\u00ea de tiroteio - Brasil not\u00edcias","isPartOf":{"@id":"https:\/\/brasilnoticias.org\/site\/#website"},"primaryImageOfPage":{"@id":"https:\/\/brasilnoticias.org\/site\/mulher-e-morta-por-bala-perdida-apos-tentar-proteger-bebe-de-tiroteio\/#primaryimage"},"image":{"@id":"https:\/\/brasilnoticias.org\/site\/mulher-e-morta-por-bala-perdida-apos-tentar-proteger-bebe-de-tiroteio\/#primaryimage"},"thumbnailUrl":"https:\/\/brasilnoticias.org\/site\/wp-content\/uploads\/2022\/11\/captura_de_tela_143_widelg.png","datePublished":"2022-11-20T10:10:43+00:00","breadcrumb":{"@id":"https:\/\/brasilnoticias.org\/site\/mulher-e-morta-por-bala-perdida-apos-tentar-proteger-bebe-de-tiroteio\/#breadcrumb"},"inLanguage":"pt-PT","potentialAction":[{"@type":"ReadAction","target":["https:\/\/brasilnoticias.org\/site\/mulher-e-morta-por-bala-perdida-apos-tentar-proteger-bebe-de-tiroteio\/"]}]},{"@type":"ImageObject","inLanguage":"pt-PT","@id":"https:\/\/brasilnoticias.org\/site\/mulher-e-morta-por-bala-perdida-apos-tentar-proteger-bebe-de-tiroteio\/#primaryimage","url":"https:\/\/brasilnoticias.org\/site\/wp-content\/uploads\/2022\/11\/captura_de_tela_143_widelg.png","contentUrl":"https:\/\/brasilnoticias.org\/site\/wp-content\/uploads\/2022\/11\/captura_de_tela_143_widelg.png","width":800,"height":450},{"@type":"BreadcrumbList","@id":"https:\/\/brasilnoticias.org\/site\/mulher-e-morta-por-bala-perdida-apos-tentar-proteger-bebe-de-tiroteio\/#breadcrumb","itemListElement":[{"@type":"ListItem","position":1,"name":"In\u00edcio","item":"https:\/\/brasilnoticias.org\/site\/"},{"@type":"ListItem","position":2,"name":"Mulher \u00e9 morta por bala perdida ap\u00f3s tentar proteger beb\u00ea de tiroteio"}]},{"@type":"WebSite","@id":"https:\/\/brasilnoticias.org\/site\/#website","url":"https:\/\/brasilnoticias.org\/site\/","name":"Brasil not\u00edcias","description":"Brasil not\u00edcias","publisher":{"@id":"https:\/\/brasilnoticias.org\/site\/#organization"},"potentialAction":[{"@type":"SearchAction","target":{"@type":"EntryPoint","urlTemplate":"https:\/\/brasilnoticias.org\/site\/?s={search_term_string}"},"query-input":{"@type":"PropertyValueSpecification","valueRequired":true,"valueName":"search_term_string"}}],"inLanguage":"pt-PT"},{"@type":"Organization","@id":"https:\/\/brasilnoticias.org\/site\/#organization","name":"Brasil not\u00edcias","url":"https:\/\/brasilnoticias.org\/site\/","logo":{"@type":"ImageObject","inLanguage":"pt-PT","@id":"https:\/\/brasilnoticias.org\/site\/#\/schema\/logo\/image\/","url":"https:\/\/brasilnoticias.org\/site\/wp-content\/uploads\/2022\/05\/cropped-brasilnoticias-mini.jpg","contentUrl":"https:\/\/brasilnoticias.org\/site\/wp-content\/uploads\/2022\/05\/cropped-brasilnoticias-mini.jpg","width":314,"height":86,"caption":"Brasil not\u00edcias"},"image":{"@id":"https:\/\/brasilnoticias.org\/site\/#\/schema\/logo\/image\/"}},{"@type":"Person","@id":"https:\/\/brasilnoticias.org\/site\/#\/schema\/person\/a0e05b973ec4d15c658d51911e53507b","name":"Reda\u00e7\u00e3o","image":{"@type":"ImageObject","inLanguage":"pt-PT","@id":"https:\/\/brasilnoticias.org\/site\/#\/schema\/person\/image\/","url":"https:\/\/secure.gravatar.com\/avatar\/75d8b050df2de108b08ae78dfb8e374892df24a383c67db9c46a9c604f6aee9c?s=96&d=mm&r=g","contentUrl":"https:\/\/secure.gravatar.com\/avatar\/75d8b050df2de108b08ae78dfb8e374892df24a383c67db9c46a9c604f6aee9c?s=96&d=mm&r=g","caption":"Reda\u00e7\u00e3o"},"sameAs":["https:\/\/brasilnoticias.org\/site"],"url":"https:\/\/brasilnoticias.org\/site\/author\/fernandozsngmail-com\/"}]}},"_links":{"self":[{"href":"https:\/\/brasilnoticias.org\/site\/wp-json\/wp\/v2\/posts\/2307","targetHints":{"allow":["GET"]}}],"collection":[{"href":"https:\/\/brasilnoticias.org\/site\/wp-json\/wp\/v2\/posts"}],"about":[{"href":"https:\/\/brasilnoticias.org\/site\/wp-json\/wp\/v2\/types\/post"}],"author":[{"embeddable":true,"href":"https:\/\/brasilnoticias.org\/site\/wp-json\/wp\/v2\/users\/1"}],"replies":[{"embeddable":true,"href":"https:\/\/brasilnoticias.org\/site\/wp-json\/wp\/v2\/comments?post=2307"}],"version-history":[{"count":1,"href":"https:\/\/brasilnoticias.org\/site\/wp-json\/wp\/v2\/posts\/2307\/revisions"}],"predecessor-version":[{"id":2309,"href":"https:\/\/brasilnoticias.org\/site\/wp-json\/wp\/v2\/posts\/2307\/revisions\/2309"}],"wp:featuredmedia":[{"embeddable":true,"href":"https:\/\/brasilnoticias.org\/site\/wp-json\/wp\/v2\/media\/2308"}],"wp:attachment":[{"href":"https:\/\/brasilnoticias.org\/site\/wp-json\/wp\/v2\/media?parent=2307"}],"wp:term":[{"taxonomy":"category","embeddable":true,"href":"https:\/\/brasilnoticias.org\/site\/wp-json\/wp\/v2\/categories?post=2307"},{"taxonomy":"post_tag","embeddable":true,"href":"https:\/\/brasilnoticias.org\/site\/wp-json\/wp\/v2\/tags?post=2307"}],"curies":[{"name":"wp","href":"https:\/\/api.w.org\/{rel}","templated":true}]}}