{"id":2313,"date":"2022-11-20T07:30:46","date_gmt":"2022-11-20T10:30:46","guid":{"rendered":"https:\/\/brasilnoticias.org\/site\/?p=2313"},"modified":"2022-11-19T22:27:25","modified_gmt":"2022-11-20T01:27:25","slug":"grupo-de-brasileiros-comuns-deve-entregar-faixa-a-lula","status":"publish","type":"post","link":"https:\/\/brasilnoticias.org\/site\/grupo-de-brasileiros-comuns-deve-entregar-faixa-a-lula\/","title":{"rendered":"Grupo de brasileiros &#8216;comuns&#8217; deve entregar faixa a Lula"},"content":{"rendered":"<p>A equipe que prepara a cerim\u00f4nia de posse na transi\u00e7\u00e3o de governo avalia escolher um grupo de brasileiros representativos para passar a faixa presidencial a<a href=\"https:\/\/www.bnews.com.br\/tags\/lula\" target=\"_blank\" rel=\"noopener\">\u00a0Luiz In\u00e1cio Lula da Silva (PT)<\/a>.<\/p>\n<p>Como o Painel mostrou, o presidente\u00a0<a href=\"https:\/\/www.bnews.com.br\/tags\/jair-bolsonaro\" target=\"_blank\" rel=\"noopener\">Jair Bolsonaro (PL)<\/a>\u00a0chegou a cogitar sair do pa\u00eds para n\u00e3o entregar a acess\u00f3rio a seu sucessor.<\/p>\n<div class=\"mb-3 veja_mais_inject\">\n<div class=\"row\">\n<div class=\"col-12 col-md-6 py-2 py-sm-0\" data-vejamais=\"403701\">\n<div class=\"row p-0 m-0\">\n<p>Diante disso, auxiliares de Lula discutem escolher pessoas comuns que representem a diversidade do povo brasileiro para, em conjunto, passar a faixa ao novo presidente.<\/p>\n<div class=\"d-flex justify-content-center my-3\">\n<div class=\"artigo_texto\">\n<p>O grupo de trabalho sobre o tema se reuniu na sexta-feira (18) no Centro Cultural do Banco do Brasil, onde o gabinete de transi\u00e7\u00e3o funciona em Bras\u00edlia. Quem coordena os trabalhos nesta \u00e1rea \u00e9 a futura primeira-dama, a soci\u00f3loga Ros\u00e2ngela Silva, a Janja, que est\u00e1 acompanhando o presidente eleito em viagem no exterior.<\/p>\n<\/div>\n<p>BNews<\/p>\n<p>Foto <span class=\"d-inline-block\">Divulga\u00e7\u00e3o<\/span><\/p>\n<\/div>\n<\/div>\n<\/div>\n<\/div>\n<\/div>\n","protected":false},"excerpt":{"rendered":"<p>A equipe que prepara a cerim\u00f4nia de posse na transi\u00e7\u00e3o de governo avalia escolher um grupo de brasileiros representativos para<\/p>\n","protected":false},"author":1,"featured_media":2314,"comment_status":"open","ping_status":"open","sticky":false,"template":"","format":"standard","meta":{"colormag_page_container_layout":"default_layout","colormag_page_sidebar_layout":"default_layout","_FSMCFIC_featured_image_caption":"","_FSMCFIC_featured_image_nocaption":"","_FSMCFIC_featured_image_hide":"","footnotes":""},"categories":[2,1],"tags":[],"class_list":["post-2313","post","type-post","status-publish","format-standard","has-post-thumbnail","hentry","category-noticias","category-ultimas"],"yoast_head":"<!-- This site is optimized with the Yoast SEO plugin v27.1.1 - https:\/\/yoast.com\/product\/yoast-seo-wordpress\/ -->\n<title>Grupo de brasileiros &#039;comuns&#039; deve entregar faixa a Lula - Brasil not\u00edcias<\/title>\n<meta name=\"robots\" content=\"index, follow, max-snippet:-1, max-image-preview:large, max-video-preview:-1\" \/>\n<link rel=\"canonical\" href=\"https:\/\/brasilnoticias.org\/site\/grupo-de-brasileiros-comuns-deve-entregar-faixa-a-lula\/\" \/>\n<meta property=\"og:locale\" content=\"pt_PT\" \/>\n<meta property=\"og:type\" content=\"article\" \/>\n<meta property=\"og:title\" content=\"Grupo de brasileiros &#039;comuns&#039; deve entregar faixa a Lula - Brasil not\u00edcias\" \/>\n<meta property=\"og:description\" content=\"A equipe que prepara a cerim\u00f4nia de posse na transi\u00e7\u00e3o de governo avalia escolher um grupo de brasileiros representativos para\" \/>\n<meta property=\"og:url\" content=\"https:\/\/brasilnoticias.org\/site\/grupo-de-brasileiros-comuns-deve-entregar-faixa-a-lula\/\" \/>\n<meta property=\"og:site_name\" content=\"Brasil not\u00edcias\" \/>\n<meta property=\"article:published_time\" content=\"2022-11-20T10:30:46+00:00\" \/>\n<meta property=\"og:image\" content=\"https:\/\/brasilnoticias.org\/site\/wp-content\/uploads\/2022\/11\/lula-faixa_widelg.jpg\" \/>\n\t<meta property=\"og:image:width\" content=\"800\" \/>\n\t<meta property=\"og:image:height\" content=\"450\" \/>\n\t<meta property=\"og:image:type\" content=\"image\/jpeg\" \/>\n<meta name=\"author\" content=\"Reda\u00e7\u00e3o\" \/>\n<meta name=\"twitter:card\" content=\"summary_large_image\" \/>\n<meta name=\"twitter:label1\" content=\"Escrito por\" \/>\n\t<meta name=\"twitter:data1\" content=\"Reda\u00e7\u00e3o\" \/>\n\t<meta name=\"twitter:label2\" content=\"Tempo estimado de leitura\" \/>\n\t<meta name=\"twitter:data2\" content=\"1 minuto\" \/>\n<script type=\"application\/ld+json\" class=\"yoast-schema-graph\">{\"@context\":\"https:\/\/schema.org\",\"@graph\":[{\"@type\":\"Article\",\"@id\":\"https:\/\/brasilnoticias.org\/site\/grupo-de-brasileiros-comuns-deve-entregar-faixa-a-lula\/#article\",\"isPartOf\":{\"@id\":\"https:\/\/brasilnoticias.org\/site\/grupo-de-brasileiros-comuns-deve-entregar-faixa-a-lula\/\"},\"author\":{\"name\":\"Reda\u00e7\u00e3o\",\"@id\":\"https:\/\/brasilnoticias.org\/site\/#\/schema\/person\/a0e05b973ec4d15c658d51911e53507b\"},\"headline\":\"Grupo de brasileiros &#8216;comuns&#8217; deve entregar faixa a Lula\",\"datePublished\":\"2022-11-20T10:30:46+00:00\",\"mainEntityOfPage\":{\"@id\":\"https:\/\/brasilnoticias.org\/site\/grupo-de-brasileiros-comuns-deve-entregar-faixa-a-lula\/\"},\"wordCount\":153,\"commentCount\":0,\"publisher\":{\"@id\":\"https:\/\/brasilnoticias.org\/site\/#organization\"},\"image\":{\"@id\":\"https:\/\/brasilnoticias.org\/site\/grupo-de-brasileiros-comuns-deve-entregar-faixa-a-lula\/#primaryimage\"},\"thumbnailUrl\":\"https:\/\/brasilnoticias.org\/site\/wp-content\/uploads\/2022\/11\/lula-faixa_widelg.jpg\",\"articleSection\":[\"Not\u00edcias\",\"\u00daltimas\"],\"inLanguage\":\"pt-PT\",\"potentialAction\":[{\"@type\":\"CommentAction\",\"name\":\"Comment\",\"target\":[\"https:\/\/brasilnoticias.org\/site\/grupo-de-brasileiros-comuns-deve-entregar-faixa-a-lula\/#respond\"]}]},{\"@type\":\"WebPage\",\"@id\":\"https:\/\/brasilnoticias.org\/site\/grupo-de-brasileiros-comuns-deve-entregar-faixa-a-lula\/\",\"url\":\"https:\/\/brasilnoticias.org\/site\/grupo-de-brasileiros-comuns-deve-entregar-faixa-a-lula\/\",\"name\":\"Grupo de brasileiros 'comuns' deve entregar faixa a Lula - Brasil not\u00edcias\",\"isPartOf\":{\"@id\":\"https:\/\/brasilnoticias.org\/site\/#website\"},\"primaryImageOfPage\":{\"@id\":\"https:\/\/brasilnoticias.org\/site\/grupo-de-brasileiros-comuns-deve-entregar-faixa-a-lula\/#primaryimage\"},\"image\":{\"@id\":\"https:\/\/brasilnoticias.org\/site\/grupo-de-brasileiros-comuns-deve-entregar-faixa-a-lula\/#primaryimage\"},\"thumbnailUrl\":\"https:\/\/brasilnoticias.org\/site\/wp-content\/uploads\/2022\/11\/lula-faixa_widelg.jpg\",\"datePublished\":\"2022-11-20T10:30:46+00:00\",\"breadcrumb\":{\"@id\":\"https:\/\/brasilnoticias.org\/site\/grupo-de-brasileiros-comuns-deve-entregar-faixa-a-lula\/#breadcrumb\"},\"inLanguage\":\"pt-PT\",\"potentialAction\":[{\"@type\":\"ReadAction\",\"target\":[\"https:\/\/brasilnoticias.org\/site\/grupo-de-brasileiros-comuns-deve-entregar-faixa-a-lula\/\"]}]},{\"@type\":\"ImageObject\",\"inLanguage\":\"pt-PT\",\"@id\":\"https:\/\/brasilnoticias.org\/site\/grupo-de-brasileiros-comuns-deve-entregar-faixa-a-lula\/#primaryimage\",\"url\":\"https:\/\/brasilnoticias.org\/site\/wp-content\/uploads\/2022\/11\/lula-faixa_widelg.jpg\",\"contentUrl\":\"https:\/\/brasilnoticias.org\/site\/wp-content\/uploads\/2022\/11\/lula-faixa_widelg.jpg\",\"width\":800,\"height\":450},{\"@type\":\"BreadcrumbList\",\"@id\":\"https:\/\/brasilnoticias.org\/site\/grupo-de-brasileiros-comuns-deve-entregar-faixa-a-lula\/#breadcrumb\",\"itemListElement\":[{\"@type\":\"ListItem\",\"position\":1,\"name\":\"In\u00edcio\",\"item\":\"https:\/\/brasilnoticias.org\/site\/\"},{\"@type\":\"ListItem\",\"position\":2,\"name\":\"Grupo de brasileiros &#8216;comuns&#8217; deve entregar faixa a Lula\"}]},{\"@type\":\"WebSite\",\"@id\":\"https:\/\/brasilnoticias.org\/site\/#website\",\"url\":\"https:\/\/brasilnoticias.org\/site\/\",\"name\":\"Brasil not\u00edcias\",\"description\":\"Brasil not\u00edcias\",\"publisher\":{\"@id\":\"https:\/\/brasilnoticias.org\/site\/#organization\"},\"potentialAction\":[{\"@type\":\"SearchAction\",\"target\":{\"@type\":\"EntryPoint\",\"urlTemplate\":\"https:\/\/brasilnoticias.org\/site\/?s={search_term_string}\"},\"query-input\":{\"@type\":\"PropertyValueSpecification\",\"valueRequired\":true,\"valueName\":\"search_term_string\"}}],\"inLanguage\":\"pt-PT\"},{\"@type\":\"Organization\",\"@id\":\"https:\/\/brasilnoticias.org\/site\/#organization\",\"name\":\"Brasil not\u00edcias\",\"url\":\"https:\/\/brasilnoticias.org\/site\/\",\"logo\":{\"@type\":\"ImageObject\",\"inLanguage\":\"pt-PT\",\"@id\":\"https:\/\/brasilnoticias.org\/site\/#\/schema\/logo\/image\/\",\"url\":\"https:\/\/brasilnoticias.org\/site\/wp-content\/uploads\/2022\/05\/cropped-brasilnoticias-mini.jpg\",\"contentUrl\":\"https:\/\/brasilnoticias.org\/site\/wp-content\/uploads\/2022\/05\/cropped-brasilnoticias-mini.jpg\",\"width\":314,\"height\":86,\"caption\":\"Brasil not\u00edcias\"},\"image\":{\"@id\":\"https:\/\/brasilnoticias.org\/site\/#\/schema\/logo\/image\/\"}},{\"@type\":\"Person\",\"@id\":\"https:\/\/brasilnoticias.org\/site\/#\/schema\/person\/a0e05b973ec4d15c658d51911e53507b\",\"name\":\"Reda\u00e7\u00e3o\",\"image\":{\"@type\":\"ImageObject\",\"inLanguage\":\"pt-PT\",\"@id\":\"https:\/\/brasilnoticias.org\/site\/#\/schema\/person\/image\/\",\"url\":\"https:\/\/secure.gravatar.com\/avatar\/75d8b050df2de108b08ae78dfb8e374892df24a383c67db9c46a9c604f6aee9c?s=96&d=mm&r=g\",\"contentUrl\":\"https:\/\/secure.gravatar.com\/avatar\/75d8b050df2de108b08ae78dfb8e374892df24a383c67db9c46a9c604f6aee9c?s=96&d=mm&r=g\",\"caption\":\"Reda\u00e7\u00e3o\"},\"sameAs\":[\"https:\/\/brasilnoticias.org\/site\"],\"url\":\"https:\/\/brasilnoticias.org\/site\/author\/fernandozsngmail-com\/\"}]}<\/script>\n<!-- \/ Yoast SEO plugin. -->","yoast_head_json":{"title":"Grupo de brasileiros 'comuns' deve entregar faixa a Lula - Brasil not\u00edcias","robots":{"index":"index","follow":"follow","max-snippet":"max-snippet:-1","max-image-preview":"max-image-preview:large","max-video-preview":"max-video-preview:-1"},"canonical":"https:\/\/brasilnoticias.org\/site\/grupo-de-brasileiros-comuns-deve-entregar-faixa-a-lula\/","og_locale":"pt_PT","og_type":"article","og_title":"Grupo de brasileiros 'comuns' deve entregar faixa a Lula - Brasil not\u00edcias","og_description":"A equipe que prepara a cerim\u00f4nia de posse na transi\u00e7\u00e3o de governo avalia escolher um grupo de brasileiros representativos para","og_url":"https:\/\/brasilnoticias.org\/site\/grupo-de-brasileiros-comuns-deve-entregar-faixa-a-lula\/","og_site_name":"Brasil not\u00edcias","article_published_time":"2022-11-20T10:30:46+00:00","og_image":[{"width":800,"height":450,"url":"https:\/\/brasilnoticias.org\/site\/wp-content\/uploads\/2022\/11\/lula-faixa_widelg.jpg","type":"image\/jpeg"}],"author":"Reda\u00e7\u00e3o","twitter_card":"summary_large_image","twitter_misc":{"Escrito por":"Reda\u00e7\u00e3o","Tempo estimado de leitura":"1 minuto"},"schema":{"@context":"https:\/\/schema.org","@graph":[{"@type":"Article","@id":"https:\/\/brasilnoticias.org\/site\/grupo-de-brasileiros-comuns-deve-entregar-faixa-a-lula\/#article","isPartOf":{"@id":"https:\/\/brasilnoticias.org\/site\/grupo-de-brasileiros-comuns-deve-entregar-faixa-a-lula\/"},"author":{"name":"Reda\u00e7\u00e3o","@id":"https:\/\/brasilnoticias.org\/site\/#\/schema\/person\/a0e05b973ec4d15c658d51911e53507b"},"headline":"Grupo de brasileiros &#8216;comuns&#8217; deve entregar faixa a Lula","datePublished":"2022-11-20T10:30:46+00:00","mainEntityOfPage":{"@id":"https:\/\/brasilnoticias.org\/site\/grupo-de-brasileiros-comuns-deve-entregar-faixa-a-lula\/"},"wordCount":153,"commentCount":0,"publisher":{"@id":"https:\/\/brasilnoticias.org\/site\/#organization"},"image":{"@id":"https:\/\/brasilnoticias.org\/site\/grupo-de-brasileiros-comuns-deve-entregar-faixa-a-lula\/#primaryimage"},"thumbnailUrl":"https:\/\/brasilnoticias.org\/site\/wp-content\/uploads\/2022\/11\/lula-faixa_widelg.jpg","articleSection":["Not\u00edcias","\u00daltimas"],"inLanguage":"pt-PT","potentialAction":[{"@type":"CommentAction","name":"Comment","target":["https:\/\/brasilnoticias.org\/site\/grupo-de-brasileiros-comuns-deve-entregar-faixa-a-lula\/#respond"]}]},{"@type":"WebPage","@id":"https:\/\/brasilnoticias.org\/site\/grupo-de-brasileiros-comuns-deve-entregar-faixa-a-lula\/","url":"https:\/\/brasilnoticias.org\/site\/grupo-de-brasileiros-comuns-deve-entregar-faixa-a-lula\/","name":"Grupo de brasileiros 'comuns' deve entregar faixa a Lula - Brasil not\u00edcias","isPartOf":{"@id":"https:\/\/brasilnoticias.org\/site\/#website"},"primaryImageOfPage":{"@id":"https:\/\/brasilnoticias.org\/site\/grupo-de-brasileiros-comuns-deve-entregar-faixa-a-lula\/#primaryimage"},"image":{"@id":"https:\/\/brasilnoticias.org\/site\/grupo-de-brasileiros-comuns-deve-entregar-faixa-a-lula\/#primaryimage"},"thumbnailUrl":"https:\/\/brasilnoticias.org\/site\/wp-content\/uploads\/2022\/11\/lula-faixa_widelg.jpg","datePublished":"2022-11-20T10:30:46+00:00","breadcrumb":{"@id":"https:\/\/brasilnoticias.org\/site\/grupo-de-brasileiros-comuns-deve-entregar-faixa-a-lula\/#breadcrumb"},"inLanguage":"pt-PT","potentialAction":[{"@type":"ReadAction","target":["https:\/\/brasilnoticias.org\/site\/grupo-de-brasileiros-comuns-deve-entregar-faixa-a-lula\/"]}]},{"@type":"ImageObject","inLanguage":"pt-PT","@id":"https:\/\/brasilnoticias.org\/site\/grupo-de-brasileiros-comuns-deve-entregar-faixa-a-lula\/#primaryimage","url":"https:\/\/brasilnoticias.org\/site\/wp-content\/uploads\/2022\/11\/lula-faixa_widelg.jpg","contentUrl":"https:\/\/brasilnoticias.org\/site\/wp-content\/uploads\/2022\/11\/lula-faixa_widelg.jpg","width":800,"height":450},{"@type":"BreadcrumbList","@id":"https:\/\/brasilnoticias.org\/site\/grupo-de-brasileiros-comuns-deve-entregar-faixa-a-lula\/#breadcrumb","itemListElement":[{"@type":"ListItem","position":1,"name":"In\u00edcio","item":"https:\/\/brasilnoticias.org\/site\/"},{"@type":"ListItem","position":2,"name":"Grupo de brasileiros &#8216;comuns&#8217; deve entregar faixa a Lula"}]},{"@type":"WebSite","@id":"https:\/\/brasilnoticias.org\/site\/#website","url":"https:\/\/brasilnoticias.org\/site\/","name":"Brasil not\u00edcias","description":"Brasil not\u00edcias","publisher":{"@id":"https:\/\/brasilnoticias.org\/site\/#organization"},"potentialAction":[{"@type":"SearchAction","target":{"@type":"EntryPoint","urlTemplate":"https:\/\/brasilnoticias.org\/site\/?s={search_term_string}"},"query-input":{"@type":"PropertyValueSpecification","valueRequired":true,"valueName":"search_term_string"}}],"inLanguage":"pt-PT"},{"@type":"Organization","@id":"https:\/\/brasilnoticias.org\/site\/#organization","name":"Brasil not\u00edcias","url":"https:\/\/brasilnoticias.org\/site\/","logo":{"@type":"ImageObject","inLanguage":"pt-PT","@id":"https:\/\/brasilnoticias.org\/site\/#\/schema\/logo\/image\/","url":"https:\/\/brasilnoticias.org\/site\/wp-content\/uploads\/2022\/05\/cropped-brasilnoticias-mini.jpg","contentUrl":"https:\/\/brasilnoticias.org\/site\/wp-content\/uploads\/2022\/05\/cropped-brasilnoticias-mini.jpg","width":314,"height":86,"caption":"Brasil not\u00edcias"},"image":{"@id":"https:\/\/brasilnoticias.org\/site\/#\/schema\/logo\/image\/"}},{"@type":"Person","@id":"https:\/\/brasilnoticias.org\/site\/#\/schema\/person\/a0e05b973ec4d15c658d51911e53507b","name":"Reda\u00e7\u00e3o","image":{"@type":"ImageObject","inLanguage":"pt-PT","@id":"https:\/\/brasilnoticias.org\/site\/#\/schema\/person\/image\/","url":"https:\/\/secure.gravatar.com\/avatar\/75d8b050df2de108b08ae78dfb8e374892df24a383c67db9c46a9c604f6aee9c?s=96&d=mm&r=g","contentUrl":"https:\/\/secure.gravatar.com\/avatar\/75d8b050df2de108b08ae78dfb8e374892df24a383c67db9c46a9c604f6aee9c?s=96&d=mm&r=g","caption":"Reda\u00e7\u00e3o"},"sameAs":["https:\/\/brasilnoticias.org\/site"],"url":"https:\/\/brasilnoticias.org\/site\/author\/fernandozsngmail-com\/"}]}},"_links":{"self":[{"href":"https:\/\/brasilnoticias.org\/site\/wp-json\/wp\/v2\/posts\/2313","targetHints":{"allow":["GET"]}}],"collection":[{"href":"https:\/\/brasilnoticias.org\/site\/wp-json\/wp\/v2\/posts"}],"about":[{"href":"https:\/\/brasilnoticias.org\/site\/wp-json\/wp\/v2\/types\/post"}],"author":[{"embeddable":true,"href":"https:\/\/brasilnoticias.org\/site\/wp-json\/wp\/v2\/users\/1"}],"replies":[{"embeddable":true,"href":"https:\/\/brasilnoticias.org\/site\/wp-json\/wp\/v2\/comments?post=2313"}],"version-history":[{"count":1,"href":"https:\/\/brasilnoticias.org\/site\/wp-json\/wp\/v2\/posts\/2313\/revisions"}],"predecessor-version":[{"id":2315,"href":"https:\/\/brasilnoticias.org\/site\/wp-json\/wp\/v2\/posts\/2313\/revisions\/2315"}],"wp:featuredmedia":[{"embeddable":true,"href":"https:\/\/brasilnoticias.org\/site\/wp-json\/wp\/v2\/media\/2314"}],"wp:attachment":[{"href":"https:\/\/brasilnoticias.org\/site\/wp-json\/wp\/v2\/media?parent=2313"}],"wp:term":[{"taxonomy":"category","embeddable":true,"href":"https:\/\/brasilnoticias.org\/site\/wp-json\/wp\/v2\/categories?post=2313"},{"taxonomy":"post_tag","embeddable":true,"href":"https:\/\/brasilnoticias.org\/site\/wp-json\/wp\/v2\/tags?post=2313"}],"curies":[{"name":"wp","href":"https:\/\/api.w.org\/{rel}","templated":true}]}}