{"id":2319,"date":"2022-11-20T18:10:30","date_gmt":"2022-11-20T21:10:30","guid":{"rendered":"https:\/\/brasilnoticias.org\/site\/?p=2319"},"modified":"2022-11-20T12:35:52","modified_gmt":"2022-11-20T15:35:52","slug":"moema-gramacho-e-escalada-para-equipe-de-transicao-do-governo-lula","status":"publish","type":"post","link":"https:\/\/brasilnoticias.org\/site\/moema-gramacho-e-escalada-para-equipe-de-transicao-do-governo-lula\/","title":{"rendered":"Moema Gramacho \u00e9 escalada para equipe de transi\u00e7\u00e3o do governo Lula"},"content":{"rendered":"<p>A prefeita de Lauro de Freitas, Moema Gramacho (PT), foi escalada para compor a Coordena\u00e7\u00e3o do Grupo T\u00e9cnico de Cidades no \u00e2mbito do Gabinete de Transi\u00e7\u00e3o Governamental do presidente eleito Luiz In\u00e1cio Lula da Silva (PT). Moema teve sua nomea\u00e7\u00e3o publicada no Di\u00e1rio Oficial da Uni\u00e3o (DOU) da \u00faltima quinta-feira (17), e j\u00e1 participou da primeira reuni\u00e3o, em Bras\u00edlia.<\/p>\n<p>A composi\u00e7\u00e3o do Grupo T\u00e9cnico da Transi\u00e7\u00e3o atende aos crit\u00e9rios de diversidade regional, geracional, de g\u00eanero, ra\u00e7a, dentre outros.<\/p>\n<p>Al\u00e9m da petista, outros 13 nomes fazem parte da Coordena\u00e7\u00e3o de Cidades: Carmem Silva Ferreira, Erm\u00ednia Terezinha Menon Maricato, Evaniza Lopes Rodrigues, Geraldo Magela Pereira, Guilherme Castro Boulos, In\u00eas da Silva Magalh\u00e3es, Jilmar Augustinho Tatto, Jo\u00e3o Henrique Campos, Jos\u00e9 Di Filippi J\u00fanior, M\u00e1rcio Luiz Fran\u00e7a Gomes, Maria Fernanda Ramos Coelho, Nabil Georges Bonduki e Rodrigo Neves Barreto.<\/p>\n<p>A Compet\u00eancia desse Grupo \u00e9 de produzir subs\u00eddios para elabora\u00e7\u00e3o de relat\u00f3rio final de transi\u00e7\u00e3o, com diagn\u00f3sticos e propostas que subsidiem a ado\u00e7\u00e3o de a\u00e7\u00f5es e pol\u00edticas p\u00fablicas a serem implantadas e conduzidas pelo novo Governo, republicano, democr\u00e1tico e com desenvolvimento econ\u00f4mico e s\u00f3cio- ambientalmente sustent\u00e1vel.<\/p>\n<p>Foto: Alex Ferreira \/ C\u00e2mara dos Deputados<\/p>\n<p>Por: Metro1<\/p>\n","protected":false},"excerpt":{"rendered":"<p>A prefeita de Lauro de Freitas, Moema Gramacho (PT), foi escalada para compor a Coordena\u00e7\u00e3o do Grupo T\u00e9cnico de Cidades<\/p>\n","protected":false},"author":1,"featured_media":2320,"comment_status":"open","ping_status":"open","sticky":false,"template":"","format":"standard","meta":{"colormag_page_container_layout":"default_layout","colormag_page_sidebar_layout":"default_layout","_FSMCFIC_featured_image_caption":"","_FSMCFIC_featured_image_nocaption":"","_FSMCFIC_featured_image_hide":"","footnotes":""},"categories":[5,1],"tags":[],"class_list":["post-2319","post","type-post","status-publish","format-standard","has-post-thumbnail","hentry","category-politica","category-ultimas"],"yoast_head":"<!-- This site is optimized with the Yoast SEO plugin v27.1.1 - https:\/\/yoast.com\/product\/yoast-seo-wordpress\/ -->\n<title>Moema Gramacho \u00e9 escalada para equipe de transi\u00e7\u00e3o do governo Lula - Brasil not\u00edcias<\/title>\n<meta name=\"robots\" content=\"index, follow, max-snippet:-1, max-image-preview:large, max-video-preview:-1\" \/>\n<link rel=\"canonical\" href=\"https:\/\/brasilnoticias.org\/site\/moema-gramacho-e-escalada-para-equipe-de-transicao-do-governo-lula\/\" \/>\n<meta property=\"og:locale\" content=\"pt_PT\" \/>\n<meta property=\"og:type\" content=\"article\" \/>\n<meta property=\"og:title\" content=\"Moema Gramacho \u00e9 escalada para equipe de transi\u00e7\u00e3o do governo Lula - Brasil not\u00edcias\" \/>\n<meta property=\"og:description\" content=\"A prefeita de Lauro de Freitas, Moema Gramacho (PT), foi escalada para compor a Coordena\u00e7\u00e3o do Grupo T\u00e9cnico de Cidades\" \/>\n<meta property=\"og:url\" content=\"https:\/\/brasilnoticias.org\/site\/moema-gramacho-e-escalada-para-equipe-de-transicao-do-governo-lula\/\" \/>\n<meta property=\"og:site_name\" content=\"Brasil not\u00edcias\" \/>\n<meta property=\"article:published_time\" content=\"2022-11-20T21:10:30+00:00\" \/>\n<meta property=\"og:image\" content=\"https:\/\/brasilnoticias.org\/site\/wp-content\/uploads\/2022\/11\/130568moema-gramacho-e-escalada-para-equipe-de-transicao-do-governo-lula-3.jpg\" \/>\n\t<meta property=\"og:image:width\" content=\"1600\" \/>\n\t<meta property=\"og:image:height\" content=\"752\" \/>\n\t<meta property=\"og:image:type\" content=\"image\/jpeg\" \/>\n<meta name=\"author\" content=\"Reda\u00e7\u00e3o\" \/>\n<meta name=\"twitter:card\" content=\"summary_large_image\" \/>\n<meta name=\"twitter:label1\" content=\"Escrito por\" \/>\n\t<meta name=\"twitter:data1\" content=\"Reda\u00e7\u00e3o\" \/>\n\t<meta name=\"twitter:label2\" content=\"Tempo estimado de leitura\" \/>\n\t<meta name=\"twitter:data2\" content=\"1 minuto\" \/>\n<script type=\"application\/ld+json\" class=\"yoast-schema-graph\">{\"@context\":\"https:\/\/schema.org\",\"@graph\":[{\"@type\":\"Article\",\"@id\":\"https:\/\/brasilnoticias.org\/site\/moema-gramacho-e-escalada-para-equipe-de-transicao-do-governo-lula\/#article\",\"isPartOf\":{\"@id\":\"https:\/\/brasilnoticias.org\/site\/moema-gramacho-e-escalada-para-equipe-de-transicao-do-governo-lula\/\"},\"author\":{\"name\":\"Reda\u00e7\u00e3o\",\"@id\":\"https:\/\/brasilnoticias.org\/site\/#\/schema\/person\/a0e05b973ec4d15c658d51911e53507b\"},\"headline\":\"Moema Gramacho \u00e9 escalada para equipe de transi\u00e7\u00e3o do governo Lula\",\"datePublished\":\"2022-11-20T21:10:30+00:00\",\"mainEntityOfPage\":{\"@id\":\"https:\/\/brasilnoticias.org\/site\/moema-gramacho-e-escalada-para-equipe-de-transicao-do-governo-lula\/\"},\"wordCount\":236,\"commentCount\":0,\"publisher\":{\"@id\":\"https:\/\/brasilnoticias.org\/site\/#organization\"},\"image\":{\"@id\":\"https:\/\/brasilnoticias.org\/site\/moema-gramacho-e-escalada-para-equipe-de-transicao-do-governo-lula\/#primaryimage\"},\"thumbnailUrl\":\"https:\/\/brasilnoticias.org\/site\/wp-content\/uploads\/2022\/11\/130568moema-gramacho-e-escalada-para-equipe-de-transicao-do-governo-lula-3.jpg\",\"articleSection\":[\"Pol\u00edtica\",\"\u00daltimas\"],\"inLanguage\":\"pt-PT\",\"potentialAction\":[{\"@type\":\"CommentAction\",\"name\":\"Comment\",\"target\":[\"https:\/\/brasilnoticias.org\/site\/moema-gramacho-e-escalada-para-equipe-de-transicao-do-governo-lula\/#respond\"]}]},{\"@type\":\"WebPage\",\"@id\":\"https:\/\/brasilnoticias.org\/site\/moema-gramacho-e-escalada-para-equipe-de-transicao-do-governo-lula\/\",\"url\":\"https:\/\/brasilnoticias.org\/site\/moema-gramacho-e-escalada-para-equipe-de-transicao-do-governo-lula\/\",\"name\":\"Moema Gramacho \u00e9 escalada para equipe de transi\u00e7\u00e3o do governo Lula - Brasil not\u00edcias\",\"isPartOf\":{\"@id\":\"https:\/\/brasilnoticias.org\/site\/#website\"},\"primaryImageOfPage\":{\"@id\":\"https:\/\/brasilnoticias.org\/site\/moema-gramacho-e-escalada-para-equipe-de-transicao-do-governo-lula\/#primaryimage\"},\"image\":{\"@id\":\"https:\/\/brasilnoticias.org\/site\/moema-gramacho-e-escalada-para-equipe-de-transicao-do-governo-lula\/#primaryimage\"},\"thumbnailUrl\":\"https:\/\/brasilnoticias.org\/site\/wp-content\/uploads\/2022\/11\/130568moema-gramacho-e-escalada-para-equipe-de-transicao-do-governo-lula-3.jpg\",\"datePublished\":\"2022-11-20T21:10:30+00:00\",\"breadcrumb\":{\"@id\":\"https:\/\/brasilnoticias.org\/site\/moema-gramacho-e-escalada-para-equipe-de-transicao-do-governo-lula\/#breadcrumb\"},\"inLanguage\":\"pt-PT\",\"potentialAction\":[{\"@type\":\"ReadAction\",\"target\":[\"https:\/\/brasilnoticias.org\/site\/moema-gramacho-e-escalada-para-equipe-de-transicao-do-governo-lula\/\"]}]},{\"@type\":\"ImageObject\",\"inLanguage\":\"pt-PT\",\"@id\":\"https:\/\/brasilnoticias.org\/site\/moema-gramacho-e-escalada-para-equipe-de-transicao-do-governo-lula\/#primaryimage\",\"url\":\"https:\/\/brasilnoticias.org\/site\/wp-content\/uploads\/2022\/11\/130568moema-gramacho-e-escalada-para-equipe-de-transicao-do-governo-lula-3.jpg\",\"contentUrl\":\"https:\/\/brasilnoticias.org\/site\/wp-content\/uploads\/2022\/11\/130568moema-gramacho-e-escalada-para-equipe-de-transicao-do-governo-lula-3.jpg\",\"width\":1600,\"height\":752},{\"@type\":\"BreadcrumbList\",\"@id\":\"https:\/\/brasilnoticias.org\/site\/moema-gramacho-e-escalada-para-equipe-de-transicao-do-governo-lula\/#breadcrumb\",\"itemListElement\":[{\"@type\":\"ListItem\",\"position\":1,\"name\":\"In\u00edcio\",\"item\":\"https:\/\/brasilnoticias.org\/site\/\"},{\"@type\":\"ListItem\",\"position\":2,\"name\":\"Moema Gramacho \u00e9 escalada para equipe de transi\u00e7\u00e3o do governo Lula\"}]},{\"@type\":\"WebSite\",\"@id\":\"https:\/\/brasilnoticias.org\/site\/#website\",\"url\":\"https:\/\/brasilnoticias.org\/site\/\",\"name\":\"Brasil not\u00edcias\",\"description\":\"Brasil not\u00edcias\",\"publisher\":{\"@id\":\"https:\/\/brasilnoticias.org\/site\/#organization\"},\"potentialAction\":[{\"@type\":\"SearchAction\",\"target\":{\"@type\":\"EntryPoint\",\"urlTemplate\":\"https:\/\/brasilnoticias.org\/site\/?s={search_term_string}\"},\"query-input\":{\"@type\":\"PropertyValueSpecification\",\"valueRequired\":true,\"valueName\":\"search_term_string\"}}],\"inLanguage\":\"pt-PT\"},{\"@type\":\"Organization\",\"@id\":\"https:\/\/brasilnoticias.org\/site\/#organization\",\"name\":\"Brasil not\u00edcias\",\"url\":\"https:\/\/brasilnoticias.org\/site\/\",\"logo\":{\"@type\":\"ImageObject\",\"inLanguage\":\"pt-PT\",\"@id\":\"https:\/\/brasilnoticias.org\/site\/#\/schema\/logo\/image\/\",\"url\":\"https:\/\/brasilnoticias.org\/site\/wp-content\/uploads\/2022\/05\/cropped-brasilnoticias-mini.jpg\",\"contentUrl\":\"https:\/\/brasilnoticias.org\/site\/wp-content\/uploads\/2022\/05\/cropped-brasilnoticias-mini.jpg\",\"width\":314,\"height\":86,\"caption\":\"Brasil not\u00edcias\"},\"image\":{\"@id\":\"https:\/\/brasilnoticias.org\/site\/#\/schema\/logo\/image\/\"}},{\"@type\":\"Person\",\"@id\":\"https:\/\/brasilnoticias.org\/site\/#\/schema\/person\/a0e05b973ec4d15c658d51911e53507b\",\"name\":\"Reda\u00e7\u00e3o\",\"image\":{\"@type\":\"ImageObject\",\"inLanguage\":\"pt-PT\",\"@id\":\"https:\/\/brasilnoticias.org\/site\/#\/schema\/person\/image\/\",\"url\":\"https:\/\/secure.gravatar.com\/avatar\/75d8b050df2de108b08ae78dfb8e374892df24a383c67db9c46a9c604f6aee9c?s=96&d=mm&r=g\",\"contentUrl\":\"https:\/\/secure.gravatar.com\/avatar\/75d8b050df2de108b08ae78dfb8e374892df24a383c67db9c46a9c604f6aee9c?s=96&d=mm&r=g\",\"caption\":\"Reda\u00e7\u00e3o\"},\"sameAs\":[\"https:\/\/brasilnoticias.org\/site\"],\"url\":\"https:\/\/brasilnoticias.org\/site\/author\/fernandozsngmail-com\/\"}]}<\/script>\n<!-- \/ Yoast SEO plugin. -->","yoast_head_json":{"title":"Moema Gramacho \u00e9 escalada para equipe de transi\u00e7\u00e3o do governo Lula - Brasil not\u00edcias","robots":{"index":"index","follow":"follow","max-snippet":"max-snippet:-1","max-image-preview":"max-image-preview:large","max-video-preview":"max-video-preview:-1"},"canonical":"https:\/\/brasilnoticias.org\/site\/moema-gramacho-e-escalada-para-equipe-de-transicao-do-governo-lula\/","og_locale":"pt_PT","og_type":"article","og_title":"Moema Gramacho \u00e9 escalada para equipe de transi\u00e7\u00e3o do governo Lula - Brasil not\u00edcias","og_description":"A prefeita de Lauro de Freitas, Moema Gramacho (PT), foi escalada para compor a Coordena\u00e7\u00e3o do Grupo T\u00e9cnico de Cidades","og_url":"https:\/\/brasilnoticias.org\/site\/moema-gramacho-e-escalada-para-equipe-de-transicao-do-governo-lula\/","og_site_name":"Brasil not\u00edcias","article_published_time":"2022-11-20T21:10:30+00:00","og_image":[{"width":1600,"height":752,"url":"https:\/\/brasilnoticias.org\/site\/wp-content\/uploads\/2022\/11\/130568moema-gramacho-e-escalada-para-equipe-de-transicao-do-governo-lula-3.jpg","type":"image\/jpeg"}],"author":"Reda\u00e7\u00e3o","twitter_card":"summary_large_image","twitter_misc":{"Escrito por":"Reda\u00e7\u00e3o","Tempo estimado de leitura":"1 minuto"},"schema":{"@context":"https:\/\/schema.org","@graph":[{"@type":"Article","@id":"https:\/\/brasilnoticias.org\/site\/moema-gramacho-e-escalada-para-equipe-de-transicao-do-governo-lula\/#article","isPartOf":{"@id":"https:\/\/brasilnoticias.org\/site\/moema-gramacho-e-escalada-para-equipe-de-transicao-do-governo-lula\/"},"author":{"name":"Reda\u00e7\u00e3o","@id":"https:\/\/brasilnoticias.org\/site\/#\/schema\/person\/a0e05b973ec4d15c658d51911e53507b"},"headline":"Moema Gramacho \u00e9 escalada para equipe de transi\u00e7\u00e3o do governo Lula","datePublished":"2022-11-20T21:10:30+00:00","mainEntityOfPage":{"@id":"https:\/\/brasilnoticias.org\/site\/moema-gramacho-e-escalada-para-equipe-de-transicao-do-governo-lula\/"},"wordCount":236,"commentCount":0,"publisher":{"@id":"https:\/\/brasilnoticias.org\/site\/#organization"},"image":{"@id":"https:\/\/brasilnoticias.org\/site\/moema-gramacho-e-escalada-para-equipe-de-transicao-do-governo-lula\/#primaryimage"},"thumbnailUrl":"https:\/\/brasilnoticias.org\/site\/wp-content\/uploads\/2022\/11\/130568moema-gramacho-e-escalada-para-equipe-de-transicao-do-governo-lula-3.jpg","articleSection":["Pol\u00edtica","\u00daltimas"],"inLanguage":"pt-PT","potentialAction":[{"@type":"CommentAction","name":"Comment","target":["https:\/\/brasilnoticias.org\/site\/moema-gramacho-e-escalada-para-equipe-de-transicao-do-governo-lula\/#respond"]}]},{"@type":"WebPage","@id":"https:\/\/brasilnoticias.org\/site\/moema-gramacho-e-escalada-para-equipe-de-transicao-do-governo-lula\/","url":"https:\/\/brasilnoticias.org\/site\/moema-gramacho-e-escalada-para-equipe-de-transicao-do-governo-lula\/","name":"Moema Gramacho \u00e9 escalada para equipe de transi\u00e7\u00e3o do governo Lula - Brasil not\u00edcias","isPartOf":{"@id":"https:\/\/brasilnoticias.org\/site\/#website"},"primaryImageOfPage":{"@id":"https:\/\/brasilnoticias.org\/site\/moema-gramacho-e-escalada-para-equipe-de-transicao-do-governo-lula\/#primaryimage"},"image":{"@id":"https:\/\/brasilnoticias.org\/site\/moema-gramacho-e-escalada-para-equipe-de-transicao-do-governo-lula\/#primaryimage"},"thumbnailUrl":"https:\/\/brasilnoticias.org\/site\/wp-content\/uploads\/2022\/11\/130568moema-gramacho-e-escalada-para-equipe-de-transicao-do-governo-lula-3.jpg","datePublished":"2022-11-20T21:10:30+00:00","breadcrumb":{"@id":"https:\/\/brasilnoticias.org\/site\/moema-gramacho-e-escalada-para-equipe-de-transicao-do-governo-lula\/#breadcrumb"},"inLanguage":"pt-PT","potentialAction":[{"@type":"ReadAction","target":["https:\/\/brasilnoticias.org\/site\/moema-gramacho-e-escalada-para-equipe-de-transicao-do-governo-lula\/"]}]},{"@type":"ImageObject","inLanguage":"pt-PT","@id":"https:\/\/brasilnoticias.org\/site\/moema-gramacho-e-escalada-para-equipe-de-transicao-do-governo-lula\/#primaryimage","url":"https:\/\/brasilnoticias.org\/site\/wp-content\/uploads\/2022\/11\/130568moema-gramacho-e-escalada-para-equipe-de-transicao-do-governo-lula-3.jpg","contentUrl":"https:\/\/brasilnoticias.org\/site\/wp-content\/uploads\/2022\/11\/130568moema-gramacho-e-escalada-para-equipe-de-transicao-do-governo-lula-3.jpg","width":1600,"height":752},{"@type":"BreadcrumbList","@id":"https:\/\/brasilnoticias.org\/site\/moema-gramacho-e-escalada-para-equipe-de-transicao-do-governo-lula\/#breadcrumb","itemListElement":[{"@type":"ListItem","position":1,"name":"In\u00edcio","item":"https:\/\/brasilnoticias.org\/site\/"},{"@type":"ListItem","position":2,"name":"Moema Gramacho \u00e9 escalada para equipe de transi\u00e7\u00e3o do governo Lula"}]},{"@type":"WebSite","@id":"https:\/\/brasilnoticias.org\/site\/#website","url":"https:\/\/brasilnoticias.org\/site\/","name":"Brasil not\u00edcias","description":"Brasil not\u00edcias","publisher":{"@id":"https:\/\/brasilnoticias.org\/site\/#organization"},"potentialAction":[{"@type":"SearchAction","target":{"@type":"EntryPoint","urlTemplate":"https:\/\/brasilnoticias.org\/site\/?s={search_term_string}"},"query-input":{"@type":"PropertyValueSpecification","valueRequired":true,"valueName":"search_term_string"}}],"inLanguage":"pt-PT"},{"@type":"Organization","@id":"https:\/\/brasilnoticias.org\/site\/#organization","name":"Brasil not\u00edcias","url":"https:\/\/brasilnoticias.org\/site\/","logo":{"@type":"ImageObject","inLanguage":"pt-PT","@id":"https:\/\/brasilnoticias.org\/site\/#\/schema\/logo\/image\/","url":"https:\/\/brasilnoticias.org\/site\/wp-content\/uploads\/2022\/05\/cropped-brasilnoticias-mini.jpg","contentUrl":"https:\/\/brasilnoticias.org\/site\/wp-content\/uploads\/2022\/05\/cropped-brasilnoticias-mini.jpg","width":314,"height":86,"caption":"Brasil not\u00edcias"},"image":{"@id":"https:\/\/brasilnoticias.org\/site\/#\/schema\/logo\/image\/"}},{"@type":"Person","@id":"https:\/\/brasilnoticias.org\/site\/#\/schema\/person\/a0e05b973ec4d15c658d51911e53507b","name":"Reda\u00e7\u00e3o","image":{"@type":"ImageObject","inLanguage":"pt-PT","@id":"https:\/\/brasilnoticias.org\/site\/#\/schema\/person\/image\/","url":"https:\/\/secure.gravatar.com\/avatar\/75d8b050df2de108b08ae78dfb8e374892df24a383c67db9c46a9c604f6aee9c?s=96&d=mm&r=g","contentUrl":"https:\/\/secure.gravatar.com\/avatar\/75d8b050df2de108b08ae78dfb8e374892df24a383c67db9c46a9c604f6aee9c?s=96&d=mm&r=g","caption":"Reda\u00e7\u00e3o"},"sameAs":["https:\/\/brasilnoticias.org\/site"],"url":"https:\/\/brasilnoticias.org\/site\/author\/fernandozsngmail-com\/"}]}},"_links":{"self":[{"href":"https:\/\/brasilnoticias.org\/site\/wp-json\/wp\/v2\/posts\/2319","targetHints":{"allow":["GET"]}}],"collection":[{"href":"https:\/\/brasilnoticias.org\/site\/wp-json\/wp\/v2\/posts"}],"about":[{"href":"https:\/\/brasilnoticias.org\/site\/wp-json\/wp\/v2\/types\/post"}],"author":[{"embeddable":true,"href":"https:\/\/brasilnoticias.org\/site\/wp-json\/wp\/v2\/users\/1"}],"replies":[{"embeddable":true,"href":"https:\/\/brasilnoticias.org\/site\/wp-json\/wp\/v2\/comments?post=2319"}],"version-history":[{"count":1,"href":"https:\/\/brasilnoticias.org\/site\/wp-json\/wp\/v2\/posts\/2319\/revisions"}],"predecessor-version":[{"id":2321,"href":"https:\/\/brasilnoticias.org\/site\/wp-json\/wp\/v2\/posts\/2319\/revisions\/2321"}],"wp:featuredmedia":[{"embeddable":true,"href":"https:\/\/brasilnoticias.org\/site\/wp-json\/wp\/v2\/media\/2320"}],"wp:attachment":[{"href":"https:\/\/brasilnoticias.org\/site\/wp-json\/wp\/v2\/media?parent=2319"}],"wp:term":[{"taxonomy":"category","embeddable":true,"href":"https:\/\/brasilnoticias.org\/site\/wp-json\/wp\/v2\/categories?post=2319"},{"taxonomy":"post_tag","embeddable":true,"href":"https:\/\/brasilnoticias.org\/site\/wp-json\/wp\/v2\/tags?post=2319"}],"curies":[{"name":"wp","href":"https:\/\/api.w.org\/{rel}","templated":true}]}}