{"id":2331,"date":"2022-11-21T07:10:24","date_gmt":"2022-11-21T10:10:24","guid":{"rendered":"https:\/\/brasilnoticias.org\/site\/?p=2331"},"modified":"2022-11-20T12:48:29","modified_gmt":"2022-11-20T15:48:29","slug":"trama-para-morte-de-pastor-envolveu-familia-de-flordelis","status":"publish","type":"post","link":"https:\/\/brasilnoticias.org\/site\/trama-para-morte-de-pastor-envolveu-familia-de-flordelis\/","title":{"rendered":"Trama para morte de pastor envolveu fam\u00edlia de Flordelis"},"content":{"rendered":"<p>FOLHAPRESS) &#8211; &#8220;&#8221;Queturiene&#8221;. Assim pedia para ser chamada a ex-deputada federal Flordelis dos Santos de Souza, 61, pelos jovens que passou a cuidar como filhos e evangelizar em sua casa na d\u00e9cada de 1990, no Rio de Janeiro. O vocativo divino era uma alus\u00e3o aos querubins, mensageiros de Deus segundo a B\u00edblia.<\/p>\n<div class=\"pub-container inside-news\">\n<p>No domingo passado (13), ela foi condenada a 50 anos e 28 dias de pris\u00e3o por ser considerada mandante da morte do marido Anderson do Carmo, 42, jovem acolhido por ela como filho aos 14 anos e que virou pastor. A motiva\u00e7\u00e3o do crime foi mundana: dinheiro e poder. Ela nega a acusa\u00e7\u00e3o e vai recorrer da senten\u00e7a.<\/p>\n<div class=\"google-auto-placed ap_container\">\n<p>Carmo foi morto em 2019 com 31 perfura\u00e7\u00f5es, nove delas na regi\u00e3o p\u00e9lvica, um indicativo de que o crime poderia ser tamb\u00e9m uma vingan\u00e7a de cunho sexual. E, segundo quem confessou participar da trama para o assassinato, ele supostamente abusava de mulheres da fam\u00edlia com 55 filhos. No entanto, a investiga\u00e7\u00e3o n\u00e3o comprovou a acusa\u00e7\u00e3o.<\/p>\n<p>A Promotoria afirma que a motiva\u00e7\u00e3o foi a disputa da quantia arrecadada pela igreja: cerca de R$ 180 mil por m\u00eas. Carmo tamb\u00e9m tinha perfil controlador. Flordelis disse que &#8220;ele escolhia desde a roupa \u00e0 peruca&#8221; dela. Ela tamb\u00e9m dizia que ele a agredia constantemente e que aceitava isso por ser evang\u00e9lica.<\/p>\n<p>Para al\u00e9m de manipula\u00e7\u00e3o religiosa e das disputas, a apura\u00e7\u00e3o do crime indicou que o slogan alavancado para eleger Flordelis \u00e0 deputada federal mais votada do Rio, em 2018, era uma fachada. Ela n\u00e3o era m\u00e3e de 55 filhos.<\/p>\n<p>Somente cinco foram adotados. Um era falso biol\u00f3gico. Daniel Santos, que Flordelis e Carmo conseguiram registrar como gerado pelo casal, soube pela pol\u00edcia que sua certid\u00e3o era uma farsa.<\/p>\n<p>FILHOS CASARAM ENTRE SI<\/p>\n<p>Entre os filhos, alguns tiveram descendentes entre si, outros adotaram sobrinhos. Simone Rodrigues, filha biol\u00f3gica do primeiro casamento de Flordelis com um pastor, teve tr\u00eas filhas com Andr\u00e9 Oliveira (filho afetivo da primeira gera\u00e7\u00e3o da fam\u00edlia e um dos absolvidos pelos jurados).<\/p>\n<p>Simone tamb\u00e9m passou a criar Mois\u00e9s, filho de uma irm\u00e3 afetiva. Carlos Ubiraci, a quem Flordelis salvou do v\u00edcio das drogas aos 12 anos, teve filhas com Cristiana Rangel, tamb\u00e9m filha afetiva da chamada primeira gera\u00e7\u00e3o.<\/p>\n<div class=\"google-auto-placed ap_container\">\n<p>Nas palavras do investigador Tiago Vaz, havia &#8220;fac\u00e7\u00f5es&#8221; na casa. &#8220;Alguns eram mais privilegiados, com comida e benef\u00edcios&#8221;, disse. A falta de uni\u00e3o ficou evidente no tribunal, quando filhos depuseram contra a m\u00e3e. Daniel foi um deles.<\/p>\n<p>O promotor D\u00e9cio Viegas chamou de escravid\u00e3o o tratamento dado aos filhos adotados j\u00e1 nos anos 2000. &#8220;Eram escravos. Se Flordelis ou Anderson chegassem de madrugada, eram obrigados a levantar e a cozinhar&#8221;, afirmou.<\/p>\n<p>Antes da uni\u00e3o entre Flordelis e Carmo, ele namorou a irm\u00e3 Simone -e, como padrasto, dificultava seus relacionamentos. Ela relatou que, quando pediu dinheiro para um tratamento de c\u00e2ncer, ele passou a estupr\u00e1-la. Ainda de acordo com a vers\u00e3o dela, ao presenciar Carmo violentar sua filha, passou a desejar sua morte.<\/p>\n<p>A Promotoria afirma que, antes de ser morto a tiros, Carmo foi envenenado. Simone teria participado das tentativas de homic\u00eddio do pastor com chumbinho, que resultaram em seis interna\u00e7\u00f5es. Nesse crime, os jurados consideraram que ela agiu por um motivo nobre (defender a filha) e a condenaram por tentativa de homic\u00eddio privilegiado.<\/p>\n<p>Uma das interna\u00e7\u00f5es de Carmo ocorreu logo ap\u00f3s Flordelis ser eleita deputada. Ela escreveu a um dos filhos: &#8220;At\u00e9 quando vamos ter que aguentar esse traste no nosso meio? Me ajuda, cara. Por amor a mim&#8221;.<\/p>\n<p>&#8220;Ela n\u00e3o disse por amor a Deus, e sim por amor a mim. Ela se colocava como divindade aos filhos&#8221;, apontou a promotora Mariah Paix\u00e3o. Ela tamb\u00e9m intitulou alguns filhos anjos e trocou seus nomes. Wagner passou a chamar-se Misael; Anderson, Niel; Simone, Hebr\u00e9ia; Alexsander, Luan. Todos eram obrigados a usar a nova identidade, segundo os relatos.<\/p>\n<p>Conhecida por profetizar desde crian\u00e7a, pr\u00f3ximo ao crime a pastora passou a dizer que tivera uma vis\u00e3o de que Carmo iria morrer cedo. Ele chegou a encontrar um plano para mat\u00e1-lo em seu tablet, escrito pela filha Marzy Teixeira ao irm\u00e3o Lucas C\u00e9zar Souza. Uma testemunha disse que Marzy apenas escreveu o plano ditado por Flordelis.<\/p>\n<p>Al\u00e9m da ex-deputada federal, outros sete acusados foram condenados, a maioria em julgamentos anteriores que ocorreram em novembro de 2021 e em abril deste ano. Dos cinco julgados no \u00faltimo domingo, tr\u00eas foram inocentados.<\/p>\n<div class=\"google-auto-placed ap_container\">\n<p>A filha Simone Rodrigues foi condenada a 31 anos, 4 meses e 20 dias de reclus\u00e3o, em regime fechado, por homic\u00eddio triplamente qualificado, tentativa de homic\u00eddio e associa\u00e7\u00e3o criminosa armada.<\/p>\n<p>Andr\u00e9 Luiz Oliveira e Marzy Teixeira, al\u00e9m da neta Rayane dos Santos, foram considerados inocentes.<\/p>\n<p>Antes de migrar para o notici\u00e1rio policial, Flordelis era famosa por ser cantora gospel e admirada por celebridades. Um filme sobre sua trajet\u00f3ria foi realizado, em 2009, com os atores Bruna Marquezine, Cau\u00e3 Reymond, Reynaldo Gianecchini e Deborah Secco. Flordelis interpretou a si mesma.<\/p>\n<p>Ap\u00f3s o crime, a ex-jogadora da sele\u00e7\u00e3o brasileira Paula do V\u00f4lei, atualmente pastora e psic\u00f3loga, passou a frequentar a casa. Duas filhas afirmaram que ela ajudava a treinar os depoimentos; Paula nega. A ex-jogadora acompanhou at\u00e9 o final o julgamento, cantando louvores pelos corredores do tribunal.<\/p>\n<p>Quando a ju\u00edza Nearis Acre leu a senten\u00e7a no tribunal do j\u00fari em Niter\u00f3i, alguns se desesperaram, entre eles, seu atual namorado, Allan Soares, que foi \u00e0s l\u00e1grimas. No mesmo dia, ele escreveu em uma rede social: &#8220;N\u00e3o vou desistir de voc\u00ea&#8221;.<br \/>\n*<br \/>\nQUEM FOI CONDENADO AL\u00c9M DE FLORDELIS<\/p>\n<p>Simone Rodrigues &#8211; filha biol\u00f3gica de Flordelis, condenada a 31 anos, 4 meses e 20 dias de reclus\u00e3o, em regime fechado, por homic\u00eddio triplamente qualificado, tentativa de homic\u00eddio e associa\u00e7\u00e3o criminosa armada. Ela disse que Fl\u00e1vio matou Carmo ap\u00f3s saber dos abusos sexuais.<\/p>\n<p>Fl\u00e1vio dos Santos &#8211; filho biol\u00f3gico de Flordelis, foi condenado em novembro de 2021 a quase 30 anos de pris\u00e3o acusado de ter atirado contra o pastor Anderson do Carmo.<\/p>\n<p>Lucas C\u00e9zar dos Santos de Souza &#8211; filho adotivo de Flordelis, foi condenado em 2021 a sete anos e meio por homic\u00eddio triplamente qualificado. Ele teria ajudado a comprar a arma do crime.<\/p>\n<p>Carlos Ubiraci Francisco da Silva &#8211; filho adotivo de Flordelis, foi condenado em 2021 a dois anos, dois meses e 20 dias em regime semiaberto, pelo crime de associa\u00e7\u00e3o criminosa armada.<\/p>\n<div class=\"google-auto-placed ap_container\">\n<p>Adriano dos Santos Rodrigues &#8211; filho biol\u00f3gico da pastora, foi condenado em abril deste ano a quatro anos, seis meses e 20 dias de pris\u00e3o em regime semiaberto por associa\u00e7\u00e3o armada e uso de documento falso.<\/p>\n<p>Andrea Santos Maia &#8211; amiga da fam\u00edlia, foi condenada em abril deste ano a quatro anos, tr\u00eas meses e dez dias em regime semiaberto por associa\u00e7\u00e3o armada e uso de documento falso.<\/p>\n<p>Marcos Siqueira Costa &#8211; ex-PM e marido de Andrea, recebeu em abril deste ano pena de cinco anos e 20 dias de pris\u00e3o em regime fechado por associa\u00e7\u00e3o armada e uso de documento falso.<\/p>\n<p>CRONOLOGIA DO CASO<\/p>\n<p>Mai.2018 &#8211; Anderson do Carmo passa a ir ao hospital com fortes dores no est\u00f4mago. Segundo a investiga\u00e7\u00e3o, Flordelis tentava matar o marido envenenado com chumbinho.<br \/>\nJun.2019 &#8211; Carmo \u00e9 morto na madrugada de 16 de junho. Flordelis trata o crime como latroc\u00ednio, mas a vers\u00e3o n\u00e3o se sustenta. Ap\u00f3s ser preso, o filho biol\u00f3gico de Flordelis Fl\u00e1vio dos Santos confessa ter feito os disparos. Lucas de Souza, filho adotivo, \u00e9 preso horas depois, acusado de ajudar a comprar a arma do crime. A pistola 9 mm \u00e9 encontrada na casa da fam\u00edlia.<br \/>\nNov.2019 &#8211; Integrante do Comando Vermelho, Lucas \u00e9 transferido para cadeia de milicianos. Em uma carta, ele confessa ter matado Anderson a mando de Misael, que havia passado a controlar as finan\u00e7as da igreja ap\u00f3s a morte de pastor. A Promotoria suspeita de que Flordelis seja a mentora da carta.<\/p>\n<p>&nbsp;<\/p>\n<\/div>\n<\/div>\n<\/div>\n<\/div>\n<\/div>\n<p>Foto Reuters<\/p>\n<p>Not\u00edcias ao minuto<\/p>\n","protected":false},"excerpt":{"rendered":"<p>FOLHAPRESS) &#8211; &#8220;&#8221;Queturiene&#8221;. Assim pedia para ser chamada a ex-deputada federal Flordelis dos Santos de Souza, 61, pelos jovens que<\/p>\n","protected":false},"author":1,"featured_media":2332,"comment_status":"open","ping_status":"open","sticky":false,"template":"","format":"standard","meta":{"colormag_page_container_layout":"default_layout","colormag_page_sidebar_layout":"default_layout","_FSMCFIC_featured_image_caption":"","_FSMCFIC_featured_image_nocaption":"","_FSMCFIC_featured_image_hide":"","footnotes":""},"categories":[7,1],"tags":[],"class_list":["post-2331","post","type-post","status-publish","format-standard","has-post-thumbnail","hentry","category-justica","category-ultimas"],"yoast_head":"<!-- This site is optimized with the Yoast SEO plugin v27.1.1 - https:\/\/yoast.com\/product\/yoast-seo-wordpress\/ -->\n<title>Trama para morte de pastor envolveu fam\u00edlia de Flordelis - Brasil not\u00edcias<\/title>\n<meta name=\"robots\" content=\"index, follow, max-snippet:-1, max-image-preview:large, max-video-preview:-1\" \/>\n<link rel=\"canonical\" href=\"https:\/\/brasilnoticias.org\/site\/trama-para-morte-de-pastor-envolveu-familia-de-flordelis\/\" \/>\n<meta property=\"og:locale\" content=\"pt_PT\" \/>\n<meta property=\"og:type\" content=\"article\" \/>\n<meta property=\"og:title\" content=\"Trama para morte de pastor envolveu fam\u00edlia de Flordelis - Brasil not\u00edcias\" \/>\n<meta property=\"og:description\" content=\"FOLHAPRESS) &#8211; &#8220;&#8221;Queturiene&#8221;. Assim pedia para ser chamada a ex-deputada federal Flordelis dos Santos de Souza, 61, pelos jovens que\" \/>\n<meta property=\"og:url\" content=\"https:\/\/brasilnoticias.org\/site\/trama-para-morte-de-pastor-envolveu-familia-de-flordelis\/\" \/>\n<meta property=\"og:site_name\" content=\"Brasil not\u00edcias\" \/>\n<meta property=\"article:published_time\" content=\"2022-11-21T10:10:24+00:00\" \/>\n<meta property=\"og:image\" content=\"https:\/\/brasilnoticias.org\/site\/wp-content\/uploads\/2022\/11\/naom_5f4eb470d7956.jpg\" \/>\n\t<meta property=\"og:image:width\" content=\"960\" \/>\n\t<meta property=\"og:image:height\" content=\"540\" \/>\n\t<meta property=\"og:image:type\" content=\"image\/jpeg\" \/>\n<meta name=\"author\" content=\"Reda\u00e7\u00e3o\" \/>\n<meta name=\"twitter:card\" content=\"summary_large_image\" \/>\n<meta name=\"twitter:label1\" content=\"Escrito por\" \/>\n\t<meta name=\"twitter:data1\" content=\"Reda\u00e7\u00e3o\" \/>\n\t<meta name=\"twitter:label2\" content=\"Tempo estimado de leitura\" \/>\n\t<meta name=\"twitter:data2\" content=\"7 minutos\" \/>\n<script type=\"application\/ld+json\" class=\"yoast-schema-graph\">{\"@context\":\"https:\/\/schema.org\",\"@graph\":[{\"@type\":\"Article\",\"@id\":\"https:\/\/brasilnoticias.org\/site\/trama-para-morte-de-pastor-envolveu-familia-de-flordelis\/#article\",\"isPartOf\":{\"@id\":\"https:\/\/brasilnoticias.org\/site\/trama-para-morte-de-pastor-envolveu-familia-de-flordelis\/\"},\"author\":{\"name\":\"Reda\u00e7\u00e3o\",\"@id\":\"https:\/\/brasilnoticias.org\/site\/#\/schema\/person\/a0e05b973ec4d15c658d51911e53507b\"},\"headline\":\"Trama para morte de pastor envolveu fam\u00edlia de Flordelis\",\"datePublished\":\"2022-11-21T10:10:24+00:00\",\"mainEntityOfPage\":{\"@id\":\"https:\/\/brasilnoticias.org\/site\/trama-para-morte-de-pastor-envolveu-familia-de-flordelis\/\"},\"wordCount\":1386,\"commentCount\":0,\"publisher\":{\"@id\":\"https:\/\/brasilnoticias.org\/site\/#organization\"},\"image\":{\"@id\":\"https:\/\/brasilnoticias.org\/site\/trama-para-morte-de-pastor-envolveu-familia-de-flordelis\/#primaryimage\"},\"thumbnailUrl\":\"https:\/\/brasilnoticias.org\/site\/wp-content\/uploads\/2022\/11\/naom_5f4eb470d7956.jpg\",\"articleSection\":[\"Justi\u00e7a\",\"\u00daltimas\"],\"inLanguage\":\"pt-PT\",\"potentialAction\":[{\"@type\":\"CommentAction\",\"name\":\"Comment\",\"target\":[\"https:\/\/brasilnoticias.org\/site\/trama-para-morte-de-pastor-envolveu-familia-de-flordelis\/#respond\"]}]},{\"@type\":\"WebPage\",\"@id\":\"https:\/\/brasilnoticias.org\/site\/trama-para-morte-de-pastor-envolveu-familia-de-flordelis\/\",\"url\":\"https:\/\/brasilnoticias.org\/site\/trama-para-morte-de-pastor-envolveu-familia-de-flordelis\/\",\"name\":\"Trama para morte de pastor envolveu fam\u00edlia de Flordelis - Brasil not\u00edcias\",\"isPartOf\":{\"@id\":\"https:\/\/brasilnoticias.org\/site\/#website\"},\"primaryImageOfPage\":{\"@id\":\"https:\/\/brasilnoticias.org\/site\/trama-para-morte-de-pastor-envolveu-familia-de-flordelis\/#primaryimage\"},\"image\":{\"@id\":\"https:\/\/brasilnoticias.org\/site\/trama-para-morte-de-pastor-envolveu-familia-de-flordelis\/#primaryimage\"},\"thumbnailUrl\":\"https:\/\/brasilnoticias.org\/site\/wp-content\/uploads\/2022\/11\/naom_5f4eb470d7956.jpg\",\"datePublished\":\"2022-11-21T10:10:24+00:00\",\"breadcrumb\":{\"@id\":\"https:\/\/brasilnoticias.org\/site\/trama-para-morte-de-pastor-envolveu-familia-de-flordelis\/#breadcrumb\"},\"inLanguage\":\"pt-PT\",\"potentialAction\":[{\"@type\":\"ReadAction\",\"target\":[\"https:\/\/brasilnoticias.org\/site\/trama-para-morte-de-pastor-envolveu-familia-de-flordelis\/\"]}]},{\"@type\":\"ImageObject\",\"inLanguage\":\"pt-PT\",\"@id\":\"https:\/\/brasilnoticias.org\/site\/trama-para-morte-de-pastor-envolveu-familia-de-flordelis\/#primaryimage\",\"url\":\"https:\/\/brasilnoticias.org\/site\/wp-content\/uploads\/2022\/11\/naom_5f4eb470d7956.jpg\",\"contentUrl\":\"https:\/\/brasilnoticias.org\/site\/wp-content\/uploads\/2022\/11\/naom_5f4eb470d7956.jpg\",\"width\":960,\"height\":540},{\"@type\":\"BreadcrumbList\",\"@id\":\"https:\/\/brasilnoticias.org\/site\/trama-para-morte-de-pastor-envolveu-familia-de-flordelis\/#breadcrumb\",\"itemListElement\":[{\"@type\":\"ListItem\",\"position\":1,\"name\":\"In\u00edcio\",\"item\":\"https:\/\/brasilnoticias.org\/site\/\"},{\"@type\":\"ListItem\",\"position\":2,\"name\":\"Trama para morte de pastor envolveu fam\u00edlia de Flordelis\"}]},{\"@type\":\"WebSite\",\"@id\":\"https:\/\/brasilnoticias.org\/site\/#website\",\"url\":\"https:\/\/brasilnoticias.org\/site\/\",\"name\":\"Brasil not\u00edcias\",\"description\":\"Brasil not\u00edcias\",\"publisher\":{\"@id\":\"https:\/\/brasilnoticias.org\/site\/#organization\"},\"potentialAction\":[{\"@type\":\"SearchAction\",\"target\":{\"@type\":\"EntryPoint\",\"urlTemplate\":\"https:\/\/brasilnoticias.org\/site\/?s={search_term_string}\"},\"query-input\":{\"@type\":\"PropertyValueSpecification\",\"valueRequired\":true,\"valueName\":\"search_term_string\"}}],\"inLanguage\":\"pt-PT\"},{\"@type\":\"Organization\",\"@id\":\"https:\/\/brasilnoticias.org\/site\/#organization\",\"name\":\"Brasil not\u00edcias\",\"url\":\"https:\/\/brasilnoticias.org\/site\/\",\"logo\":{\"@type\":\"ImageObject\",\"inLanguage\":\"pt-PT\",\"@id\":\"https:\/\/brasilnoticias.org\/site\/#\/schema\/logo\/image\/\",\"url\":\"https:\/\/brasilnoticias.org\/site\/wp-content\/uploads\/2022\/05\/cropped-brasilnoticias-mini.jpg\",\"contentUrl\":\"https:\/\/brasilnoticias.org\/site\/wp-content\/uploads\/2022\/05\/cropped-brasilnoticias-mini.jpg\",\"width\":314,\"height\":86,\"caption\":\"Brasil not\u00edcias\"},\"image\":{\"@id\":\"https:\/\/brasilnoticias.org\/site\/#\/schema\/logo\/image\/\"}},{\"@type\":\"Person\",\"@id\":\"https:\/\/brasilnoticias.org\/site\/#\/schema\/person\/a0e05b973ec4d15c658d51911e53507b\",\"name\":\"Reda\u00e7\u00e3o\",\"image\":{\"@type\":\"ImageObject\",\"inLanguage\":\"pt-PT\",\"@id\":\"https:\/\/brasilnoticias.org\/site\/#\/schema\/person\/image\/\",\"url\":\"https:\/\/secure.gravatar.com\/avatar\/75d8b050df2de108b08ae78dfb8e374892df24a383c67db9c46a9c604f6aee9c?s=96&d=mm&r=g\",\"contentUrl\":\"https:\/\/secure.gravatar.com\/avatar\/75d8b050df2de108b08ae78dfb8e374892df24a383c67db9c46a9c604f6aee9c?s=96&d=mm&r=g\",\"caption\":\"Reda\u00e7\u00e3o\"},\"sameAs\":[\"https:\/\/brasilnoticias.org\/site\"],\"url\":\"https:\/\/brasilnoticias.org\/site\/author\/fernandozsngmail-com\/\"}]}<\/script>\n<!-- \/ Yoast SEO plugin. -->","yoast_head_json":{"title":"Trama para morte de pastor envolveu fam\u00edlia de Flordelis - Brasil not\u00edcias","robots":{"index":"index","follow":"follow","max-snippet":"max-snippet:-1","max-image-preview":"max-image-preview:large","max-video-preview":"max-video-preview:-1"},"canonical":"https:\/\/brasilnoticias.org\/site\/trama-para-morte-de-pastor-envolveu-familia-de-flordelis\/","og_locale":"pt_PT","og_type":"article","og_title":"Trama para morte de pastor envolveu fam\u00edlia de Flordelis - Brasil not\u00edcias","og_description":"FOLHAPRESS) &#8211; &#8220;&#8221;Queturiene&#8221;. Assim pedia para ser chamada a ex-deputada federal Flordelis dos Santos de Souza, 61, pelos jovens que","og_url":"https:\/\/brasilnoticias.org\/site\/trama-para-morte-de-pastor-envolveu-familia-de-flordelis\/","og_site_name":"Brasil not\u00edcias","article_published_time":"2022-11-21T10:10:24+00:00","og_image":[{"width":960,"height":540,"url":"https:\/\/brasilnoticias.org\/site\/wp-content\/uploads\/2022\/11\/naom_5f4eb470d7956.jpg","type":"image\/jpeg"}],"author":"Reda\u00e7\u00e3o","twitter_card":"summary_large_image","twitter_misc":{"Escrito por":"Reda\u00e7\u00e3o","Tempo estimado de leitura":"7 minutos"},"schema":{"@context":"https:\/\/schema.org","@graph":[{"@type":"Article","@id":"https:\/\/brasilnoticias.org\/site\/trama-para-morte-de-pastor-envolveu-familia-de-flordelis\/#article","isPartOf":{"@id":"https:\/\/brasilnoticias.org\/site\/trama-para-morte-de-pastor-envolveu-familia-de-flordelis\/"},"author":{"name":"Reda\u00e7\u00e3o","@id":"https:\/\/brasilnoticias.org\/site\/#\/schema\/person\/a0e05b973ec4d15c658d51911e53507b"},"headline":"Trama para morte de pastor envolveu fam\u00edlia de Flordelis","datePublished":"2022-11-21T10:10:24+00:00","mainEntityOfPage":{"@id":"https:\/\/brasilnoticias.org\/site\/trama-para-morte-de-pastor-envolveu-familia-de-flordelis\/"},"wordCount":1386,"commentCount":0,"publisher":{"@id":"https:\/\/brasilnoticias.org\/site\/#organization"},"image":{"@id":"https:\/\/brasilnoticias.org\/site\/trama-para-morte-de-pastor-envolveu-familia-de-flordelis\/#primaryimage"},"thumbnailUrl":"https:\/\/brasilnoticias.org\/site\/wp-content\/uploads\/2022\/11\/naom_5f4eb470d7956.jpg","articleSection":["Justi\u00e7a","\u00daltimas"],"inLanguage":"pt-PT","potentialAction":[{"@type":"CommentAction","name":"Comment","target":["https:\/\/brasilnoticias.org\/site\/trama-para-morte-de-pastor-envolveu-familia-de-flordelis\/#respond"]}]},{"@type":"WebPage","@id":"https:\/\/brasilnoticias.org\/site\/trama-para-morte-de-pastor-envolveu-familia-de-flordelis\/","url":"https:\/\/brasilnoticias.org\/site\/trama-para-morte-de-pastor-envolveu-familia-de-flordelis\/","name":"Trama para morte de pastor envolveu fam\u00edlia de Flordelis - Brasil not\u00edcias","isPartOf":{"@id":"https:\/\/brasilnoticias.org\/site\/#website"},"primaryImageOfPage":{"@id":"https:\/\/brasilnoticias.org\/site\/trama-para-morte-de-pastor-envolveu-familia-de-flordelis\/#primaryimage"},"image":{"@id":"https:\/\/brasilnoticias.org\/site\/trama-para-morte-de-pastor-envolveu-familia-de-flordelis\/#primaryimage"},"thumbnailUrl":"https:\/\/brasilnoticias.org\/site\/wp-content\/uploads\/2022\/11\/naom_5f4eb470d7956.jpg","datePublished":"2022-11-21T10:10:24+00:00","breadcrumb":{"@id":"https:\/\/brasilnoticias.org\/site\/trama-para-morte-de-pastor-envolveu-familia-de-flordelis\/#breadcrumb"},"inLanguage":"pt-PT","potentialAction":[{"@type":"ReadAction","target":["https:\/\/brasilnoticias.org\/site\/trama-para-morte-de-pastor-envolveu-familia-de-flordelis\/"]}]},{"@type":"ImageObject","inLanguage":"pt-PT","@id":"https:\/\/brasilnoticias.org\/site\/trama-para-morte-de-pastor-envolveu-familia-de-flordelis\/#primaryimage","url":"https:\/\/brasilnoticias.org\/site\/wp-content\/uploads\/2022\/11\/naom_5f4eb470d7956.jpg","contentUrl":"https:\/\/brasilnoticias.org\/site\/wp-content\/uploads\/2022\/11\/naom_5f4eb470d7956.jpg","width":960,"height":540},{"@type":"BreadcrumbList","@id":"https:\/\/brasilnoticias.org\/site\/trama-para-morte-de-pastor-envolveu-familia-de-flordelis\/#breadcrumb","itemListElement":[{"@type":"ListItem","position":1,"name":"In\u00edcio","item":"https:\/\/brasilnoticias.org\/site\/"},{"@type":"ListItem","position":2,"name":"Trama para morte de pastor envolveu fam\u00edlia de Flordelis"}]},{"@type":"WebSite","@id":"https:\/\/brasilnoticias.org\/site\/#website","url":"https:\/\/brasilnoticias.org\/site\/","name":"Brasil not\u00edcias","description":"Brasil not\u00edcias","publisher":{"@id":"https:\/\/brasilnoticias.org\/site\/#organization"},"potentialAction":[{"@type":"SearchAction","target":{"@type":"EntryPoint","urlTemplate":"https:\/\/brasilnoticias.org\/site\/?s={search_term_string}"},"query-input":{"@type":"PropertyValueSpecification","valueRequired":true,"valueName":"search_term_string"}}],"inLanguage":"pt-PT"},{"@type":"Organization","@id":"https:\/\/brasilnoticias.org\/site\/#organization","name":"Brasil not\u00edcias","url":"https:\/\/brasilnoticias.org\/site\/","logo":{"@type":"ImageObject","inLanguage":"pt-PT","@id":"https:\/\/brasilnoticias.org\/site\/#\/schema\/logo\/image\/","url":"https:\/\/brasilnoticias.org\/site\/wp-content\/uploads\/2022\/05\/cropped-brasilnoticias-mini.jpg","contentUrl":"https:\/\/brasilnoticias.org\/site\/wp-content\/uploads\/2022\/05\/cropped-brasilnoticias-mini.jpg","width":314,"height":86,"caption":"Brasil not\u00edcias"},"image":{"@id":"https:\/\/brasilnoticias.org\/site\/#\/schema\/logo\/image\/"}},{"@type":"Person","@id":"https:\/\/brasilnoticias.org\/site\/#\/schema\/person\/a0e05b973ec4d15c658d51911e53507b","name":"Reda\u00e7\u00e3o","image":{"@type":"ImageObject","inLanguage":"pt-PT","@id":"https:\/\/brasilnoticias.org\/site\/#\/schema\/person\/image\/","url":"https:\/\/secure.gravatar.com\/avatar\/75d8b050df2de108b08ae78dfb8e374892df24a383c67db9c46a9c604f6aee9c?s=96&d=mm&r=g","contentUrl":"https:\/\/secure.gravatar.com\/avatar\/75d8b050df2de108b08ae78dfb8e374892df24a383c67db9c46a9c604f6aee9c?s=96&d=mm&r=g","caption":"Reda\u00e7\u00e3o"},"sameAs":["https:\/\/brasilnoticias.org\/site"],"url":"https:\/\/brasilnoticias.org\/site\/author\/fernandozsngmail-com\/"}]}},"_links":{"self":[{"href":"https:\/\/brasilnoticias.org\/site\/wp-json\/wp\/v2\/posts\/2331","targetHints":{"allow":["GET"]}}],"collection":[{"href":"https:\/\/brasilnoticias.org\/site\/wp-json\/wp\/v2\/posts"}],"about":[{"href":"https:\/\/brasilnoticias.org\/site\/wp-json\/wp\/v2\/types\/post"}],"author":[{"embeddable":true,"href":"https:\/\/brasilnoticias.org\/site\/wp-json\/wp\/v2\/users\/1"}],"replies":[{"embeddable":true,"href":"https:\/\/brasilnoticias.org\/site\/wp-json\/wp\/v2\/comments?post=2331"}],"version-history":[{"count":1,"href":"https:\/\/brasilnoticias.org\/site\/wp-json\/wp\/v2\/posts\/2331\/revisions"}],"predecessor-version":[{"id":2333,"href":"https:\/\/brasilnoticias.org\/site\/wp-json\/wp\/v2\/posts\/2331\/revisions\/2333"}],"wp:featuredmedia":[{"embeddable":true,"href":"https:\/\/brasilnoticias.org\/site\/wp-json\/wp\/v2\/media\/2332"}],"wp:attachment":[{"href":"https:\/\/brasilnoticias.org\/site\/wp-json\/wp\/v2\/media?parent=2331"}],"wp:term":[{"taxonomy":"category","embeddable":true,"href":"https:\/\/brasilnoticias.org\/site\/wp-json\/wp\/v2\/categories?post=2331"},{"taxonomy":"post_tag","embeddable":true,"href":"https:\/\/brasilnoticias.org\/site\/wp-json\/wp\/v2\/tags?post=2331"}],"curies":[{"name":"wp","href":"https:\/\/api.w.org\/{rel}","templated":true}]}}