{"id":2334,"date":"2022-11-21T07:20:41","date_gmt":"2022-11-21T10:20:41","guid":{"rendered":"https:\/\/brasilnoticias.org\/site\/?p=2334"},"modified":"2022-11-20T12:51:33","modified_gmt":"2022-11-20T15:51:33","slug":"confira-quem-sao-os-jogadores-cortados-da-copa-do-mundo-ate-agora","status":"publish","type":"post","link":"https:\/\/brasilnoticias.org\/site\/confira-quem-sao-os-jogadores-cortados-da-copa-do-mundo-ate-agora\/","title":{"rendered":"Confira quem s\u00e3o os jogadores cortados da Copa do Mundo at\u00e9 agora"},"content":{"rendered":"<p>A Copa do Mundo do Qatar sofreu mais uma baixa importante ap\u00f3s a Fran\u00e7a ter anunciado, neste s\u00e1bado (19), que Karim Benzema n\u00e3o vai se recuperar de uma les\u00e3o na coxa a tempo de disputar a competi\u00e7\u00e3o.<\/p>\n<p>Ainda nesta semana, na quinta-feira (17), o Mundial perdeu Sadio Man\u00e9, do Senegal, que n\u00e3o se recuperou a tempo de uma les\u00e3o na f\u00edbula e precisar\u00e1 de cirurgia. J\u00e1 a Argentina cortou Nico Gonz\u00e1lez e Joaqu\u00edn Correa.<\/p>\n<p>Quem lidera a estat\u00edstica de jogadores que foram cortados do torneio \u00e9 justamente a Fran\u00e7a, que j\u00e1 n\u00e3o contou com Paul Pogba e N&#8217;Golo Kant\u00e9 na convoca\u00e7\u00e3o. Antes de Benzema, a atual campe\u00e3 havia perdido Presnel Kimpembe e Christopher Nkunku \u00e0s v\u00e9speras do torneio.<\/p>\n<p>Outra das aus\u00eancias desta Copa do Mundo \u00e9 a de Marco Reus, da Alemanha, mais uma vez lesionado antes de um torneio importante. O mesmo ocorreu \u00e0s v\u00e9speras do Mundial de 2014 e da Eurocopa de 2021.<\/p>\n<p>Al\u00e9m dele, Timo Werner sofreu uma les\u00e3o no tornozelo no come\u00e7o de novembro e ficou fora da lista de Hansi Flick, assim como Florian Wirtz, que se recuperava de les\u00e3o ligamentar no joelho.<\/p>\n<p>Diogo Jota, de Portugal, foi cortado em outubro, ap\u00f3s ter sofrido uma les\u00e3o muscular na panturrilha em jogo do Liverpool. Giovani Lo Celso, tamb\u00e9m por problemas musculares, passou por cirurgia na coxa e \u00e9 mais uma aus\u00eancia da Argentina.<\/p>\n<p>A Inglaterra teve problemas nas laterais, com dois jogadores do Chelsea. Tanto Ben Chilwell, que joga na esquerda, quanto Reece James, que joga na direita, tiveram de ficar fora.<\/p>\n<p>At\u00e9 mesmo o Brasil teve problemas, j\u00e1 que Philippe Coutinho se machucou \u00e0s v\u00e9speras da competi\u00e7\u00e3o. Ele era uma das op\u00e7\u00f5es do t\u00e9cnico Tite.<\/p>\n<p>ATLETAS SEM CONDI\u00c7\u00d5ES DE JOGAR A COPA POR LES\u00c3O<\/p>\n<p>&#8211; Florian Wirtz (Alemanha)<br \/>\n&#8211; Marco Reus (Alemanha)<br \/>\n&#8211; Timo Werner (Alemanha)<br \/>\n&#8211; Giovani Lo Celso (Argentina)<br \/>\n&#8211; Joaqu\u00edn Correa (Argentina)<br \/>\n&#8211; Nicol\u00e1s Gonz\u00e1lez (Argentina)<br \/>\n&#8211; Martin Boyle (Austr\u00e1lia)<br \/>\n&#8211; Alexis Saelemaekers (B\u00e9lgica)<br \/>\n&#8211; Philippe Coutinho (Brasil)<br \/>\n&#8211; Jos\u00e9 Gay\u00e0 (Espanha)<br \/>\n&#8211; Christopher Nkunku (Fran\u00e7a)<br \/>\n&#8211; Karim Benzema (Fran\u00e7a)<br \/>\n&#8211; Mike Maignan (Fran\u00e7a)<br \/>\n&#8211; N&#8217;Golo Kant\u00e9 (Fran\u00e7a)<br \/>\n&#8211; Paul Pogba (Fran\u00e7a)<br \/>\n&#8211; Presnel Kimpembe (Fran\u00e7a)<br \/>\n&#8211; Georginio Wijnaldum (Holanda)<br \/>\n&#8211; Ben Chilwell (Inglaterra)<br \/>\n&#8211; Reece James (Inglaterra)<br \/>\n&#8211; Amine Harit (Marrocos)<br \/>\n&#8211; Jesus &#8216;Tecatito&#8217; Corona (M\u00e9xico)<br \/>\n&#8211; Diogo Jota (Portugal)<br \/>\n&#8211; Sadio Man\u00e9 (Senegal)<\/p>\n<p>&nbsp;<\/p>\n<p>&nbsp;<\/p>\n<p>Not\u00edcias ao minuto<br \/>\nFoto Getty Images<\/p>\n","protected":false},"excerpt":{"rendered":"<p>A Copa do Mundo do Qatar sofreu mais uma baixa importante ap\u00f3s a Fran\u00e7a ter anunciado, neste s\u00e1bado (19), que<\/p>\n","protected":false},"author":1,"featured_media":2335,"comment_status":"open","ping_status":"open","sticky":false,"template":"","format":"standard","meta":{"colormag_page_container_layout":"default_layout","colormag_page_sidebar_layout":"default_layout","_FSMCFIC_featured_image_caption":"","_FSMCFIC_featured_image_nocaption":"","_FSMCFIC_featured_image_hide":"","footnotes":""},"categories":[4,1],"tags":[],"class_list":["post-2334","post","type-post","status-publish","format-standard","has-post-thumbnail","hentry","category-esporte","category-ultimas"],"yoast_head":"<!-- This site is optimized with the Yoast SEO plugin v27.1.1 - https:\/\/yoast.com\/product\/yoast-seo-wordpress\/ -->\n<title>Confira quem s\u00e3o os jogadores cortados da Copa do Mundo at\u00e9 agora - Brasil not\u00edcias<\/title>\n<meta name=\"robots\" content=\"index, follow, max-snippet:-1, max-image-preview:large, max-video-preview:-1\" \/>\n<link rel=\"canonical\" href=\"https:\/\/brasilnoticias.org\/site\/confira-quem-sao-os-jogadores-cortados-da-copa-do-mundo-ate-agora\/\" \/>\n<meta property=\"og:locale\" content=\"pt_PT\" \/>\n<meta property=\"og:type\" content=\"article\" \/>\n<meta property=\"og:title\" content=\"Confira quem s\u00e3o os jogadores cortados da Copa do Mundo at\u00e9 agora - Brasil not\u00edcias\" \/>\n<meta property=\"og:description\" content=\"A Copa do Mundo do Qatar sofreu mais uma baixa importante ap\u00f3s a Fran\u00e7a ter anunciado, neste s\u00e1bado (19), que\" \/>\n<meta property=\"og:url\" content=\"https:\/\/brasilnoticias.org\/site\/confira-quem-sao-os-jogadores-cortados-da-copa-do-mundo-ate-agora\/\" \/>\n<meta property=\"og:site_name\" content=\"Brasil not\u00edcias\" \/>\n<meta property=\"article:published_time\" content=\"2022-11-21T10:20:41+00:00\" \/>\n<meta property=\"og:image\" content=\"https:\/\/brasilnoticias.org\/site\/wp-content\/uploads\/2022\/11\/naom_6292a0fc988e8.jpg\" \/>\n\t<meta property=\"og:image:width\" content=\"960\" \/>\n\t<meta property=\"og:image:height\" content=\"540\" \/>\n\t<meta property=\"og:image:type\" content=\"image\/jpeg\" \/>\n<meta name=\"author\" content=\"Reda\u00e7\u00e3o\" \/>\n<meta name=\"twitter:card\" content=\"summary_large_image\" \/>\n<meta name=\"twitter:label1\" content=\"Escrito por\" \/>\n\t<meta name=\"twitter:data1\" content=\"Reda\u00e7\u00e3o\" \/>\n\t<meta name=\"twitter:label2\" content=\"Tempo estimado de leitura\" \/>\n\t<meta name=\"twitter:data2\" content=\"2 minutos\" \/>\n<script type=\"application\/ld+json\" class=\"yoast-schema-graph\">{\"@context\":\"https:\/\/schema.org\",\"@graph\":[{\"@type\":\"Article\",\"@id\":\"https:\/\/brasilnoticias.org\/site\/confira-quem-sao-os-jogadores-cortados-da-copa-do-mundo-ate-agora\/#article\",\"isPartOf\":{\"@id\":\"https:\/\/brasilnoticias.org\/site\/confira-quem-sao-os-jogadores-cortados-da-copa-do-mundo-ate-agora\/\"},\"author\":{\"name\":\"Reda\u00e7\u00e3o\",\"@id\":\"https:\/\/brasilnoticias.org\/site\/#\/schema\/person\/a0e05b973ec4d15c658d51911e53507b\"},\"headline\":\"Confira quem s\u00e3o os jogadores cortados da Copa do Mundo at\u00e9 agora\",\"datePublished\":\"2022-11-21T10:20:41+00:00\",\"mainEntityOfPage\":{\"@id\":\"https:\/\/brasilnoticias.org\/site\/confira-quem-sao-os-jogadores-cortados-da-copa-do-mundo-ate-agora\/\"},\"wordCount\":442,\"commentCount\":0,\"publisher\":{\"@id\":\"https:\/\/brasilnoticias.org\/site\/#organization\"},\"image\":{\"@id\":\"https:\/\/brasilnoticias.org\/site\/confira-quem-sao-os-jogadores-cortados-da-copa-do-mundo-ate-agora\/#primaryimage\"},\"thumbnailUrl\":\"https:\/\/brasilnoticias.org\/site\/wp-content\/uploads\/2022\/11\/naom_6292a0fc988e8.jpg\",\"articleSection\":[\"Esporte\",\"\u00daltimas\"],\"inLanguage\":\"pt-PT\",\"potentialAction\":[{\"@type\":\"CommentAction\",\"name\":\"Comment\",\"target\":[\"https:\/\/brasilnoticias.org\/site\/confira-quem-sao-os-jogadores-cortados-da-copa-do-mundo-ate-agora\/#respond\"]}]},{\"@type\":\"WebPage\",\"@id\":\"https:\/\/brasilnoticias.org\/site\/confira-quem-sao-os-jogadores-cortados-da-copa-do-mundo-ate-agora\/\",\"url\":\"https:\/\/brasilnoticias.org\/site\/confira-quem-sao-os-jogadores-cortados-da-copa-do-mundo-ate-agora\/\",\"name\":\"Confira quem s\u00e3o os jogadores cortados da Copa do Mundo at\u00e9 agora - Brasil not\u00edcias\",\"isPartOf\":{\"@id\":\"https:\/\/brasilnoticias.org\/site\/#website\"},\"primaryImageOfPage\":{\"@id\":\"https:\/\/brasilnoticias.org\/site\/confira-quem-sao-os-jogadores-cortados-da-copa-do-mundo-ate-agora\/#primaryimage\"},\"image\":{\"@id\":\"https:\/\/brasilnoticias.org\/site\/confira-quem-sao-os-jogadores-cortados-da-copa-do-mundo-ate-agora\/#primaryimage\"},\"thumbnailUrl\":\"https:\/\/brasilnoticias.org\/site\/wp-content\/uploads\/2022\/11\/naom_6292a0fc988e8.jpg\",\"datePublished\":\"2022-11-21T10:20:41+00:00\",\"breadcrumb\":{\"@id\":\"https:\/\/brasilnoticias.org\/site\/confira-quem-sao-os-jogadores-cortados-da-copa-do-mundo-ate-agora\/#breadcrumb\"},\"inLanguage\":\"pt-PT\",\"potentialAction\":[{\"@type\":\"ReadAction\",\"target\":[\"https:\/\/brasilnoticias.org\/site\/confira-quem-sao-os-jogadores-cortados-da-copa-do-mundo-ate-agora\/\"]}]},{\"@type\":\"ImageObject\",\"inLanguage\":\"pt-PT\",\"@id\":\"https:\/\/brasilnoticias.org\/site\/confira-quem-sao-os-jogadores-cortados-da-copa-do-mundo-ate-agora\/#primaryimage\",\"url\":\"https:\/\/brasilnoticias.org\/site\/wp-content\/uploads\/2022\/11\/naom_6292a0fc988e8.jpg\",\"contentUrl\":\"https:\/\/brasilnoticias.org\/site\/wp-content\/uploads\/2022\/11\/naom_6292a0fc988e8.jpg\",\"width\":960,\"height\":540},{\"@type\":\"BreadcrumbList\",\"@id\":\"https:\/\/brasilnoticias.org\/site\/confira-quem-sao-os-jogadores-cortados-da-copa-do-mundo-ate-agora\/#breadcrumb\",\"itemListElement\":[{\"@type\":\"ListItem\",\"position\":1,\"name\":\"In\u00edcio\",\"item\":\"https:\/\/brasilnoticias.org\/site\/\"},{\"@type\":\"ListItem\",\"position\":2,\"name\":\"Confira quem s\u00e3o os jogadores cortados da Copa do Mundo at\u00e9 agora\"}]},{\"@type\":\"WebSite\",\"@id\":\"https:\/\/brasilnoticias.org\/site\/#website\",\"url\":\"https:\/\/brasilnoticias.org\/site\/\",\"name\":\"Brasil not\u00edcias\",\"description\":\"Brasil not\u00edcias\",\"publisher\":{\"@id\":\"https:\/\/brasilnoticias.org\/site\/#organization\"},\"potentialAction\":[{\"@type\":\"SearchAction\",\"target\":{\"@type\":\"EntryPoint\",\"urlTemplate\":\"https:\/\/brasilnoticias.org\/site\/?s={search_term_string}\"},\"query-input\":{\"@type\":\"PropertyValueSpecification\",\"valueRequired\":true,\"valueName\":\"search_term_string\"}}],\"inLanguage\":\"pt-PT\"},{\"@type\":\"Organization\",\"@id\":\"https:\/\/brasilnoticias.org\/site\/#organization\",\"name\":\"Brasil not\u00edcias\",\"url\":\"https:\/\/brasilnoticias.org\/site\/\",\"logo\":{\"@type\":\"ImageObject\",\"inLanguage\":\"pt-PT\",\"@id\":\"https:\/\/brasilnoticias.org\/site\/#\/schema\/logo\/image\/\",\"url\":\"https:\/\/brasilnoticias.org\/site\/wp-content\/uploads\/2022\/05\/cropped-brasilnoticias-mini.jpg\",\"contentUrl\":\"https:\/\/brasilnoticias.org\/site\/wp-content\/uploads\/2022\/05\/cropped-brasilnoticias-mini.jpg\",\"width\":314,\"height\":86,\"caption\":\"Brasil not\u00edcias\"},\"image\":{\"@id\":\"https:\/\/brasilnoticias.org\/site\/#\/schema\/logo\/image\/\"}},{\"@type\":\"Person\",\"@id\":\"https:\/\/brasilnoticias.org\/site\/#\/schema\/person\/a0e05b973ec4d15c658d51911e53507b\",\"name\":\"Reda\u00e7\u00e3o\",\"image\":{\"@type\":\"ImageObject\",\"inLanguage\":\"pt-PT\",\"@id\":\"https:\/\/brasilnoticias.org\/site\/#\/schema\/person\/image\/\",\"url\":\"https:\/\/secure.gravatar.com\/avatar\/75d8b050df2de108b08ae78dfb8e374892df24a383c67db9c46a9c604f6aee9c?s=96&d=mm&r=g\",\"contentUrl\":\"https:\/\/secure.gravatar.com\/avatar\/75d8b050df2de108b08ae78dfb8e374892df24a383c67db9c46a9c604f6aee9c?s=96&d=mm&r=g\",\"caption\":\"Reda\u00e7\u00e3o\"},\"sameAs\":[\"https:\/\/brasilnoticias.org\/site\"],\"url\":\"https:\/\/brasilnoticias.org\/site\/author\/fernandozsngmail-com\/\"}]}<\/script>\n<!-- \/ Yoast SEO plugin. -->","yoast_head_json":{"title":"Confira quem s\u00e3o os jogadores cortados da Copa do Mundo at\u00e9 agora - Brasil not\u00edcias","robots":{"index":"index","follow":"follow","max-snippet":"max-snippet:-1","max-image-preview":"max-image-preview:large","max-video-preview":"max-video-preview:-1"},"canonical":"https:\/\/brasilnoticias.org\/site\/confira-quem-sao-os-jogadores-cortados-da-copa-do-mundo-ate-agora\/","og_locale":"pt_PT","og_type":"article","og_title":"Confira quem s\u00e3o os jogadores cortados da Copa do Mundo at\u00e9 agora - Brasil not\u00edcias","og_description":"A Copa do Mundo do Qatar sofreu mais uma baixa importante ap\u00f3s a Fran\u00e7a ter anunciado, neste s\u00e1bado (19), que","og_url":"https:\/\/brasilnoticias.org\/site\/confira-quem-sao-os-jogadores-cortados-da-copa-do-mundo-ate-agora\/","og_site_name":"Brasil not\u00edcias","article_published_time":"2022-11-21T10:20:41+00:00","og_image":[{"width":960,"height":540,"url":"https:\/\/brasilnoticias.org\/site\/wp-content\/uploads\/2022\/11\/naom_6292a0fc988e8.jpg","type":"image\/jpeg"}],"author":"Reda\u00e7\u00e3o","twitter_card":"summary_large_image","twitter_misc":{"Escrito por":"Reda\u00e7\u00e3o","Tempo estimado de leitura":"2 minutos"},"schema":{"@context":"https:\/\/schema.org","@graph":[{"@type":"Article","@id":"https:\/\/brasilnoticias.org\/site\/confira-quem-sao-os-jogadores-cortados-da-copa-do-mundo-ate-agora\/#article","isPartOf":{"@id":"https:\/\/brasilnoticias.org\/site\/confira-quem-sao-os-jogadores-cortados-da-copa-do-mundo-ate-agora\/"},"author":{"name":"Reda\u00e7\u00e3o","@id":"https:\/\/brasilnoticias.org\/site\/#\/schema\/person\/a0e05b973ec4d15c658d51911e53507b"},"headline":"Confira quem s\u00e3o os jogadores cortados da Copa do Mundo at\u00e9 agora","datePublished":"2022-11-21T10:20:41+00:00","mainEntityOfPage":{"@id":"https:\/\/brasilnoticias.org\/site\/confira-quem-sao-os-jogadores-cortados-da-copa-do-mundo-ate-agora\/"},"wordCount":442,"commentCount":0,"publisher":{"@id":"https:\/\/brasilnoticias.org\/site\/#organization"},"image":{"@id":"https:\/\/brasilnoticias.org\/site\/confira-quem-sao-os-jogadores-cortados-da-copa-do-mundo-ate-agora\/#primaryimage"},"thumbnailUrl":"https:\/\/brasilnoticias.org\/site\/wp-content\/uploads\/2022\/11\/naom_6292a0fc988e8.jpg","articleSection":["Esporte","\u00daltimas"],"inLanguage":"pt-PT","potentialAction":[{"@type":"CommentAction","name":"Comment","target":["https:\/\/brasilnoticias.org\/site\/confira-quem-sao-os-jogadores-cortados-da-copa-do-mundo-ate-agora\/#respond"]}]},{"@type":"WebPage","@id":"https:\/\/brasilnoticias.org\/site\/confira-quem-sao-os-jogadores-cortados-da-copa-do-mundo-ate-agora\/","url":"https:\/\/brasilnoticias.org\/site\/confira-quem-sao-os-jogadores-cortados-da-copa-do-mundo-ate-agora\/","name":"Confira quem s\u00e3o os jogadores cortados da Copa do Mundo at\u00e9 agora - Brasil not\u00edcias","isPartOf":{"@id":"https:\/\/brasilnoticias.org\/site\/#website"},"primaryImageOfPage":{"@id":"https:\/\/brasilnoticias.org\/site\/confira-quem-sao-os-jogadores-cortados-da-copa-do-mundo-ate-agora\/#primaryimage"},"image":{"@id":"https:\/\/brasilnoticias.org\/site\/confira-quem-sao-os-jogadores-cortados-da-copa-do-mundo-ate-agora\/#primaryimage"},"thumbnailUrl":"https:\/\/brasilnoticias.org\/site\/wp-content\/uploads\/2022\/11\/naom_6292a0fc988e8.jpg","datePublished":"2022-11-21T10:20:41+00:00","breadcrumb":{"@id":"https:\/\/brasilnoticias.org\/site\/confira-quem-sao-os-jogadores-cortados-da-copa-do-mundo-ate-agora\/#breadcrumb"},"inLanguage":"pt-PT","potentialAction":[{"@type":"ReadAction","target":["https:\/\/brasilnoticias.org\/site\/confira-quem-sao-os-jogadores-cortados-da-copa-do-mundo-ate-agora\/"]}]},{"@type":"ImageObject","inLanguage":"pt-PT","@id":"https:\/\/brasilnoticias.org\/site\/confira-quem-sao-os-jogadores-cortados-da-copa-do-mundo-ate-agora\/#primaryimage","url":"https:\/\/brasilnoticias.org\/site\/wp-content\/uploads\/2022\/11\/naom_6292a0fc988e8.jpg","contentUrl":"https:\/\/brasilnoticias.org\/site\/wp-content\/uploads\/2022\/11\/naom_6292a0fc988e8.jpg","width":960,"height":540},{"@type":"BreadcrumbList","@id":"https:\/\/brasilnoticias.org\/site\/confira-quem-sao-os-jogadores-cortados-da-copa-do-mundo-ate-agora\/#breadcrumb","itemListElement":[{"@type":"ListItem","position":1,"name":"In\u00edcio","item":"https:\/\/brasilnoticias.org\/site\/"},{"@type":"ListItem","position":2,"name":"Confira quem s\u00e3o os jogadores cortados da Copa do Mundo at\u00e9 agora"}]},{"@type":"WebSite","@id":"https:\/\/brasilnoticias.org\/site\/#website","url":"https:\/\/brasilnoticias.org\/site\/","name":"Brasil not\u00edcias","description":"Brasil not\u00edcias","publisher":{"@id":"https:\/\/brasilnoticias.org\/site\/#organization"},"potentialAction":[{"@type":"SearchAction","target":{"@type":"EntryPoint","urlTemplate":"https:\/\/brasilnoticias.org\/site\/?s={search_term_string}"},"query-input":{"@type":"PropertyValueSpecification","valueRequired":true,"valueName":"search_term_string"}}],"inLanguage":"pt-PT"},{"@type":"Organization","@id":"https:\/\/brasilnoticias.org\/site\/#organization","name":"Brasil not\u00edcias","url":"https:\/\/brasilnoticias.org\/site\/","logo":{"@type":"ImageObject","inLanguage":"pt-PT","@id":"https:\/\/brasilnoticias.org\/site\/#\/schema\/logo\/image\/","url":"https:\/\/brasilnoticias.org\/site\/wp-content\/uploads\/2022\/05\/cropped-brasilnoticias-mini.jpg","contentUrl":"https:\/\/brasilnoticias.org\/site\/wp-content\/uploads\/2022\/05\/cropped-brasilnoticias-mini.jpg","width":314,"height":86,"caption":"Brasil not\u00edcias"},"image":{"@id":"https:\/\/brasilnoticias.org\/site\/#\/schema\/logo\/image\/"}},{"@type":"Person","@id":"https:\/\/brasilnoticias.org\/site\/#\/schema\/person\/a0e05b973ec4d15c658d51911e53507b","name":"Reda\u00e7\u00e3o","image":{"@type":"ImageObject","inLanguage":"pt-PT","@id":"https:\/\/brasilnoticias.org\/site\/#\/schema\/person\/image\/","url":"https:\/\/secure.gravatar.com\/avatar\/75d8b050df2de108b08ae78dfb8e374892df24a383c67db9c46a9c604f6aee9c?s=96&d=mm&r=g","contentUrl":"https:\/\/secure.gravatar.com\/avatar\/75d8b050df2de108b08ae78dfb8e374892df24a383c67db9c46a9c604f6aee9c?s=96&d=mm&r=g","caption":"Reda\u00e7\u00e3o"},"sameAs":["https:\/\/brasilnoticias.org\/site"],"url":"https:\/\/brasilnoticias.org\/site\/author\/fernandozsngmail-com\/"}]}},"_links":{"self":[{"href":"https:\/\/brasilnoticias.org\/site\/wp-json\/wp\/v2\/posts\/2334","targetHints":{"allow":["GET"]}}],"collection":[{"href":"https:\/\/brasilnoticias.org\/site\/wp-json\/wp\/v2\/posts"}],"about":[{"href":"https:\/\/brasilnoticias.org\/site\/wp-json\/wp\/v2\/types\/post"}],"author":[{"embeddable":true,"href":"https:\/\/brasilnoticias.org\/site\/wp-json\/wp\/v2\/users\/1"}],"replies":[{"embeddable":true,"href":"https:\/\/brasilnoticias.org\/site\/wp-json\/wp\/v2\/comments?post=2334"}],"version-history":[{"count":1,"href":"https:\/\/brasilnoticias.org\/site\/wp-json\/wp\/v2\/posts\/2334\/revisions"}],"predecessor-version":[{"id":2336,"href":"https:\/\/brasilnoticias.org\/site\/wp-json\/wp\/v2\/posts\/2334\/revisions\/2336"}],"wp:featuredmedia":[{"embeddable":true,"href":"https:\/\/brasilnoticias.org\/site\/wp-json\/wp\/v2\/media\/2335"}],"wp:attachment":[{"href":"https:\/\/brasilnoticias.org\/site\/wp-json\/wp\/v2\/media?parent=2334"}],"wp:term":[{"taxonomy":"category","embeddable":true,"href":"https:\/\/brasilnoticias.org\/site\/wp-json\/wp\/v2\/categories?post=2334"},{"taxonomy":"post_tag","embeddable":true,"href":"https:\/\/brasilnoticias.org\/site\/wp-json\/wp\/v2\/tags?post=2334"}],"curies":[{"name":"wp","href":"https:\/\/api.w.org\/{rel}","templated":true}]}}