{"id":2340,"date":"2022-11-21T18:00:04","date_gmt":"2022-11-21T21:00:04","guid":{"rendered":"https:\/\/brasilnoticias.org\/site\/?p=2340"},"modified":"2022-11-20T12:57:15","modified_gmt":"2022-11-20T15:57:15","slug":"jatinho-trouxe-desgaste-a-agenda-que-deveria-ter-sido-positiva-dizem-aliados-de-lula","status":"publish","type":"post","link":"https:\/\/brasilnoticias.org\/site\/jatinho-trouxe-desgaste-a-agenda-que-deveria-ter-sido-positiva-dizem-aliados-de-lula\/","title":{"rendered":"Jatinho trouxe desgaste a agenda que deveria ter sido positiva, dizem aliados de Lula"},"content":{"rendered":"<p>Aliados pr\u00f3ximos de Luiz In\u00e1cio Lula da Silva (PT) lamentaram que a passagem do presidente eleito pela COP 27 no Egito, uma agenda que deveria ter sido exclusivamente positiva, tenha sido arranhada pela viagem em um jatinho do empres\u00e1rio Jos\u00e9 Seripieri Filho.<\/p>\n<p>Esses interlocutores afirmam que \u00e9 ineg\u00e1vel que a repercuss\u00e3o foi p\u00e9ssima e trouxe um desgaste \u00e0 imagem do Lula em um momento em que ele ainda deveria estar colhendo os louros de sua recente elei\u00e7\u00e3o.<\/p>\n<p>Mas ponderam que, naquele momento, a equa\u00e7\u00e3o para a ida ao Egito era complexa e essa foi a solu\u00e7\u00e3o que apareceu.<\/p>\n<p>Como revelou a coluna M\u00f4nica Bergamo, do jornal Folha de S.Paulo, Lula viajou ao Egito a bordo de um avi\u00e3o do empres\u00e1rio, fundador da Qualicorp e dono da Qsa\u00fade.<\/p>\n<p>A aeronave do modelo Gulfstream tem capacidade para transportar 12 pessoas e autonomia para voar direto ao pa\u00eds africano, que atualmente sedia a COP27.<\/p>\n<p>Lula e Seripieri s\u00e3o amigos h\u00e1 cerca de dez anos. Durante a campanha eleitoral deste ano, o empres\u00e1rio foi um dos primeiros com quem o petista concordou em se reunir para tratar de suas propostas de governo.<\/p>\n<p>&nbsp;<\/p>\n<p>Foto Getty<br \/>\nNot\u00edcias ao minuto<\/p>\n","protected":false},"excerpt":{"rendered":"<p>Aliados pr\u00f3ximos de Luiz In\u00e1cio Lula da Silva (PT) lamentaram que a passagem do presidente eleito pela COP 27 no<\/p>\n","protected":false},"author":1,"featured_media":2341,"comment_status":"open","ping_status":"open","sticky":false,"template":"","format":"standard","meta":{"colormag_page_container_layout":"default_layout","colormag_page_sidebar_layout":"default_layout","_FSMCFIC_featured_image_caption":"","_FSMCFIC_featured_image_nocaption":"","_FSMCFIC_featured_image_hide":"","footnotes":""},"categories":[5,1],"tags":[],"class_list":["post-2340","post","type-post","status-publish","format-standard","has-post-thumbnail","hentry","category-politica","category-ultimas"],"yoast_head":"<!-- This site is optimized with the Yoast SEO plugin v27.1.1 - https:\/\/yoast.com\/product\/yoast-seo-wordpress\/ -->\n<title>Jatinho trouxe desgaste a agenda que deveria ter sido positiva, dizem aliados de Lula - Brasil not\u00edcias<\/title>\n<meta name=\"robots\" content=\"index, follow, max-snippet:-1, max-image-preview:large, max-video-preview:-1\" \/>\n<link rel=\"canonical\" href=\"https:\/\/brasilnoticias.org\/site\/jatinho-trouxe-desgaste-a-agenda-que-deveria-ter-sido-positiva-dizem-aliados-de-lula\/\" \/>\n<meta property=\"og:locale\" content=\"pt_PT\" \/>\n<meta property=\"og:type\" content=\"article\" \/>\n<meta property=\"og:title\" content=\"Jatinho trouxe desgaste a agenda que deveria ter sido positiva, dizem aliados de Lula - Brasil not\u00edcias\" \/>\n<meta property=\"og:description\" content=\"Aliados pr\u00f3ximos de Luiz In\u00e1cio Lula da Silva (PT) lamentaram que a passagem do presidente eleito pela COP 27 no\" \/>\n<meta property=\"og:url\" content=\"https:\/\/brasilnoticias.org\/site\/jatinho-trouxe-desgaste-a-agenda-que-deveria-ter-sido-positiva-dizem-aliados-de-lula\/\" \/>\n<meta property=\"og:site_name\" content=\"Brasil not\u00edcias\" \/>\n<meta property=\"article:published_time\" content=\"2022-11-21T21:00:04+00:00\" \/>\n<meta property=\"og:image\" content=\"https:\/\/brasilnoticias.org\/site\/wp-content\/uploads\/2022\/11\/naom_6373705fa6098.jpg\" \/>\n\t<meta property=\"og:image:width\" content=\"960\" \/>\n\t<meta property=\"og:image:height\" content=\"540\" \/>\n\t<meta property=\"og:image:type\" content=\"image\/jpeg\" \/>\n<meta name=\"author\" content=\"Reda\u00e7\u00e3o\" \/>\n<meta name=\"twitter:card\" content=\"summary_large_image\" \/>\n<meta name=\"twitter:label1\" content=\"Escrito por\" \/>\n\t<meta name=\"twitter:data1\" content=\"Reda\u00e7\u00e3o\" \/>\n\t<meta name=\"twitter:label2\" content=\"Tempo estimado de leitura\" \/>\n\t<meta name=\"twitter:data2\" content=\"1 minuto\" \/>\n<script type=\"application\/ld+json\" class=\"yoast-schema-graph\">{\"@context\":\"https:\/\/schema.org\",\"@graph\":[{\"@type\":\"Article\",\"@id\":\"https:\/\/brasilnoticias.org\/site\/jatinho-trouxe-desgaste-a-agenda-que-deveria-ter-sido-positiva-dizem-aliados-de-lula\/#article\",\"isPartOf\":{\"@id\":\"https:\/\/brasilnoticias.org\/site\/jatinho-trouxe-desgaste-a-agenda-que-deveria-ter-sido-positiva-dizem-aliados-de-lula\/\"},\"author\":{\"name\":\"Reda\u00e7\u00e3o\",\"@id\":\"https:\/\/brasilnoticias.org\/site\/#\/schema\/person\/a0e05b973ec4d15c658d51911e53507b\"},\"headline\":\"Jatinho trouxe desgaste a agenda que deveria ter sido positiva, dizem aliados de Lula\",\"datePublished\":\"2022-11-21T21:00:04+00:00\",\"mainEntityOfPage\":{\"@id\":\"https:\/\/brasilnoticias.org\/site\/jatinho-trouxe-desgaste-a-agenda-que-deveria-ter-sido-positiva-dizem-aliados-de-lula\/\"},\"wordCount\":222,\"commentCount\":0,\"publisher\":{\"@id\":\"https:\/\/brasilnoticias.org\/site\/#organization\"},\"image\":{\"@id\":\"https:\/\/brasilnoticias.org\/site\/jatinho-trouxe-desgaste-a-agenda-que-deveria-ter-sido-positiva-dizem-aliados-de-lula\/#primaryimage\"},\"thumbnailUrl\":\"https:\/\/brasilnoticias.org\/site\/wp-content\/uploads\/2022\/11\/naom_6373705fa6098.jpg\",\"articleSection\":[\"Pol\u00edtica\",\"\u00daltimas\"],\"inLanguage\":\"pt-PT\",\"potentialAction\":[{\"@type\":\"CommentAction\",\"name\":\"Comment\",\"target\":[\"https:\/\/brasilnoticias.org\/site\/jatinho-trouxe-desgaste-a-agenda-que-deveria-ter-sido-positiva-dizem-aliados-de-lula\/#respond\"]}]},{\"@type\":\"WebPage\",\"@id\":\"https:\/\/brasilnoticias.org\/site\/jatinho-trouxe-desgaste-a-agenda-que-deveria-ter-sido-positiva-dizem-aliados-de-lula\/\",\"url\":\"https:\/\/brasilnoticias.org\/site\/jatinho-trouxe-desgaste-a-agenda-que-deveria-ter-sido-positiva-dizem-aliados-de-lula\/\",\"name\":\"Jatinho trouxe desgaste a agenda que deveria ter sido positiva, dizem aliados de Lula - Brasil not\u00edcias\",\"isPartOf\":{\"@id\":\"https:\/\/brasilnoticias.org\/site\/#website\"},\"primaryImageOfPage\":{\"@id\":\"https:\/\/brasilnoticias.org\/site\/jatinho-trouxe-desgaste-a-agenda-que-deveria-ter-sido-positiva-dizem-aliados-de-lula\/#primaryimage\"},\"image\":{\"@id\":\"https:\/\/brasilnoticias.org\/site\/jatinho-trouxe-desgaste-a-agenda-que-deveria-ter-sido-positiva-dizem-aliados-de-lula\/#primaryimage\"},\"thumbnailUrl\":\"https:\/\/brasilnoticias.org\/site\/wp-content\/uploads\/2022\/11\/naom_6373705fa6098.jpg\",\"datePublished\":\"2022-11-21T21:00:04+00:00\",\"breadcrumb\":{\"@id\":\"https:\/\/brasilnoticias.org\/site\/jatinho-trouxe-desgaste-a-agenda-que-deveria-ter-sido-positiva-dizem-aliados-de-lula\/#breadcrumb\"},\"inLanguage\":\"pt-PT\",\"potentialAction\":[{\"@type\":\"ReadAction\",\"target\":[\"https:\/\/brasilnoticias.org\/site\/jatinho-trouxe-desgaste-a-agenda-que-deveria-ter-sido-positiva-dizem-aliados-de-lula\/\"]}]},{\"@type\":\"ImageObject\",\"inLanguage\":\"pt-PT\",\"@id\":\"https:\/\/brasilnoticias.org\/site\/jatinho-trouxe-desgaste-a-agenda-que-deveria-ter-sido-positiva-dizem-aliados-de-lula\/#primaryimage\",\"url\":\"https:\/\/brasilnoticias.org\/site\/wp-content\/uploads\/2022\/11\/naom_6373705fa6098.jpg\",\"contentUrl\":\"https:\/\/brasilnoticias.org\/site\/wp-content\/uploads\/2022\/11\/naom_6373705fa6098.jpg\",\"width\":960,\"height\":540},{\"@type\":\"BreadcrumbList\",\"@id\":\"https:\/\/brasilnoticias.org\/site\/jatinho-trouxe-desgaste-a-agenda-que-deveria-ter-sido-positiva-dizem-aliados-de-lula\/#breadcrumb\",\"itemListElement\":[{\"@type\":\"ListItem\",\"position\":1,\"name\":\"In\u00edcio\",\"item\":\"https:\/\/brasilnoticias.org\/site\/\"},{\"@type\":\"ListItem\",\"position\":2,\"name\":\"Jatinho trouxe desgaste a agenda que deveria ter sido positiva, dizem aliados de Lula\"}]},{\"@type\":\"WebSite\",\"@id\":\"https:\/\/brasilnoticias.org\/site\/#website\",\"url\":\"https:\/\/brasilnoticias.org\/site\/\",\"name\":\"Brasil not\u00edcias\",\"description\":\"Brasil not\u00edcias\",\"publisher\":{\"@id\":\"https:\/\/brasilnoticias.org\/site\/#organization\"},\"potentialAction\":[{\"@type\":\"SearchAction\",\"target\":{\"@type\":\"EntryPoint\",\"urlTemplate\":\"https:\/\/brasilnoticias.org\/site\/?s={search_term_string}\"},\"query-input\":{\"@type\":\"PropertyValueSpecification\",\"valueRequired\":true,\"valueName\":\"search_term_string\"}}],\"inLanguage\":\"pt-PT\"},{\"@type\":\"Organization\",\"@id\":\"https:\/\/brasilnoticias.org\/site\/#organization\",\"name\":\"Brasil not\u00edcias\",\"url\":\"https:\/\/brasilnoticias.org\/site\/\",\"logo\":{\"@type\":\"ImageObject\",\"inLanguage\":\"pt-PT\",\"@id\":\"https:\/\/brasilnoticias.org\/site\/#\/schema\/logo\/image\/\",\"url\":\"https:\/\/brasilnoticias.org\/site\/wp-content\/uploads\/2022\/05\/cropped-brasilnoticias-mini.jpg\",\"contentUrl\":\"https:\/\/brasilnoticias.org\/site\/wp-content\/uploads\/2022\/05\/cropped-brasilnoticias-mini.jpg\",\"width\":314,\"height\":86,\"caption\":\"Brasil not\u00edcias\"},\"image\":{\"@id\":\"https:\/\/brasilnoticias.org\/site\/#\/schema\/logo\/image\/\"}},{\"@type\":\"Person\",\"@id\":\"https:\/\/brasilnoticias.org\/site\/#\/schema\/person\/a0e05b973ec4d15c658d51911e53507b\",\"name\":\"Reda\u00e7\u00e3o\",\"image\":{\"@type\":\"ImageObject\",\"inLanguage\":\"pt-PT\",\"@id\":\"https:\/\/brasilnoticias.org\/site\/#\/schema\/person\/image\/\",\"url\":\"https:\/\/secure.gravatar.com\/avatar\/75d8b050df2de108b08ae78dfb8e374892df24a383c67db9c46a9c604f6aee9c?s=96&d=mm&r=g\",\"contentUrl\":\"https:\/\/secure.gravatar.com\/avatar\/75d8b050df2de108b08ae78dfb8e374892df24a383c67db9c46a9c604f6aee9c?s=96&d=mm&r=g\",\"caption\":\"Reda\u00e7\u00e3o\"},\"sameAs\":[\"https:\/\/brasilnoticias.org\/site\"],\"url\":\"https:\/\/brasilnoticias.org\/site\/author\/fernandozsngmail-com\/\"}]}<\/script>\n<!-- \/ Yoast SEO plugin. -->","yoast_head_json":{"title":"Jatinho trouxe desgaste a agenda que deveria ter sido positiva, dizem aliados de Lula - Brasil not\u00edcias","robots":{"index":"index","follow":"follow","max-snippet":"max-snippet:-1","max-image-preview":"max-image-preview:large","max-video-preview":"max-video-preview:-1"},"canonical":"https:\/\/brasilnoticias.org\/site\/jatinho-trouxe-desgaste-a-agenda-que-deveria-ter-sido-positiva-dizem-aliados-de-lula\/","og_locale":"pt_PT","og_type":"article","og_title":"Jatinho trouxe desgaste a agenda que deveria ter sido positiva, dizem aliados de Lula - Brasil not\u00edcias","og_description":"Aliados pr\u00f3ximos de Luiz In\u00e1cio Lula da Silva (PT) lamentaram que a passagem do presidente eleito pela COP 27 no","og_url":"https:\/\/brasilnoticias.org\/site\/jatinho-trouxe-desgaste-a-agenda-que-deveria-ter-sido-positiva-dizem-aliados-de-lula\/","og_site_name":"Brasil not\u00edcias","article_published_time":"2022-11-21T21:00:04+00:00","og_image":[{"width":960,"height":540,"url":"https:\/\/brasilnoticias.org\/site\/wp-content\/uploads\/2022\/11\/naom_6373705fa6098.jpg","type":"image\/jpeg"}],"author":"Reda\u00e7\u00e3o","twitter_card":"summary_large_image","twitter_misc":{"Escrito por":"Reda\u00e7\u00e3o","Tempo estimado de leitura":"1 minuto"},"schema":{"@context":"https:\/\/schema.org","@graph":[{"@type":"Article","@id":"https:\/\/brasilnoticias.org\/site\/jatinho-trouxe-desgaste-a-agenda-que-deveria-ter-sido-positiva-dizem-aliados-de-lula\/#article","isPartOf":{"@id":"https:\/\/brasilnoticias.org\/site\/jatinho-trouxe-desgaste-a-agenda-que-deveria-ter-sido-positiva-dizem-aliados-de-lula\/"},"author":{"name":"Reda\u00e7\u00e3o","@id":"https:\/\/brasilnoticias.org\/site\/#\/schema\/person\/a0e05b973ec4d15c658d51911e53507b"},"headline":"Jatinho trouxe desgaste a agenda que deveria ter sido positiva, dizem aliados de Lula","datePublished":"2022-11-21T21:00:04+00:00","mainEntityOfPage":{"@id":"https:\/\/brasilnoticias.org\/site\/jatinho-trouxe-desgaste-a-agenda-que-deveria-ter-sido-positiva-dizem-aliados-de-lula\/"},"wordCount":222,"commentCount":0,"publisher":{"@id":"https:\/\/brasilnoticias.org\/site\/#organization"},"image":{"@id":"https:\/\/brasilnoticias.org\/site\/jatinho-trouxe-desgaste-a-agenda-que-deveria-ter-sido-positiva-dizem-aliados-de-lula\/#primaryimage"},"thumbnailUrl":"https:\/\/brasilnoticias.org\/site\/wp-content\/uploads\/2022\/11\/naom_6373705fa6098.jpg","articleSection":["Pol\u00edtica","\u00daltimas"],"inLanguage":"pt-PT","potentialAction":[{"@type":"CommentAction","name":"Comment","target":["https:\/\/brasilnoticias.org\/site\/jatinho-trouxe-desgaste-a-agenda-que-deveria-ter-sido-positiva-dizem-aliados-de-lula\/#respond"]}]},{"@type":"WebPage","@id":"https:\/\/brasilnoticias.org\/site\/jatinho-trouxe-desgaste-a-agenda-que-deveria-ter-sido-positiva-dizem-aliados-de-lula\/","url":"https:\/\/brasilnoticias.org\/site\/jatinho-trouxe-desgaste-a-agenda-que-deveria-ter-sido-positiva-dizem-aliados-de-lula\/","name":"Jatinho trouxe desgaste a agenda que deveria ter sido positiva, dizem aliados de Lula - Brasil not\u00edcias","isPartOf":{"@id":"https:\/\/brasilnoticias.org\/site\/#website"},"primaryImageOfPage":{"@id":"https:\/\/brasilnoticias.org\/site\/jatinho-trouxe-desgaste-a-agenda-que-deveria-ter-sido-positiva-dizem-aliados-de-lula\/#primaryimage"},"image":{"@id":"https:\/\/brasilnoticias.org\/site\/jatinho-trouxe-desgaste-a-agenda-que-deveria-ter-sido-positiva-dizem-aliados-de-lula\/#primaryimage"},"thumbnailUrl":"https:\/\/brasilnoticias.org\/site\/wp-content\/uploads\/2022\/11\/naom_6373705fa6098.jpg","datePublished":"2022-11-21T21:00:04+00:00","breadcrumb":{"@id":"https:\/\/brasilnoticias.org\/site\/jatinho-trouxe-desgaste-a-agenda-que-deveria-ter-sido-positiva-dizem-aliados-de-lula\/#breadcrumb"},"inLanguage":"pt-PT","potentialAction":[{"@type":"ReadAction","target":["https:\/\/brasilnoticias.org\/site\/jatinho-trouxe-desgaste-a-agenda-que-deveria-ter-sido-positiva-dizem-aliados-de-lula\/"]}]},{"@type":"ImageObject","inLanguage":"pt-PT","@id":"https:\/\/brasilnoticias.org\/site\/jatinho-trouxe-desgaste-a-agenda-que-deveria-ter-sido-positiva-dizem-aliados-de-lula\/#primaryimage","url":"https:\/\/brasilnoticias.org\/site\/wp-content\/uploads\/2022\/11\/naom_6373705fa6098.jpg","contentUrl":"https:\/\/brasilnoticias.org\/site\/wp-content\/uploads\/2022\/11\/naom_6373705fa6098.jpg","width":960,"height":540},{"@type":"BreadcrumbList","@id":"https:\/\/brasilnoticias.org\/site\/jatinho-trouxe-desgaste-a-agenda-que-deveria-ter-sido-positiva-dizem-aliados-de-lula\/#breadcrumb","itemListElement":[{"@type":"ListItem","position":1,"name":"In\u00edcio","item":"https:\/\/brasilnoticias.org\/site\/"},{"@type":"ListItem","position":2,"name":"Jatinho trouxe desgaste a agenda que deveria ter sido positiva, dizem aliados de Lula"}]},{"@type":"WebSite","@id":"https:\/\/brasilnoticias.org\/site\/#website","url":"https:\/\/brasilnoticias.org\/site\/","name":"Brasil not\u00edcias","description":"Brasil not\u00edcias","publisher":{"@id":"https:\/\/brasilnoticias.org\/site\/#organization"},"potentialAction":[{"@type":"SearchAction","target":{"@type":"EntryPoint","urlTemplate":"https:\/\/brasilnoticias.org\/site\/?s={search_term_string}"},"query-input":{"@type":"PropertyValueSpecification","valueRequired":true,"valueName":"search_term_string"}}],"inLanguage":"pt-PT"},{"@type":"Organization","@id":"https:\/\/brasilnoticias.org\/site\/#organization","name":"Brasil not\u00edcias","url":"https:\/\/brasilnoticias.org\/site\/","logo":{"@type":"ImageObject","inLanguage":"pt-PT","@id":"https:\/\/brasilnoticias.org\/site\/#\/schema\/logo\/image\/","url":"https:\/\/brasilnoticias.org\/site\/wp-content\/uploads\/2022\/05\/cropped-brasilnoticias-mini.jpg","contentUrl":"https:\/\/brasilnoticias.org\/site\/wp-content\/uploads\/2022\/05\/cropped-brasilnoticias-mini.jpg","width":314,"height":86,"caption":"Brasil not\u00edcias"},"image":{"@id":"https:\/\/brasilnoticias.org\/site\/#\/schema\/logo\/image\/"}},{"@type":"Person","@id":"https:\/\/brasilnoticias.org\/site\/#\/schema\/person\/a0e05b973ec4d15c658d51911e53507b","name":"Reda\u00e7\u00e3o","image":{"@type":"ImageObject","inLanguage":"pt-PT","@id":"https:\/\/brasilnoticias.org\/site\/#\/schema\/person\/image\/","url":"https:\/\/secure.gravatar.com\/avatar\/75d8b050df2de108b08ae78dfb8e374892df24a383c67db9c46a9c604f6aee9c?s=96&d=mm&r=g","contentUrl":"https:\/\/secure.gravatar.com\/avatar\/75d8b050df2de108b08ae78dfb8e374892df24a383c67db9c46a9c604f6aee9c?s=96&d=mm&r=g","caption":"Reda\u00e7\u00e3o"},"sameAs":["https:\/\/brasilnoticias.org\/site"],"url":"https:\/\/brasilnoticias.org\/site\/author\/fernandozsngmail-com\/"}]}},"_links":{"self":[{"href":"https:\/\/brasilnoticias.org\/site\/wp-json\/wp\/v2\/posts\/2340","targetHints":{"allow":["GET"]}}],"collection":[{"href":"https:\/\/brasilnoticias.org\/site\/wp-json\/wp\/v2\/posts"}],"about":[{"href":"https:\/\/brasilnoticias.org\/site\/wp-json\/wp\/v2\/types\/post"}],"author":[{"embeddable":true,"href":"https:\/\/brasilnoticias.org\/site\/wp-json\/wp\/v2\/users\/1"}],"replies":[{"embeddable":true,"href":"https:\/\/brasilnoticias.org\/site\/wp-json\/wp\/v2\/comments?post=2340"}],"version-history":[{"count":1,"href":"https:\/\/brasilnoticias.org\/site\/wp-json\/wp\/v2\/posts\/2340\/revisions"}],"predecessor-version":[{"id":2342,"href":"https:\/\/brasilnoticias.org\/site\/wp-json\/wp\/v2\/posts\/2340\/revisions\/2342"}],"wp:featuredmedia":[{"embeddable":true,"href":"https:\/\/brasilnoticias.org\/site\/wp-json\/wp\/v2\/media\/2341"}],"wp:attachment":[{"href":"https:\/\/brasilnoticias.org\/site\/wp-json\/wp\/v2\/media?parent=2340"}],"wp:term":[{"taxonomy":"category","embeddable":true,"href":"https:\/\/brasilnoticias.org\/site\/wp-json\/wp\/v2\/categories?post=2340"},{"taxonomy":"post_tag","embeddable":true,"href":"https:\/\/brasilnoticias.org\/site\/wp-json\/wp\/v2\/tags?post=2340"}],"curies":[{"name":"wp","href":"https:\/\/api.w.org\/{rel}","templated":true}]}}