{"id":2346,"date":"2022-11-21T18:20:36","date_gmt":"2022-11-21T21:20:36","guid":{"rendered":"https:\/\/brasilnoticias.org\/site\/?p=2346"},"modified":"2022-11-20T13:01:35","modified_gmt":"2022-11-20T16:01:35","slug":"tarcisio-tera-orcamento-maior-mas-precisara-lidar-com-cortes-e-promessas-de-rodrigo","status":"publish","type":"post","link":"https:\/\/brasilnoticias.org\/site\/tarcisio-tera-orcamento-maior-mas-precisara-lidar-com-cortes-e-promessas-de-rodrigo\/","title":{"rendered":"Tarc\u00edsio ter\u00e1 Or\u00e7amento maior, mas precisar\u00e1 lidar com cortes e promessas de Rodrigo"},"content":{"rendered":"<p>A primeira tarefa da equipe de transi\u00e7\u00e3o que o governador eleito Tarc\u00edsio de Freitas (Republicanos) anunciar\u00e1 nesta segunda-feira (21) \u00e9 preparar um aditivo da Lei Or\u00e7ament\u00e1ria de 2023 para lidar com as heran\u00e7as do atual governador Rodrigo Garcia (PSDB).<\/p>\n<p>Por um lado, o tucano deixou seu sucessor em situa\u00e7\u00e3o confort\u00e1vel ao prever cerca de R$ 30 bilh\u00f5es para investimentos.<br \/>\nPor outro, desfez uma s\u00e9rie de medidas de ajuste fiscal da sua pr\u00f3pria gest\u00e3o, gerando novos gastos. Sobrar\u00e1 para Tarc\u00edsio honrar promessas de campanha de Rodrigo e conv\u00eanios com prefeitos no interior.<\/p>\n<p>De acordo com auxiliares de Tarc\u00edsio, a equipe de transi\u00e7\u00e3o, liderada pelo ex-vice-governador Guilherme Afif (PSD), tem at\u00e9 o fim do m\u00eas para listar as mudan\u00e7as que quer implementar no Or\u00e7amento e deve apresentar um aditivo \u00e0 Assembleia Legislativa at\u00e9 a primeira semana de dezembro -o que daria tempo para a aprova\u00e7\u00e3o no plen\u00e1rio. Ainda n\u00e3o h\u00e1 um relator designado para a mat\u00e9ria.<\/p>\n<p>O cen\u00e1rio \u00e9 favor\u00e1vel para Tarc\u00edsio, j\u00e1 que Rodrigo turbinou o Or\u00e7amento acreditando que ele mesmo, reeleito, iria execut\u00e1-lo no ano que vem, mas o PSDB, que vencia no estado desde 1994, sofreu uma derrota hist\u00f3rica.<\/p>\n<p>Tarc\u00edsio ter\u00e1 um Or\u00e7amento com um crescimento de cerca de 5% j\u00e1 descontada a infla\u00e7\u00e3o -ele passar\u00e1 de R$ 305 bilh\u00f5es em receitas previstas em 2022 para R$ 339 bilh\u00f5es em 2023.<\/p>\n<p>De imediato, Tarc\u00edsio ter\u00e1 que lidar com o efeito em cascata nos sal\u00e1rios da elite do funcionalismo caso a Assembleia aprove um projeto que aumenta em 50% o sal\u00e1rio do governador -e, assim, amplia o teto para os servidores. O impacto \u00e9 de R$ 1,5 bilh\u00e3o ao ano, segundo Rodrigo, e isso n\u00e3o est\u00e1 previsto no Or\u00e7amento -teria que ser acrescentado na transi\u00e7\u00e3o.<\/p>\n<p>A proposta tem o apoio das bases de Tarc\u00edsio e de Rodrigo, al\u00e9m de parte da oposi\u00e7\u00e3o, e deve ser votada na semana que vem. Na quinta-feira (17), na primeira reuni\u00e3o com Rodrigo para tratar da transi\u00e7\u00e3o, Tarc\u00edsio deu apoio \u00e0 aprova\u00e7\u00e3o da medida.<\/p>\n<p>&#8220;Foi feito um exerc\u00edcio por parte da transi\u00e7\u00e3o de adaptar nosso plano de governo ao Or\u00e7amento atual. Ent\u00e3o uma das primeiras tarefas da transi\u00e7\u00e3o vai ser o ajuste do Or\u00e7amento&#8221;, disse Tarc\u00edsio, que promete mudan\u00e7a sem ruptura.<\/p>\n<p>O projeto de Lei Or\u00e7ament\u00e1ria (PLOA) tampouco prev\u00ea a revoga\u00e7\u00e3o, que foi prometida por Rodrigo na campanha e sancionada por ele ap\u00f3s a elei\u00e7\u00e3o, da contribui\u00e7\u00e3o previdenci\u00e1ria de aposentados e pensionistas que ganham abaixo do teto do INSS.<\/p>\n<p>O impacto anual \u00e9 de R$ 2 bilh\u00f5es. &#8220;A medida n\u00e3o est\u00e1 prevista, portanto dever\u00e1 ser proposto um ajuste ao PLOA 2023, a ser confirmado durante o processo de transi\u00e7\u00e3o&#8221;, afirma em nota a Secretaria de Or\u00e7amento e Gest\u00e3o.<\/p>\n<p>O chamado confisco dos aposentados faz parte de um pacote de maldades promovido por Doria e Rodrigo durante a gest\u00e3o, que gerou rea\u00e7\u00e3o negativa e que o governador prometeu, na campanha, rever em parte -o que amplia despesas e diminui receitas para os pr\u00f3ximos anos, gerando um problema para Tarc\u00edsio.<\/p>\n<p>Mesmo ap\u00f3s a derrota nas urnas, Rodrigo retomou a gratuidade no transporte para pessoas maiores de 60 anos (desde que comprovada a renda baixa), algo que ele havia prometido. Essa medida est\u00e1 prevista no PLOA, mas gera um gasto de R$ 112 milh\u00f5es para o pr\u00f3ximo ano.<\/p>\n<p>A eleva\u00e7\u00e3o da gratuidade apenas para maiores de 65 anos e o confisco dos aposentados foram medidas tomadas no \u00e2mbito da reforma de 2020, quando o governo estimava um rombo nas contas p\u00fablicas e precisava de caixa para lidar com a pandemia.<\/p>\n<p>Isen\u00e7\u00f5es de ICMS que foram suspensas em 2020, levando a protestos contra Doria, tamb\u00e9m voltam a valer em 2023, o que significa R$ 6 bilh\u00f5es a menos para Tarc\u00edsio.<\/p>\n<p>Por isso, a maior preocupa\u00e7\u00e3o para os aliados de Tarc\u00edsio \u00e9 mapear se, de fato, h\u00e1 R$ 30 bilh\u00f5es reservados para investimentos, o que seria um patamar mais elevado do que o praticado por Jo\u00e3o Doria (2019-2022) e Geraldo Alckmin (2015-2018), ou se outros gastos n\u00e3o previstos ainda v\u00e3o aparecer.<\/p>\n<p>&#8220;Estamos estudando mais a fundo e checando se haver\u00e1 esse valor, se n\u00e3o h\u00e1 restos a pagar ou mais despesas com conv\u00eanios n\u00e3o empenhados&#8221;, diz o vice-governador eleito Felicio Ramuth (PSD) \u00e0 reportagem.<\/p>\n<p>Segundo a nota da Secretaria de Or\u00e7amento e Gest\u00e3o, a equipe de transi\u00e7\u00e3o pode remanejar o Or\u00e7amento, mas alguns gastos s\u00e3o engessados, como &#8220;os m\u00ednimos constitucionais (em Sa\u00fade e Educa\u00e7\u00e3o, incluindo universidades), manuten\u00e7\u00e3o da folha de pagamento de ativos, inativos e pensionistas do Poder Executivo, universidades e outros Poderes, pagamento do servi\u00e7o da d\u00edvida, precat\u00f3rios, al\u00e9m de despesas de custeio e investimentos cujos contratos j\u00e1 est\u00e3o firmados e em andamento&#8221;.<\/p>\n<p>&#8220;S\u00e3o Paulo termina no azul, com todos os contratos em andamento, h\u00e1 recursos empenhados. O governo fez os ajustes necess\u00e1rios e entrega a gest\u00e3o com uma capacidade \u00edmpar de investimento&#8221;, diz Marcos Penido, secret\u00e1rio que comanda a transi\u00e7\u00e3o pelo lado de Rodrigo.<\/p>\n<p>A equipe de Tarc\u00edsio avalia se ser\u00e1 poss\u00edvel implementar j\u00e1 no primeiro ano duas propostas sociais que teriam que figurar no Or\u00e7amento de 2023. A primeira \u00e9 que o estado d\u00ea bolsas de trabalho a jovens em micro e pequenas empresas. A segunda \u00e9 pagar a 1,2 milh\u00e3o de estudantes do ensino m\u00e9dio R$ 120 por 12 meses para combater a evas\u00e3o escolar.<\/p>\n<p>Hoje uma das a\u00e7\u00f5es do Bolsa do Povo, principal programa social de Doria\/Rodrigo, \u00e9 um aux\u00edlio de R$ 1.000 por ano para cerca de 300 mil estudantes. Embora Tarc\u00edsio queira expandir as bolsas, o Or\u00e7amento enviado por Rodrigo \u00e0 Assembleia prev\u00ea que seja gasto o mesmo valor deste ano.<\/p>\n<p>Um estudo do Or\u00e7amento feito pelo gabinete do deputado estadual Paulo Fiorilo (PT), de oposi\u00e7\u00e3o a Rodrigo e Tarc\u00edsio, mostra que, no total, as despesas com o Bolsa do Povo ter\u00e3o um aumento real de apenas 2,1% entre 2022 e 2023. Por\u00e9m, h\u00e1 cortes previstos em a\u00e7\u00f5es de aux\u00edlio aluguel e em programas voltados a jovens e idosos.<\/p>\n<p>Fiorilo aponta problemas em cortes relacionados \u00e0 sa\u00fade. Entre eles, est\u00e1 a extin\u00e7\u00e3o da Sucen (Superintend\u00eancia de Controle a Endemias), o que fez o governo Rodrigo excluir a previs\u00e3o de recursos para o combate a endemias.<\/p>\n<p>O estudo tamb\u00e9m aponta perdas na produ\u00e7\u00e3o de medicamentos pela Furp (Funda\u00e7\u00e3o para o Rem\u00e9dio Popular) e o subfinanciamento do Iamspe (Instituto de Assist\u00eancia M\u00e9dica ao Servidor P\u00fablico Estadual).<\/p>\n<p>Fiorilo sintetiza dizendo que Tarc\u00edsio herda um estado com muitos recursos, mas com problemas a resolver. &#8220;O governador eleito precisa dizer o que quer com o Or\u00e7amento. At\u00e9 agora n\u00e3o disse. Agora, o tempo est\u00e1 ficando curto.&#8221;<\/p>\n<p>Tarc\u00edsio ainda prometeu honrar conv\u00eanios feitos por Rodrigo com prefeitos do interior -boa parte deles apoiou o governador no primeiro turno e migrou para o bolsonarista no segundo.<\/p>\n<p>Na tentativa de se reeleger, al\u00e9m dos conv\u00eanios, Rodrigo apostou em diversas obras que devem seguir no ano que vem. Neste ano de elei\u00e7\u00e3o, a execu\u00e7\u00e3o do Or\u00e7amento j\u00e1 supera em R$ 18 bilh\u00f5es o que foi vislumbrado.<\/p>\n<p>S\u00f3 a Secretaria de Log\u00edstica e Transportes deve gastar R$ 3 bilh\u00f5es a mais do que o planejado, chegando a R$ 12,1 bilh\u00f5es. A pasta \u00e9 \u00e1rea de influ\u00eancia do presidente da C\u00e2mara Municipal de S\u00e3o Paulo, Milton Leite (Uni\u00e3o Brasil), aliado de Rodrigo que apoiou Tarc\u00edsio no segundo turno e quer manter seu dom\u00ednio na m\u00e1quina estatal.<br \/>\n*<br \/>\nVARIA\u00c7\u00c3O DA VERBA EM SP<br \/>\nEm milh\u00f5es de R$ \u00d3RG\u00c3O &#8211; OR\u00c7AMENTO 2022 &#8211;<\/p>\n<p>OR\u00c7AMENTO 2023 &#8211; VARIA\u00c7\u00c3O (%)<br \/>\nAdministra\u00e7\u00e3o Geral do Estado &#8211; 92.901 &#8211; 99.220 &#8211; 6,80<br \/>\nAssembleia Legislativa &#8211; 1.287 &#8211; 1.291 &#8211; 0,31<br \/>\nCasa Civil &#8211; 123 &#8211; 385 &#8211; 213,01<br \/>\nDefensoria Publica do Estado &#8211; 1.070 &#8211; 1.204 &#8211; 12,52<br \/>\nMinisterio P\u00fablico &#8211; 2.864 &#8211; 3.070 &#8211; 7,19<br \/>\nProcuradoria Geral do Estado &#8211; 2.044 &#8211; 2.271 &#8211; 11,11<br \/>\nSec.Da Justica e Cidadania &#8211; 2.077 &#8211; 2.217 &#8211; 6,74<br \/>\nSecr. Desenv. Econ\u00f4mico &#8211; 21.366 &#8211; 23.370 &#8211; 9,38<br \/>\nSecr. Especial de Rel. Internacionais &#8211; 2 &#8211; 3 &#8211; 50<br \/>\nSecr.Est.Direitos Pessoa Com Defici\u00eancia &#8211; 63 &#8211; 64 &#8211; 1,59<br \/>\nSecretaria Administracao Penitenciaria &#8211; 5.746 &#8211; 934 &#8211; -83,75<br \/>\nSecretaria da Cultura E Economia Criativa &#8211; 1.150 &#8211; 1.223 &#8211; 6,35<br \/>\nSecretaria da Educa\u00e7\u00e3o &#8211; 42.258 &#8211; 49.338 &#8211; 16,75<br \/>\nSecretaria da Fazenda E Planejamento &#8211; 4.397 &#8211; 4.329 &#8211; -1,55<br \/>\nSecretaria da Sa\u00fade &#8211; 26.778 &#8211; 28.954 &#8211; 8,13<br \/>\nSecretaria da Habita\u00e7\u00e3o &#8211; 1.379 &#8211; 1.416 &#8211; 2,68<br \/>\nSecretaria da Seguranca P\u00fablica &#8211; 23.647 &#8211; 27.382 &#8211; 15,79<br \/>\nSecretaria de Agricultura E Abastecimento &#8211; 1.176 &#8211; 1.290 &#8211; 9,69<br \/>\nSecretaria de Desenvolvimento Regional &#8211; 2.065 &#8211; 2.065 &#8211; 0<br \/>\nSecretaria de Desenvolvimento Social &#8211; 1.368 &#8211; 1.630 &#8211; 19,15<br \/>\nSecretaria de Esportes &#8211; 315 &#8211; 316 &#8211; 0,32<br \/>\nSecretaria de Governo &#8211; 2.607 &#8211; 2.985 &#8211; 14,5<br \/>\nSecretaria de Infr. Meio Ambiente &#8211; 3.769 &#8211; 3.957 &#8211; 4,99<br \/>\nSecretaria de Log\u00edstica E Transportes &#8211; 9.016 &#8211; 9.130 &#8211; 1,26<br \/>\nSecretaria de Projetos e A\u00e7\u00f5es Estrat\u00e9gicas &#8211; 32 &#8211; 20 &#8211; -37,5<br \/>\nSecretaria de Projetos, Orcamento e Gest\u00e3o &#8211; 43.115 &#8211; 49.810 &#8211; 15,53<br \/>\nSecretaria de Turismo e Viagens &#8211; 651 &#8211; 667 &#8211; 2,46<br \/>\nSecretaria dos Transportes Metropolitanos &#8211; 11.312 &#8211; 14.200 &#8211; 25,53<br \/>\nTribunal de Contas do Estado &#8211; 1.083 &#8211; 1.149 &#8211; 6,09<br \/>\nTribunal de Justica Militar &#8211; 73 &#8211; 84 &#8211; 15,07<br \/>\nTribunal de Justi\u00e7a &#8211; 13.525 &#8211; 15.531 &#8211; 14,83<\/p>\n<p>Fontes: Governo de SP e gab. Paulo Fiorilo<\/p>\n<p>&nbsp;<\/p>\n<p>Foto Getty<br \/>\nNot\u00edcias ao minuto<\/p>\n","protected":false},"excerpt":{"rendered":"<p>A primeira tarefa da equipe de transi\u00e7\u00e3o que o governador eleito Tarc\u00edsio de Freitas (Republicanos) anunciar\u00e1 nesta segunda-feira (21) \u00e9<\/p>\n","protected":false},"author":1,"featured_media":2347,"comment_status":"open","ping_status":"open","sticky":false,"template":"","format":"standard","meta":{"colormag_page_container_layout":"default_layout","colormag_page_sidebar_layout":"default_layout","_FSMCFIC_featured_image_caption":"","_FSMCFIC_featured_image_nocaption":"","_FSMCFIC_featured_image_hide":"","footnotes":""},"categories":[5,1],"tags":[],"class_list":["post-2346","post","type-post","status-publish","format-standard","has-post-thumbnail","hentry","category-politica","category-ultimas"],"yoast_head":"<!-- This site is optimized with the Yoast SEO plugin v27.1.1 - https:\/\/yoast.com\/product\/yoast-seo-wordpress\/ -->\n<title>Tarc\u00edsio ter\u00e1 Or\u00e7amento maior, mas precisar\u00e1 lidar com cortes e promessas de Rodrigo - Brasil not\u00edcias<\/title>\n<meta name=\"robots\" content=\"index, follow, max-snippet:-1, max-image-preview:large, max-video-preview:-1\" \/>\n<link rel=\"canonical\" href=\"https:\/\/brasilnoticias.org\/site\/tarcisio-tera-orcamento-maior-mas-precisara-lidar-com-cortes-e-promessas-de-rodrigo\/\" \/>\n<meta property=\"og:locale\" content=\"pt_PT\" \/>\n<meta property=\"og:type\" content=\"article\" \/>\n<meta property=\"og:title\" content=\"Tarc\u00edsio ter\u00e1 Or\u00e7amento maior, mas precisar\u00e1 lidar com cortes e promessas de Rodrigo - Brasil not\u00edcias\" \/>\n<meta property=\"og:description\" content=\"A primeira tarefa da equipe de transi\u00e7\u00e3o que o governador eleito Tarc\u00edsio de Freitas (Republicanos) anunciar\u00e1 nesta segunda-feira (21) \u00e9\" \/>\n<meta property=\"og:url\" content=\"https:\/\/brasilnoticias.org\/site\/tarcisio-tera-orcamento-maior-mas-precisara-lidar-com-cortes-e-promessas-de-rodrigo\/\" \/>\n<meta property=\"og:site_name\" content=\"Brasil not\u00edcias\" \/>\n<meta property=\"article:published_time\" content=\"2022-11-21T21:20:36+00:00\" \/>\n<meta property=\"og:image\" content=\"https:\/\/brasilnoticias.org\/site\/wp-content\/uploads\/2022\/11\/naom_63451735871bb.jpg\" \/>\n\t<meta property=\"og:image:width\" content=\"960\" \/>\n\t<meta property=\"og:image:height\" content=\"540\" \/>\n\t<meta property=\"og:image:type\" content=\"image\/jpeg\" \/>\n<meta name=\"author\" content=\"Reda\u00e7\u00e3o\" \/>\n<meta name=\"twitter:card\" content=\"summary_large_image\" \/>\n<meta name=\"twitter:label1\" content=\"Escrito por\" \/>\n\t<meta name=\"twitter:data1\" content=\"Reda\u00e7\u00e3o\" \/>\n\t<meta name=\"twitter:label2\" content=\"Tempo estimado de leitura\" \/>\n\t<meta name=\"twitter:data2\" content=\"8 minutos\" \/>\n<script type=\"application\/ld+json\" class=\"yoast-schema-graph\">{\"@context\":\"https:\/\/schema.org\",\"@graph\":[{\"@type\":\"Article\",\"@id\":\"https:\/\/brasilnoticias.org\/site\/tarcisio-tera-orcamento-maior-mas-precisara-lidar-com-cortes-e-promessas-de-rodrigo\/#article\",\"isPartOf\":{\"@id\":\"https:\/\/brasilnoticias.org\/site\/tarcisio-tera-orcamento-maior-mas-precisara-lidar-com-cortes-e-promessas-de-rodrigo\/\"},\"author\":{\"name\":\"Reda\u00e7\u00e3o\",\"@id\":\"https:\/\/brasilnoticias.org\/site\/#\/schema\/person\/a0e05b973ec4d15c658d51911e53507b\"},\"headline\":\"Tarc\u00edsio ter\u00e1 Or\u00e7amento maior, mas precisar\u00e1 lidar com cortes e promessas de Rodrigo\",\"datePublished\":\"2022-11-21T21:20:36+00:00\",\"mainEntityOfPage\":{\"@id\":\"https:\/\/brasilnoticias.org\/site\/tarcisio-tera-orcamento-maior-mas-precisara-lidar-com-cortes-e-promessas-de-rodrigo\/\"},\"wordCount\":1599,\"commentCount\":0,\"publisher\":{\"@id\":\"https:\/\/brasilnoticias.org\/site\/#organization\"},\"image\":{\"@id\":\"https:\/\/brasilnoticias.org\/site\/tarcisio-tera-orcamento-maior-mas-precisara-lidar-com-cortes-e-promessas-de-rodrigo\/#primaryimage\"},\"thumbnailUrl\":\"https:\/\/brasilnoticias.org\/site\/wp-content\/uploads\/2022\/11\/naom_63451735871bb.jpg\",\"articleSection\":[\"Pol\u00edtica\",\"\u00daltimas\"],\"inLanguage\":\"pt-PT\",\"potentialAction\":[{\"@type\":\"CommentAction\",\"name\":\"Comment\",\"target\":[\"https:\/\/brasilnoticias.org\/site\/tarcisio-tera-orcamento-maior-mas-precisara-lidar-com-cortes-e-promessas-de-rodrigo\/#respond\"]}]},{\"@type\":\"WebPage\",\"@id\":\"https:\/\/brasilnoticias.org\/site\/tarcisio-tera-orcamento-maior-mas-precisara-lidar-com-cortes-e-promessas-de-rodrigo\/\",\"url\":\"https:\/\/brasilnoticias.org\/site\/tarcisio-tera-orcamento-maior-mas-precisara-lidar-com-cortes-e-promessas-de-rodrigo\/\",\"name\":\"Tarc\u00edsio ter\u00e1 Or\u00e7amento maior, mas precisar\u00e1 lidar com cortes e promessas de Rodrigo - Brasil not\u00edcias\",\"isPartOf\":{\"@id\":\"https:\/\/brasilnoticias.org\/site\/#website\"},\"primaryImageOfPage\":{\"@id\":\"https:\/\/brasilnoticias.org\/site\/tarcisio-tera-orcamento-maior-mas-precisara-lidar-com-cortes-e-promessas-de-rodrigo\/#primaryimage\"},\"image\":{\"@id\":\"https:\/\/brasilnoticias.org\/site\/tarcisio-tera-orcamento-maior-mas-precisara-lidar-com-cortes-e-promessas-de-rodrigo\/#primaryimage\"},\"thumbnailUrl\":\"https:\/\/brasilnoticias.org\/site\/wp-content\/uploads\/2022\/11\/naom_63451735871bb.jpg\",\"datePublished\":\"2022-11-21T21:20:36+00:00\",\"breadcrumb\":{\"@id\":\"https:\/\/brasilnoticias.org\/site\/tarcisio-tera-orcamento-maior-mas-precisara-lidar-com-cortes-e-promessas-de-rodrigo\/#breadcrumb\"},\"inLanguage\":\"pt-PT\",\"potentialAction\":[{\"@type\":\"ReadAction\",\"target\":[\"https:\/\/brasilnoticias.org\/site\/tarcisio-tera-orcamento-maior-mas-precisara-lidar-com-cortes-e-promessas-de-rodrigo\/\"]}]},{\"@type\":\"ImageObject\",\"inLanguage\":\"pt-PT\",\"@id\":\"https:\/\/brasilnoticias.org\/site\/tarcisio-tera-orcamento-maior-mas-precisara-lidar-com-cortes-e-promessas-de-rodrigo\/#primaryimage\",\"url\":\"https:\/\/brasilnoticias.org\/site\/wp-content\/uploads\/2022\/11\/naom_63451735871bb.jpg\",\"contentUrl\":\"https:\/\/brasilnoticias.org\/site\/wp-content\/uploads\/2022\/11\/naom_63451735871bb.jpg\",\"width\":960,\"height\":540},{\"@type\":\"BreadcrumbList\",\"@id\":\"https:\/\/brasilnoticias.org\/site\/tarcisio-tera-orcamento-maior-mas-precisara-lidar-com-cortes-e-promessas-de-rodrigo\/#breadcrumb\",\"itemListElement\":[{\"@type\":\"ListItem\",\"position\":1,\"name\":\"In\u00edcio\",\"item\":\"https:\/\/brasilnoticias.org\/site\/\"},{\"@type\":\"ListItem\",\"position\":2,\"name\":\"Tarc\u00edsio ter\u00e1 Or\u00e7amento maior, mas precisar\u00e1 lidar com cortes e promessas de Rodrigo\"}]},{\"@type\":\"WebSite\",\"@id\":\"https:\/\/brasilnoticias.org\/site\/#website\",\"url\":\"https:\/\/brasilnoticias.org\/site\/\",\"name\":\"Brasil not\u00edcias\",\"description\":\"Brasil not\u00edcias\",\"publisher\":{\"@id\":\"https:\/\/brasilnoticias.org\/site\/#organization\"},\"potentialAction\":[{\"@type\":\"SearchAction\",\"target\":{\"@type\":\"EntryPoint\",\"urlTemplate\":\"https:\/\/brasilnoticias.org\/site\/?s={search_term_string}\"},\"query-input\":{\"@type\":\"PropertyValueSpecification\",\"valueRequired\":true,\"valueName\":\"search_term_string\"}}],\"inLanguage\":\"pt-PT\"},{\"@type\":\"Organization\",\"@id\":\"https:\/\/brasilnoticias.org\/site\/#organization\",\"name\":\"Brasil not\u00edcias\",\"url\":\"https:\/\/brasilnoticias.org\/site\/\",\"logo\":{\"@type\":\"ImageObject\",\"inLanguage\":\"pt-PT\",\"@id\":\"https:\/\/brasilnoticias.org\/site\/#\/schema\/logo\/image\/\",\"url\":\"https:\/\/brasilnoticias.org\/site\/wp-content\/uploads\/2022\/05\/cropped-brasilnoticias-mini.jpg\",\"contentUrl\":\"https:\/\/brasilnoticias.org\/site\/wp-content\/uploads\/2022\/05\/cropped-brasilnoticias-mini.jpg\",\"width\":314,\"height\":86,\"caption\":\"Brasil not\u00edcias\"},\"image\":{\"@id\":\"https:\/\/brasilnoticias.org\/site\/#\/schema\/logo\/image\/\"}},{\"@type\":\"Person\",\"@id\":\"https:\/\/brasilnoticias.org\/site\/#\/schema\/person\/a0e05b973ec4d15c658d51911e53507b\",\"name\":\"Reda\u00e7\u00e3o\",\"image\":{\"@type\":\"ImageObject\",\"inLanguage\":\"pt-PT\",\"@id\":\"https:\/\/brasilnoticias.org\/site\/#\/schema\/person\/image\/\",\"url\":\"https:\/\/secure.gravatar.com\/avatar\/75d8b050df2de108b08ae78dfb8e374892df24a383c67db9c46a9c604f6aee9c?s=96&d=mm&r=g\",\"contentUrl\":\"https:\/\/secure.gravatar.com\/avatar\/75d8b050df2de108b08ae78dfb8e374892df24a383c67db9c46a9c604f6aee9c?s=96&d=mm&r=g\",\"caption\":\"Reda\u00e7\u00e3o\"},\"sameAs\":[\"https:\/\/brasilnoticias.org\/site\"],\"url\":\"https:\/\/brasilnoticias.org\/site\/author\/fernandozsngmail-com\/\"}]}<\/script>\n<!-- \/ Yoast SEO plugin. -->","yoast_head_json":{"title":"Tarc\u00edsio ter\u00e1 Or\u00e7amento maior, mas precisar\u00e1 lidar com cortes e promessas de Rodrigo - Brasil not\u00edcias","robots":{"index":"index","follow":"follow","max-snippet":"max-snippet:-1","max-image-preview":"max-image-preview:large","max-video-preview":"max-video-preview:-1"},"canonical":"https:\/\/brasilnoticias.org\/site\/tarcisio-tera-orcamento-maior-mas-precisara-lidar-com-cortes-e-promessas-de-rodrigo\/","og_locale":"pt_PT","og_type":"article","og_title":"Tarc\u00edsio ter\u00e1 Or\u00e7amento maior, mas precisar\u00e1 lidar com cortes e promessas de Rodrigo - Brasil not\u00edcias","og_description":"A primeira tarefa da equipe de transi\u00e7\u00e3o que o governador eleito Tarc\u00edsio de Freitas (Republicanos) anunciar\u00e1 nesta segunda-feira (21) \u00e9","og_url":"https:\/\/brasilnoticias.org\/site\/tarcisio-tera-orcamento-maior-mas-precisara-lidar-com-cortes-e-promessas-de-rodrigo\/","og_site_name":"Brasil not\u00edcias","article_published_time":"2022-11-21T21:20:36+00:00","og_image":[{"width":960,"height":540,"url":"https:\/\/brasilnoticias.org\/site\/wp-content\/uploads\/2022\/11\/naom_63451735871bb.jpg","type":"image\/jpeg"}],"author":"Reda\u00e7\u00e3o","twitter_card":"summary_large_image","twitter_misc":{"Escrito por":"Reda\u00e7\u00e3o","Tempo estimado de leitura":"8 minutos"},"schema":{"@context":"https:\/\/schema.org","@graph":[{"@type":"Article","@id":"https:\/\/brasilnoticias.org\/site\/tarcisio-tera-orcamento-maior-mas-precisara-lidar-com-cortes-e-promessas-de-rodrigo\/#article","isPartOf":{"@id":"https:\/\/brasilnoticias.org\/site\/tarcisio-tera-orcamento-maior-mas-precisara-lidar-com-cortes-e-promessas-de-rodrigo\/"},"author":{"name":"Reda\u00e7\u00e3o","@id":"https:\/\/brasilnoticias.org\/site\/#\/schema\/person\/a0e05b973ec4d15c658d51911e53507b"},"headline":"Tarc\u00edsio ter\u00e1 Or\u00e7amento maior, mas precisar\u00e1 lidar com cortes e promessas de Rodrigo","datePublished":"2022-11-21T21:20:36+00:00","mainEntityOfPage":{"@id":"https:\/\/brasilnoticias.org\/site\/tarcisio-tera-orcamento-maior-mas-precisara-lidar-com-cortes-e-promessas-de-rodrigo\/"},"wordCount":1599,"commentCount":0,"publisher":{"@id":"https:\/\/brasilnoticias.org\/site\/#organization"},"image":{"@id":"https:\/\/brasilnoticias.org\/site\/tarcisio-tera-orcamento-maior-mas-precisara-lidar-com-cortes-e-promessas-de-rodrigo\/#primaryimage"},"thumbnailUrl":"https:\/\/brasilnoticias.org\/site\/wp-content\/uploads\/2022\/11\/naom_63451735871bb.jpg","articleSection":["Pol\u00edtica","\u00daltimas"],"inLanguage":"pt-PT","potentialAction":[{"@type":"CommentAction","name":"Comment","target":["https:\/\/brasilnoticias.org\/site\/tarcisio-tera-orcamento-maior-mas-precisara-lidar-com-cortes-e-promessas-de-rodrigo\/#respond"]}]},{"@type":"WebPage","@id":"https:\/\/brasilnoticias.org\/site\/tarcisio-tera-orcamento-maior-mas-precisara-lidar-com-cortes-e-promessas-de-rodrigo\/","url":"https:\/\/brasilnoticias.org\/site\/tarcisio-tera-orcamento-maior-mas-precisara-lidar-com-cortes-e-promessas-de-rodrigo\/","name":"Tarc\u00edsio ter\u00e1 Or\u00e7amento maior, mas precisar\u00e1 lidar com cortes e promessas de Rodrigo - Brasil not\u00edcias","isPartOf":{"@id":"https:\/\/brasilnoticias.org\/site\/#website"},"primaryImageOfPage":{"@id":"https:\/\/brasilnoticias.org\/site\/tarcisio-tera-orcamento-maior-mas-precisara-lidar-com-cortes-e-promessas-de-rodrigo\/#primaryimage"},"image":{"@id":"https:\/\/brasilnoticias.org\/site\/tarcisio-tera-orcamento-maior-mas-precisara-lidar-com-cortes-e-promessas-de-rodrigo\/#primaryimage"},"thumbnailUrl":"https:\/\/brasilnoticias.org\/site\/wp-content\/uploads\/2022\/11\/naom_63451735871bb.jpg","datePublished":"2022-11-21T21:20:36+00:00","breadcrumb":{"@id":"https:\/\/brasilnoticias.org\/site\/tarcisio-tera-orcamento-maior-mas-precisara-lidar-com-cortes-e-promessas-de-rodrigo\/#breadcrumb"},"inLanguage":"pt-PT","potentialAction":[{"@type":"ReadAction","target":["https:\/\/brasilnoticias.org\/site\/tarcisio-tera-orcamento-maior-mas-precisara-lidar-com-cortes-e-promessas-de-rodrigo\/"]}]},{"@type":"ImageObject","inLanguage":"pt-PT","@id":"https:\/\/brasilnoticias.org\/site\/tarcisio-tera-orcamento-maior-mas-precisara-lidar-com-cortes-e-promessas-de-rodrigo\/#primaryimage","url":"https:\/\/brasilnoticias.org\/site\/wp-content\/uploads\/2022\/11\/naom_63451735871bb.jpg","contentUrl":"https:\/\/brasilnoticias.org\/site\/wp-content\/uploads\/2022\/11\/naom_63451735871bb.jpg","width":960,"height":540},{"@type":"BreadcrumbList","@id":"https:\/\/brasilnoticias.org\/site\/tarcisio-tera-orcamento-maior-mas-precisara-lidar-com-cortes-e-promessas-de-rodrigo\/#breadcrumb","itemListElement":[{"@type":"ListItem","position":1,"name":"In\u00edcio","item":"https:\/\/brasilnoticias.org\/site\/"},{"@type":"ListItem","position":2,"name":"Tarc\u00edsio ter\u00e1 Or\u00e7amento maior, mas precisar\u00e1 lidar com cortes e promessas de Rodrigo"}]},{"@type":"WebSite","@id":"https:\/\/brasilnoticias.org\/site\/#website","url":"https:\/\/brasilnoticias.org\/site\/","name":"Brasil not\u00edcias","description":"Brasil not\u00edcias","publisher":{"@id":"https:\/\/brasilnoticias.org\/site\/#organization"},"potentialAction":[{"@type":"SearchAction","target":{"@type":"EntryPoint","urlTemplate":"https:\/\/brasilnoticias.org\/site\/?s={search_term_string}"},"query-input":{"@type":"PropertyValueSpecification","valueRequired":true,"valueName":"search_term_string"}}],"inLanguage":"pt-PT"},{"@type":"Organization","@id":"https:\/\/brasilnoticias.org\/site\/#organization","name":"Brasil not\u00edcias","url":"https:\/\/brasilnoticias.org\/site\/","logo":{"@type":"ImageObject","inLanguage":"pt-PT","@id":"https:\/\/brasilnoticias.org\/site\/#\/schema\/logo\/image\/","url":"https:\/\/brasilnoticias.org\/site\/wp-content\/uploads\/2022\/05\/cropped-brasilnoticias-mini.jpg","contentUrl":"https:\/\/brasilnoticias.org\/site\/wp-content\/uploads\/2022\/05\/cropped-brasilnoticias-mini.jpg","width":314,"height":86,"caption":"Brasil not\u00edcias"},"image":{"@id":"https:\/\/brasilnoticias.org\/site\/#\/schema\/logo\/image\/"}},{"@type":"Person","@id":"https:\/\/brasilnoticias.org\/site\/#\/schema\/person\/a0e05b973ec4d15c658d51911e53507b","name":"Reda\u00e7\u00e3o","image":{"@type":"ImageObject","inLanguage":"pt-PT","@id":"https:\/\/brasilnoticias.org\/site\/#\/schema\/person\/image\/","url":"https:\/\/secure.gravatar.com\/avatar\/75d8b050df2de108b08ae78dfb8e374892df24a383c67db9c46a9c604f6aee9c?s=96&d=mm&r=g","contentUrl":"https:\/\/secure.gravatar.com\/avatar\/75d8b050df2de108b08ae78dfb8e374892df24a383c67db9c46a9c604f6aee9c?s=96&d=mm&r=g","caption":"Reda\u00e7\u00e3o"},"sameAs":["https:\/\/brasilnoticias.org\/site"],"url":"https:\/\/brasilnoticias.org\/site\/author\/fernandozsngmail-com\/"}]}},"_links":{"self":[{"href":"https:\/\/brasilnoticias.org\/site\/wp-json\/wp\/v2\/posts\/2346","targetHints":{"allow":["GET"]}}],"collection":[{"href":"https:\/\/brasilnoticias.org\/site\/wp-json\/wp\/v2\/posts"}],"about":[{"href":"https:\/\/brasilnoticias.org\/site\/wp-json\/wp\/v2\/types\/post"}],"author":[{"embeddable":true,"href":"https:\/\/brasilnoticias.org\/site\/wp-json\/wp\/v2\/users\/1"}],"replies":[{"embeddable":true,"href":"https:\/\/brasilnoticias.org\/site\/wp-json\/wp\/v2\/comments?post=2346"}],"version-history":[{"count":1,"href":"https:\/\/brasilnoticias.org\/site\/wp-json\/wp\/v2\/posts\/2346\/revisions"}],"predecessor-version":[{"id":2348,"href":"https:\/\/brasilnoticias.org\/site\/wp-json\/wp\/v2\/posts\/2346\/revisions\/2348"}],"wp:featuredmedia":[{"embeddable":true,"href":"https:\/\/brasilnoticias.org\/site\/wp-json\/wp\/v2\/media\/2347"}],"wp:attachment":[{"href":"https:\/\/brasilnoticias.org\/site\/wp-json\/wp\/v2\/media?parent=2346"}],"wp:term":[{"taxonomy":"category","embeddable":true,"href":"https:\/\/brasilnoticias.org\/site\/wp-json\/wp\/v2\/categories?post=2346"},{"taxonomy":"post_tag","embeddable":true,"href":"https:\/\/brasilnoticias.org\/site\/wp-json\/wp\/v2\/tags?post=2346"}],"curies":[{"name":"wp","href":"https:\/\/api.w.org\/{rel}","templated":true}]}}