{"id":2389,"date":"2022-11-28T18:10:22","date_gmt":"2022-11-28T21:10:22","guid":{"rendered":"https:\/\/brasilnoticias.org\/site\/?p=2389"},"modified":"2022-11-28T06:30:03","modified_gmt":"2022-11-28T09:30:03","slug":"china-vai-lancar-nesta-terca-feira-a-nave-espacial-shenzhou-15","status":"publish","type":"post","link":"https:\/\/brasilnoticias.org\/site\/china-vai-lancar-nesta-terca-feira-a-nave-espacial-shenzhou-15\/","title":{"rendered":"China vai lan\u00e7ar nesta ter\u00e7a-feira a nave espacial Shenzhou-15"},"content":{"rendered":"<p>A China vai lan\u00e7ar, nesta ter\u00e7a-feira, a nave espacial Shenzhou-15, em dire\u00e7\u00e3o \u00e0 sua Esta\u00e7\u00e3o Espacial. O lan\u00e7amento est\u00e1 previsto para as 23h08 (12h08 no hor\u00e1rio de Bras\u00edlia)  de acordo com China Manned Space Agency (CMSA), citada pela Reuters.<\/p>\n<p>Esta ser\u00e1 a miss\u00e3o &#8216;final&#8217; do esfor\u00e7o chin\u00eas para completar a sua Esta\u00e7\u00e3o Espacial, cuja constru\u00e7\u00e3o come\u00e7ou em abril de 2021, e que conta, atualmente, com tr\u00eas m\u00f3dulos.<\/p>\n<p>A bordo viajar\u00e3o os astronautas Fei Junlong, Deng Qingming e Zhang Lu, que receber\u00e3o os controles do centro espacial das m\u00e3os dos seus colegas de profiss\u00e3o, que chegaram \u00e0 Esta\u00e7\u00e3o em junho deste ano.<\/p>\n<p>&#8220;Durante a estadia, a tripula\u00e7\u00e3o da Shenzhou-15 dar\u00e1 as boas-vindas ao navio de carga Tianzhou-6 e entregar\u00e1 a nave espacial tripulada Shenzhou-16, planejando retornar ao local de pouso de Dongfeng na China em maio do pr\u00f3ximo ano&#8221;, disse Ji Qiming, um porta-voz da ag\u00eancia, acrescentando que, atualmente, &#8220;a combina\u00e7\u00e3o da esta\u00e7\u00e3o espacial est\u00e1 em estado est\u00e1vel com todos os equipamentos funcionando bem e prontos para o encontro, atraca\u00e7\u00e3o e entrega da tripula\u00e7\u00e3o\u201d.<\/p>\n<p>Foto  cnsphoto via REUTERS<br \/>\nNot\u00edcias ao minuto<\/p>\n","protected":false},"excerpt":{"rendered":"<p>A China vai lan\u00e7ar, nesta ter\u00e7a-feira, a nave espacial Shenzhou-15, em dire\u00e7\u00e3o \u00e0 sua Esta\u00e7\u00e3o Espacial. O lan\u00e7amento est\u00e1 previsto<\/p>\n","protected":false},"author":1,"featured_media":2390,"comment_status":"open","ping_status":"open","sticky":false,"template":"","format":"standard","meta":{"colormag_page_container_layout":"default_layout","colormag_page_sidebar_layout":"default_layout","_FSMCFIC_featured_image_caption":"","_FSMCFIC_featured_image_nocaption":"","_FSMCFIC_featured_image_hide":"","footnotes":""},"categories":[6,1],"tags":[],"class_list":["post-2389","post","type-post","status-publish","format-standard","has-post-thumbnail","hentry","category-mundo","category-ultimas"],"yoast_head":"<!-- This site is optimized with the Yoast SEO plugin v27.1.1 - https:\/\/yoast.com\/product\/yoast-seo-wordpress\/ -->\n<title>China vai lan\u00e7ar nesta ter\u00e7a-feira a nave espacial Shenzhou-15 - Brasil not\u00edcias<\/title>\n<meta name=\"robots\" content=\"index, follow, max-snippet:-1, max-image-preview:large, max-video-preview:-1\" \/>\n<link rel=\"canonical\" href=\"https:\/\/brasilnoticias.org\/site\/china-vai-lancar-nesta-terca-feira-a-nave-espacial-shenzhou-15\/\" \/>\n<meta property=\"og:locale\" content=\"pt_PT\" \/>\n<meta property=\"og:type\" content=\"article\" \/>\n<meta property=\"og:title\" content=\"China vai lan\u00e7ar nesta ter\u00e7a-feira a nave espacial Shenzhou-15 - Brasil not\u00edcias\" \/>\n<meta property=\"og:description\" content=\"A China vai lan\u00e7ar, nesta ter\u00e7a-feira, a nave espacial Shenzhou-15, em dire\u00e7\u00e3o \u00e0 sua Esta\u00e7\u00e3o Espacial. O lan\u00e7amento est\u00e1 previsto\" \/>\n<meta property=\"og:url\" content=\"https:\/\/brasilnoticias.org\/site\/china-vai-lancar-nesta-terca-feira-a-nave-espacial-shenzhou-15\/\" \/>\n<meta property=\"og:site_name\" content=\"Brasil not\u00edcias\" \/>\n<meta property=\"article:published_time\" content=\"2022-11-28T21:10:22+00:00\" \/>\n<meta property=\"og:image\" content=\"https:\/\/brasilnoticias.org\/site\/wp-content\/uploads\/2022\/11\/naom_63846140d73c5.jpg\" \/>\n\t<meta property=\"og:image:width\" content=\"960\" \/>\n\t<meta property=\"og:image:height\" content=\"540\" \/>\n\t<meta property=\"og:image:type\" content=\"image\/jpeg\" \/>\n<meta name=\"author\" content=\"Reda\u00e7\u00e3o\" \/>\n<meta name=\"twitter:card\" content=\"summary_large_image\" \/>\n<meta name=\"twitter:label1\" content=\"Escrito por\" \/>\n\t<meta name=\"twitter:data1\" content=\"Reda\u00e7\u00e3o\" \/>\n\t<meta name=\"twitter:label2\" content=\"Tempo estimado de leitura\" \/>\n\t<meta name=\"twitter:data2\" content=\"1 minuto\" \/>\n<script type=\"application\/ld+json\" class=\"yoast-schema-graph\">{\"@context\":\"https:\/\/schema.org\",\"@graph\":[{\"@type\":\"Article\",\"@id\":\"https:\/\/brasilnoticias.org\/site\/china-vai-lancar-nesta-terca-feira-a-nave-espacial-shenzhou-15\/#article\",\"isPartOf\":{\"@id\":\"https:\/\/brasilnoticias.org\/site\/china-vai-lancar-nesta-terca-feira-a-nave-espacial-shenzhou-15\/\"},\"author\":{\"name\":\"Reda\u00e7\u00e3o\",\"@id\":\"https:\/\/brasilnoticias.org\/site\/#\/schema\/person\/a0e05b973ec4d15c658d51911e53507b\"},\"headline\":\"China vai lan\u00e7ar nesta ter\u00e7a-feira a nave espacial Shenzhou-15\",\"datePublished\":\"2022-11-28T21:10:22+00:00\",\"mainEntityOfPage\":{\"@id\":\"https:\/\/brasilnoticias.org\/site\/china-vai-lancar-nesta-terca-feira-a-nave-espacial-shenzhou-15\/\"},\"wordCount\":217,\"commentCount\":0,\"publisher\":{\"@id\":\"https:\/\/brasilnoticias.org\/site\/#organization\"},\"image\":{\"@id\":\"https:\/\/brasilnoticias.org\/site\/china-vai-lancar-nesta-terca-feira-a-nave-espacial-shenzhou-15\/#primaryimage\"},\"thumbnailUrl\":\"https:\/\/brasilnoticias.org\/site\/wp-content\/uploads\/2022\/11\/naom_63846140d73c5.jpg\",\"articleSection\":[\"Mundo\",\"\u00daltimas\"],\"inLanguage\":\"pt-PT\",\"potentialAction\":[{\"@type\":\"CommentAction\",\"name\":\"Comment\",\"target\":[\"https:\/\/brasilnoticias.org\/site\/china-vai-lancar-nesta-terca-feira-a-nave-espacial-shenzhou-15\/#respond\"]}]},{\"@type\":\"WebPage\",\"@id\":\"https:\/\/brasilnoticias.org\/site\/china-vai-lancar-nesta-terca-feira-a-nave-espacial-shenzhou-15\/\",\"url\":\"https:\/\/brasilnoticias.org\/site\/china-vai-lancar-nesta-terca-feira-a-nave-espacial-shenzhou-15\/\",\"name\":\"China vai lan\u00e7ar nesta ter\u00e7a-feira a nave espacial Shenzhou-15 - Brasil not\u00edcias\",\"isPartOf\":{\"@id\":\"https:\/\/brasilnoticias.org\/site\/#website\"},\"primaryImageOfPage\":{\"@id\":\"https:\/\/brasilnoticias.org\/site\/china-vai-lancar-nesta-terca-feira-a-nave-espacial-shenzhou-15\/#primaryimage\"},\"image\":{\"@id\":\"https:\/\/brasilnoticias.org\/site\/china-vai-lancar-nesta-terca-feira-a-nave-espacial-shenzhou-15\/#primaryimage\"},\"thumbnailUrl\":\"https:\/\/brasilnoticias.org\/site\/wp-content\/uploads\/2022\/11\/naom_63846140d73c5.jpg\",\"datePublished\":\"2022-11-28T21:10:22+00:00\",\"breadcrumb\":{\"@id\":\"https:\/\/brasilnoticias.org\/site\/china-vai-lancar-nesta-terca-feira-a-nave-espacial-shenzhou-15\/#breadcrumb\"},\"inLanguage\":\"pt-PT\",\"potentialAction\":[{\"@type\":\"ReadAction\",\"target\":[\"https:\/\/brasilnoticias.org\/site\/china-vai-lancar-nesta-terca-feira-a-nave-espacial-shenzhou-15\/\"]}]},{\"@type\":\"ImageObject\",\"inLanguage\":\"pt-PT\",\"@id\":\"https:\/\/brasilnoticias.org\/site\/china-vai-lancar-nesta-terca-feira-a-nave-espacial-shenzhou-15\/#primaryimage\",\"url\":\"https:\/\/brasilnoticias.org\/site\/wp-content\/uploads\/2022\/11\/naom_63846140d73c5.jpg\",\"contentUrl\":\"https:\/\/brasilnoticias.org\/site\/wp-content\/uploads\/2022\/11\/naom_63846140d73c5.jpg\",\"width\":960,\"height\":540},{\"@type\":\"BreadcrumbList\",\"@id\":\"https:\/\/brasilnoticias.org\/site\/china-vai-lancar-nesta-terca-feira-a-nave-espacial-shenzhou-15\/#breadcrumb\",\"itemListElement\":[{\"@type\":\"ListItem\",\"position\":1,\"name\":\"In\u00edcio\",\"item\":\"https:\/\/brasilnoticias.org\/site\/\"},{\"@type\":\"ListItem\",\"position\":2,\"name\":\"China vai lan\u00e7ar nesta ter\u00e7a-feira a nave espacial Shenzhou-15\"}]},{\"@type\":\"WebSite\",\"@id\":\"https:\/\/brasilnoticias.org\/site\/#website\",\"url\":\"https:\/\/brasilnoticias.org\/site\/\",\"name\":\"Brasil not\u00edcias\",\"description\":\"Brasil not\u00edcias\",\"publisher\":{\"@id\":\"https:\/\/brasilnoticias.org\/site\/#organization\"},\"potentialAction\":[{\"@type\":\"SearchAction\",\"target\":{\"@type\":\"EntryPoint\",\"urlTemplate\":\"https:\/\/brasilnoticias.org\/site\/?s={search_term_string}\"},\"query-input\":{\"@type\":\"PropertyValueSpecification\",\"valueRequired\":true,\"valueName\":\"search_term_string\"}}],\"inLanguage\":\"pt-PT\"},{\"@type\":\"Organization\",\"@id\":\"https:\/\/brasilnoticias.org\/site\/#organization\",\"name\":\"Brasil not\u00edcias\",\"url\":\"https:\/\/brasilnoticias.org\/site\/\",\"logo\":{\"@type\":\"ImageObject\",\"inLanguage\":\"pt-PT\",\"@id\":\"https:\/\/brasilnoticias.org\/site\/#\/schema\/logo\/image\/\",\"url\":\"https:\/\/brasilnoticias.org\/site\/wp-content\/uploads\/2022\/05\/cropped-brasilnoticias-mini.jpg\",\"contentUrl\":\"https:\/\/brasilnoticias.org\/site\/wp-content\/uploads\/2022\/05\/cropped-brasilnoticias-mini.jpg\",\"width\":314,\"height\":86,\"caption\":\"Brasil not\u00edcias\"},\"image\":{\"@id\":\"https:\/\/brasilnoticias.org\/site\/#\/schema\/logo\/image\/\"}},{\"@type\":\"Person\",\"@id\":\"https:\/\/brasilnoticias.org\/site\/#\/schema\/person\/a0e05b973ec4d15c658d51911e53507b\",\"name\":\"Reda\u00e7\u00e3o\",\"image\":{\"@type\":\"ImageObject\",\"inLanguage\":\"pt-PT\",\"@id\":\"https:\/\/brasilnoticias.org\/site\/#\/schema\/person\/image\/\",\"url\":\"https:\/\/secure.gravatar.com\/avatar\/75d8b050df2de108b08ae78dfb8e374892df24a383c67db9c46a9c604f6aee9c?s=96&d=mm&r=g\",\"contentUrl\":\"https:\/\/secure.gravatar.com\/avatar\/75d8b050df2de108b08ae78dfb8e374892df24a383c67db9c46a9c604f6aee9c?s=96&d=mm&r=g\",\"caption\":\"Reda\u00e7\u00e3o\"},\"sameAs\":[\"https:\/\/brasilnoticias.org\/site\"],\"url\":\"https:\/\/brasilnoticias.org\/site\/author\/fernandozsngmail-com\/\"}]}<\/script>\n<!-- \/ Yoast SEO plugin. -->","yoast_head_json":{"title":"China vai lan\u00e7ar nesta ter\u00e7a-feira a nave espacial Shenzhou-15 - Brasil not\u00edcias","robots":{"index":"index","follow":"follow","max-snippet":"max-snippet:-1","max-image-preview":"max-image-preview:large","max-video-preview":"max-video-preview:-1"},"canonical":"https:\/\/brasilnoticias.org\/site\/china-vai-lancar-nesta-terca-feira-a-nave-espacial-shenzhou-15\/","og_locale":"pt_PT","og_type":"article","og_title":"China vai lan\u00e7ar nesta ter\u00e7a-feira a nave espacial Shenzhou-15 - Brasil not\u00edcias","og_description":"A China vai lan\u00e7ar, nesta ter\u00e7a-feira, a nave espacial Shenzhou-15, em dire\u00e7\u00e3o \u00e0 sua Esta\u00e7\u00e3o Espacial. O lan\u00e7amento est\u00e1 previsto","og_url":"https:\/\/brasilnoticias.org\/site\/china-vai-lancar-nesta-terca-feira-a-nave-espacial-shenzhou-15\/","og_site_name":"Brasil not\u00edcias","article_published_time":"2022-11-28T21:10:22+00:00","og_image":[{"width":960,"height":540,"url":"https:\/\/brasilnoticias.org\/site\/wp-content\/uploads\/2022\/11\/naom_63846140d73c5.jpg","type":"image\/jpeg"}],"author":"Reda\u00e7\u00e3o","twitter_card":"summary_large_image","twitter_misc":{"Escrito por":"Reda\u00e7\u00e3o","Tempo estimado de leitura":"1 minuto"},"schema":{"@context":"https:\/\/schema.org","@graph":[{"@type":"Article","@id":"https:\/\/brasilnoticias.org\/site\/china-vai-lancar-nesta-terca-feira-a-nave-espacial-shenzhou-15\/#article","isPartOf":{"@id":"https:\/\/brasilnoticias.org\/site\/china-vai-lancar-nesta-terca-feira-a-nave-espacial-shenzhou-15\/"},"author":{"name":"Reda\u00e7\u00e3o","@id":"https:\/\/brasilnoticias.org\/site\/#\/schema\/person\/a0e05b973ec4d15c658d51911e53507b"},"headline":"China vai lan\u00e7ar nesta ter\u00e7a-feira a nave espacial Shenzhou-15","datePublished":"2022-11-28T21:10:22+00:00","mainEntityOfPage":{"@id":"https:\/\/brasilnoticias.org\/site\/china-vai-lancar-nesta-terca-feira-a-nave-espacial-shenzhou-15\/"},"wordCount":217,"commentCount":0,"publisher":{"@id":"https:\/\/brasilnoticias.org\/site\/#organization"},"image":{"@id":"https:\/\/brasilnoticias.org\/site\/china-vai-lancar-nesta-terca-feira-a-nave-espacial-shenzhou-15\/#primaryimage"},"thumbnailUrl":"https:\/\/brasilnoticias.org\/site\/wp-content\/uploads\/2022\/11\/naom_63846140d73c5.jpg","articleSection":["Mundo","\u00daltimas"],"inLanguage":"pt-PT","potentialAction":[{"@type":"CommentAction","name":"Comment","target":["https:\/\/brasilnoticias.org\/site\/china-vai-lancar-nesta-terca-feira-a-nave-espacial-shenzhou-15\/#respond"]}]},{"@type":"WebPage","@id":"https:\/\/brasilnoticias.org\/site\/china-vai-lancar-nesta-terca-feira-a-nave-espacial-shenzhou-15\/","url":"https:\/\/brasilnoticias.org\/site\/china-vai-lancar-nesta-terca-feira-a-nave-espacial-shenzhou-15\/","name":"China vai lan\u00e7ar nesta ter\u00e7a-feira a nave espacial Shenzhou-15 - Brasil not\u00edcias","isPartOf":{"@id":"https:\/\/brasilnoticias.org\/site\/#website"},"primaryImageOfPage":{"@id":"https:\/\/brasilnoticias.org\/site\/china-vai-lancar-nesta-terca-feira-a-nave-espacial-shenzhou-15\/#primaryimage"},"image":{"@id":"https:\/\/brasilnoticias.org\/site\/china-vai-lancar-nesta-terca-feira-a-nave-espacial-shenzhou-15\/#primaryimage"},"thumbnailUrl":"https:\/\/brasilnoticias.org\/site\/wp-content\/uploads\/2022\/11\/naom_63846140d73c5.jpg","datePublished":"2022-11-28T21:10:22+00:00","breadcrumb":{"@id":"https:\/\/brasilnoticias.org\/site\/china-vai-lancar-nesta-terca-feira-a-nave-espacial-shenzhou-15\/#breadcrumb"},"inLanguage":"pt-PT","potentialAction":[{"@type":"ReadAction","target":["https:\/\/brasilnoticias.org\/site\/china-vai-lancar-nesta-terca-feira-a-nave-espacial-shenzhou-15\/"]}]},{"@type":"ImageObject","inLanguage":"pt-PT","@id":"https:\/\/brasilnoticias.org\/site\/china-vai-lancar-nesta-terca-feira-a-nave-espacial-shenzhou-15\/#primaryimage","url":"https:\/\/brasilnoticias.org\/site\/wp-content\/uploads\/2022\/11\/naom_63846140d73c5.jpg","contentUrl":"https:\/\/brasilnoticias.org\/site\/wp-content\/uploads\/2022\/11\/naom_63846140d73c5.jpg","width":960,"height":540},{"@type":"BreadcrumbList","@id":"https:\/\/brasilnoticias.org\/site\/china-vai-lancar-nesta-terca-feira-a-nave-espacial-shenzhou-15\/#breadcrumb","itemListElement":[{"@type":"ListItem","position":1,"name":"In\u00edcio","item":"https:\/\/brasilnoticias.org\/site\/"},{"@type":"ListItem","position":2,"name":"China vai lan\u00e7ar nesta ter\u00e7a-feira a nave espacial Shenzhou-15"}]},{"@type":"WebSite","@id":"https:\/\/brasilnoticias.org\/site\/#website","url":"https:\/\/brasilnoticias.org\/site\/","name":"Brasil not\u00edcias","description":"Brasil not\u00edcias","publisher":{"@id":"https:\/\/brasilnoticias.org\/site\/#organization"},"potentialAction":[{"@type":"SearchAction","target":{"@type":"EntryPoint","urlTemplate":"https:\/\/brasilnoticias.org\/site\/?s={search_term_string}"},"query-input":{"@type":"PropertyValueSpecification","valueRequired":true,"valueName":"search_term_string"}}],"inLanguage":"pt-PT"},{"@type":"Organization","@id":"https:\/\/brasilnoticias.org\/site\/#organization","name":"Brasil not\u00edcias","url":"https:\/\/brasilnoticias.org\/site\/","logo":{"@type":"ImageObject","inLanguage":"pt-PT","@id":"https:\/\/brasilnoticias.org\/site\/#\/schema\/logo\/image\/","url":"https:\/\/brasilnoticias.org\/site\/wp-content\/uploads\/2022\/05\/cropped-brasilnoticias-mini.jpg","contentUrl":"https:\/\/brasilnoticias.org\/site\/wp-content\/uploads\/2022\/05\/cropped-brasilnoticias-mini.jpg","width":314,"height":86,"caption":"Brasil not\u00edcias"},"image":{"@id":"https:\/\/brasilnoticias.org\/site\/#\/schema\/logo\/image\/"}},{"@type":"Person","@id":"https:\/\/brasilnoticias.org\/site\/#\/schema\/person\/a0e05b973ec4d15c658d51911e53507b","name":"Reda\u00e7\u00e3o","image":{"@type":"ImageObject","inLanguage":"pt-PT","@id":"https:\/\/brasilnoticias.org\/site\/#\/schema\/person\/image\/","url":"https:\/\/secure.gravatar.com\/avatar\/75d8b050df2de108b08ae78dfb8e374892df24a383c67db9c46a9c604f6aee9c?s=96&d=mm&r=g","contentUrl":"https:\/\/secure.gravatar.com\/avatar\/75d8b050df2de108b08ae78dfb8e374892df24a383c67db9c46a9c604f6aee9c?s=96&d=mm&r=g","caption":"Reda\u00e7\u00e3o"},"sameAs":["https:\/\/brasilnoticias.org\/site"],"url":"https:\/\/brasilnoticias.org\/site\/author\/fernandozsngmail-com\/"}]}},"_links":{"self":[{"href":"https:\/\/brasilnoticias.org\/site\/wp-json\/wp\/v2\/posts\/2389","targetHints":{"allow":["GET"]}}],"collection":[{"href":"https:\/\/brasilnoticias.org\/site\/wp-json\/wp\/v2\/posts"}],"about":[{"href":"https:\/\/brasilnoticias.org\/site\/wp-json\/wp\/v2\/types\/post"}],"author":[{"embeddable":true,"href":"https:\/\/brasilnoticias.org\/site\/wp-json\/wp\/v2\/users\/1"}],"replies":[{"embeddable":true,"href":"https:\/\/brasilnoticias.org\/site\/wp-json\/wp\/v2\/comments?post=2389"}],"version-history":[{"count":1,"href":"https:\/\/brasilnoticias.org\/site\/wp-json\/wp\/v2\/posts\/2389\/revisions"}],"predecessor-version":[{"id":2391,"href":"https:\/\/brasilnoticias.org\/site\/wp-json\/wp\/v2\/posts\/2389\/revisions\/2391"}],"wp:featuredmedia":[{"embeddable":true,"href":"https:\/\/brasilnoticias.org\/site\/wp-json\/wp\/v2\/media\/2390"}],"wp:attachment":[{"href":"https:\/\/brasilnoticias.org\/site\/wp-json\/wp\/v2\/media?parent=2389"}],"wp:term":[{"taxonomy":"category","embeddable":true,"href":"https:\/\/brasilnoticias.org\/site\/wp-json\/wp\/v2\/categories?post=2389"},{"taxonomy":"post_tag","embeddable":true,"href":"https:\/\/brasilnoticias.org\/site\/wp-json\/wp\/v2\/tags?post=2389"}],"curies":[{"name":"wp","href":"https:\/\/api.w.org\/{rel}","templated":true}]}}