{"id":239,"date":"2022-05-14T19:48:36","date_gmt":"2022-05-14T22:48:36","guid":{"rendered":"https:\/\/brasilnoticias.org\/site\/?p=239"},"modified":"2022-05-14T19:48:36","modified_gmt":"2022-05-14T22:48:36","slug":"acm-neto-se-compromete-a-criar-fundo-direcionado-a-qualidade-do-ensino-na-bahia","status":"publish","type":"post","link":"https:\/\/brasilnoticias.org\/site\/acm-neto-se-compromete-a-criar-fundo-direcionado-a-qualidade-do-ensino-na-bahia\/","title":{"rendered":"ACM NETO SE COMPROMETE A CRIAR FUNDO DIRECIONADO \u00c0 QUALIDADE DO ENSINO NA BAHIA"},"content":{"rendered":"<p>Durante coletiva de imprensa realizada em Itabuna neste s\u00e1bado (14), o pr\u00e9-candidato ao Governo da Bahia ACM Neto (Uni\u00e3o Brasil) afirmou que vai criar um fundo para administrar os cerca de R$ 9 bilh\u00f5es que a Bahia vai receber dos precat\u00f3rios da educa\u00e7\u00e3o, em tr\u00eas parcelas, at\u00e9 2024.<\/p>\n<p>\u201cO dinheiro n\u00e3o pode mais ser uma desculpa. Um ter\u00e7o desse dinheiro est\u00e1 sendo torrado este ano com a constru\u00e7\u00e3o de escolas. Isso porque o PT passou 15 anos sem construir quase nenhuma escola na Bahia. E, agora, v\u00e9spera de elei\u00e7\u00e3o, come\u00e7aram a se movimentar. Mas \u00e9 importante dizer que apenas construir escola n\u00e3o \u00e9 a solu\u00e7\u00e3o. N\u00e3o resolve o problema. O mais f\u00e1cil \u00e9 fazer a obra. O mais dif\u00edcil \u00e9 fazer educa\u00e7\u00e3o de qualidade\u201d, pontuou.<\/p>\n<p>\u201cEu pretendo destinar parte deste recurso para um fundo que vai dar suporte \u00e0s a\u00e7\u00f5es junto aos munic\u00edpios. N\u00f3s vamos trazer para a Bahia o modelo do Cear\u00e1, que premia os munic\u00edpios que avan\u00e7am na qualidade da educa\u00e7\u00e3o. O munic\u00edpio que avan\u00e7ar, n\u00e3o interessa o partido do prefeito, vai ganhar mais dinheiro do estado para premiar, estimular, incentivar o trabalho do munic\u00edpio em rela\u00e7\u00e3o \u00e0 evolu\u00e7\u00e3o da qualidade do ensino\u201d, explicou o pr\u00e9-candidato.<\/p>\n<p>Para o pr\u00e9-candidato do Uni\u00e3o Brasil, \u00e9 necess\u00e1rio um trabalho de parceria com os munic\u00edpios para levar a qualidade de ensino das redes para a homogeneidade pedag\u00f3gica: \u201cE, dessa forma, ajudar na qualifica\u00e7\u00e3o dos professores da rede p\u00fablica municipal e para ajudar no processo de avalia\u00e7\u00e3o das redes municipais\u201d, ressaltou.<\/p>\n<p>ACM disse ainda que o outro foco a ser trabalhado para garantir a qualidade da educa\u00e7\u00e3o baiana \u00e9 o modelo de escola em tempo integral para os alunos do ensino m\u00e9dio. O ex-prefeito de Salvador ponderou que existem muitas experi\u00eancias de atua\u00e7\u00e3o na educa\u00e7\u00e3o p\u00fablica que est\u00e3o dando certo em outros estados, e que pretende trazer essas refer\u00eancias para melhorar os \u00edndices da Bahia.<\/p>\n<p>\u201cOutra grande ferramenta do nosso projeto vai ser a educa\u00e7\u00e3o em tempo integral, formato que se tornou o diferencial de Pernambuco e outros v\u00e1rios estados. Tem muita coisa dando certo em v\u00e1rios lugares do Brasil que podem ser trazidos para a Bahia. N\u00e3o precisa inventar, precisa \u00e9 ter compromisso. Precisa querer fazer\u201d, salientou.<\/p>\n<p>E tudo isso vai vir com um alicerce forte para garantir investimentos na tecnologia para a educa\u00e7\u00e3o, conectividade para as escolas, instrumentos como tablets para os alunos poderem ampliar o tempo de aprendizado no per\u00edodo que est\u00e3o em casa. Com acesso aos conte\u00fados no hor\u00e1rio que eles n\u00e3o est\u00e3o na escola\u201d, destacou.<\/p>\n<p>O ex-prefeito de Salvador lembrou ainda que a Bahia ocupa o 27\u00b0 lugar na qualidade da educa\u00e7\u00e3o para o ensino m\u00e9dio. Para Neto, apesar dos investimentos realizados pelo atual governo, problemas antigos continuam sem solu\u00e7\u00f5es.<\/p>\n<p>\u201cOs investimentos poderiam ter sido maiores do que foram. Al\u00e9m disso, o recurso aplicado foi mal aplicado, e os n\u00fameros da educa\u00e7\u00e3o da Bahia est\u00e3o a\u00ed para provar. Se fizermos o corte apenas para a rede p\u00fablica estadual no ensino m\u00e9dio, n\u00f3s somos o \u00faltimo do Brasil, somos o 27\u00b0 do pa\u00eds. Esse \u00e9 o retrato da qualidade da educa\u00e7\u00e3o p\u00fablica na Bahia. Esse \u00e9 o legado deixado em 16 anos do PT aqui no estado\u201d, acrescentou.<\/p>\n<p><strong>Resultados da pandemia<\/strong><\/p>\n<p>Para ACM Neto, a defasagem do ensino p\u00fablico estadual foi acentuada durante os anos de 2020 e 2021, quando o pa\u00eds enfrentou a pandemia causada pelo coronav\u00edrus. O pr\u00e9-candidato ao governo falou que o trabalho de recupera\u00e7\u00e3o da educa\u00e7\u00e3o da Bahia vai passar, inclusive, pela inclus\u00e3o dos conceitos de empregabilidade e empreendedorismo nas escolas do estado.<\/p>\n<p>\u201cA Bahia tirou nota zero na educa\u00e7\u00e3o durante a pandemia. A Bahia n\u00e3o agiu no tempo necess\u00e1rio para garantir o ensino remoto, para garantir, depois, o ensino semipresencial. Demorou para levar tecnologia para as escolas, para dar condi\u00e7\u00e3o dos alunos aprenderem \u00e0 dist\u00e2ncia. E as consequ\u00eancias disso s\u00e3o muito graves\u201d, avaliou Neto.<\/p>\n<p>\u201cO que a gente v\u00ea na Bahia, hoje, muitas vezes \u00e9 a l\u00f3gica perversa da aprova\u00e7\u00e3o autom\u00e1tica. E o problema desse formato \u00e9 que esse jovem, no futuro, vai ter muito mais dificuldade para conseguir um emprego, para vencer na vida e realizar o sonho das suas fam\u00edlias. E para isso, vamos levar \u00e0s escolas, principalmente para o ensino m\u00e9dio, os conceitos de empregabilidade e empreendedorismo com o intuito de que a escola seja, de fato, a porta de entrada do trabalho e, futuramente, da renda dessas pessoas\u201d, falou.<\/p>\n<p>\u201cVamos fazer um esfor\u00e7o concentrado para recuperar o tempo perdido na pandemia. Eu acredito naquele ditado \u2018antes tarde do que nunca\u2019. Eles deviam ter feito, n\u00e3o fizeram, mas n\u00f3s vamos fazer\u201d, enfatizou durante a coletiva.<\/p>\n<p>&nbsp;<\/p>\n<p>&nbsp;<\/p>\n<p>Pol\u00edtica Livre<\/p>\n","protected":false},"excerpt":{"rendered":"<p>Durante coletiva de imprensa realizada em Itabuna neste s\u00e1bado (14), o pr\u00e9-candidato ao Governo da Bahia ACM Neto (Uni\u00e3o Brasil)<\/p>\n","protected":false},"author":2,"featured_media":240,"comment_status":"open","ping_status":"open","sticky":false,"template":"","format":"standard","meta":{"colormag_page_container_layout":"default_layout","colormag_page_sidebar_layout":"default_layout","_FSMCFIC_featured_image_caption":"","_FSMCFIC_featured_image_nocaption":"","_FSMCFIC_featured_image_hide":"","footnotes":""},"categories":[5,1],"tags":[],"class_list":["post-239","post","type-post","status-publish","format-standard","has-post-thumbnail","hentry","category-politica","category-ultimas"],"yoast_head":"<!-- This site is optimized with the Yoast SEO plugin v27.1.1 - https:\/\/yoast.com\/product\/yoast-seo-wordpress\/ -->\n<title>ACM NETO SE COMPROMETE A CRIAR FUNDO DIRECIONADO \u00c0 QUALIDADE DO ENSINO NA BAHIA - Brasil not\u00edcias<\/title>\n<meta name=\"robots\" content=\"index, follow, max-snippet:-1, max-image-preview:large, max-video-preview:-1\" \/>\n<link rel=\"canonical\" href=\"https:\/\/brasilnoticias.org\/site\/acm-neto-se-compromete-a-criar-fundo-direcionado-a-qualidade-do-ensino-na-bahia\/\" \/>\n<meta property=\"og:locale\" content=\"pt_PT\" \/>\n<meta property=\"og:type\" content=\"article\" \/>\n<meta property=\"og:title\" content=\"ACM NETO SE COMPROMETE A CRIAR FUNDO DIRECIONADO \u00c0 QUALIDADE DO ENSINO NA BAHIA - Brasil not\u00edcias\" \/>\n<meta property=\"og:description\" content=\"Durante coletiva de imprensa realizada em Itabuna neste s\u00e1bado (14), o pr\u00e9-candidato ao Governo da Bahia ACM Neto (Uni\u00e3o Brasil)\" \/>\n<meta property=\"og:url\" content=\"https:\/\/brasilnoticias.org\/site\/acm-neto-se-compromete-a-criar-fundo-direcionado-a-qualidade-do-ensino-na-bahia\/\" \/>\n<meta property=\"og:site_name\" content=\"Brasil not\u00edcias\" \/>\n<meta property=\"article:published_time\" content=\"2022-05-14T22:48:36+00:00\" \/>\n<meta property=\"og:image\" content=\"https:\/\/brasilnoticias.org\/site\/wp-content\/uploads\/2022\/05\/Screenshot_20220514-194253-865.png\" \/>\n\t<meta property=\"og:image:width\" content=\"720\" \/>\n\t<meta property=\"og:image:height\" content=\"691\" \/>\n\t<meta property=\"og:image:type\" content=\"image\/png\" \/>\n<meta name=\"author\" content=\"Reda\u00e7\u00e3o\" \/>\n<meta name=\"twitter:card\" content=\"summary_large_image\" \/>\n<meta name=\"twitter:label1\" content=\"Escrito por\" \/>\n\t<meta name=\"twitter:data1\" content=\"Reda\u00e7\u00e3o\" \/>\n\t<meta name=\"twitter:label2\" content=\"Tempo estimado de leitura\" \/>\n\t<meta name=\"twitter:data2\" content=\"4 minutos\" \/>\n<script type=\"application\/ld+json\" class=\"yoast-schema-graph\">{\"@context\":\"https:\/\/schema.org\",\"@graph\":[{\"@type\":\"Article\",\"@id\":\"https:\/\/brasilnoticias.org\/site\/acm-neto-se-compromete-a-criar-fundo-direcionado-a-qualidade-do-ensino-na-bahia\/#article\",\"isPartOf\":{\"@id\":\"https:\/\/brasilnoticias.org\/site\/acm-neto-se-compromete-a-criar-fundo-direcionado-a-qualidade-do-ensino-na-bahia\/\"},\"author\":{\"name\":\"Reda\u00e7\u00e3o\",\"@id\":\"https:\/\/brasilnoticias.org\/site\/#\/schema\/person\/f609fa847b5314f1c8b983342f34c798\"},\"headline\":\"ACM NETO SE COMPROMETE A CRIAR FUNDO DIRECIONADO \u00c0 QUALIDADE DO ENSINO NA BAHIA\",\"datePublished\":\"2022-05-14T22:48:36+00:00\",\"mainEntityOfPage\":{\"@id\":\"https:\/\/brasilnoticias.org\/site\/acm-neto-se-compromete-a-criar-fundo-direcionado-a-qualidade-do-ensino-na-bahia\/\"},\"wordCount\":854,\"commentCount\":0,\"publisher\":{\"@id\":\"https:\/\/brasilnoticias.org\/site\/#organization\"},\"image\":{\"@id\":\"https:\/\/brasilnoticias.org\/site\/acm-neto-se-compromete-a-criar-fundo-direcionado-a-qualidade-do-ensino-na-bahia\/#primaryimage\"},\"thumbnailUrl\":\"https:\/\/brasilnoticias.org\/site\/wp-content\/uploads\/2022\/05\/Screenshot_20220514-194253-865.png\",\"articleSection\":[\"Pol\u00edtica\",\"\u00daltimas\"],\"inLanguage\":\"pt-PT\",\"potentialAction\":[{\"@type\":\"CommentAction\",\"name\":\"Comment\",\"target\":[\"https:\/\/brasilnoticias.org\/site\/acm-neto-se-compromete-a-criar-fundo-direcionado-a-qualidade-do-ensino-na-bahia\/#respond\"]}]},{\"@type\":\"WebPage\",\"@id\":\"https:\/\/brasilnoticias.org\/site\/acm-neto-se-compromete-a-criar-fundo-direcionado-a-qualidade-do-ensino-na-bahia\/\",\"url\":\"https:\/\/brasilnoticias.org\/site\/acm-neto-se-compromete-a-criar-fundo-direcionado-a-qualidade-do-ensino-na-bahia\/\",\"name\":\"ACM NETO SE COMPROMETE A CRIAR FUNDO DIRECIONADO \u00c0 QUALIDADE DO ENSINO NA BAHIA - Brasil not\u00edcias\",\"isPartOf\":{\"@id\":\"https:\/\/brasilnoticias.org\/site\/#website\"},\"primaryImageOfPage\":{\"@id\":\"https:\/\/brasilnoticias.org\/site\/acm-neto-se-compromete-a-criar-fundo-direcionado-a-qualidade-do-ensino-na-bahia\/#primaryimage\"},\"image\":{\"@id\":\"https:\/\/brasilnoticias.org\/site\/acm-neto-se-compromete-a-criar-fundo-direcionado-a-qualidade-do-ensino-na-bahia\/#primaryimage\"},\"thumbnailUrl\":\"https:\/\/brasilnoticias.org\/site\/wp-content\/uploads\/2022\/05\/Screenshot_20220514-194253-865.png\",\"datePublished\":\"2022-05-14T22:48:36+00:00\",\"breadcrumb\":{\"@id\":\"https:\/\/brasilnoticias.org\/site\/acm-neto-se-compromete-a-criar-fundo-direcionado-a-qualidade-do-ensino-na-bahia\/#breadcrumb\"},\"inLanguage\":\"pt-PT\",\"potentialAction\":[{\"@type\":\"ReadAction\",\"target\":[\"https:\/\/brasilnoticias.org\/site\/acm-neto-se-compromete-a-criar-fundo-direcionado-a-qualidade-do-ensino-na-bahia\/\"]}]},{\"@type\":\"ImageObject\",\"inLanguage\":\"pt-PT\",\"@id\":\"https:\/\/brasilnoticias.org\/site\/acm-neto-se-compromete-a-criar-fundo-direcionado-a-qualidade-do-ensino-na-bahia\/#primaryimage\",\"url\":\"https:\/\/brasilnoticias.org\/site\/wp-content\/uploads\/2022\/05\/Screenshot_20220514-194253-865.png\",\"contentUrl\":\"https:\/\/brasilnoticias.org\/site\/wp-content\/uploads\/2022\/05\/Screenshot_20220514-194253-865.png\",\"width\":720,\"height\":691},{\"@type\":\"BreadcrumbList\",\"@id\":\"https:\/\/brasilnoticias.org\/site\/acm-neto-se-compromete-a-criar-fundo-direcionado-a-qualidade-do-ensino-na-bahia\/#breadcrumb\",\"itemListElement\":[{\"@type\":\"ListItem\",\"position\":1,\"name\":\"In\u00edcio\",\"item\":\"https:\/\/brasilnoticias.org\/site\/\"},{\"@type\":\"ListItem\",\"position\":2,\"name\":\"ACM NETO SE COMPROMETE A CRIAR FUNDO DIRECIONADO \u00c0 QUALIDADE DO ENSINO NA BAHIA\"}]},{\"@type\":\"WebSite\",\"@id\":\"https:\/\/brasilnoticias.org\/site\/#website\",\"url\":\"https:\/\/brasilnoticias.org\/site\/\",\"name\":\"Brasil not\u00edcias\",\"description\":\"Brasil not\u00edcias\",\"publisher\":{\"@id\":\"https:\/\/brasilnoticias.org\/site\/#organization\"},\"potentialAction\":[{\"@type\":\"SearchAction\",\"target\":{\"@type\":\"EntryPoint\",\"urlTemplate\":\"https:\/\/brasilnoticias.org\/site\/?s={search_term_string}\"},\"query-input\":{\"@type\":\"PropertyValueSpecification\",\"valueRequired\":true,\"valueName\":\"search_term_string\"}}],\"inLanguage\":\"pt-PT\"},{\"@type\":\"Organization\",\"@id\":\"https:\/\/brasilnoticias.org\/site\/#organization\",\"name\":\"Brasil not\u00edcias\",\"url\":\"https:\/\/brasilnoticias.org\/site\/\",\"logo\":{\"@type\":\"ImageObject\",\"inLanguage\":\"pt-PT\",\"@id\":\"https:\/\/brasilnoticias.org\/site\/#\/schema\/logo\/image\/\",\"url\":\"https:\/\/brasilnoticias.org\/site\/wp-content\/uploads\/2022\/05\/cropped-brasilnoticias-mini.jpg\",\"contentUrl\":\"https:\/\/brasilnoticias.org\/site\/wp-content\/uploads\/2022\/05\/cropped-brasilnoticias-mini.jpg\",\"width\":314,\"height\":86,\"caption\":\"Brasil not\u00edcias\"},\"image\":{\"@id\":\"https:\/\/brasilnoticias.org\/site\/#\/schema\/logo\/image\/\"}},{\"@type\":\"Person\",\"@id\":\"https:\/\/brasilnoticias.org\/site\/#\/schema\/person\/f609fa847b5314f1c8b983342f34c798\",\"name\":\"Reda\u00e7\u00e3o\",\"image\":{\"@type\":\"ImageObject\",\"inLanguage\":\"pt-PT\",\"@id\":\"https:\/\/brasilnoticias.org\/site\/#\/schema\/person\/image\/\",\"url\":\"https:\/\/secure.gravatar.com\/avatar\/447284c06c1ad8b46465a36de9cd0d8326b73387a22799b8b1ffb1fbcff2ed0c?s=96&d=mm&r=g\",\"contentUrl\":\"https:\/\/secure.gravatar.com\/avatar\/447284c06c1ad8b46465a36de9cd0d8326b73387a22799b8b1ffb1fbcff2ed0c?s=96&d=mm&r=g\",\"caption\":\"Reda\u00e7\u00e3o\"},\"url\":\"https:\/\/brasilnoticias.org\/site\/author\/redacao\/\"}]}<\/script>\n<!-- \/ Yoast SEO plugin. -->","yoast_head_json":{"title":"ACM NETO SE COMPROMETE A CRIAR FUNDO DIRECIONADO \u00c0 QUALIDADE DO ENSINO NA BAHIA - Brasil not\u00edcias","robots":{"index":"index","follow":"follow","max-snippet":"max-snippet:-1","max-image-preview":"max-image-preview:large","max-video-preview":"max-video-preview:-1"},"canonical":"https:\/\/brasilnoticias.org\/site\/acm-neto-se-compromete-a-criar-fundo-direcionado-a-qualidade-do-ensino-na-bahia\/","og_locale":"pt_PT","og_type":"article","og_title":"ACM NETO SE COMPROMETE A CRIAR FUNDO DIRECIONADO \u00c0 QUALIDADE DO ENSINO NA BAHIA - Brasil not\u00edcias","og_description":"Durante coletiva de imprensa realizada em Itabuna neste s\u00e1bado (14), o pr\u00e9-candidato ao Governo da Bahia ACM Neto (Uni\u00e3o Brasil)","og_url":"https:\/\/brasilnoticias.org\/site\/acm-neto-se-compromete-a-criar-fundo-direcionado-a-qualidade-do-ensino-na-bahia\/","og_site_name":"Brasil not\u00edcias","article_published_time":"2022-05-14T22:48:36+00:00","og_image":[{"width":720,"height":691,"url":"https:\/\/brasilnoticias.org\/site\/wp-content\/uploads\/2022\/05\/Screenshot_20220514-194253-865.png","type":"image\/png"}],"author":"Reda\u00e7\u00e3o","twitter_card":"summary_large_image","twitter_misc":{"Escrito por":"Reda\u00e7\u00e3o","Tempo estimado de leitura":"4 minutos"},"schema":{"@context":"https:\/\/schema.org","@graph":[{"@type":"Article","@id":"https:\/\/brasilnoticias.org\/site\/acm-neto-se-compromete-a-criar-fundo-direcionado-a-qualidade-do-ensino-na-bahia\/#article","isPartOf":{"@id":"https:\/\/brasilnoticias.org\/site\/acm-neto-se-compromete-a-criar-fundo-direcionado-a-qualidade-do-ensino-na-bahia\/"},"author":{"name":"Reda\u00e7\u00e3o","@id":"https:\/\/brasilnoticias.org\/site\/#\/schema\/person\/f609fa847b5314f1c8b983342f34c798"},"headline":"ACM NETO SE COMPROMETE A CRIAR FUNDO DIRECIONADO \u00c0 QUALIDADE DO ENSINO NA BAHIA","datePublished":"2022-05-14T22:48:36+00:00","mainEntityOfPage":{"@id":"https:\/\/brasilnoticias.org\/site\/acm-neto-se-compromete-a-criar-fundo-direcionado-a-qualidade-do-ensino-na-bahia\/"},"wordCount":854,"commentCount":0,"publisher":{"@id":"https:\/\/brasilnoticias.org\/site\/#organization"},"image":{"@id":"https:\/\/brasilnoticias.org\/site\/acm-neto-se-compromete-a-criar-fundo-direcionado-a-qualidade-do-ensino-na-bahia\/#primaryimage"},"thumbnailUrl":"https:\/\/brasilnoticias.org\/site\/wp-content\/uploads\/2022\/05\/Screenshot_20220514-194253-865.png","articleSection":["Pol\u00edtica","\u00daltimas"],"inLanguage":"pt-PT","potentialAction":[{"@type":"CommentAction","name":"Comment","target":["https:\/\/brasilnoticias.org\/site\/acm-neto-se-compromete-a-criar-fundo-direcionado-a-qualidade-do-ensino-na-bahia\/#respond"]}]},{"@type":"WebPage","@id":"https:\/\/brasilnoticias.org\/site\/acm-neto-se-compromete-a-criar-fundo-direcionado-a-qualidade-do-ensino-na-bahia\/","url":"https:\/\/brasilnoticias.org\/site\/acm-neto-se-compromete-a-criar-fundo-direcionado-a-qualidade-do-ensino-na-bahia\/","name":"ACM NETO SE COMPROMETE A CRIAR FUNDO DIRECIONADO \u00c0 QUALIDADE DO ENSINO NA BAHIA - Brasil not\u00edcias","isPartOf":{"@id":"https:\/\/brasilnoticias.org\/site\/#website"},"primaryImageOfPage":{"@id":"https:\/\/brasilnoticias.org\/site\/acm-neto-se-compromete-a-criar-fundo-direcionado-a-qualidade-do-ensino-na-bahia\/#primaryimage"},"image":{"@id":"https:\/\/brasilnoticias.org\/site\/acm-neto-se-compromete-a-criar-fundo-direcionado-a-qualidade-do-ensino-na-bahia\/#primaryimage"},"thumbnailUrl":"https:\/\/brasilnoticias.org\/site\/wp-content\/uploads\/2022\/05\/Screenshot_20220514-194253-865.png","datePublished":"2022-05-14T22:48:36+00:00","breadcrumb":{"@id":"https:\/\/brasilnoticias.org\/site\/acm-neto-se-compromete-a-criar-fundo-direcionado-a-qualidade-do-ensino-na-bahia\/#breadcrumb"},"inLanguage":"pt-PT","potentialAction":[{"@type":"ReadAction","target":["https:\/\/brasilnoticias.org\/site\/acm-neto-se-compromete-a-criar-fundo-direcionado-a-qualidade-do-ensino-na-bahia\/"]}]},{"@type":"ImageObject","inLanguage":"pt-PT","@id":"https:\/\/brasilnoticias.org\/site\/acm-neto-se-compromete-a-criar-fundo-direcionado-a-qualidade-do-ensino-na-bahia\/#primaryimage","url":"https:\/\/brasilnoticias.org\/site\/wp-content\/uploads\/2022\/05\/Screenshot_20220514-194253-865.png","contentUrl":"https:\/\/brasilnoticias.org\/site\/wp-content\/uploads\/2022\/05\/Screenshot_20220514-194253-865.png","width":720,"height":691},{"@type":"BreadcrumbList","@id":"https:\/\/brasilnoticias.org\/site\/acm-neto-se-compromete-a-criar-fundo-direcionado-a-qualidade-do-ensino-na-bahia\/#breadcrumb","itemListElement":[{"@type":"ListItem","position":1,"name":"In\u00edcio","item":"https:\/\/brasilnoticias.org\/site\/"},{"@type":"ListItem","position":2,"name":"ACM NETO SE COMPROMETE A CRIAR FUNDO DIRECIONADO \u00c0 QUALIDADE DO ENSINO NA BAHIA"}]},{"@type":"WebSite","@id":"https:\/\/brasilnoticias.org\/site\/#website","url":"https:\/\/brasilnoticias.org\/site\/","name":"Brasil not\u00edcias","description":"Brasil not\u00edcias","publisher":{"@id":"https:\/\/brasilnoticias.org\/site\/#organization"},"potentialAction":[{"@type":"SearchAction","target":{"@type":"EntryPoint","urlTemplate":"https:\/\/brasilnoticias.org\/site\/?s={search_term_string}"},"query-input":{"@type":"PropertyValueSpecification","valueRequired":true,"valueName":"search_term_string"}}],"inLanguage":"pt-PT"},{"@type":"Organization","@id":"https:\/\/brasilnoticias.org\/site\/#organization","name":"Brasil not\u00edcias","url":"https:\/\/brasilnoticias.org\/site\/","logo":{"@type":"ImageObject","inLanguage":"pt-PT","@id":"https:\/\/brasilnoticias.org\/site\/#\/schema\/logo\/image\/","url":"https:\/\/brasilnoticias.org\/site\/wp-content\/uploads\/2022\/05\/cropped-brasilnoticias-mini.jpg","contentUrl":"https:\/\/brasilnoticias.org\/site\/wp-content\/uploads\/2022\/05\/cropped-brasilnoticias-mini.jpg","width":314,"height":86,"caption":"Brasil not\u00edcias"},"image":{"@id":"https:\/\/brasilnoticias.org\/site\/#\/schema\/logo\/image\/"}},{"@type":"Person","@id":"https:\/\/brasilnoticias.org\/site\/#\/schema\/person\/f609fa847b5314f1c8b983342f34c798","name":"Reda\u00e7\u00e3o","image":{"@type":"ImageObject","inLanguage":"pt-PT","@id":"https:\/\/brasilnoticias.org\/site\/#\/schema\/person\/image\/","url":"https:\/\/secure.gravatar.com\/avatar\/447284c06c1ad8b46465a36de9cd0d8326b73387a22799b8b1ffb1fbcff2ed0c?s=96&d=mm&r=g","contentUrl":"https:\/\/secure.gravatar.com\/avatar\/447284c06c1ad8b46465a36de9cd0d8326b73387a22799b8b1ffb1fbcff2ed0c?s=96&d=mm&r=g","caption":"Reda\u00e7\u00e3o"},"url":"https:\/\/brasilnoticias.org\/site\/author\/redacao\/"}]}},"_links":{"self":[{"href":"https:\/\/brasilnoticias.org\/site\/wp-json\/wp\/v2\/posts\/239","targetHints":{"allow":["GET"]}}],"collection":[{"href":"https:\/\/brasilnoticias.org\/site\/wp-json\/wp\/v2\/posts"}],"about":[{"href":"https:\/\/brasilnoticias.org\/site\/wp-json\/wp\/v2\/types\/post"}],"author":[{"embeddable":true,"href":"https:\/\/brasilnoticias.org\/site\/wp-json\/wp\/v2\/users\/2"}],"replies":[{"embeddable":true,"href":"https:\/\/brasilnoticias.org\/site\/wp-json\/wp\/v2\/comments?post=239"}],"version-history":[{"count":1,"href":"https:\/\/brasilnoticias.org\/site\/wp-json\/wp\/v2\/posts\/239\/revisions"}],"predecessor-version":[{"id":241,"href":"https:\/\/brasilnoticias.org\/site\/wp-json\/wp\/v2\/posts\/239\/revisions\/241"}],"wp:featuredmedia":[{"embeddable":true,"href":"https:\/\/brasilnoticias.org\/site\/wp-json\/wp\/v2\/media\/240"}],"wp:attachment":[{"href":"https:\/\/brasilnoticias.org\/site\/wp-json\/wp\/v2\/media?parent=239"}],"wp:term":[{"taxonomy":"category","embeddable":true,"href":"https:\/\/brasilnoticias.org\/site\/wp-json\/wp\/v2\/categories?post=239"},{"taxonomy":"post_tag","embeddable":true,"href":"https:\/\/brasilnoticias.org\/site\/wp-json\/wp\/v2\/tags?post=239"}],"curies":[{"name":"wp","href":"https:\/\/api.w.org\/{rel}","templated":true}]}}