{"id":2392,"date":"2022-11-28T18:20:11","date_gmt":"2022-11-28T21:20:11","guid":{"rendered":"https:\/\/brasilnoticias.org\/site\/?p=2392"},"modified":"2022-11-28T06:31:41","modified_gmt":"2022-11-28T09:31:41","slug":"aliados-de-bolsonaro-no-pl-se-dispoem-a-disputar-nova-eleicao-e-revelam-divisao","status":"publish","type":"post","link":"https:\/\/brasilnoticias.org\/site\/aliados-de-bolsonaro-no-pl-se-dispoem-a-disputar-nova-eleicao-e-revelam-divisao\/","title":{"rendered":"Aliados de Bolsonaro no PL se disp\u00f5em a disputar nova elei\u00e7\u00e3o e revelam divis\u00e3o"},"content":{"rendered":"<p>O relat\u00f3rio do PL questionado as urnas eletr\u00f4nicas evidenciou a falta de unidade na bancada eleita pelo partido no Congresso. Bolsonaristas como os deputados Carla Zambelli (SP), Filipe Barros (PR), Gustavo Gayer (GO) e Nikolas Ferreira (MG), al\u00e9m do senador Magno Malta (ES), chegaram a dizer que aceitariam disputar uma nova elei\u00e7\u00e3o em nome da &#8220;transpar\u00eancia&#8221;.<\/p>\n<p>Entre parlamentares da velha guarda, n\u00e3o se ouviu palavra sobre isso, e a postura dos colegas radicais foi considerada ris\u00edvel.<\/p>\n<p>Na c\u00fapula do PL, j\u00e1 se prev\u00ea que a bancada seguir\u00e1 dividida em tr\u00eas a partir de 2023, com uma parte fiel a Bolsonaro, outra piscando para Lula e uma com comportamento de centr\u00e3o &#8220;raiz&#8221;, negociando apoio parlamentar conforme as circunst\u00e2ncias.<\/p>\n<p>Foto Reuters<br \/>\nNot\u00edcias ao minuto<\/p>\n","protected":false},"excerpt":{"rendered":"<p>O relat\u00f3rio do PL questionado as urnas eletr\u00f4nicas evidenciou a falta de unidade na bancada eleita pelo partido no Congresso.<\/p>\n","protected":false},"author":1,"featured_media":2393,"comment_status":"open","ping_status":"open","sticky":false,"template":"","format":"standard","meta":{"colormag_page_container_layout":"default_layout","colormag_page_sidebar_layout":"default_layout","_FSMCFIC_featured_image_caption":"","_FSMCFIC_featured_image_nocaption":"","_FSMCFIC_featured_image_hide":"","footnotes":""},"categories":[5,1],"tags":[],"class_list":["post-2392","post","type-post","status-publish","format-standard","has-post-thumbnail","hentry","category-politica","category-ultimas"],"yoast_head":"<!-- This site is optimized with the Yoast SEO plugin v27.1.1 - https:\/\/yoast.com\/product\/yoast-seo-wordpress\/ -->\n<title>Aliados de Bolsonaro no PL se disp\u00f5em a disputar nova elei\u00e7\u00e3o e revelam divis\u00e3o - Brasil not\u00edcias<\/title>\n<meta name=\"robots\" content=\"index, follow, max-snippet:-1, max-image-preview:large, max-video-preview:-1\" \/>\n<link rel=\"canonical\" href=\"https:\/\/brasilnoticias.org\/site\/aliados-de-bolsonaro-no-pl-se-dispoem-a-disputar-nova-eleicao-e-revelam-divisao\/\" \/>\n<meta property=\"og:locale\" content=\"pt_PT\" \/>\n<meta property=\"og:type\" content=\"article\" \/>\n<meta property=\"og:title\" content=\"Aliados de Bolsonaro no PL se disp\u00f5em a disputar nova elei\u00e7\u00e3o e revelam divis\u00e3o - Brasil not\u00edcias\" \/>\n<meta property=\"og:description\" content=\"O relat\u00f3rio do PL questionado as urnas eletr\u00f4nicas evidenciou a falta de unidade na bancada eleita pelo partido no Congresso.\" \/>\n<meta property=\"og:url\" content=\"https:\/\/brasilnoticias.org\/site\/aliados-de-bolsonaro-no-pl-se-dispoem-a-disputar-nova-eleicao-e-revelam-divisao\/\" \/>\n<meta property=\"og:site_name\" content=\"Brasil not\u00edcias\" \/>\n<meta property=\"article:published_time\" content=\"2022-11-28T21:20:11+00:00\" \/>\n<meta property=\"og:image\" content=\"https:\/\/brasilnoticias.org\/site\/wp-content\/uploads\/2022\/11\/naom_5ecd291b20059.jpg\" \/>\n\t<meta property=\"og:image:width\" content=\"960\" \/>\n\t<meta property=\"og:image:height\" content=\"540\" \/>\n\t<meta property=\"og:image:type\" content=\"image\/jpeg\" \/>\n<meta name=\"author\" content=\"Reda\u00e7\u00e3o\" \/>\n<meta name=\"twitter:card\" content=\"summary_large_image\" \/>\n<meta name=\"twitter:label1\" content=\"Escrito por\" \/>\n\t<meta name=\"twitter:data1\" content=\"Reda\u00e7\u00e3o\" \/>\n\t<meta name=\"twitter:label2\" content=\"Tempo estimado de leitura\" \/>\n\t<meta name=\"twitter:data2\" content=\"1 minuto\" \/>\n<script type=\"application\/ld+json\" class=\"yoast-schema-graph\">{\"@context\":\"https:\/\/schema.org\",\"@graph\":[{\"@type\":\"Article\",\"@id\":\"https:\/\/brasilnoticias.org\/site\/aliados-de-bolsonaro-no-pl-se-dispoem-a-disputar-nova-eleicao-e-revelam-divisao\/#article\",\"isPartOf\":{\"@id\":\"https:\/\/brasilnoticias.org\/site\/aliados-de-bolsonaro-no-pl-se-dispoem-a-disputar-nova-eleicao-e-revelam-divisao\/\"},\"author\":{\"name\":\"Reda\u00e7\u00e3o\",\"@id\":\"https:\/\/brasilnoticias.org\/site\/#\/schema\/person\/a0e05b973ec4d15c658d51911e53507b\"},\"headline\":\"Aliados de Bolsonaro no PL se disp\u00f5em a disputar nova elei\u00e7\u00e3o e revelam divis\u00e3o\",\"datePublished\":\"2022-11-28T21:20:11+00:00\",\"mainEntityOfPage\":{\"@id\":\"https:\/\/brasilnoticias.org\/site\/aliados-de-bolsonaro-no-pl-se-dispoem-a-disputar-nova-eleicao-e-revelam-divisao\/\"},\"wordCount\":150,\"commentCount\":0,\"publisher\":{\"@id\":\"https:\/\/brasilnoticias.org\/site\/#organization\"},\"image\":{\"@id\":\"https:\/\/brasilnoticias.org\/site\/aliados-de-bolsonaro-no-pl-se-dispoem-a-disputar-nova-eleicao-e-revelam-divisao\/#primaryimage\"},\"thumbnailUrl\":\"https:\/\/brasilnoticias.org\/site\/wp-content\/uploads\/2022\/11\/naom_5ecd291b20059.jpg\",\"articleSection\":[\"Pol\u00edtica\",\"\u00daltimas\"],\"inLanguage\":\"pt-PT\",\"potentialAction\":[{\"@type\":\"CommentAction\",\"name\":\"Comment\",\"target\":[\"https:\/\/brasilnoticias.org\/site\/aliados-de-bolsonaro-no-pl-se-dispoem-a-disputar-nova-eleicao-e-revelam-divisao\/#respond\"]}]},{\"@type\":\"WebPage\",\"@id\":\"https:\/\/brasilnoticias.org\/site\/aliados-de-bolsonaro-no-pl-se-dispoem-a-disputar-nova-eleicao-e-revelam-divisao\/\",\"url\":\"https:\/\/brasilnoticias.org\/site\/aliados-de-bolsonaro-no-pl-se-dispoem-a-disputar-nova-eleicao-e-revelam-divisao\/\",\"name\":\"Aliados de Bolsonaro no PL se disp\u00f5em a disputar nova elei\u00e7\u00e3o e revelam divis\u00e3o - Brasil not\u00edcias\",\"isPartOf\":{\"@id\":\"https:\/\/brasilnoticias.org\/site\/#website\"},\"primaryImageOfPage\":{\"@id\":\"https:\/\/brasilnoticias.org\/site\/aliados-de-bolsonaro-no-pl-se-dispoem-a-disputar-nova-eleicao-e-revelam-divisao\/#primaryimage\"},\"image\":{\"@id\":\"https:\/\/brasilnoticias.org\/site\/aliados-de-bolsonaro-no-pl-se-dispoem-a-disputar-nova-eleicao-e-revelam-divisao\/#primaryimage\"},\"thumbnailUrl\":\"https:\/\/brasilnoticias.org\/site\/wp-content\/uploads\/2022\/11\/naom_5ecd291b20059.jpg\",\"datePublished\":\"2022-11-28T21:20:11+00:00\",\"breadcrumb\":{\"@id\":\"https:\/\/brasilnoticias.org\/site\/aliados-de-bolsonaro-no-pl-se-dispoem-a-disputar-nova-eleicao-e-revelam-divisao\/#breadcrumb\"},\"inLanguage\":\"pt-PT\",\"potentialAction\":[{\"@type\":\"ReadAction\",\"target\":[\"https:\/\/brasilnoticias.org\/site\/aliados-de-bolsonaro-no-pl-se-dispoem-a-disputar-nova-eleicao-e-revelam-divisao\/\"]}]},{\"@type\":\"ImageObject\",\"inLanguage\":\"pt-PT\",\"@id\":\"https:\/\/brasilnoticias.org\/site\/aliados-de-bolsonaro-no-pl-se-dispoem-a-disputar-nova-eleicao-e-revelam-divisao\/#primaryimage\",\"url\":\"https:\/\/brasilnoticias.org\/site\/wp-content\/uploads\/2022\/11\/naom_5ecd291b20059.jpg\",\"contentUrl\":\"https:\/\/brasilnoticias.org\/site\/wp-content\/uploads\/2022\/11\/naom_5ecd291b20059.jpg\",\"width\":960,\"height\":540},{\"@type\":\"BreadcrumbList\",\"@id\":\"https:\/\/brasilnoticias.org\/site\/aliados-de-bolsonaro-no-pl-se-dispoem-a-disputar-nova-eleicao-e-revelam-divisao\/#breadcrumb\",\"itemListElement\":[{\"@type\":\"ListItem\",\"position\":1,\"name\":\"In\u00edcio\",\"item\":\"https:\/\/brasilnoticias.org\/site\/\"},{\"@type\":\"ListItem\",\"position\":2,\"name\":\"Aliados de Bolsonaro no PL se disp\u00f5em a disputar nova elei\u00e7\u00e3o e revelam divis\u00e3o\"}]},{\"@type\":\"WebSite\",\"@id\":\"https:\/\/brasilnoticias.org\/site\/#website\",\"url\":\"https:\/\/brasilnoticias.org\/site\/\",\"name\":\"Brasil not\u00edcias\",\"description\":\"Brasil not\u00edcias\",\"publisher\":{\"@id\":\"https:\/\/brasilnoticias.org\/site\/#organization\"},\"potentialAction\":[{\"@type\":\"SearchAction\",\"target\":{\"@type\":\"EntryPoint\",\"urlTemplate\":\"https:\/\/brasilnoticias.org\/site\/?s={search_term_string}\"},\"query-input\":{\"@type\":\"PropertyValueSpecification\",\"valueRequired\":true,\"valueName\":\"search_term_string\"}}],\"inLanguage\":\"pt-PT\"},{\"@type\":\"Organization\",\"@id\":\"https:\/\/brasilnoticias.org\/site\/#organization\",\"name\":\"Brasil not\u00edcias\",\"url\":\"https:\/\/brasilnoticias.org\/site\/\",\"logo\":{\"@type\":\"ImageObject\",\"inLanguage\":\"pt-PT\",\"@id\":\"https:\/\/brasilnoticias.org\/site\/#\/schema\/logo\/image\/\",\"url\":\"https:\/\/brasilnoticias.org\/site\/wp-content\/uploads\/2022\/05\/cropped-brasilnoticias-mini.jpg\",\"contentUrl\":\"https:\/\/brasilnoticias.org\/site\/wp-content\/uploads\/2022\/05\/cropped-brasilnoticias-mini.jpg\",\"width\":314,\"height\":86,\"caption\":\"Brasil not\u00edcias\"},\"image\":{\"@id\":\"https:\/\/brasilnoticias.org\/site\/#\/schema\/logo\/image\/\"}},{\"@type\":\"Person\",\"@id\":\"https:\/\/brasilnoticias.org\/site\/#\/schema\/person\/a0e05b973ec4d15c658d51911e53507b\",\"name\":\"Reda\u00e7\u00e3o\",\"image\":{\"@type\":\"ImageObject\",\"inLanguage\":\"pt-PT\",\"@id\":\"https:\/\/brasilnoticias.org\/site\/#\/schema\/person\/image\/\",\"url\":\"https:\/\/secure.gravatar.com\/avatar\/75d8b050df2de108b08ae78dfb8e374892df24a383c67db9c46a9c604f6aee9c?s=96&d=mm&r=g\",\"contentUrl\":\"https:\/\/secure.gravatar.com\/avatar\/75d8b050df2de108b08ae78dfb8e374892df24a383c67db9c46a9c604f6aee9c?s=96&d=mm&r=g\",\"caption\":\"Reda\u00e7\u00e3o\"},\"sameAs\":[\"https:\/\/brasilnoticias.org\/site\"],\"url\":\"https:\/\/brasilnoticias.org\/site\/author\/fernandozsngmail-com\/\"}]}<\/script>\n<!-- \/ Yoast SEO plugin. -->","yoast_head_json":{"title":"Aliados de Bolsonaro no PL se disp\u00f5em a disputar nova elei\u00e7\u00e3o e revelam divis\u00e3o - Brasil not\u00edcias","robots":{"index":"index","follow":"follow","max-snippet":"max-snippet:-1","max-image-preview":"max-image-preview:large","max-video-preview":"max-video-preview:-1"},"canonical":"https:\/\/brasilnoticias.org\/site\/aliados-de-bolsonaro-no-pl-se-dispoem-a-disputar-nova-eleicao-e-revelam-divisao\/","og_locale":"pt_PT","og_type":"article","og_title":"Aliados de Bolsonaro no PL se disp\u00f5em a disputar nova elei\u00e7\u00e3o e revelam divis\u00e3o - Brasil not\u00edcias","og_description":"O relat\u00f3rio do PL questionado as urnas eletr\u00f4nicas evidenciou a falta de unidade na bancada eleita pelo partido no Congresso.","og_url":"https:\/\/brasilnoticias.org\/site\/aliados-de-bolsonaro-no-pl-se-dispoem-a-disputar-nova-eleicao-e-revelam-divisao\/","og_site_name":"Brasil not\u00edcias","article_published_time":"2022-11-28T21:20:11+00:00","og_image":[{"width":960,"height":540,"url":"https:\/\/brasilnoticias.org\/site\/wp-content\/uploads\/2022\/11\/naom_5ecd291b20059.jpg","type":"image\/jpeg"}],"author":"Reda\u00e7\u00e3o","twitter_card":"summary_large_image","twitter_misc":{"Escrito por":"Reda\u00e7\u00e3o","Tempo estimado de leitura":"1 minuto"},"schema":{"@context":"https:\/\/schema.org","@graph":[{"@type":"Article","@id":"https:\/\/brasilnoticias.org\/site\/aliados-de-bolsonaro-no-pl-se-dispoem-a-disputar-nova-eleicao-e-revelam-divisao\/#article","isPartOf":{"@id":"https:\/\/brasilnoticias.org\/site\/aliados-de-bolsonaro-no-pl-se-dispoem-a-disputar-nova-eleicao-e-revelam-divisao\/"},"author":{"name":"Reda\u00e7\u00e3o","@id":"https:\/\/brasilnoticias.org\/site\/#\/schema\/person\/a0e05b973ec4d15c658d51911e53507b"},"headline":"Aliados de Bolsonaro no PL se disp\u00f5em a disputar nova elei\u00e7\u00e3o e revelam divis\u00e3o","datePublished":"2022-11-28T21:20:11+00:00","mainEntityOfPage":{"@id":"https:\/\/brasilnoticias.org\/site\/aliados-de-bolsonaro-no-pl-se-dispoem-a-disputar-nova-eleicao-e-revelam-divisao\/"},"wordCount":150,"commentCount":0,"publisher":{"@id":"https:\/\/brasilnoticias.org\/site\/#organization"},"image":{"@id":"https:\/\/brasilnoticias.org\/site\/aliados-de-bolsonaro-no-pl-se-dispoem-a-disputar-nova-eleicao-e-revelam-divisao\/#primaryimage"},"thumbnailUrl":"https:\/\/brasilnoticias.org\/site\/wp-content\/uploads\/2022\/11\/naom_5ecd291b20059.jpg","articleSection":["Pol\u00edtica","\u00daltimas"],"inLanguage":"pt-PT","potentialAction":[{"@type":"CommentAction","name":"Comment","target":["https:\/\/brasilnoticias.org\/site\/aliados-de-bolsonaro-no-pl-se-dispoem-a-disputar-nova-eleicao-e-revelam-divisao\/#respond"]}]},{"@type":"WebPage","@id":"https:\/\/brasilnoticias.org\/site\/aliados-de-bolsonaro-no-pl-se-dispoem-a-disputar-nova-eleicao-e-revelam-divisao\/","url":"https:\/\/brasilnoticias.org\/site\/aliados-de-bolsonaro-no-pl-se-dispoem-a-disputar-nova-eleicao-e-revelam-divisao\/","name":"Aliados de Bolsonaro no PL se disp\u00f5em a disputar nova elei\u00e7\u00e3o e revelam divis\u00e3o - Brasil not\u00edcias","isPartOf":{"@id":"https:\/\/brasilnoticias.org\/site\/#website"},"primaryImageOfPage":{"@id":"https:\/\/brasilnoticias.org\/site\/aliados-de-bolsonaro-no-pl-se-dispoem-a-disputar-nova-eleicao-e-revelam-divisao\/#primaryimage"},"image":{"@id":"https:\/\/brasilnoticias.org\/site\/aliados-de-bolsonaro-no-pl-se-dispoem-a-disputar-nova-eleicao-e-revelam-divisao\/#primaryimage"},"thumbnailUrl":"https:\/\/brasilnoticias.org\/site\/wp-content\/uploads\/2022\/11\/naom_5ecd291b20059.jpg","datePublished":"2022-11-28T21:20:11+00:00","breadcrumb":{"@id":"https:\/\/brasilnoticias.org\/site\/aliados-de-bolsonaro-no-pl-se-dispoem-a-disputar-nova-eleicao-e-revelam-divisao\/#breadcrumb"},"inLanguage":"pt-PT","potentialAction":[{"@type":"ReadAction","target":["https:\/\/brasilnoticias.org\/site\/aliados-de-bolsonaro-no-pl-se-dispoem-a-disputar-nova-eleicao-e-revelam-divisao\/"]}]},{"@type":"ImageObject","inLanguage":"pt-PT","@id":"https:\/\/brasilnoticias.org\/site\/aliados-de-bolsonaro-no-pl-se-dispoem-a-disputar-nova-eleicao-e-revelam-divisao\/#primaryimage","url":"https:\/\/brasilnoticias.org\/site\/wp-content\/uploads\/2022\/11\/naom_5ecd291b20059.jpg","contentUrl":"https:\/\/brasilnoticias.org\/site\/wp-content\/uploads\/2022\/11\/naom_5ecd291b20059.jpg","width":960,"height":540},{"@type":"BreadcrumbList","@id":"https:\/\/brasilnoticias.org\/site\/aliados-de-bolsonaro-no-pl-se-dispoem-a-disputar-nova-eleicao-e-revelam-divisao\/#breadcrumb","itemListElement":[{"@type":"ListItem","position":1,"name":"In\u00edcio","item":"https:\/\/brasilnoticias.org\/site\/"},{"@type":"ListItem","position":2,"name":"Aliados de Bolsonaro no PL se disp\u00f5em a disputar nova elei\u00e7\u00e3o e revelam divis\u00e3o"}]},{"@type":"WebSite","@id":"https:\/\/brasilnoticias.org\/site\/#website","url":"https:\/\/brasilnoticias.org\/site\/","name":"Brasil not\u00edcias","description":"Brasil not\u00edcias","publisher":{"@id":"https:\/\/brasilnoticias.org\/site\/#organization"},"potentialAction":[{"@type":"SearchAction","target":{"@type":"EntryPoint","urlTemplate":"https:\/\/brasilnoticias.org\/site\/?s={search_term_string}"},"query-input":{"@type":"PropertyValueSpecification","valueRequired":true,"valueName":"search_term_string"}}],"inLanguage":"pt-PT"},{"@type":"Organization","@id":"https:\/\/brasilnoticias.org\/site\/#organization","name":"Brasil not\u00edcias","url":"https:\/\/brasilnoticias.org\/site\/","logo":{"@type":"ImageObject","inLanguage":"pt-PT","@id":"https:\/\/brasilnoticias.org\/site\/#\/schema\/logo\/image\/","url":"https:\/\/brasilnoticias.org\/site\/wp-content\/uploads\/2022\/05\/cropped-brasilnoticias-mini.jpg","contentUrl":"https:\/\/brasilnoticias.org\/site\/wp-content\/uploads\/2022\/05\/cropped-brasilnoticias-mini.jpg","width":314,"height":86,"caption":"Brasil not\u00edcias"},"image":{"@id":"https:\/\/brasilnoticias.org\/site\/#\/schema\/logo\/image\/"}},{"@type":"Person","@id":"https:\/\/brasilnoticias.org\/site\/#\/schema\/person\/a0e05b973ec4d15c658d51911e53507b","name":"Reda\u00e7\u00e3o","image":{"@type":"ImageObject","inLanguage":"pt-PT","@id":"https:\/\/brasilnoticias.org\/site\/#\/schema\/person\/image\/","url":"https:\/\/secure.gravatar.com\/avatar\/75d8b050df2de108b08ae78dfb8e374892df24a383c67db9c46a9c604f6aee9c?s=96&d=mm&r=g","contentUrl":"https:\/\/secure.gravatar.com\/avatar\/75d8b050df2de108b08ae78dfb8e374892df24a383c67db9c46a9c604f6aee9c?s=96&d=mm&r=g","caption":"Reda\u00e7\u00e3o"},"sameAs":["https:\/\/brasilnoticias.org\/site"],"url":"https:\/\/brasilnoticias.org\/site\/author\/fernandozsngmail-com\/"}]}},"_links":{"self":[{"href":"https:\/\/brasilnoticias.org\/site\/wp-json\/wp\/v2\/posts\/2392","targetHints":{"allow":["GET"]}}],"collection":[{"href":"https:\/\/brasilnoticias.org\/site\/wp-json\/wp\/v2\/posts"}],"about":[{"href":"https:\/\/brasilnoticias.org\/site\/wp-json\/wp\/v2\/types\/post"}],"author":[{"embeddable":true,"href":"https:\/\/brasilnoticias.org\/site\/wp-json\/wp\/v2\/users\/1"}],"replies":[{"embeddable":true,"href":"https:\/\/brasilnoticias.org\/site\/wp-json\/wp\/v2\/comments?post=2392"}],"version-history":[{"count":1,"href":"https:\/\/brasilnoticias.org\/site\/wp-json\/wp\/v2\/posts\/2392\/revisions"}],"predecessor-version":[{"id":2394,"href":"https:\/\/brasilnoticias.org\/site\/wp-json\/wp\/v2\/posts\/2392\/revisions\/2394"}],"wp:featuredmedia":[{"embeddable":true,"href":"https:\/\/brasilnoticias.org\/site\/wp-json\/wp\/v2\/media\/2393"}],"wp:attachment":[{"href":"https:\/\/brasilnoticias.org\/site\/wp-json\/wp\/v2\/media?parent=2392"}],"wp:term":[{"taxonomy":"category","embeddable":true,"href":"https:\/\/brasilnoticias.org\/site\/wp-json\/wp\/v2\/categories?post=2392"},{"taxonomy":"post_tag","embeddable":true,"href":"https:\/\/brasilnoticias.org\/site\/wp-json\/wp\/v2\/tags?post=2392"}],"curies":[{"name":"wp","href":"https:\/\/api.w.org\/{rel}","templated":true}]}}