{"id":2395,"date":"2022-11-28T18:30:51","date_gmt":"2022-11-28T21:30:51","guid":{"rendered":"https:\/\/brasilnoticias.org\/site\/?p=2395"},"modified":"2022-11-28T06:33:55","modified_gmt":"2022-11-28T09:33:55","slug":"pt-vai-fazer-pente-fino-no-cadastro-de-beneficiarios-do-auxilio-brasil","status":"publish","type":"post","link":"https:\/\/brasilnoticias.org\/site\/pt-vai-fazer-pente-fino-no-cadastro-de-beneficiarios-do-auxilio-brasil\/","title":{"rendered":"PT vai fazer pente-fino no cadastro de benefici\u00e1rios do Aux\u00edlio Brasil"},"content":{"rendered":"<p>Apenas garantir um valor maior para o novo Bolsa Fam\u00edlia &#8211; atual Aux\u00edlio Brasil &#8211; n\u00e3o vai ser suficiente para que o pr\u00f3ximo governo de Luiz In\u00e1cio Lula da Silva (PT) tenha uma pol\u00edtica bem-sucedida no combate \u00e0 pobreza. Sem depurar o Cadastro \u00danico e focar no perfil das pessoas atendidas, o programa pode se tornar ineficiente e ter um resultado abaixo do seu potencial. E a equipe de transi\u00e7\u00e3o do novo governo sabe que ser\u00e1 necess\u00e1rio um &#8220;pente-fino&#8221; nos benef\u00edcios, de olho especialmente nas concess\u00f5es individuais.<\/p>\n<p>A avalia\u00e7\u00e3o \u00e9 que o Pa\u00eds passou a enfrentar uma distor\u00e7\u00e3o no Cadastro \u00danico. Houve um forte crescimento na quantidade de fam\u00edlias compostas por apenas um integrante &#8211; chamadas de unipessoais &#8211; inclu\u00eddas pelo programa social. Em agosto, cerca de 5,3 milh\u00f5es estavam nessa condi\u00e7\u00e3o.<\/p>\n<p>O Minist\u00e9rio da Cidadania j\u00e1 instaurou um procedimento para averiguar o aumento de fam\u00edlias unipessoais beneficiadas e informou que tamb\u00e9m faz um &#8220;tratamento de todo o p\u00fablico do Cadastro \u00danico&#8221; em parceria com a Dataprev.<\/p>\n<p>No caso das fam\u00edlias unipessoais, a apura\u00e7\u00e3o vai ter in\u00edcio para os cadastrados inclu\u00eddos ou atualizados ap\u00f3s novembro de 2021, quando somavam 2,2 milh\u00f5es. Ou seja, 3 milh\u00f5es de benefici\u00e1rios ter\u00e3o de atualizar os dados para evitar o bloqueio do benef\u00edcio. &#8220;Existe uma agenda de qualifica\u00e7\u00e3o de cadastro. \u00c9 uma agenda grande e que apresenta um enorme desafio&#8221;, diz Vinicius Botelho, ex-secret\u00e1rio de Desenvolvimento Social e Cidadania.<\/p>\n<p>No Cadastro \u00danico, o benefici\u00e1rio faz uma autodeclara\u00e7\u00e3o da renda e composi\u00e7\u00e3o familiar. No auge da pandemia, a maneira como se deu a inscri\u00e7\u00e3o ajudou a provocar uma deteriora\u00e7\u00e3o da base de dados. Para liberar o Aux\u00edlio Emergencial, depois transformado em Aux\u00edlio Brasil, o governo Jair Bolsonaro possibilitou a ades\u00e3o de benefici\u00e1rios por meio de aplicativo, sem a necessidade de uma grande atua\u00e7\u00e3o de agentes dos Centros de Refer\u00eancia da Assist\u00eancia Social (Cras) para, por exemplo, fazer o mapeamento dos mais pobres e acompanhar o perfil da popula\u00e7\u00e3o inscrita.<\/p>\n<p>Na equipe de transi\u00e7\u00e3o, a principal preocupa\u00e7\u00e3o tem sido com a qualidade do cadastro e com a heran\u00e7a que ser\u00e1 deixada pela apura\u00e7\u00e3o aberta pelo Minist\u00e9rio da Cidadania. &#8220;Isso vai impactar o governo, vamos assumir com um processo em que n\u00e3o fomos consultados&#8221;, afirma Tereza Campello, uma das coordenadoras da \u00e1rea de assist\u00eancia social da transi\u00e7\u00e3o. &#8220;N\u00e3o estou reclamando de o governo ter aberto esses processos, mas deveria ter feito isso antes.&#8221;<\/p>\n<p>O novo governo tamb\u00e9m foi alertado pelo Tribunal de Contas da Uni\u00e3o (TCU) sobre a distor\u00e7\u00e3o. &#8220;O governo Lula vai assumir com 1 milh\u00e3o de pessoas sendo chamadas em janeiro e 2 milh\u00f5es de pessoas sendo chamadas em fevereiro para comparecer ao Cras ou (os benef\u00edcios) v\u00e3o ser bloqueados&#8221;, afirma Campello. &#8220;A pessoa n\u00e3o vai receber e o que ela vai fazer? Vai no Cras tentar saber o que aconteceu. Vamos ter o governo assumindo com um monte de fila.&#8221;<\/p>\n<p>Critica ao desenho<\/p>\n<p>Al\u00e9m da defasagem do Cadastro \u00danico, outra grande cr\u00edtica dos analistas \u00e9 a de que o desenho do atual Aux\u00edlio Brasil leva em conta a renda familiar, n\u00e3o a per capita. Ou seja, fam\u00edlias com dois ou seis integrantes recebem os mesmos R$ 600. &#8220;Um bom desenho de programa considera a composi\u00e7\u00e3o familiar para definir a transfer\u00eancia&#8221;, afirma Laura Muller Machado, professora do Insper e ex-secret\u00e1ria de Desenvolvimento Social de S\u00e3o Paulo.<\/p>\n<p>O pr\u00f3ximo Bolsa Fam\u00edlia deve custar R$ 175 bilh\u00f5es, conforme prev\u00ea a Proposta de Emenda \u00e0 Constitui\u00e7\u00e3o (PEC) da Transi\u00e7\u00e3o, que retirou o benef\u00edcio do teto de gastos e manteve o valor de R$ 600, al\u00e9m de criar um adicional de R$ 150 por crian\u00e7as com at\u00e9 seis anos. Se confirmado, ser\u00e1 um montante gasto que vai equivaler a quase cinco vezes o or\u00e7amento do programa original, que era de R$ 33 bilh\u00f5es &#8211; em valores corrigidos pela infla\u00e7\u00e3o, chega a R$ 41 bilh\u00f5es.<\/p>\n<p>&#8220;Na atual gest\u00e3o, houve uma desintermedia\u00e7\u00e3o da pol\u00edtica social&#8221;, diz Marcelo Neri, diretor do FGV Social. &#8220;Toda a literatura (de combate \u00e0 pobreza) est\u00e1 baseada na renda per capita, n\u00e3o na do domic\u00edlio. No desenho atual do Aux\u00edlio Brasil, ele estima que h\u00e1 um desperd\u00edcio de 55% de dinheiro. &#8220;Poderia se fazer mais com os mesmos recursos.&#8221;<\/p>\n<p>O formato do novo Bolsa Fam\u00edlia, diz Tereza Campello, que atuou como ministra do Desenvolvimento Social e Combate \u00e0 Fome na administra\u00e7\u00e3o Dilma Rousseff, s\u00f3 deve ficar mais claro no novo governo. &#8220;O nosso projeto quer retomar as principais caracter\u00edsticas do Bolsa Fam\u00edlia&#8221;, afirma. &#8220;A primeira \u00e9 que o desenho levava em conta a composi\u00e7\u00e3o familiar, e a segunda quest\u00e3o \u00e9 que o programa considerava fundamental que crian\u00e7as e gestantes tivessem direito e acesso \u00e0 educa\u00e7\u00e3o e \u00e0 sa\u00fade.&#8221;<\/p>\n<p>Supera\u00e7\u00e3o da pobreza<\/p>\n<p>Mais do que resolver a quest\u00e3o de curto prazo da assist\u00eancia social, o Brasil tem um desafio importante de fazer com que os benefici\u00e1rios do programa social superem a pobreza de forma definitiva.<\/p>\n<p>No ano passado, 9,5% da popula\u00e7\u00e3o brasileira vivia na situa\u00e7\u00e3o de extrema pobreza &#8211; com uma renda per capita mensal inferior a R$ 193 -, maior patamar desde 2007, quando 10,7% estavam nessa condi\u00e7\u00e3o, mostram dados compilados pela professora do Insper.<\/p>\n<p>&#8220;O desenho de um programa de porta de sa\u00edda, que vai fazer com que as pessoas alcancem uma autonomia, n\u00e3o est\u00e1 claro&#8221;, afirma Laura. &#8220;O Brasil Sem Mis\u00e9ria, por exemplo, era um programa bem desenhado, documentado e tinha uma proposta de como incluir produtivamente no mercado de trabalho quem estava na \u00e1rea rural e quem estava na \u00e1rea urbana.&#8221;<\/p>\n<p>N\u00e3o h\u00e1 uma regra para a supera\u00e7\u00e3o da pobreza. \u00c9 preciso levar em conta a realidade de cada fam\u00edlia e regi\u00e3o do Pa\u00eds. A solu\u00e7\u00e3o pode estar em conseguir uma creche para uma m\u00e3e solteira que precisa trabalhar ou garantir cursos de profissionaliza\u00e7\u00e3o para um trabalhador desempregado.<\/p>\n<p>&#8220;S\u00f3 transferir renda n\u00e3o \u00e9 suficiente. S\u00e3o necess\u00e1rias tr\u00eas coisas. A assist\u00eancia, claro, \u00e9 uma delas, e um valor mais alto j\u00e1 resolve boa parte dos problemas, mas n\u00e3o \u00e9 suficiente&#8221;, afirma Naercio Menezes, coordenador da C\u00e1tedra Ruth Cardoso e tamb\u00e9m professor do Insper. &#8220;\u00c9 preciso tamb\u00e9m ter um sistema de educa\u00e7\u00e3o e sa\u00fade de qualidade.&#8221;<\/p>\n<p>Not\u00edcias ao minuto<br \/>\nFoto Shutterstock<\/p>\n","protected":false},"excerpt":{"rendered":"<p>Apenas garantir um valor maior para o novo Bolsa Fam\u00edlia &#8211; atual Aux\u00edlio Brasil &#8211; n\u00e3o vai ser suficiente para<\/p>\n","protected":false},"author":1,"featured_media":2396,"comment_status":"open","ping_status":"open","sticky":false,"template":"","format":"standard","meta":{"colormag_page_container_layout":"default_layout","colormag_page_sidebar_layout":"default_layout","_FSMCFIC_featured_image_caption":"","_FSMCFIC_featured_image_nocaption":"","_FSMCFIC_featured_image_hide":"","footnotes":""},"categories":[2,1],"tags":[],"class_list":["post-2395","post","type-post","status-publish","format-standard","has-post-thumbnail","hentry","category-noticias","category-ultimas"],"yoast_head":"<!-- This site is optimized with the Yoast SEO plugin v27.1.1 - https:\/\/yoast.com\/product\/yoast-seo-wordpress\/ -->\n<title>PT vai fazer pente-fino no cadastro de benefici\u00e1rios do Aux\u00edlio Brasil - Brasil not\u00edcias<\/title>\n<meta name=\"robots\" content=\"index, follow, max-snippet:-1, max-image-preview:large, max-video-preview:-1\" \/>\n<link rel=\"canonical\" href=\"https:\/\/brasilnoticias.org\/site\/pt-vai-fazer-pente-fino-no-cadastro-de-beneficiarios-do-auxilio-brasil\/\" \/>\n<meta property=\"og:locale\" content=\"pt_PT\" \/>\n<meta property=\"og:type\" content=\"article\" \/>\n<meta property=\"og:title\" content=\"PT vai fazer pente-fino no cadastro de benefici\u00e1rios do Aux\u00edlio Brasil - Brasil not\u00edcias\" \/>\n<meta property=\"og:description\" content=\"Apenas garantir um valor maior para o novo Bolsa Fam\u00edlia &#8211; atual Aux\u00edlio Brasil &#8211; n\u00e3o vai ser suficiente para\" \/>\n<meta property=\"og:url\" content=\"https:\/\/brasilnoticias.org\/site\/pt-vai-fazer-pente-fino-no-cadastro-de-beneficiarios-do-auxilio-brasil\/\" \/>\n<meta property=\"og:site_name\" content=\"Brasil not\u00edcias\" \/>\n<meta property=\"article:published_time\" content=\"2022-11-28T21:30:51+00:00\" \/>\n<meta property=\"og:image\" content=\"https:\/\/brasilnoticias.org\/site\/wp-content\/uploads\/2022\/11\/naom_61a0aac598610.jpg\" \/>\n\t<meta property=\"og:image:width\" content=\"960\" \/>\n\t<meta property=\"og:image:height\" content=\"540\" \/>\n\t<meta property=\"og:image:type\" content=\"image\/jpeg\" \/>\n<meta name=\"author\" content=\"Reda\u00e7\u00e3o\" \/>\n<meta name=\"twitter:card\" content=\"summary_large_image\" \/>\n<meta name=\"twitter:label1\" content=\"Escrito por\" \/>\n\t<meta name=\"twitter:data1\" content=\"Reda\u00e7\u00e3o\" \/>\n\t<meta name=\"twitter:label2\" content=\"Tempo estimado de leitura\" \/>\n\t<meta name=\"twitter:data2\" content=\"6 minutos\" \/>\n<script type=\"application\/ld+json\" class=\"yoast-schema-graph\">{\"@context\":\"https:\/\/schema.org\",\"@graph\":[{\"@type\":\"Article\",\"@id\":\"https:\/\/brasilnoticias.org\/site\/pt-vai-fazer-pente-fino-no-cadastro-de-beneficiarios-do-auxilio-brasil\/#article\",\"isPartOf\":{\"@id\":\"https:\/\/brasilnoticias.org\/site\/pt-vai-fazer-pente-fino-no-cadastro-de-beneficiarios-do-auxilio-brasil\/\"},\"author\":{\"name\":\"Reda\u00e7\u00e3o\",\"@id\":\"https:\/\/brasilnoticias.org\/site\/#\/schema\/person\/a0e05b973ec4d15c658d51911e53507b\"},\"headline\":\"PT vai fazer pente-fino no cadastro de benefici\u00e1rios do Aux\u00edlio Brasil\",\"datePublished\":\"2022-11-28T21:30:51+00:00\",\"mainEntityOfPage\":{\"@id\":\"https:\/\/brasilnoticias.org\/site\/pt-vai-fazer-pente-fino-no-cadastro-de-beneficiarios-do-auxilio-brasil\/\"},\"wordCount\":1124,\"commentCount\":0,\"publisher\":{\"@id\":\"https:\/\/brasilnoticias.org\/site\/#organization\"},\"image\":{\"@id\":\"https:\/\/brasilnoticias.org\/site\/pt-vai-fazer-pente-fino-no-cadastro-de-beneficiarios-do-auxilio-brasil\/#primaryimage\"},\"thumbnailUrl\":\"https:\/\/brasilnoticias.org\/site\/wp-content\/uploads\/2022\/11\/naom_61a0aac598610.jpg\",\"articleSection\":[\"Not\u00edcias\",\"\u00daltimas\"],\"inLanguage\":\"pt-PT\",\"potentialAction\":[{\"@type\":\"CommentAction\",\"name\":\"Comment\",\"target\":[\"https:\/\/brasilnoticias.org\/site\/pt-vai-fazer-pente-fino-no-cadastro-de-beneficiarios-do-auxilio-brasil\/#respond\"]}]},{\"@type\":\"WebPage\",\"@id\":\"https:\/\/brasilnoticias.org\/site\/pt-vai-fazer-pente-fino-no-cadastro-de-beneficiarios-do-auxilio-brasil\/\",\"url\":\"https:\/\/brasilnoticias.org\/site\/pt-vai-fazer-pente-fino-no-cadastro-de-beneficiarios-do-auxilio-brasil\/\",\"name\":\"PT vai fazer pente-fino no cadastro de benefici\u00e1rios do Aux\u00edlio Brasil - Brasil not\u00edcias\",\"isPartOf\":{\"@id\":\"https:\/\/brasilnoticias.org\/site\/#website\"},\"primaryImageOfPage\":{\"@id\":\"https:\/\/brasilnoticias.org\/site\/pt-vai-fazer-pente-fino-no-cadastro-de-beneficiarios-do-auxilio-brasil\/#primaryimage\"},\"image\":{\"@id\":\"https:\/\/brasilnoticias.org\/site\/pt-vai-fazer-pente-fino-no-cadastro-de-beneficiarios-do-auxilio-brasil\/#primaryimage\"},\"thumbnailUrl\":\"https:\/\/brasilnoticias.org\/site\/wp-content\/uploads\/2022\/11\/naom_61a0aac598610.jpg\",\"datePublished\":\"2022-11-28T21:30:51+00:00\",\"breadcrumb\":{\"@id\":\"https:\/\/brasilnoticias.org\/site\/pt-vai-fazer-pente-fino-no-cadastro-de-beneficiarios-do-auxilio-brasil\/#breadcrumb\"},\"inLanguage\":\"pt-PT\",\"potentialAction\":[{\"@type\":\"ReadAction\",\"target\":[\"https:\/\/brasilnoticias.org\/site\/pt-vai-fazer-pente-fino-no-cadastro-de-beneficiarios-do-auxilio-brasil\/\"]}]},{\"@type\":\"ImageObject\",\"inLanguage\":\"pt-PT\",\"@id\":\"https:\/\/brasilnoticias.org\/site\/pt-vai-fazer-pente-fino-no-cadastro-de-beneficiarios-do-auxilio-brasil\/#primaryimage\",\"url\":\"https:\/\/brasilnoticias.org\/site\/wp-content\/uploads\/2022\/11\/naom_61a0aac598610.jpg\",\"contentUrl\":\"https:\/\/brasilnoticias.org\/site\/wp-content\/uploads\/2022\/11\/naom_61a0aac598610.jpg\",\"width\":960,\"height\":540},{\"@type\":\"BreadcrumbList\",\"@id\":\"https:\/\/brasilnoticias.org\/site\/pt-vai-fazer-pente-fino-no-cadastro-de-beneficiarios-do-auxilio-brasil\/#breadcrumb\",\"itemListElement\":[{\"@type\":\"ListItem\",\"position\":1,\"name\":\"In\u00edcio\",\"item\":\"https:\/\/brasilnoticias.org\/site\/\"},{\"@type\":\"ListItem\",\"position\":2,\"name\":\"PT vai fazer pente-fino no cadastro de benefici\u00e1rios do Aux\u00edlio Brasil\"}]},{\"@type\":\"WebSite\",\"@id\":\"https:\/\/brasilnoticias.org\/site\/#website\",\"url\":\"https:\/\/brasilnoticias.org\/site\/\",\"name\":\"Brasil not\u00edcias\",\"description\":\"Brasil not\u00edcias\",\"publisher\":{\"@id\":\"https:\/\/brasilnoticias.org\/site\/#organization\"},\"potentialAction\":[{\"@type\":\"SearchAction\",\"target\":{\"@type\":\"EntryPoint\",\"urlTemplate\":\"https:\/\/brasilnoticias.org\/site\/?s={search_term_string}\"},\"query-input\":{\"@type\":\"PropertyValueSpecification\",\"valueRequired\":true,\"valueName\":\"search_term_string\"}}],\"inLanguage\":\"pt-PT\"},{\"@type\":\"Organization\",\"@id\":\"https:\/\/brasilnoticias.org\/site\/#organization\",\"name\":\"Brasil not\u00edcias\",\"url\":\"https:\/\/brasilnoticias.org\/site\/\",\"logo\":{\"@type\":\"ImageObject\",\"inLanguage\":\"pt-PT\",\"@id\":\"https:\/\/brasilnoticias.org\/site\/#\/schema\/logo\/image\/\",\"url\":\"https:\/\/brasilnoticias.org\/site\/wp-content\/uploads\/2022\/05\/cropped-brasilnoticias-mini.jpg\",\"contentUrl\":\"https:\/\/brasilnoticias.org\/site\/wp-content\/uploads\/2022\/05\/cropped-brasilnoticias-mini.jpg\",\"width\":314,\"height\":86,\"caption\":\"Brasil not\u00edcias\"},\"image\":{\"@id\":\"https:\/\/brasilnoticias.org\/site\/#\/schema\/logo\/image\/\"}},{\"@type\":\"Person\",\"@id\":\"https:\/\/brasilnoticias.org\/site\/#\/schema\/person\/a0e05b973ec4d15c658d51911e53507b\",\"name\":\"Reda\u00e7\u00e3o\",\"image\":{\"@type\":\"ImageObject\",\"inLanguage\":\"pt-PT\",\"@id\":\"https:\/\/brasilnoticias.org\/site\/#\/schema\/person\/image\/\",\"url\":\"https:\/\/secure.gravatar.com\/avatar\/75d8b050df2de108b08ae78dfb8e374892df24a383c67db9c46a9c604f6aee9c?s=96&d=mm&r=g\",\"contentUrl\":\"https:\/\/secure.gravatar.com\/avatar\/75d8b050df2de108b08ae78dfb8e374892df24a383c67db9c46a9c604f6aee9c?s=96&d=mm&r=g\",\"caption\":\"Reda\u00e7\u00e3o\"},\"sameAs\":[\"https:\/\/brasilnoticias.org\/site\"],\"url\":\"https:\/\/brasilnoticias.org\/site\/author\/fernandozsngmail-com\/\"}]}<\/script>\n<!-- \/ Yoast SEO plugin. -->","yoast_head_json":{"title":"PT vai fazer pente-fino no cadastro de benefici\u00e1rios do Aux\u00edlio Brasil - Brasil not\u00edcias","robots":{"index":"index","follow":"follow","max-snippet":"max-snippet:-1","max-image-preview":"max-image-preview:large","max-video-preview":"max-video-preview:-1"},"canonical":"https:\/\/brasilnoticias.org\/site\/pt-vai-fazer-pente-fino-no-cadastro-de-beneficiarios-do-auxilio-brasil\/","og_locale":"pt_PT","og_type":"article","og_title":"PT vai fazer pente-fino no cadastro de benefici\u00e1rios do Aux\u00edlio Brasil - Brasil not\u00edcias","og_description":"Apenas garantir um valor maior para o novo Bolsa Fam\u00edlia &#8211; atual Aux\u00edlio Brasil &#8211; n\u00e3o vai ser suficiente para","og_url":"https:\/\/brasilnoticias.org\/site\/pt-vai-fazer-pente-fino-no-cadastro-de-beneficiarios-do-auxilio-brasil\/","og_site_name":"Brasil not\u00edcias","article_published_time":"2022-11-28T21:30:51+00:00","og_image":[{"width":960,"height":540,"url":"https:\/\/brasilnoticias.org\/site\/wp-content\/uploads\/2022\/11\/naom_61a0aac598610.jpg","type":"image\/jpeg"}],"author":"Reda\u00e7\u00e3o","twitter_card":"summary_large_image","twitter_misc":{"Escrito por":"Reda\u00e7\u00e3o","Tempo estimado de leitura":"6 minutos"},"schema":{"@context":"https:\/\/schema.org","@graph":[{"@type":"Article","@id":"https:\/\/brasilnoticias.org\/site\/pt-vai-fazer-pente-fino-no-cadastro-de-beneficiarios-do-auxilio-brasil\/#article","isPartOf":{"@id":"https:\/\/brasilnoticias.org\/site\/pt-vai-fazer-pente-fino-no-cadastro-de-beneficiarios-do-auxilio-brasil\/"},"author":{"name":"Reda\u00e7\u00e3o","@id":"https:\/\/brasilnoticias.org\/site\/#\/schema\/person\/a0e05b973ec4d15c658d51911e53507b"},"headline":"PT vai fazer pente-fino no cadastro de benefici\u00e1rios do Aux\u00edlio Brasil","datePublished":"2022-11-28T21:30:51+00:00","mainEntityOfPage":{"@id":"https:\/\/brasilnoticias.org\/site\/pt-vai-fazer-pente-fino-no-cadastro-de-beneficiarios-do-auxilio-brasil\/"},"wordCount":1124,"commentCount":0,"publisher":{"@id":"https:\/\/brasilnoticias.org\/site\/#organization"},"image":{"@id":"https:\/\/brasilnoticias.org\/site\/pt-vai-fazer-pente-fino-no-cadastro-de-beneficiarios-do-auxilio-brasil\/#primaryimage"},"thumbnailUrl":"https:\/\/brasilnoticias.org\/site\/wp-content\/uploads\/2022\/11\/naom_61a0aac598610.jpg","articleSection":["Not\u00edcias","\u00daltimas"],"inLanguage":"pt-PT","potentialAction":[{"@type":"CommentAction","name":"Comment","target":["https:\/\/brasilnoticias.org\/site\/pt-vai-fazer-pente-fino-no-cadastro-de-beneficiarios-do-auxilio-brasil\/#respond"]}]},{"@type":"WebPage","@id":"https:\/\/brasilnoticias.org\/site\/pt-vai-fazer-pente-fino-no-cadastro-de-beneficiarios-do-auxilio-brasil\/","url":"https:\/\/brasilnoticias.org\/site\/pt-vai-fazer-pente-fino-no-cadastro-de-beneficiarios-do-auxilio-brasil\/","name":"PT vai fazer pente-fino no cadastro de benefici\u00e1rios do Aux\u00edlio Brasil - Brasil not\u00edcias","isPartOf":{"@id":"https:\/\/brasilnoticias.org\/site\/#website"},"primaryImageOfPage":{"@id":"https:\/\/brasilnoticias.org\/site\/pt-vai-fazer-pente-fino-no-cadastro-de-beneficiarios-do-auxilio-brasil\/#primaryimage"},"image":{"@id":"https:\/\/brasilnoticias.org\/site\/pt-vai-fazer-pente-fino-no-cadastro-de-beneficiarios-do-auxilio-brasil\/#primaryimage"},"thumbnailUrl":"https:\/\/brasilnoticias.org\/site\/wp-content\/uploads\/2022\/11\/naom_61a0aac598610.jpg","datePublished":"2022-11-28T21:30:51+00:00","breadcrumb":{"@id":"https:\/\/brasilnoticias.org\/site\/pt-vai-fazer-pente-fino-no-cadastro-de-beneficiarios-do-auxilio-brasil\/#breadcrumb"},"inLanguage":"pt-PT","potentialAction":[{"@type":"ReadAction","target":["https:\/\/brasilnoticias.org\/site\/pt-vai-fazer-pente-fino-no-cadastro-de-beneficiarios-do-auxilio-brasil\/"]}]},{"@type":"ImageObject","inLanguage":"pt-PT","@id":"https:\/\/brasilnoticias.org\/site\/pt-vai-fazer-pente-fino-no-cadastro-de-beneficiarios-do-auxilio-brasil\/#primaryimage","url":"https:\/\/brasilnoticias.org\/site\/wp-content\/uploads\/2022\/11\/naom_61a0aac598610.jpg","contentUrl":"https:\/\/brasilnoticias.org\/site\/wp-content\/uploads\/2022\/11\/naom_61a0aac598610.jpg","width":960,"height":540},{"@type":"BreadcrumbList","@id":"https:\/\/brasilnoticias.org\/site\/pt-vai-fazer-pente-fino-no-cadastro-de-beneficiarios-do-auxilio-brasil\/#breadcrumb","itemListElement":[{"@type":"ListItem","position":1,"name":"In\u00edcio","item":"https:\/\/brasilnoticias.org\/site\/"},{"@type":"ListItem","position":2,"name":"PT vai fazer pente-fino no cadastro de benefici\u00e1rios do Aux\u00edlio Brasil"}]},{"@type":"WebSite","@id":"https:\/\/brasilnoticias.org\/site\/#website","url":"https:\/\/brasilnoticias.org\/site\/","name":"Brasil not\u00edcias","description":"Brasil not\u00edcias","publisher":{"@id":"https:\/\/brasilnoticias.org\/site\/#organization"},"potentialAction":[{"@type":"SearchAction","target":{"@type":"EntryPoint","urlTemplate":"https:\/\/brasilnoticias.org\/site\/?s={search_term_string}"},"query-input":{"@type":"PropertyValueSpecification","valueRequired":true,"valueName":"search_term_string"}}],"inLanguage":"pt-PT"},{"@type":"Organization","@id":"https:\/\/brasilnoticias.org\/site\/#organization","name":"Brasil not\u00edcias","url":"https:\/\/brasilnoticias.org\/site\/","logo":{"@type":"ImageObject","inLanguage":"pt-PT","@id":"https:\/\/brasilnoticias.org\/site\/#\/schema\/logo\/image\/","url":"https:\/\/brasilnoticias.org\/site\/wp-content\/uploads\/2022\/05\/cropped-brasilnoticias-mini.jpg","contentUrl":"https:\/\/brasilnoticias.org\/site\/wp-content\/uploads\/2022\/05\/cropped-brasilnoticias-mini.jpg","width":314,"height":86,"caption":"Brasil not\u00edcias"},"image":{"@id":"https:\/\/brasilnoticias.org\/site\/#\/schema\/logo\/image\/"}},{"@type":"Person","@id":"https:\/\/brasilnoticias.org\/site\/#\/schema\/person\/a0e05b973ec4d15c658d51911e53507b","name":"Reda\u00e7\u00e3o","image":{"@type":"ImageObject","inLanguage":"pt-PT","@id":"https:\/\/brasilnoticias.org\/site\/#\/schema\/person\/image\/","url":"https:\/\/secure.gravatar.com\/avatar\/75d8b050df2de108b08ae78dfb8e374892df24a383c67db9c46a9c604f6aee9c?s=96&d=mm&r=g","contentUrl":"https:\/\/secure.gravatar.com\/avatar\/75d8b050df2de108b08ae78dfb8e374892df24a383c67db9c46a9c604f6aee9c?s=96&d=mm&r=g","caption":"Reda\u00e7\u00e3o"},"sameAs":["https:\/\/brasilnoticias.org\/site"],"url":"https:\/\/brasilnoticias.org\/site\/author\/fernandozsngmail-com\/"}]}},"_links":{"self":[{"href":"https:\/\/brasilnoticias.org\/site\/wp-json\/wp\/v2\/posts\/2395","targetHints":{"allow":["GET"]}}],"collection":[{"href":"https:\/\/brasilnoticias.org\/site\/wp-json\/wp\/v2\/posts"}],"about":[{"href":"https:\/\/brasilnoticias.org\/site\/wp-json\/wp\/v2\/types\/post"}],"author":[{"embeddable":true,"href":"https:\/\/brasilnoticias.org\/site\/wp-json\/wp\/v2\/users\/1"}],"replies":[{"embeddable":true,"href":"https:\/\/brasilnoticias.org\/site\/wp-json\/wp\/v2\/comments?post=2395"}],"version-history":[{"count":1,"href":"https:\/\/brasilnoticias.org\/site\/wp-json\/wp\/v2\/posts\/2395\/revisions"}],"predecessor-version":[{"id":2397,"href":"https:\/\/brasilnoticias.org\/site\/wp-json\/wp\/v2\/posts\/2395\/revisions\/2397"}],"wp:featuredmedia":[{"embeddable":true,"href":"https:\/\/brasilnoticias.org\/site\/wp-json\/wp\/v2\/media\/2396"}],"wp:attachment":[{"href":"https:\/\/brasilnoticias.org\/site\/wp-json\/wp\/v2\/media?parent=2395"}],"wp:term":[{"taxonomy":"category","embeddable":true,"href":"https:\/\/brasilnoticias.org\/site\/wp-json\/wp\/v2\/categories?post=2395"},{"taxonomy":"post_tag","embeddable":true,"href":"https:\/\/brasilnoticias.org\/site\/wp-json\/wp\/v2\/tags?post=2395"}],"curies":[{"name":"wp","href":"https:\/\/api.w.org\/{rel}","templated":true}]}}