{"id":2425,"date":"2022-11-29T18:20:39","date_gmt":"2022-11-29T21:20:39","guid":{"rendered":"https:\/\/brasilnoticias.org\/site\/?p=2425"},"modified":"2022-11-29T13:21:48","modified_gmt":"2022-11-29T16:21:48","slug":"rodrigo-maia-pede-que-policia-civil-investigue-ameacas-sofridas-em-resort-na-praia-do-forte","status":"publish","type":"post","link":"https:\/\/brasilnoticias.org\/site\/rodrigo-maia-pede-que-policia-civil-investigue-ameacas-sofridas-em-resort-na-praia-do-forte\/","title":{"rendered":"Rodrigo Maia pede que Pol\u00edcia Civil investigue amea\u00e7as sofridas em resort na Praia do Forte"},"content":{"rendered":"<p>O deputado federal Rodrigo Maia (PSDB) pediu \u00e0 Pol\u00edcia Civil da Bahia que investigue o epis\u00f3dio em que foi amea\u00e7ado e hostiliazdo em um resort na Praia do Forte, na regi\u00e3o metropolitana de Salvador. <\/p>\n<p>A Delegacia de Prote\u00e7\u00e3o Ambiental (DPA) apura o caso. O epis\u00f3dio ocorreu no dia 20 de novembro. O parlamentar, que estava acompanhado de sua mulher, a advogada Vanessa Canado, foi atacado por um grupo de cerca de 10 pessoas. Em v\u00eddeos que circulam nas redes sociais, \u00e9 poss\u00edvel ouvir gritos de \u201cladr\u00e3o\u201d contra Rodrigo Maia, entre outros xingamentos. <\/p>\n<p>Maia e Vanessa reagiram fazendo a letra \u201cL\u201d com a m\u00e3o, em refer\u00eancia ao presidente eleito Luiz In\u00e1cio Lula da Silva (PT), que venceu o presidente Jair Bolsonaro (PL) nas elei\u00e7\u00f5es deste ano, com seu apoio.<\/p>\n<p>O casal evitou responder \u00e0s provoca\u00e7\u00f5es e apenas pediu que as hostilidades parassem. Os ataques s\u00f3 cessaram quando seguran\u00e7as do hotel se aproximaram.<\/p>\n<p>Foto: Reprodu\u00e7\u00e3o<br \/>\nPor: Metro1<\/p>\n","protected":false},"excerpt":{"rendered":"<p>O deputado federal Rodrigo Maia (PSDB) pediu \u00e0 Pol\u00edcia Civil da Bahia que investigue o epis\u00f3dio em que foi amea\u00e7ado<\/p>\n","protected":false},"author":1,"featured_media":2426,"comment_status":"open","ping_status":"open","sticky":false,"template":"","format":"standard","meta":{"colormag_page_container_layout":"default_layout","colormag_page_sidebar_layout":"default_layout","_FSMCFIC_featured_image_caption":"","_FSMCFIC_featured_image_nocaption":"","_FSMCFIC_featured_image_hide":"","footnotes":""},"categories":[2,1],"tags":[],"class_list":["post-2425","post","type-post","status-publish","format-standard","has-post-thumbnail","hentry","category-noticias","category-ultimas"],"yoast_head":"<!-- This site is optimized with the Yoast SEO plugin v27.1.1 - https:\/\/yoast.com\/product\/yoast-seo-wordpress\/ -->\n<title>Rodrigo Maia pede que Pol\u00edcia Civil investigue amea\u00e7as sofridas em resort na Praia do Forte - Brasil not\u00edcias<\/title>\n<meta name=\"robots\" content=\"index, follow, max-snippet:-1, max-image-preview:large, max-video-preview:-1\" \/>\n<link rel=\"canonical\" href=\"https:\/\/brasilnoticias.org\/site\/rodrigo-maia-pede-que-policia-civil-investigue-ameacas-sofridas-em-resort-na-praia-do-forte\/\" \/>\n<meta property=\"og:locale\" content=\"pt_PT\" \/>\n<meta property=\"og:type\" content=\"article\" \/>\n<meta property=\"og:title\" content=\"Rodrigo Maia pede que Pol\u00edcia Civil investigue amea\u00e7as sofridas em resort na Praia do Forte - Brasil not\u00edcias\" \/>\n<meta property=\"og:description\" content=\"O deputado federal Rodrigo Maia (PSDB) pediu \u00e0 Pol\u00edcia Civil da Bahia que investigue o epis\u00f3dio em que foi amea\u00e7ado\" \/>\n<meta property=\"og:url\" content=\"https:\/\/brasilnoticias.org\/site\/rodrigo-maia-pede-que-policia-civil-investigue-ameacas-sofridas-em-resort-na-praia-do-forte\/\" \/>\n<meta property=\"og:site_name\" content=\"Brasil not\u00edcias\" \/>\n<meta property=\"article:published_time\" content=\"2022-11-29T21:20:39+00:00\" \/>\n<meta property=\"og:image\" content=\"https:\/\/brasilnoticias.org\/site\/wp-content\/uploads\/2022\/11\/130860rodrigo-maia-pede-que-policia-civil-investigue-ameacas-sofridas-em-resort-na-praia-do-forte-3.jpg\" \/>\n\t<meta property=\"og:image:width\" content=\"1600\" \/>\n\t<meta property=\"og:image:height\" content=\"752\" \/>\n\t<meta property=\"og:image:type\" content=\"image\/jpeg\" \/>\n<meta name=\"author\" content=\"Reda\u00e7\u00e3o\" \/>\n<meta name=\"twitter:card\" content=\"summary_large_image\" \/>\n<meta name=\"twitter:label1\" content=\"Escrito por\" \/>\n\t<meta name=\"twitter:data1\" content=\"Reda\u00e7\u00e3o\" \/>\n\t<meta name=\"twitter:label2\" content=\"Tempo estimado de leitura\" \/>\n\t<meta name=\"twitter:data2\" content=\"1 minuto\" \/>\n<script type=\"application\/ld+json\" class=\"yoast-schema-graph\">{\"@context\":\"https:\/\/schema.org\",\"@graph\":[{\"@type\":\"Article\",\"@id\":\"https:\/\/brasilnoticias.org\/site\/rodrigo-maia-pede-que-policia-civil-investigue-ameacas-sofridas-em-resort-na-praia-do-forte\/#article\",\"isPartOf\":{\"@id\":\"https:\/\/brasilnoticias.org\/site\/rodrigo-maia-pede-que-policia-civil-investigue-ameacas-sofridas-em-resort-na-praia-do-forte\/\"},\"author\":{\"name\":\"Reda\u00e7\u00e3o\",\"@id\":\"https:\/\/brasilnoticias.org\/site\/#\/schema\/person\/a0e05b973ec4d15c658d51911e53507b\"},\"headline\":\"Rodrigo Maia pede que Pol\u00edcia Civil investigue amea\u00e7as sofridas em resort na Praia do Forte\",\"datePublished\":\"2022-11-29T21:20:39+00:00\",\"mainEntityOfPage\":{\"@id\":\"https:\/\/brasilnoticias.org\/site\/rodrigo-maia-pede-que-policia-civil-investigue-ameacas-sofridas-em-resort-na-praia-do-forte\/\"},\"wordCount\":184,\"commentCount\":0,\"publisher\":{\"@id\":\"https:\/\/brasilnoticias.org\/site\/#organization\"},\"image\":{\"@id\":\"https:\/\/brasilnoticias.org\/site\/rodrigo-maia-pede-que-policia-civil-investigue-ameacas-sofridas-em-resort-na-praia-do-forte\/#primaryimage\"},\"thumbnailUrl\":\"https:\/\/brasilnoticias.org\/site\/wp-content\/uploads\/2022\/11\/130860rodrigo-maia-pede-que-policia-civil-investigue-ameacas-sofridas-em-resort-na-praia-do-forte-3.jpg\",\"articleSection\":[\"Not\u00edcias\",\"\u00daltimas\"],\"inLanguage\":\"pt-PT\",\"potentialAction\":[{\"@type\":\"CommentAction\",\"name\":\"Comment\",\"target\":[\"https:\/\/brasilnoticias.org\/site\/rodrigo-maia-pede-que-policia-civil-investigue-ameacas-sofridas-em-resort-na-praia-do-forte\/#respond\"]}]},{\"@type\":\"WebPage\",\"@id\":\"https:\/\/brasilnoticias.org\/site\/rodrigo-maia-pede-que-policia-civil-investigue-ameacas-sofridas-em-resort-na-praia-do-forte\/\",\"url\":\"https:\/\/brasilnoticias.org\/site\/rodrigo-maia-pede-que-policia-civil-investigue-ameacas-sofridas-em-resort-na-praia-do-forte\/\",\"name\":\"Rodrigo Maia pede que Pol\u00edcia Civil investigue amea\u00e7as sofridas em resort na Praia do Forte - Brasil not\u00edcias\",\"isPartOf\":{\"@id\":\"https:\/\/brasilnoticias.org\/site\/#website\"},\"primaryImageOfPage\":{\"@id\":\"https:\/\/brasilnoticias.org\/site\/rodrigo-maia-pede-que-policia-civil-investigue-ameacas-sofridas-em-resort-na-praia-do-forte\/#primaryimage\"},\"image\":{\"@id\":\"https:\/\/brasilnoticias.org\/site\/rodrigo-maia-pede-que-policia-civil-investigue-ameacas-sofridas-em-resort-na-praia-do-forte\/#primaryimage\"},\"thumbnailUrl\":\"https:\/\/brasilnoticias.org\/site\/wp-content\/uploads\/2022\/11\/130860rodrigo-maia-pede-que-policia-civil-investigue-ameacas-sofridas-em-resort-na-praia-do-forte-3.jpg\",\"datePublished\":\"2022-11-29T21:20:39+00:00\",\"breadcrumb\":{\"@id\":\"https:\/\/brasilnoticias.org\/site\/rodrigo-maia-pede-que-policia-civil-investigue-ameacas-sofridas-em-resort-na-praia-do-forte\/#breadcrumb\"},\"inLanguage\":\"pt-PT\",\"potentialAction\":[{\"@type\":\"ReadAction\",\"target\":[\"https:\/\/brasilnoticias.org\/site\/rodrigo-maia-pede-que-policia-civil-investigue-ameacas-sofridas-em-resort-na-praia-do-forte\/\"]}]},{\"@type\":\"ImageObject\",\"inLanguage\":\"pt-PT\",\"@id\":\"https:\/\/brasilnoticias.org\/site\/rodrigo-maia-pede-que-policia-civil-investigue-ameacas-sofridas-em-resort-na-praia-do-forte\/#primaryimage\",\"url\":\"https:\/\/brasilnoticias.org\/site\/wp-content\/uploads\/2022\/11\/130860rodrigo-maia-pede-que-policia-civil-investigue-ameacas-sofridas-em-resort-na-praia-do-forte-3.jpg\",\"contentUrl\":\"https:\/\/brasilnoticias.org\/site\/wp-content\/uploads\/2022\/11\/130860rodrigo-maia-pede-que-policia-civil-investigue-ameacas-sofridas-em-resort-na-praia-do-forte-3.jpg\",\"width\":1600,\"height\":752},{\"@type\":\"BreadcrumbList\",\"@id\":\"https:\/\/brasilnoticias.org\/site\/rodrigo-maia-pede-que-policia-civil-investigue-ameacas-sofridas-em-resort-na-praia-do-forte\/#breadcrumb\",\"itemListElement\":[{\"@type\":\"ListItem\",\"position\":1,\"name\":\"In\u00edcio\",\"item\":\"https:\/\/brasilnoticias.org\/site\/\"},{\"@type\":\"ListItem\",\"position\":2,\"name\":\"Rodrigo Maia pede que Pol\u00edcia Civil investigue amea\u00e7as sofridas em resort na Praia do Forte\"}]},{\"@type\":\"WebSite\",\"@id\":\"https:\/\/brasilnoticias.org\/site\/#website\",\"url\":\"https:\/\/brasilnoticias.org\/site\/\",\"name\":\"Brasil not\u00edcias\",\"description\":\"Brasil not\u00edcias\",\"publisher\":{\"@id\":\"https:\/\/brasilnoticias.org\/site\/#organization\"},\"potentialAction\":[{\"@type\":\"SearchAction\",\"target\":{\"@type\":\"EntryPoint\",\"urlTemplate\":\"https:\/\/brasilnoticias.org\/site\/?s={search_term_string}\"},\"query-input\":{\"@type\":\"PropertyValueSpecification\",\"valueRequired\":true,\"valueName\":\"search_term_string\"}}],\"inLanguage\":\"pt-PT\"},{\"@type\":\"Organization\",\"@id\":\"https:\/\/brasilnoticias.org\/site\/#organization\",\"name\":\"Brasil not\u00edcias\",\"url\":\"https:\/\/brasilnoticias.org\/site\/\",\"logo\":{\"@type\":\"ImageObject\",\"inLanguage\":\"pt-PT\",\"@id\":\"https:\/\/brasilnoticias.org\/site\/#\/schema\/logo\/image\/\",\"url\":\"https:\/\/brasilnoticias.org\/site\/wp-content\/uploads\/2022\/05\/cropped-brasilnoticias-mini.jpg\",\"contentUrl\":\"https:\/\/brasilnoticias.org\/site\/wp-content\/uploads\/2022\/05\/cropped-brasilnoticias-mini.jpg\",\"width\":314,\"height\":86,\"caption\":\"Brasil not\u00edcias\"},\"image\":{\"@id\":\"https:\/\/brasilnoticias.org\/site\/#\/schema\/logo\/image\/\"}},{\"@type\":\"Person\",\"@id\":\"https:\/\/brasilnoticias.org\/site\/#\/schema\/person\/a0e05b973ec4d15c658d51911e53507b\",\"name\":\"Reda\u00e7\u00e3o\",\"image\":{\"@type\":\"ImageObject\",\"inLanguage\":\"pt-PT\",\"@id\":\"https:\/\/brasilnoticias.org\/site\/#\/schema\/person\/image\/\",\"url\":\"https:\/\/secure.gravatar.com\/avatar\/75d8b050df2de108b08ae78dfb8e374892df24a383c67db9c46a9c604f6aee9c?s=96&d=mm&r=g\",\"contentUrl\":\"https:\/\/secure.gravatar.com\/avatar\/75d8b050df2de108b08ae78dfb8e374892df24a383c67db9c46a9c604f6aee9c?s=96&d=mm&r=g\",\"caption\":\"Reda\u00e7\u00e3o\"},\"sameAs\":[\"https:\/\/brasilnoticias.org\/site\"],\"url\":\"https:\/\/brasilnoticias.org\/site\/author\/fernandozsngmail-com\/\"}]}<\/script>\n<!-- \/ Yoast SEO plugin. -->","yoast_head_json":{"title":"Rodrigo Maia pede que Pol\u00edcia Civil investigue amea\u00e7as sofridas em resort na Praia do Forte - Brasil not\u00edcias","robots":{"index":"index","follow":"follow","max-snippet":"max-snippet:-1","max-image-preview":"max-image-preview:large","max-video-preview":"max-video-preview:-1"},"canonical":"https:\/\/brasilnoticias.org\/site\/rodrigo-maia-pede-que-policia-civil-investigue-ameacas-sofridas-em-resort-na-praia-do-forte\/","og_locale":"pt_PT","og_type":"article","og_title":"Rodrigo Maia pede que Pol\u00edcia Civil investigue amea\u00e7as sofridas em resort na Praia do Forte - Brasil not\u00edcias","og_description":"O deputado federal Rodrigo Maia (PSDB) pediu \u00e0 Pol\u00edcia Civil da Bahia que investigue o epis\u00f3dio em que foi amea\u00e7ado","og_url":"https:\/\/brasilnoticias.org\/site\/rodrigo-maia-pede-que-policia-civil-investigue-ameacas-sofridas-em-resort-na-praia-do-forte\/","og_site_name":"Brasil not\u00edcias","article_published_time":"2022-11-29T21:20:39+00:00","og_image":[{"width":1600,"height":752,"url":"https:\/\/brasilnoticias.org\/site\/wp-content\/uploads\/2022\/11\/130860rodrigo-maia-pede-que-policia-civil-investigue-ameacas-sofridas-em-resort-na-praia-do-forte-3.jpg","type":"image\/jpeg"}],"author":"Reda\u00e7\u00e3o","twitter_card":"summary_large_image","twitter_misc":{"Escrito por":"Reda\u00e7\u00e3o","Tempo estimado de leitura":"1 minuto"},"schema":{"@context":"https:\/\/schema.org","@graph":[{"@type":"Article","@id":"https:\/\/brasilnoticias.org\/site\/rodrigo-maia-pede-que-policia-civil-investigue-ameacas-sofridas-em-resort-na-praia-do-forte\/#article","isPartOf":{"@id":"https:\/\/brasilnoticias.org\/site\/rodrigo-maia-pede-que-policia-civil-investigue-ameacas-sofridas-em-resort-na-praia-do-forte\/"},"author":{"name":"Reda\u00e7\u00e3o","@id":"https:\/\/brasilnoticias.org\/site\/#\/schema\/person\/a0e05b973ec4d15c658d51911e53507b"},"headline":"Rodrigo Maia pede que Pol\u00edcia Civil investigue amea\u00e7as sofridas em resort na Praia do Forte","datePublished":"2022-11-29T21:20:39+00:00","mainEntityOfPage":{"@id":"https:\/\/brasilnoticias.org\/site\/rodrigo-maia-pede-que-policia-civil-investigue-ameacas-sofridas-em-resort-na-praia-do-forte\/"},"wordCount":184,"commentCount":0,"publisher":{"@id":"https:\/\/brasilnoticias.org\/site\/#organization"},"image":{"@id":"https:\/\/brasilnoticias.org\/site\/rodrigo-maia-pede-que-policia-civil-investigue-ameacas-sofridas-em-resort-na-praia-do-forte\/#primaryimage"},"thumbnailUrl":"https:\/\/brasilnoticias.org\/site\/wp-content\/uploads\/2022\/11\/130860rodrigo-maia-pede-que-policia-civil-investigue-ameacas-sofridas-em-resort-na-praia-do-forte-3.jpg","articleSection":["Not\u00edcias","\u00daltimas"],"inLanguage":"pt-PT","potentialAction":[{"@type":"CommentAction","name":"Comment","target":["https:\/\/brasilnoticias.org\/site\/rodrigo-maia-pede-que-policia-civil-investigue-ameacas-sofridas-em-resort-na-praia-do-forte\/#respond"]}]},{"@type":"WebPage","@id":"https:\/\/brasilnoticias.org\/site\/rodrigo-maia-pede-que-policia-civil-investigue-ameacas-sofridas-em-resort-na-praia-do-forte\/","url":"https:\/\/brasilnoticias.org\/site\/rodrigo-maia-pede-que-policia-civil-investigue-ameacas-sofridas-em-resort-na-praia-do-forte\/","name":"Rodrigo Maia pede que Pol\u00edcia Civil investigue amea\u00e7as sofridas em resort na Praia do Forte - Brasil not\u00edcias","isPartOf":{"@id":"https:\/\/brasilnoticias.org\/site\/#website"},"primaryImageOfPage":{"@id":"https:\/\/brasilnoticias.org\/site\/rodrigo-maia-pede-que-policia-civil-investigue-ameacas-sofridas-em-resort-na-praia-do-forte\/#primaryimage"},"image":{"@id":"https:\/\/brasilnoticias.org\/site\/rodrigo-maia-pede-que-policia-civil-investigue-ameacas-sofridas-em-resort-na-praia-do-forte\/#primaryimage"},"thumbnailUrl":"https:\/\/brasilnoticias.org\/site\/wp-content\/uploads\/2022\/11\/130860rodrigo-maia-pede-que-policia-civil-investigue-ameacas-sofridas-em-resort-na-praia-do-forte-3.jpg","datePublished":"2022-11-29T21:20:39+00:00","breadcrumb":{"@id":"https:\/\/brasilnoticias.org\/site\/rodrigo-maia-pede-que-policia-civil-investigue-ameacas-sofridas-em-resort-na-praia-do-forte\/#breadcrumb"},"inLanguage":"pt-PT","potentialAction":[{"@type":"ReadAction","target":["https:\/\/brasilnoticias.org\/site\/rodrigo-maia-pede-que-policia-civil-investigue-ameacas-sofridas-em-resort-na-praia-do-forte\/"]}]},{"@type":"ImageObject","inLanguage":"pt-PT","@id":"https:\/\/brasilnoticias.org\/site\/rodrigo-maia-pede-que-policia-civil-investigue-ameacas-sofridas-em-resort-na-praia-do-forte\/#primaryimage","url":"https:\/\/brasilnoticias.org\/site\/wp-content\/uploads\/2022\/11\/130860rodrigo-maia-pede-que-policia-civil-investigue-ameacas-sofridas-em-resort-na-praia-do-forte-3.jpg","contentUrl":"https:\/\/brasilnoticias.org\/site\/wp-content\/uploads\/2022\/11\/130860rodrigo-maia-pede-que-policia-civil-investigue-ameacas-sofridas-em-resort-na-praia-do-forte-3.jpg","width":1600,"height":752},{"@type":"BreadcrumbList","@id":"https:\/\/brasilnoticias.org\/site\/rodrigo-maia-pede-que-policia-civil-investigue-ameacas-sofridas-em-resort-na-praia-do-forte\/#breadcrumb","itemListElement":[{"@type":"ListItem","position":1,"name":"In\u00edcio","item":"https:\/\/brasilnoticias.org\/site\/"},{"@type":"ListItem","position":2,"name":"Rodrigo Maia pede que Pol\u00edcia Civil investigue amea\u00e7as sofridas em resort na Praia do Forte"}]},{"@type":"WebSite","@id":"https:\/\/brasilnoticias.org\/site\/#website","url":"https:\/\/brasilnoticias.org\/site\/","name":"Brasil not\u00edcias","description":"Brasil not\u00edcias","publisher":{"@id":"https:\/\/brasilnoticias.org\/site\/#organization"},"potentialAction":[{"@type":"SearchAction","target":{"@type":"EntryPoint","urlTemplate":"https:\/\/brasilnoticias.org\/site\/?s={search_term_string}"},"query-input":{"@type":"PropertyValueSpecification","valueRequired":true,"valueName":"search_term_string"}}],"inLanguage":"pt-PT"},{"@type":"Organization","@id":"https:\/\/brasilnoticias.org\/site\/#organization","name":"Brasil not\u00edcias","url":"https:\/\/brasilnoticias.org\/site\/","logo":{"@type":"ImageObject","inLanguage":"pt-PT","@id":"https:\/\/brasilnoticias.org\/site\/#\/schema\/logo\/image\/","url":"https:\/\/brasilnoticias.org\/site\/wp-content\/uploads\/2022\/05\/cropped-brasilnoticias-mini.jpg","contentUrl":"https:\/\/brasilnoticias.org\/site\/wp-content\/uploads\/2022\/05\/cropped-brasilnoticias-mini.jpg","width":314,"height":86,"caption":"Brasil not\u00edcias"},"image":{"@id":"https:\/\/brasilnoticias.org\/site\/#\/schema\/logo\/image\/"}},{"@type":"Person","@id":"https:\/\/brasilnoticias.org\/site\/#\/schema\/person\/a0e05b973ec4d15c658d51911e53507b","name":"Reda\u00e7\u00e3o","image":{"@type":"ImageObject","inLanguage":"pt-PT","@id":"https:\/\/brasilnoticias.org\/site\/#\/schema\/person\/image\/","url":"https:\/\/secure.gravatar.com\/avatar\/75d8b050df2de108b08ae78dfb8e374892df24a383c67db9c46a9c604f6aee9c?s=96&d=mm&r=g","contentUrl":"https:\/\/secure.gravatar.com\/avatar\/75d8b050df2de108b08ae78dfb8e374892df24a383c67db9c46a9c604f6aee9c?s=96&d=mm&r=g","caption":"Reda\u00e7\u00e3o"},"sameAs":["https:\/\/brasilnoticias.org\/site"],"url":"https:\/\/brasilnoticias.org\/site\/author\/fernandozsngmail-com\/"}]}},"_links":{"self":[{"href":"https:\/\/brasilnoticias.org\/site\/wp-json\/wp\/v2\/posts\/2425","targetHints":{"allow":["GET"]}}],"collection":[{"href":"https:\/\/brasilnoticias.org\/site\/wp-json\/wp\/v2\/posts"}],"about":[{"href":"https:\/\/brasilnoticias.org\/site\/wp-json\/wp\/v2\/types\/post"}],"author":[{"embeddable":true,"href":"https:\/\/brasilnoticias.org\/site\/wp-json\/wp\/v2\/users\/1"}],"replies":[{"embeddable":true,"href":"https:\/\/brasilnoticias.org\/site\/wp-json\/wp\/v2\/comments?post=2425"}],"version-history":[{"count":1,"href":"https:\/\/brasilnoticias.org\/site\/wp-json\/wp\/v2\/posts\/2425\/revisions"}],"predecessor-version":[{"id":2427,"href":"https:\/\/brasilnoticias.org\/site\/wp-json\/wp\/v2\/posts\/2425\/revisions\/2427"}],"wp:featuredmedia":[{"embeddable":true,"href":"https:\/\/brasilnoticias.org\/site\/wp-json\/wp\/v2\/media\/2426"}],"wp:attachment":[{"href":"https:\/\/brasilnoticias.org\/site\/wp-json\/wp\/v2\/media?parent=2425"}],"wp:term":[{"taxonomy":"category","embeddable":true,"href":"https:\/\/brasilnoticias.org\/site\/wp-json\/wp\/v2\/categories?post=2425"},{"taxonomy":"post_tag","embeddable":true,"href":"https:\/\/brasilnoticias.org\/site\/wp-json\/wp\/v2\/tags?post=2425"}],"curies":[{"name":"wp","href":"https:\/\/api.w.org\/{rel}","templated":true}]}}