{"id":2429,"date":"2022-11-29T18:30:58","date_gmt":"2022-11-29T21:30:58","guid":{"rendered":"https:\/\/brasilnoticias.org\/site\/?p=2429"},"modified":"2022-11-29T13:23:59","modified_gmt":"2022-11-29T16:23:59","slug":"shoppings-nao-sao-incluidos-em-decreto-que-volta-a-exigir-uso-de-mascara-na-bahia","status":"publish","type":"post","link":"https:\/\/brasilnoticias.org\/site\/shoppings-nao-sao-incluidos-em-decreto-que-volta-a-exigir-uso-de-mascara-na-bahia\/","title":{"rendered":"Shoppings n\u00e3o s\u00e3o inclu\u00eddos em decreto que volta a exigir uso de m\u00e1scara na Bahia"},"content":{"rendered":"<p>O decreto publicado nesta ter\u00e7a-feira (29) pelo governo da Bahia deixou de fora da obrigatoriedade do uso de m\u00e1scara os centros comerciais. Pela determina\u00e7\u00e3o, os shoppings da capital n\u00e3o foram inclu\u00eddos nos ambientes em que o uso da prote\u00e7\u00e3o volta a ser obrigat\u00f3rio. <\/p>\n<p>De acordo com o decreto, a obrigatoriedade acontece transportes p\u00fablicos, tais como trens, metr\u00f4, \u00f4nibus, lanchas e ferry boat, e seus respectivos locais de acesso, como esta\u00e7\u00f5es de embarque; em sal\u00f5es de beleza e centros de est\u00e9tica; em bares, restaurantes, lanchonetes e demais estabelecimentos similares; em templos para atos religiosos lit\u00fargicos; em escolas e universidades; em ambientes fechados, tais como teatros, cinemas, museus, parques de exposi\u00e7\u00f5es e espa\u00e7os cong\u00eaneres. <\/p>\n<p>Al\u00e9m do uso da prote\u00e7\u00e3o, eventos de diversas modalidades seguem com realiza\u00e7\u00e3o autorizada. No entanto, volta a ser exigido o uso de m\u00e1scara e comprova\u00e7\u00e3o de vacina naqueles em que haja controle de acesso e venda de ingressos. A comprova\u00e7\u00e3o de vacina\u00e7\u00e3o, em todos os casos em que \u00e9 solicitada, ser\u00e1 feita mediante apresenta\u00e7\u00e3o do documento fornecido no momento da imuniza\u00e7\u00e3o ou do Certificado Covid, obtido por meio do aplicativo \u201cCONECT SUS\u201d.<\/p>\n<p>Foto: Divulga\u00e7\u00e3o<br \/>\nPor: Metro1<\/p>\n","protected":false},"excerpt":{"rendered":"<p>O decreto publicado nesta ter\u00e7a-feira (29) pelo governo da Bahia deixou de fora da obrigatoriedade do uso de m\u00e1scara os<\/p>\n","protected":false},"author":1,"featured_media":2430,"comment_status":"open","ping_status":"open","sticky":false,"template":"","format":"standard","meta":{"colormag_page_container_layout":"default_layout","colormag_page_sidebar_layout":"default_layout","_FSMCFIC_featured_image_caption":"","_FSMCFIC_featured_image_nocaption":"","_FSMCFIC_featured_image_hide":"","footnotes":""},"categories":[2,1],"tags":[],"class_list":["post-2429","post","type-post","status-publish","format-standard","has-post-thumbnail","hentry","category-noticias","category-ultimas"],"yoast_head":"<!-- This site is optimized with the Yoast SEO plugin v27.1.1 - https:\/\/yoast.com\/product\/yoast-seo-wordpress\/ -->\n<title>Shoppings n\u00e3o s\u00e3o inclu\u00eddos em decreto que volta a exigir uso de m\u00e1scara na Bahia - Brasil not\u00edcias<\/title>\n<meta name=\"robots\" content=\"index, follow, max-snippet:-1, max-image-preview:large, max-video-preview:-1\" \/>\n<link rel=\"canonical\" href=\"https:\/\/brasilnoticias.org\/site\/shoppings-nao-sao-incluidos-em-decreto-que-volta-a-exigir-uso-de-mascara-na-bahia\/\" \/>\n<meta property=\"og:locale\" content=\"pt_PT\" \/>\n<meta property=\"og:type\" content=\"article\" \/>\n<meta property=\"og:title\" content=\"Shoppings n\u00e3o s\u00e3o inclu\u00eddos em decreto que volta a exigir uso de m\u00e1scara na Bahia - Brasil not\u00edcias\" \/>\n<meta property=\"og:description\" content=\"O decreto publicado nesta ter\u00e7a-feira (29) pelo governo da Bahia deixou de fora da obrigatoriedade do uso de m\u00e1scara os\" \/>\n<meta property=\"og:url\" content=\"https:\/\/brasilnoticias.org\/site\/shoppings-nao-sao-incluidos-em-decreto-que-volta-a-exigir-uso-de-mascara-na-bahia\/\" \/>\n<meta property=\"og:site_name\" content=\"Brasil not\u00edcias\" \/>\n<meta property=\"article:published_time\" content=\"2022-11-29T21:30:58+00:00\" \/>\n<meta property=\"og:image\" content=\"https:\/\/brasilnoticias.org\/site\/wp-content\/uploads\/2022\/11\/130853shoppings-nao-sao-incluidos-em-decreto-que-volta-a-exigir-uso-de-mascara-na-bahia-3.jpg\" \/>\n\t<meta property=\"og:image:width\" content=\"1600\" \/>\n\t<meta property=\"og:image:height\" content=\"752\" \/>\n\t<meta property=\"og:image:type\" content=\"image\/jpeg\" \/>\n<meta name=\"author\" content=\"Reda\u00e7\u00e3o\" \/>\n<meta name=\"twitter:card\" content=\"summary_large_image\" \/>\n<meta name=\"twitter:label1\" content=\"Escrito por\" \/>\n\t<meta name=\"twitter:data1\" content=\"Reda\u00e7\u00e3o\" \/>\n\t<meta name=\"twitter:label2\" content=\"Tempo estimado de leitura\" \/>\n\t<meta name=\"twitter:data2\" content=\"1 minuto\" \/>\n<script type=\"application\/ld+json\" class=\"yoast-schema-graph\">{\"@context\":\"https:\/\/schema.org\",\"@graph\":[{\"@type\":\"Article\",\"@id\":\"https:\/\/brasilnoticias.org\/site\/shoppings-nao-sao-incluidos-em-decreto-que-volta-a-exigir-uso-de-mascara-na-bahia\/#article\",\"isPartOf\":{\"@id\":\"https:\/\/brasilnoticias.org\/site\/shoppings-nao-sao-incluidos-em-decreto-que-volta-a-exigir-uso-de-mascara-na-bahia\/\"},\"author\":{\"name\":\"Reda\u00e7\u00e3o\",\"@id\":\"https:\/\/brasilnoticias.org\/site\/#\/schema\/person\/a0e05b973ec4d15c658d51911e53507b\"},\"headline\":\"Shoppings n\u00e3o s\u00e3o inclu\u00eddos em decreto que volta a exigir uso de m\u00e1scara na Bahia\",\"datePublished\":\"2022-11-29T21:30:58+00:00\",\"mainEntityOfPage\":{\"@id\":\"https:\/\/brasilnoticias.org\/site\/shoppings-nao-sao-incluidos-em-decreto-que-volta-a-exigir-uso-de-mascara-na-bahia\/\"},\"wordCount\":230,\"commentCount\":0,\"publisher\":{\"@id\":\"https:\/\/brasilnoticias.org\/site\/#organization\"},\"image\":{\"@id\":\"https:\/\/brasilnoticias.org\/site\/shoppings-nao-sao-incluidos-em-decreto-que-volta-a-exigir-uso-de-mascara-na-bahia\/#primaryimage\"},\"thumbnailUrl\":\"https:\/\/brasilnoticias.org\/site\/wp-content\/uploads\/2022\/11\/130853shoppings-nao-sao-incluidos-em-decreto-que-volta-a-exigir-uso-de-mascara-na-bahia-3.jpg\",\"articleSection\":[\"Not\u00edcias\",\"\u00daltimas\"],\"inLanguage\":\"pt-PT\",\"potentialAction\":[{\"@type\":\"CommentAction\",\"name\":\"Comment\",\"target\":[\"https:\/\/brasilnoticias.org\/site\/shoppings-nao-sao-incluidos-em-decreto-que-volta-a-exigir-uso-de-mascara-na-bahia\/#respond\"]}]},{\"@type\":\"WebPage\",\"@id\":\"https:\/\/brasilnoticias.org\/site\/shoppings-nao-sao-incluidos-em-decreto-que-volta-a-exigir-uso-de-mascara-na-bahia\/\",\"url\":\"https:\/\/brasilnoticias.org\/site\/shoppings-nao-sao-incluidos-em-decreto-que-volta-a-exigir-uso-de-mascara-na-bahia\/\",\"name\":\"Shoppings n\u00e3o s\u00e3o inclu\u00eddos em decreto que volta a exigir uso de m\u00e1scara na Bahia - Brasil not\u00edcias\",\"isPartOf\":{\"@id\":\"https:\/\/brasilnoticias.org\/site\/#website\"},\"primaryImageOfPage\":{\"@id\":\"https:\/\/brasilnoticias.org\/site\/shoppings-nao-sao-incluidos-em-decreto-que-volta-a-exigir-uso-de-mascara-na-bahia\/#primaryimage\"},\"image\":{\"@id\":\"https:\/\/brasilnoticias.org\/site\/shoppings-nao-sao-incluidos-em-decreto-que-volta-a-exigir-uso-de-mascara-na-bahia\/#primaryimage\"},\"thumbnailUrl\":\"https:\/\/brasilnoticias.org\/site\/wp-content\/uploads\/2022\/11\/130853shoppings-nao-sao-incluidos-em-decreto-que-volta-a-exigir-uso-de-mascara-na-bahia-3.jpg\",\"datePublished\":\"2022-11-29T21:30:58+00:00\",\"breadcrumb\":{\"@id\":\"https:\/\/brasilnoticias.org\/site\/shoppings-nao-sao-incluidos-em-decreto-que-volta-a-exigir-uso-de-mascara-na-bahia\/#breadcrumb\"},\"inLanguage\":\"pt-PT\",\"potentialAction\":[{\"@type\":\"ReadAction\",\"target\":[\"https:\/\/brasilnoticias.org\/site\/shoppings-nao-sao-incluidos-em-decreto-que-volta-a-exigir-uso-de-mascara-na-bahia\/\"]}]},{\"@type\":\"ImageObject\",\"inLanguage\":\"pt-PT\",\"@id\":\"https:\/\/brasilnoticias.org\/site\/shoppings-nao-sao-incluidos-em-decreto-que-volta-a-exigir-uso-de-mascara-na-bahia\/#primaryimage\",\"url\":\"https:\/\/brasilnoticias.org\/site\/wp-content\/uploads\/2022\/11\/130853shoppings-nao-sao-incluidos-em-decreto-que-volta-a-exigir-uso-de-mascara-na-bahia-3.jpg\",\"contentUrl\":\"https:\/\/brasilnoticias.org\/site\/wp-content\/uploads\/2022\/11\/130853shoppings-nao-sao-incluidos-em-decreto-que-volta-a-exigir-uso-de-mascara-na-bahia-3.jpg\",\"width\":1600,\"height\":752},{\"@type\":\"BreadcrumbList\",\"@id\":\"https:\/\/brasilnoticias.org\/site\/shoppings-nao-sao-incluidos-em-decreto-que-volta-a-exigir-uso-de-mascara-na-bahia\/#breadcrumb\",\"itemListElement\":[{\"@type\":\"ListItem\",\"position\":1,\"name\":\"In\u00edcio\",\"item\":\"https:\/\/brasilnoticias.org\/site\/\"},{\"@type\":\"ListItem\",\"position\":2,\"name\":\"Shoppings n\u00e3o s\u00e3o inclu\u00eddos em decreto que volta a exigir uso de m\u00e1scara na Bahia\"}]},{\"@type\":\"WebSite\",\"@id\":\"https:\/\/brasilnoticias.org\/site\/#website\",\"url\":\"https:\/\/brasilnoticias.org\/site\/\",\"name\":\"Brasil not\u00edcias\",\"description\":\"Brasil not\u00edcias\",\"publisher\":{\"@id\":\"https:\/\/brasilnoticias.org\/site\/#organization\"},\"potentialAction\":[{\"@type\":\"SearchAction\",\"target\":{\"@type\":\"EntryPoint\",\"urlTemplate\":\"https:\/\/brasilnoticias.org\/site\/?s={search_term_string}\"},\"query-input\":{\"@type\":\"PropertyValueSpecification\",\"valueRequired\":true,\"valueName\":\"search_term_string\"}}],\"inLanguage\":\"pt-PT\"},{\"@type\":\"Organization\",\"@id\":\"https:\/\/brasilnoticias.org\/site\/#organization\",\"name\":\"Brasil not\u00edcias\",\"url\":\"https:\/\/brasilnoticias.org\/site\/\",\"logo\":{\"@type\":\"ImageObject\",\"inLanguage\":\"pt-PT\",\"@id\":\"https:\/\/brasilnoticias.org\/site\/#\/schema\/logo\/image\/\",\"url\":\"https:\/\/brasilnoticias.org\/site\/wp-content\/uploads\/2022\/05\/cropped-brasilnoticias-mini.jpg\",\"contentUrl\":\"https:\/\/brasilnoticias.org\/site\/wp-content\/uploads\/2022\/05\/cropped-brasilnoticias-mini.jpg\",\"width\":314,\"height\":86,\"caption\":\"Brasil not\u00edcias\"},\"image\":{\"@id\":\"https:\/\/brasilnoticias.org\/site\/#\/schema\/logo\/image\/\"}},{\"@type\":\"Person\",\"@id\":\"https:\/\/brasilnoticias.org\/site\/#\/schema\/person\/a0e05b973ec4d15c658d51911e53507b\",\"name\":\"Reda\u00e7\u00e3o\",\"image\":{\"@type\":\"ImageObject\",\"inLanguage\":\"pt-PT\",\"@id\":\"https:\/\/brasilnoticias.org\/site\/#\/schema\/person\/image\/\",\"url\":\"https:\/\/secure.gravatar.com\/avatar\/75d8b050df2de108b08ae78dfb8e374892df24a383c67db9c46a9c604f6aee9c?s=96&d=mm&r=g\",\"contentUrl\":\"https:\/\/secure.gravatar.com\/avatar\/75d8b050df2de108b08ae78dfb8e374892df24a383c67db9c46a9c604f6aee9c?s=96&d=mm&r=g\",\"caption\":\"Reda\u00e7\u00e3o\"},\"sameAs\":[\"https:\/\/brasilnoticias.org\/site\"],\"url\":\"https:\/\/brasilnoticias.org\/site\/author\/fernandozsngmail-com\/\"}]}<\/script>\n<!-- \/ Yoast SEO plugin. -->","yoast_head_json":{"title":"Shoppings n\u00e3o s\u00e3o inclu\u00eddos em decreto que volta a exigir uso de m\u00e1scara na Bahia - Brasil not\u00edcias","robots":{"index":"index","follow":"follow","max-snippet":"max-snippet:-1","max-image-preview":"max-image-preview:large","max-video-preview":"max-video-preview:-1"},"canonical":"https:\/\/brasilnoticias.org\/site\/shoppings-nao-sao-incluidos-em-decreto-que-volta-a-exigir-uso-de-mascara-na-bahia\/","og_locale":"pt_PT","og_type":"article","og_title":"Shoppings n\u00e3o s\u00e3o inclu\u00eddos em decreto que volta a exigir uso de m\u00e1scara na Bahia - Brasil not\u00edcias","og_description":"O decreto publicado nesta ter\u00e7a-feira (29) pelo governo da Bahia deixou de fora da obrigatoriedade do uso de m\u00e1scara os","og_url":"https:\/\/brasilnoticias.org\/site\/shoppings-nao-sao-incluidos-em-decreto-que-volta-a-exigir-uso-de-mascara-na-bahia\/","og_site_name":"Brasil not\u00edcias","article_published_time":"2022-11-29T21:30:58+00:00","og_image":[{"width":1600,"height":752,"url":"https:\/\/brasilnoticias.org\/site\/wp-content\/uploads\/2022\/11\/130853shoppings-nao-sao-incluidos-em-decreto-que-volta-a-exigir-uso-de-mascara-na-bahia-3.jpg","type":"image\/jpeg"}],"author":"Reda\u00e7\u00e3o","twitter_card":"summary_large_image","twitter_misc":{"Escrito por":"Reda\u00e7\u00e3o","Tempo estimado de leitura":"1 minuto"},"schema":{"@context":"https:\/\/schema.org","@graph":[{"@type":"Article","@id":"https:\/\/brasilnoticias.org\/site\/shoppings-nao-sao-incluidos-em-decreto-que-volta-a-exigir-uso-de-mascara-na-bahia\/#article","isPartOf":{"@id":"https:\/\/brasilnoticias.org\/site\/shoppings-nao-sao-incluidos-em-decreto-que-volta-a-exigir-uso-de-mascara-na-bahia\/"},"author":{"name":"Reda\u00e7\u00e3o","@id":"https:\/\/brasilnoticias.org\/site\/#\/schema\/person\/a0e05b973ec4d15c658d51911e53507b"},"headline":"Shoppings n\u00e3o s\u00e3o inclu\u00eddos em decreto que volta a exigir uso de m\u00e1scara na Bahia","datePublished":"2022-11-29T21:30:58+00:00","mainEntityOfPage":{"@id":"https:\/\/brasilnoticias.org\/site\/shoppings-nao-sao-incluidos-em-decreto-que-volta-a-exigir-uso-de-mascara-na-bahia\/"},"wordCount":230,"commentCount":0,"publisher":{"@id":"https:\/\/brasilnoticias.org\/site\/#organization"},"image":{"@id":"https:\/\/brasilnoticias.org\/site\/shoppings-nao-sao-incluidos-em-decreto-que-volta-a-exigir-uso-de-mascara-na-bahia\/#primaryimage"},"thumbnailUrl":"https:\/\/brasilnoticias.org\/site\/wp-content\/uploads\/2022\/11\/130853shoppings-nao-sao-incluidos-em-decreto-que-volta-a-exigir-uso-de-mascara-na-bahia-3.jpg","articleSection":["Not\u00edcias","\u00daltimas"],"inLanguage":"pt-PT","potentialAction":[{"@type":"CommentAction","name":"Comment","target":["https:\/\/brasilnoticias.org\/site\/shoppings-nao-sao-incluidos-em-decreto-que-volta-a-exigir-uso-de-mascara-na-bahia\/#respond"]}]},{"@type":"WebPage","@id":"https:\/\/brasilnoticias.org\/site\/shoppings-nao-sao-incluidos-em-decreto-que-volta-a-exigir-uso-de-mascara-na-bahia\/","url":"https:\/\/brasilnoticias.org\/site\/shoppings-nao-sao-incluidos-em-decreto-que-volta-a-exigir-uso-de-mascara-na-bahia\/","name":"Shoppings n\u00e3o s\u00e3o inclu\u00eddos em decreto que volta a exigir uso de m\u00e1scara na Bahia - Brasil not\u00edcias","isPartOf":{"@id":"https:\/\/brasilnoticias.org\/site\/#website"},"primaryImageOfPage":{"@id":"https:\/\/brasilnoticias.org\/site\/shoppings-nao-sao-incluidos-em-decreto-que-volta-a-exigir-uso-de-mascara-na-bahia\/#primaryimage"},"image":{"@id":"https:\/\/brasilnoticias.org\/site\/shoppings-nao-sao-incluidos-em-decreto-que-volta-a-exigir-uso-de-mascara-na-bahia\/#primaryimage"},"thumbnailUrl":"https:\/\/brasilnoticias.org\/site\/wp-content\/uploads\/2022\/11\/130853shoppings-nao-sao-incluidos-em-decreto-que-volta-a-exigir-uso-de-mascara-na-bahia-3.jpg","datePublished":"2022-11-29T21:30:58+00:00","breadcrumb":{"@id":"https:\/\/brasilnoticias.org\/site\/shoppings-nao-sao-incluidos-em-decreto-que-volta-a-exigir-uso-de-mascara-na-bahia\/#breadcrumb"},"inLanguage":"pt-PT","potentialAction":[{"@type":"ReadAction","target":["https:\/\/brasilnoticias.org\/site\/shoppings-nao-sao-incluidos-em-decreto-que-volta-a-exigir-uso-de-mascara-na-bahia\/"]}]},{"@type":"ImageObject","inLanguage":"pt-PT","@id":"https:\/\/brasilnoticias.org\/site\/shoppings-nao-sao-incluidos-em-decreto-que-volta-a-exigir-uso-de-mascara-na-bahia\/#primaryimage","url":"https:\/\/brasilnoticias.org\/site\/wp-content\/uploads\/2022\/11\/130853shoppings-nao-sao-incluidos-em-decreto-que-volta-a-exigir-uso-de-mascara-na-bahia-3.jpg","contentUrl":"https:\/\/brasilnoticias.org\/site\/wp-content\/uploads\/2022\/11\/130853shoppings-nao-sao-incluidos-em-decreto-que-volta-a-exigir-uso-de-mascara-na-bahia-3.jpg","width":1600,"height":752},{"@type":"BreadcrumbList","@id":"https:\/\/brasilnoticias.org\/site\/shoppings-nao-sao-incluidos-em-decreto-que-volta-a-exigir-uso-de-mascara-na-bahia\/#breadcrumb","itemListElement":[{"@type":"ListItem","position":1,"name":"In\u00edcio","item":"https:\/\/brasilnoticias.org\/site\/"},{"@type":"ListItem","position":2,"name":"Shoppings n\u00e3o s\u00e3o inclu\u00eddos em decreto que volta a exigir uso de m\u00e1scara na Bahia"}]},{"@type":"WebSite","@id":"https:\/\/brasilnoticias.org\/site\/#website","url":"https:\/\/brasilnoticias.org\/site\/","name":"Brasil not\u00edcias","description":"Brasil not\u00edcias","publisher":{"@id":"https:\/\/brasilnoticias.org\/site\/#organization"},"potentialAction":[{"@type":"SearchAction","target":{"@type":"EntryPoint","urlTemplate":"https:\/\/brasilnoticias.org\/site\/?s={search_term_string}"},"query-input":{"@type":"PropertyValueSpecification","valueRequired":true,"valueName":"search_term_string"}}],"inLanguage":"pt-PT"},{"@type":"Organization","@id":"https:\/\/brasilnoticias.org\/site\/#organization","name":"Brasil not\u00edcias","url":"https:\/\/brasilnoticias.org\/site\/","logo":{"@type":"ImageObject","inLanguage":"pt-PT","@id":"https:\/\/brasilnoticias.org\/site\/#\/schema\/logo\/image\/","url":"https:\/\/brasilnoticias.org\/site\/wp-content\/uploads\/2022\/05\/cropped-brasilnoticias-mini.jpg","contentUrl":"https:\/\/brasilnoticias.org\/site\/wp-content\/uploads\/2022\/05\/cropped-brasilnoticias-mini.jpg","width":314,"height":86,"caption":"Brasil not\u00edcias"},"image":{"@id":"https:\/\/brasilnoticias.org\/site\/#\/schema\/logo\/image\/"}},{"@type":"Person","@id":"https:\/\/brasilnoticias.org\/site\/#\/schema\/person\/a0e05b973ec4d15c658d51911e53507b","name":"Reda\u00e7\u00e3o","image":{"@type":"ImageObject","inLanguage":"pt-PT","@id":"https:\/\/brasilnoticias.org\/site\/#\/schema\/person\/image\/","url":"https:\/\/secure.gravatar.com\/avatar\/75d8b050df2de108b08ae78dfb8e374892df24a383c67db9c46a9c604f6aee9c?s=96&d=mm&r=g","contentUrl":"https:\/\/secure.gravatar.com\/avatar\/75d8b050df2de108b08ae78dfb8e374892df24a383c67db9c46a9c604f6aee9c?s=96&d=mm&r=g","caption":"Reda\u00e7\u00e3o"},"sameAs":["https:\/\/brasilnoticias.org\/site"],"url":"https:\/\/brasilnoticias.org\/site\/author\/fernandozsngmail-com\/"}]}},"_links":{"self":[{"href":"https:\/\/brasilnoticias.org\/site\/wp-json\/wp\/v2\/posts\/2429","targetHints":{"allow":["GET"]}}],"collection":[{"href":"https:\/\/brasilnoticias.org\/site\/wp-json\/wp\/v2\/posts"}],"about":[{"href":"https:\/\/brasilnoticias.org\/site\/wp-json\/wp\/v2\/types\/post"}],"author":[{"embeddable":true,"href":"https:\/\/brasilnoticias.org\/site\/wp-json\/wp\/v2\/users\/1"}],"replies":[{"embeddable":true,"href":"https:\/\/brasilnoticias.org\/site\/wp-json\/wp\/v2\/comments?post=2429"}],"version-history":[{"count":1,"href":"https:\/\/brasilnoticias.org\/site\/wp-json\/wp\/v2\/posts\/2429\/revisions"}],"predecessor-version":[{"id":2431,"href":"https:\/\/brasilnoticias.org\/site\/wp-json\/wp\/v2\/posts\/2429\/revisions\/2431"}],"wp:featuredmedia":[{"embeddable":true,"href":"https:\/\/brasilnoticias.org\/site\/wp-json\/wp\/v2\/media\/2430"}],"wp:attachment":[{"href":"https:\/\/brasilnoticias.org\/site\/wp-json\/wp\/v2\/media?parent=2429"}],"wp:term":[{"taxonomy":"category","embeddable":true,"href":"https:\/\/brasilnoticias.org\/site\/wp-json\/wp\/v2\/categories?post=2429"},{"taxonomy":"post_tag","embeddable":true,"href":"https:\/\/brasilnoticias.org\/site\/wp-json\/wp\/v2\/tags?post=2429"}],"curies":[{"name":"wp","href":"https:\/\/api.w.org\/{rel}","templated":true}]}}