{"id":2432,"date":"2022-11-30T07:00:17","date_gmt":"2022-11-30T10:00:17","guid":{"rendered":"https:\/\/brasilnoticias.org\/site\/?p=2432"},"modified":"2022-11-29T13:31:41","modified_gmt":"2022-11-29T16:31:41","slug":"policia-encontra-corpo-de-adolescente-que-desapareceu-apos-ir-a-padaria-e-prende-suspeito","status":"publish","type":"post","link":"https:\/\/brasilnoticias.org\/site\/policia-encontra-corpo-de-adolescente-que-desapareceu-apos-ir-a-padaria-e-prende-suspeito\/","title":{"rendered":"Pol\u00edcia encontra corpo de adolescente que desapareceu ap\u00f3s ir \u00e0 padaria e prende suspeito"},"content":{"rendered":"<p>A Pol\u00edcia Civil encontrou nesta ter\u00e7a-feira (29) o corpo da adolescente Luana Marcelo Alves, de 12 anos, que desapareceu ap\u00f3s ir \u00e0 padaria que fica a 400 metros da casa dela, em Goi\u00e2nia. Ele estava enterrado na casa do suspeito, que foi preso.<\/p>\n<p>O homem que admitiu o crime foi identificado como o ajudante de pedreiro Reidimar Silva, de 31 anos. O g1 n\u00e3o conseguiu localizar a defesa dele at\u00e9 a \u00faltima atualiza\u00e7\u00e3o dessa reportagem.<\/p>\n<p>O homem tinha sido levado para a Delegacia de Prote\u00e7\u00e3o \u00e0 Crian\u00e7a e ao Adolescente (DPCA) na tarde de segunda-feira (28). Ap\u00f3s ser ouvido, o homem foi levado ao Instituto de Criminal\u00edstica para retirar material gen\u00e9tico. Segundo a pol\u00edcia, ele j\u00e1 tem passagem na pol\u00edcia por estupro.<\/p>\n<p>&#8220;Confirmamos que foi localizado o corpo. A gente queria ter um resultado diferente e ach\u00e1-la viva, mas localizamos o corpo na resid\u00eancia do suspeito. Desde ontem, a gente estava com essa suspeita, n\u00f3s cumprimos o mandado de pris\u00e3o e, em dilig\u00eancia, foi encontrado o corpo da menor na resid\u00eancia do suspeito&#8221;, disse a delegada Caroline Borges.<\/p>\n<p>Desaparecimento<br \/>\nA menina sumiu na manh\u00e3 do \u00faltimo domingo (27), no setor Madre Germana 2. A diarista Jheiny Hellen, de 31 anos, contou que a filha foi ao estabelecimento com R$ 10. Segundo a m\u00e3e, Luana nunca saiu de casa sem avisar e n\u00e3o passava por problemas pessoais ou de sa\u00fade.<\/p>\n<p>Imagens de c\u00e2mera de seguran\u00e7a mostraram Luana indo para a padaria. E, em seguida, o v\u00eddeo mostra quando ela deixa o com\u00e9rcio com uma sacola na m\u00e3o. Quando a adolescente entrou na rua de casa, o circuito de monitoramento n\u00e3o filmou e ela n\u00e3o foi mais vista (assista acima).<\/p>\n<p>G1<br \/>\nFoto: Arquivo Pessoal\/Jheiny Hellen<\/p>\n","protected":false},"excerpt":{"rendered":"<p>A Pol\u00edcia Civil encontrou nesta ter\u00e7a-feira (29) o corpo da adolescente Luana Marcelo Alves, de 12 anos, que desapareceu ap\u00f3s<\/p>\n","protected":false},"author":1,"featured_media":2433,"comment_status":"open","ping_status":"open","sticky":false,"template":"","format":"standard","meta":{"colormag_page_container_layout":"default_layout","colormag_page_sidebar_layout":"default_layout","_FSMCFIC_featured_image_caption":"","_FSMCFIC_featured_image_nocaption":"","_FSMCFIC_featured_image_hide":"","footnotes":""},"categories":[3,1],"tags":[],"class_list":["post-2432","post","type-post","status-publish","format-standard","has-post-thumbnail","hentry","category-policia","category-ultimas"],"yoast_head":"<!-- This site is optimized with the Yoast SEO plugin v27.1.1 - https:\/\/yoast.com\/product\/yoast-seo-wordpress\/ -->\n<title>Pol\u00edcia encontra corpo de adolescente que desapareceu ap\u00f3s ir \u00e0 padaria e prende suspeito - Brasil not\u00edcias<\/title>\n<meta name=\"robots\" content=\"index, follow, max-snippet:-1, max-image-preview:large, max-video-preview:-1\" \/>\n<link rel=\"canonical\" href=\"https:\/\/brasilnoticias.org\/site\/policia-encontra-corpo-de-adolescente-que-desapareceu-apos-ir-a-padaria-e-prende-suspeito\/\" \/>\n<meta property=\"og:locale\" content=\"pt_PT\" \/>\n<meta property=\"og:type\" content=\"article\" \/>\n<meta property=\"og:title\" content=\"Pol\u00edcia encontra corpo de adolescente que desapareceu ap\u00f3s ir \u00e0 padaria e prende suspeito - Brasil not\u00edcias\" \/>\n<meta property=\"og:description\" content=\"A Pol\u00edcia Civil encontrou nesta ter\u00e7a-feira (29) o corpo da adolescente Luana Marcelo Alves, de 12 anos, que desapareceu ap\u00f3s\" \/>\n<meta property=\"og:url\" content=\"https:\/\/brasilnoticias.org\/site\/policia-encontra-corpo-de-adolescente-que-desapareceu-apos-ir-a-padaria-e-prende-suspeito\/\" \/>\n<meta property=\"og:site_name\" content=\"Brasil not\u00edcias\" \/>\n<meta property=\"article:published_time\" content=\"2022-11-30T10:00:17+00:00\" \/>\n<meta property=\"og:image\" content=\"https:\/\/brasilnoticias.org\/site\/wp-content\/uploads\/2022\/11\/Capturar-3.jpg\" \/>\n\t<meta property=\"og:image:width\" content=\"631\" \/>\n\t<meta property=\"og:image:height\" content=\"395\" \/>\n\t<meta property=\"og:image:type\" content=\"image\/jpeg\" \/>\n<meta name=\"author\" content=\"Reda\u00e7\u00e3o\" \/>\n<meta name=\"twitter:card\" content=\"summary_large_image\" \/>\n<meta name=\"twitter:label1\" content=\"Escrito por\" \/>\n\t<meta name=\"twitter:data1\" content=\"Reda\u00e7\u00e3o\" \/>\n\t<meta name=\"twitter:label2\" content=\"Tempo estimado de leitura\" \/>\n\t<meta name=\"twitter:data2\" content=\"2 minutos\" \/>\n<script type=\"application\/ld+json\" class=\"yoast-schema-graph\">{\"@context\":\"https:\/\/schema.org\",\"@graph\":[{\"@type\":\"Article\",\"@id\":\"https:\/\/brasilnoticias.org\/site\/policia-encontra-corpo-de-adolescente-que-desapareceu-apos-ir-a-padaria-e-prende-suspeito\/#article\",\"isPartOf\":{\"@id\":\"https:\/\/brasilnoticias.org\/site\/policia-encontra-corpo-de-adolescente-que-desapareceu-apos-ir-a-padaria-e-prende-suspeito\/\"},\"author\":{\"name\":\"Reda\u00e7\u00e3o\",\"@id\":\"https:\/\/brasilnoticias.org\/site\/#\/schema\/person\/a0e05b973ec4d15c658d51911e53507b\"},\"headline\":\"Pol\u00edcia encontra corpo de adolescente que desapareceu ap\u00f3s ir \u00e0 padaria e prende suspeito\",\"datePublished\":\"2022-11-30T10:00:17+00:00\",\"mainEntityOfPage\":{\"@id\":\"https:\/\/brasilnoticias.org\/site\/policia-encontra-corpo-de-adolescente-que-desapareceu-apos-ir-a-padaria-e-prende-suspeito\/\"},\"wordCount\":317,\"commentCount\":0,\"publisher\":{\"@id\":\"https:\/\/brasilnoticias.org\/site\/#organization\"},\"image\":{\"@id\":\"https:\/\/brasilnoticias.org\/site\/policia-encontra-corpo-de-adolescente-que-desapareceu-apos-ir-a-padaria-e-prende-suspeito\/#primaryimage\"},\"thumbnailUrl\":\"https:\/\/brasilnoticias.org\/site\/wp-content\/uploads\/2022\/11\/Capturar-3.jpg\",\"articleSection\":[\"Pol\u00edcia\",\"\u00daltimas\"],\"inLanguage\":\"pt-PT\",\"potentialAction\":[{\"@type\":\"CommentAction\",\"name\":\"Comment\",\"target\":[\"https:\/\/brasilnoticias.org\/site\/policia-encontra-corpo-de-adolescente-que-desapareceu-apos-ir-a-padaria-e-prende-suspeito\/#respond\"]}]},{\"@type\":\"WebPage\",\"@id\":\"https:\/\/brasilnoticias.org\/site\/policia-encontra-corpo-de-adolescente-que-desapareceu-apos-ir-a-padaria-e-prende-suspeito\/\",\"url\":\"https:\/\/brasilnoticias.org\/site\/policia-encontra-corpo-de-adolescente-que-desapareceu-apos-ir-a-padaria-e-prende-suspeito\/\",\"name\":\"Pol\u00edcia encontra corpo de adolescente que desapareceu ap\u00f3s ir \u00e0 padaria e prende suspeito - Brasil not\u00edcias\",\"isPartOf\":{\"@id\":\"https:\/\/brasilnoticias.org\/site\/#website\"},\"primaryImageOfPage\":{\"@id\":\"https:\/\/brasilnoticias.org\/site\/policia-encontra-corpo-de-adolescente-que-desapareceu-apos-ir-a-padaria-e-prende-suspeito\/#primaryimage\"},\"image\":{\"@id\":\"https:\/\/brasilnoticias.org\/site\/policia-encontra-corpo-de-adolescente-que-desapareceu-apos-ir-a-padaria-e-prende-suspeito\/#primaryimage\"},\"thumbnailUrl\":\"https:\/\/brasilnoticias.org\/site\/wp-content\/uploads\/2022\/11\/Capturar-3.jpg\",\"datePublished\":\"2022-11-30T10:00:17+00:00\",\"breadcrumb\":{\"@id\":\"https:\/\/brasilnoticias.org\/site\/policia-encontra-corpo-de-adolescente-que-desapareceu-apos-ir-a-padaria-e-prende-suspeito\/#breadcrumb\"},\"inLanguage\":\"pt-PT\",\"potentialAction\":[{\"@type\":\"ReadAction\",\"target\":[\"https:\/\/brasilnoticias.org\/site\/policia-encontra-corpo-de-adolescente-que-desapareceu-apos-ir-a-padaria-e-prende-suspeito\/\"]}]},{\"@type\":\"ImageObject\",\"inLanguage\":\"pt-PT\",\"@id\":\"https:\/\/brasilnoticias.org\/site\/policia-encontra-corpo-de-adolescente-que-desapareceu-apos-ir-a-padaria-e-prende-suspeito\/#primaryimage\",\"url\":\"https:\/\/brasilnoticias.org\/site\/wp-content\/uploads\/2022\/11\/Capturar-3.jpg\",\"contentUrl\":\"https:\/\/brasilnoticias.org\/site\/wp-content\/uploads\/2022\/11\/Capturar-3.jpg\",\"width\":631,\"height\":395},{\"@type\":\"BreadcrumbList\",\"@id\":\"https:\/\/brasilnoticias.org\/site\/policia-encontra-corpo-de-adolescente-que-desapareceu-apos-ir-a-padaria-e-prende-suspeito\/#breadcrumb\",\"itemListElement\":[{\"@type\":\"ListItem\",\"position\":1,\"name\":\"In\u00edcio\",\"item\":\"https:\/\/brasilnoticias.org\/site\/\"},{\"@type\":\"ListItem\",\"position\":2,\"name\":\"Pol\u00edcia encontra corpo de adolescente que desapareceu ap\u00f3s ir \u00e0 padaria e prende suspeito\"}]},{\"@type\":\"WebSite\",\"@id\":\"https:\/\/brasilnoticias.org\/site\/#website\",\"url\":\"https:\/\/brasilnoticias.org\/site\/\",\"name\":\"Brasil not\u00edcias\",\"description\":\"Brasil not\u00edcias\",\"publisher\":{\"@id\":\"https:\/\/brasilnoticias.org\/site\/#organization\"},\"potentialAction\":[{\"@type\":\"SearchAction\",\"target\":{\"@type\":\"EntryPoint\",\"urlTemplate\":\"https:\/\/brasilnoticias.org\/site\/?s={search_term_string}\"},\"query-input\":{\"@type\":\"PropertyValueSpecification\",\"valueRequired\":true,\"valueName\":\"search_term_string\"}}],\"inLanguage\":\"pt-PT\"},{\"@type\":\"Organization\",\"@id\":\"https:\/\/brasilnoticias.org\/site\/#organization\",\"name\":\"Brasil not\u00edcias\",\"url\":\"https:\/\/brasilnoticias.org\/site\/\",\"logo\":{\"@type\":\"ImageObject\",\"inLanguage\":\"pt-PT\",\"@id\":\"https:\/\/brasilnoticias.org\/site\/#\/schema\/logo\/image\/\",\"url\":\"https:\/\/brasilnoticias.org\/site\/wp-content\/uploads\/2022\/05\/cropped-brasilnoticias-mini.jpg\",\"contentUrl\":\"https:\/\/brasilnoticias.org\/site\/wp-content\/uploads\/2022\/05\/cropped-brasilnoticias-mini.jpg\",\"width\":314,\"height\":86,\"caption\":\"Brasil not\u00edcias\"},\"image\":{\"@id\":\"https:\/\/brasilnoticias.org\/site\/#\/schema\/logo\/image\/\"}},{\"@type\":\"Person\",\"@id\":\"https:\/\/brasilnoticias.org\/site\/#\/schema\/person\/a0e05b973ec4d15c658d51911e53507b\",\"name\":\"Reda\u00e7\u00e3o\",\"image\":{\"@type\":\"ImageObject\",\"inLanguage\":\"pt-PT\",\"@id\":\"https:\/\/brasilnoticias.org\/site\/#\/schema\/person\/image\/\",\"url\":\"https:\/\/secure.gravatar.com\/avatar\/75d8b050df2de108b08ae78dfb8e374892df24a383c67db9c46a9c604f6aee9c?s=96&d=mm&r=g\",\"contentUrl\":\"https:\/\/secure.gravatar.com\/avatar\/75d8b050df2de108b08ae78dfb8e374892df24a383c67db9c46a9c604f6aee9c?s=96&d=mm&r=g\",\"caption\":\"Reda\u00e7\u00e3o\"},\"sameAs\":[\"https:\/\/brasilnoticias.org\/site\"],\"url\":\"https:\/\/brasilnoticias.org\/site\/author\/fernandozsngmail-com\/\"}]}<\/script>\n<!-- \/ Yoast SEO plugin. -->","yoast_head_json":{"title":"Pol\u00edcia encontra corpo de adolescente que desapareceu ap\u00f3s ir \u00e0 padaria e prende suspeito - Brasil not\u00edcias","robots":{"index":"index","follow":"follow","max-snippet":"max-snippet:-1","max-image-preview":"max-image-preview:large","max-video-preview":"max-video-preview:-1"},"canonical":"https:\/\/brasilnoticias.org\/site\/policia-encontra-corpo-de-adolescente-que-desapareceu-apos-ir-a-padaria-e-prende-suspeito\/","og_locale":"pt_PT","og_type":"article","og_title":"Pol\u00edcia encontra corpo de adolescente que desapareceu ap\u00f3s ir \u00e0 padaria e prende suspeito - Brasil not\u00edcias","og_description":"A Pol\u00edcia Civil encontrou nesta ter\u00e7a-feira (29) o corpo da adolescente Luana Marcelo Alves, de 12 anos, que desapareceu ap\u00f3s","og_url":"https:\/\/brasilnoticias.org\/site\/policia-encontra-corpo-de-adolescente-que-desapareceu-apos-ir-a-padaria-e-prende-suspeito\/","og_site_name":"Brasil not\u00edcias","article_published_time":"2022-11-30T10:00:17+00:00","og_image":[{"width":631,"height":395,"url":"https:\/\/brasilnoticias.org\/site\/wp-content\/uploads\/2022\/11\/Capturar-3.jpg","type":"image\/jpeg"}],"author":"Reda\u00e7\u00e3o","twitter_card":"summary_large_image","twitter_misc":{"Escrito por":"Reda\u00e7\u00e3o","Tempo estimado de leitura":"2 minutos"},"schema":{"@context":"https:\/\/schema.org","@graph":[{"@type":"Article","@id":"https:\/\/brasilnoticias.org\/site\/policia-encontra-corpo-de-adolescente-que-desapareceu-apos-ir-a-padaria-e-prende-suspeito\/#article","isPartOf":{"@id":"https:\/\/brasilnoticias.org\/site\/policia-encontra-corpo-de-adolescente-que-desapareceu-apos-ir-a-padaria-e-prende-suspeito\/"},"author":{"name":"Reda\u00e7\u00e3o","@id":"https:\/\/brasilnoticias.org\/site\/#\/schema\/person\/a0e05b973ec4d15c658d51911e53507b"},"headline":"Pol\u00edcia encontra corpo de adolescente que desapareceu ap\u00f3s ir \u00e0 padaria e prende suspeito","datePublished":"2022-11-30T10:00:17+00:00","mainEntityOfPage":{"@id":"https:\/\/brasilnoticias.org\/site\/policia-encontra-corpo-de-adolescente-que-desapareceu-apos-ir-a-padaria-e-prende-suspeito\/"},"wordCount":317,"commentCount":0,"publisher":{"@id":"https:\/\/brasilnoticias.org\/site\/#organization"},"image":{"@id":"https:\/\/brasilnoticias.org\/site\/policia-encontra-corpo-de-adolescente-que-desapareceu-apos-ir-a-padaria-e-prende-suspeito\/#primaryimage"},"thumbnailUrl":"https:\/\/brasilnoticias.org\/site\/wp-content\/uploads\/2022\/11\/Capturar-3.jpg","articleSection":["Pol\u00edcia","\u00daltimas"],"inLanguage":"pt-PT","potentialAction":[{"@type":"CommentAction","name":"Comment","target":["https:\/\/brasilnoticias.org\/site\/policia-encontra-corpo-de-adolescente-que-desapareceu-apos-ir-a-padaria-e-prende-suspeito\/#respond"]}]},{"@type":"WebPage","@id":"https:\/\/brasilnoticias.org\/site\/policia-encontra-corpo-de-adolescente-que-desapareceu-apos-ir-a-padaria-e-prende-suspeito\/","url":"https:\/\/brasilnoticias.org\/site\/policia-encontra-corpo-de-adolescente-que-desapareceu-apos-ir-a-padaria-e-prende-suspeito\/","name":"Pol\u00edcia encontra corpo de adolescente que desapareceu ap\u00f3s ir \u00e0 padaria e prende suspeito - Brasil not\u00edcias","isPartOf":{"@id":"https:\/\/brasilnoticias.org\/site\/#website"},"primaryImageOfPage":{"@id":"https:\/\/brasilnoticias.org\/site\/policia-encontra-corpo-de-adolescente-que-desapareceu-apos-ir-a-padaria-e-prende-suspeito\/#primaryimage"},"image":{"@id":"https:\/\/brasilnoticias.org\/site\/policia-encontra-corpo-de-adolescente-que-desapareceu-apos-ir-a-padaria-e-prende-suspeito\/#primaryimage"},"thumbnailUrl":"https:\/\/brasilnoticias.org\/site\/wp-content\/uploads\/2022\/11\/Capturar-3.jpg","datePublished":"2022-11-30T10:00:17+00:00","breadcrumb":{"@id":"https:\/\/brasilnoticias.org\/site\/policia-encontra-corpo-de-adolescente-que-desapareceu-apos-ir-a-padaria-e-prende-suspeito\/#breadcrumb"},"inLanguage":"pt-PT","potentialAction":[{"@type":"ReadAction","target":["https:\/\/brasilnoticias.org\/site\/policia-encontra-corpo-de-adolescente-que-desapareceu-apos-ir-a-padaria-e-prende-suspeito\/"]}]},{"@type":"ImageObject","inLanguage":"pt-PT","@id":"https:\/\/brasilnoticias.org\/site\/policia-encontra-corpo-de-adolescente-que-desapareceu-apos-ir-a-padaria-e-prende-suspeito\/#primaryimage","url":"https:\/\/brasilnoticias.org\/site\/wp-content\/uploads\/2022\/11\/Capturar-3.jpg","contentUrl":"https:\/\/brasilnoticias.org\/site\/wp-content\/uploads\/2022\/11\/Capturar-3.jpg","width":631,"height":395},{"@type":"BreadcrumbList","@id":"https:\/\/brasilnoticias.org\/site\/policia-encontra-corpo-de-adolescente-que-desapareceu-apos-ir-a-padaria-e-prende-suspeito\/#breadcrumb","itemListElement":[{"@type":"ListItem","position":1,"name":"In\u00edcio","item":"https:\/\/brasilnoticias.org\/site\/"},{"@type":"ListItem","position":2,"name":"Pol\u00edcia encontra corpo de adolescente que desapareceu ap\u00f3s ir \u00e0 padaria e prende suspeito"}]},{"@type":"WebSite","@id":"https:\/\/brasilnoticias.org\/site\/#website","url":"https:\/\/brasilnoticias.org\/site\/","name":"Brasil not\u00edcias","description":"Brasil not\u00edcias","publisher":{"@id":"https:\/\/brasilnoticias.org\/site\/#organization"},"potentialAction":[{"@type":"SearchAction","target":{"@type":"EntryPoint","urlTemplate":"https:\/\/brasilnoticias.org\/site\/?s={search_term_string}"},"query-input":{"@type":"PropertyValueSpecification","valueRequired":true,"valueName":"search_term_string"}}],"inLanguage":"pt-PT"},{"@type":"Organization","@id":"https:\/\/brasilnoticias.org\/site\/#organization","name":"Brasil not\u00edcias","url":"https:\/\/brasilnoticias.org\/site\/","logo":{"@type":"ImageObject","inLanguage":"pt-PT","@id":"https:\/\/brasilnoticias.org\/site\/#\/schema\/logo\/image\/","url":"https:\/\/brasilnoticias.org\/site\/wp-content\/uploads\/2022\/05\/cropped-brasilnoticias-mini.jpg","contentUrl":"https:\/\/brasilnoticias.org\/site\/wp-content\/uploads\/2022\/05\/cropped-brasilnoticias-mini.jpg","width":314,"height":86,"caption":"Brasil not\u00edcias"},"image":{"@id":"https:\/\/brasilnoticias.org\/site\/#\/schema\/logo\/image\/"}},{"@type":"Person","@id":"https:\/\/brasilnoticias.org\/site\/#\/schema\/person\/a0e05b973ec4d15c658d51911e53507b","name":"Reda\u00e7\u00e3o","image":{"@type":"ImageObject","inLanguage":"pt-PT","@id":"https:\/\/brasilnoticias.org\/site\/#\/schema\/person\/image\/","url":"https:\/\/secure.gravatar.com\/avatar\/75d8b050df2de108b08ae78dfb8e374892df24a383c67db9c46a9c604f6aee9c?s=96&d=mm&r=g","contentUrl":"https:\/\/secure.gravatar.com\/avatar\/75d8b050df2de108b08ae78dfb8e374892df24a383c67db9c46a9c604f6aee9c?s=96&d=mm&r=g","caption":"Reda\u00e7\u00e3o"},"sameAs":["https:\/\/brasilnoticias.org\/site"],"url":"https:\/\/brasilnoticias.org\/site\/author\/fernandozsngmail-com\/"}]}},"_links":{"self":[{"href":"https:\/\/brasilnoticias.org\/site\/wp-json\/wp\/v2\/posts\/2432","targetHints":{"allow":["GET"]}}],"collection":[{"href":"https:\/\/brasilnoticias.org\/site\/wp-json\/wp\/v2\/posts"}],"about":[{"href":"https:\/\/brasilnoticias.org\/site\/wp-json\/wp\/v2\/types\/post"}],"author":[{"embeddable":true,"href":"https:\/\/brasilnoticias.org\/site\/wp-json\/wp\/v2\/users\/1"}],"replies":[{"embeddable":true,"href":"https:\/\/brasilnoticias.org\/site\/wp-json\/wp\/v2\/comments?post=2432"}],"version-history":[{"count":1,"href":"https:\/\/brasilnoticias.org\/site\/wp-json\/wp\/v2\/posts\/2432\/revisions"}],"predecessor-version":[{"id":2434,"href":"https:\/\/brasilnoticias.org\/site\/wp-json\/wp\/v2\/posts\/2432\/revisions\/2434"}],"wp:featuredmedia":[{"embeddable":true,"href":"https:\/\/brasilnoticias.org\/site\/wp-json\/wp\/v2\/media\/2433"}],"wp:attachment":[{"href":"https:\/\/brasilnoticias.org\/site\/wp-json\/wp\/v2\/media?parent=2432"}],"wp:term":[{"taxonomy":"category","embeddable":true,"href":"https:\/\/brasilnoticias.org\/site\/wp-json\/wp\/v2\/categories?post=2432"},{"taxonomy":"post_tag","embeddable":true,"href":"https:\/\/brasilnoticias.org\/site\/wp-json\/wp\/v2\/tags?post=2432"}],"curies":[{"name":"wp","href":"https:\/\/api.w.org\/{rel}","templated":true}]}}