{"id":2436,"date":"2022-11-30T07:20:17","date_gmt":"2022-11-30T10:20:17","guid":{"rendered":"https:\/\/brasilnoticias.org\/site\/?p=2436"},"modified":"2022-11-29T13:35:55","modified_gmt":"2022-11-29T16:35:55","slug":"alex-sandro-tem-lesao-no-quadril-e-esta-fora-do-duelo-da-selecao-contra-camaroes","status":"publish","type":"post","link":"https:\/\/brasilnoticias.org\/site\/alex-sandro-tem-lesao-no-quadril-e-esta-fora-do-duelo-da-selecao-contra-camaroes\/","title":{"rendered":"Alex Sandro tem les\u00e3o no quadril e est\u00e1 fora do duelo da Sele\u00e7\u00e3o contra Camar\u00f5es"},"content":{"rendered":"<p>Alex Sandro, lateral-esquerdo da sele\u00e7\u00e3o brasileira na Copa do Mundo est\u00e1 fora da partida contra Camar\u00f5es, na sexta-feira, \u00e0s 16h, pela \u00faltima rodada do Grupo G. O jogador sentiu o quadril esquerdo durante a vit\u00f3ria sobre a Su\u00ed\u00e7a, na \u00faltima segunda-feira, e foi substitu\u00eddo por Alex Telles.<\/p>\n<p>\u2013 Sobre o jogo de ontem, Alex Sandro sentiu dores no quadril esquerdo, ele n\u00e3o teve condi\u00e7\u00f5es de continuar na partida. Hoje pela manh\u00e3 foi reavaliado, n\u00f3s pedimos exame de imagem, uma resson\u00e2ncia magn\u00e9tica. Ela evidenciou les\u00e3o muscular no m\u00fasculo do quadril esquerdo. O atleta n\u00e3o ter\u00e1 condi\u00e7\u00f5es na pr\u00f3xima partida contra Camar\u00f5es. Ele segue em tratamento para a que a gente possa recuper\u00e1-lo o quanto antes \u2013 falou o m\u00e9dico Rodrigo Lasmar.<\/p>\n<p>O jogador afirmou depois do duelo contra a Su\u00ed\u00e7a, na zona mista, que tinha sido apenas um cansa\u00e7o. Mas nesta ter\u00e7a-feira, o departamento m\u00e9dico da Sele\u00e7\u00e3o entendeu ser melhor a realiza\u00e7\u00e3o de um exame, que comprovou o problema.<\/p>\n<p>\u2013 Eu senti um cansa\u00e7o a mais, mas me sinto bem e espero estar 100% para o pr\u00f3ximo jogo \u2013 resumiu o lateral ap\u00f3s a partida.<\/p>\n<p>Alex Sandro j\u00e1 est\u00e1 em tratamento no hotel da Sele\u00e7\u00e3o.<\/p>\n<p>A sele\u00e7\u00e3o brasileira tem outros dois problemas nesta fase de grupos. Neymar e Danilo, com les\u00f5es nos tornozelos direito e esquerdo, respectivamente, ficaram fora contra a Su\u00ed\u00e7a e tamb\u00e9m n\u00e3o v\u00e3o jogar contra Camar\u00f5es, na pr\u00f3xima sexta-feira, no fechamento da fase de grupos.<\/p>\n<p>A expectativa \u00e9 que os tr\u00eas estejam de volta nas oitavas de final. O Brasil assegurou vaga na pr\u00f3xima fase de forma antecipada depois da vit\u00f3ria contra a Su\u00ed\u00e7a.<\/p>\n<p> Foto: Lucas Figueiredo\/CBF<br \/>\nG1<\/p>\n","protected":false},"excerpt":{"rendered":"<p>Alex Sandro, lateral-esquerdo da sele\u00e7\u00e3o brasileira na Copa do Mundo est\u00e1 fora da partida contra Camar\u00f5es, na sexta-feira, \u00e0s 16h,<\/p>\n","protected":false},"author":1,"featured_media":2437,"comment_status":"open","ping_status":"open","sticky":false,"template":"","format":"standard","meta":{"colormag_page_container_layout":"default_layout","colormag_page_sidebar_layout":"default_layout","_FSMCFIC_featured_image_caption":"","_FSMCFIC_featured_image_nocaption":"","_FSMCFIC_featured_image_hide":"","footnotes":""},"categories":[4,1],"tags":[],"class_list":["post-2436","post","type-post","status-publish","format-standard","has-post-thumbnail","hentry","category-esporte","category-ultimas"],"yoast_head":"<!-- This site is optimized with the Yoast SEO plugin v27.1.1 - https:\/\/yoast.com\/product\/yoast-seo-wordpress\/ -->\n<title>Alex Sandro tem les\u00e3o no quadril e est\u00e1 fora do duelo da Sele\u00e7\u00e3o contra Camar\u00f5es - Brasil not\u00edcias<\/title>\n<meta name=\"robots\" content=\"index, follow, max-snippet:-1, max-image-preview:large, max-video-preview:-1\" \/>\n<link rel=\"canonical\" href=\"https:\/\/brasilnoticias.org\/site\/alex-sandro-tem-lesao-no-quadril-e-esta-fora-do-duelo-da-selecao-contra-camaroes\/\" \/>\n<meta property=\"og:locale\" content=\"pt_PT\" \/>\n<meta property=\"og:type\" content=\"article\" \/>\n<meta property=\"og:title\" content=\"Alex Sandro tem les\u00e3o no quadril e est\u00e1 fora do duelo da Sele\u00e7\u00e3o contra Camar\u00f5es - Brasil not\u00edcias\" \/>\n<meta property=\"og:description\" content=\"Alex Sandro, lateral-esquerdo da sele\u00e7\u00e3o brasileira na Copa do Mundo est\u00e1 fora da partida contra Camar\u00f5es, na sexta-feira, \u00e0s 16h,\" \/>\n<meta property=\"og:url\" content=\"https:\/\/brasilnoticias.org\/site\/alex-sandro-tem-lesao-no-quadril-e-esta-fora-do-duelo-da-selecao-contra-camaroes\/\" \/>\n<meta property=\"og:site_name\" content=\"Brasil not\u00edcias\" \/>\n<meta property=\"article:published_time\" content=\"2022-11-30T10:20:17+00:00\" \/>\n<meta property=\"og:image\" content=\"https:\/\/brasilnoticias.org\/site\/wp-content\/uploads\/2022\/11\/jogado.jpg\" \/>\n\t<meta property=\"og:image:width\" content=\"634\" \/>\n\t<meta property=\"og:image:height\" content=\"419\" \/>\n\t<meta property=\"og:image:type\" content=\"image\/jpeg\" \/>\n<meta name=\"author\" content=\"Reda\u00e7\u00e3o\" \/>\n<meta name=\"twitter:card\" content=\"summary_large_image\" \/>\n<meta name=\"twitter:label1\" content=\"Escrito por\" \/>\n\t<meta name=\"twitter:data1\" content=\"Reda\u00e7\u00e3o\" \/>\n\t<meta name=\"twitter:label2\" content=\"Tempo estimado de leitura\" \/>\n\t<meta name=\"twitter:data2\" content=\"2 minutos\" \/>\n<script type=\"application\/ld+json\" class=\"yoast-schema-graph\">{\"@context\":\"https:\/\/schema.org\",\"@graph\":[{\"@type\":\"Article\",\"@id\":\"https:\/\/brasilnoticias.org\/site\/alex-sandro-tem-lesao-no-quadril-e-esta-fora-do-duelo-da-selecao-contra-camaroes\/#article\",\"isPartOf\":{\"@id\":\"https:\/\/brasilnoticias.org\/site\/alex-sandro-tem-lesao-no-quadril-e-esta-fora-do-duelo-da-selecao-contra-camaroes\/\"},\"author\":{\"name\":\"Reda\u00e7\u00e3o\",\"@id\":\"https:\/\/brasilnoticias.org\/site\/#\/schema\/person\/a0e05b973ec4d15c658d51911e53507b\"},\"headline\":\"Alex Sandro tem les\u00e3o no quadril e est\u00e1 fora do duelo da Sele\u00e7\u00e3o contra Camar\u00f5es\",\"datePublished\":\"2022-11-30T10:20:17+00:00\",\"mainEntityOfPage\":{\"@id\":\"https:\/\/brasilnoticias.org\/site\/alex-sandro-tem-lesao-no-quadril-e-esta-fora-do-duelo-da-selecao-contra-camaroes\/\"},\"wordCount\":323,\"commentCount\":0,\"publisher\":{\"@id\":\"https:\/\/brasilnoticias.org\/site\/#organization\"},\"image\":{\"@id\":\"https:\/\/brasilnoticias.org\/site\/alex-sandro-tem-lesao-no-quadril-e-esta-fora-do-duelo-da-selecao-contra-camaroes\/#primaryimage\"},\"thumbnailUrl\":\"https:\/\/brasilnoticias.org\/site\/wp-content\/uploads\/2022\/11\/jogado.jpg\",\"articleSection\":[\"Esporte\",\"\u00daltimas\"],\"inLanguage\":\"pt-PT\",\"potentialAction\":[{\"@type\":\"CommentAction\",\"name\":\"Comment\",\"target\":[\"https:\/\/brasilnoticias.org\/site\/alex-sandro-tem-lesao-no-quadril-e-esta-fora-do-duelo-da-selecao-contra-camaroes\/#respond\"]}]},{\"@type\":\"WebPage\",\"@id\":\"https:\/\/brasilnoticias.org\/site\/alex-sandro-tem-lesao-no-quadril-e-esta-fora-do-duelo-da-selecao-contra-camaroes\/\",\"url\":\"https:\/\/brasilnoticias.org\/site\/alex-sandro-tem-lesao-no-quadril-e-esta-fora-do-duelo-da-selecao-contra-camaroes\/\",\"name\":\"Alex Sandro tem les\u00e3o no quadril e est\u00e1 fora do duelo da Sele\u00e7\u00e3o contra Camar\u00f5es - Brasil not\u00edcias\",\"isPartOf\":{\"@id\":\"https:\/\/brasilnoticias.org\/site\/#website\"},\"primaryImageOfPage\":{\"@id\":\"https:\/\/brasilnoticias.org\/site\/alex-sandro-tem-lesao-no-quadril-e-esta-fora-do-duelo-da-selecao-contra-camaroes\/#primaryimage\"},\"image\":{\"@id\":\"https:\/\/brasilnoticias.org\/site\/alex-sandro-tem-lesao-no-quadril-e-esta-fora-do-duelo-da-selecao-contra-camaroes\/#primaryimage\"},\"thumbnailUrl\":\"https:\/\/brasilnoticias.org\/site\/wp-content\/uploads\/2022\/11\/jogado.jpg\",\"datePublished\":\"2022-11-30T10:20:17+00:00\",\"breadcrumb\":{\"@id\":\"https:\/\/brasilnoticias.org\/site\/alex-sandro-tem-lesao-no-quadril-e-esta-fora-do-duelo-da-selecao-contra-camaroes\/#breadcrumb\"},\"inLanguage\":\"pt-PT\",\"potentialAction\":[{\"@type\":\"ReadAction\",\"target\":[\"https:\/\/brasilnoticias.org\/site\/alex-sandro-tem-lesao-no-quadril-e-esta-fora-do-duelo-da-selecao-contra-camaroes\/\"]}]},{\"@type\":\"ImageObject\",\"inLanguage\":\"pt-PT\",\"@id\":\"https:\/\/brasilnoticias.org\/site\/alex-sandro-tem-lesao-no-quadril-e-esta-fora-do-duelo-da-selecao-contra-camaroes\/#primaryimage\",\"url\":\"https:\/\/brasilnoticias.org\/site\/wp-content\/uploads\/2022\/11\/jogado.jpg\",\"contentUrl\":\"https:\/\/brasilnoticias.org\/site\/wp-content\/uploads\/2022\/11\/jogado.jpg\",\"width\":634,\"height\":419},{\"@type\":\"BreadcrumbList\",\"@id\":\"https:\/\/brasilnoticias.org\/site\/alex-sandro-tem-lesao-no-quadril-e-esta-fora-do-duelo-da-selecao-contra-camaroes\/#breadcrumb\",\"itemListElement\":[{\"@type\":\"ListItem\",\"position\":1,\"name\":\"In\u00edcio\",\"item\":\"https:\/\/brasilnoticias.org\/site\/\"},{\"@type\":\"ListItem\",\"position\":2,\"name\":\"Alex Sandro tem les\u00e3o no quadril e est\u00e1 fora do duelo da Sele\u00e7\u00e3o contra Camar\u00f5es\"}]},{\"@type\":\"WebSite\",\"@id\":\"https:\/\/brasilnoticias.org\/site\/#website\",\"url\":\"https:\/\/brasilnoticias.org\/site\/\",\"name\":\"Brasil not\u00edcias\",\"description\":\"Brasil not\u00edcias\",\"publisher\":{\"@id\":\"https:\/\/brasilnoticias.org\/site\/#organization\"},\"potentialAction\":[{\"@type\":\"SearchAction\",\"target\":{\"@type\":\"EntryPoint\",\"urlTemplate\":\"https:\/\/brasilnoticias.org\/site\/?s={search_term_string}\"},\"query-input\":{\"@type\":\"PropertyValueSpecification\",\"valueRequired\":true,\"valueName\":\"search_term_string\"}}],\"inLanguage\":\"pt-PT\"},{\"@type\":\"Organization\",\"@id\":\"https:\/\/brasilnoticias.org\/site\/#organization\",\"name\":\"Brasil not\u00edcias\",\"url\":\"https:\/\/brasilnoticias.org\/site\/\",\"logo\":{\"@type\":\"ImageObject\",\"inLanguage\":\"pt-PT\",\"@id\":\"https:\/\/brasilnoticias.org\/site\/#\/schema\/logo\/image\/\",\"url\":\"https:\/\/brasilnoticias.org\/site\/wp-content\/uploads\/2022\/05\/cropped-brasilnoticias-mini.jpg\",\"contentUrl\":\"https:\/\/brasilnoticias.org\/site\/wp-content\/uploads\/2022\/05\/cropped-brasilnoticias-mini.jpg\",\"width\":314,\"height\":86,\"caption\":\"Brasil not\u00edcias\"},\"image\":{\"@id\":\"https:\/\/brasilnoticias.org\/site\/#\/schema\/logo\/image\/\"}},{\"@type\":\"Person\",\"@id\":\"https:\/\/brasilnoticias.org\/site\/#\/schema\/person\/a0e05b973ec4d15c658d51911e53507b\",\"name\":\"Reda\u00e7\u00e3o\",\"image\":{\"@type\":\"ImageObject\",\"inLanguage\":\"pt-PT\",\"@id\":\"https:\/\/brasilnoticias.org\/site\/#\/schema\/person\/image\/\",\"url\":\"https:\/\/secure.gravatar.com\/avatar\/75d8b050df2de108b08ae78dfb8e374892df24a383c67db9c46a9c604f6aee9c?s=96&d=mm&r=g\",\"contentUrl\":\"https:\/\/secure.gravatar.com\/avatar\/75d8b050df2de108b08ae78dfb8e374892df24a383c67db9c46a9c604f6aee9c?s=96&d=mm&r=g\",\"caption\":\"Reda\u00e7\u00e3o\"},\"sameAs\":[\"https:\/\/brasilnoticias.org\/site\"],\"url\":\"https:\/\/brasilnoticias.org\/site\/author\/fernandozsngmail-com\/\"}]}<\/script>\n<!-- \/ Yoast SEO plugin. -->","yoast_head_json":{"title":"Alex Sandro tem les\u00e3o no quadril e est\u00e1 fora do duelo da Sele\u00e7\u00e3o contra Camar\u00f5es - Brasil not\u00edcias","robots":{"index":"index","follow":"follow","max-snippet":"max-snippet:-1","max-image-preview":"max-image-preview:large","max-video-preview":"max-video-preview:-1"},"canonical":"https:\/\/brasilnoticias.org\/site\/alex-sandro-tem-lesao-no-quadril-e-esta-fora-do-duelo-da-selecao-contra-camaroes\/","og_locale":"pt_PT","og_type":"article","og_title":"Alex Sandro tem les\u00e3o no quadril e est\u00e1 fora do duelo da Sele\u00e7\u00e3o contra Camar\u00f5es - Brasil not\u00edcias","og_description":"Alex Sandro, lateral-esquerdo da sele\u00e7\u00e3o brasileira na Copa do Mundo est\u00e1 fora da partida contra Camar\u00f5es, na sexta-feira, \u00e0s 16h,","og_url":"https:\/\/brasilnoticias.org\/site\/alex-sandro-tem-lesao-no-quadril-e-esta-fora-do-duelo-da-selecao-contra-camaroes\/","og_site_name":"Brasil not\u00edcias","article_published_time":"2022-11-30T10:20:17+00:00","og_image":[{"width":634,"height":419,"url":"https:\/\/brasilnoticias.org\/site\/wp-content\/uploads\/2022\/11\/jogado.jpg","type":"image\/jpeg"}],"author":"Reda\u00e7\u00e3o","twitter_card":"summary_large_image","twitter_misc":{"Escrito por":"Reda\u00e7\u00e3o","Tempo estimado de leitura":"2 minutos"},"schema":{"@context":"https:\/\/schema.org","@graph":[{"@type":"Article","@id":"https:\/\/brasilnoticias.org\/site\/alex-sandro-tem-lesao-no-quadril-e-esta-fora-do-duelo-da-selecao-contra-camaroes\/#article","isPartOf":{"@id":"https:\/\/brasilnoticias.org\/site\/alex-sandro-tem-lesao-no-quadril-e-esta-fora-do-duelo-da-selecao-contra-camaroes\/"},"author":{"name":"Reda\u00e7\u00e3o","@id":"https:\/\/brasilnoticias.org\/site\/#\/schema\/person\/a0e05b973ec4d15c658d51911e53507b"},"headline":"Alex Sandro tem les\u00e3o no quadril e est\u00e1 fora do duelo da Sele\u00e7\u00e3o contra Camar\u00f5es","datePublished":"2022-11-30T10:20:17+00:00","mainEntityOfPage":{"@id":"https:\/\/brasilnoticias.org\/site\/alex-sandro-tem-lesao-no-quadril-e-esta-fora-do-duelo-da-selecao-contra-camaroes\/"},"wordCount":323,"commentCount":0,"publisher":{"@id":"https:\/\/brasilnoticias.org\/site\/#organization"},"image":{"@id":"https:\/\/brasilnoticias.org\/site\/alex-sandro-tem-lesao-no-quadril-e-esta-fora-do-duelo-da-selecao-contra-camaroes\/#primaryimage"},"thumbnailUrl":"https:\/\/brasilnoticias.org\/site\/wp-content\/uploads\/2022\/11\/jogado.jpg","articleSection":["Esporte","\u00daltimas"],"inLanguage":"pt-PT","potentialAction":[{"@type":"CommentAction","name":"Comment","target":["https:\/\/brasilnoticias.org\/site\/alex-sandro-tem-lesao-no-quadril-e-esta-fora-do-duelo-da-selecao-contra-camaroes\/#respond"]}]},{"@type":"WebPage","@id":"https:\/\/brasilnoticias.org\/site\/alex-sandro-tem-lesao-no-quadril-e-esta-fora-do-duelo-da-selecao-contra-camaroes\/","url":"https:\/\/brasilnoticias.org\/site\/alex-sandro-tem-lesao-no-quadril-e-esta-fora-do-duelo-da-selecao-contra-camaroes\/","name":"Alex Sandro tem les\u00e3o no quadril e est\u00e1 fora do duelo da Sele\u00e7\u00e3o contra Camar\u00f5es - Brasil not\u00edcias","isPartOf":{"@id":"https:\/\/brasilnoticias.org\/site\/#website"},"primaryImageOfPage":{"@id":"https:\/\/brasilnoticias.org\/site\/alex-sandro-tem-lesao-no-quadril-e-esta-fora-do-duelo-da-selecao-contra-camaroes\/#primaryimage"},"image":{"@id":"https:\/\/brasilnoticias.org\/site\/alex-sandro-tem-lesao-no-quadril-e-esta-fora-do-duelo-da-selecao-contra-camaroes\/#primaryimage"},"thumbnailUrl":"https:\/\/brasilnoticias.org\/site\/wp-content\/uploads\/2022\/11\/jogado.jpg","datePublished":"2022-11-30T10:20:17+00:00","breadcrumb":{"@id":"https:\/\/brasilnoticias.org\/site\/alex-sandro-tem-lesao-no-quadril-e-esta-fora-do-duelo-da-selecao-contra-camaroes\/#breadcrumb"},"inLanguage":"pt-PT","potentialAction":[{"@type":"ReadAction","target":["https:\/\/brasilnoticias.org\/site\/alex-sandro-tem-lesao-no-quadril-e-esta-fora-do-duelo-da-selecao-contra-camaroes\/"]}]},{"@type":"ImageObject","inLanguage":"pt-PT","@id":"https:\/\/brasilnoticias.org\/site\/alex-sandro-tem-lesao-no-quadril-e-esta-fora-do-duelo-da-selecao-contra-camaroes\/#primaryimage","url":"https:\/\/brasilnoticias.org\/site\/wp-content\/uploads\/2022\/11\/jogado.jpg","contentUrl":"https:\/\/brasilnoticias.org\/site\/wp-content\/uploads\/2022\/11\/jogado.jpg","width":634,"height":419},{"@type":"BreadcrumbList","@id":"https:\/\/brasilnoticias.org\/site\/alex-sandro-tem-lesao-no-quadril-e-esta-fora-do-duelo-da-selecao-contra-camaroes\/#breadcrumb","itemListElement":[{"@type":"ListItem","position":1,"name":"In\u00edcio","item":"https:\/\/brasilnoticias.org\/site\/"},{"@type":"ListItem","position":2,"name":"Alex Sandro tem les\u00e3o no quadril e est\u00e1 fora do duelo da Sele\u00e7\u00e3o contra Camar\u00f5es"}]},{"@type":"WebSite","@id":"https:\/\/brasilnoticias.org\/site\/#website","url":"https:\/\/brasilnoticias.org\/site\/","name":"Brasil not\u00edcias","description":"Brasil not\u00edcias","publisher":{"@id":"https:\/\/brasilnoticias.org\/site\/#organization"},"potentialAction":[{"@type":"SearchAction","target":{"@type":"EntryPoint","urlTemplate":"https:\/\/brasilnoticias.org\/site\/?s={search_term_string}"},"query-input":{"@type":"PropertyValueSpecification","valueRequired":true,"valueName":"search_term_string"}}],"inLanguage":"pt-PT"},{"@type":"Organization","@id":"https:\/\/brasilnoticias.org\/site\/#organization","name":"Brasil not\u00edcias","url":"https:\/\/brasilnoticias.org\/site\/","logo":{"@type":"ImageObject","inLanguage":"pt-PT","@id":"https:\/\/brasilnoticias.org\/site\/#\/schema\/logo\/image\/","url":"https:\/\/brasilnoticias.org\/site\/wp-content\/uploads\/2022\/05\/cropped-brasilnoticias-mini.jpg","contentUrl":"https:\/\/brasilnoticias.org\/site\/wp-content\/uploads\/2022\/05\/cropped-brasilnoticias-mini.jpg","width":314,"height":86,"caption":"Brasil not\u00edcias"},"image":{"@id":"https:\/\/brasilnoticias.org\/site\/#\/schema\/logo\/image\/"}},{"@type":"Person","@id":"https:\/\/brasilnoticias.org\/site\/#\/schema\/person\/a0e05b973ec4d15c658d51911e53507b","name":"Reda\u00e7\u00e3o","image":{"@type":"ImageObject","inLanguage":"pt-PT","@id":"https:\/\/brasilnoticias.org\/site\/#\/schema\/person\/image\/","url":"https:\/\/secure.gravatar.com\/avatar\/75d8b050df2de108b08ae78dfb8e374892df24a383c67db9c46a9c604f6aee9c?s=96&d=mm&r=g","contentUrl":"https:\/\/secure.gravatar.com\/avatar\/75d8b050df2de108b08ae78dfb8e374892df24a383c67db9c46a9c604f6aee9c?s=96&d=mm&r=g","caption":"Reda\u00e7\u00e3o"},"sameAs":["https:\/\/brasilnoticias.org\/site"],"url":"https:\/\/brasilnoticias.org\/site\/author\/fernandozsngmail-com\/"}]}},"_links":{"self":[{"href":"https:\/\/brasilnoticias.org\/site\/wp-json\/wp\/v2\/posts\/2436","targetHints":{"allow":["GET"]}}],"collection":[{"href":"https:\/\/brasilnoticias.org\/site\/wp-json\/wp\/v2\/posts"}],"about":[{"href":"https:\/\/brasilnoticias.org\/site\/wp-json\/wp\/v2\/types\/post"}],"author":[{"embeddable":true,"href":"https:\/\/brasilnoticias.org\/site\/wp-json\/wp\/v2\/users\/1"}],"replies":[{"embeddable":true,"href":"https:\/\/brasilnoticias.org\/site\/wp-json\/wp\/v2\/comments?post=2436"}],"version-history":[{"count":1,"href":"https:\/\/brasilnoticias.org\/site\/wp-json\/wp\/v2\/posts\/2436\/revisions"}],"predecessor-version":[{"id":2438,"href":"https:\/\/brasilnoticias.org\/site\/wp-json\/wp\/v2\/posts\/2436\/revisions\/2438"}],"wp:featuredmedia":[{"embeddable":true,"href":"https:\/\/brasilnoticias.org\/site\/wp-json\/wp\/v2\/media\/2437"}],"wp:attachment":[{"href":"https:\/\/brasilnoticias.org\/site\/wp-json\/wp\/v2\/media?parent=2436"}],"wp:term":[{"taxonomy":"category","embeddable":true,"href":"https:\/\/brasilnoticias.org\/site\/wp-json\/wp\/v2\/categories?post=2436"},{"taxonomy":"post_tag","embeddable":true,"href":"https:\/\/brasilnoticias.org\/site\/wp-json\/wp\/v2\/tags?post=2436"}],"curies":[{"name":"wp","href":"https:\/\/api.w.org\/{rel}","templated":true}]}}