{"id":2445,"date":"2022-11-29T20:01:37","date_gmt":"2022-11-29T23:01:37","guid":{"rendered":"https:\/\/brasilnoticias.org\/site\/?p=2445"},"modified":"2022-11-29T20:01:37","modified_gmt":"2022-11-29T23:01:37","slug":"luiz-carlos-cobra-votacao-de-projeto-que-acelera-construcao-de-unidades-do-casa-verde-e-amarela-antigo-minha-casa-minha-vida-no-suburbio","status":"publish","type":"post","link":"https:\/\/brasilnoticias.org\/site\/luiz-carlos-cobra-votacao-de-projeto-que-acelera-construcao-de-unidades-do-casa-verde-e-amarela-antigo-minha-casa-minha-vida-no-suburbio\/","title":{"rendered":"Luiz Carlos cobra vota\u00e7\u00e3o de projeto que acelera constru\u00e7\u00e3o de unidades do Casa Verde e Amarela, antigo Minha Casa Minha Vida, no Sub\u00farbio"},"content":{"rendered":"<p>Durante Sess\u00e3o Ordin\u00e1ria realizada na tarde desta ter\u00e7a-feira (29), o vereador Luiz Carlos (Republicanos), cobrou \u00e0 Casa Legislativa a vota\u00e7\u00e3o do projeto oriundo do Executivo n\u00ba 207\/2022, que trata da desafeta\u00e7\u00e3o de um terreno na regi\u00e3o do Sub\u00farbio, destinado \u00e0 constru\u00e7\u00e3o de um empreendimento do programa Casa Verde e Amarela, do governo federal.<\/p>\n<p>\u201cEsse projeto \u00e9 importante porque trata-se da doa\u00e7\u00e3o do terreno, por parte da prefeitura, para o Minist\u00e9rio do Desenvolvimento Regional (MDR), para a constru\u00e7\u00e3o de 200 unidades habitacionais, sendo que o terreno comporta at\u00e9 700 unidades\u201d, frisou o edil.<\/p>\n<p>O parlamentar lembrou que foi durante sua gest\u00e3o \u00e0 frente da Seinfra que foram realizadas as reuni\u00f5es com o Minist\u00e9rio, bem como a elabora\u00e7\u00e3o de projeto e candidatura de Salvador para implanta\u00e7\u00e3o do empreendimento na cidade.<br \/>\n\u201cDisputamos com 5.570 munic\u00edpios e Salvador venceu em 5\u00ba lugar no ranking nacional\u201d, comemorou. O presidente da C\u00e2mara, Geraldo Jr., afirmou que o projeto ser\u00e1 inserido na Ordem do Dia da pr\u00f3xima ter\u00e7a-feira (6\/12).<\/p>\n<p>&nbsp;<\/p>\n<div id='gallery-1' class='gallery galleryid-2445 gallery-columns-3 gallery-size-colormag-featured-image'><figure class='gallery-item'>\n\t\t\t<div class='gallery-icon landscape'>\n\t\t\t\t<a href='https:\/\/brasilnoticias.org\/site\/luiz-carlos-cobra-votacao-de-projeto-que-acelera-construcao-de-unidades-do-casa-verde-e-amarela-antigo-minha-casa-minha-vida-no-suburbio\/whatsapp-image-2022-11-29-at-18-04-45-3\/'><img loading=\"lazy\" decoding=\"async\" width=\"800\" height=\"445\" src=\"https:\/\/brasilnoticias.org\/site\/wp-content\/uploads\/2022\/11\/WhatsApp-Image-2022-11-29-at-18.04.45-3-800x445.jpeg\" class=\"attachment-colormag-featured-image size-colormag-featured-image\" alt=\"\" \/><\/a>\n\t\t\t<\/div><\/figure><figure class='gallery-item'>\n\t\t\t<div class='gallery-icon landscape'>\n\t\t\t\t<a href='https:\/\/brasilnoticias.org\/site\/luiz-carlos-cobra-votacao-de-projeto-que-acelera-construcao-de-unidades-do-casa-verde-e-amarela-antigo-minha-casa-minha-vida-no-suburbio\/whatsapp-image-2022-11-29-at-18-04-45-2\/'><img loading=\"lazy\" decoding=\"async\" width=\"800\" height=\"445\" src=\"https:\/\/brasilnoticias.org\/site\/wp-content\/uploads\/2022\/11\/WhatsApp-Image-2022-11-29-at-18.04.45-2-800x445.jpeg\" class=\"attachment-colormag-featured-image size-colormag-featured-image\" alt=\"\" \/><\/a>\n\t\t\t<\/div><\/figure><figure class='gallery-item'>\n\t\t\t<div class='gallery-icon landscape'>\n\t\t\t\t<a href='https:\/\/brasilnoticias.org\/site\/luiz-carlos-cobra-votacao-de-projeto-que-acelera-construcao-de-unidades-do-casa-verde-e-amarela-antigo-minha-casa-minha-vida-no-suburbio\/whatsapp-image-2022-11-29-at-18-04-45-1\/'><img loading=\"lazy\" decoding=\"async\" width=\"800\" height=\"445\" src=\"https:\/\/brasilnoticias.org\/site\/wp-content\/uploads\/2022\/11\/WhatsApp-Image-2022-11-29-at-18.04.45-1-800x445.jpeg\" class=\"attachment-colormag-featured-image size-colormag-featured-image\" alt=\"\" \/><\/a>\n\t\t\t<\/div><\/figure><figure class='gallery-item'>\n\t\t\t<div class='gallery-icon landscape'>\n\t\t\t\t<a href='https:\/\/brasilnoticias.org\/site\/luiz-carlos-cobra-votacao-de-projeto-que-acelera-construcao-de-unidades-do-casa-verde-e-amarela-antigo-minha-casa-minha-vida-no-suburbio\/whatsapp-image-2022-11-29-at-18-04-45\/'><img loading=\"lazy\" decoding=\"async\" width=\"800\" height=\"445\" src=\"https:\/\/brasilnoticias.org\/site\/wp-content\/uploads\/2022\/11\/WhatsApp-Image-2022-11-29-at-18.04.45-800x445.jpeg\" class=\"attachment-colormag-featured-image size-colormag-featured-image\" alt=\"\" \/><\/a>\n\t\t\t<\/div><\/figure><figure class='gallery-item'>\n\t\t\t<div class='gallery-icon landscape'>\n\t\t\t\t<a href='https:\/\/brasilnoticias.org\/site\/luiz-carlos-cobra-votacao-de-projeto-que-acelera-construcao-de-unidades-do-casa-verde-e-amarela-antigo-minha-casa-minha-vida-no-suburbio\/whatsapp-image-2022-11-29-at-18-04-44\/'><img loading=\"lazy\" decoding=\"async\" width=\"800\" height=\"445\" src=\"https:\/\/brasilnoticias.org\/site\/wp-content\/uploads\/2022\/11\/WhatsApp-Image-2022-11-29-at-18.04.44-800x445.jpeg\" class=\"attachment-colormag-featured-image size-colormag-featured-image\" alt=\"\" \/><\/a>\n\t\t\t<\/div><\/figure>\n\t\t<\/div>\n\n","protected":false},"excerpt":{"rendered":"<p>Durante Sess\u00e3o Ordin\u00e1ria realizada na tarde desta ter\u00e7a-feira (29), o vereador Luiz Carlos (Republicanos), cobrou \u00e0 Casa Legislativa a vota\u00e7\u00e3o<\/p>\n","protected":false},"author":1,"featured_media":2450,"comment_status":"open","ping_status":"open","sticky":false,"template":"","format":"standard","meta":{"colormag_page_container_layout":"default_layout","colormag_page_sidebar_layout":"default_layout","_FSMCFIC_featured_image_caption":"","_FSMCFIC_featured_image_nocaption":"","_FSMCFIC_featured_image_hide":"","footnotes":""},"categories":[5,1],"tags":[],"class_list":["post-2445","post","type-post","status-publish","format-standard","has-post-thumbnail","hentry","category-politica","category-ultimas"],"yoast_head":"<!-- This site is optimized with the Yoast SEO plugin v27.1.1 - https:\/\/yoast.com\/product\/yoast-seo-wordpress\/ -->\n<title>Luiz Carlos cobra vota\u00e7\u00e3o de projeto que acelera constru\u00e7\u00e3o de unidades do Casa Verde e Amarela, antigo Minha Casa Minha Vida, no Sub\u00farbio - Brasil not\u00edcias<\/title>\n<meta name=\"robots\" content=\"index, follow, max-snippet:-1, max-image-preview:large, max-video-preview:-1\" \/>\n<link rel=\"canonical\" href=\"https:\/\/brasilnoticias.org\/site\/luiz-carlos-cobra-votacao-de-projeto-que-acelera-construcao-de-unidades-do-casa-verde-e-amarela-antigo-minha-casa-minha-vida-no-suburbio\/\" \/>\n<meta property=\"og:locale\" content=\"pt_PT\" \/>\n<meta property=\"og:type\" content=\"article\" \/>\n<meta property=\"og:title\" content=\"Luiz Carlos cobra vota\u00e7\u00e3o de projeto que acelera constru\u00e7\u00e3o de unidades do Casa Verde e Amarela, antigo Minha Casa Minha Vida, no Sub\u00farbio - Brasil not\u00edcias\" \/>\n<meta property=\"og:description\" content=\"Durante Sess\u00e3o Ordin\u00e1ria realizada na tarde desta ter\u00e7a-feira (29), o vereador Luiz Carlos (Republicanos), cobrou \u00e0 Casa Legislativa a vota\u00e7\u00e3o\" \/>\n<meta property=\"og:url\" content=\"https:\/\/brasilnoticias.org\/site\/luiz-carlos-cobra-votacao-de-projeto-que-acelera-construcao-de-unidades-do-casa-verde-e-amarela-antigo-minha-casa-minha-vida-no-suburbio\/\" \/>\n<meta property=\"og:site_name\" content=\"Brasil not\u00edcias\" \/>\n<meta property=\"article:published_time\" content=\"2022-11-29T23:01:37+00:00\" \/>\n<meta property=\"og:image\" content=\"https:\/\/brasilnoticias.org\/site\/wp-content\/uploads\/2022\/11\/WhatsApp-Image-2022-11-29-at-18.04.44.jpeg\" \/>\n\t<meta property=\"og:image:width\" content=\"1024\" \/>\n\t<meta property=\"og:image:height\" content=\"710\" \/>\n\t<meta property=\"og:image:type\" content=\"image\/jpeg\" \/>\n<meta name=\"author\" content=\"Reda\u00e7\u00e3o\" \/>\n<meta name=\"twitter:card\" content=\"summary_large_image\" \/>\n<meta name=\"twitter:label1\" content=\"Escrito por\" \/>\n\t<meta name=\"twitter:data1\" content=\"Reda\u00e7\u00e3o\" \/>\n\t<meta name=\"twitter:label2\" content=\"Tempo estimado de leitura\" \/>\n\t<meta name=\"twitter:data2\" content=\"1 minuto\" \/>\n<script type=\"application\/ld+json\" class=\"yoast-schema-graph\">{\"@context\":\"https:\/\/schema.org\",\"@graph\":[{\"@type\":\"Article\",\"@id\":\"https:\/\/brasilnoticias.org\/site\/luiz-carlos-cobra-votacao-de-projeto-que-acelera-construcao-de-unidades-do-casa-verde-e-amarela-antigo-minha-casa-minha-vida-no-suburbio\/#article\",\"isPartOf\":{\"@id\":\"https:\/\/brasilnoticias.org\/site\/luiz-carlos-cobra-votacao-de-projeto-que-acelera-construcao-de-unidades-do-casa-verde-e-amarela-antigo-minha-casa-minha-vida-no-suburbio\/\"},\"author\":{\"name\":\"Reda\u00e7\u00e3o\",\"@id\":\"https:\/\/brasilnoticias.org\/site\/#\/schema\/person\/a0e05b973ec4d15c658d51911e53507b\"},\"headline\":\"Luiz Carlos cobra vota\u00e7\u00e3o de projeto que acelera constru\u00e7\u00e3o de unidades do Casa Verde e Amarela, antigo Minha Casa Minha Vida, no Sub\u00farbio\",\"datePublished\":\"2022-11-29T23:01:37+00:00\",\"mainEntityOfPage\":{\"@id\":\"https:\/\/brasilnoticias.org\/site\/luiz-carlos-cobra-votacao-de-projeto-que-acelera-construcao-de-unidades-do-casa-verde-e-amarela-antigo-minha-casa-minha-vida-no-suburbio\/\"},\"wordCount\":200,\"commentCount\":0,\"publisher\":{\"@id\":\"https:\/\/brasilnoticias.org\/site\/#organization\"},\"image\":{\"@id\":\"https:\/\/brasilnoticias.org\/site\/luiz-carlos-cobra-votacao-de-projeto-que-acelera-construcao-de-unidades-do-casa-verde-e-amarela-antigo-minha-casa-minha-vida-no-suburbio\/#primaryimage\"},\"thumbnailUrl\":\"https:\/\/brasilnoticias.org\/site\/wp-content\/uploads\/2022\/11\/WhatsApp-Image-2022-11-29-at-18.04.44.jpeg\",\"articleSection\":[\"Pol\u00edtica\",\"\u00daltimas\"],\"inLanguage\":\"pt-PT\",\"potentialAction\":[{\"@type\":\"CommentAction\",\"name\":\"Comment\",\"target\":[\"https:\/\/brasilnoticias.org\/site\/luiz-carlos-cobra-votacao-de-projeto-que-acelera-construcao-de-unidades-do-casa-verde-e-amarela-antigo-minha-casa-minha-vida-no-suburbio\/#respond\"]}]},{\"@type\":\"WebPage\",\"@id\":\"https:\/\/brasilnoticias.org\/site\/luiz-carlos-cobra-votacao-de-projeto-que-acelera-construcao-de-unidades-do-casa-verde-e-amarela-antigo-minha-casa-minha-vida-no-suburbio\/\",\"url\":\"https:\/\/brasilnoticias.org\/site\/luiz-carlos-cobra-votacao-de-projeto-que-acelera-construcao-de-unidades-do-casa-verde-e-amarela-antigo-minha-casa-minha-vida-no-suburbio\/\",\"name\":\"Luiz Carlos cobra vota\u00e7\u00e3o de projeto que acelera constru\u00e7\u00e3o de unidades do Casa Verde e Amarela, antigo Minha Casa Minha Vida, no Sub\u00farbio - Brasil not\u00edcias\",\"isPartOf\":{\"@id\":\"https:\/\/brasilnoticias.org\/site\/#website\"},\"primaryImageOfPage\":{\"@id\":\"https:\/\/brasilnoticias.org\/site\/luiz-carlos-cobra-votacao-de-projeto-que-acelera-construcao-de-unidades-do-casa-verde-e-amarela-antigo-minha-casa-minha-vida-no-suburbio\/#primaryimage\"},\"image\":{\"@id\":\"https:\/\/brasilnoticias.org\/site\/luiz-carlos-cobra-votacao-de-projeto-que-acelera-construcao-de-unidades-do-casa-verde-e-amarela-antigo-minha-casa-minha-vida-no-suburbio\/#primaryimage\"},\"thumbnailUrl\":\"https:\/\/brasilnoticias.org\/site\/wp-content\/uploads\/2022\/11\/WhatsApp-Image-2022-11-29-at-18.04.44.jpeg\",\"datePublished\":\"2022-11-29T23:01:37+00:00\",\"breadcrumb\":{\"@id\":\"https:\/\/brasilnoticias.org\/site\/luiz-carlos-cobra-votacao-de-projeto-que-acelera-construcao-de-unidades-do-casa-verde-e-amarela-antigo-minha-casa-minha-vida-no-suburbio\/#breadcrumb\"},\"inLanguage\":\"pt-PT\",\"potentialAction\":[{\"@type\":\"ReadAction\",\"target\":[\"https:\/\/brasilnoticias.org\/site\/luiz-carlos-cobra-votacao-de-projeto-que-acelera-construcao-de-unidades-do-casa-verde-e-amarela-antigo-minha-casa-minha-vida-no-suburbio\/\"]}]},{\"@type\":\"ImageObject\",\"inLanguage\":\"pt-PT\",\"@id\":\"https:\/\/brasilnoticias.org\/site\/luiz-carlos-cobra-votacao-de-projeto-que-acelera-construcao-de-unidades-do-casa-verde-e-amarela-antigo-minha-casa-minha-vida-no-suburbio\/#primaryimage\",\"url\":\"https:\/\/brasilnoticias.org\/site\/wp-content\/uploads\/2022\/11\/WhatsApp-Image-2022-11-29-at-18.04.44.jpeg\",\"contentUrl\":\"https:\/\/brasilnoticias.org\/site\/wp-content\/uploads\/2022\/11\/WhatsApp-Image-2022-11-29-at-18.04.44.jpeg\",\"width\":1024,\"height\":710},{\"@type\":\"BreadcrumbList\",\"@id\":\"https:\/\/brasilnoticias.org\/site\/luiz-carlos-cobra-votacao-de-projeto-que-acelera-construcao-de-unidades-do-casa-verde-e-amarela-antigo-minha-casa-minha-vida-no-suburbio\/#breadcrumb\",\"itemListElement\":[{\"@type\":\"ListItem\",\"position\":1,\"name\":\"In\u00edcio\",\"item\":\"https:\/\/brasilnoticias.org\/site\/\"},{\"@type\":\"ListItem\",\"position\":2,\"name\":\"Luiz Carlos cobra vota\u00e7\u00e3o de projeto que acelera constru\u00e7\u00e3o de unidades do Casa Verde e Amarela, antigo Minha Casa Minha Vida, no Sub\u00farbio\"}]},{\"@type\":\"WebSite\",\"@id\":\"https:\/\/brasilnoticias.org\/site\/#website\",\"url\":\"https:\/\/brasilnoticias.org\/site\/\",\"name\":\"Brasil not\u00edcias\",\"description\":\"Brasil not\u00edcias\",\"publisher\":{\"@id\":\"https:\/\/brasilnoticias.org\/site\/#organization\"},\"potentialAction\":[{\"@type\":\"SearchAction\",\"target\":{\"@type\":\"EntryPoint\",\"urlTemplate\":\"https:\/\/brasilnoticias.org\/site\/?s={search_term_string}\"},\"query-input\":{\"@type\":\"PropertyValueSpecification\",\"valueRequired\":true,\"valueName\":\"search_term_string\"}}],\"inLanguage\":\"pt-PT\"},{\"@type\":\"Organization\",\"@id\":\"https:\/\/brasilnoticias.org\/site\/#organization\",\"name\":\"Brasil not\u00edcias\",\"url\":\"https:\/\/brasilnoticias.org\/site\/\",\"logo\":{\"@type\":\"ImageObject\",\"inLanguage\":\"pt-PT\",\"@id\":\"https:\/\/brasilnoticias.org\/site\/#\/schema\/logo\/image\/\",\"url\":\"https:\/\/brasilnoticias.org\/site\/wp-content\/uploads\/2022\/05\/cropped-brasilnoticias-mini.jpg\",\"contentUrl\":\"https:\/\/brasilnoticias.org\/site\/wp-content\/uploads\/2022\/05\/cropped-brasilnoticias-mini.jpg\",\"width\":314,\"height\":86,\"caption\":\"Brasil not\u00edcias\"},\"image\":{\"@id\":\"https:\/\/brasilnoticias.org\/site\/#\/schema\/logo\/image\/\"}},{\"@type\":\"Person\",\"@id\":\"https:\/\/brasilnoticias.org\/site\/#\/schema\/person\/a0e05b973ec4d15c658d51911e53507b\",\"name\":\"Reda\u00e7\u00e3o\",\"image\":{\"@type\":\"ImageObject\",\"inLanguage\":\"pt-PT\",\"@id\":\"https:\/\/brasilnoticias.org\/site\/#\/schema\/person\/image\/\",\"url\":\"https:\/\/secure.gravatar.com\/avatar\/75d8b050df2de108b08ae78dfb8e374892df24a383c67db9c46a9c604f6aee9c?s=96&d=mm&r=g\",\"contentUrl\":\"https:\/\/secure.gravatar.com\/avatar\/75d8b050df2de108b08ae78dfb8e374892df24a383c67db9c46a9c604f6aee9c?s=96&d=mm&r=g\",\"caption\":\"Reda\u00e7\u00e3o\"},\"sameAs\":[\"https:\/\/brasilnoticias.org\/site\"],\"url\":\"https:\/\/brasilnoticias.org\/site\/author\/fernandozsngmail-com\/\"}]}<\/script>\n<!-- \/ Yoast SEO plugin. -->","yoast_head_json":{"title":"Luiz Carlos cobra vota\u00e7\u00e3o de projeto que acelera constru\u00e7\u00e3o de unidades do Casa Verde e Amarela, antigo Minha Casa Minha Vida, no Sub\u00farbio - Brasil not\u00edcias","robots":{"index":"index","follow":"follow","max-snippet":"max-snippet:-1","max-image-preview":"max-image-preview:large","max-video-preview":"max-video-preview:-1"},"canonical":"https:\/\/brasilnoticias.org\/site\/luiz-carlos-cobra-votacao-de-projeto-que-acelera-construcao-de-unidades-do-casa-verde-e-amarela-antigo-minha-casa-minha-vida-no-suburbio\/","og_locale":"pt_PT","og_type":"article","og_title":"Luiz Carlos cobra vota\u00e7\u00e3o de projeto que acelera constru\u00e7\u00e3o de unidades do Casa Verde e Amarela, antigo Minha Casa Minha Vida, no Sub\u00farbio - Brasil not\u00edcias","og_description":"Durante Sess\u00e3o Ordin\u00e1ria realizada na tarde desta ter\u00e7a-feira (29), o vereador Luiz Carlos (Republicanos), cobrou \u00e0 Casa Legislativa a vota\u00e7\u00e3o","og_url":"https:\/\/brasilnoticias.org\/site\/luiz-carlos-cobra-votacao-de-projeto-que-acelera-construcao-de-unidades-do-casa-verde-e-amarela-antigo-minha-casa-minha-vida-no-suburbio\/","og_site_name":"Brasil not\u00edcias","article_published_time":"2022-11-29T23:01:37+00:00","og_image":[{"width":1024,"height":710,"url":"https:\/\/brasilnoticias.org\/site\/wp-content\/uploads\/2022\/11\/WhatsApp-Image-2022-11-29-at-18.04.44.jpeg","type":"image\/jpeg"}],"author":"Reda\u00e7\u00e3o","twitter_card":"summary_large_image","twitter_misc":{"Escrito por":"Reda\u00e7\u00e3o","Tempo estimado de leitura":"1 minuto"},"schema":{"@context":"https:\/\/schema.org","@graph":[{"@type":"Article","@id":"https:\/\/brasilnoticias.org\/site\/luiz-carlos-cobra-votacao-de-projeto-que-acelera-construcao-de-unidades-do-casa-verde-e-amarela-antigo-minha-casa-minha-vida-no-suburbio\/#article","isPartOf":{"@id":"https:\/\/brasilnoticias.org\/site\/luiz-carlos-cobra-votacao-de-projeto-que-acelera-construcao-de-unidades-do-casa-verde-e-amarela-antigo-minha-casa-minha-vida-no-suburbio\/"},"author":{"name":"Reda\u00e7\u00e3o","@id":"https:\/\/brasilnoticias.org\/site\/#\/schema\/person\/a0e05b973ec4d15c658d51911e53507b"},"headline":"Luiz Carlos cobra vota\u00e7\u00e3o de projeto que acelera constru\u00e7\u00e3o de unidades do Casa Verde e Amarela, antigo Minha Casa Minha Vida, no Sub\u00farbio","datePublished":"2022-11-29T23:01:37+00:00","mainEntityOfPage":{"@id":"https:\/\/brasilnoticias.org\/site\/luiz-carlos-cobra-votacao-de-projeto-que-acelera-construcao-de-unidades-do-casa-verde-e-amarela-antigo-minha-casa-minha-vida-no-suburbio\/"},"wordCount":200,"commentCount":0,"publisher":{"@id":"https:\/\/brasilnoticias.org\/site\/#organization"},"image":{"@id":"https:\/\/brasilnoticias.org\/site\/luiz-carlos-cobra-votacao-de-projeto-que-acelera-construcao-de-unidades-do-casa-verde-e-amarela-antigo-minha-casa-minha-vida-no-suburbio\/#primaryimage"},"thumbnailUrl":"https:\/\/brasilnoticias.org\/site\/wp-content\/uploads\/2022\/11\/WhatsApp-Image-2022-11-29-at-18.04.44.jpeg","articleSection":["Pol\u00edtica","\u00daltimas"],"inLanguage":"pt-PT","potentialAction":[{"@type":"CommentAction","name":"Comment","target":["https:\/\/brasilnoticias.org\/site\/luiz-carlos-cobra-votacao-de-projeto-que-acelera-construcao-de-unidades-do-casa-verde-e-amarela-antigo-minha-casa-minha-vida-no-suburbio\/#respond"]}]},{"@type":"WebPage","@id":"https:\/\/brasilnoticias.org\/site\/luiz-carlos-cobra-votacao-de-projeto-que-acelera-construcao-de-unidades-do-casa-verde-e-amarela-antigo-minha-casa-minha-vida-no-suburbio\/","url":"https:\/\/brasilnoticias.org\/site\/luiz-carlos-cobra-votacao-de-projeto-que-acelera-construcao-de-unidades-do-casa-verde-e-amarela-antigo-minha-casa-minha-vida-no-suburbio\/","name":"Luiz Carlos cobra vota\u00e7\u00e3o de projeto que acelera constru\u00e7\u00e3o de unidades do Casa Verde e Amarela, antigo Minha Casa Minha Vida, no Sub\u00farbio - Brasil not\u00edcias","isPartOf":{"@id":"https:\/\/brasilnoticias.org\/site\/#website"},"primaryImageOfPage":{"@id":"https:\/\/brasilnoticias.org\/site\/luiz-carlos-cobra-votacao-de-projeto-que-acelera-construcao-de-unidades-do-casa-verde-e-amarela-antigo-minha-casa-minha-vida-no-suburbio\/#primaryimage"},"image":{"@id":"https:\/\/brasilnoticias.org\/site\/luiz-carlos-cobra-votacao-de-projeto-que-acelera-construcao-de-unidades-do-casa-verde-e-amarela-antigo-minha-casa-minha-vida-no-suburbio\/#primaryimage"},"thumbnailUrl":"https:\/\/brasilnoticias.org\/site\/wp-content\/uploads\/2022\/11\/WhatsApp-Image-2022-11-29-at-18.04.44.jpeg","datePublished":"2022-11-29T23:01:37+00:00","breadcrumb":{"@id":"https:\/\/brasilnoticias.org\/site\/luiz-carlos-cobra-votacao-de-projeto-que-acelera-construcao-de-unidades-do-casa-verde-e-amarela-antigo-minha-casa-minha-vida-no-suburbio\/#breadcrumb"},"inLanguage":"pt-PT","potentialAction":[{"@type":"ReadAction","target":["https:\/\/brasilnoticias.org\/site\/luiz-carlos-cobra-votacao-de-projeto-que-acelera-construcao-de-unidades-do-casa-verde-e-amarela-antigo-minha-casa-minha-vida-no-suburbio\/"]}]},{"@type":"ImageObject","inLanguage":"pt-PT","@id":"https:\/\/brasilnoticias.org\/site\/luiz-carlos-cobra-votacao-de-projeto-que-acelera-construcao-de-unidades-do-casa-verde-e-amarela-antigo-minha-casa-minha-vida-no-suburbio\/#primaryimage","url":"https:\/\/brasilnoticias.org\/site\/wp-content\/uploads\/2022\/11\/WhatsApp-Image-2022-11-29-at-18.04.44.jpeg","contentUrl":"https:\/\/brasilnoticias.org\/site\/wp-content\/uploads\/2022\/11\/WhatsApp-Image-2022-11-29-at-18.04.44.jpeg","width":1024,"height":710},{"@type":"BreadcrumbList","@id":"https:\/\/brasilnoticias.org\/site\/luiz-carlos-cobra-votacao-de-projeto-que-acelera-construcao-de-unidades-do-casa-verde-e-amarela-antigo-minha-casa-minha-vida-no-suburbio\/#breadcrumb","itemListElement":[{"@type":"ListItem","position":1,"name":"In\u00edcio","item":"https:\/\/brasilnoticias.org\/site\/"},{"@type":"ListItem","position":2,"name":"Luiz Carlos cobra vota\u00e7\u00e3o de projeto que acelera constru\u00e7\u00e3o de unidades do Casa Verde e Amarela, antigo Minha Casa Minha Vida, no Sub\u00farbio"}]},{"@type":"WebSite","@id":"https:\/\/brasilnoticias.org\/site\/#website","url":"https:\/\/brasilnoticias.org\/site\/","name":"Brasil not\u00edcias","description":"Brasil not\u00edcias","publisher":{"@id":"https:\/\/brasilnoticias.org\/site\/#organization"},"potentialAction":[{"@type":"SearchAction","target":{"@type":"EntryPoint","urlTemplate":"https:\/\/brasilnoticias.org\/site\/?s={search_term_string}"},"query-input":{"@type":"PropertyValueSpecification","valueRequired":true,"valueName":"search_term_string"}}],"inLanguage":"pt-PT"},{"@type":"Organization","@id":"https:\/\/brasilnoticias.org\/site\/#organization","name":"Brasil not\u00edcias","url":"https:\/\/brasilnoticias.org\/site\/","logo":{"@type":"ImageObject","inLanguage":"pt-PT","@id":"https:\/\/brasilnoticias.org\/site\/#\/schema\/logo\/image\/","url":"https:\/\/brasilnoticias.org\/site\/wp-content\/uploads\/2022\/05\/cropped-brasilnoticias-mini.jpg","contentUrl":"https:\/\/brasilnoticias.org\/site\/wp-content\/uploads\/2022\/05\/cropped-brasilnoticias-mini.jpg","width":314,"height":86,"caption":"Brasil not\u00edcias"},"image":{"@id":"https:\/\/brasilnoticias.org\/site\/#\/schema\/logo\/image\/"}},{"@type":"Person","@id":"https:\/\/brasilnoticias.org\/site\/#\/schema\/person\/a0e05b973ec4d15c658d51911e53507b","name":"Reda\u00e7\u00e3o","image":{"@type":"ImageObject","inLanguage":"pt-PT","@id":"https:\/\/brasilnoticias.org\/site\/#\/schema\/person\/image\/","url":"https:\/\/secure.gravatar.com\/avatar\/75d8b050df2de108b08ae78dfb8e374892df24a383c67db9c46a9c604f6aee9c?s=96&d=mm&r=g","contentUrl":"https:\/\/secure.gravatar.com\/avatar\/75d8b050df2de108b08ae78dfb8e374892df24a383c67db9c46a9c604f6aee9c?s=96&d=mm&r=g","caption":"Reda\u00e7\u00e3o"},"sameAs":["https:\/\/brasilnoticias.org\/site"],"url":"https:\/\/brasilnoticias.org\/site\/author\/fernandozsngmail-com\/"}]}},"_links":{"self":[{"href":"https:\/\/brasilnoticias.org\/site\/wp-json\/wp\/v2\/posts\/2445","targetHints":{"allow":["GET"]}}],"collection":[{"href":"https:\/\/brasilnoticias.org\/site\/wp-json\/wp\/v2\/posts"}],"about":[{"href":"https:\/\/brasilnoticias.org\/site\/wp-json\/wp\/v2\/types\/post"}],"author":[{"embeddable":true,"href":"https:\/\/brasilnoticias.org\/site\/wp-json\/wp\/v2\/users\/1"}],"replies":[{"embeddable":true,"href":"https:\/\/brasilnoticias.org\/site\/wp-json\/wp\/v2\/comments?post=2445"}],"version-history":[{"count":1,"href":"https:\/\/brasilnoticias.org\/site\/wp-json\/wp\/v2\/posts\/2445\/revisions"}],"predecessor-version":[{"id":2452,"href":"https:\/\/brasilnoticias.org\/site\/wp-json\/wp\/v2\/posts\/2445\/revisions\/2452"}],"wp:featuredmedia":[{"embeddable":true,"href":"https:\/\/brasilnoticias.org\/site\/wp-json\/wp\/v2\/media\/2450"}],"wp:attachment":[{"href":"https:\/\/brasilnoticias.org\/site\/wp-json\/wp\/v2\/media?parent=2445"}],"wp:term":[{"taxonomy":"category","embeddable":true,"href":"https:\/\/brasilnoticias.org\/site\/wp-json\/wp\/v2\/categories?post=2445"},{"taxonomy":"post_tag","embeddable":true,"href":"https:\/\/brasilnoticias.org\/site\/wp-json\/wp\/v2\/tags?post=2445"}],"curies":[{"name":"wp","href":"https:\/\/api.w.org\/{rel}","templated":true}]}}